{"id":5011,"date":"2017-01-09T08:15:07","date_gmt":"2017-01-09T07:15:07","guid":{"rendered":"https:\/\/www.euroakademie.de\/magazin\/?p=5011"},"modified":"2025-02-05T15:01:13","modified_gmt":"2025-02-05T14:01:13","slug":"link-und-lesetipp-kita-und-schulessen-bald-im-tuev","status":"publish","type":"post","link":"https:\/\/www.euroakademie.de\/magazin\/link-und-lesetipp-kita-und-schulessen-bald-im-tuev\/","title":{"rendered":"Link- und Lesetipp: Kita- und Schulessen bald im T\u00dcV?"},"content":{"rendered":"<p>\t\t\t\t<![CDATA[<strong>Vergangene Woche forderte Christian Schmidt, Bundesminister f\u00fcr Ern\u00e4hrung und Landwirtschaft, dass das Kita- und Schulessen auf den Pr\u00fcfstand geschickt wird. Daf\u00fcr sollen die zuliefernden Unternehmen verbindliche Auflagen einhalten m\u00fcssen, den Caterer-T\u00dcV.<\/strong>\n\nDie Vereinbarkeit von Familie und Beruf ist schon seit einer ganzen Weile in aller Munde und immer noch nicht vollst\u00e4ndig erreicht. Doch auf dem Weg zu diesem Ziel werden Ganztagsschulen, ob offen oder gebunden, stetig beliebter. So sind die Kleinen versorgt, werden an bis zu vier, teilweise sogar an f\u00fcnf Nachmittagen betreut, erledigen dort die Hausaufgaben, machen Sport und Spiele und bekommen ein Mittagessen. Selbst die Kinder, die keine Ganztagsschule besuchen, haben regelm\u00e4\u00dfig Nachmittagsunterricht, vor dem sie ebenfalls in der Schule essen.\n\nKein Wunder also, dass die Eltern einen kritischen Blick auf die Kost in Kita und Schule werfen. Wenn sie in diesen F\u00e4llen schon selbst keinen Einfluss auf die Ern\u00e4hrung ihrer Kinder nehmen k\u00f6nnen, soll doch zumindest die Qualit\u00e4t gut sein.\n\n\n<h2>Wunsch nach qualitativem Kita- und Schulessen<\/h2>\n\n\nDiese Einstellung zeichnet sich im Ern\u00e4hrungsreport ab, der eine Umfrage mit Daten des Sozialforschungsinstituts Forsa enth\u00e4lt. Laut dem Artikel <a href=\"https:\/\/rp-online.de\/politik\/deutschland\/ernaehrungsminister-christian-schmidt-fordert-tuev-fuer-schul-caterer_aid-17779759\" target=\"_blank\" rel=\"noopener\">\u201eErn\u00e4hrungsminister Christian Schmidt fordert T\u00dcV f\u00fcr Kita- und Schul-Caterer\u201c<\/a> der Rheinischen Post vom 3. Januar bef\u00fcrworteten 90 Prozent der Studienteilnehmer verbindliche Standards f\u00fcr das Kita- und Schulessen. 70 Prozent best\u00e4tigten au\u00dferdem, dass sie f\u00fcr Bio-Kost auch bereit w\u00e4ren, mehr zu zahlen.\n\nDarauf reagierte Schmidt mit der Forderung nach einem Caterer-T\u00dcV. Dies soll die Qualit\u00e4t der Gerichte und vor allem der Zutaten erh\u00f6hen.\n\n<strong>Das k\u00f6nnte Sie auch interesieren:<\/strong>\n<a href=\"https:\/\/www.euroakademie.de\/magazin\/zuckersteuer-auf-cola-co-ist-ein-diktat-wirksamer-als-die-vernunft\/\">Zuckersteuer auf Cola &amp; Co. \u2013 Ist ein Diktat wirksamer als die Vernunft?<\/a>\n<a href=\"https:\/\/www.euroakademie.de\/magazin\/10-tipps-die-das-immunsystem-staerken\/\">10 Tipps, die das Immunsystem st\u00e4rken<\/a>]]>\t\t<\/p>\n","protected":false},"excerpt":{"rendered":"<p>\t\t\t\t<![CDATA[]]>\t\t<\/p>\n","protected":false},"author":7,"featured_media":5014,"comment_status":"closed","ping_status":"closed","sticky":false,"template":"","format":"standard","meta":{"footnotes":""},"categories":[139,19],"tags":[2542,2632,3328,4582,4591,5725,7255,7288],"class_list":{"0":"post-5011","1":"post","2":"type-post","3":"status-publish","4":"format-standard","5":"has-post-thumbnail","7":"category-lesetipps","8":"category-paedagogik-soziales","9":"tag-ernaehrung","10":"tag-essen","11":"tag-ganztagsschule","12":"tag-kita","13":"tag-kitaessen","14":"tag-mittagessen","15":"tag-schule","16":"tag-schulessen"},"yoast_head":"<!-- This site is optimized with the Yoast SEO plugin v23.5 - https:\/\/yoast.com\/wordpress\/plugins\/seo\/ -->\n<title>Link- und Lesetipp: Kita- und Schulessen bald im T\u00dcV?<\/title>\n<meta name=\"description\" content=\"Christian Schmidt, Bundesminister f\u00fcr Ern\u00e4hrung und Landwirtschaft, fordert, dass das Kita- und Schulessen auf den Pr\u00fcfstand geschickt wird.\" \/>\n<meta name=\"robots\" content=\"index, follow, max-snippet:-1, max-image-preview:large, max-video-preview:-1\" \/>\n<link rel=\"canonical\" href=\"https:\/\/www.euroakademie.de\/magazin\/link-und-lesetipp-kita-und-schulessen-bald-im-tuev\/\" \/>\n<meta property=\"og:locale\" content=\"de_DE\" \/>\n<meta property=\"og:type\" content=\"article\" \/>\n<meta property=\"og:title\" content=\"Link- und Lesetipp: Kita- und Schulessen bald im T\u00dcV?\" \/>\n<meta property=\"og:description\" content=\"Christian Schmidt, Bundesminister f\u00fcr Ern\u00e4hrung und Landwirtschaft, fordert, dass das Kita- und Schulessen auf den Pr\u00fcfstand geschickt wird.\" \/>\n<meta property=\"og:url\" content=\"https:\/\/www.euroakademie.de\/magazin\/link-und-lesetipp-kita-und-schulessen-bald-im-tuev\/\" \/>\n<meta property=\"og:site_name\" content=\"Das Euro Akademie Magazin\" \/>\n<meta property=\"article:published_time\" content=\"2017-01-09T07:15:07+00:00\" \/>\n<meta property=\"article:modified_time\" content=\"2025-02-05T14:01:13+00:00\" \/>\n<meta property=\"og:image\" content=\"https:\/\/www.euroakademie.de\/magazin\/wp-content\/uploads\/2017\/01\/spaghetti-1260818_1920_702x336-web.jpg\" \/>\n\t<meta property=\"og:image:width\" content=\"702\" \/>\n\t<meta property=\"og:image:height\" content=\"336\" \/>\n\t<meta property=\"og:image:type\" content=\"image\/jpeg\" \/>\n<meta name=\"author\" content=\"Redaktion\" \/>\n<meta name=\"twitter:card\" content=\"summary_large_image\" \/>\n<meta name=\"twitter:label1\" content=\"Verfasst von\" \/>\n\t<meta name=\"twitter:data1\" content=\"Redaktion\" \/>\n\t<meta name=\"twitter:label2\" content=\"Gesch\u00e4tzte Lesezeit\" \/>\n\t<meta name=\"twitter:data2\" content=\"1\u00a0Minute\" \/>\n<script type=\"application\/ld+json\" class=\"yoast-schema-graph\">{\"@context\":\"https:\/\/schema.org\",\"@graph\":[{\"@type\":\"Article\",\"@id\":\"https:\/\/www.euroakademie.de\/magazin\/link-und-lesetipp-kita-und-schulessen-bald-im-tuev\/#article\",\"isPartOf\":{\"@id\":\"https:\/\/www.euroakademie.de\/magazin\/link-und-lesetipp-kita-und-schulessen-bald-im-tuev\/\"},\"author\":{\"name\":\"Redaktion\",\"@id\":\"https:\/\/www.euroakademie.de\/magazin\/#\/schema\/person\/6c9b7b6db765ee31640d80c936be3686\"},\"headline\":\"Link- und Lesetipp: Kita- und Schulessen bald im T\u00dcV?\",\"datePublished\":\"2017-01-09T07:15:07+00:00\",\"dateModified\":\"2025-02-05T14:01:13+00:00\",\"mainEntityOfPage\":{\"@id\":\"https:\/\/www.euroakademie.de\/magazin\/link-und-lesetipp-kita-und-schulessen-bald-im-tuev\/\"},\"wordCount\":298,\"publisher\":{\"@id\":\"https:\/\/www.euroakademie.de\/magazin\/#organization\"},\"image\":{\"@id\":\"https:\/\/www.euroakademie.de\/magazin\/link-und-lesetipp-kita-und-schulessen-bald-im-tuev\/#primaryimage\"},\"thumbnailUrl\":\"https:\/\/www.euroakademie.de\/magazin\/wp-content\/uploads\/2017\/01\/spaghetti-1260818_1920_702x336-web.jpg\",\"keywords\":[\"Ern\u00e4hrung\",\"essen\",\"Ganztagsschule\",\"Kita\",\"Kitaessen\",\"Mittagessen\",\"Schule\",\"Schulessen\"],\"articleSection\":[\"Link- und Lesetipps\",\"P\u00e4dagogik &amp; Soziales\"],\"inLanguage\":\"de\"},{\"@type\":\"WebPage\",\"@id\":\"https:\/\/www.euroakademie.de\/magazin\/link-und-lesetipp-kita-und-schulessen-bald-im-tuev\/\",\"url\":\"https:\/\/www.euroakademie.de\/magazin\/link-und-lesetipp-kita-und-schulessen-bald-im-tuev\/\",\"name\":\"Link- und Lesetipp: Kita- und Schulessen bald im T\u00dcV?\",\"isPartOf\":{\"@id\":\"https:\/\/www.euroakademie.de\/magazin\/#website\"},\"primaryImageOfPage\":{\"@id\":\"https:\/\/www.euroakademie.de\/magazin\/link-und-lesetipp-kita-und-schulessen-bald-im-tuev\/#primaryimage\"},\"image\":{\"@id\":\"https:\/\/www.euroakademie.de\/magazin\/link-und-lesetipp-kita-und-schulessen-bald-im-tuev\/#primaryimage\"},\"thumbnailUrl\":\"https:\/\/www.euroakademie.de\/magazin\/wp-content\/uploads\/2017\/01\/spaghetti-1260818_1920_702x336-web.jpg\",\"datePublished\":\"2017-01-09T07:15:07+00:00\",\"dateModified\":\"2025-02-05T14:01:13+00:00\",\"description\":\"Christian Schmidt, Bundesminister f\u00fcr Ern\u00e4hrung und Landwirtschaft, fordert, dass das Kita- und Schulessen auf den Pr\u00fcfstand geschickt wird.\",\"breadcrumb\":{\"@id\":\"https:\/\/www.euroakademie.de\/magazin\/link-und-lesetipp-kita-und-schulessen-bald-im-tuev\/#breadcrumb\"},\"inLanguage\":\"de\",\"potentialAction\":[{\"@type\":\"ReadAction\",\"target\":[\"https:\/\/www.euroakademie.de\/magazin\/link-und-lesetipp-kita-und-schulessen-bald-im-tuev\/\"]}]},{\"@type\":\"ImageObject\",\"inLanguage\":\"de\",\"@id\":\"https:\/\/www.euroakademie.de\/magazin\/link-und-lesetipp-kita-und-schulessen-bald-im-tuev\/#primaryimage\",\"url\":\"https:\/\/www.euroakademie.de\/magazin\/wp-content\/uploads\/2017\/01\/spaghetti-1260818_1920_702x336-web.jpg\",\"contentUrl\":\"https:\/\/www.euroakademie.de\/magazin\/wp-content\/uploads\/2017\/01\/spaghetti-1260818_1920_702x336-web.jpg\",\"width\":702,\"height\":336,\"caption\":\"\"},{\"@type\":\"BreadcrumbList\",\"@id\":\"https:\/\/www.euroakademie.de\/magazin\/link-und-lesetipp-kita-und-schulessen-bald-im-tuev\/#breadcrumb\",\"itemListElement\":[{\"@type\":\"ListItem\",\"position\":1,\"name\":\"Startseite\",\"item\":\"https:\/\/www.euroakademie.de\/magazin\/\"},{\"@type\":\"ListItem\",\"position\":2,\"name\":\"Link- und Lesetipp: Kita- und Schulessen bald im T\u00dcV?\"}]},{\"@type\":\"WebSite\",\"@id\":\"https:\/\/www.euroakademie.de\/magazin\/#website\",\"url\":\"https:\/\/www.euroakademie.de\/magazin\/\",\"name\":\"Das Euro Akademie Magazin\",\"description\":\"Gut informiert durch Ausbildung und Studium\",\"publisher\":{\"@id\":\"https:\/\/www.euroakademie.de\/magazin\/#organization\"},\"potentialAction\":[{\"@type\":\"SearchAction\",\"target\":{\"@type\":\"EntryPoint\",\"urlTemplate\":\"https:\/\/www.euroakademie.de\/magazin\/?s={search_term_string}\"},\"query-input\":{\"@type\":\"PropertyValueSpecification\",\"valueRequired\":true,\"valueName\":\"search_term_string\"}}],\"inLanguage\":\"de\"},{\"@type\":\"Organization\",\"@id\":\"https:\/\/www.euroakademie.de\/magazin\/#organization\",\"name\":\"ESO Education Group\",\"url\":\"https:\/\/www.euroakademie.de\/magazin\/\",\"logo\":{\"@type\":\"ImageObject\",\"inLanguage\":\"de\",\"@id\":\"https:\/\/www.euroakademie.de\/magazin\/#\/schema\/logo\/image\/\",\"url\":\"https:\/\/relaunch.euroakademie.de\/magazin\/wp-content\/uploads\/2024\/11\/Logo_EA_negativ_Rahmen_5cm_300dpi_RGB.jpg\",\"contentUrl\":\"https:\/\/relaunch.euroakademie.de\/magazin\/wp-content\/uploads\/2024\/11\/Logo_EA_negativ_Rahmen_5cm_300dpi_RGB.jpg\",\"width\":591,\"height\":236,\"caption\":\"ESO Education Group\"},\"image\":{\"@id\":\"https:\/\/www.euroakademie.de\/magazin\/#\/schema\/logo\/image\/\"}},{\"@type\":\"Person\",\"@id\":\"https:\/\/www.euroakademie.de\/magazin\/#\/schema\/person\/6c9b7b6db765ee31640d80c936be3686\",\"name\":\"Redaktion\",\"description\":\"Die Redaktion des Euro Akademie Magazins h\u00e4lt Sie regelm\u00e4\u00dfig mit hintergr\u00fcndigen Artikeln auf dem Laufenden. Auf Basis einer fundierten Recherche und mit Spa\u00df am Schreiben erstellen die Redakteur*innen informative und unterhaltsame Inhalte f\u00fcr Sie.\",\"url\":\"https:\/\/www.euroakademie.de\/magazin\/author\/redaktion\/\"}]}<\/script>\n<!-- \/ Yoast SEO plugin. -->","yoast_head_json":{"title":"Link- und Lesetipp: Kita- und Schulessen bald im T\u00dcV?","description":"Christian Schmidt, Bundesminister f\u00fcr Ern\u00e4hrung und Landwirtschaft, fordert, dass das Kita- und Schulessen auf den Pr\u00fcfstand geschickt wird.","robots":{"index":"index","follow":"follow","max-snippet":"max-snippet:-1","max-image-preview":"max-image-preview:large","max-video-preview":"max-video-preview:-1"},"canonical":"https:\/\/www.euroakademie.de\/magazin\/link-und-lesetipp-kita-und-schulessen-bald-im-tuev\/","og_locale":"de_DE","og_type":"article","og_title":"Link- und Lesetipp: Kita- und Schulessen bald im T\u00dcV?","og_description":"Christian Schmidt, Bundesminister f\u00fcr Ern\u00e4hrung und Landwirtschaft, fordert, dass das Kita- und Schulessen auf den Pr\u00fcfstand geschickt wird.","og_url":"https:\/\/www.euroakademie.de\/magazin\/link-und-lesetipp-kita-und-schulessen-bald-im-tuev\/","og_site_name":"Das Euro Akademie Magazin","article_published_time":"2017-01-09T07:15:07+00:00","article_modified_time":"2025-02-05T14:01:13+00:00","og_image":[{"width":702,"height":336,"url":"https:\/\/www.euroakademie.de\/magazin\/wp-content\/uploads\/2017\/01\/spaghetti-1260818_1920_702x336-web.jpg","type":"image\/jpeg"}],"author":"Redaktion","twitter_card":"summary_large_image","twitter_misc":{"Verfasst von":"Redaktion","Gesch\u00e4tzte Lesezeit":"1\u00a0Minute"},"schema":{"@context":"https:\/\/schema.org","@graph":[{"@type":"Article","@id":"https:\/\/www.euroakademie.de\/magazin\/link-und-lesetipp-kita-und-schulessen-bald-im-tuev\/#article","isPartOf":{"@id":"https:\/\/www.euroakademie.de\/magazin\/link-und-lesetipp-kita-und-schulessen-bald-im-tuev\/"},"author":{"name":"Redaktion","@id":"https:\/\/www.euroakademie.de\/magazin\/#\/schema\/person\/6c9b7b6db765ee31640d80c936be3686"},"headline":"Link- und Lesetipp: Kita- und Schulessen bald im T\u00dcV?","datePublished":"2017-01-09T07:15:07+00:00","dateModified":"2025-02-05T14:01:13+00:00","mainEntityOfPage":{"@id":"https:\/\/www.euroakademie.de\/magazin\/link-und-lesetipp-kita-und-schulessen-bald-im-tuev\/"},"wordCount":298,"publisher":{"@id":"https:\/\/www.euroakademie.de\/magazin\/#organization"},"image":{"@id":"https:\/\/www.euroakademie.de\/magazin\/link-und-lesetipp-kita-und-schulessen-bald-im-tuev\/#primaryimage"},"thumbnailUrl":"https:\/\/www.euroakademie.de\/magazin\/wp-content\/uploads\/2017\/01\/spaghetti-1260818_1920_702x336-web.jpg","keywords":["Ern\u00e4hrung","essen","Ganztagsschule","Kita","Kitaessen","Mittagessen","Schule","Schulessen"],"articleSection":["Link- und Lesetipps","P\u00e4dagogik &amp; Soziales"],"inLanguage":"de"},{"@type":"WebPage","@id":"https:\/\/www.euroakademie.de\/magazin\/link-und-lesetipp-kita-und-schulessen-bald-im-tuev\/","url":"https:\/\/www.euroakademie.de\/magazin\/link-und-lesetipp-kita-und-schulessen-bald-im-tuev\/","name":"Link- und Lesetipp: Kita- und Schulessen bald im T\u00dcV?","isPartOf":{"@id":"https:\/\/www.euroakademie.de\/magazin\/#website"},"primaryImageOfPage":{"@id":"https:\/\/www.euroakademie.de\/magazin\/link-und-lesetipp-kita-und-schulessen-bald-im-tuev\/#primaryimage"},"image":{"@id":"https:\/\/www.euroakademie.de\/magazin\/link-und-lesetipp-kita-und-schulessen-bald-im-tuev\/#primaryimage"},"thumbnailUrl":"https:\/\/www.euroakademie.de\/magazin\/wp-content\/uploads\/2017\/01\/spaghetti-1260818_1920_702x336-web.jpg","datePublished":"2017-01-09T07:15:07+00:00","dateModified":"2025-02-05T14:01:13+00:00","description":"Christian Schmidt, Bundesminister f\u00fcr Ern\u00e4hrung und Landwirtschaft, fordert, dass das Kita- und Schulessen auf den Pr\u00fcfstand geschickt wird.","breadcrumb":{"@id":"https:\/\/www.euroakademie.de\/magazin\/link-und-lesetipp-kita-und-schulessen-bald-im-tuev\/#breadcrumb"},"inLanguage":"de","potentialAction":[{"@type":"ReadAction","target":["https:\/\/www.euroakademie.de\/magazin\/link-und-lesetipp-kita-und-schulessen-bald-im-tuev\/"]}]},{"@type":"ImageObject","inLanguage":"de","@id":"https:\/\/www.euroakademie.de\/magazin\/link-und-lesetipp-kita-und-schulessen-bald-im-tuev\/#primaryimage","url":"https:\/\/www.euroakademie.de\/magazin\/wp-content\/uploads\/2017\/01\/spaghetti-1260818_1920_702x336-web.jpg","contentUrl":"https:\/\/www.euroakademie.de\/magazin\/wp-content\/uploads\/2017\/01\/spaghetti-1260818_1920_702x336-web.jpg","width":702,"height":336,"caption":""},{"@type":"BreadcrumbList","@id":"https:\/\/www.euroakademie.de\/magazin\/link-und-lesetipp-kita-und-schulessen-bald-im-tuev\/#breadcrumb","itemListElement":[{"@type":"ListItem","position":1,"name":"Startseite","item":"https:\/\/www.euroakademie.de\/magazin\/"},{"@type":"ListItem","position":2,"name":"Link- und Lesetipp: Kita- und Schulessen bald im T\u00dcV?"}]},{"@type":"WebSite","@id":"https:\/\/www.euroakademie.de\/magazin\/#website","url":"https:\/\/www.euroakademie.de\/magazin\/","name":"Das Euro Akademie Magazin","description":"Gut informiert durch Ausbildung und Studium","publisher":{"@id":"https:\/\/www.euroakademie.de\/magazin\/#organization"},"potentialAction":[{"@type":"SearchAction","target":{"@type":"EntryPoint","urlTemplate":"https:\/\/www.euroakademie.de\/magazin\/?s={search_term_string}"},"query-input":{"@type":"PropertyValueSpecification","valueRequired":true,"valueName":"search_term_string"}}],"inLanguage":"de"},{"@type":"Organization","@id":"https:\/\/www.euroakademie.de\/magazin\/#organization","name":"ESO Education Group","url":"https:\/\/www.euroakademie.de\/magazin\/","logo":{"@type":"ImageObject","inLanguage":"de","@id":"https:\/\/www.euroakademie.de\/magazin\/#\/schema\/logo\/image\/","url":"https:\/\/relaunch.euroakademie.de\/magazin\/wp-content\/uploads\/2024\/11\/Logo_EA_negativ_Rahmen_5cm_300dpi_RGB.jpg","contentUrl":"https:\/\/relaunch.euroakademie.de\/magazin\/wp-content\/uploads\/2024\/11\/Logo_EA_negativ_Rahmen_5cm_300dpi_RGB.jpg","width":591,"height":236,"caption":"ESO Education Group"},"image":{"@id":"https:\/\/www.euroakademie.de\/magazin\/#\/schema\/logo\/image\/"}},{"@type":"Person","@id":"https:\/\/www.euroakademie.de\/magazin\/#\/schema\/person\/6c9b7b6db765ee31640d80c936be3686","name":"Redaktion","description":"Die Redaktion des Euro Akademie Magazins h\u00e4lt Sie regelm\u00e4\u00dfig mit hintergr\u00fcndigen Artikeln auf dem Laufenden. Auf Basis einer fundierten Recherche und mit Spa\u00df am Schreiben erstellen die Redakteur*innen informative und unterhaltsame Inhalte f\u00fcr Sie.","url":"https:\/\/www.euroakademie.de\/magazin\/author\/redaktion\/"}]}},"_links":{"self":[{"href":"https:\/\/www.euroakademie.de\/magazin\/wp-json\/wp\/v2\/posts\/5011","targetHints":{"allow":["GET"]}}],"collection":[{"href":"https:\/\/www.euroakademie.de\/magazin\/wp-json\/wp\/v2\/posts"}],"about":[{"href":"https:\/\/www.euroakademie.de\/magazin\/wp-json\/wp\/v2\/types\/post"}],"author":[{"embeddable":true,"href":"https:\/\/www.euroakademie.de\/magazin\/wp-json\/wp\/v2\/users\/7"}],"replies":[{"embeddable":true,"href":"https:\/\/www.euroakademie.de\/magazin\/wp-json\/wp\/v2\/comments?post=5011"}],"version-history":[{"count":1,"href":"https:\/\/www.euroakademie.de\/magazin\/wp-json\/wp\/v2\/posts\/5011\/revisions"}],"predecessor-version":[{"id":27537,"href":"https:\/\/www.euroakademie.de\/magazin\/wp-json\/wp\/v2\/posts\/5011\/revisions\/27537"}],"wp:featuredmedia":[{"embeddable":true,"href":"https:\/\/www.euroakademie.de\/magazin\/wp-json\/wp\/v2\/media\/5014"}],"wp:attachment":[{"href":"https:\/\/www.euroakademie.de\/magazin\/wp-json\/wp\/v2\/media?parent=5011"}],"wp:term":[{"taxonomy":"category","embeddable":true,"href":"https:\/\/www.euroakademie.de\/magazin\/wp-json\/wp\/v2\/categories?post=5011"},{"taxonomy":"post_tag","embeddable":true,"href":"https:\/\/www.euroakademie.de\/magazin\/wp-json\/wp\/v2\/tags?post=5011"}],"curies":[{"name":"wp","href":"https:\/\/api.w.org\/{rel}","templated":true}]}}