{"id":5058,"date":"2017-01-25T08:00:11","date_gmt":"2017-01-25T07:00:11","guid":{"rendered":"https:\/\/www.euroakademie.de\/magazin\/?p=5058"},"modified":"2024-11-19T15:48:32","modified_gmt":"2024-11-19T14:48:32","slug":"ins-studium-mit-der-fachoberschule-praktisch-und-fachspezifisch","status":"publish","type":"post","link":"https:\/\/www.euroakademie.de\/magazin\/ins-studium-mit-der-fachoberschule-praktisch-und-fachspezifisch\/","title":{"rendered":"Ins Studium mit der Fachoberschule \u2013 Praktisch und fachspezifisch"},"content":{"rendered":"<p>\t\t\t\t<![CDATA[<strong>Die Ausbildung ist abgeschlossen oder die mittlere Reife geschafft und Sie sind froh, sich endlich von einigen ungeliebten F\u00e4chern trennen zu k\u00f6nnen. Aber eigentlich wollen Sie studieren. In einer Sackgasse stecken Sie gl\u00fccklicherweise noch lange nicht. Mit dem Weg \u00fcber die Fachoberschule stehen Ihnen die T\u00fcren zu Ihrem Wunschstudiengang offen.<\/strong>\n\nGymnasium, Abitur, Studium, Beruf \u2013 das ist nach der Meinung vieler der perfekte Bildungsweg und die einzige M\u00f6glichkeit, erfolgreich zu sein. Doch diese Vorstellung tr\u00fcgt, denn es gibt mehr als nur eine Art, den Traumberuf zu ergreifen, und da Menschen verschieden sind, ben\u00f6tigen sie nat\u00fcrlich auch unterschiedliche Herangehensweisen.\n\nDaher k\u00f6nnen Sie sich sogar dann f\u00fcr das Studium qualifizieren, wenn Sie sich auf dem Gymnasium nicht wohlf\u00fchlen. An der Euro Akademie besuchen Interessenten mit mittlerer Reife, abgeschlossener Berufsausbildung oder mindestens f\u00fcnf Jahren Berufserfahrung die Fachoberschule (FOS), um dadurch die allgemeine Fachhochschulreife zu erwerben. Anstatt sich dabei in allen m\u00f6glichen Bereichen auf ein sp\u00e4teres Studium vorzubereiten, legen Sie bei der Wahl der FOS einen Schwerpunkt auf ein Fachgebiet.\n\n\n<h2>Wissen, was Sie wollen<\/h2>\n\n\nSie wissen bereits, welche Art von T\u00e4tigkeit Sie sp\u00e4ter aus\u00fcben m\u00f6chten? Dann sind Sie einigen Altersgenossen einen Schritt voraus und k\u00f6nnen sich in Ihrer weiteren Ausbildung auf dieses Berufsfeld konzentrieren. Interessieren Sie sich beispielsweise f\u00fcr das soziale Gebiet, ben\u00f6tigen Sie weder vertiefte Kenntnisse in der Wirtschaft noch drei Fremdsprachen. M\u00f6chten Sie hingegen sp\u00e4ter im Management arbeiten, k\u00f6nnen Sie vermutlich gut auf das Pauken von komplexen biologischen Vorg\u00e4ngen verzichten.\n\nAnstatt sich also auf dem Gymnasium so viel Wissen wie m\u00f6glich anzueignen, lernen Sie an der FOS konkret auf Ihr pers\u00f6nliches Ziel hin. Die M\u00f6glichkeit, auf diese Weise Ihr Abitur zu machen, hat den Vorteil, dass Sie sich zahlreiche Stolpersteine sparen k\u00f6nnen. Sie spezialisieren sich auf das, was Sie machen m\u00f6chten. Dabei werden Sie jedoch nicht von schwierigen F\u00e4chern belastet , zu denen Sie keinen Zugang finden und die Ihren Notendurchschnitt senken. Nutzen Sie Ihre Selbstkenntnis!\n\n\n<h2>Die Fachrichtung bestimmt die Wahl der Fachoberschule<\/h2>\n\n\nAn der Euro Akademie stehen Ihnen Fachoberschulen mit drei verschiedenen Fachrichtungen zur Verf\u00fcgung. An der <a href=\"https:\/\/www.euroakademie.de\/de\/standorte\/berlin.html\">Euro Akademie Berlin<\/a>, der <a href=\"https:\/\/www.euroakademie.de\/de\/standorte\/dresden.html\">Euro Akademie Dresden<\/a> und der <a href=\"https:\/\/www.euroakademie.de\/de\/standorte\/halle-saale.html\">Euro Akademie Halle-Saale<\/a> k\u00f6nnen Sie die <a href=\"https:\/\/www.euroakademie.de\/bildungsangebote\/wirtschaft-management\">Fachoberschule f\u00fcr Wirtschaft und Verwaltung<\/a> besuchen. F\u00e4cher wie Rechnungswesen, Betriebs- und Volkswirtschaftslehre sowie Sozialkunde nehmen einen gro\u00dfen Teil des Stundenplans ein. Hier sind Sie richtig, wenn Sie an der Fachhochschule Wirtschaftswissenschaften, Medien- und Kommunikationsmanagement, Tourismusmanagement oder etwas \u00c4hnliches studieren m\u00f6chten.\n\nPsychologie, P\u00e4dagogik, Ethik, Musik und Kunst hingegen werden neben anderen F\u00e4chern an der <a href=\"https:\/\/www.euroakademie.de\/bildungsangebote\/paedagogik-soziales\">Fachoberschule f\u00fcr Sozialwesen<\/a> an der <a href=\"https:\/\/www.euroakademie.de\/de\/standorte\/dresden.html\">Euro Akademie Dresden<\/a> gelehrt. M\u00f6chten Sie im Anschluss an die Schule ein Studienfach aus dem sozialen Bereich studieren wie beispielsweise Sozialp\u00e4dagogik oder Soziale Arbeit, werden Sie mit diesem Unterricht bestens darauf vorbereitet. Wirtschaftswissenschaftliche Stunden kommen hier \u00fcberhaupt nicht auf Sie zu.\n\nAn der <a href=\"https:\/\/www.euroakademie.de\/de\/standorte\/berlin.html\">Euro Akademie Berlin<\/a> und der <a href=\"https:\/\/www.euroakademie.de\/de\/standorte\/halle-saale.html\">Euro Akademie Halle-Saale<\/a> gibt es au\u00dferdem noch je eine <a href=\"https:\/\/www.euroakademie.de\/bildungsangebote\/gesundheit-pflege\">Fachoberschule f\u00fcr Gesundheit und Soziales<\/a>. Dort besch\u00e4ftigen Sie sich unter anderem mit P\u00e4dagogik, Soziologie und den Naturwissenschaften. M\u00f6gliche Studieng\u00e4nge mit solch einem Abschluss sind zum Beispiel Gesundheitsmanagement, Gesundheits- und Krankenpflege oder Logop\u00e4die.\n\nDie Bandbreite der Studieng\u00e4nge, aus denen Sie w\u00e4hlen k\u00f6nnen, ist nat\u00fcrlich viel gr\u00f6\u00dfer. Jedes Feld bietet f\u00fcr sich eine Vielzahl von Zukunftsperspektiven. F\u00fcr einen \u00dcberblick k\u00f6nnen Sie auf der Seite <a href=\"http:\/\/www.fachhochschule.de\/\" target=\"_blank\" rel=\"noopener\">fachhochschule.de<\/a> st\u00f6bern. Vielleicht sto\u00dfen Sie dort auf Ihre Berufung und wissen sofort, welche Fachoberschule f\u00fcr Sie am besten geeignet ist.\n\n\n<h2>Anpacken statt philosophieren<\/h2>\n\n\nDie Fachoberschule dauert zwei Jahre. Darin enthalten ist ein einschl\u00e4giges Praktikum von 800 Stunden, in dem Sie erste wichtige Arbeitserfahrungen sammeln k\u00f6nnen. Eine Ausnahme bildet die <a href=\"https:\/\/www.euroakademie.de\/bildungsangebote\/wirtschaft-management\">Fachoberschule f\u00fcr Wirtschaft und Verwaltung<\/a> an der <a href=\"https:\/\/www.euroakademie.de\/de\/standorte\/berlin.html\">Euro Akademie Berlin<\/a>: Diese l\u00e4uft sogar nur ein Jahr.\n\nSie werden also noch vor dem Schulabschluss konkret auf das Berufsleben vorbereitet und testen Ihr K\u00f6nnen direkt am Arbeitsplatz. Das unterscheidet Sie hinterher enorm von Absolventen mit der allgemeinen Hochschulreife, deren Schwerpunkt auf der Theorie liegt. Dies ist auch das Unterscheidungsmerkmal zwischen Universit\u00e4t und Fachhochschule (FH): Der Ansatz der FH ist wesentlich praxisbezogener, w\u00e4hrend Sie sich an der Uni viel theoretisches Wissen aneignen.\n\n\n<h2>Was Sie mitbringen m\u00fcssen<\/h2>\n\n\nNeben Interesse f\u00fcr das Fachgebiet der entsprechenden FOS sollten Sie mindestens die mittlere Reife oder einen gleichwertigen Abschluss mitbringen. Teilweise gen\u00fcgen auch eine abgeschlossene Berufsausbildung und f\u00fcnf Jahre Berufserfahrung. Das ist abh\u00e4ngig von der jeweiligen Schule. Sie finden alle Details dazu auf den Internetseiten der einzelnen Euro Akademien.]]>\t\t<\/p>\n","protected":false},"excerpt":{"rendered":"<p>\t\t\t\t<![CDATA[]]>\t\t<\/p>\n","protected":false},"author":37,"featured_media":5059,"comment_status":"closed","ping_status":"closed","sticky":false,"template":"","format":"standard","meta":{"footnotes":""},"categories":[67,19,46],"tags":[2752,2755,2767,2797,2953,3097,8002],"class_list":{"0":"post-5058","1":"post","2":"type-post","3":"status-publish","4":"format-standard","5":"has-post-thumbnail","7":"category-ausbildung-des-monats","8":"category-paedagogik-soziales","9":"category-wirtschaft-management","10":"tag-fachabi","11":"tag-fachabitur","12":"tag-fachhochschule","13":"tag-fachoberschule","14":"tag-fh","15":"tag-fos","16":"tag-studium"},"yoast_head":"<!-- This site is optimized with the Yoast SEO plugin v23.5 - https:\/\/yoast.com\/wordpress\/plugins\/seo\/ -->\n<title>Ins Studium mit der Fachoberschule \u2013 Praktisch und fachspezifisch<\/title>\n<meta name=\"description\" content=\"Mit einer abgeschlossenen Ausbildung oder der mittleren Reife stehen Ihnen \u00fcber die Fachoberschule die T\u00fcren zu Ihrem Wunschstudium offen.\" \/>\n<meta name=\"robots\" content=\"index, follow, max-snippet:-1, max-image-preview:large, max-video-preview:-1\" \/>\n<link rel=\"canonical\" href=\"https:\/\/www.euroakademie.de\/magazin\/ins-studium-mit-der-fachoberschule-praktisch-und-fachspezifisch\/\" \/>\n<meta property=\"og:locale\" content=\"de_DE\" \/>\n<meta property=\"og:type\" content=\"article\" \/>\n<meta property=\"og:title\" content=\"Ins Studium mit der Fachoberschule \u2013 Praktisch und fachspezifisch\" \/>\n<meta property=\"og:description\" content=\"Mit einer abgeschlossenen Ausbildung oder der mittleren Reife stehen Ihnen \u00fcber die Fachoberschule die T\u00fcren zu Ihrem Wunschstudium offen.\" \/>\n<meta property=\"og:url\" content=\"https:\/\/www.euroakademie.de\/magazin\/ins-studium-mit-der-fachoberschule-praktisch-und-fachspezifisch\/\" \/>\n<meta property=\"og:site_name\" content=\"Das Euro Akademie Magazin\" \/>\n<meta property=\"article:published_time\" content=\"2017-01-25T07:00:11+00:00\" \/>\n<meta property=\"article:modified_time\" content=\"2024-11-19T14:48:32+00:00\" \/>\n<meta property=\"og:image\" content=\"https:\/\/www.euroakademie.de\/magazin\/wp-content\/uploads\/2017\/01\/Fotolia_41709789_M_702x336-web.jpg\" \/>\n\t<meta property=\"og:image:width\" content=\"702\" \/>\n\t<meta property=\"og:image:height\" content=\"336\" \/>\n\t<meta property=\"og:image:type\" content=\"image\/jpeg\" \/>\n<meta name=\"author\" content=\"Katharina Boyens\" \/>\n<meta name=\"twitter:card\" content=\"summary_large_image\" \/>\n<meta name=\"twitter:label1\" content=\"Verfasst von\" \/>\n\t<meta name=\"twitter:data1\" content=\"Katharina Boyens\" \/>\n\t<meta name=\"twitter:label2\" content=\"Gesch\u00e4tzte Lesezeit\" \/>\n\t<meta name=\"twitter:data2\" content=\"4\u00a0Minuten\" \/>\n<script type=\"application\/ld+json\" class=\"yoast-schema-graph\">{\"@context\":\"https:\/\/schema.org\",\"@graph\":[{\"@type\":\"Article\",\"@id\":\"https:\/\/www.euroakademie.de\/magazin\/ins-studium-mit-der-fachoberschule-praktisch-und-fachspezifisch\/#article\",\"isPartOf\":{\"@id\":\"https:\/\/www.euroakademie.de\/magazin\/ins-studium-mit-der-fachoberschule-praktisch-und-fachspezifisch\/\"},\"author\":{\"name\":\"Katharina Boyens\",\"@id\":\"https:\/\/www.euroakademie.de\/magazin\/#\/schema\/person\/bc82ae73082e3ac93c406d0d76cb0cff\"},\"headline\":\"Ins Studium mit der Fachoberschule \u2013 Praktisch und fachspezifisch\",\"datePublished\":\"2017-01-25T07:00:11+00:00\",\"dateModified\":\"2024-11-19T14:48:32+00:00\",\"mainEntityOfPage\":{\"@id\":\"https:\/\/www.euroakademie.de\/magazin\/ins-studium-mit-der-fachoberschule-praktisch-und-fachspezifisch\/\"},\"wordCount\":786,\"publisher\":{\"@id\":\"https:\/\/www.euroakademie.de\/magazin\/#organization\"},\"image\":{\"@id\":\"https:\/\/www.euroakademie.de\/magazin\/ins-studium-mit-der-fachoberschule-praktisch-und-fachspezifisch\/#primaryimage\"},\"thumbnailUrl\":\"https:\/\/www.euroakademie.de\/magazin\/wp-content\/uploads\/2017\/01\/Fotolia_41709789_M_702x336-web.jpg\",\"keywords\":[\"Fachabi\",\"Fachabitur\",\"Fachhochschule\",\"Fachoberschule\",\"FH\",\"FOS\",\"Studium\"],\"articleSection\":[\"Ausbildungen im Portrait\",\"P\u00e4dagogik &amp; Soziales\",\"Wirtschaft &amp; Management\"],\"inLanguage\":\"de\"},{\"@type\":\"WebPage\",\"@id\":\"https:\/\/www.euroakademie.de\/magazin\/ins-studium-mit-der-fachoberschule-praktisch-und-fachspezifisch\/\",\"url\":\"https:\/\/www.euroakademie.de\/magazin\/ins-studium-mit-der-fachoberschule-praktisch-und-fachspezifisch\/\",\"name\":\"Ins Studium mit der Fachoberschule \u2013 Praktisch und fachspezifisch\",\"isPartOf\":{\"@id\":\"https:\/\/www.euroakademie.de\/magazin\/#website\"},\"primaryImageOfPage\":{\"@id\":\"https:\/\/www.euroakademie.de\/magazin\/ins-studium-mit-der-fachoberschule-praktisch-und-fachspezifisch\/#primaryimage\"},\"image\":{\"@id\":\"https:\/\/www.euroakademie.de\/magazin\/ins-studium-mit-der-fachoberschule-praktisch-und-fachspezifisch\/#primaryimage\"},\"thumbnailUrl\":\"https:\/\/www.euroakademie.de\/magazin\/wp-content\/uploads\/2017\/01\/Fotolia_41709789_M_702x336-web.jpg\",\"datePublished\":\"2017-01-25T07:00:11+00:00\",\"dateModified\":\"2024-11-19T14:48:32+00:00\",\"description\":\"Mit einer abgeschlossenen Ausbildung oder der mittleren Reife stehen Ihnen \u00fcber die Fachoberschule die T\u00fcren zu Ihrem Wunschstudium offen.\",\"breadcrumb\":{\"@id\":\"https:\/\/www.euroakademie.de\/magazin\/ins-studium-mit-der-fachoberschule-praktisch-und-fachspezifisch\/#breadcrumb\"},\"inLanguage\":\"de\",\"potentialAction\":[{\"@type\":\"ReadAction\",\"target\":[\"https:\/\/www.euroakademie.de\/magazin\/ins-studium-mit-der-fachoberschule-praktisch-und-fachspezifisch\/\"]}]},{\"@type\":\"ImageObject\",\"inLanguage\":\"de\",\"@id\":\"https:\/\/www.euroakademie.de\/magazin\/ins-studium-mit-der-fachoberschule-praktisch-und-fachspezifisch\/#primaryimage\",\"url\":\"https:\/\/www.euroakademie.de\/magazin\/wp-content\/uploads\/2017\/01\/Fotolia_41709789_M_702x336-web.jpg\",\"contentUrl\":\"https:\/\/www.euroakademie.de\/magazin\/wp-content\/uploads\/2017\/01\/Fotolia_41709789_M_702x336-web.jpg\",\"width\":702,\"height\":336,\"caption\":\"\"},{\"@type\":\"BreadcrumbList\",\"@id\":\"https:\/\/www.euroakademie.de\/magazin\/ins-studium-mit-der-fachoberschule-praktisch-und-fachspezifisch\/#breadcrumb\",\"itemListElement\":[{\"@type\":\"ListItem\",\"position\":1,\"name\":\"Startseite\",\"item\":\"https:\/\/www.euroakademie.de\/magazin\/\"},{\"@type\":\"ListItem\",\"position\":2,\"name\":\"Ins Studium mit der Fachoberschule \u2013 Praktisch und fachspezifisch\"}]},{\"@type\":\"WebSite\",\"@id\":\"https:\/\/www.euroakademie.de\/magazin\/#website\",\"url\":\"https:\/\/www.euroakademie.de\/magazin\/\",\"name\":\"Das Euro Akademie Magazin\",\"description\":\"Gut informiert durch Ausbildung und Studium\",\"publisher\":{\"@id\":\"https:\/\/www.euroakademie.de\/magazin\/#organization\"},\"potentialAction\":[{\"@type\":\"SearchAction\",\"target\":{\"@type\":\"EntryPoint\",\"urlTemplate\":\"https:\/\/www.euroakademie.de\/magazin\/?s={search_term_string}\"},\"query-input\":{\"@type\":\"PropertyValueSpecification\",\"valueRequired\":true,\"valueName\":\"search_term_string\"}}],\"inLanguage\":\"de\"},{\"@type\":\"Organization\",\"@id\":\"https:\/\/www.euroakademie.de\/magazin\/#organization\",\"name\":\"ESO Education Group\",\"url\":\"https:\/\/www.euroakademie.de\/magazin\/\",\"logo\":{\"@type\":\"ImageObject\",\"inLanguage\":\"de\",\"@id\":\"https:\/\/www.euroakademie.de\/magazin\/#\/schema\/logo\/image\/\",\"url\":\"https:\/\/relaunch.euroakademie.de\/magazin\/wp-content\/uploads\/2024\/11\/Logo_EA_negativ_Rahmen_5cm_300dpi_RGB.jpg\",\"contentUrl\":\"https:\/\/relaunch.euroakademie.de\/magazin\/wp-content\/uploads\/2024\/11\/Logo_EA_negativ_Rahmen_5cm_300dpi_RGB.jpg\",\"width\":591,\"height\":236,\"caption\":\"ESO Education Group\"},\"image\":{\"@id\":\"https:\/\/www.euroakademie.de\/magazin\/#\/schema\/logo\/image\/\"}},{\"@type\":\"Person\",\"@id\":\"https:\/\/www.euroakademie.de\/magazin\/#\/schema\/person\/bc82ae73082e3ac93c406d0d76cb0cff\",\"name\":\"Katharina Boyens\",\"description\":\"Katharina Boyens ist Germanistin und Anglistin mit einem Faible f\u00fcrs Schreiben. Von M\u00e4rz 2016 bis Januar 2021 bereicherte sie das Euro Akademie Magazin mit lesenswerten Beitr\u00e4gen in verschiedenen Rubriken.\",\"url\":\"https:\/\/www.euroakademie.de\/magazin\/author\/pfaffk\/\"}]}<\/script>\n<!-- \/ Yoast SEO plugin. -->","yoast_head_json":{"title":"Ins Studium mit der Fachoberschule \u2013 Praktisch und fachspezifisch","description":"Mit einer abgeschlossenen Ausbildung oder der mittleren Reife stehen Ihnen \u00fcber die Fachoberschule die T\u00fcren zu Ihrem Wunschstudium offen.","robots":{"index":"index","follow":"follow","max-snippet":"max-snippet:-1","max-image-preview":"max-image-preview:large","max-video-preview":"max-video-preview:-1"},"canonical":"https:\/\/www.euroakademie.de\/magazin\/ins-studium-mit-der-fachoberschule-praktisch-und-fachspezifisch\/","og_locale":"de_DE","og_type":"article","og_title":"Ins Studium mit der Fachoberschule \u2013 Praktisch und fachspezifisch","og_description":"Mit einer abgeschlossenen Ausbildung oder der mittleren Reife stehen Ihnen \u00fcber die Fachoberschule die T\u00fcren zu Ihrem Wunschstudium offen.","og_url":"https:\/\/www.euroakademie.de\/magazin\/ins-studium-mit-der-fachoberschule-praktisch-und-fachspezifisch\/","og_site_name":"Das Euro Akademie Magazin","article_published_time":"2017-01-25T07:00:11+00:00","article_modified_time":"2024-11-19T14:48:32+00:00","og_image":[{"width":702,"height":336,"url":"https:\/\/www.euroakademie.de\/magazin\/wp-content\/uploads\/2017\/01\/Fotolia_41709789_M_702x336-web.jpg","type":"image\/jpeg"}],"author":"Katharina Boyens","twitter_card":"summary_large_image","twitter_misc":{"Verfasst von":"Katharina Boyens","Gesch\u00e4tzte Lesezeit":"4\u00a0Minuten"},"schema":{"@context":"https:\/\/schema.org","@graph":[{"@type":"Article","@id":"https:\/\/www.euroakademie.de\/magazin\/ins-studium-mit-der-fachoberschule-praktisch-und-fachspezifisch\/#article","isPartOf":{"@id":"https:\/\/www.euroakademie.de\/magazin\/ins-studium-mit-der-fachoberschule-praktisch-und-fachspezifisch\/"},"author":{"name":"Katharina Boyens","@id":"https:\/\/www.euroakademie.de\/magazin\/#\/schema\/person\/bc82ae73082e3ac93c406d0d76cb0cff"},"headline":"Ins Studium mit der Fachoberschule \u2013 Praktisch und fachspezifisch","datePublished":"2017-01-25T07:00:11+00:00","dateModified":"2024-11-19T14:48:32+00:00","mainEntityOfPage":{"@id":"https:\/\/www.euroakademie.de\/magazin\/ins-studium-mit-der-fachoberschule-praktisch-und-fachspezifisch\/"},"wordCount":786,"publisher":{"@id":"https:\/\/www.euroakademie.de\/magazin\/#organization"},"image":{"@id":"https:\/\/www.euroakademie.de\/magazin\/ins-studium-mit-der-fachoberschule-praktisch-und-fachspezifisch\/#primaryimage"},"thumbnailUrl":"https:\/\/www.euroakademie.de\/magazin\/wp-content\/uploads\/2017\/01\/Fotolia_41709789_M_702x336-web.jpg","keywords":["Fachabi","Fachabitur","Fachhochschule","Fachoberschule","FH","FOS","Studium"],"articleSection":["Ausbildungen im Portrait","P\u00e4dagogik &amp; Soziales","Wirtschaft &amp; Management"],"inLanguage":"de"},{"@type":"WebPage","@id":"https:\/\/www.euroakademie.de\/magazin\/ins-studium-mit-der-fachoberschule-praktisch-und-fachspezifisch\/","url":"https:\/\/www.euroakademie.de\/magazin\/ins-studium-mit-der-fachoberschule-praktisch-und-fachspezifisch\/","name":"Ins Studium mit der Fachoberschule \u2013 Praktisch und fachspezifisch","isPartOf":{"@id":"https:\/\/www.euroakademie.de\/magazin\/#website"},"primaryImageOfPage":{"@id":"https:\/\/www.euroakademie.de\/magazin\/ins-studium-mit-der-fachoberschule-praktisch-und-fachspezifisch\/#primaryimage"},"image":{"@id":"https:\/\/www.euroakademie.de\/magazin\/ins-studium-mit-der-fachoberschule-praktisch-und-fachspezifisch\/#primaryimage"},"thumbnailUrl":"https:\/\/www.euroakademie.de\/magazin\/wp-content\/uploads\/2017\/01\/Fotolia_41709789_M_702x336-web.jpg","datePublished":"2017-01-25T07:00:11+00:00","dateModified":"2024-11-19T14:48:32+00:00","description":"Mit einer abgeschlossenen Ausbildung oder der mittleren Reife stehen Ihnen \u00fcber die Fachoberschule die T\u00fcren zu Ihrem Wunschstudium offen.","breadcrumb":{"@id":"https:\/\/www.euroakademie.de\/magazin\/ins-studium-mit-der-fachoberschule-praktisch-und-fachspezifisch\/#breadcrumb"},"inLanguage":"de","potentialAction":[{"@type":"ReadAction","target":["https:\/\/www.euroakademie.de\/magazin\/ins-studium-mit-der-fachoberschule-praktisch-und-fachspezifisch\/"]}]},{"@type":"ImageObject","inLanguage":"de","@id":"https:\/\/www.euroakademie.de\/magazin\/ins-studium-mit-der-fachoberschule-praktisch-und-fachspezifisch\/#primaryimage","url":"https:\/\/www.euroakademie.de\/magazin\/wp-content\/uploads\/2017\/01\/Fotolia_41709789_M_702x336-web.jpg","contentUrl":"https:\/\/www.euroakademie.de\/magazin\/wp-content\/uploads\/2017\/01\/Fotolia_41709789_M_702x336-web.jpg","width":702,"height":336,"caption":""},{"@type":"BreadcrumbList","@id":"https:\/\/www.euroakademie.de\/magazin\/ins-studium-mit-der-fachoberschule-praktisch-und-fachspezifisch\/#breadcrumb","itemListElement":[{"@type":"ListItem","position":1,"name":"Startseite","item":"https:\/\/www.euroakademie.de\/magazin\/"},{"@type":"ListItem","position":2,"name":"Ins Studium mit der Fachoberschule \u2013 Praktisch und fachspezifisch"}]},{"@type":"WebSite","@id":"https:\/\/www.euroakademie.de\/magazin\/#website","url":"https:\/\/www.euroakademie.de\/magazin\/","name":"Das Euro Akademie Magazin","description":"Gut informiert durch Ausbildung und Studium","publisher":{"@id":"https:\/\/www.euroakademie.de\/magazin\/#organization"},"potentialAction":[{"@type":"SearchAction","target":{"@type":"EntryPoint","urlTemplate":"https:\/\/www.euroakademie.de\/magazin\/?s={search_term_string}"},"query-input":{"@type":"PropertyValueSpecification","valueRequired":true,"valueName":"search_term_string"}}],"inLanguage":"de"},{"@type":"Organization","@id":"https:\/\/www.euroakademie.de\/magazin\/#organization","name":"ESO Education Group","url":"https:\/\/www.euroakademie.de\/magazin\/","logo":{"@type":"ImageObject","inLanguage":"de","@id":"https:\/\/www.euroakademie.de\/magazin\/#\/schema\/logo\/image\/","url":"https:\/\/relaunch.euroakademie.de\/magazin\/wp-content\/uploads\/2024\/11\/Logo_EA_negativ_Rahmen_5cm_300dpi_RGB.jpg","contentUrl":"https:\/\/relaunch.euroakademie.de\/magazin\/wp-content\/uploads\/2024\/11\/Logo_EA_negativ_Rahmen_5cm_300dpi_RGB.jpg","width":591,"height":236,"caption":"ESO Education Group"},"image":{"@id":"https:\/\/www.euroakademie.de\/magazin\/#\/schema\/logo\/image\/"}},{"@type":"Person","@id":"https:\/\/www.euroakademie.de\/magazin\/#\/schema\/person\/bc82ae73082e3ac93c406d0d76cb0cff","name":"Katharina Boyens","description":"Katharina Boyens ist Germanistin und Anglistin mit einem Faible f\u00fcrs Schreiben. Von M\u00e4rz 2016 bis Januar 2021 bereicherte sie das Euro Akademie Magazin mit lesenswerten Beitr\u00e4gen in verschiedenen Rubriken.","url":"https:\/\/www.euroakademie.de\/magazin\/author\/pfaffk\/"}]}},"_links":{"self":[{"href":"https:\/\/www.euroakademie.de\/magazin\/wp-json\/wp\/v2\/posts\/5058","targetHints":{"allow":["GET"]}}],"collection":[{"href":"https:\/\/www.euroakademie.de\/magazin\/wp-json\/wp\/v2\/posts"}],"about":[{"href":"https:\/\/www.euroakademie.de\/magazin\/wp-json\/wp\/v2\/types\/post"}],"author":[{"embeddable":true,"href":"https:\/\/www.euroakademie.de\/magazin\/wp-json\/wp\/v2\/users\/37"}],"replies":[{"embeddable":true,"href":"https:\/\/www.euroakademie.de\/magazin\/wp-json\/wp\/v2\/comments?post=5058"}],"version-history":[{"count":3,"href":"https:\/\/www.euroakademie.de\/magazin\/wp-json\/wp\/v2\/posts\/5058\/revisions"}],"predecessor-version":[{"id":23808,"href":"https:\/\/www.euroakademie.de\/magazin\/wp-json\/wp\/v2\/posts\/5058\/revisions\/23808"}],"wp:featuredmedia":[{"embeddable":true,"href":"https:\/\/www.euroakademie.de\/magazin\/wp-json\/wp\/v2\/media\/5059"}],"wp:attachment":[{"href":"https:\/\/www.euroakademie.de\/magazin\/wp-json\/wp\/v2\/media?parent=5058"}],"wp:term":[{"taxonomy":"category","embeddable":true,"href":"https:\/\/www.euroakademie.de\/magazin\/wp-json\/wp\/v2\/categories?post=5058"},{"taxonomy":"post_tag","embeddable":true,"href":"https:\/\/www.euroakademie.de\/magazin\/wp-json\/wp\/v2\/tags?post=5058"}],"curies":[{"name":"wp","href":"https:\/\/api.w.org\/{rel}","templated":true}]}}