{"id":5100,"date":"2017-02-10T08:15:11","date_gmt":"2017-02-10T07:15:11","guid":{"rendered":"https:\/\/www.euroakademie.de\/magazin\/?p=5100"},"modified":"2024-11-19T13:24:22","modified_gmt":"2024-11-19T12:24:22","slug":"ueberfliegerin-im-interview-mit-spitzenabitur-in-die-ausbildung","status":"publish","type":"post","link":"https:\/\/www.euroakademie.de\/magazin\/ueberfliegerin-im-interview-mit-spitzenabitur-in-die-ausbildung\/","title":{"rendered":"\u00dcberfliegerin im Interview \u2013 mit Traumschnitt in die Ausbildung"},"content":{"rendered":"<p>\t\t\t\t<![CDATA[<strong>Von einem Spitzenabitur mit der Abschlussnote 1,0 tr\u00e4umen viele Sch\u00fcler. Vor allem wer ein Fach studieren will, dessen Zulassung durch einen Numerus Clausus beschr\u00e4nkt ist, ben\u00f6tigt einen hervorragenden Schnitt in der Hochschulzugangsberechtigung. Lena R\u00f6hrich hat diese Traumnote in ihrem Abizeugnis tats\u00e4chlich erreicht.<\/strong>\n\nTrotz der hervorragenden Noten entschied sich die 20-J\u00e4hrige im September 2016 gegen ein Studium und f\u00fcr die <a href=\"https:\/\/www.euroakademie.de\/bildungsangebote\/wirtschaft-management\">Ausbildung zur Kaufm\u00e4nnischen Assistentin<\/a> mit der Fachrichtung Fremdsprachen und Korrespondenz an der <a href=\"http:\/\/euroakademie.de\/hannover\">Euro Akademie Hannover<\/a>. Ein ungew\u00f6hnlicher Schritt, der auf den ersten Blick stutzig macht. Was sie dazu bewogen hat, erz\u00e4hlt sie im Interview mit dem Euro Akademie Magazin.\n\n&nbsp;\n\n<em><strong><a href=\"https:\/\/relaunch.euroakademie.de\/magazin\/wp-content\/uploads\/2017\/02\/DSC_0065-web.jpg\"><img decoding=\"async\" class=\" wp-image-5101 alignleft\" src=\"https:\/\/relaunch.euroakademie.de\/magazin\/wp-content\/uploads\/2017\/02\/DSC_0065-web-227x300.jpg\" alt=\"Lena R\u00f6hrich \u2013 Euro Akademie Hannover\" width=\"162\" height=\"214\" srcset=\"https:\/\/www.euroakademie.de\/magazin\/wp-content\/uploads\/2017\/02\/DSC_0065-web-227x300.jpg 227w, https:\/\/www.euroakademie.de\/magazin\/wp-content\/uploads\/2017\/02\/DSC_0065-web-150x199.jpg 150w, https:\/\/www.euroakademie.de\/magazin\/wp-content\/uploads\/2017\/02\/DSC_0065-web.jpg 300w\" sizes=\"(max-width: 162px) 100vw, 162px\" \/><\/a>Frau R\u00f6hrich, erst einmal herzlichen Gl\u00fcckwunsch zur 1,0 im Abschlusszeugnis! Wie f\u00fchlt man sich denn, wenn man so etwas geschafft hat?<\/strong><\/em>\n\nDa f\u00fchlt man sich nat\u00fcrlich erstmal sehr, sehr gl\u00fccklich. Jeder ist stolz auf einen und man sieht auch, was man geschafft hat und was man geleistet hat in all den Jahren.\n\n<em><strong>Haben Sie speziell darauf hingearbeitet, diesen Schnitt zu erreichen, oder fiel Ihnen das Lernen besonders leicht?<\/strong><\/em>\n\nAls ich gemerkt habe, dass ich den erreichen kann, habe ich nat\u00fcrlich gezielt darauf hingearbeitet, aber das Lernen f\u00e4llt mir allgemein sehr leicht [&#8230;].\n\n<em><strong>Haben Sie dazu vielleicht ein paar Tipps f\u00fcr andere Auszubildende oder Sch\u00fcler, die lernen m\u00fcssen?<\/strong><\/em>\n\nJa, jeder lernt nat\u00fcrlich selbst, muss seine Methode selber finden. Ich pers\u00f6nlich bin nicht so ein Mensch, der drei Stunden am Tag am St\u00fcck lernen kann. Deshalb fange ich immer schon zwei Wochen vor einer Klausur an zu lernen und mir das einzupr\u00e4gen. Und dann sind das pro Tag nur zehn Minuten pro Fach und man hat noch sehr viel Freizeit dabei.\n\n[&#8230;] Es ist relativ einfach, aber man muss nat\u00fcrlich die Disziplin haben, das durchzuziehen und das ist halt nicht jedermanns Sache.\n\n\n<h2>F\u00fcr die Berufsvorbereitung nah an der Realit\u00e4t bleiben<\/h2>\n\n\n<em><strong>Was war urspr\u00fcnglich Ihr Plan mit dem \u201eSuper-Abi\u201c?<\/strong><\/em>\n\nJa, urspr\u00fcnglich war mein Plan nat\u00fcrlich, [&#8230;] studieren zu gehen. Und als ich mich dann erkundigt habe, was man so studieren kann, ist mir aufgefallen, dass mir das alles nicht wirklich gefiel. Und deshalb habe ich dann nach Alternativen gesucht und bin so auf die Euro Akademie gekommen, die [&#8230;] alles verbindet, was ich wollte.\n\n<em><strong>Was war es denn, das Sie wollten?<\/strong><\/em>\n\nAlso meine Spezialit\u00e4ten sind Sprachen und ich habe mich auch irgendwann sehr f\u00fcr Wirtschaft interessiert. Deshalb fand ich so eine kaufm\u00e4nnische Ausbildung mit Korrespondenz und Fremdsprachen nat\u00fcrlich toll und vor allem: Es wird Englisch gef\u00f6rdert und Spanisch noch zus\u00e4tzlich angeboten und das war nat\u00fcrlich genau das Richtige f\u00fcr mich.\n\n<em><strong>Und ein Studium einer dieser Sprachen w\u00e4re nichts f\u00fcr Sie gewesen?<\/strong><\/em>\n\nNein, das w\u00e4re wirklich nichts f\u00fcr mich gewesen, denn ich suche ja auch den Realit\u00e4tsbezug. Und da man jetzt [&#8230;] diese Ausbildung noch dabei hat, hat man genau diesen Realit\u00e4tsbezug, anstatt im Studium einfach irgendeine Sprache zu studieren und dann im Job damit klarzukommen. Man hat ja hier die Kombination und das fand ich gerade so super.\n\n<em><strong>Wenn man Abiturient mit der allgemeinen Hochschulzugangsberechtigung und so einem guten Schnitt in der Tasche ist, sp\u00fcrt man dann nicht trotzdem ein wenig Druck, studieren zu m\u00fcssen?<\/strong><\/em>\n\nDas habe ich nie so gesehen. Ich wollte von Anfang an studieren, aber ich h\u00e4tte es nat\u00fcrlich auch anderen sehr, sehr geg\u00f6nnt, bei denen ich dann gesehen habe, dass sie vielleicht nicht ihren Traumschnitt erreicht haben. Denen h\u00e4tte ich das viel, viel mehr geg\u00f6nnt als mir, als ich dann gemerkt habe, dass ich eigentlich gar nicht so einen guten Schnitt brauche.\n\nAber ich w\u00fcrde sagen, Druck herrscht da eigentlich nicht. [&#8230;] Ich kann das nur empfehlen, dass man vorher etwas Anderes ausprobiert, anstatt gleich zu sagen: \u201eIch habe Abitur und gehe jetzt studieren.\u201c\n\n<em><strong>Sie sind offensichtlich sehr talentiert und haben super Noten erreicht. Denken Sie nicht auch, Sie k\u00f6nnten beispielsweise in der Forschung noch viel bewegen?<\/strong><\/em>\n\n[&#8230;] Je nachdem, in welcher Forschung ich sein w\u00fcrde. Biologie hat mich zwar auch immer interessiert, aber ich denke, das \u00fcberlasse ich wirklich den Menschen, die daf\u00fcr geschaffen sind und die sich [&#8230;] von Anfang an daf\u00fcr interessiert haben. Auch wenn ich viele verschiedene Interessen habe, denke ich, dass ich eher im sprachlichen Bereich punkten kann als in der Forschung.\n\n\n<h2>Erst nach der Praxis tiefer in die Theorie<\/h2>\n\n\n<em><strong>Sie haben gesagt, das erste Mal kam Ihnen der Gedanke, dass Sie in die Ausbildung gehen k\u00f6nnten, als Sie sich mit einem m\u00f6glichen Studium besch\u00e4ftigt haben. Wann war das etwa?<\/strong><\/em>\n\nIch habe schon vor meinem Abitur angefangen zu suchen, also schon wirklich ein Jahr vorher, um mich zu informieren, damit ich genau wei\u00df, wo ich nach dem Abitur hingehe. Und da habe ich dann verschiedene Studieng\u00e4nge angeguckt, Unis angeguckt, aber das war alles nicht das Richtige. Und dann habe ich letztendlich das gefunden. Dann war ich auch ziemlich stolz darauf, dass ich endlich etwas hatte.\n\n<em><strong>Was war der Knackpunkt bei den Studieng\u00e4ngen? Nur die Realit\u00e4tsferne oder hat Sie noch etwas Anderes gest\u00f6rt?<\/strong><\/em>\n\nDer Knackpunkt war letztendlich, dass ich schon immer ein duales Studium machen wollte mit Unternehmensbezug, dass man also arbeiten und studieren kann. Deshalb war eine normale Uni [&#8230;] f\u00fcr mich eigentlich keine Alternative. Und beim dualen Studium kam dann einfach auch dazu, dass es stellenweise sehr, sehr stressig ist, dass man sehr, sehr wenig Freizeit hat. Das spricht nat\u00fcrlich f\u00fcr die normale Uni.\n\nDeshalb habe ich jetzt [&#8230;] diesen Mittelweg genommen, dass ich eine Ausbildung mache [&#8230;] mit dem Studium hintendran. [&#8230;]\n\n<em><strong>Wie sind Sie dann \u00fcberhaupt auf die Ausbildung gekommen? Wo haben Sie gesucht und wie?<\/strong><\/em>\n\nIch habe haupts\u00e4chlich im Internet gesucht, habe auch mit vielen Studenten gesprochen, aber die sind nat\u00fcrlich immer auf die klassische Uni gegangen. Deshalb habe ich mich wirklich informiert und intensiv gesucht und habe dann auch das gefunden. Also haupts\u00e4chlich Internetrecherche.\n\n<em><strong>Waren Sie auch zum pers\u00f6nlichen Gespr\u00e4ch vor Ort?<\/strong><\/em>\n\nJa, ich war dann auch sp\u00e4ter, als ich mich dort beworben habe, zum pers\u00f6nlichen Gespr\u00e4ch vor Ort. Aber vorher habe ich eigentlich mit keinem gesprochen, der diese Ausbildung gemacht hat. [&#8230;]\n\n<em><strong>Wieso haben Sie sich genau f\u00fcr die Fachrichtung kaufm\u00e4nnische Assistenz entschieden?<\/strong><\/em>\n\nDas ist dieser Wirtschaftsbezug. Ich wollte schon immer im kaufm\u00e4nnischen Bereich t\u00e4tig sein. Ich liebe es, mit Menschen zu arbeiten und Dinge [&#8230;] zu verkaufen und deshalb war kaufm\u00e4nnisch f\u00fcr mich von Anfang an klar. [&#8230;] Das hat mich eigentlich so begeistert, dass ich das an der Euro Akademie machen kann.\n\n[&#8230;] Die Sprachen waren ein super Bonus, vor allem, da ich Spanisch schon vorher hatte. Da kann ich das dann auffrischen und noch Wirtschaftsspanisch hinzupacken. Das war wirklich der Pluspunkt, der [&#8230;] entscheidend war.\n\n\n<h2>Famili\u00e4re Lernumgebung<\/h2>\n\n\n<em><strong>Wie kamen Sie auf die Euro Akademie Hannover?<\/strong><\/em>\n\nEs gab nat\u00fcrlich auch einige Alternativen, aber [&#8230;] ich wollte generell [&#8230;] nach Hannover. Da gibt es ja auch noch andere Angebote in der Art und da bin ich dann auf die Euro Akademie gesto\u00dfen. Und im Nachhinein betrachtet war das auch eine wunderbare Idee.\n\n<em><strong>Hat sich denn die Euro Akademie irgendwie hervorgehoben?<\/strong><\/em>\n\nJa, vor allem beim pers\u00f6nlichen Gespr\u00e4ch. Bei den Angeboten habe ich da zun\u00e4chst keinen Unterschied gesehen, aber beim pers\u00f6nlichen Gespr\u00e4ch wusste ich dann letztendlich genau, dass ich hierhin geh\u00f6re, wie das pr\u00e4sentiert wurde und wie famili\u00e4r das auch erschien. Also, dass man nicht in irgendwelchen gro\u00dfen H\u00f6rs\u00e4len wie in der Uni sitzt, sondern dass man wirklich eigentlich jeden Dozenten kennt, mit jedem reden kann, man Hilfe hat. Und das hat mich letztendlich auch \u00fcberzeugt. [&#8230;]\n\n<em><strong>Was gef\u00e4llt Ihnen besonders an der Ausbildung?<\/strong><\/em>\n\nAn der Ausbildung gef\u00e4llt mir vor allem die pers\u00f6nliche Betreuung. Wenn man wirklich Hilfe braucht, kann man zum Dozenten gehen. Man geht nicht unter in der Menge und man kennt eigentlich jeden [&#8230;]. Und das gef\u00e4llt mir an der Ausbildung vor allem, dass man einerseits dem nachgehen kann, was man m\u00f6chte, also Sprachen studieren, und andererseits, dass man auch wirklich mit den Menschen zusammenarbeitet und nicht einfach einer von vielen in irgendwelchen H\u00f6rs\u00e4len ist.\n\n\n<h2>Festes Ziel im Auge<\/h2>\n\n\n<em><strong>In anderthalb Jahren ist Ihre Ausbildung zu Ende. Wie geht es danach f\u00fcr Sie weiter?<\/strong><\/em>\n\nDanach habe ich mir dann \u00fcberlegt, dass ich einen Bachelor als Top-up in England mache. Also, das steht fest, dass nach dieser Ausbildung noch ein Studium angeschlossen wird und vor allem im Ausland, denn das macht sich erstens immer gut und ich habe mich schon immer f\u00fcr das Ausland interessiert. Und wenn mir die Gelegenheit geboten wird, dann m\u00f6chte ich die nat\u00fcrlich auch ergreifen.\n\n<em><strong>Welcher Studiengang w\u00e4re das dann?<\/strong><\/em>\n\nDann w\u00fcrde ich vermutlich Business Communication studieren, da das auch an vielen Universit\u00e4ten in England angeboten wird und man [&#8230;] neben dem Englischen auch noch mit anderen Sprachen weitermachen kann.\n\n<em><strong>Dann studieren Sie aber ja doch wieder. W\u00e4re dann f\u00fcr Sie nicht von Anfang an ein Studium im Ausland eine Option gewesen?<\/strong><\/em>\n\nEin Studium im Ausland ist insofern keine Alternative gewesen, weil ich nat\u00fcrlich erst einmal \u00fcberlegen musste, was ich machen wollte. Und als ich dann die Ausbildung gefunden habe, ist mir eigentlich auch aufgefallen, in welche Richtung ich \u00fcberhaupt gehen m\u00f6chte. Und da bietet ja die Ausbildung viele verschiedene M\u00f6glichkeiten \u2013 ob man jetzt in Richtung Tourismus geht oder doch eher in Richtung Marketing \u2013 und da muss ich mich noch [&#8230;] spezialisieren.\n\nW\u00e4re ich jetzt direkt an die Uni ins Ausland gegangen, h\u00e4tte ich vielleicht den Studiengang auch abgebrochen, wenn das nicht das Richtige gewesen w\u00e4re. Und jetzt habe ich noch Zeit, [&#8230;] das Richtige f\u00fcr mich zu finden.\n\n<em><strong>K\u00e4me es f\u00fcr Sie \u00fcberhaupt nicht in Frage, nach der Ausbildung direkt in den Beruf einzusteigen?<\/strong><\/em>\n\nDas w\u00e4re nat\u00fcrlich eine Alternative, aber ich m\u00f6chte [&#8230;] eine h\u00f6here Qualifikation erreichen, um noch andere Berufe aus\u00fcben zu k\u00f6nnen. Ausbildung ist zwar sch\u00f6n und gut, aber ich bin eher so der schulische Typ und w\u00fcrde gern noch mein Wissen vertiefen, bevor ich dann wirklich ins Berufsleben gehe, damit ich mit all meinem Wissen da was bewegen kann [&#8230;].\n\n<em><strong>Vielen Dank, Frau R\u00f6hrich, f\u00fcr das Interview und weiterhin noch viel Erfolg auf Ihrem Ausbildungsweg.<\/strong><\/em>\n\n<strong>Das k\u00f6nnte Sie auch interessieren:<\/strong>\n<a href=\"https:\/\/www.euroakademie.de\/magazin\/interview-mit-quereinsteiger-sprachen-sprechen-statt-studieren\/\">Interview mit Quereinsteiger: Sprachen sprechen statt studieren<\/a>\n<a href=\"https:\/\/www.euroakademie.de\/magazin\/besser-als-ein-studium-quereinsteigerin-an-der-euro-akademie\/\">Besser als ein Studium \u2013 Quereinsteigerin an der Euro Akademie<\/a>\n<a href=\"https:\/\/www.euroakademie.de\/magazin\/ausbildung-des-monats-kaufmaennischer-assistent-fremdsprachen-und-korrespondenz\/\">Ausbildung des Monats: Kaufm\u00e4nnischer Assistent \u2013 Fremdsprachen und Korrespondenz<\/a>]]>\t\t<\/p>\n","protected":false},"excerpt":{"rendered":"<p>\t\t\t\t<![CDATA[]]>\t\t<\/p>\n","protected":false},"author":37,"featured_media":6690,"comment_status":"closed","ping_status":"closed","sticky":false,"template":"","format":"standard","meta":{"footnotes":""},"categories":[112,121,46],"tags":[211,799,1492,3172,4804,8002],"class_list":{"0":"post-5100","1":"post","2":"type-post","3":"status-publish","4":"format-standard","5":"has-post-thumbnail","7":"category-hannover","8":"category-im-gespraech","9":"category-wirtschaft-management","10":"tag-abitur","11":"tag-ausbildung","12":"tag-bildungsweg","13":"tag-fremdsprache","14":"tag-korrespondenz","15":"tag-studium"},"yoast_head":"<!-- This site is optimized with the Yoast SEO plugin v23.5 - https:\/\/yoast.com\/wordpress\/plugins\/seo\/ -->\n<title>\u00dcberfliegerin im Interview \u2013 Mit Spitzenabitur in die Ausbildung<\/title>\n<meta name=\"description\" content=\"Von einem Spitzenabitur mit dem Notenschnitt 1,0 tr\u00e4umen viele Sch\u00fcler. Lena R\u00f6hrich hat das erreicht, sich aber dennoch f\u00fcr eine Ausbildung entschieden.\" \/>\n<meta name=\"robots\" content=\"index, follow, max-snippet:-1, max-image-preview:large, max-video-preview:-1\" \/>\n<link rel=\"canonical\" href=\"https:\/\/www.euroakademie.de\/magazin\/ueberfliegerin-im-interview-mit-spitzenabitur-in-die-ausbildung\/\" \/>\n<meta property=\"og:locale\" content=\"de_DE\" \/>\n<meta property=\"og:type\" content=\"article\" \/>\n<meta property=\"og:title\" content=\"\u00dcberfliegerin im Interview \u2013 Mit Spitzenabitur in die Ausbildung\" \/>\n<meta property=\"og:description\" content=\"Von einem Spitzenabitur mit dem Notenschnitt 1,0 tr\u00e4umen viele Sch\u00fcler. Lena R\u00f6hrich hat das erreicht, sich aber dennoch f\u00fcr eine Ausbildung entschieden.\" \/>\n<meta property=\"og:url\" content=\"https:\/\/www.euroakademie.de\/magazin\/ueberfliegerin-im-interview-mit-spitzenabitur-in-die-ausbildung\/\" \/>\n<meta property=\"og:site_name\" content=\"Das Euro Akademie Magazin\" \/>\n<meta property=\"article:published_time\" content=\"2017-02-10T07:15:11+00:00\" \/>\n<meta property=\"article:modified_time\" content=\"2024-11-19T12:24:22+00:00\" \/>\n<meta property=\"og:image\" content=\"https:\/\/www.euroakademie.de\/magazin\/wp-content\/uploads\/2017\/02\/42-34964335_702x336-web.jpg\" \/>\n\t<meta property=\"og:image:width\" content=\"702\" \/>\n\t<meta property=\"og:image:height\" content=\"336\" \/>\n\t<meta property=\"og:image:type\" content=\"image\/jpeg\" \/>\n<meta name=\"author\" content=\"Katharina Boyens\" \/>\n<meta name=\"twitter:card\" content=\"summary_large_image\" \/>\n<meta name=\"twitter:label1\" content=\"Verfasst von\" \/>\n\t<meta name=\"twitter:data1\" content=\"Katharina Boyens\" \/>\n\t<meta name=\"twitter:label2\" content=\"Gesch\u00e4tzte Lesezeit\" \/>\n\t<meta name=\"twitter:data2\" content=\"9\u00a0Minuten\" \/>\n<script type=\"application\/ld+json\" class=\"yoast-schema-graph\">{\"@context\":\"https:\/\/schema.org\",\"@graph\":[{\"@type\":\"Article\",\"@id\":\"https:\/\/www.euroakademie.de\/magazin\/ueberfliegerin-im-interview-mit-spitzenabitur-in-die-ausbildung\/#article\",\"isPartOf\":{\"@id\":\"https:\/\/www.euroakademie.de\/magazin\/ueberfliegerin-im-interview-mit-spitzenabitur-in-die-ausbildung\/\"},\"author\":{\"name\":\"Katharina Boyens\",\"@id\":\"https:\/\/www.euroakademie.de\/magazin\/#\/schema\/person\/bc82ae73082e3ac93c406d0d76cb0cff\"},\"headline\":\"\u00dcberfliegerin im Interview \u2013 mit Traumschnitt in die Ausbildung\",\"datePublished\":\"2017-02-10T07:15:11+00:00\",\"dateModified\":\"2024-11-19T12:24:22+00:00\",\"mainEntityOfPage\":{\"@id\":\"https:\/\/www.euroakademie.de\/magazin\/ueberfliegerin-im-interview-mit-spitzenabitur-in-die-ausbildung\/\"},\"wordCount\":1776,\"publisher\":{\"@id\":\"https:\/\/www.euroakademie.de\/magazin\/#organization\"},\"image\":{\"@id\":\"https:\/\/www.euroakademie.de\/magazin\/ueberfliegerin-im-interview-mit-spitzenabitur-in-die-ausbildung\/#primaryimage\"},\"thumbnailUrl\":\"https:\/\/www.euroakademie.de\/magazin\/wp-content\/uploads\/2017\/02\/42-34964335_702x336-web.jpg\",\"keywords\":[\"Abitur\",\"Ausbildung\",\"Bildungsweg\",\"Fremdsprache\",\"Korrespondenz\",\"Studium\"],\"articleSection\":[\"Hannover\",\"Im Gespr\u00e4ch\",\"Wirtschaft &amp; Management\"],\"inLanguage\":\"de\"},{\"@type\":\"WebPage\",\"@id\":\"https:\/\/www.euroakademie.de\/magazin\/ueberfliegerin-im-interview-mit-spitzenabitur-in-die-ausbildung\/\",\"url\":\"https:\/\/www.euroakademie.de\/magazin\/ueberfliegerin-im-interview-mit-spitzenabitur-in-die-ausbildung\/\",\"name\":\"\u00dcberfliegerin im Interview \u2013 Mit Spitzenabitur in die Ausbildung\",\"isPartOf\":{\"@id\":\"https:\/\/www.euroakademie.de\/magazin\/#website\"},\"primaryImageOfPage\":{\"@id\":\"https:\/\/www.euroakademie.de\/magazin\/ueberfliegerin-im-interview-mit-spitzenabitur-in-die-ausbildung\/#primaryimage\"},\"image\":{\"@id\":\"https:\/\/www.euroakademie.de\/magazin\/ueberfliegerin-im-interview-mit-spitzenabitur-in-die-ausbildung\/#primaryimage\"},\"thumbnailUrl\":\"https:\/\/www.euroakademie.de\/magazin\/wp-content\/uploads\/2017\/02\/42-34964335_702x336-web.jpg\",\"datePublished\":\"2017-02-10T07:15:11+00:00\",\"dateModified\":\"2024-11-19T12:24:22+00:00\",\"description\":\"Von einem Spitzenabitur mit dem Notenschnitt 1,0 tr\u00e4umen viele Sch\u00fcler. Lena R\u00f6hrich hat das erreicht, sich aber dennoch f\u00fcr eine Ausbildung entschieden.\",\"breadcrumb\":{\"@id\":\"https:\/\/www.euroakademie.de\/magazin\/ueberfliegerin-im-interview-mit-spitzenabitur-in-die-ausbildung\/#breadcrumb\"},\"inLanguage\":\"de\",\"potentialAction\":[{\"@type\":\"ReadAction\",\"target\":[\"https:\/\/www.euroakademie.de\/magazin\/ueberfliegerin-im-interview-mit-spitzenabitur-in-die-ausbildung\/\"]}]},{\"@type\":\"ImageObject\",\"inLanguage\":\"de\",\"@id\":\"https:\/\/www.euroakademie.de\/magazin\/ueberfliegerin-im-interview-mit-spitzenabitur-in-die-ausbildung\/#primaryimage\",\"url\":\"https:\/\/www.euroakademie.de\/magazin\/wp-content\/uploads\/2017\/02\/42-34964335_702x336-web.jpg\",\"contentUrl\":\"https:\/\/www.euroakademie.de\/magazin\/wp-content\/uploads\/2017\/02\/42-34964335_702x336-web.jpg\",\"width\":702,\"height\":336,\"caption\":\"\"},{\"@type\":\"BreadcrumbList\",\"@id\":\"https:\/\/www.euroakademie.de\/magazin\/ueberfliegerin-im-interview-mit-spitzenabitur-in-die-ausbildung\/#breadcrumb\",\"itemListElement\":[{\"@type\":\"ListItem\",\"position\":1,\"name\":\"Startseite\",\"item\":\"https:\/\/www.euroakademie.de\/magazin\/\"},{\"@type\":\"ListItem\",\"position\":2,\"name\":\"\u00dcberfliegerin im Interview \u2013 mit Traumschnitt in die Ausbildung\"}]},{\"@type\":\"WebSite\",\"@id\":\"https:\/\/www.euroakademie.de\/magazin\/#website\",\"url\":\"https:\/\/www.euroakademie.de\/magazin\/\",\"name\":\"Das Euro Akademie Magazin\",\"description\":\"Gut informiert durch Ausbildung und Studium\",\"publisher\":{\"@id\":\"https:\/\/www.euroakademie.de\/magazin\/#organization\"},\"potentialAction\":[{\"@type\":\"SearchAction\",\"target\":{\"@type\":\"EntryPoint\",\"urlTemplate\":\"https:\/\/www.euroakademie.de\/magazin\/?s={search_term_string}\"},\"query-input\":{\"@type\":\"PropertyValueSpecification\",\"valueRequired\":true,\"valueName\":\"search_term_string\"}}],\"inLanguage\":\"de\"},{\"@type\":\"Organization\",\"@id\":\"https:\/\/www.euroakademie.de\/magazin\/#organization\",\"name\":\"ESO Education Group\",\"url\":\"https:\/\/www.euroakademie.de\/magazin\/\",\"logo\":{\"@type\":\"ImageObject\",\"inLanguage\":\"de\",\"@id\":\"https:\/\/www.euroakademie.de\/magazin\/#\/schema\/logo\/image\/\",\"url\":\"https:\/\/relaunch.euroakademie.de\/magazin\/wp-content\/uploads\/2024\/11\/Logo_EA_negativ_Rahmen_5cm_300dpi_RGB.jpg\",\"contentUrl\":\"https:\/\/relaunch.euroakademie.de\/magazin\/wp-content\/uploads\/2024\/11\/Logo_EA_negativ_Rahmen_5cm_300dpi_RGB.jpg\",\"width\":591,\"height\":236,\"caption\":\"ESO Education Group\"},\"image\":{\"@id\":\"https:\/\/www.euroakademie.de\/magazin\/#\/schema\/logo\/image\/\"}},{\"@type\":\"Person\",\"@id\":\"https:\/\/www.euroakademie.de\/magazin\/#\/schema\/person\/bc82ae73082e3ac93c406d0d76cb0cff\",\"name\":\"Katharina Boyens\",\"description\":\"Katharina Boyens ist Germanistin und Anglistin mit einem Faible f\u00fcrs Schreiben. Von M\u00e4rz 2016 bis Januar 2021 bereicherte sie das Euro Akademie Magazin mit lesenswerten Beitr\u00e4gen in verschiedenen Rubriken.\",\"url\":\"https:\/\/www.euroakademie.de\/magazin\/author\/pfaffk\/\"}]}<\/script>\n<!-- \/ Yoast SEO plugin. -->","yoast_head_json":{"title":"\u00dcberfliegerin im Interview \u2013 Mit Spitzenabitur in die Ausbildung","description":"Von einem Spitzenabitur mit dem Notenschnitt 1,0 tr\u00e4umen viele Sch\u00fcler. Lena R\u00f6hrich hat das erreicht, sich aber dennoch f\u00fcr eine Ausbildung entschieden.","robots":{"index":"index","follow":"follow","max-snippet":"max-snippet:-1","max-image-preview":"max-image-preview:large","max-video-preview":"max-video-preview:-1"},"canonical":"https:\/\/www.euroakademie.de\/magazin\/ueberfliegerin-im-interview-mit-spitzenabitur-in-die-ausbildung\/","og_locale":"de_DE","og_type":"article","og_title":"\u00dcberfliegerin im Interview \u2013 Mit Spitzenabitur in die Ausbildung","og_description":"Von einem Spitzenabitur mit dem Notenschnitt 1,0 tr\u00e4umen viele Sch\u00fcler. Lena R\u00f6hrich hat das erreicht, sich aber dennoch f\u00fcr eine Ausbildung entschieden.","og_url":"https:\/\/www.euroakademie.de\/magazin\/ueberfliegerin-im-interview-mit-spitzenabitur-in-die-ausbildung\/","og_site_name":"Das Euro Akademie Magazin","article_published_time":"2017-02-10T07:15:11+00:00","article_modified_time":"2024-11-19T12:24:22+00:00","og_image":[{"width":702,"height":336,"url":"https:\/\/www.euroakademie.de\/magazin\/wp-content\/uploads\/2017\/02\/42-34964335_702x336-web.jpg","type":"image\/jpeg"}],"author":"Katharina Boyens","twitter_card":"summary_large_image","twitter_misc":{"Verfasst von":"Katharina Boyens","Gesch\u00e4tzte Lesezeit":"9\u00a0Minuten"},"schema":{"@context":"https:\/\/schema.org","@graph":[{"@type":"Article","@id":"https:\/\/www.euroakademie.de\/magazin\/ueberfliegerin-im-interview-mit-spitzenabitur-in-die-ausbildung\/#article","isPartOf":{"@id":"https:\/\/www.euroakademie.de\/magazin\/ueberfliegerin-im-interview-mit-spitzenabitur-in-die-ausbildung\/"},"author":{"name":"Katharina Boyens","@id":"https:\/\/www.euroakademie.de\/magazin\/#\/schema\/person\/bc82ae73082e3ac93c406d0d76cb0cff"},"headline":"\u00dcberfliegerin im Interview \u2013 mit Traumschnitt in die Ausbildung","datePublished":"2017-02-10T07:15:11+00:00","dateModified":"2024-11-19T12:24:22+00:00","mainEntityOfPage":{"@id":"https:\/\/www.euroakademie.de\/magazin\/ueberfliegerin-im-interview-mit-spitzenabitur-in-die-ausbildung\/"},"wordCount":1776,"publisher":{"@id":"https:\/\/www.euroakademie.de\/magazin\/#organization"},"image":{"@id":"https:\/\/www.euroakademie.de\/magazin\/ueberfliegerin-im-interview-mit-spitzenabitur-in-die-ausbildung\/#primaryimage"},"thumbnailUrl":"https:\/\/www.euroakademie.de\/magazin\/wp-content\/uploads\/2017\/02\/42-34964335_702x336-web.jpg","keywords":["Abitur","Ausbildung","Bildungsweg","Fremdsprache","Korrespondenz","Studium"],"articleSection":["Hannover","Im Gespr\u00e4ch","Wirtschaft &amp; Management"],"inLanguage":"de"},{"@type":"WebPage","@id":"https:\/\/www.euroakademie.de\/magazin\/ueberfliegerin-im-interview-mit-spitzenabitur-in-die-ausbildung\/","url":"https:\/\/www.euroakademie.de\/magazin\/ueberfliegerin-im-interview-mit-spitzenabitur-in-die-ausbildung\/","name":"\u00dcberfliegerin im Interview \u2013 Mit Spitzenabitur in die Ausbildung","isPartOf":{"@id":"https:\/\/www.euroakademie.de\/magazin\/#website"},"primaryImageOfPage":{"@id":"https:\/\/www.euroakademie.de\/magazin\/ueberfliegerin-im-interview-mit-spitzenabitur-in-die-ausbildung\/#primaryimage"},"image":{"@id":"https:\/\/www.euroakademie.de\/magazin\/ueberfliegerin-im-interview-mit-spitzenabitur-in-die-ausbildung\/#primaryimage"},"thumbnailUrl":"https:\/\/www.euroakademie.de\/magazin\/wp-content\/uploads\/2017\/02\/42-34964335_702x336-web.jpg","datePublished":"2017-02-10T07:15:11+00:00","dateModified":"2024-11-19T12:24:22+00:00","description":"Von einem Spitzenabitur mit dem Notenschnitt 1,0 tr\u00e4umen viele Sch\u00fcler. Lena R\u00f6hrich hat das erreicht, sich aber dennoch f\u00fcr eine Ausbildung entschieden.","breadcrumb":{"@id":"https:\/\/www.euroakademie.de\/magazin\/ueberfliegerin-im-interview-mit-spitzenabitur-in-die-ausbildung\/#breadcrumb"},"inLanguage":"de","potentialAction":[{"@type":"ReadAction","target":["https:\/\/www.euroakademie.de\/magazin\/ueberfliegerin-im-interview-mit-spitzenabitur-in-die-ausbildung\/"]}]},{"@type":"ImageObject","inLanguage":"de","@id":"https:\/\/www.euroakademie.de\/magazin\/ueberfliegerin-im-interview-mit-spitzenabitur-in-die-ausbildung\/#primaryimage","url":"https:\/\/www.euroakademie.de\/magazin\/wp-content\/uploads\/2017\/02\/42-34964335_702x336-web.jpg","contentUrl":"https:\/\/www.euroakademie.de\/magazin\/wp-content\/uploads\/2017\/02\/42-34964335_702x336-web.jpg","width":702,"height":336,"caption":""},{"@type":"BreadcrumbList","@id":"https:\/\/www.euroakademie.de\/magazin\/ueberfliegerin-im-interview-mit-spitzenabitur-in-die-ausbildung\/#breadcrumb","itemListElement":[{"@type":"ListItem","position":1,"name":"Startseite","item":"https:\/\/www.euroakademie.de\/magazin\/"},{"@type":"ListItem","position":2,"name":"\u00dcberfliegerin im Interview \u2013 mit Traumschnitt in die Ausbildung"}]},{"@type":"WebSite","@id":"https:\/\/www.euroakademie.de\/magazin\/#website","url":"https:\/\/www.euroakademie.de\/magazin\/","name":"Das Euro Akademie Magazin","description":"Gut informiert durch Ausbildung und Studium","publisher":{"@id":"https:\/\/www.euroakademie.de\/magazin\/#organization"},"potentialAction":[{"@type":"SearchAction","target":{"@type":"EntryPoint","urlTemplate":"https:\/\/www.euroakademie.de\/magazin\/?s={search_term_string}"},"query-input":{"@type":"PropertyValueSpecification","valueRequired":true,"valueName":"search_term_string"}}],"inLanguage":"de"},{"@type":"Organization","@id":"https:\/\/www.euroakademie.de\/magazin\/#organization","name":"ESO Education Group","url":"https:\/\/www.euroakademie.de\/magazin\/","logo":{"@type":"ImageObject","inLanguage":"de","@id":"https:\/\/www.euroakademie.de\/magazin\/#\/schema\/logo\/image\/","url":"https:\/\/relaunch.euroakademie.de\/magazin\/wp-content\/uploads\/2024\/11\/Logo_EA_negativ_Rahmen_5cm_300dpi_RGB.jpg","contentUrl":"https:\/\/relaunch.euroakademie.de\/magazin\/wp-content\/uploads\/2024\/11\/Logo_EA_negativ_Rahmen_5cm_300dpi_RGB.jpg","width":591,"height":236,"caption":"ESO Education Group"},"image":{"@id":"https:\/\/www.euroakademie.de\/magazin\/#\/schema\/logo\/image\/"}},{"@type":"Person","@id":"https:\/\/www.euroakademie.de\/magazin\/#\/schema\/person\/bc82ae73082e3ac93c406d0d76cb0cff","name":"Katharina Boyens","description":"Katharina Boyens ist Germanistin und Anglistin mit einem Faible f\u00fcrs Schreiben. Von M\u00e4rz 2016 bis Januar 2021 bereicherte sie das Euro Akademie Magazin mit lesenswerten Beitr\u00e4gen in verschiedenen Rubriken.","url":"https:\/\/www.euroakademie.de\/magazin\/author\/pfaffk\/"}]}},"_links":{"self":[{"href":"https:\/\/www.euroakademie.de\/magazin\/wp-json\/wp\/v2\/posts\/5100","targetHints":{"allow":["GET"]}}],"collection":[{"href":"https:\/\/www.euroakademie.de\/magazin\/wp-json\/wp\/v2\/posts"}],"about":[{"href":"https:\/\/www.euroakademie.de\/magazin\/wp-json\/wp\/v2\/types\/post"}],"author":[{"embeddable":true,"href":"https:\/\/www.euroakademie.de\/magazin\/wp-json\/wp\/v2\/users\/37"}],"replies":[{"embeddable":true,"href":"https:\/\/www.euroakademie.de\/magazin\/wp-json\/wp\/v2\/comments?post=5100"}],"version-history":[{"count":1,"href":"https:\/\/www.euroakademie.de\/magazin\/wp-json\/wp\/v2\/posts\/5100\/revisions"}],"predecessor-version":[{"id":23469,"href":"https:\/\/www.euroakademie.de\/magazin\/wp-json\/wp\/v2\/posts\/5100\/revisions\/23469"}],"wp:featuredmedia":[{"embeddable":true,"href":"https:\/\/www.euroakademie.de\/magazin\/wp-json\/wp\/v2\/media\/6690"}],"wp:attachment":[{"href":"https:\/\/www.euroakademie.de\/magazin\/wp-json\/wp\/v2\/media?parent=5100"}],"wp:term":[{"taxonomy":"category","embeddable":true,"href":"https:\/\/www.euroakademie.de\/magazin\/wp-json\/wp\/v2\/categories?post=5100"},{"taxonomy":"post_tag","embeddable":true,"href":"https:\/\/www.euroakademie.de\/magazin\/wp-json\/wp\/v2\/tags?post=5100"}],"curies":[{"name":"wp","href":"https:\/\/api.w.org\/{rel}","templated":true}]}}