{"id":5119,"date":"2017-02-17T11:39:55","date_gmt":"2017-02-17T10:39:55","guid":{"rendered":"https:\/\/www.euroakademie.de\/magazin\/?p=5119"},"modified":"2017-02-17T11:39:55","modified_gmt":"2017-02-17T10:39:55","slug":"fsj-freiwilliges-soziales-jahr-an-einer-ganztagsschule","status":"publish","type":"post","link":"https:\/\/www.euroakademie.de\/magazin\/fsj-freiwilliges-soziales-jahr-an-einer-ganztagsschule\/","title":{"rendered":"FSJ \u2013 Freiwilliges Soziales Jahr an einer Ganztagsschule"},"content":{"rendered":"<p>\t\t\t\t<![CDATA[\n\n<div><strong>Eine der schwierigsten Entscheidungen in meiner schulischen Laufbahn stand mir im Jahr 2014 bevor: K\u00e4mpfe ich weiter um mein Abitur oder nehme ich mein Fachabitur und absolviere ein Freiwilliges Soziales Jahr an einer Ganztagsschule?<\/strong><\/div>\n\n\n\n\n<div>Entschieden habe ich mich f\u00fcr ein FSJ, da es schlecht aussah in meiner schulischen Laufbahn. Gegen Ende des Schuljahres habe ich mich an meiner alten Schule, wo ich meine mittlere Reife erworben habe, f\u00fcr ein Freiwilliges Jahr beworben, um die andere Seite \u2013 die Lehrerseite \u2013 kennenzulernen.<\/div>\n\n\n\n\n<div>Vermittelt wurde ich an diesen Standort durch die Organisation Kulturb\u00fcro Lahnstein. Sich ausprobieren, schauen, ob man dem Beruf des Lehrers gewachsen ist und ob man sich eine Zukunft mit Sch\u00fclern im beruflichen Alltag vorstellen kann. Mit diesen Gedanken und diesen Zielen begann ich in der letzten Sommerferienwoche mit meinem Kollegen das gemeinsame Jahr an der IGS in Emmelshausen.<\/div>\n\n\n\n\n<h3>Bunte Palette an Aufgaben<\/h3>\n\n\n\n\n<div>Vielf\u00e4ltige und zahlreiche Aufgabenbereiche erwarteten mich. Eine der Hauptaufgaben war die Verwaltung und das Sekretariat sowie B\u00fcroarbeiten im eigenen FSJ-Raum. Elternbriefe kopieren, Telefondienste der Sekret\u00e4rinnen \u00fcbernehmen, die Arbeit am Computer mit Excel, E-Mail Bearbeitung und vieles mehr standen mir bevor.<\/div>\n\n\n\n\n<div>Hausmeistert\u00e4tigkeiten wie zum Beispiel der Aufbau von B\u00fchnen f\u00fcr den Tag der offenen T\u00fcr sowie kleinere Reparaturen geh\u00f6rten zum Alltag dazu. Man hatte die M\u00f6glichkeit, an Klassenfahrten und Ausfl\u00fcgen teilzunehmen und diese mit zu organisieren.<\/div>\n\n\n\n\n<div>Eine der gr\u00f6\u00dften Herausforderungen war die Leitung und Organisation eines eigenen Projektes an unserer Schule. Zum Ende des Schuljahres erneuerten wir mit einer kleinen Gruppe von Sch\u00fclern den Fundkasten der Schule. Wir gaben somit den Kindern die Chance, in Zukunft ihre Wertsachen und Gegenst\u00e4nde in dem Kasten wiederzufinden.<\/div>\n\n\n\n\n<h3>Tagesablauf mit eigenen Schwerpunkten<\/h3>\n\n\n\n\n<div>Morgens meldete man sich im Sekretariat. Wenn es jedoch dort keine Aufgaben gab, begleitete man den Unterricht und stellte somit eine Unterst\u00fctzung f\u00fcr die Lehrkr\u00e4fte dar, indem man Fragen der Sch\u00fcler beantwortete und gemeinsam Aufgaben bearbeitete. Zu Anfang des Schuljahres konnte man sich einen eigenen Stundenplan erstellen, mit F\u00e4chern und Lehrern, die einem gefallen. Ebenfalls geh\u00f6rte es in seltenen F\u00e4llen dazu, eine Klasse komplett alleine zu vertreten und sich mit den Kindern in dieser Vertretungszeit zu besch\u00e4ftigen.<\/div>\n\n\n\n\n<h3>Pause f\u00fcr die Sch\u00fcler \u2013 Arbeit f\u00fcr die FSJler<\/h3>\n\n\n\n\n<div>Hatte man volle sechs Schulstunden hinter sich gebracht, gab es eine wohlverdiente halbst\u00fcndige Mittagspause und danach ging es in die n\u00e4chste Pause, und zwar in die Mittagspause der Sch\u00fcler. T\u00e4glich habe ich mich mit meinem Kollegen abgewechselt, was die Mensa- und Pausenaufsicht anging. In der Mensa wurde streng darauf geachtet, dass die Kinder sich ordentlich in einer Reihe f\u00fcr ihr Essen aufstellten, immer ihren Chip dabeihatten und nat\u00fcrlich auch ordentlich a\u00dfen und den Tisch sauber verlie\u00dfen. Bei der Pausenaufsicht ging es darum, mit den Kindern zu spielen (Ballspiele, Fangen etc) und zu schauen, dass alles mit Ordnung zugeht und keine Konflikte zwischen den Sch\u00fclern entstehen.<\/div>\n\n\n\n\n<h3>Nachmittagsgestaltung mit den Sch\u00fclern<\/h3>\n\n\n\n\n<div>Nach der Aufsicht ging es f\u00fcr alle Sch\u00fcler eine Stunde lang in die Hausaufgabenbetreuung.\u00a0 Wir FSJler waren nie alleine, ein anderer Lehrer oder ein Schulsozialarbeiter begleitete uns hierbei. Extrem wichtig war es, die Kinder selbstst\u00e4ndig arbeiten zu lassen und ihnen nicht andauernd zu helfen, au\u00dfer sie kamen wirklich nicht mehr mit den Aufgaben weiter.<\/div>\n\n\n\n\n<div>Eine entspannte oder auch actionreiche Stunde erwartete die Kinder nach der anstrengenden Hausaufgabenzeit mit einer kreativen Arbeitsgruppe (AG). Mein Kollege und ich kreierten zu Anfang unsere eigene AG, die wir auch zweimal die Woche durchf\u00fchrten. Unsere Spiele- und Freizeit-AG beinhaltete viele Brett-, Ball-, Karten- und Austobspiele. Unsere Mitglieder konnten jede Stunde einen individuellen Wunsch \u00e4u\u00dfern, wie sie die AG-Stunden verbringen wollten.<\/div>\n\n\n\n\n<div>F\u00fcr eine Viertelstunde durften wir am Ende des Tages noch die Busaufsicht machen. Unter strenger Beobachtung wurde daf\u00fcr gesorgt, dass alle Sch\u00fcler ihre Busse p\u00fcnktlich bekamen, dass keine Schultaschen zur\u00fcckgelassen wurden und dass Grundsch\u00fcler immer zuerst in den Bus einstiegen, da die \u00e4lteren Sch\u00fcler oftmals daf\u00fcr bekannt waren den Kleinen alle Sitzpl\u00e4tze wegzunehmen.<\/div>\n\n\n\n\n<h3>Zus\u00e4tzliche p\u00e4dagogische Bildung<\/h3>\n\n\n\n\n<div>Die Organisation hat viermal im Jahr Pflichtseminare organisiert. Insgesamt 400 FSJler von anderen Ganztagsschulen arbeiteten ebenfalls f\u00fcr das Kulturb\u00fcro und nahmen auch an den Seminaren teil. Geboten wurden uns vielf\u00e4ltige Themenbereiche in vier verschiedenen St\u00e4dten am Rhein: konfrontative P\u00e4dagogik, eine freie Workshopwahl (Sexualkunde, Theater, Gedichte, Erste Hilfe usw.), Projektworkshops (Zusammenschlie\u00dfung in Kleingruppen sowie Organisation und Durchf\u00fchrung eines kleinen Projektes) und schlussendlich eine kreative und k\u00fcnstlerische Workshopauswahl (Theater, Tanz, Modenschau, T\u00f6pfern usw.).<\/div>\n\n\n\n\n<div>Ebenfalls geh\u00f6rte es dazu, insgesamt vier Pflichtbildungstage zu absolvieren und somit auch an einer anderen sozialen Einrichtung zu arbeiten. F\u00fcr meine Pflichttage verbrachte ich zwei Tage im Kindergarten und zwei Tage beim Programm Abenteuer Stadt.<\/div>\n\n\n\n\n<h3>Zwei Seiten der Medaille<\/h3>\n\n\n\n\n<div>Die negative Seite in diesem Jahr m\u00f6chte ich nicht verschweigen: Unkollegiales Verhalten und Respektlosigkeit gegen\u00fcber uns waren nur zwei der Probleme.\u00a0Doch unsere Mentoren aus der Organisation versuchten tatkr\u00e4ftig, mit dem Chef der Schule dar\u00fcber zu reden und diese zu kl\u00e4ren.<\/div>\n\n\n\n\n<div>Ein ganzes Jahr mit Sch\u00fclern der 5. bis 10. Klassen, monatliches Taschengeld in H\u00f6he von 380 Euro und der Einsatz in Gebiete, die von meinen eigenen F\u00e4higkeiten, Interessen und den M\u00f6glichkeiten der Schule abhingen, haben mich erwartet. Solch ein Jahr empfehle ich vor allem Menschen, die sich ein Lehramtsstudium vorstellen k\u00f6nnten und einige Erfahrungen im Bereich des Sozialen sammeln m\u00f6chten.<\/div>\n\n\n\n\n<div>Autorin: Alina Tissen, Ausbildung zur Fremdsprachenkorrespondentin, <a href=\"http:\/\/www.euroakademie.de\/mainz\">Euro Akademie Mainz<\/a><\/div>\n\n\n\n\n<div>Das k\u00f6nnte Sie auch interessieren:\n<a href=\"https:\/\/www.euroakademie.de\/magazin\/freiwilliges-soziales-jahr\/\">Das\u00a0Freiwillige Soziale Jahr<\/a>\n<a href=\"https:\/\/www.euroakademie.de\/magazin\/sympathie-im-klassenzimmer-die-lehrerin-mag-mich-sie-mag-mich-nicht\/\">Sympathie im Klassenzimmer \u2013 Die Lehrerin mag mich, sie mag mich nicht &#8230;<\/a>\n<a href=\"https:\/\/www.euroakademie.de\/magazin\/rollentausch-zwischen-lehrerin-und-kontrolleurin\/\">Rollentausch: Zwischen Lehrerin und Kontrolleurin<\/a>\n<a href=\"https:\/\/www.euroakademie.de\/magazin\/mein-praktikum-in-belgien-mit-erasmus\/\">Mein Praktikum in Belgien mit Erasmus+<\/a><\/div>\n\n]]>\t\t<\/p>\n","protected":false},"excerpt":{"rendered":"<p>\t\t\t\t<![CDATA[]]>\t\t<\/p>\n","protected":false},"author":25,"featured_media":6685,"comment_status":"closed","ping_status":"closed","sticky":false,"template":"","format":"standard","meta":{"footnotes":""},"categories":[148,37],"tags":[3157,3277,3328,5119],"class_list":{"0":"post-5119","1":"post","2":"type-post","3":"status-publish","4":"format-standard","5":"has-post-thumbnail","7":"category-mainz","8":"category-von-schuelern-fuer-schueler","9":"tag-freiwilliges-soziales-jahr","10":"tag-fsj","11":"tag-ganztagsschule","12":"tag-lehrerberuf"},"yoast_head":"<!-- This site is optimized with the Yoast SEO plugin v23.5 - https:\/\/yoast.com\/wordpress\/plugins\/seo\/ -->\n<title>FSJ - Freiwilliges Soziales Jahr an einer Ganztagsschule<\/title>\n<meta name=\"description\" content=\"Sch\u00fclerin Alina Tissen berichtet von ihren Erfahrungen und empfiehlt das FSJ an einer Schule all denen, die sich f\u00fcr ein Lehramtsstudium interessieren.\" \/>\n<meta name=\"robots\" content=\"index, follow, max-snippet:-1, max-image-preview:large, max-video-preview:-1\" \/>\n<link rel=\"canonical\" href=\"https:\/\/www.euroakademie.de\/magazin\/fsj-freiwilliges-soziales-jahr-an-einer-ganztagsschule\/\" \/>\n<meta property=\"og:locale\" content=\"de_DE\" \/>\n<meta property=\"og:type\" content=\"article\" \/>\n<meta property=\"og:title\" content=\"FSJ - Freiwilliges Soziales Jahr an einer Ganztagsschule\" \/>\n<meta property=\"og:description\" content=\"Sch\u00fclerin Alina Tissen berichtet von ihren Erfahrungen und empfiehlt das FSJ an einer Schule all denen, die sich f\u00fcr ein Lehramtsstudium interessieren.\" \/>\n<meta property=\"og:url\" content=\"https:\/\/www.euroakademie.de\/magazin\/fsj-freiwilliges-soziales-jahr-an-einer-ganztagsschule\/\" \/>\n<meta property=\"og:site_name\" content=\"Das Euro Akademie Magazin\" \/>\n<meta property=\"article:published_time\" content=\"2017-02-17T10:39:55+00:00\" \/>\n<meta property=\"og:image\" content=\"https:\/\/www.euroakademie.de\/magazin\/wp-content\/uploads\/2017\/02\/shutterstock_410522830_702x336_web.jpg\" \/>\n\t<meta property=\"og:image:width\" content=\"703\" \/>\n\t<meta property=\"og:image:height\" content=\"336\" \/>\n\t<meta property=\"og:image:type\" content=\"image\/jpeg\" \/>\n<meta name=\"author\" content=\"Sch\u00fcler*innen der Euro Akademie\" \/>\n<meta name=\"twitter:card\" content=\"summary_large_image\" \/>\n<meta name=\"twitter:label1\" content=\"Verfasst von\" \/>\n\t<meta name=\"twitter:data1\" content=\"Sch\u00fcler*innen der Euro Akademie\" \/>\n\t<meta name=\"twitter:label2\" content=\"Gesch\u00e4tzte Lesezeit\" \/>\n\t<meta name=\"twitter:data2\" content=\"5\u00a0Minuten\" \/>\n<script type=\"application\/ld+json\" class=\"yoast-schema-graph\">{\"@context\":\"https:\/\/schema.org\",\"@graph\":[{\"@type\":\"Article\",\"@id\":\"https:\/\/www.euroakademie.de\/magazin\/fsj-freiwilliges-soziales-jahr-an-einer-ganztagsschule\/#article\",\"isPartOf\":{\"@id\":\"https:\/\/www.euroakademie.de\/magazin\/fsj-freiwilliges-soziales-jahr-an-einer-ganztagsschule\/\"},\"author\":{\"name\":\"Sch\u00fcler*innen der Euro Akademie\",\"@id\":\"https:\/\/www.euroakademie.de\/magazin\/#\/schema\/person\/88061163260e860aeebdcfa336a1a0d7\"},\"headline\":\"FSJ \u2013 Freiwilliges Soziales Jahr an einer Ganztagsschule\",\"datePublished\":\"2017-02-17T10:39:55+00:00\",\"dateModified\":\"2017-02-17T10:39:55+00:00\",\"mainEntityOfPage\":{\"@id\":\"https:\/\/www.euroakademie.de\/magazin\/fsj-freiwilliges-soziales-jahr-an-einer-ganztagsschule\/\"},\"wordCount\":965,\"publisher\":{\"@id\":\"https:\/\/www.euroakademie.de\/magazin\/#organization\"},\"image\":{\"@id\":\"https:\/\/www.euroakademie.de\/magazin\/fsj-freiwilliges-soziales-jahr-an-einer-ganztagsschule\/#primaryimage\"},\"thumbnailUrl\":\"https:\/\/www.euroakademie.de\/magazin\/wp-content\/uploads\/2017\/02\/shutterstock_410522830_702x336_web.jpg\",\"keywords\":[\"Freiwilliges Soziales Jahr\",\"FSJ\",\"Ganztagsschule\",\"Lehrerberuf\"],\"articleSection\":[\"Mainz\",\"Von Sch\u00fclern f\u00fcr Sch\u00fcler\"],\"inLanguage\":\"de\"},{\"@type\":\"WebPage\",\"@id\":\"https:\/\/www.euroakademie.de\/magazin\/fsj-freiwilliges-soziales-jahr-an-einer-ganztagsschule\/\",\"url\":\"https:\/\/www.euroakademie.de\/magazin\/fsj-freiwilliges-soziales-jahr-an-einer-ganztagsschule\/\",\"name\":\"FSJ - Freiwilliges Soziales Jahr an einer Ganztagsschule\",\"isPartOf\":{\"@id\":\"https:\/\/www.euroakademie.de\/magazin\/#website\"},\"primaryImageOfPage\":{\"@id\":\"https:\/\/www.euroakademie.de\/magazin\/fsj-freiwilliges-soziales-jahr-an-einer-ganztagsschule\/#primaryimage\"},\"image\":{\"@id\":\"https:\/\/www.euroakademie.de\/magazin\/fsj-freiwilliges-soziales-jahr-an-einer-ganztagsschule\/#primaryimage\"},\"thumbnailUrl\":\"https:\/\/www.euroakademie.de\/magazin\/wp-content\/uploads\/2017\/02\/shutterstock_410522830_702x336_web.jpg\",\"datePublished\":\"2017-02-17T10:39:55+00:00\",\"dateModified\":\"2017-02-17T10:39:55+00:00\",\"description\":\"Sch\u00fclerin Alina Tissen berichtet von ihren Erfahrungen und empfiehlt das FSJ an einer Schule all denen, die sich f\u00fcr ein Lehramtsstudium interessieren.\",\"breadcrumb\":{\"@id\":\"https:\/\/www.euroakademie.de\/magazin\/fsj-freiwilliges-soziales-jahr-an-einer-ganztagsschule\/#breadcrumb\"},\"inLanguage\":\"de\",\"potentialAction\":[{\"@type\":\"ReadAction\",\"target\":[\"https:\/\/www.euroakademie.de\/magazin\/fsj-freiwilliges-soziales-jahr-an-einer-ganztagsschule\/\"]}]},{\"@type\":\"ImageObject\",\"inLanguage\":\"de\",\"@id\":\"https:\/\/www.euroakademie.de\/magazin\/fsj-freiwilliges-soziales-jahr-an-einer-ganztagsschule\/#primaryimage\",\"url\":\"https:\/\/www.euroakademie.de\/magazin\/wp-content\/uploads\/2017\/02\/shutterstock_410522830_702x336_web.jpg\",\"contentUrl\":\"https:\/\/www.euroakademie.de\/magazin\/wp-content\/uploads\/2017\/02\/shutterstock_410522830_702x336_web.jpg\",\"width\":703,\"height\":336,\"caption\":\"\"},{\"@type\":\"BreadcrumbList\",\"@id\":\"https:\/\/www.euroakademie.de\/magazin\/fsj-freiwilliges-soziales-jahr-an-einer-ganztagsschule\/#breadcrumb\",\"itemListElement\":[{\"@type\":\"ListItem\",\"position\":1,\"name\":\"Startseite\",\"item\":\"https:\/\/www.euroakademie.de\/magazin\/\"},{\"@type\":\"ListItem\",\"position\":2,\"name\":\"FSJ \u2013 Freiwilliges Soziales Jahr an einer Ganztagsschule\"}]},{\"@type\":\"WebSite\",\"@id\":\"https:\/\/www.euroakademie.de\/magazin\/#website\",\"url\":\"https:\/\/www.euroakademie.de\/magazin\/\",\"name\":\"Das Euro Akademie Magazin\",\"description\":\"Gut informiert durch Ausbildung und Studium\",\"publisher\":{\"@id\":\"https:\/\/www.euroakademie.de\/magazin\/#organization\"},\"potentialAction\":[{\"@type\":\"SearchAction\",\"target\":{\"@type\":\"EntryPoint\",\"urlTemplate\":\"https:\/\/www.euroakademie.de\/magazin\/?s={search_term_string}\"},\"query-input\":{\"@type\":\"PropertyValueSpecification\",\"valueRequired\":true,\"valueName\":\"search_term_string\"}}],\"inLanguage\":\"de\"},{\"@type\":\"Organization\",\"@id\":\"https:\/\/www.euroakademie.de\/magazin\/#organization\",\"name\":\"ESO Education Group\",\"url\":\"https:\/\/www.euroakademie.de\/magazin\/\",\"logo\":{\"@type\":\"ImageObject\",\"inLanguage\":\"de\",\"@id\":\"https:\/\/www.euroakademie.de\/magazin\/#\/schema\/logo\/image\/\",\"url\":\"https:\/\/relaunch.euroakademie.de\/magazin\/wp-content\/uploads\/2024\/11\/Logo_EA_negativ_Rahmen_5cm_300dpi_RGB.jpg\",\"contentUrl\":\"https:\/\/relaunch.euroakademie.de\/magazin\/wp-content\/uploads\/2024\/11\/Logo_EA_negativ_Rahmen_5cm_300dpi_RGB.jpg\",\"width\":591,\"height\":236,\"caption\":\"ESO Education Group\"},\"image\":{\"@id\":\"https:\/\/www.euroakademie.de\/magazin\/#\/schema\/logo\/image\/\"}},{\"@type\":\"Person\",\"@id\":\"https:\/\/www.euroakademie.de\/magazin\/#\/schema\/person\/88061163260e860aeebdcfa336a1a0d7\",\"name\":\"Sch\u00fcler*innen der Euro Akademie\",\"description\":\"Unter diesem Autorennamen schildern Sch\u00fcler*innen der Euro Akademien ihre pers\u00f6nlichen Erfahrungen zum Thema Ausbildung, berichten \u00fcber Projekte, Praktika oder Veranstaltungen und geben anderen Lernenden wertvolle Tipps. Sie gehen dabei auf Fragen ein, auf die sie vor und in ihrer Ausbildungszeit selbst gern Antworten gehabt h\u00e4tten.\",\"url\":\"https:\/\/www.euroakademie.de\/magazin\/author\/schueler\/\"}]}<\/script>\n<!-- \/ Yoast SEO plugin. -->","yoast_head_json":{"title":"FSJ - Freiwilliges Soziales Jahr an einer Ganztagsschule","description":"Sch\u00fclerin Alina Tissen berichtet von ihren Erfahrungen und empfiehlt das FSJ an einer Schule all denen, die sich f\u00fcr ein Lehramtsstudium interessieren.","robots":{"index":"index","follow":"follow","max-snippet":"max-snippet:-1","max-image-preview":"max-image-preview:large","max-video-preview":"max-video-preview:-1"},"canonical":"https:\/\/www.euroakademie.de\/magazin\/fsj-freiwilliges-soziales-jahr-an-einer-ganztagsschule\/","og_locale":"de_DE","og_type":"article","og_title":"FSJ - Freiwilliges Soziales Jahr an einer Ganztagsschule","og_description":"Sch\u00fclerin Alina Tissen berichtet von ihren Erfahrungen und empfiehlt das FSJ an einer Schule all denen, die sich f\u00fcr ein Lehramtsstudium interessieren.","og_url":"https:\/\/www.euroakademie.de\/magazin\/fsj-freiwilliges-soziales-jahr-an-einer-ganztagsschule\/","og_site_name":"Das Euro Akademie Magazin","article_published_time":"2017-02-17T10:39:55+00:00","og_image":[{"width":703,"height":336,"url":"https:\/\/www.euroakademie.de\/magazin\/wp-content\/uploads\/2017\/02\/shutterstock_410522830_702x336_web.jpg","type":"image\/jpeg"}],"author":"Sch\u00fcler*innen der Euro Akademie","twitter_card":"summary_large_image","twitter_misc":{"Verfasst von":"Sch\u00fcler*innen der Euro Akademie","Gesch\u00e4tzte Lesezeit":"5\u00a0Minuten"},"schema":{"@context":"https:\/\/schema.org","@graph":[{"@type":"Article","@id":"https:\/\/www.euroakademie.de\/magazin\/fsj-freiwilliges-soziales-jahr-an-einer-ganztagsschule\/#article","isPartOf":{"@id":"https:\/\/www.euroakademie.de\/magazin\/fsj-freiwilliges-soziales-jahr-an-einer-ganztagsschule\/"},"author":{"name":"Sch\u00fcler*innen der Euro Akademie","@id":"https:\/\/www.euroakademie.de\/magazin\/#\/schema\/person\/88061163260e860aeebdcfa336a1a0d7"},"headline":"FSJ \u2013 Freiwilliges Soziales Jahr an einer Ganztagsschule","datePublished":"2017-02-17T10:39:55+00:00","dateModified":"2017-02-17T10:39:55+00:00","mainEntityOfPage":{"@id":"https:\/\/www.euroakademie.de\/magazin\/fsj-freiwilliges-soziales-jahr-an-einer-ganztagsschule\/"},"wordCount":965,"publisher":{"@id":"https:\/\/www.euroakademie.de\/magazin\/#organization"},"image":{"@id":"https:\/\/www.euroakademie.de\/magazin\/fsj-freiwilliges-soziales-jahr-an-einer-ganztagsschule\/#primaryimage"},"thumbnailUrl":"https:\/\/www.euroakademie.de\/magazin\/wp-content\/uploads\/2017\/02\/shutterstock_410522830_702x336_web.jpg","keywords":["Freiwilliges Soziales Jahr","FSJ","Ganztagsschule","Lehrerberuf"],"articleSection":["Mainz","Von Sch\u00fclern f\u00fcr Sch\u00fcler"],"inLanguage":"de"},{"@type":"WebPage","@id":"https:\/\/www.euroakademie.de\/magazin\/fsj-freiwilliges-soziales-jahr-an-einer-ganztagsschule\/","url":"https:\/\/www.euroakademie.de\/magazin\/fsj-freiwilliges-soziales-jahr-an-einer-ganztagsschule\/","name":"FSJ - Freiwilliges Soziales Jahr an einer Ganztagsschule","isPartOf":{"@id":"https:\/\/www.euroakademie.de\/magazin\/#website"},"primaryImageOfPage":{"@id":"https:\/\/www.euroakademie.de\/magazin\/fsj-freiwilliges-soziales-jahr-an-einer-ganztagsschule\/#primaryimage"},"image":{"@id":"https:\/\/www.euroakademie.de\/magazin\/fsj-freiwilliges-soziales-jahr-an-einer-ganztagsschule\/#primaryimage"},"thumbnailUrl":"https:\/\/www.euroakademie.de\/magazin\/wp-content\/uploads\/2017\/02\/shutterstock_410522830_702x336_web.jpg","datePublished":"2017-02-17T10:39:55+00:00","dateModified":"2017-02-17T10:39:55+00:00","description":"Sch\u00fclerin Alina Tissen berichtet von ihren Erfahrungen und empfiehlt das FSJ an einer Schule all denen, die sich f\u00fcr ein Lehramtsstudium interessieren.","breadcrumb":{"@id":"https:\/\/www.euroakademie.de\/magazin\/fsj-freiwilliges-soziales-jahr-an-einer-ganztagsschule\/#breadcrumb"},"inLanguage":"de","potentialAction":[{"@type":"ReadAction","target":["https:\/\/www.euroakademie.de\/magazin\/fsj-freiwilliges-soziales-jahr-an-einer-ganztagsschule\/"]}]},{"@type":"ImageObject","inLanguage":"de","@id":"https:\/\/www.euroakademie.de\/magazin\/fsj-freiwilliges-soziales-jahr-an-einer-ganztagsschule\/#primaryimage","url":"https:\/\/www.euroakademie.de\/magazin\/wp-content\/uploads\/2017\/02\/shutterstock_410522830_702x336_web.jpg","contentUrl":"https:\/\/www.euroakademie.de\/magazin\/wp-content\/uploads\/2017\/02\/shutterstock_410522830_702x336_web.jpg","width":703,"height":336,"caption":""},{"@type":"BreadcrumbList","@id":"https:\/\/www.euroakademie.de\/magazin\/fsj-freiwilliges-soziales-jahr-an-einer-ganztagsschule\/#breadcrumb","itemListElement":[{"@type":"ListItem","position":1,"name":"Startseite","item":"https:\/\/www.euroakademie.de\/magazin\/"},{"@type":"ListItem","position":2,"name":"FSJ \u2013 Freiwilliges Soziales Jahr an einer Ganztagsschule"}]},{"@type":"WebSite","@id":"https:\/\/www.euroakademie.de\/magazin\/#website","url":"https:\/\/www.euroakademie.de\/magazin\/","name":"Das Euro Akademie Magazin","description":"Gut informiert durch Ausbildung und Studium","publisher":{"@id":"https:\/\/www.euroakademie.de\/magazin\/#organization"},"potentialAction":[{"@type":"SearchAction","target":{"@type":"EntryPoint","urlTemplate":"https:\/\/www.euroakademie.de\/magazin\/?s={search_term_string}"},"query-input":{"@type":"PropertyValueSpecification","valueRequired":true,"valueName":"search_term_string"}}],"inLanguage":"de"},{"@type":"Organization","@id":"https:\/\/www.euroakademie.de\/magazin\/#organization","name":"ESO Education Group","url":"https:\/\/www.euroakademie.de\/magazin\/","logo":{"@type":"ImageObject","inLanguage":"de","@id":"https:\/\/www.euroakademie.de\/magazin\/#\/schema\/logo\/image\/","url":"https:\/\/relaunch.euroakademie.de\/magazin\/wp-content\/uploads\/2024\/11\/Logo_EA_negativ_Rahmen_5cm_300dpi_RGB.jpg","contentUrl":"https:\/\/relaunch.euroakademie.de\/magazin\/wp-content\/uploads\/2024\/11\/Logo_EA_negativ_Rahmen_5cm_300dpi_RGB.jpg","width":591,"height":236,"caption":"ESO Education Group"},"image":{"@id":"https:\/\/www.euroakademie.de\/magazin\/#\/schema\/logo\/image\/"}},{"@type":"Person","@id":"https:\/\/www.euroakademie.de\/magazin\/#\/schema\/person\/88061163260e860aeebdcfa336a1a0d7","name":"Sch\u00fcler*innen der Euro Akademie","description":"Unter diesem Autorennamen schildern Sch\u00fcler*innen der Euro Akademien ihre pers\u00f6nlichen Erfahrungen zum Thema Ausbildung, berichten \u00fcber Projekte, Praktika oder Veranstaltungen und geben anderen Lernenden wertvolle Tipps. Sie gehen dabei auf Fragen ein, auf die sie vor und in ihrer Ausbildungszeit selbst gern Antworten gehabt h\u00e4tten.","url":"https:\/\/www.euroakademie.de\/magazin\/author\/schueler\/"}]}},"_links":{"self":[{"href":"https:\/\/www.euroakademie.de\/magazin\/wp-json\/wp\/v2\/posts\/5119","targetHints":{"allow":["GET"]}}],"collection":[{"href":"https:\/\/www.euroakademie.de\/magazin\/wp-json\/wp\/v2\/posts"}],"about":[{"href":"https:\/\/www.euroakademie.de\/magazin\/wp-json\/wp\/v2\/types\/post"}],"author":[{"embeddable":true,"href":"https:\/\/www.euroakademie.de\/magazin\/wp-json\/wp\/v2\/users\/25"}],"replies":[{"embeddable":true,"href":"https:\/\/www.euroakademie.de\/magazin\/wp-json\/wp\/v2\/comments?post=5119"}],"version-history":[{"count":0,"href":"https:\/\/www.euroakademie.de\/magazin\/wp-json\/wp\/v2\/posts\/5119\/revisions"}],"wp:featuredmedia":[{"embeddable":true,"href":"https:\/\/www.euroakademie.de\/magazin\/wp-json\/wp\/v2\/media\/6685"}],"wp:attachment":[{"href":"https:\/\/www.euroakademie.de\/magazin\/wp-json\/wp\/v2\/media?parent=5119"}],"wp:term":[{"taxonomy":"category","embeddable":true,"href":"https:\/\/www.euroakademie.de\/magazin\/wp-json\/wp\/v2\/categories?post=5119"},{"taxonomy":"post_tag","embeddable":true,"href":"https:\/\/www.euroakademie.de\/magazin\/wp-json\/wp\/v2\/tags?post=5119"}],"curies":[{"name":"wp","href":"https:\/\/api.w.org\/{rel}","templated":true}]}}