{"id":5127,"date":"2017-02-20T12:32:30","date_gmt":"2017-02-20T11:32:30","guid":{"rendered":"https:\/\/www.euroakademie.de\/magazin\/?p=5127"},"modified":"2017-02-20T12:32:30","modified_gmt":"2017-02-20T11:32:30","slug":"linktipp-endlich-in-die-eigene-wohnung","status":"publish","type":"post","link":"https:\/\/www.euroakademie.de\/magazin\/linktipp-endlich-in-die-eigene-wohnung\/","title":{"rendered":"Linktipp: Endlich in die eigene Wohnung \u2013 aber wie?"},"content":{"rendered":"<p>\t\t\t\t<![CDATA[<strong>Die erste eigene Wohnung ist ein Traum, den viele nach dem Schulabschluss verwirklichen. Vor dem Umzug gibt es allerdings einiges zu beachten und einige Stolperfallen aus dem Weg zu r\u00e4umen.<\/strong>\n\n\u201eBring den M\u00fcll raus!\u201c, \u201eR\u00e4um dein Zimmer auf!\u201c, \u201ePutz das Bad!\u201c, \u201eBleib am Wochenende daheim! Du musst nicht auf jeder Party sein.\u201c Diese und noch viele weitere S\u00e4tze sind es, die bei jungen Erwachsenen irgendwann das Fass zum \u00dcberlaufen bringen. Geht es Ihnen auch so? Pl\u00f6tzlich sp\u00fcren Sie einfach, dass es Zeit ist, auf eigenen F\u00fc\u00dfen zu stehen. Ein guter Zeitpunkt, von daheim in eine elternfreie Wohnung zu wechseln, ist beispielsweise der Beginn der Ausbildung, des Studiums oder der Berufsstart. Dann k\u00f6nnen Sie ganzheitlich in eine neue, eigenverantwortliche Lebensphase eintreten.\n\n\n<h2>Eine Wohnung ganz ohne Regeln?<\/h2>\n\n\nIst der Plan gefasst und Sie machen sich aufgeregt daran, eine Bleibe zu finden, werden Sie schnell feststellen, dass Fl\u00fcggewerden gar nicht so einfach ist. Eine gro\u00dfe Rolle dabei spielen der \u00fcberlaufene Wohnungsmarkt, Ihr vermutlich eher knappes Budget und Ihre Unerfahrenheit in Sachen Wohnungssuche. Haben Sie f\u00fcr sich entschieden, in welcher Stadt und welchem Stadtteil Ihr neues Zuhause sein soll, folgen schnell zahlreiche weitere Fragen: Wie viele Mitbewohner sind f\u00fcr Sie in Ordnung? Ist die verlangte Miete zu hoch oder liegt sie im Durchschnitt? Worauf achten Sie besonders bei der Besichtigung? Was darf alles im Mietvertrag stehen?\n\nNat\u00fcrlich wollen Sie selbstst\u00e4ndig sein und eigene Erfahrungen sammeln, aber lassen Sie sich bei diesen Dingen ruhig von einem Vertrauten beraten \u2013 und seien es dann doch wieder Ihre Eltern. Da niemand alles wissen kann, finden Sie im Artikel<a href=\"https:\/\/ratgeber.immowelt.de\/a\/erste-eigene-wohnung-ueberlebenshilfe-fuer-den-start-in-die-unabhaengigkeit.html\" target=\"_blank\" rel=\"noopener\"> \u201eErste eigene Wohnung: \u00dcberlebenshilfe f\u00fcr den Start in die Unabh\u00e4ngigkeit\u201c<\/a> von Isabel Naus auf immowelt.de einige Kriterien, die Sie unbedingt beachten sollten. Auch auf rechtliche Angelegenheiten bez\u00fcglich Mietvertrag und Kaution wird hingewiesen.\n\nNehmen Sie sich diese Punkte zu Herzen, bevor Sie Hals \u00fcber Kopf einen Mietvertrag unterschreiben. Das kann Ihnen viel \u00c4rger und vielleicht sogar ein paar Euro im Monat sparen. So wird Ihr Traum von der Selbstst\u00e4ndigkeit nicht zum Albtraum.\n\n<strong>Das k\u00f6nnte Sie auch interessieren:<\/strong>\n<a href=\"https:\/\/www.euroakademie.de\/magazin\/nase-voll-von-mamas-rockzipfel-ausziehen-fuer-anfaenger\/\"> Suchen Nase voll von Mamas Rockzipfel \u2013 Ausziehen f\u00fcr Anf\u00e4nger<\/a>\n<a href=\"https:\/\/www.euroakademie.de\/magazin\/eigene-wohnung-welcher-wohntyp-bin-ich\/\">Erste eigene Wohnung: Welcher Wohntyp bin ich?<\/a>\n<a href=\"https:\/\/www.euroakademie.de\/magazin\/knappes-budget-das-jonglieren-mit-den-ausgaben\/\">Knappes Budget: Das Jonglieren mit den Ausgaben<\/a>]]>\t\t<\/p>\n","protected":false},"excerpt":{"rendered":"<p>\t\t\t\t<![CDATA[]]>\t\t<\/p>\n","protected":false},"author":7,"featured_media":5129,"comment_status":"closed","ping_status":"closed","sticky":false,"template":"","format":"standard","meta":{"footnotes":""},"categories":[139],"tags":[991,5638,5641,5644,9301,9304],"class_list":{"0":"post-5127","1":"post","2":"type-post","3":"status-publish","4":"format-standard","5":"has-post-thumbnail","7":"category-lesetipps","8":"tag-auszug","9":"tag-mieten","10":"tag-mietvertrag","11":"tag-mietwohnung","12":"tag-wohnung","13":"tag-wohnungsbesichtigung"},"yoast_head":"<!-- This site is optimized with the Yoast SEO plugin v23.5 - https:\/\/yoast.com\/wordpress\/plugins\/seo\/ -->\n<title>Linktipp: Endlich in die eigene Wohnung \u2013 aber wie?<\/title>\n<meta name=\"description\" content=\"Die erste eigene Wohnung ist ein Traum, den viele nach dem Schulabschluss verwirklichen. Vor dem Umzug gibt es allerdings einiges zu beachten.\" \/>\n<meta name=\"robots\" content=\"index, follow, max-snippet:-1, max-image-preview:large, max-video-preview:-1\" \/>\n<link rel=\"canonical\" href=\"https:\/\/www.euroakademie.de\/magazin\/linktipp-endlich-in-die-eigene-wohnung\/\" \/>\n<meta property=\"og:locale\" content=\"de_DE\" \/>\n<meta property=\"og:type\" content=\"article\" \/>\n<meta property=\"og:title\" content=\"Linktipp: Endlich in die eigene Wohnung \u2013 aber wie?\" \/>\n<meta property=\"og:description\" content=\"Die erste eigene Wohnung ist ein Traum, den viele nach dem Schulabschluss verwirklichen. Vor dem Umzug gibt es allerdings einiges zu beachten.\" \/>\n<meta property=\"og:url\" content=\"https:\/\/www.euroakademie.de\/magazin\/linktipp-endlich-in-die-eigene-wohnung\/\" \/>\n<meta property=\"og:site_name\" content=\"Das Euro Akademie Magazin\" \/>\n<meta property=\"article:published_time\" content=\"2017-02-20T11:32:30+00:00\" \/>\n<meta property=\"og:image\" content=\"https:\/\/www.euroakademie.de\/magazin\/wp-content\/uploads\/2017\/02\/home-1822424_1920_702x336-w.jpg\" \/>\n\t<meta property=\"og:image:width\" content=\"702\" \/>\n\t<meta property=\"og:image:height\" content=\"336\" \/>\n\t<meta property=\"og:image:type\" content=\"image\/jpeg\" \/>\n<meta name=\"author\" content=\"Redaktion\" \/>\n<meta name=\"twitter:card\" content=\"summary_large_image\" \/>\n<meta name=\"twitter:label1\" content=\"Verfasst von\" \/>\n\t<meta name=\"twitter:data1\" content=\"Redaktion\" \/>\n\t<meta name=\"twitter:label2\" content=\"Gesch\u00e4tzte Lesezeit\" \/>\n\t<meta name=\"twitter:data2\" content=\"2\u00a0Minuten\" \/>\n<script type=\"application\/ld+json\" class=\"yoast-schema-graph\">{\"@context\":\"https:\/\/schema.org\",\"@graph\":[{\"@type\":\"Article\",\"@id\":\"https:\/\/www.euroakademie.de\/magazin\/linktipp-endlich-in-die-eigene-wohnung\/#article\",\"isPartOf\":{\"@id\":\"https:\/\/www.euroakademie.de\/magazin\/linktipp-endlich-in-die-eigene-wohnung\/\"},\"author\":{\"name\":\"Redaktion\",\"@id\":\"https:\/\/www.euroakademie.de\/magazin\/#\/schema\/person\/6c9b7b6db765ee31640d80c936be3686\"},\"headline\":\"Linktipp: Endlich in die eigene Wohnung \u2013 aber wie?\",\"datePublished\":\"2017-02-20T11:32:30+00:00\",\"dateModified\":\"2017-02-20T11:32:30+00:00\",\"mainEntityOfPage\":{\"@id\":\"https:\/\/www.euroakademie.de\/magazin\/linktipp-endlich-in-die-eigene-wohnung\/\"},\"wordCount\":389,\"publisher\":{\"@id\":\"https:\/\/www.euroakademie.de\/magazin\/#organization\"},\"image\":{\"@id\":\"https:\/\/www.euroakademie.de\/magazin\/linktipp-endlich-in-die-eigene-wohnung\/#primaryimage\"},\"thumbnailUrl\":\"https:\/\/www.euroakademie.de\/magazin\/wp-content\/uploads\/2017\/02\/home-1822424_1920_702x336-w.jpg\",\"keywords\":[\"Auszug\",\"mieten\",\"Mietvertrag\",\"Mietwohnung\",\"Wohnung\",\"Wohnungsbesichtigung\"],\"articleSection\":[\"Link- und Lesetipps\"],\"inLanguage\":\"de\"},{\"@type\":\"WebPage\",\"@id\":\"https:\/\/www.euroakademie.de\/magazin\/linktipp-endlich-in-die-eigene-wohnung\/\",\"url\":\"https:\/\/www.euroakademie.de\/magazin\/linktipp-endlich-in-die-eigene-wohnung\/\",\"name\":\"Linktipp: Endlich in die eigene Wohnung \u2013 aber wie?\",\"isPartOf\":{\"@id\":\"https:\/\/www.euroakademie.de\/magazin\/#website\"},\"primaryImageOfPage\":{\"@id\":\"https:\/\/www.euroakademie.de\/magazin\/linktipp-endlich-in-die-eigene-wohnung\/#primaryimage\"},\"image\":{\"@id\":\"https:\/\/www.euroakademie.de\/magazin\/linktipp-endlich-in-die-eigene-wohnung\/#primaryimage\"},\"thumbnailUrl\":\"https:\/\/www.euroakademie.de\/magazin\/wp-content\/uploads\/2017\/02\/home-1822424_1920_702x336-w.jpg\",\"datePublished\":\"2017-02-20T11:32:30+00:00\",\"dateModified\":\"2017-02-20T11:32:30+00:00\",\"description\":\"Die erste eigene Wohnung ist ein Traum, den viele nach dem Schulabschluss verwirklichen. Vor dem Umzug gibt es allerdings einiges zu beachten.\",\"breadcrumb\":{\"@id\":\"https:\/\/www.euroakademie.de\/magazin\/linktipp-endlich-in-die-eigene-wohnung\/#breadcrumb\"},\"inLanguage\":\"de\",\"potentialAction\":[{\"@type\":\"ReadAction\",\"target\":[\"https:\/\/www.euroakademie.de\/magazin\/linktipp-endlich-in-die-eigene-wohnung\/\"]}]},{\"@type\":\"ImageObject\",\"inLanguage\":\"de\",\"@id\":\"https:\/\/www.euroakademie.de\/magazin\/linktipp-endlich-in-die-eigene-wohnung\/#primaryimage\",\"url\":\"https:\/\/www.euroakademie.de\/magazin\/wp-content\/uploads\/2017\/02\/home-1822424_1920_702x336-w.jpg\",\"contentUrl\":\"https:\/\/www.euroakademie.de\/magazin\/wp-content\/uploads\/2017\/02\/home-1822424_1920_702x336-w.jpg\",\"width\":702,\"height\":336,\"caption\":\"\"},{\"@type\":\"BreadcrumbList\",\"@id\":\"https:\/\/www.euroakademie.de\/magazin\/linktipp-endlich-in-die-eigene-wohnung\/#breadcrumb\",\"itemListElement\":[{\"@type\":\"ListItem\",\"position\":1,\"name\":\"Startseite\",\"item\":\"https:\/\/www.euroakademie.de\/magazin\/\"},{\"@type\":\"ListItem\",\"position\":2,\"name\":\"Linktipp: Endlich in die eigene Wohnung \u2013 aber wie?\"}]},{\"@type\":\"WebSite\",\"@id\":\"https:\/\/www.euroakademie.de\/magazin\/#website\",\"url\":\"https:\/\/www.euroakademie.de\/magazin\/\",\"name\":\"Das Euro Akademie Magazin\",\"description\":\"Gut informiert durch Ausbildung und Studium\",\"publisher\":{\"@id\":\"https:\/\/www.euroakademie.de\/magazin\/#organization\"},\"potentialAction\":[{\"@type\":\"SearchAction\",\"target\":{\"@type\":\"EntryPoint\",\"urlTemplate\":\"https:\/\/www.euroakademie.de\/magazin\/?s={search_term_string}\"},\"query-input\":{\"@type\":\"PropertyValueSpecification\",\"valueRequired\":true,\"valueName\":\"search_term_string\"}}],\"inLanguage\":\"de\"},{\"@type\":\"Organization\",\"@id\":\"https:\/\/www.euroakademie.de\/magazin\/#organization\",\"name\":\"ESO Education Group\",\"url\":\"https:\/\/www.euroakademie.de\/magazin\/\",\"logo\":{\"@type\":\"ImageObject\",\"inLanguage\":\"de\",\"@id\":\"https:\/\/www.euroakademie.de\/magazin\/#\/schema\/logo\/image\/\",\"url\":\"https:\/\/relaunch.euroakademie.de\/magazin\/wp-content\/uploads\/2024\/11\/Logo_EA_negativ_Rahmen_5cm_300dpi_RGB.jpg\",\"contentUrl\":\"https:\/\/relaunch.euroakademie.de\/magazin\/wp-content\/uploads\/2024\/11\/Logo_EA_negativ_Rahmen_5cm_300dpi_RGB.jpg\",\"width\":591,\"height\":236,\"caption\":\"ESO Education Group\"},\"image\":{\"@id\":\"https:\/\/www.euroakademie.de\/magazin\/#\/schema\/logo\/image\/\"}},{\"@type\":\"Person\",\"@id\":\"https:\/\/www.euroakademie.de\/magazin\/#\/schema\/person\/6c9b7b6db765ee31640d80c936be3686\",\"name\":\"Redaktion\",\"description\":\"Die Redaktion des Euro Akademie Magazins h\u00e4lt Sie regelm\u00e4\u00dfig mit hintergr\u00fcndigen Artikeln auf dem Laufenden. Auf Basis einer fundierten Recherche und mit Spa\u00df am Schreiben erstellen die Redakteur*innen informative und unterhaltsame Inhalte f\u00fcr Sie.\",\"url\":\"https:\/\/www.euroakademie.de\/magazin\/author\/redaktion\/\"}]}<\/script>\n<!-- \/ Yoast SEO plugin. -->","yoast_head_json":{"title":"Linktipp: Endlich in die eigene Wohnung \u2013 aber wie?","description":"Die erste eigene Wohnung ist ein Traum, den viele nach dem Schulabschluss verwirklichen. Vor dem Umzug gibt es allerdings einiges zu beachten.","robots":{"index":"index","follow":"follow","max-snippet":"max-snippet:-1","max-image-preview":"max-image-preview:large","max-video-preview":"max-video-preview:-1"},"canonical":"https:\/\/www.euroakademie.de\/magazin\/linktipp-endlich-in-die-eigene-wohnung\/","og_locale":"de_DE","og_type":"article","og_title":"Linktipp: Endlich in die eigene Wohnung \u2013 aber wie?","og_description":"Die erste eigene Wohnung ist ein Traum, den viele nach dem Schulabschluss verwirklichen. Vor dem Umzug gibt es allerdings einiges zu beachten.","og_url":"https:\/\/www.euroakademie.de\/magazin\/linktipp-endlich-in-die-eigene-wohnung\/","og_site_name":"Das Euro Akademie Magazin","article_published_time":"2017-02-20T11:32:30+00:00","og_image":[{"width":702,"height":336,"url":"https:\/\/www.euroakademie.de\/magazin\/wp-content\/uploads\/2017\/02\/home-1822424_1920_702x336-w.jpg","type":"image\/jpeg"}],"author":"Redaktion","twitter_card":"summary_large_image","twitter_misc":{"Verfasst von":"Redaktion","Gesch\u00e4tzte Lesezeit":"2\u00a0Minuten"},"schema":{"@context":"https:\/\/schema.org","@graph":[{"@type":"Article","@id":"https:\/\/www.euroakademie.de\/magazin\/linktipp-endlich-in-die-eigene-wohnung\/#article","isPartOf":{"@id":"https:\/\/www.euroakademie.de\/magazin\/linktipp-endlich-in-die-eigene-wohnung\/"},"author":{"name":"Redaktion","@id":"https:\/\/www.euroakademie.de\/magazin\/#\/schema\/person\/6c9b7b6db765ee31640d80c936be3686"},"headline":"Linktipp: Endlich in die eigene Wohnung \u2013 aber wie?","datePublished":"2017-02-20T11:32:30+00:00","dateModified":"2017-02-20T11:32:30+00:00","mainEntityOfPage":{"@id":"https:\/\/www.euroakademie.de\/magazin\/linktipp-endlich-in-die-eigene-wohnung\/"},"wordCount":389,"publisher":{"@id":"https:\/\/www.euroakademie.de\/magazin\/#organization"},"image":{"@id":"https:\/\/www.euroakademie.de\/magazin\/linktipp-endlich-in-die-eigene-wohnung\/#primaryimage"},"thumbnailUrl":"https:\/\/www.euroakademie.de\/magazin\/wp-content\/uploads\/2017\/02\/home-1822424_1920_702x336-w.jpg","keywords":["Auszug","mieten","Mietvertrag","Mietwohnung","Wohnung","Wohnungsbesichtigung"],"articleSection":["Link- und Lesetipps"],"inLanguage":"de"},{"@type":"WebPage","@id":"https:\/\/www.euroakademie.de\/magazin\/linktipp-endlich-in-die-eigene-wohnung\/","url":"https:\/\/www.euroakademie.de\/magazin\/linktipp-endlich-in-die-eigene-wohnung\/","name":"Linktipp: Endlich in die eigene Wohnung \u2013 aber wie?","isPartOf":{"@id":"https:\/\/www.euroakademie.de\/magazin\/#website"},"primaryImageOfPage":{"@id":"https:\/\/www.euroakademie.de\/magazin\/linktipp-endlich-in-die-eigene-wohnung\/#primaryimage"},"image":{"@id":"https:\/\/www.euroakademie.de\/magazin\/linktipp-endlich-in-die-eigene-wohnung\/#primaryimage"},"thumbnailUrl":"https:\/\/www.euroakademie.de\/magazin\/wp-content\/uploads\/2017\/02\/home-1822424_1920_702x336-w.jpg","datePublished":"2017-02-20T11:32:30+00:00","dateModified":"2017-02-20T11:32:30+00:00","description":"Die erste eigene Wohnung ist ein Traum, den viele nach dem Schulabschluss verwirklichen. Vor dem Umzug gibt es allerdings einiges zu beachten.","breadcrumb":{"@id":"https:\/\/www.euroakademie.de\/magazin\/linktipp-endlich-in-die-eigene-wohnung\/#breadcrumb"},"inLanguage":"de","potentialAction":[{"@type":"ReadAction","target":["https:\/\/www.euroakademie.de\/magazin\/linktipp-endlich-in-die-eigene-wohnung\/"]}]},{"@type":"ImageObject","inLanguage":"de","@id":"https:\/\/www.euroakademie.de\/magazin\/linktipp-endlich-in-die-eigene-wohnung\/#primaryimage","url":"https:\/\/www.euroakademie.de\/magazin\/wp-content\/uploads\/2017\/02\/home-1822424_1920_702x336-w.jpg","contentUrl":"https:\/\/www.euroakademie.de\/magazin\/wp-content\/uploads\/2017\/02\/home-1822424_1920_702x336-w.jpg","width":702,"height":336,"caption":""},{"@type":"BreadcrumbList","@id":"https:\/\/www.euroakademie.de\/magazin\/linktipp-endlich-in-die-eigene-wohnung\/#breadcrumb","itemListElement":[{"@type":"ListItem","position":1,"name":"Startseite","item":"https:\/\/www.euroakademie.de\/magazin\/"},{"@type":"ListItem","position":2,"name":"Linktipp: Endlich in die eigene Wohnung \u2013 aber wie?"}]},{"@type":"WebSite","@id":"https:\/\/www.euroakademie.de\/magazin\/#website","url":"https:\/\/www.euroakademie.de\/magazin\/","name":"Das Euro Akademie Magazin","description":"Gut informiert durch Ausbildung und Studium","publisher":{"@id":"https:\/\/www.euroakademie.de\/magazin\/#organization"},"potentialAction":[{"@type":"SearchAction","target":{"@type":"EntryPoint","urlTemplate":"https:\/\/www.euroakademie.de\/magazin\/?s={search_term_string}"},"query-input":{"@type":"PropertyValueSpecification","valueRequired":true,"valueName":"search_term_string"}}],"inLanguage":"de"},{"@type":"Organization","@id":"https:\/\/www.euroakademie.de\/magazin\/#organization","name":"ESO Education Group","url":"https:\/\/www.euroakademie.de\/magazin\/","logo":{"@type":"ImageObject","inLanguage":"de","@id":"https:\/\/www.euroakademie.de\/magazin\/#\/schema\/logo\/image\/","url":"https:\/\/relaunch.euroakademie.de\/magazin\/wp-content\/uploads\/2024\/11\/Logo_EA_negativ_Rahmen_5cm_300dpi_RGB.jpg","contentUrl":"https:\/\/relaunch.euroakademie.de\/magazin\/wp-content\/uploads\/2024\/11\/Logo_EA_negativ_Rahmen_5cm_300dpi_RGB.jpg","width":591,"height":236,"caption":"ESO Education Group"},"image":{"@id":"https:\/\/www.euroakademie.de\/magazin\/#\/schema\/logo\/image\/"}},{"@type":"Person","@id":"https:\/\/www.euroakademie.de\/magazin\/#\/schema\/person\/6c9b7b6db765ee31640d80c936be3686","name":"Redaktion","description":"Die Redaktion des Euro Akademie Magazins h\u00e4lt Sie regelm\u00e4\u00dfig mit hintergr\u00fcndigen Artikeln auf dem Laufenden. Auf Basis einer fundierten Recherche und mit Spa\u00df am Schreiben erstellen die Redakteur*innen informative und unterhaltsame Inhalte f\u00fcr Sie.","url":"https:\/\/www.euroakademie.de\/magazin\/author\/redaktion\/"}]}},"_links":{"self":[{"href":"https:\/\/www.euroakademie.de\/magazin\/wp-json\/wp\/v2\/posts\/5127","targetHints":{"allow":["GET"]}}],"collection":[{"href":"https:\/\/www.euroakademie.de\/magazin\/wp-json\/wp\/v2\/posts"}],"about":[{"href":"https:\/\/www.euroakademie.de\/magazin\/wp-json\/wp\/v2\/types\/post"}],"author":[{"embeddable":true,"href":"https:\/\/www.euroakademie.de\/magazin\/wp-json\/wp\/v2\/users\/7"}],"replies":[{"embeddable":true,"href":"https:\/\/www.euroakademie.de\/magazin\/wp-json\/wp\/v2\/comments?post=5127"}],"version-history":[{"count":0,"href":"https:\/\/www.euroakademie.de\/magazin\/wp-json\/wp\/v2\/posts\/5127\/revisions"}],"wp:featuredmedia":[{"embeddable":true,"href":"https:\/\/www.euroakademie.de\/magazin\/wp-json\/wp\/v2\/media\/5129"}],"wp:attachment":[{"href":"https:\/\/www.euroakademie.de\/magazin\/wp-json\/wp\/v2\/media?parent=5127"}],"wp:term":[{"taxonomy":"category","embeddable":true,"href":"https:\/\/www.euroakademie.de\/magazin\/wp-json\/wp\/v2\/categories?post=5127"},{"taxonomy":"post_tag","embeddable":true,"href":"https:\/\/www.euroakademie.de\/magazin\/wp-json\/wp\/v2\/tags?post=5127"}],"curies":[{"name":"wp","href":"https:\/\/api.w.org\/{rel}","templated":true}]}}