{"id":5140,"date":"2017-02-24T08:00:33","date_gmt":"2017-02-24T07:00:33","guid":{"rendered":"https:\/\/www.euroakademie.de\/magazin\/?p=5140"},"modified":"2017-02-24T08:00:33","modified_gmt":"2017-02-24T07:00:33","slug":"ausbildung-des-monats-aufbauqualifizierung-europa-korrespondent","status":"publish","type":"post","link":"https:\/\/www.euroakademie.de\/magazin\/ausbildung-des-monats-aufbauqualifizierung-europa-korrespondent\/","title":{"rendered":"Ausbildung des Monats: Aufbauqualifizierung Europa-Korrespondent"},"content":{"rendered":"<p>\t\t\t\t<![CDATA[<strong>Die einj\u00e4hrige Aufbauausbildung zum Europa-Korrespondenten kann Ihnen attraktive Berufschancen er\u00f6ffnen. M\u00f6chten Sie nach Ihrer kaufm\u00e4nnischen Ausbildung weiter aufsteigen, ist dies der richtige Weg.<\/strong>\n\nLebenslanges Lernen hei\u00dft das Credo, das Sie beruflich wie auch pers\u00f6nlich voranbringt und nach dem die ESO Education Group arbeitet. Wieso sollten Sie nach Ihrer kaufm\u00e4nnischen Ausbildung also auf Ihrem Wissenstand stehenbleiben? Nur ein Jahr trennt Sie von ungeahnten Karrierem\u00f6glichkeiten in der internationalen Wirtschaft. Lediglich zw\u00f6lf Monate stehen zwischen Ihrem kaufm\u00e4nnischen Beruf und dem Wirken im mittleren Management.\n\n\n<h2>Wozu eine Aufbauqualifizierung?<\/h2>\n\n\nWer nach den Sternen greift, l\u00e4uft Gefahr, ins Leere zu greifen. Sie brauchen also etwas, mit dem Sie da hinaufkommen. Eine Ausbildung zum Europa-Korrespondenten k\u00f6nnte Ihre Himmelsleiter sein, die Ihnen den Weg von der Verwaltungs- auf die Managementebene bereitet.\n\nDie kaufm\u00e4nnische Ausbildung gepaart mit der Aufbauqualifizierung Europa-Korrespondent macht Ihren Lebenslauf besonders f\u00fcr international agierende Unternehmen attraktiv. Mit Ihren umfassenden Fremdsprachenkenntnissen und dem vertieften Wissen in der Betriebswirtschaft sind Sie ein Gewinn f\u00fcr die Korrespondenz mit Kunden und Partnern aus dem Ausland. Und nicht nur beim pers\u00f6nlichen Kontakt mit diesen, sondern auch bei der Organisation von Terminen im Ausland oder Reisen k\u00f6nnen Sie zeigen, was Sie k\u00f6nnen.\n\nDurch Ihr geschultes Know-how im Managementbereich und Ihre ausgepr\u00e4gten IT-Kompetenzen profilieren Sie sich ebenfalls bei allen Aufgaben, die im B\u00fcroalltag anfallen. Dazu geh\u00f6ren das Verfassen von detaillierten Berichten, Protokollf\u00fchrung sowie das Organisieren von Meetings, Messeauftritten und weiteren Terminen.\n\n\n<h2>Eine wertvolle Ausbildung in einem Jahr<\/h2>\n\n\nDie Aufbauqualifizierung zum Europa-Korrespondenten dauert ein Jahr und wird an der Euro Akademie Erfurt, der Euro Akademie Halle-Saale und der Euro Akademie Oldenburg angeboten. Anschlie\u00dfend an Ihre kaufm\u00e4nnische Ausbildung lernen Sie Englisch, Franz\u00f6sisch und Spanisch vertieft mit einem besonderen Fokus auf dem Sprachgebrauch in der Wirtschaft. An der Euro Akademie Halle-Saale k\u00f6nnen Sie anstelle von Franz\u00f6sisch auch Russisch lernen.\n\nNeben den Fremdsprachen eignen Sie sich tiefgreifende betriebswirtschaftliche Kenntnisse an und werden sowohl im Umgang mit speziellen Computerprogrammen als auch in allgemeiner Informatik geschult. Abgerundet wird Ihre Ausbildung von einem mehrmonatigen Praktikum, dass Sie nat\u00fcrlich am besten noch im Ausland absolvieren. Nutzen Sie dazu die Kontakte der Euro Akademie!\n\nIhr gro\u00dfes Plus bei der anschlie\u00dfenden Bewerbung f\u00fcr Ihren ersten Beruf ist, dass Sie in jeder Branche einsetzbar sind. Sie m\u00fcssen sich Ihren Traumjob also nur noch aussuchen. Wollen Sie sich dennoch spezialisieren, k\u00f6nnen Sie teilweise bei der Aufbauqualifizierung zus\u00e4tzliche F\u00e4cher wie Tourismus, Event- und Sportmanagement belegen.\n\n\n<h2>Haben Sie das Zeug zum Europa-Korrespondenten?<\/h2>\n\n\nUm Europa-Korrespondent zu werden ben\u00f6tigen Sie mindestens einen mittleren Schulabschluss sowie eine abgeschlossene Ausbildung zum kaufm\u00e4nnischen Assistenten. Auch diese k\u00f6nnen Sie an der Euro Akademie erlangen \u2013 an insgesamt sieben Standorten. Da Sie sp\u00e4ter auf internationaler Ebene arbeiten, sollten Sie sich f\u00fcr Sprachen und fremde Kulturen begeistern k\u00f6nnen. Hilfreich ist es au\u00dferdem, wenn Ihnen das Organisieren leichtf\u00e4llt, da dies einen bedeutenden Teil Ihrer sp\u00e4teren T\u00e4tigkeit ausmachen wird.\n\n\n<h2>Der Europa-Korrespondent ist noch lange nicht das Ende<\/h2>\n\n\nEine Ausbildung zum kaufm\u00e4nnischen Assistenten, eine Aufbauqualifizierung zum Europa-Korrespondenten und Sie haben immer noch nicht genug? Selbstverst\u00e4ndlich lernen Sie auch im Berufsalltag st\u00e4ndig dazu. Reicht Ihnen das allerdings nicht, k\u00f6nnen Sie auch eine akademische Laufbahn einschlagen. Wenn Sie \u00fcber eine Hochschul- oder Fachhochschulreife verf\u00fcgen, k\u00f6nnen Sie Ihr Wissen im wirtschaftlichen Bereich mit einem anschlie\u00dfenden Studium erweitern. Anbieten w\u00fcrde sich beispielsweise ein Bachelor in Wirtschaftssprachen oder in internationaler Wirtschaft. Weitere Informationen erhalten Sie an Ihrem ausgew\u00e4hlten Standort der Euro Akademie.\n\n<strong>Das k\u00f6nnte Sie auch interessieren:<\/strong>\n<a href=\"https:\/\/www.euroakademie.de\/magazin\/ausbildung-des-monats-kaufmaennischer-assistent-fremdsprachen-und-korrespondenz\/\">Ausbildung des Monats: Kaufm\u00e4nnischer Assistent \u2013 Fremdsprachen und Korrespondenz<\/a>\n<a href=\"https:\/\/www.euroakademie.de\/magazin\/die-zukunft-kaufmaennischer-berufe\/\">Internationales Management: Die Zukunft kaufm\u00e4nnischer Berufe<\/a>\n<a href=\"https:\/\/www.euroakademie.de\/magazin\/digitalisierung-im-office-die-assistenz-in-der-digitalen-transformation\/\">Digitalisierung im Office \u2013 Die Assistenz in der digitalen Transformation<\/a>]]>\t\t<\/p>\n","protected":false},"excerpt":{"rendered":"<p>\t\t\t\t<![CDATA[]]>\t\t<\/p>\n","protected":false},"author":37,"featured_media":6677,"comment_status":"closed","ping_status":"closed","sticky":false,"template":"","format":"standard","meta":{"footnotes":""},"categories":[67,13],"tags":[286,2692,3172,4216,4801,5428,6163],"class_list":{"0":"post-5140","1":"post","2":"type-post","3":"status-publish","4":"format-standard","5":"has-post-thumbnail","7":"category-ausbildung-des-monats","8":"category-fremdsprachen-internationales","9":"tag-administration","10":"tag-europa","11":"tag-fremdsprache","12":"tag-international","13":"tag-korrespondent","14":"tag-management","15":"tag-organisation"},"yoast_head":"<!-- This site is optimized with the Yoast SEO plugin v23.5 - https:\/\/yoast.com\/wordpress\/plugins\/seo\/ -->\n<title>Ausbildung des Monats: Aufbauqualifizierung Europa-Korrespondent<\/title>\n<meta name=\"description\" content=\"Die einj\u00e4hrige Aufbauausbildung zum Europa-Korrespondenten kann Ihnen attraktive Berufschancen er\u00f6ffnen. Klettern Sie auf der Karriereleiter nach oben!\" \/>\n<meta name=\"robots\" content=\"index, follow, max-snippet:-1, max-image-preview:large, max-video-preview:-1\" \/>\n<link rel=\"canonical\" href=\"https:\/\/www.euroakademie.de\/magazin\/ausbildung-des-monats-aufbauqualifizierung-europa-korrespondent\/\" \/>\n<meta property=\"og:locale\" content=\"de_DE\" \/>\n<meta property=\"og:type\" content=\"article\" \/>\n<meta property=\"og:title\" content=\"Ausbildung des Monats: Aufbauqualifizierung Europa-Korrespondent\" \/>\n<meta property=\"og:description\" content=\"Die einj\u00e4hrige Aufbauausbildung zum Europa-Korrespondenten kann Ihnen attraktive Berufschancen er\u00f6ffnen. Klettern Sie auf der Karriereleiter nach oben!\" \/>\n<meta property=\"og:url\" content=\"https:\/\/www.euroakademie.de\/magazin\/ausbildung-des-monats-aufbauqualifizierung-europa-korrespondent\/\" \/>\n<meta property=\"og:site_name\" content=\"Das Euro Akademie Magazin\" \/>\n<meta property=\"article:published_time\" content=\"2017-02-24T07:00:33+00:00\" \/>\n<meta property=\"og:image\" content=\"https:\/\/www.euroakademie.de\/magazin\/wp-content\/uploads\/2017\/02\/shutterstock_598994828_702x336_web.jpg\" \/>\n\t<meta property=\"og:image:width\" content=\"702\" \/>\n\t<meta property=\"og:image:height\" content=\"336\" \/>\n\t<meta property=\"og:image:type\" content=\"image\/jpeg\" \/>\n<meta name=\"author\" content=\"Katharina Boyens\" \/>\n<meta name=\"twitter:card\" content=\"summary_large_image\" \/>\n<meta name=\"twitter:label1\" content=\"Verfasst von\" \/>\n\t<meta name=\"twitter:data1\" content=\"Katharina Boyens\" \/>\n\t<meta name=\"twitter:label2\" content=\"Gesch\u00e4tzte Lesezeit\" \/>\n\t<meta name=\"twitter:data2\" content=\"3\u00a0Minuten\" \/>\n<script type=\"application\/ld+json\" class=\"yoast-schema-graph\">{\"@context\":\"https:\/\/schema.org\",\"@graph\":[{\"@type\":\"Article\",\"@id\":\"https:\/\/www.euroakademie.de\/magazin\/ausbildung-des-monats-aufbauqualifizierung-europa-korrespondent\/#article\",\"isPartOf\":{\"@id\":\"https:\/\/www.euroakademie.de\/magazin\/ausbildung-des-monats-aufbauqualifizierung-europa-korrespondent\/\"},\"author\":{\"name\":\"Katharina Boyens\",\"@id\":\"https:\/\/www.euroakademie.de\/magazin\/#\/schema\/person\/bc82ae73082e3ac93c406d0d76cb0cff\"},\"headline\":\"Ausbildung des Monats: Aufbauqualifizierung Europa-Korrespondent\",\"datePublished\":\"2017-02-24T07:00:33+00:00\",\"dateModified\":\"2017-02-24T07:00:33+00:00\",\"mainEntityOfPage\":{\"@id\":\"https:\/\/www.euroakademie.de\/magazin\/ausbildung-des-monats-aufbauqualifizierung-europa-korrespondent\/\"},\"wordCount\":638,\"publisher\":{\"@id\":\"https:\/\/www.euroakademie.de\/magazin\/#organization\"},\"image\":{\"@id\":\"https:\/\/www.euroakademie.de\/magazin\/ausbildung-des-monats-aufbauqualifizierung-europa-korrespondent\/#primaryimage\"},\"thumbnailUrl\":\"https:\/\/www.euroakademie.de\/magazin\/wp-content\/uploads\/2017\/02\/shutterstock_598994828_702x336_web.jpg\",\"keywords\":[\"Administration\",\"Europa\",\"Fremdsprache\",\"international\",\"Korrespondent\",\"Management\",\"Organisation\"],\"articleSection\":[\"Ausbildungen im Portrait\",\"Fremdsprachen &amp; Internationales\"],\"inLanguage\":\"de\"},{\"@type\":\"WebPage\",\"@id\":\"https:\/\/www.euroakademie.de\/magazin\/ausbildung-des-monats-aufbauqualifizierung-europa-korrespondent\/\",\"url\":\"https:\/\/www.euroakademie.de\/magazin\/ausbildung-des-monats-aufbauqualifizierung-europa-korrespondent\/\",\"name\":\"Ausbildung des Monats: Aufbauqualifizierung Europa-Korrespondent\",\"isPartOf\":{\"@id\":\"https:\/\/www.euroakademie.de\/magazin\/#website\"},\"primaryImageOfPage\":{\"@id\":\"https:\/\/www.euroakademie.de\/magazin\/ausbildung-des-monats-aufbauqualifizierung-europa-korrespondent\/#primaryimage\"},\"image\":{\"@id\":\"https:\/\/www.euroakademie.de\/magazin\/ausbildung-des-monats-aufbauqualifizierung-europa-korrespondent\/#primaryimage\"},\"thumbnailUrl\":\"https:\/\/www.euroakademie.de\/magazin\/wp-content\/uploads\/2017\/02\/shutterstock_598994828_702x336_web.jpg\",\"datePublished\":\"2017-02-24T07:00:33+00:00\",\"dateModified\":\"2017-02-24T07:00:33+00:00\",\"description\":\"Die einj\u00e4hrige Aufbauausbildung zum Europa-Korrespondenten kann Ihnen attraktive Berufschancen er\u00f6ffnen. Klettern Sie auf der Karriereleiter nach oben!\",\"breadcrumb\":{\"@id\":\"https:\/\/www.euroakademie.de\/magazin\/ausbildung-des-monats-aufbauqualifizierung-europa-korrespondent\/#breadcrumb\"},\"inLanguage\":\"de\",\"potentialAction\":[{\"@type\":\"ReadAction\",\"target\":[\"https:\/\/www.euroakademie.de\/magazin\/ausbildung-des-monats-aufbauqualifizierung-europa-korrespondent\/\"]}]},{\"@type\":\"ImageObject\",\"inLanguage\":\"de\",\"@id\":\"https:\/\/www.euroakademie.de\/magazin\/ausbildung-des-monats-aufbauqualifizierung-europa-korrespondent\/#primaryimage\",\"url\":\"https:\/\/www.euroakademie.de\/magazin\/wp-content\/uploads\/2017\/02\/shutterstock_598994828_702x336_web.jpg\",\"contentUrl\":\"https:\/\/www.euroakademie.de\/magazin\/wp-content\/uploads\/2017\/02\/shutterstock_598994828_702x336_web.jpg\",\"width\":702,\"height\":336,\"caption\":\"\"},{\"@type\":\"BreadcrumbList\",\"@id\":\"https:\/\/www.euroakademie.de\/magazin\/ausbildung-des-monats-aufbauqualifizierung-europa-korrespondent\/#breadcrumb\",\"itemListElement\":[{\"@type\":\"ListItem\",\"position\":1,\"name\":\"Startseite\",\"item\":\"https:\/\/www.euroakademie.de\/magazin\/\"},{\"@type\":\"ListItem\",\"position\":2,\"name\":\"Ausbildung des Monats: Aufbauqualifizierung Europa-Korrespondent\"}]},{\"@type\":\"WebSite\",\"@id\":\"https:\/\/www.euroakademie.de\/magazin\/#website\",\"url\":\"https:\/\/www.euroakademie.de\/magazin\/\",\"name\":\"Das Euro Akademie Magazin\",\"description\":\"Gut informiert durch Ausbildung und Studium\",\"publisher\":{\"@id\":\"https:\/\/www.euroakademie.de\/magazin\/#organization\"},\"potentialAction\":[{\"@type\":\"SearchAction\",\"target\":{\"@type\":\"EntryPoint\",\"urlTemplate\":\"https:\/\/www.euroakademie.de\/magazin\/?s={search_term_string}\"},\"query-input\":{\"@type\":\"PropertyValueSpecification\",\"valueRequired\":true,\"valueName\":\"search_term_string\"}}],\"inLanguage\":\"de\"},{\"@type\":\"Organization\",\"@id\":\"https:\/\/www.euroakademie.de\/magazin\/#organization\",\"name\":\"ESO Education Group\",\"url\":\"https:\/\/www.euroakademie.de\/magazin\/\",\"logo\":{\"@type\":\"ImageObject\",\"inLanguage\":\"de\",\"@id\":\"https:\/\/www.euroakademie.de\/magazin\/#\/schema\/logo\/image\/\",\"url\":\"https:\/\/relaunch.euroakademie.de\/magazin\/wp-content\/uploads\/2024\/11\/Logo_EA_negativ_Rahmen_5cm_300dpi_RGB.jpg\",\"contentUrl\":\"https:\/\/relaunch.euroakademie.de\/magazin\/wp-content\/uploads\/2024\/11\/Logo_EA_negativ_Rahmen_5cm_300dpi_RGB.jpg\",\"width\":591,\"height\":236,\"caption\":\"ESO Education Group\"},\"image\":{\"@id\":\"https:\/\/www.euroakademie.de\/magazin\/#\/schema\/logo\/image\/\"}},{\"@type\":\"Person\",\"@id\":\"https:\/\/www.euroakademie.de\/magazin\/#\/schema\/person\/bc82ae73082e3ac93c406d0d76cb0cff\",\"name\":\"Katharina Boyens\",\"description\":\"Katharina Boyens ist Germanistin und Anglistin mit einem Faible f\u00fcrs Schreiben. Von M\u00e4rz 2016 bis Januar 2021 bereicherte sie das Euro Akademie Magazin mit lesenswerten Beitr\u00e4gen in verschiedenen Rubriken.\",\"url\":\"https:\/\/www.euroakademie.de\/magazin\/author\/pfaffk\/\"}]}<\/script>\n<!-- \/ Yoast SEO plugin. -->","yoast_head_json":{"title":"Ausbildung des Monats: Aufbauqualifizierung Europa-Korrespondent","description":"Die einj\u00e4hrige Aufbauausbildung zum Europa-Korrespondenten kann Ihnen attraktive Berufschancen er\u00f6ffnen. Klettern Sie auf der Karriereleiter nach oben!","robots":{"index":"index","follow":"follow","max-snippet":"max-snippet:-1","max-image-preview":"max-image-preview:large","max-video-preview":"max-video-preview:-1"},"canonical":"https:\/\/www.euroakademie.de\/magazin\/ausbildung-des-monats-aufbauqualifizierung-europa-korrespondent\/","og_locale":"de_DE","og_type":"article","og_title":"Ausbildung des Monats: Aufbauqualifizierung Europa-Korrespondent","og_description":"Die einj\u00e4hrige Aufbauausbildung zum Europa-Korrespondenten kann Ihnen attraktive Berufschancen er\u00f6ffnen. Klettern Sie auf der Karriereleiter nach oben!","og_url":"https:\/\/www.euroakademie.de\/magazin\/ausbildung-des-monats-aufbauqualifizierung-europa-korrespondent\/","og_site_name":"Das Euro Akademie Magazin","article_published_time":"2017-02-24T07:00:33+00:00","og_image":[{"width":702,"height":336,"url":"https:\/\/www.euroakademie.de\/magazin\/wp-content\/uploads\/2017\/02\/shutterstock_598994828_702x336_web.jpg","type":"image\/jpeg"}],"author":"Katharina Boyens","twitter_card":"summary_large_image","twitter_misc":{"Verfasst von":"Katharina Boyens","Gesch\u00e4tzte Lesezeit":"3\u00a0Minuten"},"schema":{"@context":"https:\/\/schema.org","@graph":[{"@type":"Article","@id":"https:\/\/www.euroakademie.de\/magazin\/ausbildung-des-monats-aufbauqualifizierung-europa-korrespondent\/#article","isPartOf":{"@id":"https:\/\/www.euroakademie.de\/magazin\/ausbildung-des-monats-aufbauqualifizierung-europa-korrespondent\/"},"author":{"name":"Katharina Boyens","@id":"https:\/\/www.euroakademie.de\/magazin\/#\/schema\/person\/bc82ae73082e3ac93c406d0d76cb0cff"},"headline":"Ausbildung des Monats: Aufbauqualifizierung Europa-Korrespondent","datePublished":"2017-02-24T07:00:33+00:00","dateModified":"2017-02-24T07:00:33+00:00","mainEntityOfPage":{"@id":"https:\/\/www.euroakademie.de\/magazin\/ausbildung-des-monats-aufbauqualifizierung-europa-korrespondent\/"},"wordCount":638,"publisher":{"@id":"https:\/\/www.euroakademie.de\/magazin\/#organization"},"image":{"@id":"https:\/\/www.euroakademie.de\/magazin\/ausbildung-des-monats-aufbauqualifizierung-europa-korrespondent\/#primaryimage"},"thumbnailUrl":"https:\/\/www.euroakademie.de\/magazin\/wp-content\/uploads\/2017\/02\/shutterstock_598994828_702x336_web.jpg","keywords":["Administration","Europa","Fremdsprache","international","Korrespondent","Management","Organisation"],"articleSection":["Ausbildungen im Portrait","Fremdsprachen &amp; Internationales"],"inLanguage":"de"},{"@type":"WebPage","@id":"https:\/\/www.euroakademie.de\/magazin\/ausbildung-des-monats-aufbauqualifizierung-europa-korrespondent\/","url":"https:\/\/www.euroakademie.de\/magazin\/ausbildung-des-monats-aufbauqualifizierung-europa-korrespondent\/","name":"Ausbildung des Monats: Aufbauqualifizierung Europa-Korrespondent","isPartOf":{"@id":"https:\/\/www.euroakademie.de\/magazin\/#website"},"primaryImageOfPage":{"@id":"https:\/\/www.euroakademie.de\/magazin\/ausbildung-des-monats-aufbauqualifizierung-europa-korrespondent\/#primaryimage"},"image":{"@id":"https:\/\/www.euroakademie.de\/magazin\/ausbildung-des-monats-aufbauqualifizierung-europa-korrespondent\/#primaryimage"},"thumbnailUrl":"https:\/\/www.euroakademie.de\/magazin\/wp-content\/uploads\/2017\/02\/shutterstock_598994828_702x336_web.jpg","datePublished":"2017-02-24T07:00:33+00:00","dateModified":"2017-02-24T07:00:33+00:00","description":"Die einj\u00e4hrige Aufbauausbildung zum Europa-Korrespondenten kann Ihnen attraktive Berufschancen er\u00f6ffnen. Klettern Sie auf der Karriereleiter nach oben!","breadcrumb":{"@id":"https:\/\/www.euroakademie.de\/magazin\/ausbildung-des-monats-aufbauqualifizierung-europa-korrespondent\/#breadcrumb"},"inLanguage":"de","potentialAction":[{"@type":"ReadAction","target":["https:\/\/www.euroakademie.de\/magazin\/ausbildung-des-monats-aufbauqualifizierung-europa-korrespondent\/"]}]},{"@type":"ImageObject","inLanguage":"de","@id":"https:\/\/www.euroakademie.de\/magazin\/ausbildung-des-monats-aufbauqualifizierung-europa-korrespondent\/#primaryimage","url":"https:\/\/www.euroakademie.de\/magazin\/wp-content\/uploads\/2017\/02\/shutterstock_598994828_702x336_web.jpg","contentUrl":"https:\/\/www.euroakademie.de\/magazin\/wp-content\/uploads\/2017\/02\/shutterstock_598994828_702x336_web.jpg","width":702,"height":336,"caption":""},{"@type":"BreadcrumbList","@id":"https:\/\/www.euroakademie.de\/magazin\/ausbildung-des-monats-aufbauqualifizierung-europa-korrespondent\/#breadcrumb","itemListElement":[{"@type":"ListItem","position":1,"name":"Startseite","item":"https:\/\/www.euroakademie.de\/magazin\/"},{"@type":"ListItem","position":2,"name":"Ausbildung des Monats: Aufbauqualifizierung Europa-Korrespondent"}]},{"@type":"WebSite","@id":"https:\/\/www.euroakademie.de\/magazin\/#website","url":"https:\/\/www.euroakademie.de\/magazin\/","name":"Das Euro Akademie Magazin","description":"Gut informiert durch Ausbildung und Studium","publisher":{"@id":"https:\/\/www.euroakademie.de\/magazin\/#organization"},"potentialAction":[{"@type":"SearchAction","target":{"@type":"EntryPoint","urlTemplate":"https:\/\/www.euroakademie.de\/magazin\/?s={search_term_string}"},"query-input":{"@type":"PropertyValueSpecification","valueRequired":true,"valueName":"search_term_string"}}],"inLanguage":"de"},{"@type":"Organization","@id":"https:\/\/www.euroakademie.de\/magazin\/#organization","name":"ESO Education Group","url":"https:\/\/www.euroakademie.de\/magazin\/","logo":{"@type":"ImageObject","inLanguage":"de","@id":"https:\/\/www.euroakademie.de\/magazin\/#\/schema\/logo\/image\/","url":"https:\/\/relaunch.euroakademie.de\/magazin\/wp-content\/uploads\/2024\/11\/Logo_EA_negativ_Rahmen_5cm_300dpi_RGB.jpg","contentUrl":"https:\/\/relaunch.euroakademie.de\/magazin\/wp-content\/uploads\/2024\/11\/Logo_EA_negativ_Rahmen_5cm_300dpi_RGB.jpg","width":591,"height":236,"caption":"ESO Education Group"},"image":{"@id":"https:\/\/www.euroakademie.de\/magazin\/#\/schema\/logo\/image\/"}},{"@type":"Person","@id":"https:\/\/www.euroakademie.de\/magazin\/#\/schema\/person\/bc82ae73082e3ac93c406d0d76cb0cff","name":"Katharina Boyens","description":"Katharina Boyens ist Germanistin und Anglistin mit einem Faible f\u00fcrs Schreiben. Von M\u00e4rz 2016 bis Januar 2021 bereicherte sie das Euro Akademie Magazin mit lesenswerten Beitr\u00e4gen in verschiedenen Rubriken.","url":"https:\/\/www.euroakademie.de\/magazin\/author\/pfaffk\/"}]}},"_links":{"self":[{"href":"https:\/\/www.euroakademie.de\/magazin\/wp-json\/wp\/v2\/posts\/5140","targetHints":{"allow":["GET"]}}],"collection":[{"href":"https:\/\/www.euroakademie.de\/magazin\/wp-json\/wp\/v2\/posts"}],"about":[{"href":"https:\/\/www.euroakademie.de\/magazin\/wp-json\/wp\/v2\/types\/post"}],"author":[{"embeddable":true,"href":"https:\/\/www.euroakademie.de\/magazin\/wp-json\/wp\/v2\/users\/37"}],"replies":[{"embeddable":true,"href":"https:\/\/www.euroakademie.de\/magazin\/wp-json\/wp\/v2\/comments?post=5140"}],"version-history":[{"count":0,"href":"https:\/\/www.euroakademie.de\/magazin\/wp-json\/wp\/v2\/posts\/5140\/revisions"}],"wp:featuredmedia":[{"embeddable":true,"href":"https:\/\/www.euroakademie.de\/magazin\/wp-json\/wp\/v2\/media\/6677"}],"wp:attachment":[{"href":"https:\/\/www.euroakademie.de\/magazin\/wp-json\/wp\/v2\/media?parent=5140"}],"wp:term":[{"taxonomy":"category","embeddable":true,"href":"https:\/\/www.euroakademie.de\/magazin\/wp-json\/wp\/v2\/categories?post=5140"},{"taxonomy":"post_tag","embeddable":true,"href":"https:\/\/www.euroakademie.de\/magazin\/wp-json\/wp\/v2\/tags?post=5140"}],"curies":[{"name":"wp","href":"https:\/\/api.w.org\/{rel}","templated":true}]}}