{"id":5189,"date":"2017-03-20T08:00:36","date_gmt":"2017-03-20T07:00:36","guid":{"rendered":"https:\/\/www.euroakademie.de\/magazin\/?p=5189"},"modified":"2025-03-20T13:39:19","modified_gmt":"2025-03-20T12:39:19","slug":"kommunikation-als-unterschaetzte-kunst","status":"publish","type":"post","link":"https:\/\/www.euroakademie.de\/magazin\/kommunikation-als-unterschaetzte-kunst\/","title":{"rendered":"Buchtipps: Kommunikation als untersch\u00e4tzte Kunst"},"content":{"rendered":"\n<p><!--[CDATA[<strong-->Ein Flirt auf einer Party, eine Beschwerde im Restaurant, eine Plauderei mit einem Gesch\u00e4ftspartner \u2013 oft hat man dann anschlie\u00dfend das Gef\u00fchl: Da w\u00e4re mehr drin gewesen! Jeder will solche Situationen gern souver\u00e4n meistern, doch das gelingt leider nur manchmal. In ihrem H\u00f6rbuch &#8222;Ich kann\u2019s ja doch! Die Kunst der t\u00e4glichen Kommunikation&#8220; verr\u00e4t Eva Ullmann, Gr\u00fcnderin des Deutschen Instituts f\u00fcr Humor in Leipzig, einige Strategien.\n\nJeder kann mit einfachen Mitteln in Alltagssituationen besser und effektiver kommunizieren. &#8222;Vieles von dem, was ich Ihnen in diesem H\u00f6rbuch erkl\u00e4ren werde, benutzen Sie vielleicht im Alltag schon \u2013 aber Sie machen es sich nicht bewusst!&#8220;, sagt Ullmann. &#8222;Doch nur, wenn man wei\u00df, was man da gerade Zauberhaftes macht, kann man den Zauber auch wiederholen.&#8220;\n\nGespickt mit H\u00f6rbeispielen versucht <a href=\"https:\/\/www.amazon.de\/Ich-kanns-doch-t%C3%A4glichen-Kommunikation\/dp\/3930816245\" target=\"_blank\" rel=\"noopener\">&#8222;Ich kann\u2019s ja doch!&#8220;<\/a> vor allem eines: die kommunikativen St\u00e4rken gezielt zu f\u00f6rdern, die in jedem von uns schlummern. &#8222;Viele Menschen sind intuitiv in vielen Situationen sehr gut&#8220;, erkl\u00e4rt die Humoristin und Kommunikationsexpertin. &#8222;Und trotzdem gibt es ein Problem \u2013 n\u00e4mlich, dass sie es nicht wissen. Und an diesem Punkt werde ich ihnen helfen.&#8220;\n\n\n<\/p>\n\n\n\n<h2 class=\"wp-block-heading\">Weitere Ullmannsche Werke zur Kommunikation<\/h2>\n\n\n\n<p>\n\n\nDas Buch <a href=\"https:\/\/humorinstitut.smile2.de\/buch-humor-im-business\" target=\"_blank\" rel=\"noopener\">&#8222;Humor im Business: Gewinnen mit Witz und Esprit&#8220;<\/a> ist ein professionelles 1\u00d71. Es zeigt, dass es mehr als genug gute Gr\u00fcnde gibt, sich ernsthaft mit dem Thema Humor zu besch\u00e4ftigen und die eigene Humorf\u00e4higkeit zu reflektieren.\n\nOb im Umgang mit Kollegen und Kunden, beim F\u00fchren von Mitarbeitern oder bei der Entwicklung der eigenen Karrierechancen \u2013 Humor kann ein liebevoller Beschleuniger von Vertrauensbildung und ein guter Verhandlungspartner sein.\n\nUm das Halten einer guten Rede geht es im H\u00f6rbuch <a href=\"https:\/\/logophon.de\/shop\/item\/4056198046739\/ich-rede-von-isabel-ullmann-garcia-horbuch-download-mp3\" target=\"_blank\" rel=\"noopener\">&#8222;Ich REDE.\u00b2 Spontan und humorvoll in t\u00e4glichen Kommunikationssituationen&#8220;<\/a>. Wenn Isabel Garc\u00eda eine Rede h\u00e4lt, dann benutzt sie Humor und Flexibilit\u00e4t oft unbewusst. Die Techniken, die dahinterstecken, sind Ullmanns Spezialangebote. In der Audio-CD haben beide ihr Wissen zusammengebracht.\n\n\n<\/p>\n\n\n\n<h2 class=\"wp-block-heading\">Kommunizieren \u00fcben<\/h2>\n\n\n\n<p>Das n\u00e4chste offene Humortraining des Deutschen Instituts f\u00fcr Humor findet am 22. und 23. September 2017 in Leipzig statt. Mehr Informationen dazu finden Sie auf der <a href=\"https:\/\/www.humorinstitut.de\/\">Homepage des Deutschen Instituts f\u00fcr Humor<\/a>. <\/p>\n\n\n\n<h2 class=\"wp-block-heading\">Produktdetails<\/h2>\n\n\n\n<div class=\"wp-block-media-text is-stacked-on-mobile\" style=\"grid-template-columns:35% auto\"><figure class=\"wp-block-media-text__media\"><img fetchpriority=\"high\" decoding=\"async\" width=\"500\" height=\"500\" src=\"https:\/\/relaunch.euroakademie.de\/magazin\/wp-content\/uploads\/2017\/03\/Ich-kanns-ja-doch-web.jpg\" alt=\"Autorin im Supermankost\u00e4um mit erhobener Faust und dem Text &quot;IIch kann's ja doch!&quot;\" class=\"wp-image-5186 size-full\" srcset=\"https:\/\/www.euroakademie.de\/magazin\/wp-content\/uploads\/2017\/03\/Ich-kanns-ja-doch-web.jpg 500w, https:\/\/www.euroakademie.de\/magazin\/wp-content\/uploads\/2017\/03\/Ich-kanns-ja-doch-web-300x300.jpg 300w, https:\/\/www.euroakademie.de\/magazin\/wp-content\/uploads\/2017\/03\/Ich-kanns-ja-doch-web-150x150.jpg 150w, https:\/\/www.euroakademie.de\/magazin\/wp-content\/uploads\/2017\/03\/Ich-kanns-ja-doch-web-450x450.jpg 450w\" sizes=\"(max-width: 500px) 100vw, 500px\" \/><\/figure><div class=\"wp-block-media-text__content\">\n<p>Eva Ullmann Ich kann\u2019s ja doch! Die Kunst der t\u00e4glichen Kommunikation H\u00f6rbuch 978-3-930816-24-8 15,95 Euro (D)<\/p>\n<\/div><\/div>\n\n\n\n<div class=\"wp-block-media-text is-stacked-on-mobile\" style=\"grid-template-columns:35% auto\"><figure class=\"wp-block-media-text__media\"><img decoding=\"async\" width=\"296\" height=\"420\" src=\"https:\/\/relaunch.euroakademie.de\/magazin\/wp-content\/uploads\/2017\/03\/Humor-im-Business-Cover-web.jpg\" alt=\"Titelbild des Buches: Ein Smiley-Ball liegt in der Mitte von den Begrenzungsw\u00e4nden in einem Gro\u00dfraumnb\u00fcro.\" class=\"wp-image-5185 size-full\" srcset=\"https:\/\/www.euroakademie.de\/magazin\/wp-content\/uploads\/2017\/03\/Humor-im-Business-Cover-web.jpg 296w, https:\/\/www.euroakademie.de\/magazin\/wp-content\/uploads\/2017\/03\/Humor-im-Business-Cover-web-211x300.jpg 211w, https:\/\/www.euroakademie.de\/magazin\/wp-content\/uploads\/2017\/03\/Humor-im-Business-Cover-web-150x213.jpg 150w\" sizes=\"(max-width: 296px) 100vw, 296px\" \/><\/figure><div class=\"wp-block-media-text__content\">\n<p>Albrecht Kresse \/ Eva Ullmann Humor im Business: Gewinnen mit Witz und Esprit Taschenbuch, 184 Seiten 978-3589235995 16,95 Euro (D)<\/p>\n<\/div><\/div>\n\n\n\n<p><\/p>\n\n\n\n<div class=\"wp-block-media-text is-stacked-on-mobile\" style=\"grid-template-columns:35% auto\"><figure class=\"wp-block-media-text__media\"><img decoding=\"async\" width=\"300\" height=\"300\" src=\"https:\/\/relaunch.euroakademie.de\/magazin\/wp-content\/uploads\/2017\/03\/Ich-rede-2-web.jpg\" alt=\"Rechts das Portrait der Auotorin, links auf einer gr\u00fcnen Fl\u00e4che Titel und Untertitel des Buches\" class=\"wp-image-5187 size-full\" srcset=\"https:\/\/www.euroakademie.de\/magazin\/wp-content\/uploads\/2017\/03\/Ich-rede-2-web.jpg 300w, https:\/\/www.euroakademie.de\/magazin\/wp-content\/uploads\/2017\/03\/Ich-rede-2-web-150x150.jpg 150w\" sizes=\"(max-width: 300px) 100vw, 300px\" \/><\/figure><div class=\"wp-block-media-text__content\">\n<p>Eva Ullmann \/ Isabel Garc\u00eda Ich REDE.\u00b2 Spontan und humorvoll in t\u00e4glichen Kommunikationssituationen 978-3-9812849-2-8 H\u00f6rbuch, 78 Minuten 13,99 Euro (D)<\/p>\n<\/div><\/div>\n\n\n\n<p><\/p>\n","protected":false},"excerpt":{"rendered":"<p>\t\t\t\t<![CDATA[]]>\t\t<\/p>\n","protected":false},"author":7,"featured_media":6654,"comment_status":"closed","ping_status":"closed","sticky":false,"template":"","format":"standard","meta":{"footnotes":""},"categories":[139],"tags":[1624,4006,4690,4705,6892,8812],"class_list":{"0":"post-5189","1":"post","2":"type-post","3":"status-publish","4":"format-standard","5":"has-post-thumbnail","7":"category-lesetipps","8":"tag-buch","9":"tag-hoerbuch","10":"tag-kommunikation","11":"tag-kommunizieren","12":"tag-reden","13":"tag-verstaendlich"},"yoast_head":"<!-- This site is optimized with the Yoast SEO plugin v23.5 - https:\/\/yoast.com\/wordpress\/plugins\/seo\/ -->\n<title>Buchtipps: Kommunikation als untersch\u00e4tzte Kunst | Euro Akademie Magazin<\/title>\n<meta name=\"description\" content=\"Im H\u00f6rbuch &quot;Ich kann\u2019s ja doch! Die Kunst der t\u00e4glichen Kommunikation&quot; verr\u00e4t Eva Ullmann Strategien f\u00fcr Flirts, Gesch\u00e4ftsgespr\u00e4che, Small-Talks und mehr.\" \/>\n<meta name=\"robots\" content=\"index, follow, max-snippet:-1, max-image-preview:large, max-video-preview:-1\" \/>\n<link rel=\"canonical\" href=\"https:\/\/www.euroakademie.de\/magazin\/kommunikation-als-unterschaetzte-kunst\/\" \/>\n<meta property=\"og:locale\" content=\"de_DE\" \/>\n<meta property=\"og:type\" content=\"article\" \/>\n<meta property=\"og:title\" content=\"Buchtipps: Kommunikation als untersch\u00e4tzte Kunst | Euro Akademie Magazin\" \/>\n<meta property=\"og:description\" content=\"Im H\u00f6rbuch &quot;Ich kann\u2019s ja doch! Die Kunst der t\u00e4glichen Kommunikation&quot; verr\u00e4t Eva Ullmann Strategien f\u00fcr Flirts, Gesch\u00e4ftsgespr\u00e4che, Small-Talks und mehr.\" \/>\n<meta property=\"og:url\" content=\"https:\/\/www.euroakademie.de\/magazin\/kommunikation-als-unterschaetzte-kunst\/\" \/>\n<meta property=\"og:site_name\" content=\"Das Euro Akademie Magazin\" \/>\n<meta property=\"article:published_time\" content=\"2017-03-20T07:00:36+00:00\" \/>\n<meta property=\"article:modified_time\" content=\"2025-03-20T12:39:19+00:00\" \/>\n<meta property=\"og:image\" content=\"https:\/\/www.euroakademie.de\/magazin\/wp-content\/uploads\/2017\/03\/shutterstock_708190483_702x336_web.jpg\" \/>\n\t<meta property=\"og:image:width\" content=\"702\" \/>\n\t<meta property=\"og:image:height\" content=\"336\" \/>\n\t<meta property=\"og:image:type\" content=\"image\/jpeg\" \/>\n<meta name=\"author\" content=\"Redaktion\" \/>\n<meta name=\"twitter:card\" content=\"summary_large_image\" \/>\n<meta name=\"twitter:label1\" content=\"Verfasst von\" \/>\n\t<meta name=\"twitter:data1\" content=\"Redaktion\" \/>\n\t<meta name=\"twitter:label2\" content=\"Gesch\u00e4tzte Lesezeit\" \/>\n\t<meta name=\"twitter:data2\" content=\"3\u00a0Minuten\" \/>\n<script type=\"application\/ld+json\" class=\"yoast-schema-graph\">{\"@context\":\"https:\/\/schema.org\",\"@graph\":[{\"@type\":\"Article\",\"@id\":\"https:\/\/www.euroakademie.de\/magazin\/kommunikation-als-unterschaetzte-kunst\/#article\",\"isPartOf\":{\"@id\":\"https:\/\/www.euroakademie.de\/magazin\/kommunikation-als-unterschaetzte-kunst\/\"},\"author\":{\"name\":\"Redaktion\",\"@id\":\"https:\/\/www.euroakademie.de\/magazin\/#\/schema\/person\/6c9b7b6db765ee31640d80c936be3686\"},\"headline\":\"Buchtipps: Kommunikation als untersch\u00e4tzte Kunst\",\"datePublished\":\"2017-03-20T07:00:36+00:00\",\"dateModified\":\"2025-03-20T12:39:19+00:00\",\"mainEntityOfPage\":{\"@id\":\"https:\/\/www.euroakademie.de\/magazin\/kommunikation-als-unterschaetzte-kunst\/\"},\"wordCount\":424,\"publisher\":{\"@id\":\"https:\/\/www.euroakademie.de\/magazin\/#organization\"},\"image\":{\"@id\":\"https:\/\/www.euroakademie.de\/magazin\/kommunikation-als-unterschaetzte-kunst\/#primaryimage\"},\"thumbnailUrl\":\"https:\/\/www.euroakademie.de\/magazin\/wp-content\/uploads\/2017\/03\/shutterstock_708190483_702x336_web.jpg\",\"keywords\":[\"Buch\",\"H\u00f6rbuch\",\"Kommunikation\",\"kommunizieren\",\"reden\",\"verst\u00e4ndlich\"],\"articleSection\":[\"Link- und Lesetipps\"],\"inLanguage\":\"de\"},{\"@type\":\"WebPage\",\"@id\":\"https:\/\/www.euroakademie.de\/magazin\/kommunikation-als-unterschaetzte-kunst\/\",\"url\":\"https:\/\/www.euroakademie.de\/magazin\/kommunikation-als-unterschaetzte-kunst\/\",\"name\":\"Buchtipps: Kommunikation als untersch\u00e4tzte Kunst | Euro Akademie Magazin\",\"isPartOf\":{\"@id\":\"https:\/\/www.euroakademie.de\/magazin\/#website\"},\"primaryImageOfPage\":{\"@id\":\"https:\/\/www.euroakademie.de\/magazin\/kommunikation-als-unterschaetzte-kunst\/#primaryimage\"},\"image\":{\"@id\":\"https:\/\/www.euroakademie.de\/magazin\/kommunikation-als-unterschaetzte-kunst\/#primaryimage\"},\"thumbnailUrl\":\"https:\/\/www.euroakademie.de\/magazin\/wp-content\/uploads\/2017\/03\/shutterstock_708190483_702x336_web.jpg\",\"datePublished\":\"2017-03-20T07:00:36+00:00\",\"dateModified\":\"2025-03-20T12:39:19+00:00\",\"description\":\"Im H\u00f6rbuch \\\"Ich kann\u2019s ja doch! Die Kunst der t\u00e4glichen Kommunikation\\\" verr\u00e4t Eva Ullmann Strategien f\u00fcr Flirts, Gesch\u00e4ftsgespr\u00e4che, Small-Talks und mehr.\",\"breadcrumb\":{\"@id\":\"https:\/\/www.euroakademie.de\/magazin\/kommunikation-als-unterschaetzte-kunst\/#breadcrumb\"},\"inLanguage\":\"de\",\"potentialAction\":[{\"@type\":\"ReadAction\",\"target\":[\"https:\/\/www.euroakademie.de\/magazin\/kommunikation-als-unterschaetzte-kunst\/\"]}]},{\"@type\":\"ImageObject\",\"inLanguage\":\"de\",\"@id\":\"https:\/\/www.euroakademie.de\/magazin\/kommunikation-als-unterschaetzte-kunst\/#primaryimage\",\"url\":\"https:\/\/www.euroakademie.de\/magazin\/wp-content\/uploads\/2017\/03\/shutterstock_708190483_702x336_web.jpg\",\"contentUrl\":\"https:\/\/www.euroakademie.de\/magazin\/wp-content\/uploads\/2017\/03\/shutterstock_708190483_702x336_web.jpg\",\"width\":702,\"height\":336,\"caption\":\"\"},{\"@type\":\"BreadcrumbList\",\"@id\":\"https:\/\/www.euroakademie.de\/magazin\/kommunikation-als-unterschaetzte-kunst\/#breadcrumb\",\"itemListElement\":[{\"@type\":\"ListItem\",\"position\":1,\"name\":\"Startseite\",\"item\":\"https:\/\/www.euroakademie.de\/magazin\/\"},{\"@type\":\"ListItem\",\"position\":2,\"name\":\"Buchtipps: Kommunikation als untersch\u00e4tzte Kunst\"}]},{\"@type\":\"WebSite\",\"@id\":\"https:\/\/www.euroakademie.de\/magazin\/#website\",\"url\":\"https:\/\/www.euroakademie.de\/magazin\/\",\"name\":\"Das Euro Akademie Magazin\",\"description\":\"Gut informiert durch Ausbildung und Studium\",\"publisher\":{\"@id\":\"https:\/\/www.euroakademie.de\/magazin\/#organization\"},\"potentialAction\":[{\"@type\":\"SearchAction\",\"target\":{\"@type\":\"EntryPoint\",\"urlTemplate\":\"https:\/\/www.euroakademie.de\/magazin\/?s={search_term_string}\"},\"query-input\":{\"@type\":\"PropertyValueSpecification\",\"valueRequired\":true,\"valueName\":\"search_term_string\"}}],\"inLanguage\":\"de\"},{\"@type\":\"Organization\",\"@id\":\"https:\/\/www.euroakademie.de\/magazin\/#organization\",\"name\":\"ESO Education Group\",\"url\":\"https:\/\/www.euroakademie.de\/magazin\/\",\"logo\":{\"@type\":\"ImageObject\",\"inLanguage\":\"de\",\"@id\":\"https:\/\/www.euroakademie.de\/magazin\/#\/schema\/logo\/image\/\",\"url\":\"https:\/\/relaunch.euroakademie.de\/magazin\/wp-content\/uploads\/2024\/11\/Logo_EA_negativ_Rahmen_5cm_300dpi_RGB.jpg\",\"contentUrl\":\"https:\/\/relaunch.euroakademie.de\/magazin\/wp-content\/uploads\/2024\/11\/Logo_EA_negativ_Rahmen_5cm_300dpi_RGB.jpg\",\"width\":591,\"height\":236,\"caption\":\"ESO Education Group\"},\"image\":{\"@id\":\"https:\/\/www.euroakademie.de\/magazin\/#\/schema\/logo\/image\/\"}},{\"@type\":\"Person\",\"@id\":\"https:\/\/www.euroakademie.de\/magazin\/#\/schema\/person\/6c9b7b6db765ee31640d80c936be3686\",\"name\":\"Redaktion\",\"description\":\"Die Redaktion des Euro Akademie Magazins h\u00e4lt Sie regelm\u00e4\u00dfig mit hintergr\u00fcndigen Artikeln auf dem Laufenden. Auf Basis einer fundierten Recherche und mit Spa\u00df am Schreiben erstellen die Redakteur*innen informative und unterhaltsame Inhalte f\u00fcr Sie.\",\"url\":\"https:\/\/www.euroakademie.de\/magazin\/author\/redaktion\/\"}]}<\/script>\n<!-- \/ Yoast SEO plugin. -->","yoast_head_json":{"title":"Buchtipps: Kommunikation als untersch\u00e4tzte Kunst | Euro Akademie Magazin","description":"Im H\u00f6rbuch \"Ich kann\u2019s ja doch! Die Kunst der t\u00e4glichen Kommunikation\" verr\u00e4t Eva Ullmann Strategien f\u00fcr Flirts, Gesch\u00e4ftsgespr\u00e4che, Small-Talks und mehr.","robots":{"index":"index","follow":"follow","max-snippet":"max-snippet:-1","max-image-preview":"max-image-preview:large","max-video-preview":"max-video-preview:-1"},"canonical":"https:\/\/www.euroakademie.de\/magazin\/kommunikation-als-unterschaetzte-kunst\/","og_locale":"de_DE","og_type":"article","og_title":"Buchtipps: Kommunikation als untersch\u00e4tzte Kunst | Euro Akademie Magazin","og_description":"Im H\u00f6rbuch \"Ich kann\u2019s ja doch! Die Kunst der t\u00e4glichen Kommunikation\" verr\u00e4t Eva Ullmann Strategien f\u00fcr Flirts, Gesch\u00e4ftsgespr\u00e4che, Small-Talks und mehr.","og_url":"https:\/\/www.euroakademie.de\/magazin\/kommunikation-als-unterschaetzte-kunst\/","og_site_name":"Das Euro Akademie Magazin","article_published_time":"2017-03-20T07:00:36+00:00","article_modified_time":"2025-03-20T12:39:19+00:00","og_image":[{"width":702,"height":336,"url":"https:\/\/www.euroakademie.de\/magazin\/wp-content\/uploads\/2017\/03\/shutterstock_708190483_702x336_web.jpg","type":"image\/jpeg"}],"author":"Redaktion","twitter_card":"summary_large_image","twitter_misc":{"Verfasst von":"Redaktion","Gesch\u00e4tzte Lesezeit":"3\u00a0Minuten"},"schema":{"@context":"https:\/\/schema.org","@graph":[{"@type":"Article","@id":"https:\/\/www.euroakademie.de\/magazin\/kommunikation-als-unterschaetzte-kunst\/#article","isPartOf":{"@id":"https:\/\/www.euroakademie.de\/magazin\/kommunikation-als-unterschaetzte-kunst\/"},"author":{"name":"Redaktion","@id":"https:\/\/www.euroakademie.de\/magazin\/#\/schema\/person\/6c9b7b6db765ee31640d80c936be3686"},"headline":"Buchtipps: Kommunikation als untersch\u00e4tzte Kunst","datePublished":"2017-03-20T07:00:36+00:00","dateModified":"2025-03-20T12:39:19+00:00","mainEntityOfPage":{"@id":"https:\/\/www.euroakademie.de\/magazin\/kommunikation-als-unterschaetzte-kunst\/"},"wordCount":424,"publisher":{"@id":"https:\/\/www.euroakademie.de\/magazin\/#organization"},"image":{"@id":"https:\/\/www.euroakademie.de\/magazin\/kommunikation-als-unterschaetzte-kunst\/#primaryimage"},"thumbnailUrl":"https:\/\/www.euroakademie.de\/magazin\/wp-content\/uploads\/2017\/03\/shutterstock_708190483_702x336_web.jpg","keywords":["Buch","H\u00f6rbuch","Kommunikation","kommunizieren","reden","verst\u00e4ndlich"],"articleSection":["Link- und Lesetipps"],"inLanguage":"de"},{"@type":"WebPage","@id":"https:\/\/www.euroakademie.de\/magazin\/kommunikation-als-unterschaetzte-kunst\/","url":"https:\/\/www.euroakademie.de\/magazin\/kommunikation-als-unterschaetzte-kunst\/","name":"Buchtipps: Kommunikation als untersch\u00e4tzte Kunst | Euro Akademie Magazin","isPartOf":{"@id":"https:\/\/www.euroakademie.de\/magazin\/#website"},"primaryImageOfPage":{"@id":"https:\/\/www.euroakademie.de\/magazin\/kommunikation-als-unterschaetzte-kunst\/#primaryimage"},"image":{"@id":"https:\/\/www.euroakademie.de\/magazin\/kommunikation-als-unterschaetzte-kunst\/#primaryimage"},"thumbnailUrl":"https:\/\/www.euroakademie.de\/magazin\/wp-content\/uploads\/2017\/03\/shutterstock_708190483_702x336_web.jpg","datePublished":"2017-03-20T07:00:36+00:00","dateModified":"2025-03-20T12:39:19+00:00","description":"Im H\u00f6rbuch \"Ich kann\u2019s ja doch! Die Kunst der t\u00e4glichen Kommunikation\" verr\u00e4t Eva Ullmann Strategien f\u00fcr Flirts, Gesch\u00e4ftsgespr\u00e4che, Small-Talks und mehr.","breadcrumb":{"@id":"https:\/\/www.euroakademie.de\/magazin\/kommunikation-als-unterschaetzte-kunst\/#breadcrumb"},"inLanguage":"de","potentialAction":[{"@type":"ReadAction","target":["https:\/\/www.euroakademie.de\/magazin\/kommunikation-als-unterschaetzte-kunst\/"]}]},{"@type":"ImageObject","inLanguage":"de","@id":"https:\/\/www.euroakademie.de\/magazin\/kommunikation-als-unterschaetzte-kunst\/#primaryimage","url":"https:\/\/www.euroakademie.de\/magazin\/wp-content\/uploads\/2017\/03\/shutterstock_708190483_702x336_web.jpg","contentUrl":"https:\/\/www.euroakademie.de\/magazin\/wp-content\/uploads\/2017\/03\/shutterstock_708190483_702x336_web.jpg","width":702,"height":336,"caption":""},{"@type":"BreadcrumbList","@id":"https:\/\/www.euroakademie.de\/magazin\/kommunikation-als-unterschaetzte-kunst\/#breadcrumb","itemListElement":[{"@type":"ListItem","position":1,"name":"Startseite","item":"https:\/\/www.euroakademie.de\/magazin\/"},{"@type":"ListItem","position":2,"name":"Buchtipps: Kommunikation als untersch\u00e4tzte Kunst"}]},{"@type":"WebSite","@id":"https:\/\/www.euroakademie.de\/magazin\/#website","url":"https:\/\/www.euroakademie.de\/magazin\/","name":"Das Euro Akademie Magazin","description":"Gut informiert durch Ausbildung und Studium","publisher":{"@id":"https:\/\/www.euroakademie.de\/magazin\/#organization"},"potentialAction":[{"@type":"SearchAction","target":{"@type":"EntryPoint","urlTemplate":"https:\/\/www.euroakademie.de\/magazin\/?s={search_term_string}"},"query-input":{"@type":"PropertyValueSpecification","valueRequired":true,"valueName":"search_term_string"}}],"inLanguage":"de"},{"@type":"Organization","@id":"https:\/\/www.euroakademie.de\/magazin\/#organization","name":"ESO Education Group","url":"https:\/\/www.euroakademie.de\/magazin\/","logo":{"@type":"ImageObject","inLanguage":"de","@id":"https:\/\/www.euroakademie.de\/magazin\/#\/schema\/logo\/image\/","url":"https:\/\/relaunch.euroakademie.de\/magazin\/wp-content\/uploads\/2024\/11\/Logo_EA_negativ_Rahmen_5cm_300dpi_RGB.jpg","contentUrl":"https:\/\/relaunch.euroakademie.de\/magazin\/wp-content\/uploads\/2024\/11\/Logo_EA_negativ_Rahmen_5cm_300dpi_RGB.jpg","width":591,"height":236,"caption":"ESO Education Group"},"image":{"@id":"https:\/\/www.euroakademie.de\/magazin\/#\/schema\/logo\/image\/"}},{"@type":"Person","@id":"https:\/\/www.euroakademie.de\/magazin\/#\/schema\/person\/6c9b7b6db765ee31640d80c936be3686","name":"Redaktion","description":"Die Redaktion des Euro Akademie Magazins h\u00e4lt Sie regelm\u00e4\u00dfig mit hintergr\u00fcndigen Artikeln auf dem Laufenden. Auf Basis einer fundierten Recherche und mit Spa\u00df am Schreiben erstellen die Redakteur*innen informative und unterhaltsame Inhalte f\u00fcr Sie.","url":"https:\/\/www.euroakademie.de\/magazin\/author\/redaktion\/"}]}},"_links":{"self":[{"href":"https:\/\/www.euroakademie.de\/magazin\/wp-json\/wp\/v2\/posts\/5189","targetHints":{"allow":["GET"]}}],"collection":[{"href":"https:\/\/www.euroakademie.de\/magazin\/wp-json\/wp\/v2\/posts"}],"about":[{"href":"https:\/\/www.euroakademie.de\/magazin\/wp-json\/wp\/v2\/types\/post"}],"author":[{"embeddable":true,"href":"https:\/\/www.euroakademie.de\/magazin\/wp-json\/wp\/v2\/users\/7"}],"replies":[{"embeddable":true,"href":"https:\/\/www.euroakademie.de\/magazin\/wp-json\/wp\/v2\/comments?post=5189"}],"version-history":[{"count":5,"href":"https:\/\/www.euroakademie.de\/magazin\/wp-json\/wp\/v2\/posts\/5189\/revisions"}],"predecessor-version":[{"id":27877,"href":"https:\/\/www.euroakademie.de\/magazin\/wp-json\/wp\/v2\/posts\/5189\/revisions\/27877"}],"wp:featuredmedia":[{"embeddable":true,"href":"https:\/\/www.euroakademie.de\/magazin\/wp-json\/wp\/v2\/media\/6654"}],"wp:attachment":[{"href":"https:\/\/www.euroakademie.de\/magazin\/wp-json\/wp\/v2\/media?parent=5189"}],"wp:term":[{"taxonomy":"category","embeddable":true,"href":"https:\/\/www.euroakademie.de\/magazin\/wp-json\/wp\/v2\/categories?post=5189"},{"taxonomy":"post_tag","embeddable":true,"href":"https:\/\/www.euroakademie.de\/magazin\/wp-json\/wp\/v2\/tags?post=5189"}],"curies":[{"name":"wp","href":"https:\/\/api.w.org\/{rel}","templated":true}]}}