{"id":5229,"date":"2017-03-29T08:00:07","date_gmt":"2017-03-29T06:00:07","guid":{"rendered":"https:\/\/www.euroakademie.de\/magazin\/?p=5229"},"modified":"2017-03-29T08:00:07","modified_gmt":"2017-03-29T06:00:07","slug":"wertvoller-als-gedacht-fehler","status":"publish","type":"post","link":"https:\/\/www.euroakademie.de\/magazin\/wertvoller-als-gedacht-fehler\/","title":{"rendered":"Wertvoller als gedacht: Fehler f\u00fcr den Erfolg nutzen"},"content":{"rendered":"<p>\t\t\t\t<![CDATA[<strong>Null Fehler sind das gro\u00dfe Ziel. Das lernen wir bereits in der Schule mit Nachdruck und bewahren uns dieses Denken unser ganzes Leben lang. Dabei haben Fehler auch ihr Gutes.<\/strong>\n\nEine positive Fehlerkultur sucht man in Deutschland vergebens, obwohl immer mal wieder Rufe danach laut werden. Doch bevor der Chef am Arbeitsplatz die angemessene Reaktion auf Ihre Fehler lernt, sollten Sie zuerst selbst den Umgang mit Ihren Makeln \u00fcben. Das hei\u00dft: Sie m\u00fcssen Abschied nehmen von dem Gedanken, dass nur das Ergebnis z\u00e4hlt und auch nur dann, wenn es fehlerfrei ist. Ab jetzt ist positives Denken angesagt!\n\n\n<h2>Fehler als Erfolgswegweiser<\/h2>\n\n\nBeim Aufstieg zum Erfolg stehen Sie sich oft selbst im Weg. Ob im Beruf, in der Ausbildung oder in der Schule \u2013 verpatzen Sie eine Aufgabe, gleicht das schnell dem Weltuntergang. Sie f\u00fchlen sich als Versager, weil Sie es wieder nicht geschafft haben. Dieses Denken wird uns w\u00e4hrend der gesamten Bildungszeit hindurch eingebl\u00e4ut. Schuld sind das Bewertungssystem, die Haltung der Lehrer, Druck von den Eltern und nat\u00fcrlich der eigene zu gro\u00dfe Ehrgeiz. Die vielen negativen Gef\u00fchle belasten und demotivieren. Dadurch wird die Aufgabe beim n\u00e4chsten Mal sicher nicht leichter.\n\nAnstatt sich zu \u00e4rgern, sollten Sie versuchen, objektiv zu bleiben. Schauen Sie sich Ihre Fehler genauer an, denn es sind keine H\u00fcrden auf dem Weg nach oben, sondern wertvolle Wegweiser.\n\n\n<h2>Das eigene K\u00f6nnen kennenlernen<\/h2>\n\n\nKlar k\u00f6nnen Sie sich unendlich schlecht f\u00fchlen, weil Sie die Franz\u00f6sischpr\u00fcfung vermasselt haben, weil Ihre Pr\u00e4sentation Tippfehler enthalten hat oder weil Sie in den vorbereiteten Unterlagen eine Anlage vergessen haben. Doch dieses Angst- oder vielleicht sogar Panikgef\u00fchl hilft Ihnen kein St\u00fcck weiter.\n\nBeruhigen Sie sich zuerst mit dem Gedanken, dass Sie trotz der M\u00e4ngel viel geleistet haben. Okay, vielleicht waren in der Pr\u00e4sentation Tippfehler, aber daf\u00fcr haben Sie sich zeitintensiv mit dem Programm auseinandergesetzt und einige neue Funktionen entdeckt. Sie werden vermutlich auch nicht alles im Fremdsprachentest falsch gemacht haben. Ebenso sollten Sie sich vordergr\u00fcndig auf den Stolz konzentrieren, dass Sie die Mappen mit den Dokumenten selbstst\u00e4ndig zusammengestellt und das Meeting gr\u00fcndlich vorbereitet haben. Eine Anlage ist schnell nachgereicht.\n\n\n<h2>Aus Fehlern lernen<\/h2>\n\n\nDanach begutachten Sie in aller Ruhe Ihre Fehler aus einer objektiveren Sicht. Was genau ist schiefgelaufen? Wo m\u00fcssen Sie sich noch mehr Wissen oder K\u00f6nnen aneignen? Ihre Patzer sind wie kleine Hinweisschilder, die Ihnen sagen, woran Sie noch arbeiten k\u00f6nnen. Fallen Ihnen in Franz\u00f6sisch nicht gen\u00fcgend W\u00f6rter ein, um Ihre S\u00e4tze zu einem fl\u00fcssigen Gesamttext zu verbinden? Dann w\u00e4re das ein Ansatzpunkt, um daran zu arbeiten, wenn Sie besser werden m\u00f6chten. Wenn Ihnen bei der Vorbereitung der Pr\u00e4sentation oder der Konferenz die Konzentration gefehlt hat, \u00e4ndern Sie gewisse Abl\u00e4ufe. Arbeiten Sie zum Beispiel zu einer anderen Tageszeit, schlie\u00dfen Sie die T\u00fcr, stellen Sie St\u00f6rger\u00e4usche ab oder achten Sie auf gen\u00fcgend Schlaf.\n\n\n<h2>Eine neue Richtung einschlagen<\/h2>\n\n\nDieses Vorgehen funktioniert auch auf das gesamte Leben angewandt. Vielleicht hagelt es bei Ihnen im Unterricht nur F\u00fcnfer und Sechser oder Ihr Chef entl\u00e4sst Sie. Auch dann bringt es Ihnen nichts, wenn Sie deprimiert zuhause sitzen und den Kopf in den Sand stecken. Sie haben es bis hierhin geschafft und das war eine gro\u00dfe Leistung. Dabei haben Sie wichtige Erfahrungen gewonnen, die Ihnen im weiteren Leben sicher hilfreich sein werden. Au\u00dferdem haben Sie Ihre Pers\u00f6nlichkeit weiterentwickelt und das kann Ihnen niemand mehr nehmen.\n\nNun haben Sie die einzigartige Chance, sich v\u00f6llig neu zu orientieren. Wenn Sie die Schule wechseln m\u00fcssen, dann tun Sie es und w\u00e4hlen Sie eine Richtung, die Ihnen und Ihren F\u00e4higkeiten entspricht. Das gleiche gilt f\u00fcr den Berufsweg. Vielleicht w\u00fcrden Sie sich in einer Stelle mit einem anderen Arbeitsschwerpunkt sogar wohler f\u00fchlen.\n\n\n<h2>Unbegr\u00fcndete Angst vor Fehlern<\/h2>\n\n\nZahlreiche Entdeckungen wurden nur deshalb gemacht, weil jemand eben nicht perfekt war. Der Wissenschaftler Alexander Fleming verga\u00df eine N\u00e4hrbodenplatte im Labor. Ein Anf\u00e4ngerfehler. Doch nur dadurch konnte er bei seiner R\u00fcckkehr das Penicillin entdecken.\n\nDurch Fehler entdecken Sie also nicht nur eigene Schw\u00e4chen, sondern kommen in manchen F\u00e4llen auch zu v\u00f6llig neuen Ergebnissen. Das spielt besonders in k\u00fcnstlerischen Bereichen eine gro\u00dfe Rolle und inspiriert Menschen sogar dazu, ihren Perfektionismus absichtlich \u00fcber Bord zu werfen. Dort will man schlie\u00dflich aus der Masse herausstechen und Neues schaffen. Wer Fehler zul\u00e4sst, lernt daraus und provoziert wom\u00f6glich ungeahnte Folgen.\n\n<strong>Das k\u00f6nnte Sie auch interessieren:<\/strong>\n<a href=\"https:\/\/www.euroakademie.de\/magazin\/perfekt-war-gestern-lieber-erfahren-als-fehlerfrei\/\">Perfekt war gestern \u2013 Lieber erfahren als fehlerfrei<\/a>\n<a href=\"https:\/\/www.euroakademie.de\/magazin\/die-perfektionismus-falle\/\">Die Perfektionismus-Falle<\/a>\n<a href=\"https:\/\/www.euroakademie.de\/magazin\/gute-noten-schlechte-noten-gedanken-zur-notengebung\/\">Gute Noten \u2013 schlechte Noten: Gedanken zur Notengebung<\/a>]]>\t\t<\/p>\n","protected":false},"excerpt":{"rendered":"<p>\t\t\t\t<![CDATA[]]>\t\t<\/p>\n","protected":false},"author":37,"featured_media":5230,"comment_status":"closed","ping_status":"closed","sticky":false,"template":"","format":"standard","meta":{"footnotes":""},"categories":[118],"tags":[565,2899,2902,3274,5176,6091,6298],"class_list":{"0":"post-5229","1":"post","2":"type-post","3":"status-publish","4":"format-standard","5":"has-post-thumbnail","7":"category-im-fokus","8":"tag-arbeit","9":"tag-fehler","10":"tag-fehlerfrei","11":"tag-frust","12":"tag-lernen","13":"tag-noten","14":"tag-perfekt"},"yoast_head":"<!-- This site is optimized with the Yoast SEO plugin v23.5 - https:\/\/yoast.com\/wordpress\/plugins\/seo\/ -->\n<title>Wertvoller als gedacht: Fehler f\u00fcr den Erfolg nutzen | Euro Akademie Magazin<\/title>\n<meta name=\"description\" content=\"Null Fehler sind das gro\u00dfe Ziel. Das lernen wir in der Schule und bewahren uns dieses Denken unser ganzes Leben lang. Dabei haben Fehler auch ihr Gutes.\" \/>\n<meta name=\"robots\" content=\"index, follow, max-snippet:-1, max-image-preview:large, max-video-preview:-1\" \/>\n<link rel=\"canonical\" href=\"https:\/\/www.euroakademie.de\/magazin\/wertvoller-als-gedacht-fehler\/\" \/>\n<meta property=\"og:locale\" content=\"de_DE\" \/>\n<meta property=\"og:type\" content=\"article\" \/>\n<meta property=\"og:title\" content=\"Wertvoller als gedacht: Fehler f\u00fcr den Erfolg nutzen | Euro Akademie Magazin\" \/>\n<meta property=\"og:description\" content=\"Null Fehler sind das gro\u00dfe Ziel. Das lernen wir in der Schule und bewahren uns dieses Denken unser ganzes Leben lang. Dabei haben Fehler auch ihr Gutes.\" \/>\n<meta property=\"og:url\" content=\"https:\/\/www.euroakademie.de\/magazin\/wertvoller-als-gedacht-fehler\/\" \/>\n<meta property=\"og:site_name\" content=\"Das Euro Akademie Magazin\" \/>\n<meta property=\"article:published_time\" content=\"2017-03-29T06:00:07+00:00\" \/>\n<meta property=\"og:image\" content=\"https:\/\/www.euroakademie.de\/magazin\/wp-content\/uploads\/2017\/03\/wertvolle-Fehler-Pixabay-702x336-web.jpg\" \/>\n\t<meta property=\"og:image:width\" content=\"702\" \/>\n\t<meta property=\"og:image:height\" content=\"336\" \/>\n\t<meta property=\"og:image:type\" content=\"image\/jpeg\" \/>\n<meta name=\"author\" content=\"Katharina Boyens\" \/>\n<meta name=\"twitter:card\" content=\"summary_large_image\" \/>\n<meta name=\"twitter:label1\" content=\"Verfasst von\" \/>\n\t<meta name=\"twitter:data1\" content=\"Katharina Boyens\" \/>\n\t<meta name=\"twitter:label2\" content=\"Gesch\u00e4tzte Lesezeit\" \/>\n\t<meta name=\"twitter:data2\" content=\"4\u00a0Minuten\" \/>\n<script type=\"application\/ld+json\" class=\"yoast-schema-graph\">{\"@context\":\"https:\/\/schema.org\",\"@graph\":[{\"@type\":\"Article\",\"@id\":\"https:\/\/www.euroakademie.de\/magazin\/wertvoller-als-gedacht-fehler\/#article\",\"isPartOf\":{\"@id\":\"https:\/\/www.euroakademie.de\/magazin\/wertvoller-als-gedacht-fehler\/\"},\"author\":{\"name\":\"Katharina Boyens\",\"@id\":\"https:\/\/www.euroakademie.de\/magazin\/#\/schema\/person\/bc82ae73082e3ac93c406d0d76cb0cff\"},\"headline\":\"Wertvoller als gedacht: Fehler f\u00fcr den Erfolg nutzen\",\"datePublished\":\"2017-03-29T06:00:07+00:00\",\"dateModified\":\"2017-03-29T06:00:07+00:00\",\"mainEntityOfPage\":{\"@id\":\"https:\/\/www.euroakademie.de\/magazin\/wertvoller-als-gedacht-fehler\/\"},\"wordCount\":791,\"publisher\":{\"@id\":\"https:\/\/www.euroakademie.de\/magazin\/#organization\"},\"image\":{\"@id\":\"https:\/\/www.euroakademie.de\/magazin\/wertvoller-als-gedacht-fehler\/#primaryimage\"},\"thumbnailUrl\":\"https:\/\/www.euroakademie.de\/magazin\/wp-content\/uploads\/2017\/03\/wertvolle-Fehler-Pixabay-702x336-web.jpg\",\"keywords\":[\"Arbeit\",\"Fehler\",\"fehlerfrei\",\"Frust\",\"Lernen\",\"Noten\",\"perfekt\"],\"articleSection\":[\"Im Fokus\"],\"inLanguage\":\"de\"},{\"@type\":\"WebPage\",\"@id\":\"https:\/\/www.euroakademie.de\/magazin\/wertvoller-als-gedacht-fehler\/\",\"url\":\"https:\/\/www.euroakademie.de\/magazin\/wertvoller-als-gedacht-fehler\/\",\"name\":\"Wertvoller als gedacht: Fehler f\u00fcr den Erfolg nutzen | Euro Akademie Magazin\",\"isPartOf\":{\"@id\":\"https:\/\/www.euroakademie.de\/magazin\/#website\"},\"primaryImageOfPage\":{\"@id\":\"https:\/\/www.euroakademie.de\/magazin\/wertvoller-als-gedacht-fehler\/#primaryimage\"},\"image\":{\"@id\":\"https:\/\/www.euroakademie.de\/magazin\/wertvoller-als-gedacht-fehler\/#primaryimage\"},\"thumbnailUrl\":\"https:\/\/www.euroakademie.de\/magazin\/wp-content\/uploads\/2017\/03\/wertvolle-Fehler-Pixabay-702x336-web.jpg\",\"datePublished\":\"2017-03-29T06:00:07+00:00\",\"dateModified\":\"2017-03-29T06:00:07+00:00\",\"description\":\"Null Fehler sind das gro\u00dfe Ziel. Das lernen wir in der Schule und bewahren uns dieses Denken unser ganzes Leben lang. Dabei haben Fehler auch ihr Gutes.\",\"breadcrumb\":{\"@id\":\"https:\/\/www.euroakademie.de\/magazin\/wertvoller-als-gedacht-fehler\/#breadcrumb\"},\"inLanguage\":\"de\",\"potentialAction\":[{\"@type\":\"ReadAction\",\"target\":[\"https:\/\/www.euroakademie.de\/magazin\/wertvoller-als-gedacht-fehler\/\"]}]},{\"@type\":\"ImageObject\",\"inLanguage\":\"de\",\"@id\":\"https:\/\/www.euroakademie.de\/magazin\/wertvoller-als-gedacht-fehler\/#primaryimage\",\"url\":\"https:\/\/www.euroakademie.de\/magazin\/wp-content\/uploads\/2017\/03\/wertvolle-Fehler-Pixabay-702x336-web.jpg\",\"contentUrl\":\"https:\/\/www.euroakademie.de\/magazin\/wp-content\/uploads\/2017\/03\/wertvolle-Fehler-Pixabay-702x336-web.jpg\",\"width\":702,\"height\":336,\"caption\":\"\"},{\"@type\":\"BreadcrumbList\",\"@id\":\"https:\/\/www.euroakademie.de\/magazin\/wertvoller-als-gedacht-fehler\/#breadcrumb\",\"itemListElement\":[{\"@type\":\"ListItem\",\"position\":1,\"name\":\"Startseite\",\"item\":\"https:\/\/www.euroakademie.de\/magazin\/\"},{\"@type\":\"ListItem\",\"position\":2,\"name\":\"Wertvoller als gedacht: Fehler f\u00fcr den Erfolg nutzen\"}]},{\"@type\":\"WebSite\",\"@id\":\"https:\/\/www.euroakademie.de\/magazin\/#website\",\"url\":\"https:\/\/www.euroakademie.de\/magazin\/\",\"name\":\"Das Euro Akademie Magazin\",\"description\":\"Gut informiert durch Ausbildung und Studium\",\"publisher\":{\"@id\":\"https:\/\/www.euroakademie.de\/magazin\/#organization\"},\"potentialAction\":[{\"@type\":\"SearchAction\",\"target\":{\"@type\":\"EntryPoint\",\"urlTemplate\":\"https:\/\/www.euroakademie.de\/magazin\/?s={search_term_string}\"},\"query-input\":{\"@type\":\"PropertyValueSpecification\",\"valueRequired\":true,\"valueName\":\"search_term_string\"}}],\"inLanguage\":\"de\"},{\"@type\":\"Organization\",\"@id\":\"https:\/\/www.euroakademie.de\/magazin\/#organization\",\"name\":\"ESO Education Group\",\"url\":\"https:\/\/www.euroakademie.de\/magazin\/\",\"logo\":{\"@type\":\"ImageObject\",\"inLanguage\":\"de\",\"@id\":\"https:\/\/www.euroakademie.de\/magazin\/#\/schema\/logo\/image\/\",\"url\":\"https:\/\/relaunch.euroakademie.de\/magazin\/wp-content\/uploads\/2024\/11\/Logo_EA_negativ_Rahmen_5cm_300dpi_RGB.jpg\",\"contentUrl\":\"https:\/\/relaunch.euroakademie.de\/magazin\/wp-content\/uploads\/2024\/11\/Logo_EA_negativ_Rahmen_5cm_300dpi_RGB.jpg\",\"width\":591,\"height\":236,\"caption\":\"ESO Education Group\"},\"image\":{\"@id\":\"https:\/\/www.euroakademie.de\/magazin\/#\/schema\/logo\/image\/\"}},{\"@type\":\"Person\",\"@id\":\"https:\/\/www.euroakademie.de\/magazin\/#\/schema\/person\/bc82ae73082e3ac93c406d0d76cb0cff\",\"name\":\"Katharina Boyens\",\"description\":\"Katharina Boyens ist Germanistin und Anglistin mit einem Faible f\u00fcrs Schreiben. Von M\u00e4rz 2016 bis Januar 2021 bereicherte sie das Euro Akademie Magazin mit lesenswerten Beitr\u00e4gen in verschiedenen Rubriken.\",\"url\":\"https:\/\/www.euroakademie.de\/magazin\/author\/pfaffk\/\"}]}<\/script>\n<!-- \/ Yoast SEO plugin. -->","yoast_head_json":{"title":"Wertvoller als gedacht: Fehler f\u00fcr den Erfolg nutzen | Euro Akademie Magazin","description":"Null Fehler sind das gro\u00dfe Ziel. Das lernen wir in der Schule und bewahren uns dieses Denken unser ganzes Leben lang. Dabei haben Fehler auch ihr Gutes.","robots":{"index":"index","follow":"follow","max-snippet":"max-snippet:-1","max-image-preview":"max-image-preview:large","max-video-preview":"max-video-preview:-1"},"canonical":"https:\/\/www.euroakademie.de\/magazin\/wertvoller-als-gedacht-fehler\/","og_locale":"de_DE","og_type":"article","og_title":"Wertvoller als gedacht: Fehler f\u00fcr den Erfolg nutzen | Euro Akademie Magazin","og_description":"Null Fehler sind das gro\u00dfe Ziel. Das lernen wir in der Schule und bewahren uns dieses Denken unser ganzes Leben lang. Dabei haben Fehler auch ihr Gutes.","og_url":"https:\/\/www.euroakademie.de\/magazin\/wertvoller-als-gedacht-fehler\/","og_site_name":"Das Euro Akademie Magazin","article_published_time":"2017-03-29T06:00:07+00:00","og_image":[{"width":702,"height":336,"url":"https:\/\/www.euroakademie.de\/magazin\/wp-content\/uploads\/2017\/03\/wertvolle-Fehler-Pixabay-702x336-web.jpg","type":"image\/jpeg"}],"author":"Katharina Boyens","twitter_card":"summary_large_image","twitter_misc":{"Verfasst von":"Katharina Boyens","Gesch\u00e4tzte Lesezeit":"4\u00a0Minuten"},"schema":{"@context":"https:\/\/schema.org","@graph":[{"@type":"Article","@id":"https:\/\/www.euroakademie.de\/magazin\/wertvoller-als-gedacht-fehler\/#article","isPartOf":{"@id":"https:\/\/www.euroakademie.de\/magazin\/wertvoller-als-gedacht-fehler\/"},"author":{"name":"Katharina Boyens","@id":"https:\/\/www.euroakademie.de\/magazin\/#\/schema\/person\/bc82ae73082e3ac93c406d0d76cb0cff"},"headline":"Wertvoller als gedacht: Fehler f\u00fcr den Erfolg nutzen","datePublished":"2017-03-29T06:00:07+00:00","dateModified":"2017-03-29T06:00:07+00:00","mainEntityOfPage":{"@id":"https:\/\/www.euroakademie.de\/magazin\/wertvoller-als-gedacht-fehler\/"},"wordCount":791,"publisher":{"@id":"https:\/\/www.euroakademie.de\/magazin\/#organization"},"image":{"@id":"https:\/\/www.euroakademie.de\/magazin\/wertvoller-als-gedacht-fehler\/#primaryimage"},"thumbnailUrl":"https:\/\/www.euroakademie.de\/magazin\/wp-content\/uploads\/2017\/03\/wertvolle-Fehler-Pixabay-702x336-web.jpg","keywords":["Arbeit","Fehler","fehlerfrei","Frust","Lernen","Noten","perfekt"],"articleSection":["Im Fokus"],"inLanguage":"de"},{"@type":"WebPage","@id":"https:\/\/www.euroakademie.de\/magazin\/wertvoller-als-gedacht-fehler\/","url":"https:\/\/www.euroakademie.de\/magazin\/wertvoller-als-gedacht-fehler\/","name":"Wertvoller als gedacht: Fehler f\u00fcr den Erfolg nutzen | Euro Akademie Magazin","isPartOf":{"@id":"https:\/\/www.euroakademie.de\/magazin\/#website"},"primaryImageOfPage":{"@id":"https:\/\/www.euroakademie.de\/magazin\/wertvoller-als-gedacht-fehler\/#primaryimage"},"image":{"@id":"https:\/\/www.euroakademie.de\/magazin\/wertvoller-als-gedacht-fehler\/#primaryimage"},"thumbnailUrl":"https:\/\/www.euroakademie.de\/magazin\/wp-content\/uploads\/2017\/03\/wertvolle-Fehler-Pixabay-702x336-web.jpg","datePublished":"2017-03-29T06:00:07+00:00","dateModified":"2017-03-29T06:00:07+00:00","description":"Null Fehler sind das gro\u00dfe Ziel. Das lernen wir in der Schule und bewahren uns dieses Denken unser ganzes Leben lang. Dabei haben Fehler auch ihr Gutes.","breadcrumb":{"@id":"https:\/\/www.euroakademie.de\/magazin\/wertvoller-als-gedacht-fehler\/#breadcrumb"},"inLanguage":"de","potentialAction":[{"@type":"ReadAction","target":["https:\/\/www.euroakademie.de\/magazin\/wertvoller-als-gedacht-fehler\/"]}]},{"@type":"ImageObject","inLanguage":"de","@id":"https:\/\/www.euroakademie.de\/magazin\/wertvoller-als-gedacht-fehler\/#primaryimage","url":"https:\/\/www.euroakademie.de\/magazin\/wp-content\/uploads\/2017\/03\/wertvolle-Fehler-Pixabay-702x336-web.jpg","contentUrl":"https:\/\/www.euroakademie.de\/magazin\/wp-content\/uploads\/2017\/03\/wertvolle-Fehler-Pixabay-702x336-web.jpg","width":702,"height":336,"caption":""},{"@type":"BreadcrumbList","@id":"https:\/\/www.euroakademie.de\/magazin\/wertvoller-als-gedacht-fehler\/#breadcrumb","itemListElement":[{"@type":"ListItem","position":1,"name":"Startseite","item":"https:\/\/www.euroakademie.de\/magazin\/"},{"@type":"ListItem","position":2,"name":"Wertvoller als gedacht: Fehler f\u00fcr den Erfolg nutzen"}]},{"@type":"WebSite","@id":"https:\/\/www.euroakademie.de\/magazin\/#website","url":"https:\/\/www.euroakademie.de\/magazin\/","name":"Das Euro Akademie Magazin","description":"Gut informiert durch Ausbildung und Studium","publisher":{"@id":"https:\/\/www.euroakademie.de\/magazin\/#organization"},"potentialAction":[{"@type":"SearchAction","target":{"@type":"EntryPoint","urlTemplate":"https:\/\/www.euroakademie.de\/magazin\/?s={search_term_string}"},"query-input":{"@type":"PropertyValueSpecification","valueRequired":true,"valueName":"search_term_string"}}],"inLanguage":"de"},{"@type":"Organization","@id":"https:\/\/www.euroakademie.de\/magazin\/#organization","name":"ESO Education Group","url":"https:\/\/www.euroakademie.de\/magazin\/","logo":{"@type":"ImageObject","inLanguage":"de","@id":"https:\/\/www.euroakademie.de\/magazin\/#\/schema\/logo\/image\/","url":"https:\/\/relaunch.euroakademie.de\/magazin\/wp-content\/uploads\/2024\/11\/Logo_EA_negativ_Rahmen_5cm_300dpi_RGB.jpg","contentUrl":"https:\/\/relaunch.euroakademie.de\/magazin\/wp-content\/uploads\/2024\/11\/Logo_EA_negativ_Rahmen_5cm_300dpi_RGB.jpg","width":591,"height":236,"caption":"ESO Education Group"},"image":{"@id":"https:\/\/www.euroakademie.de\/magazin\/#\/schema\/logo\/image\/"}},{"@type":"Person","@id":"https:\/\/www.euroakademie.de\/magazin\/#\/schema\/person\/bc82ae73082e3ac93c406d0d76cb0cff","name":"Katharina Boyens","description":"Katharina Boyens ist Germanistin und Anglistin mit einem Faible f\u00fcrs Schreiben. Von M\u00e4rz 2016 bis Januar 2021 bereicherte sie das Euro Akademie Magazin mit lesenswerten Beitr\u00e4gen in verschiedenen Rubriken.","url":"https:\/\/www.euroakademie.de\/magazin\/author\/pfaffk\/"}]}},"_links":{"self":[{"href":"https:\/\/www.euroakademie.de\/magazin\/wp-json\/wp\/v2\/posts\/5229","targetHints":{"allow":["GET"]}}],"collection":[{"href":"https:\/\/www.euroakademie.de\/magazin\/wp-json\/wp\/v2\/posts"}],"about":[{"href":"https:\/\/www.euroakademie.de\/magazin\/wp-json\/wp\/v2\/types\/post"}],"author":[{"embeddable":true,"href":"https:\/\/www.euroakademie.de\/magazin\/wp-json\/wp\/v2\/users\/37"}],"replies":[{"embeddable":true,"href":"https:\/\/www.euroakademie.de\/magazin\/wp-json\/wp\/v2\/comments?post=5229"}],"version-history":[{"count":0,"href":"https:\/\/www.euroakademie.de\/magazin\/wp-json\/wp\/v2\/posts\/5229\/revisions"}],"wp:featuredmedia":[{"embeddable":true,"href":"https:\/\/www.euroakademie.de\/magazin\/wp-json\/wp\/v2\/media\/5230"}],"wp:attachment":[{"href":"https:\/\/www.euroakademie.de\/magazin\/wp-json\/wp\/v2\/media?parent=5229"}],"wp:term":[{"taxonomy":"category","embeddable":true,"href":"https:\/\/www.euroakademie.de\/magazin\/wp-json\/wp\/v2\/categories?post=5229"},{"taxonomy":"post_tag","embeddable":true,"href":"https:\/\/www.euroakademie.de\/magazin\/wp-json\/wp\/v2\/tags?post=5229"}],"curies":[{"name":"wp","href":"https:\/\/api.w.org\/{rel}","templated":true}]}}