{"id":5300,"date":"2017-04-26T08:00:28","date_gmt":"2017-04-26T06:00:28","guid":{"rendered":"https:\/\/www.euroakademie.de\/magazin\/?p=5300"},"modified":"2017-04-26T08:00:28","modified_gmt":"2017-04-26T06:00:28","slug":"vom-bauarbeiter-zum-erzieher","status":"publish","type":"post","link":"https:\/\/www.euroakademie.de\/magazin\/vom-bauarbeiter-zum-erzieher\/","title":{"rendered":"Vom Bauarbeiter zum Erzieher \u2013 goldrichtige Entscheidung!"},"content":{"rendered":"<p>\t\t\t\t<![CDATA[<strong>Karsten Kitzelmann hat sich f\u00fcr die duale Ausbildung im <a href=\"https:\/\/www.euroakademie.de\/de\/standorte\/berlin\/ueber-uns\/projekte\/quereinstieg-maenner-und-frauen-in-kitas.html\">Bundesmodellprogramm \u201eQuereinstieg \u2013 M\u00e4nner und Frauen in Kitas\u201c<\/a> entschieden. An vier Tagen in der Woche arbeitet er 19,5 Stunden in der Kita. An zwei weiteren Tagen besucht er die Fachschule f\u00fcr Sozialp\u00e4dagogik der <a href=\"http:\/\/www.euroakademie.de\/berlin\">Euro Akademie Berlin<\/a>.<\/strong>\n\nVor seiner Ausbildung arbeitete er auf dem Bau. Sein Potenzial und seine Ressourcen konnte er von Anfang an auch in seinem neuen Berufsfeld nutzen: Im Krippentrakt entr\u00fcmpelte er eine Abstellkammer und schaffte daraus eine Werkstatt f\u00fcr die Kleinsten. Hier k\u00f6nnen sie mit Hammer und S\u00e4ge arbeiten und richtige N\u00e4gel in ein Holzbrett schlagen.\n\n\n<h2>Entspannter Beginn eines Arbeitstags<\/h2>\n\n\nMorgens um 6 Uhr steckt Karsten Kitzelmann den Schl\u00fcssel in die gelbgestrichene T\u00fcr der Kindertagesst\u00e4tten Nordwest im Halemweg und schlie\u00dft auf. Noch ist er alleine. Er \u00f6ffnet die Jalousien, macht den Fr\u00fchst\u00fcckswagen fertig und kocht Kaffee. Ein paar Minuten sp\u00e4ter kommt das erste Kind. Er wechselt mit dem Vater ein paar Worte. Dann bindet er das Kind mit in seine Aufgaben ein. Gemeinsam holen sie Handt\u00fccher aus dem Trockner und legen sie zusammen. Sie genie\u00dfen die Zweisamkeit, die Ruhe vor dem Sturm.\n\n6.30 Uhr kommt eine weitere Kollegin. F\u00fcr den Fr\u00fchdienst hat Karsten Kitzelmann sich freiwillig gemeldet, denn er ist Fr\u00fchaufsteher. \u201eDas einzige, was ich hier wirklich nervig fand, waren die unregelm\u00e4\u00dfigen Arbeitszeiten. Wenn man erst mitten am Tag startet \u2026 Jetzt mit dem Fr\u00fchdienst ist das super.\u201c\n\n\n<h2>\u201eDer beste Schritt, den ich beruflich gemacht habe\u201c<\/h2>\n\n\nDie Kita Nordwest im Halemweg ist ein 1960er-Jahre-Bau. L-f\u00f6rmig schmiegt sich das Geb\u00e4ude um den Spielplatz in der Mitte. In einem Trakt sind die Krippen-Kinder. Im ersten Jahr seiner Ausbildung hat Karsten Kitzelmann hier gearbeitet. Anfangs hatte er Angst, seine F\u00fc\u00dfe an die richtige Stelle zu setzen zwischen all den kleinen Kindern, die herumwuselten.\n\nDoch mittlerweile bewegt er sich sicher durch das gesamte Geb\u00e4ude. Er kennt jedes Kind, kennt seine Kollegen, hat in den vergangenen eineinhalb Jahren viel gelernt \u00fcber P\u00e4dagogik, \u00fcber kleine und gro\u00dfe Menschen, \u00fcber Entwicklung und menschliches Miteinander. \u201eDass ich mich daf\u00fcr entschieden habe, noch einmal den <a href=\"https:\/\/www.euroakademie.de\/de\/ausbildung\/paedagogik-soziales\/erzieher.html\">Erzieher<\/a> zu machen, ist der beste Schritt, den ich beruflich gemacht habe. Ich k\u00f6nnte jeden Tag nach dem Aufstehen &#8218;Danke&#8216; sagen.\u201c Sein Blick strahlt, seine Worte klingen euphorisch.\n\n\n<h2>Jetzt wird gewerkelt!<\/h2>\n\n\n8 Uhr. Nun sind fast alle Kollegen da und der <a href=\"https:\/\/www.euroakademie.de\/magazin\/erzieherin-im-interview-engagement-aus-leidenschaft\/\">\u201enormale Alltag\u201c eines Erziehers<\/a> beginnt. Karsten ist mittlerweile bei den Gr\u00f6\u00dferen im zweiten Trakt. Hier arbeiten die Erzieher in Funktionsr\u00e4umen. Das kann ein Bauraum sein, das Lesezimmer oder der Musikraum. Eine Erzieherin ist die \u201eSonne\u201c. Sie arbeitet im Empfang neben der Eingangst\u00fcr und gibt Kindern \u2013 und auch manchem Elternteil \u2013 Orientierung.\n\nKarsten geht um 8 Uhr ins Atelier. Hier arbeitet er mit Marko, der ein Genie im Auseinander- und wieder Zusammenbauen von Computern ist. Mit ihm zusammen hat er dem Atelier eine weitere Komponente hinzugef\u00fcgt: die Werkstatt mit selbsthergestellter Werkbank und richtigen Werkzeugen. Ein Schild weist die Kinder auf die Regeln hin: In der Werkstatt sollen die Kinder feste Schuhe tragen und h\u00f6chstens zu dritt sein. Hier k\u00f6nnen die Kinder ein Werkzeugdiplom machen, das ausgeh\u00e4ngt wird und allen zeigt, dass das Kind schon mit einem bestimmten Werkzeug umgehen kann, oder einen Facharbeiterbrief f\u00fcr bestimmte Kompetenzen. Auch gibt es ein Kinderpatentamt f\u00fcr besondere Erfindungen.\n\n\n<h2>Die Offene Arbeit<\/h2>\n\n\nDoch auch wenn Karsten Kitzelmann viel von seinem Faible f\u00fcrs Bauen in die Kita einbringt, so stehen doch die Kinder allein f\u00fcr ihn im Vordergrund. \u201eSeitdem wir die Offene Arbeit im Sommer eingef\u00fchrt haben, k\u00f6nnen Kinder machen, was sie m\u00f6chten. Sie k\u00f6nnen beispielsweise stundenlang tuschen und keiner sagt ihnen: &#8218;Jetzt wird Karten gespielt.&#8216; Das gef\u00e4llt mir pers\u00f6nlich.\u201c\n\nEs sei ruhiger geworden, seitdem die Offene Arbeit eingef\u00fchrt wurde, erz\u00e4hlt er. Kinder, die Schwierigkeiten miteinander h\u00e4tten, k\u00f6nnten getrennte Wege gehen. Auch unter den Kollegen sei es entspannter, obwohl die Offene Arbeit von ihnen als Team mehr verlange. Sie beobachten die Kinder und tauschen sich aus. Wenn ein Kind auff\u00e4llig ist, dann schnappt sich Karsten Kitzelmann dasjenige und versucht mit ihm zusammen herauszukriegen, was ihm Spa\u00df macht, was es m\u00f6chte. Es ist ihm als Erzieher wichtig, dass die Kinder ihr Potenzial entfalten k\u00f6nnen und auf ihren Ressourcen aufbauen. So, wie auch er es lebt.\n\n<a href=\"https:\/\/relaunch.euroakademie.de\/magazin\/wp-content\/uploads\/2017\/04\/logoleiste_eu_esf_quereinstieg_m_w.jpg\"><img fetchpriority=\"high\" decoding=\"async\" class=\"alignnone size-full wp-image-7999\" src=\"https:\/\/relaunch.euroakademie.de\/magazin\/wp-content\/uploads\/2017\/04\/logoleiste_eu_esf_quereinstieg_m_w.jpg\" alt=\"\" width=\"739\" height=\"89\" srcset=\"https:\/\/www.euroakademie.de\/magazin\/wp-content\/uploads\/2017\/04\/logoleiste_eu_esf_quereinstieg_m_w.jpg 739w, https:\/\/www.euroakademie.de\/magazin\/wp-content\/uploads\/2017\/04\/logoleiste_eu_esf_quereinstieg_m_w-300x36.jpg 300w, https:\/\/www.euroakademie.de\/magazin\/wp-content\/uploads\/2017\/04\/logoleiste_eu_esf_quereinstieg_m_w-150x18.jpg 150w, https:\/\/www.euroakademie.de\/magazin\/wp-content\/uploads\/2017\/04\/logoleiste_eu_esf_quereinstieg_m_w-450x54.jpg 450w\" sizes=\"(max-width: 739px) 100vw, 739px\" \/><\/a>]]>\t\t<\/p>\n","protected":false},"excerpt":{"rendered":"<p>\t\t\t\t<![CDATA[]]>\t\t<\/p>\n","protected":false},"author":19,"featured_media":5302,"comment_status":"closed","ping_status":"closed","sticky":false,"template":"","format":"standard","meta":{"footnotes":""},"categories":[175,73],"tags":[1675,2587,2653,4582,6829],"class_list":{"0":"post-5300","1":"post","2":"type-post","3":"status-publish","4":"format-standard","5":"has-post-thumbnail","7":"category-maenner-und-frauen-in-kitas","8":"category-berlin","9":"tag-bundesmodellprogramm","10":"tag-erzieher","11":"tag-eu-projekt","12":"tag-kita","13":"tag-quereinstieg"},"yoast_head":"<!-- This site is optimized with the Yoast SEO plugin v23.5 - https:\/\/yoast.com\/wordpress\/plugins\/seo\/ -->\n<title>Vom Bauarbeiter zum Erzieher \u2013 goldrichtige Entscheidung! | Euro Akademie Magazin<\/title>\n<meta name=\"description\" content=\"Der einstige Bauarbeiter Karsten Kitzelmann mag Kinder und absolviert die Ausbildung im Bundesmodellprogramm \u201eQuereinstieg \u2013 M\u00e4nner und Frauen in Kitas\u201c.\" \/>\n<meta name=\"robots\" content=\"index, follow, max-snippet:-1, max-image-preview:large, max-video-preview:-1\" \/>\n<link rel=\"canonical\" href=\"https:\/\/www.euroakademie.de\/magazin\/vom-bauarbeiter-zum-erzieher\/\" \/>\n<meta property=\"og:locale\" content=\"de_DE\" \/>\n<meta property=\"og:type\" content=\"article\" \/>\n<meta property=\"og:title\" content=\"Vom Bauarbeiter zum Erzieher \u2013 goldrichtige Entscheidung! | Euro Akademie Magazin\" \/>\n<meta property=\"og:description\" content=\"Der einstige Bauarbeiter Karsten Kitzelmann mag Kinder und absolviert die Ausbildung im Bundesmodellprogramm \u201eQuereinstieg \u2013 M\u00e4nner und Frauen in Kitas\u201c.\" \/>\n<meta property=\"og:url\" content=\"https:\/\/www.euroakademie.de\/magazin\/vom-bauarbeiter-zum-erzieher\/\" \/>\n<meta property=\"og:site_name\" content=\"Das Euro Akademie Magazin\" \/>\n<meta property=\"article:published_time\" content=\"2017-04-26T06:00:28+00:00\" \/>\n<meta property=\"og:image\" content=\"https:\/\/www.euroakademie.de\/magazin\/wp-content\/uploads\/2017\/04\/karsten-Kitzelmann-702x336-web.jpg\" \/>\n\t<meta property=\"og:image:width\" content=\"702\" \/>\n\t<meta property=\"og:image:height\" content=\"336\" \/>\n\t<meta property=\"og:image:type\" content=\"image\/jpeg\" \/>\n<meta name=\"author\" content=\"Barbara Tauber\" \/>\n<meta name=\"twitter:card\" content=\"summary_large_image\" \/>\n<meta name=\"twitter:label1\" content=\"Verfasst von\" \/>\n\t<meta name=\"twitter:data1\" content=\"Barbara Tauber\" \/>\n\t<meta name=\"twitter:label2\" content=\"Gesch\u00e4tzte Lesezeit\" \/>\n\t<meta name=\"twitter:data2\" content=\"4\u00a0Minuten\" \/>\n<script type=\"application\/ld+json\" class=\"yoast-schema-graph\">{\"@context\":\"https:\/\/schema.org\",\"@graph\":[{\"@type\":\"Article\",\"@id\":\"https:\/\/www.euroakademie.de\/magazin\/vom-bauarbeiter-zum-erzieher\/#article\",\"isPartOf\":{\"@id\":\"https:\/\/www.euroakademie.de\/magazin\/vom-bauarbeiter-zum-erzieher\/\"},\"author\":{\"name\":\"Barbara Tauber\",\"@id\":\"https:\/\/www.euroakademie.de\/magazin\/#\/schema\/person\/d358a99c9c21358caa2204cfc0644796\"},\"headline\":\"Vom Bauarbeiter zum Erzieher \u2013 goldrichtige Entscheidung!\",\"datePublished\":\"2017-04-26T06:00:28+00:00\",\"dateModified\":\"2017-04-26T06:00:28+00:00\",\"mainEntityOfPage\":{\"@id\":\"https:\/\/www.euroakademie.de\/magazin\/vom-bauarbeiter-zum-erzieher\/\"},\"wordCount\":739,\"publisher\":{\"@id\":\"https:\/\/www.euroakademie.de\/magazin\/#organization\"},\"image\":{\"@id\":\"https:\/\/www.euroakademie.de\/magazin\/vom-bauarbeiter-zum-erzieher\/#primaryimage\"},\"thumbnailUrl\":\"https:\/\/www.euroakademie.de\/magazin\/wp-content\/uploads\/2017\/04\/karsten-Kitzelmann-702x336-web.jpg\",\"keywords\":[\"Bundesmodellprogramm\",\"Erzieher\",\"EU-Projekt\",\"Kita\",\"Quereinstieg\"],\"articleSection\":[\"\\\"M\u00e4nner und Frauen in Kitas\u201c\",\"Berlin\"],\"inLanguage\":\"de\"},{\"@type\":\"WebPage\",\"@id\":\"https:\/\/www.euroakademie.de\/magazin\/vom-bauarbeiter-zum-erzieher\/\",\"url\":\"https:\/\/www.euroakademie.de\/magazin\/vom-bauarbeiter-zum-erzieher\/\",\"name\":\"Vom Bauarbeiter zum Erzieher \u2013 goldrichtige Entscheidung! | Euro Akademie Magazin\",\"isPartOf\":{\"@id\":\"https:\/\/www.euroakademie.de\/magazin\/#website\"},\"primaryImageOfPage\":{\"@id\":\"https:\/\/www.euroakademie.de\/magazin\/vom-bauarbeiter-zum-erzieher\/#primaryimage\"},\"image\":{\"@id\":\"https:\/\/www.euroakademie.de\/magazin\/vom-bauarbeiter-zum-erzieher\/#primaryimage\"},\"thumbnailUrl\":\"https:\/\/www.euroakademie.de\/magazin\/wp-content\/uploads\/2017\/04\/karsten-Kitzelmann-702x336-web.jpg\",\"datePublished\":\"2017-04-26T06:00:28+00:00\",\"dateModified\":\"2017-04-26T06:00:28+00:00\",\"description\":\"Der einstige Bauarbeiter Karsten Kitzelmann mag Kinder und absolviert die Ausbildung im Bundesmodellprogramm \u201eQuereinstieg \u2013 M\u00e4nner und Frauen in Kitas\u201c.\",\"breadcrumb\":{\"@id\":\"https:\/\/www.euroakademie.de\/magazin\/vom-bauarbeiter-zum-erzieher\/#breadcrumb\"},\"inLanguage\":\"de\",\"potentialAction\":[{\"@type\":\"ReadAction\",\"target\":[\"https:\/\/www.euroakademie.de\/magazin\/vom-bauarbeiter-zum-erzieher\/\"]}]},{\"@type\":\"ImageObject\",\"inLanguage\":\"de\",\"@id\":\"https:\/\/www.euroakademie.de\/magazin\/vom-bauarbeiter-zum-erzieher\/#primaryimage\",\"url\":\"https:\/\/www.euroakademie.de\/magazin\/wp-content\/uploads\/2017\/04\/karsten-Kitzelmann-702x336-web.jpg\",\"contentUrl\":\"https:\/\/www.euroakademie.de\/magazin\/wp-content\/uploads\/2017\/04\/karsten-Kitzelmann-702x336-web.jpg\",\"width\":702,\"height\":336,\"caption\":\"\"},{\"@type\":\"BreadcrumbList\",\"@id\":\"https:\/\/www.euroakademie.de\/magazin\/vom-bauarbeiter-zum-erzieher\/#breadcrumb\",\"itemListElement\":[{\"@type\":\"ListItem\",\"position\":1,\"name\":\"Startseite\",\"item\":\"https:\/\/www.euroakademie.de\/magazin\/\"},{\"@type\":\"ListItem\",\"position\":2,\"name\":\"Vom Bauarbeiter zum Erzieher \u2013 goldrichtige Entscheidung!\"}]},{\"@type\":\"WebSite\",\"@id\":\"https:\/\/www.euroakademie.de\/magazin\/#website\",\"url\":\"https:\/\/www.euroakademie.de\/magazin\/\",\"name\":\"Das Euro Akademie Magazin\",\"description\":\"Gut informiert durch Ausbildung und Studium\",\"publisher\":{\"@id\":\"https:\/\/www.euroakademie.de\/magazin\/#organization\"},\"potentialAction\":[{\"@type\":\"SearchAction\",\"target\":{\"@type\":\"EntryPoint\",\"urlTemplate\":\"https:\/\/www.euroakademie.de\/magazin\/?s={search_term_string}\"},\"query-input\":{\"@type\":\"PropertyValueSpecification\",\"valueRequired\":true,\"valueName\":\"search_term_string\"}}],\"inLanguage\":\"de\"},{\"@type\":\"Organization\",\"@id\":\"https:\/\/www.euroakademie.de\/magazin\/#organization\",\"name\":\"ESO Education Group\",\"url\":\"https:\/\/www.euroakademie.de\/magazin\/\",\"logo\":{\"@type\":\"ImageObject\",\"inLanguage\":\"de\",\"@id\":\"https:\/\/www.euroakademie.de\/magazin\/#\/schema\/logo\/image\/\",\"url\":\"https:\/\/relaunch.euroakademie.de\/magazin\/wp-content\/uploads\/2024\/11\/Logo_EA_negativ_Rahmen_5cm_300dpi_RGB.jpg\",\"contentUrl\":\"https:\/\/relaunch.euroakademie.de\/magazin\/wp-content\/uploads\/2024\/11\/Logo_EA_negativ_Rahmen_5cm_300dpi_RGB.jpg\",\"width\":591,\"height\":236,\"caption\":\"ESO Education Group\"},\"image\":{\"@id\":\"https:\/\/www.euroakademie.de\/magazin\/#\/schema\/logo\/image\/\"}},{\"@type\":\"Person\",\"@id\":\"https:\/\/www.euroakademie.de\/magazin\/#\/schema\/person\/d358a99c9c21358caa2204cfc0644796\",\"name\":\"Barbara Tauber\",\"description\":\"Barbara Tauber, ehemalige Dozentin an der Euro Akademie Berlin, betreute bis August 2017 das Projekt \\\"Quereinstieg \u2013 M\u00e4nner und Frauen in Kitas\\\" federf\u00fchrend. Sie engagiert sich f\u00fcr eine neue Lernkultur: Sch\u00fcler*innen gestalten aktiv und eigenverantwortlich ihren Lernprozess, Dozent*innen werden zu Coaches, die diesen Lernprozess unterst\u00fctzen und begleiten. In diesem Blog schildert sie Erfahrungen aus ihrem p\u00e4dagogischen Alltag.\",\"url\":\"https:\/\/www.euroakademie.de\/magazin\/author\/barbaratauber\/\"}]}<\/script>\n<!-- \/ Yoast SEO plugin. -->","yoast_head_json":{"title":"Vom Bauarbeiter zum Erzieher \u2013 goldrichtige Entscheidung! | Euro Akademie Magazin","description":"Der einstige Bauarbeiter Karsten Kitzelmann mag Kinder und absolviert die Ausbildung im Bundesmodellprogramm \u201eQuereinstieg \u2013 M\u00e4nner und Frauen in Kitas\u201c.","robots":{"index":"index","follow":"follow","max-snippet":"max-snippet:-1","max-image-preview":"max-image-preview:large","max-video-preview":"max-video-preview:-1"},"canonical":"https:\/\/www.euroakademie.de\/magazin\/vom-bauarbeiter-zum-erzieher\/","og_locale":"de_DE","og_type":"article","og_title":"Vom Bauarbeiter zum Erzieher \u2013 goldrichtige Entscheidung! | Euro Akademie Magazin","og_description":"Der einstige Bauarbeiter Karsten Kitzelmann mag Kinder und absolviert die Ausbildung im Bundesmodellprogramm \u201eQuereinstieg \u2013 M\u00e4nner und Frauen in Kitas\u201c.","og_url":"https:\/\/www.euroakademie.de\/magazin\/vom-bauarbeiter-zum-erzieher\/","og_site_name":"Das Euro Akademie Magazin","article_published_time":"2017-04-26T06:00:28+00:00","og_image":[{"width":702,"height":336,"url":"https:\/\/www.euroakademie.de\/magazin\/wp-content\/uploads\/2017\/04\/karsten-Kitzelmann-702x336-web.jpg","type":"image\/jpeg"}],"author":"Barbara Tauber","twitter_card":"summary_large_image","twitter_misc":{"Verfasst von":"Barbara Tauber","Gesch\u00e4tzte Lesezeit":"4\u00a0Minuten"},"schema":{"@context":"https:\/\/schema.org","@graph":[{"@type":"Article","@id":"https:\/\/www.euroakademie.de\/magazin\/vom-bauarbeiter-zum-erzieher\/#article","isPartOf":{"@id":"https:\/\/www.euroakademie.de\/magazin\/vom-bauarbeiter-zum-erzieher\/"},"author":{"name":"Barbara Tauber","@id":"https:\/\/www.euroakademie.de\/magazin\/#\/schema\/person\/d358a99c9c21358caa2204cfc0644796"},"headline":"Vom Bauarbeiter zum Erzieher \u2013 goldrichtige Entscheidung!","datePublished":"2017-04-26T06:00:28+00:00","dateModified":"2017-04-26T06:00:28+00:00","mainEntityOfPage":{"@id":"https:\/\/www.euroakademie.de\/magazin\/vom-bauarbeiter-zum-erzieher\/"},"wordCount":739,"publisher":{"@id":"https:\/\/www.euroakademie.de\/magazin\/#organization"},"image":{"@id":"https:\/\/www.euroakademie.de\/magazin\/vom-bauarbeiter-zum-erzieher\/#primaryimage"},"thumbnailUrl":"https:\/\/www.euroakademie.de\/magazin\/wp-content\/uploads\/2017\/04\/karsten-Kitzelmann-702x336-web.jpg","keywords":["Bundesmodellprogramm","Erzieher","EU-Projekt","Kita","Quereinstieg"],"articleSection":["\"M\u00e4nner und Frauen in Kitas\u201c","Berlin"],"inLanguage":"de"},{"@type":"WebPage","@id":"https:\/\/www.euroakademie.de\/magazin\/vom-bauarbeiter-zum-erzieher\/","url":"https:\/\/www.euroakademie.de\/magazin\/vom-bauarbeiter-zum-erzieher\/","name":"Vom Bauarbeiter zum Erzieher \u2013 goldrichtige Entscheidung! | Euro Akademie Magazin","isPartOf":{"@id":"https:\/\/www.euroakademie.de\/magazin\/#website"},"primaryImageOfPage":{"@id":"https:\/\/www.euroakademie.de\/magazin\/vom-bauarbeiter-zum-erzieher\/#primaryimage"},"image":{"@id":"https:\/\/www.euroakademie.de\/magazin\/vom-bauarbeiter-zum-erzieher\/#primaryimage"},"thumbnailUrl":"https:\/\/www.euroakademie.de\/magazin\/wp-content\/uploads\/2017\/04\/karsten-Kitzelmann-702x336-web.jpg","datePublished":"2017-04-26T06:00:28+00:00","dateModified":"2017-04-26T06:00:28+00:00","description":"Der einstige Bauarbeiter Karsten Kitzelmann mag Kinder und absolviert die Ausbildung im Bundesmodellprogramm \u201eQuereinstieg \u2013 M\u00e4nner und Frauen in Kitas\u201c.","breadcrumb":{"@id":"https:\/\/www.euroakademie.de\/magazin\/vom-bauarbeiter-zum-erzieher\/#breadcrumb"},"inLanguage":"de","potentialAction":[{"@type":"ReadAction","target":["https:\/\/www.euroakademie.de\/magazin\/vom-bauarbeiter-zum-erzieher\/"]}]},{"@type":"ImageObject","inLanguage":"de","@id":"https:\/\/www.euroakademie.de\/magazin\/vom-bauarbeiter-zum-erzieher\/#primaryimage","url":"https:\/\/www.euroakademie.de\/magazin\/wp-content\/uploads\/2017\/04\/karsten-Kitzelmann-702x336-web.jpg","contentUrl":"https:\/\/www.euroakademie.de\/magazin\/wp-content\/uploads\/2017\/04\/karsten-Kitzelmann-702x336-web.jpg","width":702,"height":336,"caption":""},{"@type":"BreadcrumbList","@id":"https:\/\/www.euroakademie.de\/magazin\/vom-bauarbeiter-zum-erzieher\/#breadcrumb","itemListElement":[{"@type":"ListItem","position":1,"name":"Startseite","item":"https:\/\/www.euroakademie.de\/magazin\/"},{"@type":"ListItem","position":2,"name":"Vom Bauarbeiter zum Erzieher \u2013 goldrichtige Entscheidung!"}]},{"@type":"WebSite","@id":"https:\/\/www.euroakademie.de\/magazin\/#website","url":"https:\/\/www.euroakademie.de\/magazin\/","name":"Das Euro Akademie Magazin","description":"Gut informiert durch Ausbildung und Studium","publisher":{"@id":"https:\/\/www.euroakademie.de\/magazin\/#organization"},"potentialAction":[{"@type":"SearchAction","target":{"@type":"EntryPoint","urlTemplate":"https:\/\/www.euroakademie.de\/magazin\/?s={search_term_string}"},"query-input":{"@type":"PropertyValueSpecification","valueRequired":true,"valueName":"search_term_string"}}],"inLanguage":"de"},{"@type":"Organization","@id":"https:\/\/www.euroakademie.de\/magazin\/#organization","name":"ESO Education Group","url":"https:\/\/www.euroakademie.de\/magazin\/","logo":{"@type":"ImageObject","inLanguage":"de","@id":"https:\/\/www.euroakademie.de\/magazin\/#\/schema\/logo\/image\/","url":"https:\/\/relaunch.euroakademie.de\/magazin\/wp-content\/uploads\/2024\/11\/Logo_EA_negativ_Rahmen_5cm_300dpi_RGB.jpg","contentUrl":"https:\/\/relaunch.euroakademie.de\/magazin\/wp-content\/uploads\/2024\/11\/Logo_EA_negativ_Rahmen_5cm_300dpi_RGB.jpg","width":591,"height":236,"caption":"ESO Education Group"},"image":{"@id":"https:\/\/www.euroakademie.de\/magazin\/#\/schema\/logo\/image\/"}},{"@type":"Person","@id":"https:\/\/www.euroakademie.de\/magazin\/#\/schema\/person\/d358a99c9c21358caa2204cfc0644796","name":"Barbara Tauber","description":"Barbara Tauber, ehemalige Dozentin an der Euro Akademie Berlin, betreute bis August 2017 das Projekt \"Quereinstieg \u2013 M\u00e4nner und Frauen in Kitas\" federf\u00fchrend. Sie engagiert sich f\u00fcr eine neue Lernkultur: Sch\u00fcler*innen gestalten aktiv und eigenverantwortlich ihren Lernprozess, Dozent*innen werden zu Coaches, die diesen Lernprozess unterst\u00fctzen und begleiten. In diesem Blog schildert sie Erfahrungen aus ihrem p\u00e4dagogischen Alltag.","url":"https:\/\/www.euroakademie.de\/magazin\/author\/barbaratauber\/"}]}},"_links":{"self":[{"href":"https:\/\/www.euroakademie.de\/magazin\/wp-json\/wp\/v2\/posts\/5300","targetHints":{"allow":["GET"]}}],"collection":[{"href":"https:\/\/www.euroakademie.de\/magazin\/wp-json\/wp\/v2\/posts"}],"about":[{"href":"https:\/\/www.euroakademie.de\/magazin\/wp-json\/wp\/v2\/types\/post"}],"author":[{"embeddable":true,"href":"https:\/\/www.euroakademie.de\/magazin\/wp-json\/wp\/v2\/users\/19"}],"replies":[{"embeddable":true,"href":"https:\/\/www.euroakademie.de\/magazin\/wp-json\/wp\/v2\/comments?post=5300"}],"version-history":[{"count":0,"href":"https:\/\/www.euroakademie.de\/magazin\/wp-json\/wp\/v2\/posts\/5300\/revisions"}],"wp:featuredmedia":[{"embeddable":true,"href":"https:\/\/www.euroakademie.de\/magazin\/wp-json\/wp\/v2\/media\/5302"}],"wp:attachment":[{"href":"https:\/\/www.euroakademie.de\/magazin\/wp-json\/wp\/v2\/media?parent=5300"}],"wp:term":[{"taxonomy":"category","embeddable":true,"href":"https:\/\/www.euroakademie.de\/magazin\/wp-json\/wp\/v2\/categories?post=5300"},{"taxonomy":"post_tag","embeddable":true,"href":"https:\/\/www.euroakademie.de\/magazin\/wp-json\/wp\/v2\/tags?post=5300"}],"curies":[{"name":"wp","href":"https:\/\/api.w.org\/{rel}","templated":true}]}}