{"id":5305,"date":"2017-04-27T12:11:04","date_gmt":"2017-04-27T10:11:04","guid":{"rendered":"https:\/\/www.euroakademie.de\/magazin\/?p=5305"},"modified":"2017-04-27T12:11:04","modified_gmt":"2017-04-27T10:11:04","slug":"neues-alumni-netzwerk","status":"publish","type":"post","link":"https:\/\/www.euroakademie.de\/magazin\/neues-alumni-netzwerk\/","title":{"rendered":"Neues Alumni-Netzwerk f\u00fcr Absolventen der Euro Akademien"},"content":{"rendered":"<p>\t\t\t\t<![CDATA[<strong>Seit Beginn des Jahres k\u00f6nnen sich Ehemalige der Euro Akademien \u00fcber einen neuen Service freuen: Auch nach ihrer Ausbildung oder Weiterbildung gibt es nun zahlreiche M\u00f6glichkeiten, weiterhin in Kontakt mit Mitabsolventen und Dozenten zu bleiben.<\/strong>\n\nDas zentral organisierte Alumni-Management bietet dazu die ideale Schnittstelle. So sind an den Standorten Veranstaltungen f\u00fcr ein Wiedersehen geplant, die Absolventen haben die M\u00f6glichkeit, ihr Netzwerk weiter auszubauen und immer auf dem Laufenden zu bleiben, was es an ihrer Euro Akademie Neues gibt. Egal an welchem Standort die Ausbildung oder Weiterbildung stattfand, unsere Absolventen sind an allen Euro Akademien herzlich willkommen.\n\n\n<h2>Besuchen Sie die ersten Veranstaltungen<\/h2>\n\n\nZun\u00e4chst einmal wird das Konzept in diesem Jahr an sieben Standorten der Euro Akademie eingef\u00fchrt und zuk\u00fcnftig auch an weiteren Standorten zur Verf\u00fcgung stehen. Die ersten Veranstaltungen sind mit den Euro Akademien <a href=\"http:\/\/euroakademie.de\/goerlitz\">G\u00f6rlitz<\/a>, <a href=\"http:\/\/euroakademie.de\/zittau\">Zittau<\/a>, <a href=\"http:\/\/euroakademie.de\/dresden\">Dresden<\/a>, <a href=\"http:\/\/euroakademie.de\/meissen\">Mei\u00dfen<\/a>, <a href=\"http:\/\/euroakademie.de\/riesa\">Riesa<\/a>, <a href=\"http:\/\/euroakademie.de\/erfurt\">Erfurt<\/a> und <a href=\"http:\/\/euroakademie.de\/jena\">Jena<\/a> derzeit in Vorbereitung. So wird es ein Treffen der Absolventen am 6. Mai 2017 auf der Messe KONVENT&#8217;A in L\u00f6bau geben. In Dresden sind Ehemalige der Euro Akademie herzlich zum Fachtag Wirtschaft und Integration am 10. Juni 2017 eingeladen. Hier bietet sich neben der M\u00f6glichkeit zum fachlichen Austausch eine gute Gelegenheit, mit ehemaligen Wegbegleitern wieder ins Gespr\u00e4ch zu kommen und dies f\u00fcr die eigene berufliche Weiterentwicklung zu nutzen.\n\n\n<h2>Weitere Vorteile<\/h2>\n\n\nAuch au\u00dferhalb von Veranstaltungen k\u00f6nnen sich die Ehemaligen jederzeit wieder an ihre Euro Akademie wenden. Mit dem Alumni-Management ist nun eine zentrale Stelle geschaffen, die es den Absolventen erm\u00f6glicht, bei Fragen zur beruflichen Weiterentwicklung oder Neuorientierung unterst\u00fctzt zu werden.\n\nZuk\u00fcnftig ist geplant, das Weiterbildungsangebot in den Fachbereichen Wirtschaft &amp; Management, P\u00e4dagogik &amp; Soziales sowie Gesundheit &amp; Pflege weiter umfassend auszubauen. Absolventen k\u00f6nnen dabei von besonders g\u00fcnstigen Konditionen profitieren und damit ihre Karriere f\u00f6rdern.\n\nSie sind Absolvent einer Akademie? Lernen Sie das Alumni-Management kennen und werden Sie Teil des gro\u00dfen Netzwerkes. Kontakt: <a href=\"mailto:alumni@euroakademie.de\">alumni@euroakademie.de<\/a>\n\n<em>Autorin: Nicole K\u00f6rtge, Koordinatorin Weiterbildung &amp; Alumni-Netzwerk<\/em>]]>\t\t<\/p>\n","protected":false},"excerpt":{"rendered":"<p>\t\t\t\t<![CDATA[]]>\t\t<\/p>\n","protected":false},"author":16,"featured_media":6595,"comment_status":"closed","ping_status":"closed","sticky":false,"template":"","format":"standard","meta":{"footnotes":""},"categories":[118],"tags":[259,451,2656,4756,6004],"class_list":{"0":"post-5305","1":"post","2":"type-post","3":"status-publish","4":"format-standard","5":"has-post-thumbnail","7":"category-im-fokus","8":"tag-absolventen","9":"tag-alumni","10":"tag-euro-akademie","11":"tag-kontakt","12":"tag-netzwerk"},"yoast_head":"<!-- This site is optimized with the Yoast SEO plugin v23.5 - https:\/\/yoast.com\/wordpress\/plugins\/seo\/ -->\n<title>Alumni-Netzwerk f\u00fcr Absolventen der Euro Akademien | Euro Akademie Magazin<\/title>\n<meta name=\"description\" content=\"Ehemalige der Euro Akademien freuen sich: Nach ihrer Aus- oder Weiterbildung k\u00f6nnen Sie nun \u00fcber das neue Alumni-Netzwerk in Kontakt bleiben.\" \/>\n<meta name=\"robots\" content=\"index, follow, max-snippet:-1, max-image-preview:large, max-video-preview:-1\" \/>\n<link rel=\"canonical\" href=\"https:\/\/www.euroakademie.de\/magazin\/neues-alumni-netzwerk\/\" \/>\n<meta property=\"og:locale\" content=\"de_DE\" \/>\n<meta property=\"og:type\" content=\"article\" \/>\n<meta property=\"og:title\" content=\"Alumni-Netzwerk f\u00fcr Absolventen der Euro Akademien | Euro Akademie Magazin\" \/>\n<meta property=\"og:description\" content=\"Ehemalige der Euro Akademien freuen sich: Nach ihrer Aus- oder Weiterbildung k\u00f6nnen Sie nun \u00fcber das neue Alumni-Netzwerk in Kontakt bleiben.\" \/>\n<meta property=\"og:url\" content=\"https:\/\/www.euroakademie.de\/magazin\/neues-alumni-netzwerk\/\" \/>\n<meta property=\"og:site_name\" content=\"Das Euro Akademie Magazin\" \/>\n<meta property=\"article:published_time\" content=\"2017-04-27T10:11:04+00:00\" \/>\n<meta property=\"og:image\" content=\"https:\/\/www.euroakademie.de\/magazin\/wp-content\/uploads\/2017\/04\/shutterstock_486707080_702x336_web.jpg\" \/>\n\t<meta property=\"og:image:width\" content=\"702\" \/>\n\t<meta property=\"og:image:height\" content=\"337\" \/>\n\t<meta property=\"og:image:type\" content=\"image\/jpeg\" \/>\n<meta name=\"author\" content=\"Gastautor\" \/>\n<meta name=\"twitter:card\" content=\"summary_large_image\" \/>\n<meta name=\"twitter:label1\" content=\"Verfasst von\" \/>\n\t<meta name=\"twitter:data1\" content=\"Gastautor\" \/>\n\t<meta name=\"twitter:label2\" content=\"Gesch\u00e4tzte Lesezeit\" \/>\n\t<meta name=\"twitter:data2\" content=\"2\u00a0Minuten\" \/>\n<script type=\"application\/ld+json\" class=\"yoast-schema-graph\">{\"@context\":\"https:\/\/schema.org\",\"@graph\":[{\"@type\":\"Article\",\"@id\":\"https:\/\/www.euroakademie.de\/magazin\/neues-alumni-netzwerk\/#article\",\"isPartOf\":{\"@id\":\"https:\/\/www.euroakademie.de\/magazin\/neues-alumni-netzwerk\/\"},\"author\":{\"name\":\"Gastautor\",\"@id\":\"https:\/\/www.euroakademie.de\/magazin\/#\/schema\/person\/29e379ae109b856cf2109112ce9db2f0\"},\"headline\":\"Neues Alumni-Netzwerk f\u00fcr Absolventen der Euro Akademien\",\"datePublished\":\"2017-04-27T10:11:04+00:00\",\"dateModified\":\"2017-04-27T10:11:04+00:00\",\"mainEntityOfPage\":{\"@id\":\"https:\/\/www.euroakademie.de\/magazin\/neues-alumni-netzwerk\/\"},\"wordCount\":342,\"publisher\":{\"@id\":\"https:\/\/www.euroakademie.de\/magazin\/#organization\"},\"image\":{\"@id\":\"https:\/\/www.euroakademie.de\/magazin\/neues-alumni-netzwerk\/#primaryimage\"},\"thumbnailUrl\":\"https:\/\/www.euroakademie.de\/magazin\/wp-content\/uploads\/2017\/04\/shutterstock_486707080_702x336_web.jpg\",\"keywords\":[\"Absolventen\",\"Alumni\",\"Euro Akademie\",\"Kontakt\",\"Netzwerk\"],\"articleSection\":[\"Im Fokus\"],\"inLanguage\":\"de\"},{\"@type\":\"WebPage\",\"@id\":\"https:\/\/www.euroakademie.de\/magazin\/neues-alumni-netzwerk\/\",\"url\":\"https:\/\/www.euroakademie.de\/magazin\/neues-alumni-netzwerk\/\",\"name\":\"Alumni-Netzwerk f\u00fcr Absolventen der Euro Akademien | Euro Akademie Magazin\",\"isPartOf\":{\"@id\":\"https:\/\/www.euroakademie.de\/magazin\/#website\"},\"primaryImageOfPage\":{\"@id\":\"https:\/\/www.euroakademie.de\/magazin\/neues-alumni-netzwerk\/#primaryimage\"},\"image\":{\"@id\":\"https:\/\/www.euroakademie.de\/magazin\/neues-alumni-netzwerk\/#primaryimage\"},\"thumbnailUrl\":\"https:\/\/www.euroakademie.de\/magazin\/wp-content\/uploads\/2017\/04\/shutterstock_486707080_702x336_web.jpg\",\"datePublished\":\"2017-04-27T10:11:04+00:00\",\"dateModified\":\"2017-04-27T10:11:04+00:00\",\"description\":\"Ehemalige der Euro Akademien freuen sich: Nach ihrer Aus- oder Weiterbildung k\u00f6nnen Sie nun \u00fcber das neue Alumni-Netzwerk in Kontakt bleiben.\",\"breadcrumb\":{\"@id\":\"https:\/\/www.euroakademie.de\/magazin\/neues-alumni-netzwerk\/#breadcrumb\"},\"inLanguage\":\"de\",\"potentialAction\":[{\"@type\":\"ReadAction\",\"target\":[\"https:\/\/www.euroakademie.de\/magazin\/neues-alumni-netzwerk\/\"]}]},{\"@type\":\"ImageObject\",\"inLanguage\":\"de\",\"@id\":\"https:\/\/www.euroakademie.de\/magazin\/neues-alumni-netzwerk\/#primaryimage\",\"url\":\"https:\/\/www.euroakademie.de\/magazin\/wp-content\/uploads\/2017\/04\/shutterstock_486707080_702x336_web.jpg\",\"contentUrl\":\"https:\/\/www.euroakademie.de\/magazin\/wp-content\/uploads\/2017\/04\/shutterstock_486707080_702x336_web.jpg\",\"width\":702,\"height\":337,\"caption\":\"\"},{\"@type\":\"BreadcrumbList\",\"@id\":\"https:\/\/www.euroakademie.de\/magazin\/neues-alumni-netzwerk\/#breadcrumb\",\"itemListElement\":[{\"@type\":\"ListItem\",\"position\":1,\"name\":\"Startseite\",\"item\":\"https:\/\/www.euroakademie.de\/magazin\/\"},{\"@type\":\"ListItem\",\"position\":2,\"name\":\"Neues Alumni-Netzwerk f\u00fcr Absolventen der Euro Akademien\"}]},{\"@type\":\"WebSite\",\"@id\":\"https:\/\/www.euroakademie.de\/magazin\/#website\",\"url\":\"https:\/\/www.euroakademie.de\/magazin\/\",\"name\":\"Das Euro Akademie Magazin\",\"description\":\"Gut informiert durch Ausbildung und Studium\",\"publisher\":{\"@id\":\"https:\/\/www.euroakademie.de\/magazin\/#organization\"},\"potentialAction\":[{\"@type\":\"SearchAction\",\"target\":{\"@type\":\"EntryPoint\",\"urlTemplate\":\"https:\/\/www.euroakademie.de\/magazin\/?s={search_term_string}\"},\"query-input\":{\"@type\":\"PropertyValueSpecification\",\"valueRequired\":true,\"valueName\":\"search_term_string\"}}],\"inLanguage\":\"de\"},{\"@type\":\"Organization\",\"@id\":\"https:\/\/www.euroakademie.de\/magazin\/#organization\",\"name\":\"ESO Education Group\",\"url\":\"https:\/\/www.euroakademie.de\/magazin\/\",\"logo\":{\"@type\":\"ImageObject\",\"inLanguage\":\"de\",\"@id\":\"https:\/\/www.euroakademie.de\/magazin\/#\/schema\/logo\/image\/\",\"url\":\"https:\/\/relaunch.euroakademie.de\/magazin\/wp-content\/uploads\/2024\/11\/Logo_EA_negativ_Rahmen_5cm_300dpi_RGB.jpg\",\"contentUrl\":\"https:\/\/relaunch.euroakademie.de\/magazin\/wp-content\/uploads\/2024\/11\/Logo_EA_negativ_Rahmen_5cm_300dpi_RGB.jpg\",\"width\":591,\"height\":236,\"caption\":\"ESO Education Group\"},\"image\":{\"@id\":\"https:\/\/www.euroakademie.de\/magazin\/#\/schema\/logo\/image\/\"}},{\"@type\":\"Person\",\"@id\":\"https:\/\/www.euroakademie.de\/magazin\/#\/schema\/person\/29e379ae109b856cf2109112ce9db2f0\",\"name\":\"Gastautor\",\"description\":\"P\u00e4dagoge, Bewerbungscoachin, Dozent oder \u00dcbersetzerin \u2013 hier schreibt ein Fachmann oder eine Fachfrau \u00fcber ein Spezialthema. Unsere Gastautor*innen bereichern uns regelm\u00e4\u00dfig mit Expertenwissen und Insider-Infos.\",\"url\":\"https:\/\/www.euroakademie.de\/magazin\/author\/gastautor\/\"}]}<\/script>\n<!-- \/ Yoast SEO plugin. -->","yoast_head_json":{"title":"Alumni-Netzwerk f\u00fcr Absolventen der Euro Akademien | Euro Akademie Magazin","description":"Ehemalige der Euro Akademien freuen sich: Nach ihrer Aus- oder Weiterbildung k\u00f6nnen Sie nun \u00fcber das neue Alumni-Netzwerk in Kontakt bleiben.","robots":{"index":"index","follow":"follow","max-snippet":"max-snippet:-1","max-image-preview":"max-image-preview:large","max-video-preview":"max-video-preview:-1"},"canonical":"https:\/\/www.euroakademie.de\/magazin\/neues-alumni-netzwerk\/","og_locale":"de_DE","og_type":"article","og_title":"Alumni-Netzwerk f\u00fcr Absolventen der Euro Akademien | Euro Akademie Magazin","og_description":"Ehemalige der Euro Akademien freuen sich: Nach ihrer Aus- oder Weiterbildung k\u00f6nnen Sie nun \u00fcber das neue Alumni-Netzwerk in Kontakt bleiben.","og_url":"https:\/\/www.euroakademie.de\/magazin\/neues-alumni-netzwerk\/","og_site_name":"Das Euro Akademie Magazin","article_published_time":"2017-04-27T10:11:04+00:00","og_image":[{"width":702,"height":337,"url":"https:\/\/www.euroakademie.de\/magazin\/wp-content\/uploads\/2017\/04\/shutterstock_486707080_702x336_web.jpg","type":"image\/jpeg"}],"author":"Gastautor","twitter_card":"summary_large_image","twitter_misc":{"Verfasst von":"Gastautor","Gesch\u00e4tzte Lesezeit":"2\u00a0Minuten"},"schema":{"@context":"https:\/\/schema.org","@graph":[{"@type":"Article","@id":"https:\/\/www.euroakademie.de\/magazin\/neues-alumni-netzwerk\/#article","isPartOf":{"@id":"https:\/\/www.euroakademie.de\/magazin\/neues-alumni-netzwerk\/"},"author":{"name":"Gastautor","@id":"https:\/\/www.euroakademie.de\/magazin\/#\/schema\/person\/29e379ae109b856cf2109112ce9db2f0"},"headline":"Neues Alumni-Netzwerk f\u00fcr Absolventen der Euro Akademien","datePublished":"2017-04-27T10:11:04+00:00","dateModified":"2017-04-27T10:11:04+00:00","mainEntityOfPage":{"@id":"https:\/\/www.euroakademie.de\/magazin\/neues-alumni-netzwerk\/"},"wordCount":342,"publisher":{"@id":"https:\/\/www.euroakademie.de\/magazin\/#organization"},"image":{"@id":"https:\/\/www.euroakademie.de\/magazin\/neues-alumni-netzwerk\/#primaryimage"},"thumbnailUrl":"https:\/\/www.euroakademie.de\/magazin\/wp-content\/uploads\/2017\/04\/shutterstock_486707080_702x336_web.jpg","keywords":["Absolventen","Alumni","Euro Akademie","Kontakt","Netzwerk"],"articleSection":["Im Fokus"],"inLanguage":"de"},{"@type":"WebPage","@id":"https:\/\/www.euroakademie.de\/magazin\/neues-alumni-netzwerk\/","url":"https:\/\/www.euroakademie.de\/magazin\/neues-alumni-netzwerk\/","name":"Alumni-Netzwerk f\u00fcr Absolventen der Euro Akademien | Euro Akademie Magazin","isPartOf":{"@id":"https:\/\/www.euroakademie.de\/magazin\/#website"},"primaryImageOfPage":{"@id":"https:\/\/www.euroakademie.de\/magazin\/neues-alumni-netzwerk\/#primaryimage"},"image":{"@id":"https:\/\/www.euroakademie.de\/magazin\/neues-alumni-netzwerk\/#primaryimage"},"thumbnailUrl":"https:\/\/www.euroakademie.de\/magazin\/wp-content\/uploads\/2017\/04\/shutterstock_486707080_702x336_web.jpg","datePublished":"2017-04-27T10:11:04+00:00","dateModified":"2017-04-27T10:11:04+00:00","description":"Ehemalige der Euro Akademien freuen sich: Nach ihrer Aus- oder Weiterbildung k\u00f6nnen Sie nun \u00fcber das neue Alumni-Netzwerk in Kontakt bleiben.","breadcrumb":{"@id":"https:\/\/www.euroakademie.de\/magazin\/neues-alumni-netzwerk\/#breadcrumb"},"inLanguage":"de","potentialAction":[{"@type":"ReadAction","target":["https:\/\/www.euroakademie.de\/magazin\/neues-alumni-netzwerk\/"]}]},{"@type":"ImageObject","inLanguage":"de","@id":"https:\/\/www.euroakademie.de\/magazin\/neues-alumni-netzwerk\/#primaryimage","url":"https:\/\/www.euroakademie.de\/magazin\/wp-content\/uploads\/2017\/04\/shutterstock_486707080_702x336_web.jpg","contentUrl":"https:\/\/www.euroakademie.de\/magazin\/wp-content\/uploads\/2017\/04\/shutterstock_486707080_702x336_web.jpg","width":702,"height":337,"caption":""},{"@type":"BreadcrumbList","@id":"https:\/\/www.euroakademie.de\/magazin\/neues-alumni-netzwerk\/#breadcrumb","itemListElement":[{"@type":"ListItem","position":1,"name":"Startseite","item":"https:\/\/www.euroakademie.de\/magazin\/"},{"@type":"ListItem","position":2,"name":"Neues Alumni-Netzwerk f\u00fcr Absolventen der Euro Akademien"}]},{"@type":"WebSite","@id":"https:\/\/www.euroakademie.de\/magazin\/#website","url":"https:\/\/www.euroakademie.de\/magazin\/","name":"Das Euro Akademie Magazin","description":"Gut informiert durch Ausbildung und Studium","publisher":{"@id":"https:\/\/www.euroakademie.de\/magazin\/#organization"},"potentialAction":[{"@type":"SearchAction","target":{"@type":"EntryPoint","urlTemplate":"https:\/\/www.euroakademie.de\/magazin\/?s={search_term_string}"},"query-input":{"@type":"PropertyValueSpecification","valueRequired":true,"valueName":"search_term_string"}}],"inLanguage":"de"},{"@type":"Organization","@id":"https:\/\/www.euroakademie.de\/magazin\/#organization","name":"ESO Education Group","url":"https:\/\/www.euroakademie.de\/magazin\/","logo":{"@type":"ImageObject","inLanguage":"de","@id":"https:\/\/www.euroakademie.de\/magazin\/#\/schema\/logo\/image\/","url":"https:\/\/relaunch.euroakademie.de\/magazin\/wp-content\/uploads\/2024\/11\/Logo_EA_negativ_Rahmen_5cm_300dpi_RGB.jpg","contentUrl":"https:\/\/relaunch.euroakademie.de\/magazin\/wp-content\/uploads\/2024\/11\/Logo_EA_negativ_Rahmen_5cm_300dpi_RGB.jpg","width":591,"height":236,"caption":"ESO Education Group"},"image":{"@id":"https:\/\/www.euroakademie.de\/magazin\/#\/schema\/logo\/image\/"}},{"@type":"Person","@id":"https:\/\/www.euroakademie.de\/magazin\/#\/schema\/person\/29e379ae109b856cf2109112ce9db2f0","name":"Gastautor","description":"P\u00e4dagoge, Bewerbungscoachin, Dozent oder \u00dcbersetzerin \u2013 hier schreibt ein Fachmann oder eine Fachfrau \u00fcber ein Spezialthema. Unsere Gastautor*innen bereichern uns regelm\u00e4\u00dfig mit Expertenwissen und Insider-Infos.","url":"https:\/\/www.euroakademie.de\/magazin\/author\/gastautor\/"}]}},"_links":{"self":[{"href":"https:\/\/www.euroakademie.de\/magazin\/wp-json\/wp\/v2\/posts\/5305","targetHints":{"allow":["GET"]}}],"collection":[{"href":"https:\/\/www.euroakademie.de\/magazin\/wp-json\/wp\/v2\/posts"}],"about":[{"href":"https:\/\/www.euroakademie.de\/magazin\/wp-json\/wp\/v2\/types\/post"}],"author":[{"embeddable":true,"href":"https:\/\/www.euroakademie.de\/magazin\/wp-json\/wp\/v2\/users\/16"}],"replies":[{"embeddable":true,"href":"https:\/\/www.euroakademie.de\/magazin\/wp-json\/wp\/v2\/comments?post=5305"}],"version-history":[{"count":0,"href":"https:\/\/www.euroakademie.de\/magazin\/wp-json\/wp\/v2\/posts\/5305\/revisions"}],"wp:featuredmedia":[{"embeddable":true,"href":"https:\/\/www.euroakademie.de\/magazin\/wp-json\/wp\/v2\/media\/6595"}],"wp:attachment":[{"href":"https:\/\/www.euroakademie.de\/magazin\/wp-json\/wp\/v2\/media?parent=5305"}],"wp:term":[{"taxonomy":"category","embeddable":true,"href":"https:\/\/www.euroakademie.de\/magazin\/wp-json\/wp\/v2\/categories?post=5305"},{"taxonomy":"post_tag","embeddable":true,"href":"https:\/\/www.euroakademie.de\/magazin\/wp-json\/wp\/v2\/tags?post=5305"}],"curies":[{"name":"wp","href":"https:\/\/api.w.org\/{rel}","templated":true}]}}