{"id":5397,"date":"2017-06-02T08:19:31","date_gmt":"2017-06-02T06:19:31","guid":{"rendered":"https:\/\/www.euroakademie.de\/magazin\/?p=5397"},"modified":"2024-12-02T09:04:03","modified_gmt":"2024-12-02T08:04:03","slug":"querdenker-oder-querulant","status":"publish","type":"post","link":"https:\/\/www.euroakademie.de\/magazin\/querdenker-oder-querulant\/","title":{"rendered":"Querdenker oder Querulant?"},"content":{"rendered":"<p>\t\t\t\t<![CDATA[<strong>Die Zeit der Pr\u00fcfungen ist regelm\u00e4\u00dfig auch eine Zeit der Anspannungen zwischen Sch\u00fclern und Lehrenden. Jetzt kommt die Zeit, in der die Lehrenden messen, wie gut die Leistungen eines Sch\u00fclers sind.<\/strong>\n\n\n<h2>Schlechte Noten f\u00fcr unverstandene Querdenker?<\/h2>\n\n\nSch\u00fcler, die die <a href=\"https:\/\/www.euroakademie.de\/magazin\/gute-noten-schlechte-noten-gedanken-zur-notengebung\/\">Pr\u00fcfungen nicht bestehen,<\/a> begr\u00fcnden diese Bewertung aus ihrer Sicht h\u00e4ufig so, dass sie Querdenker seien und ihre \u2013 originelle, aber nicht falsche Sichtweise \u2013 w\u00fcrde nicht gesehen werden. Sie meinen: Nicht sie liegen falsch, sondern die eingeschr\u00e4nkte Sichtweise des Lehrenden ist f\u00fcr das Nichtbestehen verantwortlich.\n\nStimmt das? Es f\u00e4llt mir schwer, darauf eine Antwort zu geben. Sind diese Sch\u00fcler \u201eQuerdenker\u201c und irgendwie auch Vorreiter, so wie wir das von vielen K\u00fcnstlern kennen, die zu Lebzeiten vollkommen verkannt wurden und sp\u00e4ter \u2026\n\n\n<h2>Querdenker beim Quereinstieg<\/h2>\n\n\nAls Lehrerin im Programm <a href=\"https:\/\/www.euroakademie.de\/berlin\/ueber-uns\/projekte\/esf-bundesmodellprogramm\">\u201eQuereinstieg \u2013 M\u00e4nner und Frauen in Kitas\u201c<\/a> ist mir dieses Problem sehr vertraut. Wir unterrichten in unseren Klassen lebenserfahrene Sch\u00fcler, die permanent querdenken. Das ist ein unersch\u00f6pflicher Reichtum f\u00fcr die Entwicklung der <a href=\"https:\/\/www.euroakademie.de\/de\/ausbildung\/paedagogik-soziales\/erzieher.html\">Erzieherausbildung<\/a> an der <a href=\"http:\/\/www.euroakademie.de\/berlin\">Euro Akademie Berlin,<\/a> weil sie andere Sichtweisen in den Unterricht und letztendlich auch in die Leistungsnachweise einbringen.\n\nIch versuche, die Erwartungshorizonte von Klausuren so weit zu stricken, dass dieser Spannweite Rechnung getragen werden kann. Und doch mache ich immer wieder die Erfahrung, dass diejenigen, die das im Unterricht Gelehrte eins zu eins wiedergeben, h\u00e4ufiger auf der sicheren Seite sind. Diejenigen, die meinem innigsten Wunsch entsprechend, selbstst\u00e4ndig eigene Wege gehen, riskieren, dass ich ihre originelle Argumentation mit meinem weiterreichenden Wissenshorizont aushebeln kann.\n\n\n<h2>Freiraum \u2013 notwendig oder zu viel?<\/h2>\n\n\nDas ist in der Tat ungerecht. Schule muss den Freiraum bieten, selbstst\u00e4ndig zu denken, sich aneinander zu reiben und sich so zu entwickeln. Gleichzeitig m\u00fcssen wir als Lehrende aber auch Ma\u00dfst\u00e4be setzen, um gerade schw\u00e4cheren Sch\u00fclern eine Orientierung zu geben.\n\nDer Zollstock, mit dem wir die Leistungen eines Sch\u00fclers messen, ist oft nicht breit genug. Torpedieren zu breit aufgestellte Erwartungen den <a href=\"https:\/\/www.euroakademie.de\/magazin\/berufsbegleitende-ausbildung-zum-erzieher\/\">Lernprozess<\/a>, weil sie die Anforderungen an die Sch\u00fcler verwischen und schwammig machen? Oder brauchen wir den Freiraum f\u00fcr Querdenker, die manchmal auch den Zollstock in Schieflage bringen und die Welt aus den Angeln heben?\n\n<a href=\"https:\/\/relaunch.euroakademie.de\/magazin\/wp-content\/uploads\/2017\/04\/logoleiste_eu_esf_quereinstieg_m_w.jpg\"><img fetchpriority=\"high\" decoding=\"async\" class=\"alignnone size-full wp-image-7999\" src=\"https:\/\/relaunch.euroakademie.de\/magazin\/wp-content\/uploads\/2017\/04\/logoleiste_eu_esf_quereinstieg_m_w.jpg\" alt=\"\" width=\"739\" height=\"89\" srcset=\"https:\/\/www.euroakademie.de\/magazin\/wp-content\/uploads\/2017\/04\/logoleiste_eu_esf_quereinstieg_m_w.jpg 739w, https:\/\/www.euroakademie.de\/magazin\/wp-content\/uploads\/2017\/04\/logoleiste_eu_esf_quereinstieg_m_w-300x36.jpg 300w, https:\/\/www.euroakademie.de\/magazin\/wp-content\/uploads\/2017\/04\/logoleiste_eu_esf_quereinstieg_m_w-150x18.jpg 150w, https:\/\/www.euroakademie.de\/magazin\/wp-content\/uploads\/2017\/04\/logoleiste_eu_esf_quereinstieg_m_w-450x54.jpg 450w\" sizes=\"(max-width: 739px) 100vw, 739px\" \/><\/a>]]>\t\t<\/p>\n","protected":false},"excerpt":{"rendered":"<p>\t\t\t\t<![CDATA[]]>\t\t<\/p>\n","protected":false},"author":19,"featured_media":6556,"comment_status":"closed","ping_status":"closed","sticky":false,"template":"","format":"standard","meta":{"footnotes":""},"categories":[175,73],"tags":[5113,5692,6175,6766,6823,7261],"class_list":{"0":"post-5397","1":"post","2":"type-post","3":"status-publish","4":"format-standard","5":"has-post-thumbnail","7":"category-maenner-und-frauen-in-kitas","8":"category-berlin","9":"tag-lehrer","10":"tag-missverstanden","11":"tag-originell","12":"tag-pruefungen","13":"tag-querdenker","14":"tag-schueler"},"yoast_head":"<!-- This site is optimized with the Yoast SEO plugin v23.5 - https:\/\/yoast.com\/wordpress\/plugins\/seo\/ -->\n<title>Querdenker oder Querulant? | Euro Akademie Magazin<\/title>\n<meta name=\"description\" content=\"Die Zeit der Pr\u00fcfungen ist auch eine Zeit der Anspannungen zwischen Sch\u00fclern und Lehrenden. Viele Querdenker f\u00fchlen sich einfach missverstanden.\" \/>\n<meta name=\"robots\" content=\"index, follow, max-snippet:-1, max-image-preview:large, max-video-preview:-1\" \/>\n<link rel=\"canonical\" href=\"https:\/\/www.euroakademie.de\/magazin\/querdenker-oder-querulant\/\" \/>\n<meta property=\"og:locale\" content=\"de_DE\" \/>\n<meta property=\"og:type\" content=\"article\" \/>\n<meta property=\"og:title\" content=\"Querdenker oder Querulant? | Euro Akademie Magazin\" \/>\n<meta property=\"og:description\" content=\"Die Zeit der Pr\u00fcfungen ist auch eine Zeit der Anspannungen zwischen Sch\u00fclern und Lehrenden. Viele Querdenker f\u00fchlen sich einfach missverstanden.\" \/>\n<meta property=\"og:url\" content=\"https:\/\/www.euroakademie.de\/magazin\/querdenker-oder-querulant\/\" \/>\n<meta property=\"og:site_name\" content=\"Das Euro Akademie Magazin\" \/>\n<meta property=\"article:published_time\" content=\"2017-06-02T06:19:31+00:00\" \/>\n<meta property=\"article:modified_time\" content=\"2024-12-02T08:04:03+00:00\" \/>\n<meta property=\"og:image\" content=\"https:\/\/www.euroakademie.de\/magazin\/wp-content\/uploads\/2017\/06\/42-25854465-702x336-web.jpg\" \/>\n\t<meta property=\"og:image:width\" content=\"702\" \/>\n\t<meta property=\"og:image:height\" content=\"336\" \/>\n\t<meta property=\"og:image:type\" content=\"image\/jpeg\" \/>\n<meta name=\"author\" content=\"Barbara Tauber\" \/>\n<meta name=\"twitter:card\" content=\"summary_large_image\" \/>\n<meta name=\"twitter:label1\" content=\"Verfasst von\" \/>\n\t<meta name=\"twitter:data1\" content=\"Barbara Tauber\" \/>\n\t<meta name=\"twitter:label2\" content=\"Gesch\u00e4tzte Lesezeit\" \/>\n\t<meta name=\"twitter:data2\" content=\"2\u00a0Minuten\" \/>\n<script type=\"application\/ld+json\" class=\"yoast-schema-graph\">{\"@context\":\"https:\/\/schema.org\",\"@graph\":[{\"@type\":\"Article\",\"@id\":\"https:\/\/www.euroakademie.de\/magazin\/querdenker-oder-querulant\/#article\",\"isPartOf\":{\"@id\":\"https:\/\/www.euroakademie.de\/magazin\/querdenker-oder-querulant\/\"},\"author\":{\"name\":\"Barbara Tauber\",\"@id\":\"https:\/\/www.euroakademie.de\/magazin\/#\/schema\/person\/d358a99c9c21358caa2204cfc0644796\"},\"headline\":\"Querdenker oder Querulant?\",\"datePublished\":\"2017-06-02T06:19:31+00:00\",\"dateModified\":\"2024-12-02T08:04:03+00:00\",\"mainEntityOfPage\":{\"@id\":\"https:\/\/www.euroakademie.de\/magazin\/querdenker-oder-querulant\/\"},\"wordCount\":373,\"publisher\":{\"@id\":\"https:\/\/www.euroakademie.de\/magazin\/#organization\"},\"image\":{\"@id\":\"https:\/\/www.euroakademie.de\/magazin\/querdenker-oder-querulant\/#primaryimage\"},\"thumbnailUrl\":\"https:\/\/www.euroakademie.de\/magazin\/wp-content\/uploads\/2017\/06\/42-25854465-702x336-web.jpg\",\"keywords\":[\"Lehrer\",\"missverstanden\",\"originell\",\"Pr\u00fcfungen\",\"Querdenker\",\"Sch\u00fcler\"],\"articleSection\":[\"\\\"M\u00e4nner und Frauen in Kitas\u201c\",\"Berlin\"],\"inLanguage\":\"de\"},{\"@type\":\"WebPage\",\"@id\":\"https:\/\/www.euroakademie.de\/magazin\/querdenker-oder-querulant\/\",\"url\":\"https:\/\/www.euroakademie.de\/magazin\/querdenker-oder-querulant\/\",\"name\":\"Querdenker oder Querulant? | Euro Akademie Magazin\",\"isPartOf\":{\"@id\":\"https:\/\/www.euroakademie.de\/magazin\/#website\"},\"primaryImageOfPage\":{\"@id\":\"https:\/\/www.euroakademie.de\/magazin\/querdenker-oder-querulant\/#primaryimage\"},\"image\":{\"@id\":\"https:\/\/www.euroakademie.de\/magazin\/querdenker-oder-querulant\/#primaryimage\"},\"thumbnailUrl\":\"https:\/\/www.euroakademie.de\/magazin\/wp-content\/uploads\/2017\/06\/42-25854465-702x336-web.jpg\",\"datePublished\":\"2017-06-02T06:19:31+00:00\",\"dateModified\":\"2024-12-02T08:04:03+00:00\",\"description\":\"Die Zeit der Pr\u00fcfungen ist auch eine Zeit der Anspannungen zwischen Sch\u00fclern und Lehrenden. Viele Querdenker f\u00fchlen sich einfach missverstanden.\",\"breadcrumb\":{\"@id\":\"https:\/\/www.euroakademie.de\/magazin\/querdenker-oder-querulant\/#breadcrumb\"},\"inLanguage\":\"de\",\"potentialAction\":[{\"@type\":\"ReadAction\",\"target\":[\"https:\/\/www.euroakademie.de\/magazin\/querdenker-oder-querulant\/\"]}]},{\"@type\":\"ImageObject\",\"inLanguage\":\"de\",\"@id\":\"https:\/\/www.euroakademie.de\/magazin\/querdenker-oder-querulant\/#primaryimage\",\"url\":\"https:\/\/www.euroakademie.de\/magazin\/wp-content\/uploads\/2017\/06\/42-25854465-702x336-web.jpg\",\"contentUrl\":\"https:\/\/www.euroakademie.de\/magazin\/wp-content\/uploads\/2017\/06\/42-25854465-702x336-web.jpg\",\"width\":702,\"height\":336,\"caption\":\"\"},{\"@type\":\"BreadcrumbList\",\"@id\":\"https:\/\/www.euroakademie.de\/magazin\/querdenker-oder-querulant\/#breadcrumb\",\"itemListElement\":[{\"@type\":\"ListItem\",\"position\":1,\"name\":\"Startseite\",\"item\":\"https:\/\/www.euroakademie.de\/magazin\/\"},{\"@type\":\"ListItem\",\"position\":2,\"name\":\"Querdenker oder Querulant?\"}]},{\"@type\":\"WebSite\",\"@id\":\"https:\/\/www.euroakademie.de\/magazin\/#website\",\"url\":\"https:\/\/www.euroakademie.de\/magazin\/\",\"name\":\"Das Euro Akademie Magazin\",\"description\":\"Gut informiert durch Ausbildung und Studium\",\"publisher\":{\"@id\":\"https:\/\/www.euroakademie.de\/magazin\/#organization\"},\"potentialAction\":[{\"@type\":\"SearchAction\",\"target\":{\"@type\":\"EntryPoint\",\"urlTemplate\":\"https:\/\/www.euroakademie.de\/magazin\/?s={search_term_string}\"},\"query-input\":{\"@type\":\"PropertyValueSpecification\",\"valueRequired\":true,\"valueName\":\"search_term_string\"}}],\"inLanguage\":\"de\"},{\"@type\":\"Organization\",\"@id\":\"https:\/\/www.euroakademie.de\/magazin\/#organization\",\"name\":\"ESO Education Group\",\"url\":\"https:\/\/www.euroakademie.de\/magazin\/\",\"logo\":{\"@type\":\"ImageObject\",\"inLanguage\":\"de\",\"@id\":\"https:\/\/www.euroakademie.de\/magazin\/#\/schema\/logo\/image\/\",\"url\":\"https:\/\/relaunch.euroakademie.de\/magazin\/wp-content\/uploads\/2024\/11\/Logo_EA_negativ_Rahmen_5cm_300dpi_RGB.jpg\",\"contentUrl\":\"https:\/\/relaunch.euroakademie.de\/magazin\/wp-content\/uploads\/2024\/11\/Logo_EA_negativ_Rahmen_5cm_300dpi_RGB.jpg\",\"width\":591,\"height\":236,\"caption\":\"ESO Education Group\"},\"image\":{\"@id\":\"https:\/\/www.euroakademie.de\/magazin\/#\/schema\/logo\/image\/\"}},{\"@type\":\"Person\",\"@id\":\"https:\/\/www.euroakademie.de\/magazin\/#\/schema\/person\/d358a99c9c21358caa2204cfc0644796\",\"name\":\"Barbara Tauber\",\"description\":\"Barbara Tauber, ehemalige Dozentin an der Euro Akademie Berlin, betreute bis August 2017 das Projekt \\\"Quereinstieg \u2013 M\u00e4nner und Frauen in Kitas\\\" federf\u00fchrend. Sie engagiert sich f\u00fcr eine neue Lernkultur: Sch\u00fcler*innen gestalten aktiv und eigenverantwortlich ihren Lernprozess, Dozent*innen werden zu Coaches, die diesen Lernprozess unterst\u00fctzen und begleiten. In diesem Blog schildert sie Erfahrungen aus ihrem p\u00e4dagogischen Alltag.\",\"url\":\"https:\/\/www.euroakademie.de\/magazin\/author\/barbaratauber\/\"}]}<\/script>\n<!-- \/ Yoast SEO plugin. -->","yoast_head_json":{"title":"Querdenker oder Querulant? | Euro Akademie Magazin","description":"Die Zeit der Pr\u00fcfungen ist auch eine Zeit der Anspannungen zwischen Sch\u00fclern und Lehrenden. Viele Querdenker f\u00fchlen sich einfach missverstanden.","robots":{"index":"index","follow":"follow","max-snippet":"max-snippet:-1","max-image-preview":"max-image-preview:large","max-video-preview":"max-video-preview:-1"},"canonical":"https:\/\/www.euroakademie.de\/magazin\/querdenker-oder-querulant\/","og_locale":"de_DE","og_type":"article","og_title":"Querdenker oder Querulant? | Euro Akademie Magazin","og_description":"Die Zeit der Pr\u00fcfungen ist auch eine Zeit der Anspannungen zwischen Sch\u00fclern und Lehrenden. Viele Querdenker f\u00fchlen sich einfach missverstanden.","og_url":"https:\/\/www.euroakademie.de\/magazin\/querdenker-oder-querulant\/","og_site_name":"Das Euro Akademie Magazin","article_published_time":"2017-06-02T06:19:31+00:00","article_modified_time":"2024-12-02T08:04:03+00:00","og_image":[{"width":702,"height":336,"url":"https:\/\/www.euroakademie.de\/magazin\/wp-content\/uploads\/2017\/06\/42-25854465-702x336-web.jpg","type":"image\/jpeg"}],"author":"Barbara Tauber","twitter_card":"summary_large_image","twitter_misc":{"Verfasst von":"Barbara Tauber","Gesch\u00e4tzte Lesezeit":"2\u00a0Minuten"},"schema":{"@context":"https:\/\/schema.org","@graph":[{"@type":"Article","@id":"https:\/\/www.euroakademie.de\/magazin\/querdenker-oder-querulant\/#article","isPartOf":{"@id":"https:\/\/www.euroakademie.de\/magazin\/querdenker-oder-querulant\/"},"author":{"name":"Barbara Tauber","@id":"https:\/\/www.euroakademie.de\/magazin\/#\/schema\/person\/d358a99c9c21358caa2204cfc0644796"},"headline":"Querdenker oder Querulant?","datePublished":"2017-06-02T06:19:31+00:00","dateModified":"2024-12-02T08:04:03+00:00","mainEntityOfPage":{"@id":"https:\/\/www.euroakademie.de\/magazin\/querdenker-oder-querulant\/"},"wordCount":373,"publisher":{"@id":"https:\/\/www.euroakademie.de\/magazin\/#organization"},"image":{"@id":"https:\/\/www.euroakademie.de\/magazin\/querdenker-oder-querulant\/#primaryimage"},"thumbnailUrl":"https:\/\/www.euroakademie.de\/magazin\/wp-content\/uploads\/2017\/06\/42-25854465-702x336-web.jpg","keywords":["Lehrer","missverstanden","originell","Pr\u00fcfungen","Querdenker","Sch\u00fcler"],"articleSection":["\"M\u00e4nner und Frauen in Kitas\u201c","Berlin"],"inLanguage":"de"},{"@type":"WebPage","@id":"https:\/\/www.euroakademie.de\/magazin\/querdenker-oder-querulant\/","url":"https:\/\/www.euroakademie.de\/magazin\/querdenker-oder-querulant\/","name":"Querdenker oder Querulant? | Euro Akademie Magazin","isPartOf":{"@id":"https:\/\/www.euroakademie.de\/magazin\/#website"},"primaryImageOfPage":{"@id":"https:\/\/www.euroakademie.de\/magazin\/querdenker-oder-querulant\/#primaryimage"},"image":{"@id":"https:\/\/www.euroakademie.de\/magazin\/querdenker-oder-querulant\/#primaryimage"},"thumbnailUrl":"https:\/\/www.euroakademie.de\/magazin\/wp-content\/uploads\/2017\/06\/42-25854465-702x336-web.jpg","datePublished":"2017-06-02T06:19:31+00:00","dateModified":"2024-12-02T08:04:03+00:00","description":"Die Zeit der Pr\u00fcfungen ist auch eine Zeit der Anspannungen zwischen Sch\u00fclern und Lehrenden. Viele Querdenker f\u00fchlen sich einfach missverstanden.","breadcrumb":{"@id":"https:\/\/www.euroakademie.de\/magazin\/querdenker-oder-querulant\/#breadcrumb"},"inLanguage":"de","potentialAction":[{"@type":"ReadAction","target":["https:\/\/www.euroakademie.de\/magazin\/querdenker-oder-querulant\/"]}]},{"@type":"ImageObject","inLanguage":"de","@id":"https:\/\/www.euroakademie.de\/magazin\/querdenker-oder-querulant\/#primaryimage","url":"https:\/\/www.euroakademie.de\/magazin\/wp-content\/uploads\/2017\/06\/42-25854465-702x336-web.jpg","contentUrl":"https:\/\/www.euroakademie.de\/magazin\/wp-content\/uploads\/2017\/06\/42-25854465-702x336-web.jpg","width":702,"height":336,"caption":""},{"@type":"BreadcrumbList","@id":"https:\/\/www.euroakademie.de\/magazin\/querdenker-oder-querulant\/#breadcrumb","itemListElement":[{"@type":"ListItem","position":1,"name":"Startseite","item":"https:\/\/www.euroakademie.de\/magazin\/"},{"@type":"ListItem","position":2,"name":"Querdenker oder Querulant?"}]},{"@type":"WebSite","@id":"https:\/\/www.euroakademie.de\/magazin\/#website","url":"https:\/\/www.euroakademie.de\/magazin\/","name":"Das Euro Akademie Magazin","description":"Gut informiert durch Ausbildung und Studium","publisher":{"@id":"https:\/\/www.euroakademie.de\/magazin\/#organization"},"potentialAction":[{"@type":"SearchAction","target":{"@type":"EntryPoint","urlTemplate":"https:\/\/www.euroakademie.de\/magazin\/?s={search_term_string}"},"query-input":{"@type":"PropertyValueSpecification","valueRequired":true,"valueName":"search_term_string"}}],"inLanguage":"de"},{"@type":"Organization","@id":"https:\/\/www.euroakademie.de\/magazin\/#organization","name":"ESO Education Group","url":"https:\/\/www.euroakademie.de\/magazin\/","logo":{"@type":"ImageObject","inLanguage":"de","@id":"https:\/\/www.euroakademie.de\/magazin\/#\/schema\/logo\/image\/","url":"https:\/\/relaunch.euroakademie.de\/magazin\/wp-content\/uploads\/2024\/11\/Logo_EA_negativ_Rahmen_5cm_300dpi_RGB.jpg","contentUrl":"https:\/\/relaunch.euroakademie.de\/magazin\/wp-content\/uploads\/2024\/11\/Logo_EA_negativ_Rahmen_5cm_300dpi_RGB.jpg","width":591,"height":236,"caption":"ESO Education Group"},"image":{"@id":"https:\/\/www.euroakademie.de\/magazin\/#\/schema\/logo\/image\/"}},{"@type":"Person","@id":"https:\/\/www.euroakademie.de\/magazin\/#\/schema\/person\/d358a99c9c21358caa2204cfc0644796","name":"Barbara Tauber","description":"Barbara Tauber, ehemalige Dozentin an der Euro Akademie Berlin, betreute bis August 2017 das Projekt \"Quereinstieg \u2013 M\u00e4nner und Frauen in Kitas\" federf\u00fchrend. Sie engagiert sich f\u00fcr eine neue Lernkultur: Sch\u00fcler*innen gestalten aktiv und eigenverantwortlich ihren Lernprozess, Dozent*innen werden zu Coaches, die diesen Lernprozess unterst\u00fctzen und begleiten. In diesem Blog schildert sie Erfahrungen aus ihrem p\u00e4dagogischen Alltag.","url":"https:\/\/www.euroakademie.de\/magazin\/author\/barbaratauber\/"}]}},"_links":{"self":[{"href":"https:\/\/www.euroakademie.de\/magazin\/wp-json\/wp\/v2\/posts\/5397","targetHints":{"allow":["GET"]}}],"collection":[{"href":"https:\/\/www.euroakademie.de\/magazin\/wp-json\/wp\/v2\/posts"}],"about":[{"href":"https:\/\/www.euroakademie.de\/magazin\/wp-json\/wp\/v2\/types\/post"}],"author":[{"embeddable":true,"href":"https:\/\/www.euroakademie.de\/magazin\/wp-json\/wp\/v2\/users\/19"}],"replies":[{"embeddable":true,"href":"https:\/\/www.euroakademie.de\/magazin\/wp-json\/wp\/v2\/comments?post=5397"}],"version-history":[{"count":1,"href":"https:\/\/www.euroakademie.de\/magazin\/wp-json\/wp\/v2\/posts\/5397\/revisions"}],"predecessor-version":[{"id":24705,"href":"https:\/\/www.euroakademie.de\/magazin\/wp-json\/wp\/v2\/posts\/5397\/revisions\/24705"}],"wp:featuredmedia":[{"embeddable":true,"href":"https:\/\/www.euroakademie.de\/magazin\/wp-json\/wp\/v2\/media\/6556"}],"wp:attachment":[{"href":"https:\/\/www.euroakademie.de\/magazin\/wp-json\/wp\/v2\/media?parent=5397"}],"wp:term":[{"taxonomy":"category","embeddable":true,"href":"https:\/\/www.euroakademie.de\/magazin\/wp-json\/wp\/v2\/categories?post=5397"},{"taxonomy":"post_tag","embeddable":true,"href":"https:\/\/www.euroakademie.de\/magazin\/wp-json\/wp\/v2\/tags?post=5397"}],"curies":[{"name":"wp","href":"https:\/\/api.w.org\/{rel}","templated":true}]}}