{"id":5481,"date":"2017-06-26T08:10:05","date_gmt":"2017-06-26T06:10:05","guid":{"rendered":"https:\/\/www.euroakademie.de\/magazin\/?p=5481"},"modified":"2026-04-09T13:40:41","modified_gmt":"2026-04-09T11:40:41","slug":"bei-hitze-kuehlen-kopf-bewahren","status":"publish","type":"post","link":"https:\/\/www.euroakademie.de\/magazin\/bei-hitze-kuehlen-kopf-bewahren\/","title":{"rendered":"Linktipp: Wie Sie bei sommerlicher Hitze einen k\u00fchlen Kopf bewahren"},"content":{"rendered":"\t\t<div data-elementor-type=\"wp-post\" data-elementor-id=\"5481\" class=\"elementor elementor-5481\">\n\t\t\t\t\t\t<section class=\"elementor-section elementor-top-section elementor-element elementor-element-5885233a elementor-section-boxed elementor-section-height-default elementor-section-height-default\" data-id=\"5885233a\" data-element_type=\"section\">\n\t\t\t\t\t\t<div class=\"elementor-container elementor-column-gap-default\">\n\t\t\t\t\t<div class=\"elementor-column elementor-col-100 elementor-top-column elementor-element elementor-element-272edde3\" data-id=\"272edde3\" data-element_type=\"column\">\n\t\t\t<div class=\"elementor-widget-wrap elementor-element-populated\">\n\t\t\t\t\t\t<div class=\"elementor-element elementor-element-3c5da66f elementor-widget elementor-widget-text-editor\" data-id=\"3c5da66f\" data-element_type=\"widget\" data-widget_type=\"text-editor.default\">\n\t\t\t\t<div class=\"elementor-widget-container\">\n\t\t\t<style>\/*! elementor - v3.22.0 - 26-06-2024 *\/\n.elementor-widget-text-editor.elementor-drop-cap-view-stacked .elementor-drop-cap{background-color:#69727d;color:#fff}.elementor-widget-text-editor.elementor-drop-cap-view-framed .elementor-drop-cap{color:#69727d;border:3px solid;background-color:transparent}.elementor-widget-text-editor:not(.elementor-drop-cap-view-default) .elementor-drop-cap{margin-top:8px}.elementor-widget-text-editor:not(.elementor-drop-cap-view-default) .elementor-drop-cap-letter{width:1em;height:1em}.elementor-widget-text-editor .elementor-drop-cap{float:left;text-align:center;line-height:1;font-size:50px}.elementor-widget-text-editor .elementor-drop-cap-letter{display:inline-block}<\/style>\t\t\t\t<p><!--[CDATA[<strong-->29 Grad, 30 Grad, 33 Grad und immer noch kein Hitzefrei. In der Ausbildung sind die Stunden knapp bis zur Abschlusspr\u00fcfung und im Beruf darf man ohnehin nicht einfach so heimgehen. Mit den richtigen Snacks zwischendurch halten Sie aber auch bei gro\u00dfer Hitze durch.<\/p>\n<p>Wenn Sie schon am Morgen in kurzer Hose, noch k\u00fcrzeren \u00c4rmeln und mit Sonnenbrille aus dem Haus gehen, ahnen Sie, was Ihnen an diesem Tag noch bl\u00fcht. Gl\u00fccklich, wer da eine <a href=\"https:\/\/www.euroakademie.de\/magazin\/sommer-dresscode-im-office\/\">Stelle im isolierten B\u00fcro mit Klimaanlage<\/a> hat. Doch in der Schule, in der Ausbildung und in zahlreichen Unternehmen gibt es das leider nicht.<\/p>\n<p>Und w\u00e4hrend dann ab der Mittagszeit die Sonne erbarmungslos auf die d\u00fcnnen Vorh\u00e4nge und Jalousien brennt, transportiert Ihr K\u00f6rper literweise Fl\u00fcssigkeit nach au\u00dfen. Die Konzentration f\u00e4llt schwer, wenn Ihnen gerade Sturzb\u00e4che aus Schwei\u00df \u00fcber Gesicht und R\u00fccken laufen. Gut, dass es ein paar Tricks gibt, wie Sie Ihren K\u00f6rper wieder ein wenig runterk\u00fchlen k\u00f6nnen.<\/p>\n<h2>K\u00fchlendes Essen gegen sengende Hitze<\/h2>\n<p>Ein Ventilator auf Ihrem Schreibtisch kann nicht schaden, wenn sich schon drau\u00dfen kein k\u00fchlendes L\u00fcftchen regt. Halbwegs angenehm wird es bei der Hitze aber erst, wenn Sie sich auch von innen heraus k\u00fchlen. Nat\u00fcrlich m\u00fcssen Sie besonders viel trinken, um den Fl\u00fcssigkeitsverlust auszugleichen. Es gibt allerdings auch einige Snacks, die dem K\u00f6rper bei 30 Grad im Schatten guttun.<\/p>\n<p>Wo im Winter eine hei\u00dfe Suppe oder ein Tee Wunder wirken, gibt es auch f\u00fcr den Sommer die richtigen Snacks. Neben den Klassikern wie Melone und Salatgurke, die mit ihrem hohen Wassergehalt bei der Hitze punkten k\u00f6nnen, wirken \u00fcberraschenderweise zum Beispiel auch Mais, Spargel und K\u00fcrbis k\u00fchlend auf den K\u00f6rper.<\/p>\n<h2>Vorsicht bei zu kalten Lebensmitteln<\/h2>\n<p>Wird es richtig hei\u00df, greifen viele schnell zu Eis, Eisw\u00fcrfeln oder Getr\u00e4nken direkt aus dem Gefrierfach. Anstatt Ihnen allerdings langfristig zu einer ertragbaren K\u00f6rpertemperatur zu helfen, haben zu kalte Lebensmittel sogar den gegenteiligen Effekt: Ihr K\u00f6rper bemerkt, dass es nun pl\u00f6tzlich richtig frostig wird und beginnt, W\u00e4rme zu speichern. Das ist wohl das Letzte, was Sie bei der Hitze gebrauchen k\u00f6nnen. Greifen Sie daher lieber zu lauwarm oder k\u00fchl statt zu eiskalt.<\/p>\t\t\t\t\t\t<\/div>\n\t\t\t\t<\/div>\n\t\t\t\t\t<\/div>\n\t\t<\/div>\n\t\t\t\t\t<\/div>\n\t\t<\/section>\n\t\t\t\t<\/div>\n\t\t","protected":false},"excerpt":{"rendered":"<p>\t\t\t\t<![CDATA[]]>\t\t<\/p>\n","protected":false},"author":7,"featured_media":6534,"comment_status":"closed","ping_status":"closed","sticky":false,"template":"","format":"standard","meta":{"footnotes":""},"categories":[139,172],"tags":[2542,2632,3904,3961,3964,4165,4921,7576,7582,9040],"class_list":{"0":"post-5481","1":"post","2":"type-post","3":"status-publish","4":"format-standard","5":"has-post-thumbnail","7":"category-lesetipps","8":"category-100-tipps-tricks","9":"tag-ernaehrung","10":"tag-essen","11":"tag-heiss","12":"tag-hitze","13":"tag-hitzefrei","14":"tag-innen","15":"tag-kuehlen","16":"tag-sommer","17":"tag-sommerlich","18":"tag-warm"},"yoast_head":"<!-- This site is optimized with the Yoast SEO plugin v23.5 - https:\/\/yoast.com\/wordpress\/plugins\/seo\/ -->\n<title>Wie Sie bei Hitze einen k\u00fchlen Kopf bewahren | Euro Akademie Magazin<\/title>\n<meta name=\"description\" content=\"29 Grad, 30 Grad, 33 Grad und immer noch kein Hitzefrei. Mit den richtigen Snacks zwischendurch halten Sie aber auch bei gro\u00dfer Hitze durch.\" \/>\n<meta name=\"robots\" content=\"index, follow, max-snippet:-1, max-image-preview:large, max-video-preview:-1\" \/>\n<link rel=\"canonical\" href=\"https:\/\/www.euroakademie.de\/magazin\/bei-hitze-kuehlen-kopf-bewahren\/\" \/>\n<meta property=\"og:locale\" content=\"de_DE\" \/>\n<meta property=\"og:type\" content=\"article\" \/>\n<meta property=\"og:title\" content=\"Wie Sie bei Hitze einen k\u00fchlen Kopf bewahren | Euro Akademie Magazin\" \/>\n<meta property=\"og:description\" content=\"29 Grad, 30 Grad, 33 Grad und immer noch kein Hitzefrei. Mit den richtigen Snacks zwischendurch halten Sie aber auch bei gro\u00dfer Hitze durch.\" \/>\n<meta property=\"og:url\" content=\"https:\/\/www.euroakademie.de\/magazin\/bei-hitze-kuehlen-kopf-bewahren\/\" \/>\n<meta property=\"og:site_name\" content=\"Das Euro Akademie Magazin\" \/>\n<meta property=\"article:published_time\" content=\"2017-06-26T06:10:05+00:00\" \/>\n<meta property=\"article:modified_time\" content=\"2026-04-09T11:40:41+00:00\" \/>\n<meta property=\"og:image\" content=\"https:\/\/www.euroakademie.de\/magazin\/wp-content\/uploads\/2017\/06\/pixabay_female-1838547_1280_702x336_web.jpg\" \/>\n\t<meta property=\"og:image:width\" content=\"702\" \/>\n\t<meta property=\"og:image:height\" content=\"336\" \/>\n\t<meta property=\"og:image:type\" content=\"image\/jpeg\" \/>\n<meta name=\"author\" content=\"Redaktion\" \/>\n<meta name=\"twitter:card\" content=\"summary_large_image\" \/>\n<meta name=\"twitter:label1\" content=\"Verfasst von\" \/>\n\t<meta name=\"twitter:data1\" content=\"Redaktion\" \/>\n\t<meta name=\"twitter:label2\" content=\"Gesch\u00e4tzte Lesezeit\" \/>\n\t<meta name=\"twitter:data2\" content=\"2\u00a0Minuten\" \/>\n<script type=\"application\/ld+json\" class=\"yoast-schema-graph\">{\"@context\":\"https:\/\/schema.org\",\"@graph\":[{\"@type\":\"Article\",\"@id\":\"https:\/\/www.euroakademie.de\/magazin\/bei-hitze-kuehlen-kopf-bewahren\/#article\",\"isPartOf\":{\"@id\":\"https:\/\/www.euroakademie.de\/magazin\/bei-hitze-kuehlen-kopf-bewahren\/\"},\"author\":{\"name\":\"Redaktion\",\"@id\":\"https:\/\/www.euroakademie.de\/magazin\/#\/schema\/person\/6c9b7b6db765ee31640d80c936be3686\"},\"headline\":\"Linktipp: Wie Sie bei sommerlicher Hitze einen k\u00fchlen Kopf bewahren\",\"datePublished\":\"2017-06-26T06:10:05+00:00\",\"dateModified\":\"2026-04-09T11:40:41+00:00\",\"mainEntityOfPage\":{\"@id\":\"https:\/\/www.euroakademie.de\/magazin\/bei-hitze-kuehlen-kopf-bewahren\/\"},\"wordCount\":390,\"publisher\":{\"@id\":\"https:\/\/www.euroakademie.de\/magazin\/#organization\"},\"image\":{\"@id\":\"https:\/\/www.euroakademie.de\/magazin\/bei-hitze-kuehlen-kopf-bewahren\/#primaryimage\"},\"thumbnailUrl\":\"https:\/\/www.euroakademie.de\/magazin\/wp-content\/uploads\/2017\/06\/pixabay_female-1838547_1280_702x336_web.jpg\",\"keywords\":[\"Ern\u00e4hrung\",\"essen\",\"hei\u00df\",\"Hitze\",\"Hitzefrei\",\"innen\",\"k\u00fchlen\",\"Sommer\",\"sommerlich\",\"warm\"],\"articleSection\":[\"Link- und Lesetipps\",\"Tipps &amp; Tricks\"],\"inLanguage\":\"de\"},{\"@type\":\"WebPage\",\"@id\":\"https:\/\/www.euroakademie.de\/magazin\/bei-hitze-kuehlen-kopf-bewahren\/\",\"url\":\"https:\/\/www.euroakademie.de\/magazin\/bei-hitze-kuehlen-kopf-bewahren\/\",\"name\":\"Wie Sie bei Hitze einen k\u00fchlen Kopf bewahren | Euro Akademie Magazin\",\"isPartOf\":{\"@id\":\"https:\/\/www.euroakademie.de\/magazin\/#website\"},\"primaryImageOfPage\":{\"@id\":\"https:\/\/www.euroakademie.de\/magazin\/bei-hitze-kuehlen-kopf-bewahren\/#primaryimage\"},\"image\":{\"@id\":\"https:\/\/www.euroakademie.de\/magazin\/bei-hitze-kuehlen-kopf-bewahren\/#primaryimage\"},\"thumbnailUrl\":\"https:\/\/www.euroakademie.de\/magazin\/wp-content\/uploads\/2017\/06\/pixabay_female-1838547_1280_702x336_web.jpg\",\"datePublished\":\"2017-06-26T06:10:05+00:00\",\"dateModified\":\"2026-04-09T11:40:41+00:00\",\"description\":\"29 Grad, 30 Grad, 33 Grad und immer noch kein Hitzefrei. Mit den richtigen Snacks zwischendurch halten Sie aber auch bei gro\u00dfer Hitze durch.\",\"breadcrumb\":{\"@id\":\"https:\/\/www.euroakademie.de\/magazin\/bei-hitze-kuehlen-kopf-bewahren\/#breadcrumb\"},\"inLanguage\":\"de\",\"potentialAction\":[{\"@type\":\"ReadAction\",\"target\":[\"https:\/\/www.euroakademie.de\/magazin\/bei-hitze-kuehlen-kopf-bewahren\/\"]}]},{\"@type\":\"ImageObject\",\"inLanguage\":\"de\",\"@id\":\"https:\/\/www.euroakademie.de\/magazin\/bei-hitze-kuehlen-kopf-bewahren\/#primaryimage\",\"url\":\"https:\/\/www.euroakademie.de\/magazin\/wp-content\/uploads\/2017\/06\/pixabay_female-1838547_1280_702x336_web.jpg\",\"contentUrl\":\"https:\/\/www.euroakademie.de\/magazin\/wp-content\/uploads\/2017\/06\/pixabay_female-1838547_1280_702x336_web.jpg\",\"width\":702,\"height\":336,\"caption\":\"\"},{\"@type\":\"BreadcrumbList\",\"@id\":\"https:\/\/www.euroakademie.de\/magazin\/bei-hitze-kuehlen-kopf-bewahren\/#breadcrumb\",\"itemListElement\":[{\"@type\":\"ListItem\",\"position\":1,\"name\":\"Startseite\",\"item\":\"https:\/\/www.euroakademie.de\/magazin\/\"},{\"@type\":\"ListItem\",\"position\":2,\"name\":\"Linktipp: Wie Sie bei sommerlicher Hitze einen k\u00fchlen Kopf bewahren\"}]},{\"@type\":\"WebSite\",\"@id\":\"https:\/\/www.euroakademie.de\/magazin\/#website\",\"url\":\"https:\/\/www.euroakademie.de\/magazin\/\",\"name\":\"Das Euro Akademie Magazin\",\"description\":\"Gut informiert durch Ausbildung und Studium\",\"publisher\":{\"@id\":\"https:\/\/www.euroakademie.de\/magazin\/#organization\"},\"potentialAction\":[{\"@type\":\"SearchAction\",\"target\":{\"@type\":\"EntryPoint\",\"urlTemplate\":\"https:\/\/www.euroakademie.de\/magazin\/?s={search_term_string}\"},\"query-input\":{\"@type\":\"PropertyValueSpecification\",\"valueRequired\":true,\"valueName\":\"search_term_string\"}}],\"inLanguage\":\"de\"},{\"@type\":\"Organization\",\"@id\":\"https:\/\/www.euroakademie.de\/magazin\/#organization\",\"name\":\"ESO Education Group\",\"url\":\"https:\/\/www.euroakademie.de\/magazin\/\",\"logo\":{\"@type\":\"ImageObject\",\"inLanguage\":\"de\",\"@id\":\"https:\/\/www.euroakademie.de\/magazin\/#\/schema\/logo\/image\/\",\"url\":\"https:\/\/relaunch.euroakademie.de\/magazin\/wp-content\/uploads\/2024\/11\/Logo_EA_negativ_Rahmen_5cm_300dpi_RGB.jpg\",\"contentUrl\":\"https:\/\/relaunch.euroakademie.de\/magazin\/wp-content\/uploads\/2024\/11\/Logo_EA_negativ_Rahmen_5cm_300dpi_RGB.jpg\",\"width\":591,\"height\":236,\"caption\":\"ESO Education Group\"},\"image\":{\"@id\":\"https:\/\/www.euroakademie.de\/magazin\/#\/schema\/logo\/image\/\"}},{\"@type\":\"Person\",\"@id\":\"https:\/\/www.euroakademie.de\/magazin\/#\/schema\/person\/6c9b7b6db765ee31640d80c936be3686\",\"name\":\"Redaktion\",\"description\":\"Die Redaktion des Euro Akademie Magazins h\u00e4lt Sie regelm\u00e4\u00dfig mit hintergr\u00fcndigen Artikeln auf dem Laufenden. Auf Basis einer fundierten Recherche und mit Spa\u00df am Schreiben erstellen die Redakteur*innen informative und unterhaltsame Inhalte f\u00fcr Sie.\",\"url\":\"https:\/\/www.euroakademie.de\/magazin\/author\/redaktion\/\"}]}<\/script>\n<!-- \/ Yoast SEO plugin. -->","yoast_head_json":{"title":"Wie Sie bei Hitze einen k\u00fchlen Kopf bewahren | Euro Akademie Magazin","description":"29 Grad, 30 Grad, 33 Grad und immer noch kein Hitzefrei. Mit den richtigen Snacks zwischendurch halten Sie aber auch bei gro\u00dfer Hitze durch.","robots":{"index":"index","follow":"follow","max-snippet":"max-snippet:-1","max-image-preview":"max-image-preview:large","max-video-preview":"max-video-preview:-1"},"canonical":"https:\/\/www.euroakademie.de\/magazin\/bei-hitze-kuehlen-kopf-bewahren\/","og_locale":"de_DE","og_type":"article","og_title":"Wie Sie bei Hitze einen k\u00fchlen Kopf bewahren | Euro Akademie Magazin","og_description":"29 Grad, 30 Grad, 33 Grad und immer noch kein Hitzefrei. Mit den richtigen Snacks zwischendurch halten Sie aber auch bei gro\u00dfer Hitze durch.","og_url":"https:\/\/www.euroakademie.de\/magazin\/bei-hitze-kuehlen-kopf-bewahren\/","og_site_name":"Das Euro Akademie Magazin","article_published_time":"2017-06-26T06:10:05+00:00","article_modified_time":"2026-04-09T11:40:41+00:00","og_image":[{"width":702,"height":336,"url":"https:\/\/www.euroakademie.de\/magazin\/wp-content\/uploads\/2017\/06\/pixabay_female-1838547_1280_702x336_web.jpg","type":"image\/jpeg"}],"author":"Redaktion","twitter_card":"summary_large_image","twitter_misc":{"Verfasst von":"Redaktion","Gesch\u00e4tzte Lesezeit":"2\u00a0Minuten"},"schema":{"@context":"https:\/\/schema.org","@graph":[{"@type":"Article","@id":"https:\/\/www.euroakademie.de\/magazin\/bei-hitze-kuehlen-kopf-bewahren\/#article","isPartOf":{"@id":"https:\/\/www.euroakademie.de\/magazin\/bei-hitze-kuehlen-kopf-bewahren\/"},"author":{"name":"Redaktion","@id":"https:\/\/www.euroakademie.de\/magazin\/#\/schema\/person\/6c9b7b6db765ee31640d80c936be3686"},"headline":"Linktipp: Wie Sie bei sommerlicher Hitze einen k\u00fchlen Kopf bewahren","datePublished":"2017-06-26T06:10:05+00:00","dateModified":"2026-04-09T11:40:41+00:00","mainEntityOfPage":{"@id":"https:\/\/www.euroakademie.de\/magazin\/bei-hitze-kuehlen-kopf-bewahren\/"},"wordCount":390,"publisher":{"@id":"https:\/\/www.euroakademie.de\/magazin\/#organization"},"image":{"@id":"https:\/\/www.euroakademie.de\/magazin\/bei-hitze-kuehlen-kopf-bewahren\/#primaryimage"},"thumbnailUrl":"https:\/\/www.euroakademie.de\/magazin\/wp-content\/uploads\/2017\/06\/pixabay_female-1838547_1280_702x336_web.jpg","keywords":["Ern\u00e4hrung","essen","hei\u00df","Hitze","Hitzefrei","innen","k\u00fchlen","Sommer","sommerlich","warm"],"articleSection":["Link- und Lesetipps","Tipps &amp; Tricks"],"inLanguage":"de"},{"@type":"WebPage","@id":"https:\/\/www.euroakademie.de\/magazin\/bei-hitze-kuehlen-kopf-bewahren\/","url":"https:\/\/www.euroakademie.de\/magazin\/bei-hitze-kuehlen-kopf-bewahren\/","name":"Wie Sie bei Hitze einen k\u00fchlen Kopf bewahren | Euro Akademie Magazin","isPartOf":{"@id":"https:\/\/www.euroakademie.de\/magazin\/#website"},"primaryImageOfPage":{"@id":"https:\/\/www.euroakademie.de\/magazin\/bei-hitze-kuehlen-kopf-bewahren\/#primaryimage"},"image":{"@id":"https:\/\/www.euroakademie.de\/magazin\/bei-hitze-kuehlen-kopf-bewahren\/#primaryimage"},"thumbnailUrl":"https:\/\/www.euroakademie.de\/magazin\/wp-content\/uploads\/2017\/06\/pixabay_female-1838547_1280_702x336_web.jpg","datePublished":"2017-06-26T06:10:05+00:00","dateModified":"2026-04-09T11:40:41+00:00","description":"29 Grad, 30 Grad, 33 Grad und immer noch kein Hitzefrei. Mit den richtigen Snacks zwischendurch halten Sie aber auch bei gro\u00dfer Hitze durch.","breadcrumb":{"@id":"https:\/\/www.euroakademie.de\/magazin\/bei-hitze-kuehlen-kopf-bewahren\/#breadcrumb"},"inLanguage":"de","potentialAction":[{"@type":"ReadAction","target":["https:\/\/www.euroakademie.de\/magazin\/bei-hitze-kuehlen-kopf-bewahren\/"]}]},{"@type":"ImageObject","inLanguage":"de","@id":"https:\/\/www.euroakademie.de\/magazin\/bei-hitze-kuehlen-kopf-bewahren\/#primaryimage","url":"https:\/\/www.euroakademie.de\/magazin\/wp-content\/uploads\/2017\/06\/pixabay_female-1838547_1280_702x336_web.jpg","contentUrl":"https:\/\/www.euroakademie.de\/magazin\/wp-content\/uploads\/2017\/06\/pixabay_female-1838547_1280_702x336_web.jpg","width":702,"height":336,"caption":""},{"@type":"BreadcrumbList","@id":"https:\/\/www.euroakademie.de\/magazin\/bei-hitze-kuehlen-kopf-bewahren\/#breadcrumb","itemListElement":[{"@type":"ListItem","position":1,"name":"Startseite","item":"https:\/\/www.euroakademie.de\/magazin\/"},{"@type":"ListItem","position":2,"name":"Linktipp: Wie Sie bei sommerlicher Hitze einen k\u00fchlen Kopf bewahren"}]},{"@type":"WebSite","@id":"https:\/\/www.euroakademie.de\/magazin\/#website","url":"https:\/\/www.euroakademie.de\/magazin\/","name":"Das Euro Akademie Magazin","description":"Gut informiert durch Ausbildung und Studium","publisher":{"@id":"https:\/\/www.euroakademie.de\/magazin\/#organization"},"potentialAction":[{"@type":"SearchAction","target":{"@type":"EntryPoint","urlTemplate":"https:\/\/www.euroakademie.de\/magazin\/?s={search_term_string}"},"query-input":{"@type":"PropertyValueSpecification","valueRequired":true,"valueName":"search_term_string"}}],"inLanguage":"de"},{"@type":"Organization","@id":"https:\/\/www.euroakademie.de\/magazin\/#organization","name":"ESO Education Group","url":"https:\/\/www.euroakademie.de\/magazin\/","logo":{"@type":"ImageObject","inLanguage":"de","@id":"https:\/\/www.euroakademie.de\/magazin\/#\/schema\/logo\/image\/","url":"https:\/\/relaunch.euroakademie.de\/magazin\/wp-content\/uploads\/2024\/11\/Logo_EA_negativ_Rahmen_5cm_300dpi_RGB.jpg","contentUrl":"https:\/\/relaunch.euroakademie.de\/magazin\/wp-content\/uploads\/2024\/11\/Logo_EA_negativ_Rahmen_5cm_300dpi_RGB.jpg","width":591,"height":236,"caption":"ESO Education Group"},"image":{"@id":"https:\/\/www.euroakademie.de\/magazin\/#\/schema\/logo\/image\/"}},{"@type":"Person","@id":"https:\/\/www.euroakademie.de\/magazin\/#\/schema\/person\/6c9b7b6db765ee31640d80c936be3686","name":"Redaktion","description":"Die Redaktion des Euro Akademie Magazins h\u00e4lt Sie regelm\u00e4\u00dfig mit hintergr\u00fcndigen Artikeln auf dem Laufenden. Auf Basis einer fundierten Recherche und mit Spa\u00df am Schreiben erstellen die Redakteur*innen informative und unterhaltsame Inhalte f\u00fcr Sie.","url":"https:\/\/www.euroakademie.de\/magazin\/author\/redaktion\/"}]}},"_links":{"self":[{"href":"https:\/\/www.euroakademie.de\/magazin\/wp-json\/wp\/v2\/posts\/5481","targetHints":{"allow":["GET"]}}],"collection":[{"href":"https:\/\/www.euroakademie.de\/magazin\/wp-json\/wp\/v2\/posts"}],"about":[{"href":"https:\/\/www.euroakademie.de\/magazin\/wp-json\/wp\/v2\/types\/post"}],"author":[{"embeddable":true,"href":"https:\/\/www.euroakademie.de\/magazin\/wp-json\/wp\/v2\/users\/7"}],"replies":[{"embeddable":true,"href":"https:\/\/www.euroakademie.de\/magazin\/wp-json\/wp\/v2\/comments?post=5481"}],"version-history":[{"count":3,"href":"https:\/\/www.euroakademie.de\/magazin\/wp-json\/wp\/v2\/posts\/5481\/revisions"}],"predecessor-version":[{"id":29980,"href":"https:\/\/www.euroakademie.de\/magazin\/wp-json\/wp\/v2\/posts\/5481\/revisions\/29980"}],"wp:featuredmedia":[{"embeddable":true,"href":"https:\/\/www.euroakademie.de\/magazin\/wp-json\/wp\/v2\/media\/6534"}],"wp:attachment":[{"href":"https:\/\/www.euroakademie.de\/magazin\/wp-json\/wp\/v2\/media?parent=5481"}],"wp:term":[{"taxonomy":"category","embeddable":true,"href":"https:\/\/www.euroakademie.de\/magazin\/wp-json\/wp\/v2\/categories?post=5481"},{"taxonomy":"post_tag","embeddable":true,"href":"https:\/\/www.euroakademie.de\/magazin\/wp-json\/wp\/v2\/tags?post=5481"}],"curies":[{"name":"wp","href":"https:\/\/api.w.org\/{rel}","templated":true}]}}