{"id":5485,"date":"2017-06-28T08:00:50","date_gmt":"2017-06-28T06:00:50","guid":{"rendered":"https:\/\/www.euroakademie.de\/magazin\/?p=5485"},"modified":"2024-11-19T12:20:53","modified_gmt":"2024-11-19T11:20:53","slug":"projektwoche-an-der-euro-akademie-dessau","status":"publish","type":"post","link":"https:\/\/www.euroakademie.de\/magazin\/projektwoche-an-der-euro-akademie-dessau\/","title":{"rendered":"Projektwoche an der Euro Akademie Dessau"},"content":{"rendered":"<p>\t\t\t\t<![CDATA[Es ist zu einer sch\u00f6nen Tradition f\u00fcr unsere Klassen der angehenden <a href=\"https:\/\/www.euroakademie.de\/de\/ausbildung\/paedagogik-soziales\/erzieher.html\">Erzieher<\/a> geworden, das Schuljahr an der <a href=\"http:\/\/www.euroakademie.de\/dessau\">Euro Akademie Dessau<\/a> mit einer Projektwoche ausklingen zu lassen. Schon Monate vorher beraten die Lehrkr\u00e4fte, sammeln Ideen und sprechen mit Netzwerkpartnern, um den Sch\u00fclern wieder interessante Themen rund um die Welt des Erziehens, Lernens und der Besch\u00e4ftigung mit Kindern und Jugendlichen zum Mitmachen anzubieten.\n\n\n<h2>Riesiges Angebot w\u00e4hrend der Projektwoche 2017<\/h2>\n\n\nUnter Regie und Koordination von Dozentin Jenny Golembski reichten die Lehrkr\u00e4fte auch dieses Jahr wieder Vorschl\u00e4ge f\u00fcr gemeinsame Projekte ein. Deren Umsetzung wurde geradezu akribisch geplant und kein Lernfeld wurde dabei vergessen. Sogar die angehenden <a href=\"https:\/\/www.euroakademie.de\/de\/ausbildung\/paedagogik-soziales\/kinderpfleger.html\">Kinderpfleger<\/a> der Euro Akademie Zerbst nahmen teil.\n\nDa in der Woche mehr als 20 Projekte an der Euro Akademie Dessau, der Euro Akademie Zerbst und auch au\u00dferhalb der Schule angeboten waren, konnten sich die Sch\u00fcler gleich an mehreren Aufgaben abarbeiten. Da wurde in einem Raum ges\u00e4gt und geh\u00e4mmert, bis als Ergebnis ein Musikwagen entstanden war, der nun an einen Hort der Stadt Dessau geht. Andere Sch\u00fcler schnitten und falzten, malten und n\u00e4hten. Au\u00dferdem standen Geb\u00e4rdensprache und Schauspiel, <a href=\"https:\/\/www.euroakademie.de\/magazin\/weltspieltag-euro-akademie-dessau\/\">ein Sportfest und Spiele<\/a> auf dem Programm.\n\n\n<h2>Beachtliche Ergebnisse<\/h2>\n\n\nDie Sch\u00fcler konnten sowohl ihre handwerklichen als auch geistigen F\u00e4higkeiten einmal mehr unter Beweis stellen und das im Unterricht Gelernte umsetzen. Das Thema \u201eH\u00e4usliche Gewalt\u201c setzten drei Teams sogar filmisch um. Der beste Film wurde dann am letzten Projekttag nach Abstimmung gek\u00fcrt.\n\nAuf einer Art Marktplatz pr\u00e4sentierten und erl\u00e4uterten die Sch\u00fcler die einzelnen Projekte. Ganz besonders hat uns gefreut, dass der Eigenbetrieb der Stadt Dessau unserer Einladung zur Projektschau gefolgt ist. Sind doch unsere Sch\u00fcler Aush\u00e4ngeschild f\u00fcr die Euro Akademie Dessau. Sie hatten in der Projektwoche die Chance, zu zeigen, was sie in der Zeit ihrer Ausbildung theoretisch erlernt haben.\n\nIn diesem Jahr haben auch die Sch\u00fcler der Deutschklasse mit einem kleinen Programm in Form von persischer Musik, Gesang und T\u00e4nzen am Abschlusstag zum Gelingen der Projektwoche beigetragen.\n\n\n<h2>Lobenswertes Engagement von allen Seiten<\/h2>\n\n\nDen Spa\u00df am Lernen und die Ergebnisse der Projektwoche kann man auf den Fotos erkennen. Die Schulleitung m\u00f6chte sich ganz herzlich bei allen Lehrkr\u00e4ften und Partnern f\u00fcr ihren doch manchmal kr\u00e4ftezehrenden Einsatz bedanken. Ohne diesen w\u00e4re die Projektwoche nicht so gelungen.\n\nWir hoffen und freuen uns auf viele spannende Themen f\u00fcr die Projektwoche im n\u00e4chsten Schuljahr.\n\n[gallery ids=\"5487,5489,5490,5492,5491,5496,5493,5494,5499,5498,5497,5495\"]\n\n<em>Autorin: Jana Ilsmann, Euro Akademie Dessau<\/em>]]>\t\t<\/p>\n","protected":false},"excerpt":{"rendered":"<p>\t\t\t\t<![CDATA[]]>\t\t<\/p>\n","protected":false},"author":16,"featured_media":5488,"comment_status":"closed","ping_status":"closed","sticky":false,"template":"","format":"standard","meta":{"footnotes":""},"categories":[88,19],"tags":[244,1996,2587,6724,6739,7303],"class_list":{"0":"post-5485","1":"post","2":"type-post","3":"status-publish","4":"format-standard","5":"has-post-thumbnail","7":"category-dessau","8":"category-paedagogik-soziales","9":"tag-abschluss","10":"tag-dessau","11":"tag-erzieher","12":"tag-projekt","13":"tag-projektwoche","14":"tag-schuljahresende"},"yoast_head":"<!-- This site is optimized with the Yoast SEO plugin v23.5 - https:\/\/yoast.com\/wordpress\/plugins\/seo\/ -->\n<title>Projektwoche an der Euro Akademie Dessau | Euro Akademie Magazin<\/title>\n<meta name=\"description\" content=\"Es ist zu einer Tradition f\u00fcr die angehenden Erzieher geworden, das Schuljahr an der Euro Akademie Dessau mit einer Projektwoche ausklingen zu lassen.\" \/>\n<meta name=\"robots\" content=\"index, follow, max-snippet:-1, max-image-preview:large, max-video-preview:-1\" \/>\n<link rel=\"canonical\" href=\"https:\/\/www.euroakademie.de\/magazin\/projektwoche-an-der-euro-akademie-dessau\/\" \/>\n<meta property=\"og:locale\" content=\"de_DE\" \/>\n<meta property=\"og:type\" content=\"article\" \/>\n<meta property=\"og:title\" content=\"Projektwoche an der Euro Akademie Dessau | Euro Akademie Magazin\" \/>\n<meta property=\"og:description\" content=\"Es ist zu einer Tradition f\u00fcr die angehenden Erzieher geworden, das Schuljahr an der Euro Akademie Dessau mit einer Projektwoche ausklingen zu lassen.\" \/>\n<meta property=\"og:url\" content=\"https:\/\/www.euroakademie.de\/magazin\/projektwoche-an-der-euro-akademie-dessau\/\" \/>\n<meta property=\"og:site_name\" content=\"Das Euro Akademie Magazin\" \/>\n<meta property=\"article:published_time\" content=\"2017-06-28T06:00:50+00:00\" \/>\n<meta property=\"article:modified_time\" content=\"2024-11-19T11:20:53+00:00\" \/>\n<meta property=\"og:image\" content=\"https:\/\/www.euroakademie.de\/magazin\/wp-content\/uploads\/2017\/06\/Projektwoche-EADessau-702x336-web.jpg\" \/>\n\t<meta property=\"og:image:width\" content=\"702\" \/>\n\t<meta property=\"og:image:height\" content=\"336\" \/>\n\t<meta property=\"og:image:type\" content=\"image\/jpeg\" \/>\n<meta name=\"author\" content=\"Gastautor\" \/>\n<meta name=\"twitter:card\" content=\"summary_large_image\" \/>\n<meta name=\"twitter:label1\" content=\"Verfasst von\" \/>\n\t<meta name=\"twitter:data1\" content=\"Gastautor\" \/>\n\t<meta name=\"twitter:label2\" content=\"Gesch\u00e4tzte Lesezeit\" \/>\n\t<meta name=\"twitter:data2\" content=\"2\u00a0Minuten\" \/>\n<script type=\"application\/ld+json\" class=\"yoast-schema-graph\">{\"@context\":\"https:\/\/schema.org\",\"@graph\":[{\"@type\":\"Article\",\"@id\":\"https:\/\/www.euroakademie.de\/magazin\/projektwoche-an-der-euro-akademie-dessau\/#article\",\"isPartOf\":{\"@id\":\"https:\/\/www.euroakademie.de\/magazin\/projektwoche-an-der-euro-akademie-dessau\/\"},\"author\":{\"name\":\"Gastautor\",\"@id\":\"https:\/\/www.euroakademie.de\/magazin\/#\/schema\/person\/29e379ae109b856cf2109112ce9db2f0\"},\"headline\":\"Projektwoche an der Euro Akademie Dessau\",\"datePublished\":\"2017-06-28T06:00:50+00:00\",\"dateModified\":\"2024-11-19T11:20:53+00:00\",\"mainEntityOfPage\":{\"@id\":\"https:\/\/www.euroakademie.de\/magazin\/projektwoche-an-der-euro-akademie-dessau\/\"},\"wordCount\":412,\"publisher\":{\"@id\":\"https:\/\/www.euroakademie.de\/magazin\/#organization\"},\"image\":{\"@id\":\"https:\/\/www.euroakademie.de\/magazin\/projektwoche-an-der-euro-akademie-dessau\/#primaryimage\"},\"thumbnailUrl\":\"https:\/\/www.euroakademie.de\/magazin\/wp-content\/uploads\/2017\/06\/Projektwoche-EADessau-702x336-web.jpg\",\"keywords\":[\"Abschluss\",\"Dessau\",\"Erzieher\",\"Projekt\",\"Projektwoche\",\"Schuljahresende\"],\"articleSection\":[\"Dessau\",\"P\u00e4dagogik &amp; Soziales\"],\"inLanguage\":\"de\"},{\"@type\":\"WebPage\",\"@id\":\"https:\/\/www.euroakademie.de\/magazin\/projektwoche-an-der-euro-akademie-dessau\/\",\"url\":\"https:\/\/www.euroakademie.de\/magazin\/projektwoche-an-der-euro-akademie-dessau\/\",\"name\":\"Projektwoche an der Euro Akademie Dessau | Euro Akademie Magazin\",\"isPartOf\":{\"@id\":\"https:\/\/www.euroakademie.de\/magazin\/#website\"},\"primaryImageOfPage\":{\"@id\":\"https:\/\/www.euroakademie.de\/magazin\/projektwoche-an-der-euro-akademie-dessau\/#primaryimage\"},\"image\":{\"@id\":\"https:\/\/www.euroakademie.de\/magazin\/projektwoche-an-der-euro-akademie-dessau\/#primaryimage\"},\"thumbnailUrl\":\"https:\/\/www.euroakademie.de\/magazin\/wp-content\/uploads\/2017\/06\/Projektwoche-EADessau-702x336-web.jpg\",\"datePublished\":\"2017-06-28T06:00:50+00:00\",\"dateModified\":\"2024-11-19T11:20:53+00:00\",\"description\":\"Es ist zu einer Tradition f\u00fcr die angehenden Erzieher geworden, das Schuljahr an der Euro Akademie Dessau mit einer Projektwoche ausklingen zu lassen.\",\"breadcrumb\":{\"@id\":\"https:\/\/www.euroakademie.de\/magazin\/projektwoche-an-der-euro-akademie-dessau\/#breadcrumb\"},\"inLanguage\":\"de\",\"potentialAction\":[{\"@type\":\"ReadAction\",\"target\":[\"https:\/\/www.euroakademie.de\/magazin\/projektwoche-an-der-euro-akademie-dessau\/\"]}]},{\"@type\":\"ImageObject\",\"inLanguage\":\"de\",\"@id\":\"https:\/\/www.euroakademie.de\/magazin\/projektwoche-an-der-euro-akademie-dessau\/#primaryimage\",\"url\":\"https:\/\/www.euroakademie.de\/magazin\/wp-content\/uploads\/2017\/06\/Projektwoche-EADessau-702x336-web.jpg\",\"contentUrl\":\"https:\/\/www.euroakademie.de\/magazin\/wp-content\/uploads\/2017\/06\/Projektwoche-EADessau-702x336-web.jpg\",\"width\":702,\"height\":336,\"caption\":\"\"},{\"@type\":\"BreadcrumbList\",\"@id\":\"https:\/\/www.euroakademie.de\/magazin\/projektwoche-an-der-euro-akademie-dessau\/#breadcrumb\",\"itemListElement\":[{\"@type\":\"ListItem\",\"position\":1,\"name\":\"Startseite\",\"item\":\"https:\/\/www.euroakademie.de\/magazin\/\"},{\"@type\":\"ListItem\",\"position\":2,\"name\":\"Projektwoche an der Euro Akademie Dessau\"}]},{\"@type\":\"WebSite\",\"@id\":\"https:\/\/www.euroakademie.de\/magazin\/#website\",\"url\":\"https:\/\/www.euroakademie.de\/magazin\/\",\"name\":\"Das Euro Akademie Magazin\",\"description\":\"Gut informiert durch Ausbildung und Studium\",\"publisher\":{\"@id\":\"https:\/\/www.euroakademie.de\/magazin\/#organization\"},\"potentialAction\":[{\"@type\":\"SearchAction\",\"target\":{\"@type\":\"EntryPoint\",\"urlTemplate\":\"https:\/\/www.euroakademie.de\/magazin\/?s={search_term_string}\"},\"query-input\":{\"@type\":\"PropertyValueSpecification\",\"valueRequired\":true,\"valueName\":\"search_term_string\"}}],\"inLanguage\":\"de\"},{\"@type\":\"Organization\",\"@id\":\"https:\/\/www.euroakademie.de\/magazin\/#organization\",\"name\":\"ESO Education Group\",\"url\":\"https:\/\/www.euroakademie.de\/magazin\/\",\"logo\":{\"@type\":\"ImageObject\",\"inLanguage\":\"de\",\"@id\":\"https:\/\/www.euroakademie.de\/magazin\/#\/schema\/logo\/image\/\",\"url\":\"https:\/\/relaunch.euroakademie.de\/magazin\/wp-content\/uploads\/2024\/11\/Logo_EA_negativ_Rahmen_5cm_300dpi_RGB.jpg\",\"contentUrl\":\"https:\/\/relaunch.euroakademie.de\/magazin\/wp-content\/uploads\/2024\/11\/Logo_EA_negativ_Rahmen_5cm_300dpi_RGB.jpg\",\"width\":591,\"height\":236,\"caption\":\"ESO Education Group\"},\"image\":{\"@id\":\"https:\/\/www.euroakademie.de\/magazin\/#\/schema\/logo\/image\/\"}},{\"@type\":\"Person\",\"@id\":\"https:\/\/www.euroakademie.de\/magazin\/#\/schema\/person\/29e379ae109b856cf2109112ce9db2f0\",\"name\":\"Gastautor\",\"description\":\"P\u00e4dagoge, Bewerbungscoachin, Dozent oder \u00dcbersetzerin \u2013 hier schreibt ein Fachmann oder eine Fachfrau \u00fcber ein Spezialthema. Unsere Gastautor*innen bereichern uns regelm\u00e4\u00dfig mit Expertenwissen und Insider-Infos.\",\"url\":\"https:\/\/www.euroakademie.de\/magazin\/author\/gastautor\/\"}]}<\/script>\n<!-- \/ Yoast SEO plugin. -->","yoast_head_json":{"title":"Projektwoche an der Euro Akademie Dessau | Euro Akademie Magazin","description":"Es ist zu einer Tradition f\u00fcr die angehenden Erzieher geworden, das Schuljahr an der Euro Akademie Dessau mit einer Projektwoche ausklingen zu lassen.","robots":{"index":"index","follow":"follow","max-snippet":"max-snippet:-1","max-image-preview":"max-image-preview:large","max-video-preview":"max-video-preview:-1"},"canonical":"https:\/\/www.euroakademie.de\/magazin\/projektwoche-an-der-euro-akademie-dessau\/","og_locale":"de_DE","og_type":"article","og_title":"Projektwoche an der Euro Akademie Dessau | Euro Akademie Magazin","og_description":"Es ist zu einer Tradition f\u00fcr die angehenden Erzieher geworden, das Schuljahr an der Euro Akademie Dessau mit einer Projektwoche ausklingen zu lassen.","og_url":"https:\/\/www.euroakademie.de\/magazin\/projektwoche-an-der-euro-akademie-dessau\/","og_site_name":"Das Euro Akademie Magazin","article_published_time":"2017-06-28T06:00:50+00:00","article_modified_time":"2024-11-19T11:20:53+00:00","og_image":[{"width":702,"height":336,"url":"https:\/\/www.euroakademie.de\/magazin\/wp-content\/uploads\/2017\/06\/Projektwoche-EADessau-702x336-web.jpg","type":"image\/jpeg"}],"author":"Gastautor","twitter_card":"summary_large_image","twitter_misc":{"Verfasst von":"Gastautor","Gesch\u00e4tzte Lesezeit":"2\u00a0Minuten"},"schema":{"@context":"https:\/\/schema.org","@graph":[{"@type":"Article","@id":"https:\/\/www.euroakademie.de\/magazin\/projektwoche-an-der-euro-akademie-dessau\/#article","isPartOf":{"@id":"https:\/\/www.euroakademie.de\/magazin\/projektwoche-an-der-euro-akademie-dessau\/"},"author":{"name":"Gastautor","@id":"https:\/\/www.euroakademie.de\/magazin\/#\/schema\/person\/29e379ae109b856cf2109112ce9db2f0"},"headline":"Projektwoche an der Euro Akademie Dessau","datePublished":"2017-06-28T06:00:50+00:00","dateModified":"2024-11-19T11:20:53+00:00","mainEntityOfPage":{"@id":"https:\/\/www.euroakademie.de\/magazin\/projektwoche-an-der-euro-akademie-dessau\/"},"wordCount":412,"publisher":{"@id":"https:\/\/www.euroakademie.de\/magazin\/#organization"},"image":{"@id":"https:\/\/www.euroakademie.de\/magazin\/projektwoche-an-der-euro-akademie-dessau\/#primaryimage"},"thumbnailUrl":"https:\/\/www.euroakademie.de\/magazin\/wp-content\/uploads\/2017\/06\/Projektwoche-EADessau-702x336-web.jpg","keywords":["Abschluss","Dessau","Erzieher","Projekt","Projektwoche","Schuljahresende"],"articleSection":["Dessau","P\u00e4dagogik &amp; Soziales"],"inLanguage":"de"},{"@type":"WebPage","@id":"https:\/\/www.euroakademie.de\/magazin\/projektwoche-an-der-euro-akademie-dessau\/","url":"https:\/\/www.euroakademie.de\/magazin\/projektwoche-an-der-euro-akademie-dessau\/","name":"Projektwoche an der Euro Akademie Dessau | Euro Akademie Magazin","isPartOf":{"@id":"https:\/\/www.euroakademie.de\/magazin\/#website"},"primaryImageOfPage":{"@id":"https:\/\/www.euroakademie.de\/magazin\/projektwoche-an-der-euro-akademie-dessau\/#primaryimage"},"image":{"@id":"https:\/\/www.euroakademie.de\/magazin\/projektwoche-an-der-euro-akademie-dessau\/#primaryimage"},"thumbnailUrl":"https:\/\/www.euroakademie.de\/magazin\/wp-content\/uploads\/2017\/06\/Projektwoche-EADessau-702x336-web.jpg","datePublished":"2017-06-28T06:00:50+00:00","dateModified":"2024-11-19T11:20:53+00:00","description":"Es ist zu einer Tradition f\u00fcr die angehenden Erzieher geworden, das Schuljahr an der Euro Akademie Dessau mit einer Projektwoche ausklingen zu lassen.","breadcrumb":{"@id":"https:\/\/www.euroakademie.de\/magazin\/projektwoche-an-der-euro-akademie-dessau\/#breadcrumb"},"inLanguage":"de","potentialAction":[{"@type":"ReadAction","target":["https:\/\/www.euroakademie.de\/magazin\/projektwoche-an-der-euro-akademie-dessau\/"]}]},{"@type":"ImageObject","inLanguage":"de","@id":"https:\/\/www.euroakademie.de\/magazin\/projektwoche-an-der-euro-akademie-dessau\/#primaryimage","url":"https:\/\/www.euroakademie.de\/magazin\/wp-content\/uploads\/2017\/06\/Projektwoche-EADessau-702x336-web.jpg","contentUrl":"https:\/\/www.euroakademie.de\/magazin\/wp-content\/uploads\/2017\/06\/Projektwoche-EADessau-702x336-web.jpg","width":702,"height":336,"caption":""},{"@type":"BreadcrumbList","@id":"https:\/\/www.euroakademie.de\/magazin\/projektwoche-an-der-euro-akademie-dessau\/#breadcrumb","itemListElement":[{"@type":"ListItem","position":1,"name":"Startseite","item":"https:\/\/www.euroakademie.de\/magazin\/"},{"@type":"ListItem","position":2,"name":"Projektwoche an der Euro Akademie Dessau"}]},{"@type":"WebSite","@id":"https:\/\/www.euroakademie.de\/magazin\/#website","url":"https:\/\/www.euroakademie.de\/magazin\/","name":"Das Euro Akademie Magazin","description":"Gut informiert durch Ausbildung und Studium","publisher":{"@id":"https:\/\/www.euroakademie.de\/magazin\/#organization"},"potentialAction":[{"@type":"SearchAction","target":{"@type":"EntryPoint","urlTemplate":"https:\/\/www.euroakademie.de\/magazin\/?s={search_term_string}"},"query-input":{"@type":"PropertyValueSpecification","valueRequired":true,"valueName":"search_term_string"}}],"inLanguage":"de"},{"@type":"Organization","@id":"https:\/\/www.euroakademie.de\/magazin\/#organization","name":"ESO Education Group","url":"https:\/\/www.euroakademie.de\/magazin\/","logo":{"@type":"ImageObject","inLanguage":"de","@id":"https:\/\/www.euroakademie.de\/magazin\/#\/schema\/logo\/image\/","url":"https:\/\/relaunch.euroakademie.de\/magazin\/wp-content\/uploads\/2024\/11\/Logo_EA_negativ_Rahmen_5cm_300dpi_RGB.jpg","contentUrl":"https:\/\/relaunch.euroakademie.de\/magazin\/wp-content\/uploads\/2024\/11\/Logo_EA_negativ_Rahmen_5cm_300dpi_RGB.jpg","width":591,"height":236,"caption":"ESO Education Group"},"image":{"@id":"https:\/\/www.euroakademie.de\/magazin\/#\/schema\/logo\/image\/"}},{"@type":"Person","@id":"https:\/\/www.euroakademie.de\/magazin\/#\/schema\/person\/29e379ae109b856cf2109112ce9db2f0","name":"Gastautor","description":"P\u00e4dagoge, Bewerbungscoachin, Dozent oder \u00dcbersetzerin \u2013 hier schreibt ein Fachmann oder eine Fachfrau \u00fcber ein Spezialthema. Unsere Gastautor*innen bereichern uns regelm\u00e4\u00dfig mit Expertenwissen und Insider-Infos.","url":"https:\/\/www.euroakademie.de\/magazin\/author\/gastautor\/"}]}},"_links":{"self":[{"href":"https:\/\/www.euroakademie.de\/magazin\/wp-json\/wp\/v2\/posts\/5485","targetHints":{"allow":["GET"]}}],"collection":[{"href":"https:\/\/www.euroakademie.de\/magazin\/wp-json\/wp\/v2\/posts"}],"about":[{"href":"https:\/\/www.euroakademie.de\/magazin\/wp-json\/wp\/v2\/types\/post"}],"author":[{"embeddable":true,"href":"https:\/\/www.euroakademie.de\/magazin\/wp-json\/wp\/v2\/users\/16"}],"replies":[{"embeddable":true,"href":"https:\/\/www.euroakademie.de\/magazin\/wp-json\/wp\/v2\/comments?post=5485"}],"version-history":[{"count":2,"href":"https:\/\/www.euroakademie.de\/magazin\/wp-json\/wp\/v2\/posts\/5485\/revisions"}],"predecessor-version":[{"id":23367,"href":"https:\/\/www.euroakademie.de\/magazin\/wp-json\/wp\/v2\/posts\/5485\/revisions\/23367"}],"wp:featuredmedia":[{"embeddable":true,"href":"https:\/\/www.euroakademie.de\/magazin\/wp-json\/wp\/v2\/media\/5488"}],"wp:attachment":[{"href":"https:\/\/www.euroakademie.de\/magazin\/wp-json\/wp\/v2\/media?parent=5485"}],"wp:term":[{"taxonomy":"category","embeddable":true,"href":"https:\/\/www.euroakademie.de\/magazin\/wp-json\/wp\/v2\/categories?post=5485"},{"taxonomy":"post_tag","embeddable":true,"href":"https:\/\/www.euroakademie.de\/magazin\/wp-json\/wp\/v2\/tags?post=5485"}],"curies":[{"name":"wp","href":"https:\/\/api.w.org\/{rel}","templated":true}]}}