{"id":5593,"date":"2017-07-19T08:00:25","date_gmt":"2017-07-19T06:00:25","guid":{"rendered":"https:\/\/www.euroakademie.de\/magazin\/?p=5593"},"modified":"2024-11-19T15:33:14","modified_gmt":"2024-11-19T14:33:14","slug":"reform-der-pflegeausbildung-verabschiedet","status":"publish","type":"post","link":"https:\/\/www.euroakademie.de\/magazin\/reform-der-pflegeausbildung-verabschiedet\/","title":{"rendered":"Reform der Pflegeausbildung vom Bundestag verabschiedet"},"content":{"rendered":"<p>\t\t\t\t<![CDATA[<strong>Das Ringen um die Gestaltung der generalistischen Pflegeausbildung hat nun ein Ende gefunden. Lange diskutierten Vertreter der politischen Parteien sowie Arbeitgeber- und Arbeitnehmer<\/strong><strong>verb\u00e4nde \u00fcber die Reform. Am 22. Juni gab es vom Bundestag die Zustimmung f\u00fcr das neue Pflegeberufegesetz. <\/strong>\n\n\n<h2>Wie sieht die neue Pflegeausbildung aus?<\/h2>\n\n\nDie im Altenpflegegesetz und Krankenpflegegesetz bisher getrennt geregelten Ausbildungen werden in einem neuen <a href=\"https:\/\/www.bmfsfj.de\/blob\/77268\/21edf78ebd06fce31862dc7becacbd97\/faqs-pflegeberufsgesetz-data.pdf\" target=\"_blank\" rel=\"noopener\">Pflegeberufegesetz<\/a> zusammengefasst. Alle Auszubildenden der Pflegeschulen lernen in den ersten zwei Jahren gemeinsam, erst im dritten Ausbildungsjahr entscheiden sich die angehenden Pflegekr\u00e4fte, ob sie sich auf Kinderkrankenpflege oder <a href=\"https:\/\/www.euroakademie.de\/details\/AL____RGG_Q18S_1\/Altenpflegehelferin---staatlich-anerkannt\">Altenpflege<\/a> spezialisieren m\u00f6chten. Wer die generalistische Ausbildung im dritten Jahr fortsetzt, erwirbt den Abschluss \u201ePflegefachfrau\u201c oder \u201ePflegefachmann\u201c.\n\nDer erste Ausbildungsjahrgang soll 2020 starten, ein Jahr sp\u00e4ter als zun\u00e4chst geplant. Nach sechs Jahren wird \u00fcberpr\u00fcft, ob sich die neue Ausbildungsordnung bew\u00e4hrt hat oder ob nachgebessert werden muss.\n\n\n<h2>Neue Chancen gegen Personalmangel?<\/h2>\n\n\nEin Ziel des neuen Pflegeberufegesetzes ist es, mehr junge Menschen f\u00fcr Pflegeberufe zu gewinnen, um dem Mangel an Fachkr\u00e4ften entgegenzuwirken. Besonders in der Altenpflege wird der Bedarf an qualifizierten Mitarbeitern immer weiter wachsen. Kritiker sehen in dem neuen Gesetz allerdings nicht die gew\u00fcnschte Aufwertung der Altenpfleger, da ihnen beispielsweise die automatische europaweite Anerkennung weiterhin verwehrt wird.\n\n\n<h2>Selbst\u00e4ndigkeit und verbesserte Qualit\u00e4t<\/h2>\n\n\nEinen Gewinn des neuen Gesetzes sieht der Deutsche Berufsverband f\u00fcr Pflegeberufe e.V. darin, dass die Selbstst\u00e4ndigkeit f\u00fcr pflegerisches Handeln verst\u00e4rkt und die hochschulische Ausbildung geregelt wird. Auch die Qualit\u00e4t der Praxisanleitung der angehenden Pflegekr\u00e4fte verbessert sich laut Einsch\u00e4tzung des Verbandes.\n\n\n<h2>Attraktivit\u00e4t durch Anerkennung<\/h2>\n\n\nDoch die Ausbildungsreform alleine wird nicht gen\u00fcgen, um ausreichend junge Menschen in Pflegeberufe zu bringen. Die Anerkennung der Berufsgruppe durch die Gesellschaft ist eine wichtige Voraussetzung, den Beruf attraktiver zu machen. Dazu geh\u00f6rt auch die Aufwertung durch eine leistungsgerechte Bezahlung der unersetzlichen und gut qualifizierten Fachkr\u00e4fte. Denn eines ist sicher: Die Pflege kranker und alter Menschen hat eine gro\u00dfe Bedeutung in einer Gesellschaft, die immer \u00e4lter wird.\n\n&nbsp;]]>\t\t<\/p>\n","protected":false},"excerpt":{"rendered":"<p>\t\t\t\t<![CDATA[]]>\t\t<\/p>\n","protected":false},"author":58,"featured_media":6526,"comment_status":"closed","ping_status":"closed","sticky":false,"template":"","format":"standard","meta":{"footnotes":""},"categories":[82,16],"tags":[418,1687,2779,3469,4519,6385,6388,6400,6409,6808,6901],"class_list":{"0":"post-5593","1":"post","2":"type-post","3":"status-publish","4":"format-standard","5":"has-post-thumbnail","7":"category-branchennews","8":"category-gesundheit-pflege","9":"tag-altenpflege","10":"tag-bundestag","11":"tag-fachkraefte","12":"tag-generalisierte-ausbildung","13":"tag-kinderkrankenpflege","14":"tag-pflegeberufe","15":"tag-pflegeberufegesetz","16":"tag-pflegefachfrau","17":"tag-pflegefachmann","18":"tag-qualifikation","19":"tag-reform"},"yoast_head":"<!-- This site is optimized with the Yoast SEO plugin v23.5 - https:\/\/yoast.com\/wordpress\/plugins\/seo\/ -->\n<title>Reform der Pflegeausbildung vom Bundestag verabschiedet. \/ Euro Akademie Magazin<\/title>\n<meta name=\"description\" content=\"Das Ringen um die Gestaltung der generalistischen Pflegeausbildung hat nun ein Ende. Am 22. Juni stimmte der Bundestag dem neuen Pflegeberufegesetz zu.\" \/>\n<meta name=\"robots\" content=\"index, follow, max-snippet:-1, max-image-preview:large, max-video-preview:-1\" \/>\n<link rel=\"canonical\" href=\"https:\/\/www.euroakademie.de\/magazin\/reform-der-pflegeausbildung-verabschiedet\/\" \/>\n<meta property=\"og:locale\" content=\"de_DE\" \/>\n<meta property=\"og:type\" content=\"article\" \/>\n<meta property=\"og:title\" content=\"Reform der Pflegeausbildung vom Bundestag verabschiedet. \/ Euro Akademie Magazin\" \/>\n<meta property=\"og:description\" content=\"Das Ringen um die Gestaltung der generalistischen Pflegeausbildung hat nun ein Ende. Am 22. Juni stimmte der Bundestag dem neuen Pflegeberufegesetz zu.\" \/>\n<meta property=\"og:url\" content=\"https:\/\/www.euroakademie.de\/magazin\/reform-der-pflegeausbildung-verabschiedet\/\" \/>\n<meta property=\"og:site_name\" content=\"Das Euro Akademie Magazin\" \/>\n<meta property=\"article:published_time\" content=\"2017-07-19T06:00:25+00:00\" \/>\n<meta property=\"article:modified_time\" content=\"2024-11-19T14:33:14+00:00\" \/>\n<meta property=\"og:image\" content=\"https:\/\/www.euroakademie.de\/magazin\/wp-content\/uploads\/2017\/07\/42-22558389-702x336-web.jpg\" \/>\n\t<meta property=\"og:image:width\" content=\"702\" \/>\n\t<meta property=\"og:image:height\" content=\"336\" \/>\n\t<meta property=\"og:image:type\" content=\"image\/jpeg\" \/>\n<meta name=\"author\" content=\"Tanja H\u00f6fling\" \/>\n<meta name=\"twitter:card\" content=\"summary_large_image\" \/>\n<meta name=\"twitter:label1\" content=\"Verfasst von\" \/>\n\t<meta name=\"twitter:data1\" content=\"Tanja H\u00f6fling\" \/>\n\t<meta name=\"twitter:label2\" content=\"Gesch\u00e4tzte Lesezeit\" \/>\n\t<meta name=\"twitter:data2\" content=\"2\u00a0Minuten\" \/>\n<script type=\"application\/ld+json\" class=\"yoast-schema-graph\">{\"@context\":\"https:\/\/schema.org\",\"@graph\":[{\"@type\":\"Article\",\"@id\":\"https:\/\/www.euroakademie.de\/magazin\/reform-der-pflegeausbildung-verabschiedet\/#article\",\"isPartOf\":{\"@id\":\"https:\/\/www.euroakademie.de\/magazin\/reform-der-pflegeausbildung-verabschiedet\/\"},\"author\":{\"name\":\"Tanja H\u00f6fling\",\"@id\":\"https:\/\/www.euroakademie.de\/magazin\/#\/schema\/person\/2c0d3896d19e86373c87f4ac022d4919\"},\"headline\":\"Reform der Pflegeausbildung vom Bundestag verabschiedet\",\"datePublished\":\"2017-07-19T06:00:25+00:00\",\"dateModified\":\"2024-11-19T14:33:14+00:00\",\"mainEntityOfPage\":{\"@id\":\"https:\/\/www.euroakademie.de\/magazin\/reform-der-pflegeausbildung-verabschiedet\/\"},\"wordCount\":338,\"publisher\":{\"@id\":\"https:\/\/www.euroakademie.de\/magazin\/#organization\"},\"image\":{\"@id\":\"https:\/\/www.euroakademie.de\/magazin\/reform-der-pflegeausbildung-verabschiedet\/#primaryimage\"},\"thumbnailUrl\":\"https:\/\/www.euroakademie.de\/magazin\/wp-content\/uploads\/2017\/07\/42-22558389-702x336-web.jpg\",\"keywords\":[\"Altenpflege\",\"Bundestag\",\"Fachkr\u00e4fte\",\"Generalisierte Ausbildung\",\"Kinderkrankenpflege\",\"Pflegeberufe\",\"Pflegeberufegesetz\",\"Pflegefachfrau\",\"Pflegefachmann\",\"Qualifikation\",\"Reform\"],\"articleSection\":[\"Branchennews\",\"Gesundheit &amp; Pflege\"],\"inLanguage\":\"de\"},{\"@type\":\"WebPage\",\"@id\":\"https:\/\/www.euroakademie.de\/magazin\/reform-der-pflegeausbildung-verabschiedet\/\",\"url\":\"https:\/\/www.euroakademie.de\/magazin\/reform-der-pflegeausbildung-verabschiedet\/\",\"name\":\"Reform der Pflegeausbildung vom Bundestag verabschiedet. \/ Euro Akademie Magazin\",\"isPartOf\":{\"@id\":\"https:\/\/www.euroakademie.de\/magazin\/#website\"},\"primaryImageOfPage\":{\"@id\":\"https:\/\/www.euroakademie.de\/magazin\/reform-der-pflegeausbildung-verabschiedet\/#primaryimage\"},\"image\":{\"@id\":\"https:\/\/www.euroakademie.de\/magazin\/reform-der-pflegeausbildung-verabschiedet\/#primaryimage\"},\"thumbnailUrl\":\"https:\/\/www.euroakademie.de\/magazin\/wp-content\/uploads\/2017\/07\/42-22558389-702x336-web.jpg\",\"datePublished\":\"2017-07-19T06:00:25+00:00\",\"dateModified\":\"2024-11-19T14:33:14+00:00\",\"description\":\"Das Ringen um die Gestaltung der generalistischen Pflegeausbildung hat nun ein Ende. Am 22. Juni stimmte der Bundestag dem neuen Pflegeberufegesetz zu.\",\"breadcrumb\":{\"@id\":\"https:\/\/www.euroakademie.de\/magazin\/reform-der-pflegeausbildung-verabschiedet\/#breadcrumb\"},\"inLanguage\":\"de\",\"potentialAction\":[{\"@type\":\"ReadAction\",\"target\":[\"https:\/\/www.euroakademie.de\/magazin\/reform-der-pflegeausbildung-verabschiedet\/\"]}]},{\"@type\":\"ImageObject\",\"inLanguage\":\"de\",\"@id\":\"https:\/\/www.euroakademie.de\/magazin\/reform-der-pflegeausbildung-verabschiedet\/#primaryimage\",\"url\":\"https:\/\/www.euroakademie.de\/magazin\/wp-content\/uploads\/2017\/07\/42-22558389-702x336-web.jpg\",\"contentUrl\":\"https:\/\/www.euroakademie.de\/magazin\/wp-content\/uploads\/2017\/07\/42-22558389-702x336-web.jpg\",\"width\":702,\"height\":336,\"caption\":\"\"},{\"@type\":\"BreadcrumbList\",\"@id\":\"https:\/\/www.euroakademie.de\/magazin\/reform-der-pflegeausbildung-verabschiedet\/#breadcrumb\",\"itemListElement\":[{\"@type\":\"ListItem\",\"position\":1,\"name\":\"Startseite\",\"item\":\"https:\/\/www.euroakademie.de\/magazin\/\"},{\"@type\":\"ListItem\",\"position\":2,\"name\":\"Reform der Pflegeausbildung vom Bundestag verabschiedet\"}]},{\"@type\":\"WebSite\",\"@id\":\"https:\/\/www.euroakademie.de\/magazin\/#website\",\"url\":\"https:\/\/www.euroakademie.de\/magazin\/\",\"name\":\"Das Euro Akademie Magazin\",\"description\":\"Gut informiert durch Ausbildung und Studium\",\"publisher\":{\"@id\":\"https:\/\/www.euroakademie.de\/magazin\/#organization\"},\"potentialAction\":[{\"@type\":\"SearchAction\",\"target\":{\"@type\":\"EntryPoint\",\"urlTemplate\":\"https:\/\/www.euroakademie.de\/magazin\/?s={search_term_string}\"},\"query-input\":{\"@type\":\"PropertyValueSpecification\",\"valueRequired\":true,\"valueName\":\"search_term_string\"}}],\"inLanguage\":\"de\"},{\"@type\":\"Organization\",\"@id\":\"https:\/\/www.euroakademie.de\/magazin\/#organization\",\"name\":\"ESO Education Group\",\"url\":\"https:\/\/www.euroakademie.de\/magazin\/\",\"logo\":{\"@type\":\"ImageObject\",\"inLanguage\":\"de\",\"@id\":\"https:\/\/www.euroakademie.de\/magazin\/#\/schema\/logo\/image\/\",\"url\":\"https:\/\/relaunch.euroakademie.de\/magazin\/wp-content\/uploads\/2024\/11\/Logo_EA_negativ_Rahmen_5cm_300dpi_RGB.jpg\",\"contentUrl\":\"https:\/\/relaunch.euroakademie.de\/magazin\/wp-content\/uploads\/2024\/11\/Logo_EA_negativ_Rahmen_5cm_300dpi_RGB.jpg\",\"width\":591,\"height\":236,\"caption\":\"ESO Education Group\"},\"image\":{\"@id\":\"https:\/\/www.euroakademie.de\/magazin\/#\/schema\/logo\/image\/\"}},{\"@type\":\"Person\",\"@id\":\"https:\/\/www.euroakademie.de\/magazin\/#\/schema\/person\/2c0d3896d19e86373c87f4ac022d4919\",\"name\":\"Tanja H\u00f6fling\",\"description\":\"Von Juli 2017 bis Juli 2022 informierte die ehemalige Online-Redakteurin des Euro Akademie Magazins regelm\u00e4\u00dfig \u00fcber Aktuelles und Wissenswertes zu den Themen Ausbildung, Studium und Beruf.\",\"url\":\"https:\/\/www.euroakademie.de\/magazin\/author\/hoeflingt\/\"}]}<\/script>\n<!-- \/ Yoast SEO plugin. -->","yoast_head_json":{"title":"Reform der Pflegeausbildung vom Bundestag verabschiedet. \/ Euro Akademie Magazin","description":"Das Ringen um die Gestaltung der generalistischen Pflegeausbildung hat nun ein Ende. Am 22. Juni stimmte der Bundestag dem neuen Pflegeberufegesetz zu.","robots":{"index":"index","follow":"follow","max-snippet":"max-snippet:-1","max-image-preview":"max-image-preview:large","max-video-preview":"max-video-preview:-1"},"canonical":"https:\/\/www.euroakademie.de\/magazin\/reform-der-pflegeausbildung-verabschiedet\/","og_locale":"de_DE","og_type":"article","og_title":"Reform der Pflegeausbildung vom Bundestag verabschiedet. \/ Euro Akademie Magazin","og_description":"Das Ringen um die Gestaltung der generalistischen Pflegeausbildung hat nun ein Ende. Am 22. Juni stimmte der Bundestag dem neuen Pflegeberufegesetz zu.","og_url":"https:\/\/www.euroakademie.de\/magazin\/reform-der-pflegeausbildung-verabschiedet\/","og_site_name":"Das Euro Akademie Magazin","article_published_time":"2017-07-19T06:00:25+00:00","article_modified_time":"2024-11-19T14:33:14+00:00","og_image":[{"width":702,"height":336,"url":"https:\/\/www.euroakademie.de\/magazin\/wp-content\/uploads\/2017\/07\/42-22558389-702x336-web.jpg","type":"image\/jpeg"}],"author":"Tanja H\u00f6fling","twitter_card":"summary_large_image","twitter_misc":{"Verfasst von":"Tanja H\u00f6fling","Gesch\u00e4tzte Lesezeit":"2\u00a0Minuten"},"schema":{"@context":"https:\/\/schema.org","@graph":[{"@type":"Article","@id":"https:\/\/www.euroakademie.de\/magazin\/reform-der-pflegeausbildung-verabschiedet\/#article","isPartOf":{"@id":"https:\/\/www.euroakademie.de\/magazin\/reform-der-pflegeausbildung-verabschiedet\/"},"author":{"name":"Tanja H\u00f6fling","@id":"https:\/\/www.euroakademie.de\/magazin\/#\/schema\/person\/2c0d3896d19e86373c87f4ac022d4919"},"headline":"Reform der Pflegeausbildung vom Bundestag verabschiedet","datePublished":"2017-07-19T06:00:25+00:00","dateModified":"2024-11-19T14:33:14+00:00","mainEntityOfPage":{"@id":"https:\/\/www.euroakademie.de\/magazin\/reform-der-pflegeausbildung-verabschiedet\/"},"wordCount":338,"publisher":{"@id":"https:\/\/www.euroakademie.de\/magazin\/#organization"},"image":{"@id":"https:\/\/www.euroakademie.de\/magazin\/reform-der-pflegeausbildung-verabschiedet\/#primaryimage"},"thumbnailUrl":"https:\/\/www.euroakademie.de\/magazin\/wp-content\/uploads\/2017\/07\/42-22558389-702x336-web.jpg","keywords":["Altenpflege","Bundestag","Fachkr\u00e4fte","Generalisierte Ausbildung","Kinderkrankenpflege","Pflegeberufe","Pflegeberufegesetz","Pflegefachfrau","Pflegefachmann","Qualifikation","Reform"],"articleSection":["Branchennews","Gesundheit &amp; Pflege"],"inLanguage":"de"},{"@type":"WebPage","@id":"https:\/\/www.euroakademie.de\/magazin\/reform-der-pflegeausbildung-verabschiedet\/","url":"https:\/\/www.euroakademie.de\/magazin\/reform-der-pflegeausbildung-verabschiedet\/","name":"Reform der Pflegeausbildung vom Bundestag verabschiedet. \/ Euro Akademie Magazin","isPartOf":{"@id":"https:\/\/www.euroakademie.de\/magazin\/#website"},"primaryImageOfPage":{"@id":"https:\/\/www.euroakademie.de\/magazin\/reform-der-pflegeausbildung-verabschiedet\/#primaryimage"},"image":{"@id":"https:\/\/www.euroakademie.de\/magazin\/reform-der-pflegeausbildung-verabschiedet\/#primaryimage"},"thumbnailUrl":"https:\/\/www.euroakademie.de\/magazin\/wp-content\/uploads\/2017\/07\/42-22558389-702x336-web.jpg","datePublished":"2017-07-19T06:00:25+00:00","dateModified":"2024-11-19T14:33:14+00:00","description":"Das Ringen um die Gestaltung der generalistischen Pflegeausbildung hat nun ein Ende. Am 22. Juni stimmte der Bundestag dem neuen Pflegeberufegesetz zu.","breadcrumb":{"@id":"https:\/\/www.euroakademie.de\/magazin\/reform-der-pflegeausbildung-verabschiedet\/#breadcrumb"},"inLanguage":"de","potentialAction":[{"@type":"ReadAction","target":["https:\/\/www.euroakademie.de\/magazin\/reform-der-pflegeausbildung-verabschiedet\/"]}]},{"@type":"ImageObject","inLanguage":"de","@id":"https:\/\/www.euroakademie.de\/magazin\/reform-der-pflegeausbildung-verabschiedet\/#primaryimage","url":"https:\/\/www.euroakademie.de\/magazin\/wp-content\/uploads\/2017\/07\/42-22558389-702x336-web.jpg","contentUrl":"https:\/\/www.euroakademie.de\/magazin\/wp-content\/uploads\/2017\/07\/42-22558389-702x336-web.jpg","width":702,"height":336,"caption":""},{"@type":"BreadcrumbList","@id":"https:\/\/www.euroakademie.de\/magazin\/reform-der-pflegeausbildung-verabschiedet\/#breadcrumb","itemListElement":[{"@type":"ListItem","position":1,"name":"Startseite","item":"https:\/\/www.euroakademie.de\/magazin\/"},{"@type":"ListItem","position":2,"name":"Reform der Pflegeausbildung vom Bundestag verabschiedet"}]},{"@type":"WebSite","@id":"https:\/\/www.euroakademie.de\/magazin\/#website","url":"https:\/\/www.euroakademie.de\/magazin\/","name":"Das Euro Akademie Magazin","description":"Gut informiert durch Ausbildung und Studium","publisher":{"@id":"https:\/\/www.euroakademie.de\/magazin\/#organization"},"potentialAction":[{"@type":"SearchAction","target":{"@type":"EntryPoint","urlTemplate":"https:\/\/www.euroakademie.de\/magazin\/?s={search_term_string}"},"query-input":{"@type":"PropertyValueSpecification","valueRequired":true,"valueName":"search_term_string"}}],"inLanguage":"de"},{"@type":"Organization","@id":"https:\/\/www.euroakademie.de\/magazin\/#organization","name":"ESO Education Group","url":"https:\/\/www.euroakademie.de\/magazin\/","logo":{"@type":"ImageObject","inLanguage":"de","@id":"https:\/\/www.euroakademie.de\/magazin\/#\/schema\/logo\/image\/","url":"https:\/\/relaunch.euroakademie.de\/magazin\/wp-content\/uploads\/2024\/11\/Logo_EA_negativ_Rahmen_5cm_300dpi_RGB.jpg","contentUrl":"https:\/\/relaunch.euroakademie.de\/magazin\/wp-content\/uploads\/2024\/11\/Logo_EA_negativ_Rahmen_5cm_300dpi_RGB.jpg","width":591,"height":236,"caption":"ESO Education Group"},"image":{"@id":"https:\/\/www.euroakademie.de\/magazin\/#\/schema\/logo\/image\/"}},{"@type":"Person","@id":"https:\/\/www.euroakademie.de\/magazin\/#\/schema\/person\/2c0d3896d19e86373c87f4ac022d4919","name":"Tanja H\u00f6fling","description":"Von Juli 2017 bis Juli 2022 informierte die ehemalige Online-Redakteurin des Euro Akademie Magazins regelm\u00e4\u00dfig \u00fcber Aktuelles und Wissenswertes zu den Themen Ausbildung, Studium und Beruf.","url":"https:\/\/www.euroakademie.de\/magazin\/author\/hoeflingt\/"}]}},"_links":{"self":[{"href":"https:\/\/www.euroakademie.de\/magazin\/wp-json\/wp\/v2\/posts\/5593","targetHints":{"allow":["GET"]}}],"collection":[{"href":"https:\/\/www.euroakademie.de\/magazin\/wp-json\/wp\/v2\/posts"}],"about":[{"href":"https:\/\/www.euroakademie.de\/magazin\/wp-json\/wp\/v2\/types\/post"}],"author":[{"embeddable":true,"href":"https:\/\/www.euroakademie.de\/magazin\/wp-json\/wp\/v2\/users\/58"}],"replies":[{"embeddable":true,"href":"https:\/\/www.euroakademie.de\/magazin\/wp-json\/wp\/v2\/comments?post=5593"}],"version-history":[{"count":1,"href":"https:\/\/www.euroakademie.de\/magazin\/wp-json\/wp\/v2\/posts\/5593\/revisions"}],"predecessor-version":[{"id":23667,"href":"https:\/\/www.euroakademie.de\/magazin\/wp-json\/wp\/v2\/posts\/5593\/revisions\/23667"}],"wp:featuredmedia":[{"embeddable":true,"href":"https:\/\/www.euroakademie.de\/magazin\/wp-json\/wp\/v2\/media\/6526"}],"wp:attachment":[{"href":"https:\/\/www.euroakademie.de\/magazin\/wp-json\/wp\/v2\/media?parent=5593"}],"wp:term":[{"taxonomy":"category","embeddable":true,"href":"https:\/\/www.euroakademie.de\/magazin\/wp-json\/wp\/v2\/categories?post=5593"},{"taxonomy":"post_tag","embeddable":true,"href":"https:\/\/www.euroakademie.de\/magazin\/wp-json\/wp\/v2\/tags?post=5593"}],"curies":[{"name":"wp","href":"https:\/\/api.w.org\/{rel}","templated":true}]}}