{"id":5763,"date":"2017-09-01T10:30:19","date_gmt":"2017-09-01T08:30:19","guid":{"rendered":"https:\/\/www.euroakademie.de\/magazin\/?p=5763"},"modified":"2024-12-09T09:48:18","modified_gmt":"2024-12-09T08:48:18","slug":"physiotherapeutin-im-interview","status":"publish","type":"post","link":"https:\/\/www.euroakademie.de\/magazin\/physiotherapeutin-im-interview\/","title":{"rendered":"Physiotherapeutin im Interview \u2013 \u201eEin unglaublich vielseitiger Beruf\u201c"},"content":{"rendered":"<p>\t\t\t\t<![CDATA[<strong>Physiotherapeuten helfen anderen Menschen wieder in Bewegung zu kommen. Aber nicht nur das, sie f\u00f6rdern durch ihre Behandlungen die Selbstst\u00e4ndigkeit ihrer Patienten, die manchmal durch einen Unfall oder eine Erkrankung verloren gegangen ist. Oft sind sie eine Anlaufstelle f\u00fcr chronische Schmerzpatienten.<\/strong>\n\nWas den Beruf des <a href=\"https:\/\/www.euroakademie.de\/de\/ausbildung\/gesundheit-pflege\/physiotherapeut.html\">Physiotherapeuten<\/a> ausmacht und wie der Berufsalltag aussieht, erfahren Sie in unserem Interview mit Christine Nissen, die seit elf Jahren als selbstst\u00e4ndige Physiotherapeutin in ihrer Praxis in Alzenau arbeitet.\n\n<em><strong>Warum sind Sie Physiotherapeutin geworden?<\/strong><\/em>\n\nIch wollte nach dem Abi erstmal etwas Praktisches machen, gern im medizinischen Bereich. Und ich suchte nach einem Beruf, in dem ich auch mit Familie stundenweise arbeiten kann. Falls das mit der Familie nicht klappen sollte, hatte ich vor, anschlie\u00dfend Medizin zu studieren. Ich geh\u00f6re einem der geburtenstarken Jahrg\u00e4nge an und musste einen kleinen Umweg machen, bevor ich endlich einen Ausbildungsplatz f\u00fcr Krankengymnastik (Anm. Red.: Berufsbezeichnung vor \u00c4nderung der Ausbildungsordnung 1994) bekam.\n\n<strong><em>Seit wann arbeiten Sie als Physiotherapeutin?<\/em><\/strong>\n\nIch arbeite seit 1990 als Krankengymnastin. Als meine beiden Kinder zur Welt kamen, habe ich jeweils eine Auszeit von einem Jahr gemacht, dann bin ich mit einem Minijob wieder eingestiegen. Vor elf Jahren habe ich mich selbstst\u00e4ndig gemacht.\n\n<strong><em>Arbeiten Sie schon immer in einer Praxis?<\/em><\/strong>\n\nZur Ausbildung geh\u00f6rte damals ein Anerkennungsjahr, das man im Krankenhaus absolvieren musste, danach habe ich nur noch in Praxen gearbeitet.\n\n<em><strong>Was ist anders an der Arbeit in einer Klinik im Vergleich zur Arbeit in der Praxis?<\/strong><\/em>\n\nMir war in der Klinik zu viel Leerlauf. Man ging zu dem Patienten ins Krankenzimmer, war ein paar Minuten am Arbeiten, meistens wurde dann die Behandlung schon wieder unterbrochen, weil der Patient zum Beispiel zu einer Untersuchung musste. So sind viele Leerzeiten entstanden, das fand ich ziemlich unbefriedigend.\n\n[caption id=\"attachment_5768\" align=\"alignleft\" width=\"200\"]<a href=\"https:\/\/relaunch.euroakademie.de\/magazin\/wp-content\/uploads\/2017\/09\/42-72739983_200x200_web.jpg\"><img decoding=\"async\" class=\"wp-image-5768 size-full\" src=\"https:\/\/relaunch.euroakademie.de\/magazin\/wp-content\/uploads\/2017\/09\/42-72739983_200x200_web.jpg\" alt=\"Gehschule\" width=\"200\" height=\"200\" srcset=\"https:\/\/www.euroakademie.de\/magazin\/wp-content\/uploads\/2017\/09\/42-72739983_200x200_web.jpg 200w, https:\/\/www.euroakademie.de\/magazin\/wp-content\/uploads\/2017\/09\/42-72739983_200x200_web-150x150.jpg 150w\" sizes=\"(max-width: 200px) 100vw, 200px\" \/><\/a> \u00a9 Wavebreak Media LTD\/Getty Images (ehem. Corbis)[\/caption]\n\nVielleicht ist das heute straffer organisiert, die Arbeit in der Klinik ist bei mir ja schon 27 Jahre her. Da ich vorher schon in einer Massagepraxis t\u00e4tig war, war ich ein anderes Arbeiten gewohnt. In der Praxis hat man einen klaren Zeitplan und die Patienten kommen in einer bestimmten Taktung, je nach Praxis dauert die Behandlung zwischen 20 und 30 Minuten. Au\u00dferdem&nbsp;sieht man den Patienten bis zu seiner Genesung. Bei manchen Verletzungen wird es erst richtig interessant, wenn der Patient wieder richtig belasten darf. Dann macht man fast kleine Sporteinheiten.\n\nIm Krankenhaus geht es meistens um die erste Mobilisation, Spannungs- und Atem\u00fcbungen, oder man zeigt gerade einmal das Laufen an Unterarmst\u00fctzen, dann wird der Patient entlassen. Anders ist es in einer Rehabilitationseinrichtung: Da ist man auch mehr oder weniger in einer Klinik, es geht aber darum, den Patienten wieder bis zur Alltagstauglichkeit oder Arbeitsf\u00e4higkeit zu trainieren.\n\n<em><strong>Was ist das Sch\u00f6nste am Beruf des Physiotherapeuten?<\/strong><\/em>\n\n[caption id=\"attachment_5767\" align=\"alignleft\" width=\"201\"]<a href=\"https:\/\/relaunch.euroakademie.de\/magazin\/wp-content\/uploads\/2017\/09\/42-34849430_200x200_web.jpg\"><\/a> \u00a9 Whisson\/Jordan\/Getty Images (ehem. Corbis)[\/caption]\n\nIch liebe es, mit Menschen zu arbeiten. Neben dem Krankheitsbild, ist die Pers\u00f6nlichkeit des Patienten entscheidend. Nur wenn ich wei\u00df, wo ich den Patienten abholen muss, kann ich erfolgreich therapieren. Die Arbeit ist abwechslungsreich. Je nachdem, wo man arbeitet, hat man unterschiedliche Herausforderungen \u2013 von der manuellen Arbeit am Patienten \u00fcber die Anleitung gymnastischer \u00dcbungen bis hin zu Hausbesuchen oder dem Training von Sportlern. Es ist ein unglaublich vielseitiger Beruf.\n\n<em><strong>Welche Erkrankungen und Beschwerden kommen am h\u00e4ufigsten vor?<\/strong><\/em>\n\nNat\u00fcrlich die Volkskrankheit R\u00fcckenschmerzen, mit Schwerpunkt im Halsbereich oder in der Lendenwirbels\u00e4ule. Aber im Gro\u00dfen und Ganzen kommen bei mir neben R\u00fcckenpatienten viele Patienten mit Schulterbeschwerden und Knochenbr\u00fcchen in die Praxis \u2013 zurzeit habe ich mehrere Patienten mit einer Handgelenksfraktur in Behandlung. Au\u00dferdem, da wir auch Lymphdrainage anbieten, Patienten mit Stauungsproblematiken \u2013 &nbsp;meist als Folge einer Krebserkrankung.\n\n<strong><em>Wie l\u00e4uft eine physiotherapeutische Behandlung ab und wie lange kommen die Patienten im Durchschnitt zu Ihnen?<\/em><\/strong>\n\nBeim ersten Behandlungstermin wird, nach Studieren des Rezeptes, eine Anamnese (Anm. Red.: Krankheitsgeschichte) erstellt. Was, wann, wo, wie lange \u2013 man versucht sich m\u00f6glichst ein genaues Bild der Beschwerden zu machen. Nach der Anamnese werden einige Tests durchgef\u00fchrt. Dann hat man meist eine Idee und einen Plan im Kopf, wie man das Problem in den Griff bekommen kann.\n\n[caption id=\"attachment_5770\" align=\"alignleft\" width=\"200\"]<a href=\"https:\/\/relaunch.euroakademie.de\/magazin\/wp-content\/uploads\/2017\/09\/42-19631590_200x200_web.jpg\"><img decoding=\"async\" class=\"wp-image-5770 size-full\" src=\"https:\/\/relaunch.euroakademie.de\/magazin\/wp-content\/uploads\/2017\/09\/42-19631590_200x200_web.jpg\" alt=\"manuelle physiotherapeutische Behandlung\" width=\"200\" height=\"201\" srcset=\"https:\/\/www.euroakademie.de\/magazin\/wp-content\/uploads\/2017\/09\/42-19631590_200x200_web.jpg 200w, https:\/\/www.euroakademie.de\/magazin\/wp-content\/uploads\/2017\/09\/42-19631590_200x200_web-150x151.jpg 150w\" sizes=\"(max-width: 200px) 100vw, 200px\" \/><\/a> \u00a9 Whisson\/Jordan\/Getty Images (ehem. Corbis)[\/caption]\n\nOft ist das ein flie\u00dfender \u00dcbergang zwischen Behandlung, Befragung und Testen. Bei der zweiten Behandlung wei\u00df man meist schon, ob die Richtung stimmt \u2013 wichtig ist, dass erstmal keine Verschlechterung eingetreten ist. Je nach Beschwerdebild gibt es, wenn man auf dem richtigen Weg ist, eine Erleichterung. Es ist wichtig, immer wieder mit dem Patienten zu reden und nachzufragen beziehungsweise die Diagnostik zu erweitern.\n\nIn der Regel bekommen die Patienten zwei Rezepte, das sind 12 Behandlungseinheiten. Das meiste ist durch den Heilmittelkatalog festgelegt. 18 Behandlungen sind bei normalen Beschwerden das Maximum, dann muss ein Patient 12 Wochen Pause machen, bevor er bei gleicher Diagnose eine neue Behandlung bekommen darf. Ein Drittel der Patienten kommen aber als sogenannte Dauerpatienten, das sind Patienten mit chronischen Erkrankungen. Meistens nach einer Krebserkrankung, bei denen es zu Stauungsproblematiken kommen kann. Aber auch Menschen nach Schlaganfall oder anderen chronischen Leiden. Hier geht es dann um den Erhalt der Selbst\u00e4ndigkeit beziehungsweise der Verhinderung noch gr\u00f6\u00dferer Einschr\u00e4nkungen.\n\n<strong><em>Sie sind direkter Ansprechpartner der Patienten. Nehmen Sie viele Geschichten Ihrer Patienten mit nach Hause?<\/em><\/strong>\n\nJa, manche Schicksale gehen mir schon unter die Haut. Dann trage ich das schon ein paar Tage mit mir herum. Es tut dann gut, sich mit Kollegen auszutauschen. Nach ein paar Tagen finde ich meine professionelle Distanz wieder. Von vielen Dauerpatienten wei\u00df ich eine Menge \u00fcber ihr Leben \u2013 aber ehrlich gesagt \u2013 die auch von meinem.\n\n<em><strong>Was k\u00f6nnen Berufseinsteiger tun, um professionelle Distanz zu wahren und trotzdem ein offenes Ohr zu haben?<\/strong><\/em>\n\n[caption id=\"attachment_5769\" align=\"alignleft\" width=\"202\"]<a href=\"https:\/\/relaunch.euroakademie.de\/magazin\/wp-content\/uploads\/2017\/09\/42-69684744_200x200_web.jpg\"><img decoding=\"async\" class=\"wp-image-5769 size-full\" src=\"https:\/\/relaunch.euroakademie.de\/magazin\/wp-content\/uploads\/2017\/09\/42-69684744_200x200_web.jpg\" alt=\"Ansprechpartner f\u00fcr den Patienten\" width=\"202\" height=\"200\" srcset=\"https:\/\/www.euroakademie.de\/magazin\/wp-content\/uploads\/2017\/09\/42-69684744_200x200_web.jpg 202w, https:\/\/www.euroakademie.de\/magazin\/wp-content\/uploads\/2017\/09\/42-69684744_200x200_web-150x149.jpg 150w\" sizes=\"(max-width: 202px) 100vw, 202px\" \/><\/a> \u00a9 Wavebreak Media LTD\/Getty Images (ehem. Corbis)[\/caption]\n\nOh je, ich glaube, das ist sehr individuell. Man lernt mitunter in der Ausbildung schon sich abzugrenzen. Wo ist mein Bereich? Manchmal muss man schon aufpassen, dass man nicht \u201causgesaugt\u201c wird. Zuh\u00f6ren und das Problem bei dem lassen, dem es geh\u00f6rt. Ich kann als Therapeut nicht die Probleme der Welt l\u00f6sen und darin bin ich auch nicht ausgebildet. Wir sind Physiotherapeuten, keine Psychologen.\n\n<strong><em>Als Physiotherapeut muss man sich immer wieder fortbilden. Welche Fortbildungen haben Sie bereits absolviert und warum sind die Fortbildungen so wichtig?<\/em><\/strong>\n\nIch habe im Laufe meiner T\u00e4tigkeit schon ziemlich viele Fortbildungen gemacht. Angefangen mit Manueller Lymphdrainage \u00fcber Cyriax, Manuelle Therapie und Sportphysiotherapie bis hin zu Br\u00fcgger und Osteopathie. Au\u00dferdem war ich immer wieder auf Kongressen und keinen Fortbildungen vor Ort. Wir haben ein paar Kollegen, die am Untermain solche Veranstaltungen organisieren.\n\nIch gehe gerne zu Fortbildungen, um neuen Input zu bekommen. Jeder Therapeut hat bestimmte Handgriffe und \u00dcbungen, die ihm liegen und andere, die hinten\u00fcberfallen. Es ist gut, immer mal wieder aus seinem Trott herauszukommen und sich mit Neuem auseinanderzusetzen. So entwickelt sich langsam aber sicher ein ausgewogener Therapiestil.\n\n<em><strong>Als Physiotherapeut arbeiten Sie in erster Linie k\u00f6rperlich, um Ihren Patienten zu helfen. Wie halten Sie sich fit?<\/strong><\/em>\n\nIch bin ein Bewegungsmensch, fr\u00fcher war ich zwei bis drei Mal die Woche Joggen. Habe Kinderturnen unterrichtet und mich dabei selber fit und beweglich gehalten. Eine Zeitlang habe ich Aquajogging gemacht, au\u00dferdem spiele ich regelm\u00e4\u00dfig Tennis. Am Wochenende bin ich mit meinem Mann Radfahren oder wir machen gro\u00dfe Spazierg\u00e4nge. Mit zunehmendem Alter mache ich auch Gymnastik und leichtes Krafttraining \u2013 vorgenommen habe ich mir zwei Einheiten die Woche, da k\u00f6nnte ich etwas konsequenter sein.\n\n<strong><em>Welche drei Eigenschaften sollte man als Physiotherapeut unbedingt mitbringen?<\/em><\/strong>\n\nIch pers\u00f6nlich halte eine grundlegende Sportlichkeit f\u00fcr wichtig. Au\u00dferdem sollte man ein Gef\u00fchl f\u00fcr Bewegung haben, Spa\u00df am Umgang mit Menschen sowie die F\u00e4higkeit auf Menschen zuzugehen.\n\n<strong><em>Wenn Sie drei W\u00fcnsche frei h\u00e4tten, was w\u00fcrden Sie sich f\u00fcr Ihren Arbeitsalltag w\u00fcnschen?<\/em><\/strong>\n\nImmer genug Zeit f\u00fcr alle Patienten zu haben. Etwas weniger B\u00fcrokratie in unserem Beruf und eine bessere Bezahlung, damit uns nicht der Nachwuchs fl\u00f6ten geht. Im Moment gibt es kaum freie Kollegen auf dem Arbeitsmarkt.\n\n<em><strong>Vielen Dank f\u00fcr das Interview, Frau Nissen!<\/strong><\/em>\n\n\n<h3>Sie haben Interesse an diesem spannenden Zukunftsberuf?<\/h3>\n\n\nInformieren Sie sich \u00fcber die <a href=\"https:\/\/www.euroakademie.de\/ausbildung\/gesundheit-pflege\/physiotherapeut.html\" target=\"_blank\" rel=\"noopener noreferrer\">Ausbildung zum Physiotherapeuten<\/a> oder zum <a href=\"https:\/\/www.euroakademie.de\/de\/ausbildung\/gesundheit-pflege\/masseur-und-med-bademeister.html\" target=\"_blank\" rel=\"noopener noreferrer\">Masseur und medizinischen Bademeister<\/a> an der Euro Akademie.]]>\t\t<\/p>\n","protected":false},"excerpt":{"rendered":"<p>\t\t\t\t<![CDATA[]]>\t\t<\/p>\n","protected":false},"author":58,"featured_media":6487,"comment_status":"closed","ping_status":"closed","sticky":false,"template":"","format":"standard","meta":{"footnotes":""},"categories":[16,121],"tags":[1102,1324,3805,4816,6277,6490,6499,6634,6928,8386],"class_list":{"0":"post-5763","1":"post","2":"type-post","3":"status-publish","4":"format-standard","5":"has-post-thumbnail","7":"category-gesundheit-pflege","8":"category-im-gespraech","9":"tag-behandlung","10":"tag-bewegung","11":"tag-gymnastik","12":"tag-krankenhaus","13":"tag-patienten","14":"tag-physiotherapeut","15":"tag-physiotherapie","16":"tag-praxis","17":"tag-rehabilitation","18":"tag-training"},"yoast_head":"<!-- This site is optimized with the Yoast SEO plugin v23.5 - https:\/\/yoast.com\/wordpress\/plugins\/seo\/ -->\n<title>Physiotherapeutin im Interview \u2013 &quot;Ein unglaublich vielseitiger Beruf&quot; \/ Euro Akademie Magazin<\/title>\n<meta name=\"description\" content=\"Physiotherapeuten helfen Menschen in Bewegung zu kommen. F\u00f6rdern die Selbstst\u00e4ndigkeit ihrer Patienten, die durch eine Erkrankung verloren gegangen ist.\" \/>\n<meta name=\"robots\" content=\"index, follow, max-snippet:-1, max-image-preview:large, max-video-preview:-1\" \/>\n<link rel=\"canonical\" href=\"https:\/\/www.euroakademie.de\/magazin\/physiotherapeutin-im-interview\/\" \/>\n<meta property=\"og:locale\" content=\"de_DE\" \/>\n<meta property=\"og:type\" content=\"article\" \/>\n<meta property=\"og:title\" content=\"Physiotherapeutin im Interview \u2013 &quot;Ein unglaublich vielseitiger Beruf&quot; \/ Euro Akademie Magazin\" \/>\n<meta property=\"og:description\" content=\"Physiotherapeuten helfen Menschen in Bewegung zu kommen. F\u00f6rdern die Selbstst\u00e4ndigkeit ihrer Patienten, die durch eine Erkrankung verloren gegangen ist.\" \/>\n<meta property=\"og:url\" content=\"https:\/\/www.euroakademie.de\/magazin\/physiotherapeutin-im-interview\/\" \/>\n<meta property=\"og:site_name\" content=\"Das Euro Akademie Magazin\" \/>\n<meta property=\"article:published_time\" content=\"2017-09-01T08:30:19+00:00\" \/>\n<meta property=\"article:modified_time\" content=\"2024-12-09T08:48:18+00:00\" \/>\n<meta property=\"og:image\" content=\"https:\/\/www.euroakademie.de\/magazin\/wp-content\/uploads\/2017\/09\/42-57694140_702x336_web.jpg\" \/>\n\t<meta property=\"og:image:width\" content=\"702\" \/>\n\t<meta property=\"og:image:height\" content=\"336\" \/>\n\t<meta property=\"og:image:type\" content=\"image\/jpeg\" \/>\n<meta name=\"author\" content=\"Tanja H\u00f6fling\" \/>\n<meta name=\"twitter:card\" content=\"summary_large_image\" \/>\n<meta name=\"twitter:label1\" content=\"Verfasst von\" \/>\n\t<meta name=\"twitter:data1\" content=\"Tanja H\u00f6fling\" \/>\n\t<meta name=\"twitter:label2\" content=\"Gesch\u00e4tzte Lesezeit\" \/>\n\t<meta name=\"twitter:data2\" content=\"7\u00a0Minuten\" \/>\n<script type=\"application\/ld+json\" class=\"yoast-schema-graph\">{\"@context\":\"https:\/\/schema.org\",\"@graph\":[{\"@type\":\"Article\",\"@id\":\"https:\/\/www.euroakademie.de\/magazin\/physiotherapeutin-im-interview\/#article\",\"isPartOf\":{\"@id\":\"https:\/\/www.euroakademie.de\/magazin\/physiotherapeutin-im-interview\/\"},\"author\":{\"name\":\"Tanja H\u00f6fling\",\"@id\":\"https:\/\/www.euroakademie.de\/magazin\/#\/schema\/person\/2c0d3896d19e86373c87f4ac022d4919\"},\"headline\":\"Physiotherapeutin im Interview \u2013 \u201eEin unglaublich vielseitiger Beruf\u201c\",\"datePublished\":\"2017-09-01T08:30:19+00:00\",\"dateModified\":\"2024-12-09T08:48:18+00:00\",\"mainEntityOfPage\":{\"@id\":\"https:\/\/www.euroakademie.de\/magazin\/physiotherapeutin-im-interview\/\"},\"wordCount\":1395,\"publisher\":{\"@id\":\"https:\/\/www.euroakademie.de\/magazin\/#organization\"},\"image\":{\"@id\":\"https:\/\/www.euroakademie.de\/magazin\/physiotherapeutin-im-interview\/#primaryimage\"},\"thumbnailUrl\":\"https:\/\/www.euroakademie.de\/magazin\/wp-content\/uploads\/2017\/09\/42-57694140_702x336_web.jpg\",\"keywords\":[\"Behandlung\",\"Bewegung\",\"Gymnastik\",\"Krankenhaus\",\"Patienten\",\"Physiotherapeut\",\"Physiotherapie\",\"Praxis\",\"Rehabilitation\",\"Training\"],\"articleSection\":[\"Gesundheit &amp; Pflege\",\"Im Gespr\u00e4ch\"],\"inLanguage\":\"de\"},{\"@type\":\"WebPage\",\"@id\":\"https:\/\/www.euroakademie.de\/magazin\/physiotherapeutin-im-interview\/\",\"url\":\"https:\/\/www.euroakademie.de\/magazin\/physiotherapeutin-im-interview\/\",\"name\":\"Physiotherapeutin im Interview \u2013 \\\"Ein unglaublich vielseitiger Beruf\\\" \/ Euro Akademie Magazin\",\"isPartOf\":{\"@id\":\"https:\/\/www.euroakademie.de\/magazin\/#website\"},\"primaryImageOfPage\":{\"@id\":\"https:\/\/www.euroakademie.de\/magazin\/physiotherapeutin-im-interview\/#primaryimage\"},\"image\":{\"@id\":\"https:\/\/www.euroakademie.de\/magazin\/physiotherapeutin-im-interview\/#primaryimage\"},\"thumbnailUrl\":\"https:\/\/www.euroakademie.de\/magazin\/wp-content\/uploads\/2017\/09\/42-57694140_702x336_web.jpg\",\"datePublished\":\"2017-09-01T08:30:19+00:00\",\"dateModified\":\"2024-12-09T08:48:18+00:00\",\"description\":\"Physiotherapeuten helfen Menschen in Bewegung zu kommen. F\u00f6rdern die Selbstst\u00e4ndigkeit ihrer Patienten, die durch eine Erkrankung verloren gegangen ist.\",\"breadcrumb\":{\"@id\":\"https:\/\/www.euroakademie.de\/magazin\/physiotherapeutin-im-interview\/#breadcrumb\"},\"inLanguage\":\"de\",\"potentialAction\":[{\"@type\":\"ReadAction\",\"target\":[\"https:\/\/www.euroakademie.de\/magazin\/physiotherapeutin-im-interview\/\"]}]},{\"@type\":\"ImageObject\",\"inLanguage\":\"de\",\"@id\":\"https:\/\/www.euroakademie.de\/magazin\/physiotherapeutin-im-interview\/#primaryimage\",\"url\":\"https:\/\/www.euroakademie.de\/magazin\/wp-content\/uploads\/2017\/09\/42-57694140_702x336_web.jpg\",\"contentUrl\":\"https:\/\/www.euroakademie.de\/magazin\/wp-content\/uploads\/2017\/09\/42-57694140_702x336_web.jpg\",\"width\":702,\"height\":336,\"caption\":\"\"},{\"@type\":\"BreadcrumbList\",\"@id\":\"https:\/\/www.euroakademie.de\/magazin\/physiotherapeutin-im-interview\/#breadcrumb\",\"itemListElement\":[{\"@type\":\"ListItem\",\"position\":1,\"name\":\"Startseite\",\"item\":\"https:\/\/www.euroakademie.de\/magazin\/\"},{\"@type\":\"ListItem\",\"position\":2,\"name\":\"Physiotherapeutin im Interview \u2013 \u201eEin unglaublich vielseitiger Beruf\u201c\"}]},{\"@type\":\"WebSite\",\"@id\":\"https:\/\/www.euroakademie.de\/magazin\/#website\",\"url\":\"https:\/\/www.euroakademie.de\/magazin\/\",\"name\":\"Das Euro Akademie Magazin\",\"description\":\"Gut informiert durch Ausbildung und Studium\",\"publisher\":{\"@id\":\"https:\/\/www.euroakademie.de\/magazin\/#organization\"},\"potentialAction\":[{\"@type\":\"SearchAction\",\"target\":{\"@type\":\"EntryPoint\",\"urlTemplate\":\"https:\/\/www.euroakademie.de\/magazin\/?s={search_term_string}\"},\"query-input\":{\"@type\":\"PropertyValueSpecification\",\"valueRequired\":true,\"valueName\":\"search_term_string\"}}],\"inLanguage\":\"de\"},{\"@type\":\"Organization\",\"@id\":\"https:\/\/www.euroakademie.de\/magazin\/#organization\",\"name\":\"ESO Education Group\",\"url\":\"https:\/\/www.euroakademie.de\/magazin\/\",\"logo\":{\"@type\":\"ImageObject\",\"inLanguage\":\"de\",\"@id\":\"https:\/\/www.euroakademie.de\/magazin\/#\/schema\/logo\/image\/\",\"url\":\"https:\/\/relaunch.euroakademie.de\/magazin\/wp-content\/uploads\/2024\/11\/Logo_EA_negativ_Rahmen_5cm_300dpi_RGB.jpg\",\"contentUrl\":\"https:\/\/relaunch.euroakademie.de\/magazin\/wp-content\/uploads\/2024\/11\/Logo_EA_negativ_Rahmen_5cm_300dpi_RGB.jpg\",\"width\":591,\"height\":236,\"caption\":\"ESO Education Group\"},\"image\":{\"@id\":\"https:\/\/www.euroakademie.de\/magazin\/#\/schema\/logo\/image\/\"}},{\"@type\":\"Person\",\"@id\":\"https:\/\/www.euroakademie.de\/magazin\/#\/schema\/person\/2c0d3896d19e86373c87f4ac022d4919\",\"name\":\"Tanja H\u00f6fling\",\"description\":\"Von Juli 2017 bis Juli 2022 informierte die ehemalige Online-Redakteurin des Euro Akademie Magazins regelm\u00e4\u00dfig \u00fcber Aktuelles und Wissenswertes zu den Themen Ausbildung, Studium und Beruf.\",\"url\":\"https:\/\/www.euroakademie.de\/magazin\/author\/hoeflingt\/\"}]}<\/script>\n<!-- \/ Yoast SEO plugin. -->","yoast_head_json":{"title":"Physiotherapeutin im Interview \u2013 \"Ein unglaublich vielseitiger Beruf\" \/ Euro Akademie Magazin","description":"Physiotherapeuten helfen Menschen in Bewegung zu kommen. F\u00f6rdern die Selbstst\u00e4ndigkeit ihrer Patienten, die durch eine Erkrankung verloren gegangen ist.","robots":{"index":"index","follow":"follow","max-snippet":"max-snippet:-1","max-image-preview":"max-image-preview:large","max-video-preview":"max-video-preview:-1"},"canonical":"https:\/\/www.euroakademie.de\/magazin\/physiotherapeutin-im-interview\/","og_locale":"de_DE","og_type":"article","og_title":"Physiotherapeutin im Interview \u2013 \"Ein unglaublich vielseitiger Beruf\" \/ Euro Akademie Magazin","og_description":"Physiotherapeuten helfen Menschen in Bewegung zu kommen. F\u00f6rdern die Selbstst\u00e4ndigkeit ihrer Patienten, die durch eine Erkrankung verloren gegangen ist.","og_url":"https:\/\/www.euroakademie.de\/magazin\/physiotherapeutin-im-interview\/","og_site_name":"Das Euro Akademie Magazin","article_published_time":"2017-09-01T08:30:19+00:00","article_modified_time":"2024-12-09T08:48:18+00:00","og_image":[{"width":702,"height":336,"url":"https:\/\/www.euroakademie.de\/magazin\/wp-content\/uploads\/2017\/09\/42-57694140_702x336_web.jpg","type":"image\/jpeg"}],"author":"Tanja H\u00f6fling","twitter_card":"summary_large_image","twitter_misc":{"Verfasst von":"Tanja H\u00f6fling","Gesch\u00e4tzte Lesezeit":"7\u00a0Minuten"},"schema":{"@context":"https:\/\/schema.org","@graph":[{"@type":"Article","@id":"https:\/\/www.euroakademie.de\/magazin\/physiotherapeutin-im-interview\/#article","isPartOf":{"@id":"https:\/\/www.euroakademie.de\/magazin\/physiotherapeutin-im-interview\/"},"author":{"name":"Tanja H\u00f6fling","@id":"https:\/\/www.euroakademie.de\/magazin\/#\/schema\/person\/2c0d3896d19e86373c87f4ac022d4919"},"headline":"Physiotherapeutin im Interview \u2013 \u201eEin unglaublich vielseitiger Beruf\u201c","datePublished":"2017-09-01T08:30:19+00:00","dateModified":"2024-12-09T08:48:18+00:00","mainEntityOfPage":{"@id":"https:\/\/www.euroakademie.de\/magazin\/physiotherapeutin-im-interview\/"},"wordCount":1395,"publisher":{"@id":"https:\/\/www.euroakademie.de\/magazin\/#organization"},"image":{"@id":"https:\/\/www.euroakademie.de\/magazin\/physiotherapeutin-im-interview\/#primaryimage"},"thumbnailUrl":"https:\/\/www.euroakademie.de\/magazin\/wp-content\/uploads\/2017\/09\/42-57694140_702x336_web.jpg","keywords":["Behandlung","Bewegung","Gymnastik","Krankenhaus","Patienten","Physiotherapeut","Physiotherapie","Praxis","Rehabilitation","Training"],"articleSection":["Gesundheit &amp; Pflege","Im Gespr\u00e4ch"],"inLanguage":"de"},{"@type":"WebPage","@id":"https:\/\/www.euroakademie.de\/magazin\/physiotherapeutin-im-interview\/","url":"https:\/\/www.euroakademie.de\/magazin\/physiotherapeutin-im-interview\/","name":"Physiotherapeutin im Interview \u2013 \"Ein unglaublich vielseitiger Beruf\" \/ Euro Akademie Magazin","isPartOf":{"@id":"https:\/\/www.euroakademie.de\/magazin\/#website"},"primaryImageOfPage":{"@id":"https:\/\/www.euroakademie.de\/magazin\/physiotherapeutin-im-interview\/#primaryimage"},"image":{"@id":"https:\/\/www.euroakademie.de\/magazin\/physiotherapeutin-im-interview\/#primaryimage"},"thumbnailUrl":"https:\/\/www.euroakademie.de\/magazin\/wp-content\/uploads\/2017\/09\/42-57694140_702x336_web.jpg","datePublished":"2017-09-01T08:30:19+00:00","dateModified":"2024-12-09T08:48:18+00:00","description":"Physiotherapeuten helfen Menschen in Bewegung zu kommen. F\u00f6rdern die Selbstst\u00e4ndigkeit ihrer Patienten, die durch eine Erkrankung verloren gegangen ist.","breadcrumb":{"@id":"https:\/\/www.euroakademie.de\/magazin\/physiotherapeutin-im-interview\/#breadcrumb"},"inLanguage":"de","potentialAction":[{"@type":"ReadAction","target":["https:\/\/www.euroakademie.de\/magazin\/physiotherapeutin-im-interview\/"]}]},{"@type":"ImageObject","inLanguage":"de","@id":"https:\/\/www.euroakademie.de\/magazin\/physiotherapeutin-im-interview\/#primaryimage","url":"https:\/\/www.euroakademie.de\/magazin\/wp-content\/uploads\/2017\/09\/42-57694140_702x336_web.jpg","contentUrl":"https:\/\/www.euroakademie.de\/magazin\/wp-content\/uploads\/2017\/09\/42-57694140_702x336_web.jpg","width":702,"height":336,"caption":""},{"@type":"BreadcrumbList","@id":"https:\/\/www.euroakademie.de\/magazin\/physiotherapeutin-im-interview\/#breadcrumb","itemListElement":[{"@type":"ListItem","position":1,"name":"Startseite","item":"https:\/\/www.euroakademie.de\/magazin\/"},{"@type":"ListItem","position":2,"name":"Physiotherapeutin im Interview \u2013 \u201eEin unglaublich vielseitiger Beruf\u201c"}]},{"@type":"WebSite","@id":"https:\/\/www.euroakademie.de\/magazin\/#website","url":"https:\/\/www.euroakademie.de\/magazin\/","name":"Das Euro Akademie Magazin","description":"Gut informiert durch Ausbildung und Studium","publisher":{"@id":"https:\/\/www.euroakademie.de\/magazin\/#organization"},"potentialAction":[{"@type":"SearchAction","target":{"@type":"EntryPoint","urlTemplate":"https:\/\/www.euroakademie.de\/magazin\/?s={search_term_string}"},"query-input":{"@type":"PropertyValueSpecification","valueRequired":true,"valueName":"search_term_string"}}],"inLanguage":"de"},{"@type":"Organization","@id":"https:\/\/www.euroakademie.de\/magazin\/#organization","name":"ESO Education Group","url":"https:\/\/www.euroakademie.de\/magazin\/","logo":{"@type":"ImageObject","inLanguage":"de","@id":"https:\/\/www.euroakademie.de\/magazin\/#\/schema\/logo\/image\/","url":"https:\/\/relaunch.euroakademie.de\/magazin\/wp-content\/uploads\/2024\/11\/Logo_EA_negativ_Rahmen_5cm_300dpi_RGB.jpg","contentUrl":"https:\/\/relaunch.euroakademie.de\/magazin\/wp-content\/uploads\/2024\/11\/Logo_EA_negativ_Rahmen_5cm_300dpi_RGB.jpg","width":591,"height":236,"caption":"ESO Education Group"},"image":{"@id":"https:\/\/www.euroakademie.de\/magazin\/#\/schema\/logo\/image\/"}},{"@type":"Person","@id":"https:\/\/www.euroakademie.de\/magazin\/#\/schema\/person\/2c0d3896d19e86373c87f4ac022d4919","name":"Tanja H\u00f6fling","description":"Von Juli 2017 bis Juli 2022 informierte die ehemalige Online-Redakteurin des Euro Akademie Magazins regelm\u00e4\u00dfig \u00fcber Aktuelles und Wissenswertes zu den Themen Ausbildung, Studium und Beruf.","url":"https:\/\/www.euroakademie.de\/magazin\/author\/hoeflingt\/"}]}},"_links":{"self":[{"href":"https:\/\/www.euroakademie.de\/magazin\/wp-json\/wp\/v2\/posts\/5763","targetHints":{"allow":["GET"]}}],"collection":[{"href":"https:\/\/www.euroakademie.de\/magazin\/wp-json\/wp\/v2\/posts"}],"about":[{"href":"https:\/\/www.euroakademie.de\/magazin\/wp-json\/wp\/v2\/types\/post"}],"author":[{"embeddable":true,"href":"https:\/\/www.euroakademie.de\/magazin\/wp-json\/wp\/v2\/users\/58"}],"replies":[{"embeddable":true,"href":"https:\/\/www.euroakademie.de\/magazin\/wp-json\/wp\/v2\/comments?post=5763"}],"version-history":[{"count":1,"href":"https:\/\/www.euroakademie.de\/magazin\/wp-json\/wp\/v2\/posts\/5763\/revisions"}],"predecessor-version":[{"id":26349,"href":"https:\/\/www.euroakademie.de\/magazin\/wp-json\/wp\/v2\/posts\/5763\/revisions\/26349"}],"wp:featuredmedia":[{"embeddable":true,"href":"https:\/\/www.euroakademie.de\/magazin\/wp-json\/wp\/v2\/media\/6487"}],"wp:attachment":[{"href":"https:\/\/www.euroakademie.de\/magazin\/wp-json\/wp\/v2\/media?parent=5763"}],"wp:term":[{"taxonomy":"category","embeddable":true,"href":"https:\/\/www.euroakademie.de\/magazin\/wp-json\/wp\/v2\/categories?post=5763"},{"taxonomy":"post_tag","embeddable":true,"href":"https:\/\/www.euroakademie.de\/magazin\/wp-json\/wp\/v2\/tags?post=5763"}],"curies":[{"name":"wp","href":"https:\/\/api.w.org\/{rel}","templated":true}]}}