{"id":5788,"date":"2017-09-15T08:40:26","date_gmt":"2017-09-15T06:40:26","guid":{"rendered":"https:\/\/www.euroakademie.de\/magazin\/?p=5788"},"modified":"2017-09-15T08:40:26","modified_gmt":"2017-09-15T06:40:26","slug":"die-ersten-100-tage-im-job","status":"publish","type":"post","link":"https:\/\/www.euroakademie.de\/magazin\/die-ersten-100-tage-im-job\/","title":{"rendered":"Die ersten 100 Tage im Job"},"content":{"rendered":"<p>\t\t\t\t<![CDATA[<strong>Der Arbeitsvertrag ist unterschrieben und das Berufsleben zum Greifen nahe. Meist bleibt noch etwas Zeit bis zum ersten Arbeitstag. Zeit, die Sie nutzen sollten, um noch einmal richtig auszuspannen und sich auf die neuen Aufgaben vorzubereiten.<\/strong>\n\nWenn Sie den unterzeichneten Arbeitsvertrag in Ihren H\u00e4nden halten, f\u00e4llt Ihnen sicherlich erst einmal ein Stein vom Herzen. Der Berufseinstieg ist geschafft. Doch mit dem Arbeitsbeginn ist noch ein halbes Jahr Probezeit zu meistern und um in diese gut zu starten, sollten Sie sich f\u00fcr den neuen Job bestm\u00f6glich pr\u00e4parieren.\n\n\n<h3>Wie bereite ich mich vor?<\/h3>\n\n\nDie Vorbereitung kann mit einer Recherche zum Unternehmen bzw. zum Arbeitsumfeld beginnen. Informationen zu Teamgr\u00f6\u00dfe, Altersstruktur und Ausbildungsstand der Kollegen k\u00f6nnen beim Einstieg helfen. Aber auch das Wissen um die Unternehmens- und F\u00fchrungskultur ist relevant. Leider k\u00f6nnen Sie bei Ihren Recherchen nur die offiziellen Werte und Normen des Unternehmens in Erfahrung bringen. Wie es bei einem Arbeitgeber wirklich aussieht, erfahren Sie immer erst, wenn Sie dort arbeiten. Es ist auch sinnvoll einen Blick auf die Merkmale und Entwicklung der Branche sowie die Marktpr\u00e4senz des Unternehmens zu richten. Wenn Sie in den Besprechungen \u00fcber die wesentlichen Dinge Bescheid wissen, macht das auf jeden Fall einen guten Eindruck.\n\nWie wird Ihre Einarbeitung ablaufen? Wissen Sie schon, wer Ihr Ansprechpartner oder Mentor ist? Wenn Sie hierzu Informationen haben, bekommen Sie eine Vorstellung davon, was Sie in den ersten Wochen erwartet. Viele der Fragen zur Vorbereitung k\u00f6nnen Sie bereits im Bewerbungsgespr\u00e4ch kl\u00e4ren. Ansonsten hilft ein Telefonat mit der Fach- oder Personalabteilung weiter.\n\n\n<h3>Administratives und eigene Defizite kl\u00e4ren<\/h3>\n\n\nAdministratives wie Versicherungen, Lohnsteuerkarte, Umzug, Arbeitsweg, Arbeitszeiten sowie Kleidung und die typischen Umgangsformen im Unternehmen kl\u00e4ren Sie gemeinsam mit der Personalabteilung.\n\nWeitere Gedanken k\u00f6nnen Sie sich bez\u00fcglich eigener fachlicher Defizite machen. Ein Blick auf das Jobprofil kann Ihnen eventuelle Schwachstellen aufdecken. Sollten zum Beispiel Sprachkenntnisse oder ein gefordertes Softwareprogramm doch nicht so pr\u00e4sent sein, k\u00f6nnen Sie die Zeit vor dem Job nutzen, um hier etwas zu verbessern. Wenn Sie sich zu einem Sprach- oder EDV-Kurs entschlie\u00dfen, k\u00f6nnen Sie beim Arbeitgeber nachhaken, ob es einen Zuschuss f\u00fcr die Ma\u00dfnahme gibt.\n\nZu guter Letzt sollten Sie Ihr Privatleben auf die neue Aufgabe vorbereiten. Der neue Job wird Sie sicherlich stark in Anspruch nehmen, deshalb sollten Sie im Privaten abspecken. Die Trainert\u00e4tigkeit im Verein oder sonstige zeitintensive Engagements sollten zumindest f\u00fcr die Probezeit verringert werden oder ganz ruhen. Konzentrieren Sie sich auf diesen wichtigen Schritt ins Berufsleben.\n\n\n<h3>Was erwartet Sie in den ersten Tagen?<\/h3>\n\n\n\u201cYou never get a second chance for your first impression.\u201d Deshalb sollten Sie den ersten Tag, also das erste Zusammentreffen mit den neuen Kollegen und die ersten Schritte mit dem Vorgesetzten nicht untersch\u00e4tzen.\n\nDer erste Eindruck beginnt mit der Kleidung. Denn den nonverbalen Signale, die Sie aussenden, wird gerade zu Beginn gr\u00f6\u00dfte Aufmerksamkeit gewidmet. Auch sollten Sie auf Ihre K\u00f6rpersprache achten. Sie sollte offen und freundlich sein. Suchen Sie den Blickkontakt zu Ihrem Gegen\u00fcber. Versuchen Sie positive Signale auszusenden. Die Kollegen sind sicherlich neugierig auf Sie. Vielleicht macht die Ver\u00e4nderung durch einen neuen Kollegen aber auch ein bisschen Angst. Zeigen Sie also auch Verst\u00e4ndnis f\u00fcr etwaige Zur\u00fcckhaltung.\n\nZu den paraverbalen Signalen, die zu Beginn Beachtung finden, z\u00e4hlt die Stimme. Klingt Sie \u00e4ngstlich, leise, rau, forsch oder klar und offen. Was Ihnen gelingen sollte ist, dass die Kollegen Sie sympathisch finden. Lassen Sie sich also begutachten und gehen Sie offen mit der Neugier um.\n\n\n<h3>Vorstellungsrunde und eigenes Netzwerk aufbauen<\/h3>\n\n\nM\u00f6glichst schnell sollten Ihre Kollegen Sie kennen lernen. Deshalb sollten Sie sich umfassend vorstellen und neben dem Namen auch \u00fcber Fach- und Sachkenntnisse sowie Erfahrungen berichten. So k\u00f6nnen sich die Kollegen schnell ein Bild von Ihnen machen. Neben der ersten Begr\u00fc\u00dfung in gro\u00dfer Runde sollten Sie in den ersten Tagen und Wochen gleich beginnen, ein Netzwerk aufzubauen. Suchen Sie das Gespr\u00e4ch mit Kollegen oder auch zu den Mitarbeitern angrenzender Bereiche im Unternehmen und bringen Sie etwas zu deren Fach- und Sachkenntnissen in Erfahrung, um sie in ihr Netzwerk aufnehmen zu k\u00f6nnen. Wieso ist ein Netzwerk so wichtig? Problematiken sind heutzutage so komplex, dass Sie nicht alles wissen k\u00f6nnen, deshalb ben\u00f6tigen Sie im Unternehmen ein Netzwerk, mit Kollegen, die Ihnen mit ihrer Fachkenntnis helfen k\u00f6nnen. Anders herum helfen Sie den Kollegen.\n\n\n<h3>Kollegen sind keine Freunde<\/h3>\n\n\nLassen Sie sich nie in eine Clique einbinden, sondern versuchen Sie zum Beispiel in den Pausen m\u00f6glichst verschiedene Kollegen kennen zu lernen. Dass Sie offen auf alle zugehen, ist besonders wichtig. Sie kennen die internen Machtstrukturen im Unternehmen noch nicht und sollten sich erst einmal in Ruhe ein Bild von allen Kollegen machen. Er\u00f6ffnen Sie Ihre Gespr\u00e4che mit Small Talk und vermeiden Sie ein sofortiges Ausfragen der anderen Person. Ein Tipp noch: Pausen dienen der Erholung und so sind Businessthemen nicht immer das richtige Gespr\u00e4chsthema.\n\n\n<h3>Was wird von mir in den ersten Wochen erwartet?<\/h3>\n\n\nSie sollten in der Lage sein, sich schnell in die Routineaufgaben einzufinden. Das ist etwas, was erwartet wird.\n\n<em><strong>Ihr Motto: Fragen stellen und aktiv zuh\u00f6ren\n<\/strong><\/em>Wenn Sie neu im Unternehmen sind, haben Sie einen riesigen Vorteil. Sie k\u00f6nnen alle Fragen stellen. Nutzen Sie diesen Vorteil gnadenlos aus. Anbei verschiedene Fragetypen zur Auswahl:\n\n\n<ul>\n \t\n\n<li><em>Offene Fragen,<\/em> die sogenannten W-Fragen, geben Ihnen die Chance mehr Informationen zu erhalten.<\/li>\n\n\n \t\n\n<li>Wohingegen<em> geschlossene Fragen<\/em>, die mit \u201eJa\u201c oder \u201eNein\u201c beantwortet werden, Ihnen nochmals eine Sicherheit geben k\u00f6nnen, was genau gew\u00fcnscht wird.<\/li>\n\n\n \t\n\n<li>Sehr effektiv ist auch die <em>reflektierende Frage<\/em>. Hier wiederholen Sie nochmals mit eigenen Worten das Gesagte in Frageform und sichern sich damit ab, dass Sie alles richtig verstanden haben.\nEine solche Frage k\u00f6nnen Sie beginnen mit: \u201e Habe ich Sie richtig verstanden, dass \u2026?\u201c oder \u201eMeinten Sie, dass \u2026?\u201c<\/li>\n\n\n<\/ul>\n\n\nDoch mit Fragen allein ist es noch nicht getan. Sie m\u00fcssen auch aktiv zuh\u00f6ren. Beim aktiven Zuh\u00f6ren ist der Blickkontakt zum Gespr\u00e4chspartner ein wichtiges Element. Ein zweites ebenso relevantes Element ist, dass Sie Ihrem Gegen\u00fcber wirklich bis zum Ende zuh\u00f6ren und nicht schon w\u00e4hrend er spricht, interpretieren oder eine Antwort \u00fcberlegen. Dazu nehmen Sie sich erst Zeit, wenn Ihr Gespr\u00e4chspartner fertig ist. Die Pause, die entsteht, weil Sie Ihre Fragen oder Argumente erst noch durchdenken m\u00fcssen, sollte Sie nicht st\u00f6ren. Sie wird meist sogar sehr positiv bewertet, da die Pause bedeutet, dass Sie Ihrem Gespr\u00e4chspartner Wertsch\u00e4tzung entgegenbringen.\n\n<em><strong>Checklisten anlegen\n<\/strong><\/em>Einmal zu fragen ist erlaubt, aber mehrmals zur gleichen Sache dieselben Fragen stellen, eher nicht. Somit sollten Sie sich zu allen Aufgaben Checklisten anlegen, die Ihnen bei der sp\u00e4teren Durchf\u00fchrung helfen. Ob Sie hierzu einen Notizblock, ein Smartphone oder Tablet verwenden, ist egal. So ein aktives Verarbeiten bezeugt Ihre Initiative und Motivation \u0336 zwei Dinge, die Ihr Vorgesetzter und Ihre Kollegen erwarten.\n\n\n<h3>Fazit<\/h3>\n\n\nDie ersten Wochen im Unternehmen sind eine spannende Phase, in der Sie noch nicht viel bewegen m\u00fcssen und sich ganz auf das Beobachten und Fragen konzentrieren k\u00f6nnen. Nur so werden Sie Ihre Rolle im Gef\u00fcge des Teams und des Unternehmens finden und k\u00f6nnen dann beginnen, Ihre Position zu formen und zu entwickeln.\n\n&nbsp;]]>\t\t<\/p>\n","protected":false},"excerpt":{"rendered":"<p>\t\t\t\t<![CDATA[]]>\t\t<\/p>\n","protected":false},"author":34,"featured_media":6473,"comment_status":"closed","ping_status":"closed","sticky":false,"template":"","format":"standard","meta":{"footnotes":""},"categories":[127],"tags":[1210,1243,4303,4402,6685],"class_list":{"0":"post-5788","1":"post","2":"type-post","3":"status-publish","4":"format-standard","5":"has-post-thumbnail","7":"category-karriere","8":"tag-berufseinstieg","9":"tag-berufstart","10":"tag-job","11":"tag-karriere","12":"tag-probezeit"},"yoast_head":"<!-- This site is optimized with the Yoast SEO plugin v23.5 - https:\/\/yoast.com\/wordpress\/plugins\/seo\/ -->\n<title>Die ersten 100 Tage im Job \u2013 Euro Akademie Magazin<\/title>\n<meta name=\"description\" content=\"Um den Berufseinstieg und die Probezeit bestm\u00f6glich zu meistern, gilt es sich auf den neuen Job gut vorzubereiten.\" \/>\n<meta name=\"robots\" content=\"index, follow, max-snippet:-1, max-image-preview:large, max-video-preview:-1\" \/>\n<link rel=\"canonical\" href=\"https:\/\/www.euroakademie.de\/magazin\/die-ersten-100-tage-im-job\/\" \/>\n<meta property=\"og:locale\" content=\"de_DE\" \/>\n<meta property=\"og:type\" content=\"article\" \/>\n<meta property=\"og:title\" content=\"Die ersten 100 Tage im Job \u2013 Euro Akademie Magazin\" \/>\n<meta property=\"og:description\" content=\"Um den Berufseinstieg und die Probezeit bestm\u00f6glich zu meistern, gilt es sich auf den neuen Job gut vorzubereiten.\" \/>\n<meta property=\"og:url\" content=\"https:\/\/www.euroakademie.de\/magazin\/die-ersten-100-tage-im-job\/\" \/>\n<meta property=\"og:site_name\" content=\"Das Euro Akademie Magazin\" \/>\n<meta property=\"article:published_time\" content=\"2017-09-15T06:40:26+00:00\" \/>\n<meta property=\"og:image\" content=\"https:\/\/www.euroakademie.de\/magazin\/wp-content\/uploads\/2017\/09\/42-30979944_702x336-web.jpg\" \/>\n\t<meta property=\"og:image:width\" content=\"702\" \/>\n\t<meta property=\"og:image:height\" content=\"336\" \/>\n\t<meta property=\"og:image:type\" content=\"image\/jpeg\" \/>\n<meta name=\"author\" content=\"Angela Sch\u00fctte\" \/>\n<meta name=\"twitter:card\" content=\"summary_large_image\" \/>\n<meta name=\"twitter:label1\" content=\"Verfasst von\" \/>\n\t<meta name=\"twitter:data1\" content=\"Angela Sch\u00fctte\" \/>\n\t<meta name=\"twitter:label2\" content=\"Gesch\u00e4tzte Lesezeit\" \/>\n\t<meta name=\"twitter:data2\" content=\"6\u00a0Minuten\" \/>\n<script type=\"application\/ld+json\" class=\"yoast-schema-graph\">{\"@context\":\"https:\/\/schema.org\",\"@graph\":[{\"@type\":\"Article\",\"@id\":\"https:\/\/www.euroakademie.de\/magazin\/die-ersten-100-tage-im-job\/#article\",\"isPartOf\":{\"@id\":\"https:\/\/www.euroakademie.de\/magazin\/die-ersten-100-tage-im-job\/\"},\"author\":{\"name\":\"Angela Sch\u00fctte\",\"@id\":\"https:\/\/www.euroakademie.de\/magazin\/#\/schema\/person\/67e6e0cbe692d2fa061c1d2c2c81fba4\"},\"headline\":\"Die ersten 100 Tage im Job\",\"datePublished\":\"2017-09-15T06:40:26+00:00\",\"dateModified\":\"2017-09-15T06:40:26+00:00\",\"mainEntityOfPage\":{\"@id\":\"https:\/\/www.euroakademie.de\/magazin\/die-ersten-100-tage-im-job\/\"},\"wordCount\":1211,\"publisher\":{\"@id\":\"https:\/\/www.euroakademie.de\/magazin\/#organization\"},\"image\":{\"@id\":\"https:\/\/www.euroakademie.de\/magazin\/die-ersten-100-tage-im-job\/#primaryimage\"},\"thumbnailUrl\":\"https:\/\/www.euroakademie.de\/magazin\/wp-content\/uploads\/2017\/09\/42-30979944_702x336-web.jpg\",\"keywords\":[\"Berufseinstieg\",\"Berufstart\",\"Job\",\"Karriere\",\"Probezeit\"],\"articleSection\":[\"Karriere\"],\"inLanguage\":\"de\"},{\"@type\":\"WebPage\",\"@id\":\"https:\/\/www.euroakademie.de\/magazin\/die-ersten-100-tage-im-job\/\",\"url\":\"https:\/\/www.euroakademie.de\/magazin\/die-ersten-100-tage-im-job\/\",\"name\":\"Die ersten 100 Tage im Job \u2013 Euro Akademie Magazin\",\"isPartOf\":{\"@id\":\"https:\/\/www.euroakademie.de\/magazin\/#website\"},\"primaryImageOfPage\":{\"@id\":\"https:\/\/www.euroakademie.de\/magazin\/die-ersten-100-tage-im-job\/#primaryimage\"},\"image\":{\"@id\":\"https:\/\/www.euroakademie.de\/magazin\/die-ersten-100-tage-im-job\/#primaryimage\"},\"thumbnailUrl\":\"https:\/\/www.euroakademie.de\/magazin\/wp-content\/uploads\/2017\/09\/42-30979944_702x336-web.jpg\",\"datePublished\":\"2017-09-15T06:40:26+00:00\",\"dateModified\":\"2017-09-15T06:40:26+00:00\",\"description\":\"Um den Berufseinstieg und die Probezeit bestm\u00f6glich zu meistern, gilt es sich auf den neuen Job gut vorzubereiten.\",\"breadcrumb\":{\"@id\":\"https:\/\/www.euroakademie.de\/magazin\/die-ersten-100-tage-im-job\/#breadcrumb\"},\"inLanguage\":\"de\",\"potentialAction\":[{\"@type\":\"ReadAction\",\"target\":[\"https:\/\/www.euroakademie.de\/magazin\/die-ersten-100-tage-im-job\/\"]}]},{\"@type\":\"ImageObject\",\"inLanguage\":\"de\",\"@id\":\"https:\/\/www.euroakademie.de\/magazin\/die-ersten-100-tage-im-job\/#primaryimage\",\"url\":\"https:\/\/www.euroakademie.de\/magazin\/wp-content\/uploads\/2017\/09\/42-30979944_702x336-web.jpg\",\"contentUrl\":\"https:\/\/www.euroakademie.de\/magazin\/wp-content\/uploads\/2017\/09\/42-30979944_702x336-web.jpg\",\"width\":702,\"height\":336,\"caption\":\"\"},{\"@type\":\"BreadcrumbList\",\"@id\":\"https:\/\/www.euroakademie.de\/magazin\/die-ersten-100-tage-im-job\/#breadcrumb\",\"itemListElement\":[{\"@type\":\"ListItem\",\"position\":1,\"name\":\"Startseite\",\"item\":\"https:\/\/www.euroakademie.de\/magazin\/\"},{\"@type\":\"ListItem\",\"position\":2,\"name\":\"Die ersten 100 Tage im Job\"}]},{\"@type\":\"WebSite\",\"@id\":\"https:\/\/www.euroakademie.de\/magazin\/#website\",\"url\":\"https:\/\/www.euroakademie.de\/magazin\/\",\"name\":\"Das Euro Akademie Magazin\",\"description\":\"Gut informiert durch Ausbildung und Studium\",\"publisher\":{\"@id\":\"https:\/\/www.euroakademie.de\/magazin\/#organization\"},\"potentialAction\":[{\"@type\":\"SearchAction\",\"target\":{\"@type\":\"EntryPoint\",\"urlTemplate\":\"https:\/\/www.euroakademie.de\/magazin\/?s={search_term_string}\"},\"query-input\":{\"@type\":\"PropertyValueSpecification\",\"valueRequired\":true,\"valueName\":\"search_term_string\"}}],\"inLanguage\":\"de\"},{\"@type\":\"Organization\",\"@id\":\"https:\/\/www.euroakademie.de\/magazin\/#organization\",\"name\":\"ESO Education Group\",\"url\":\"https:\/\/www.euroakademie.de\/magazin\/\",\"logo\":{\"@type\":\"ImageObject\",\"inLanguage\":\"de\",\"@id\":\"https:\/\/www.euroakademie.de\/magazin\/#\/schema\/logo\/image\/\",\"url\":\"https:\/\/relaunch.euroakademie.de\/magazin\/wp-content\/uploads\/2024\/11\/Logo_EA_negativ_Rahmen_5cm_300dpi_RGB.jpg\",\"contentUrl\":\"https:\/\/relaunch.euroakademie.de\/magazin\/wp-content\/uploads\/2024\/11\/Logo_EA_negativ_Rahmen_5cm_300dpi_RGB.jpg\",\"width\":591,\"height\":236,\"caption\":\"ESO Education Group\"},\"image\":{\"@id\":\"https:\/\/www.euroakademie.de\/magazin\/#\/schema\/logo\/image\/\"}},{\"@type\":\"Person\",\"@id\":\"https:\/\/www.euroakademie.de\/magazin\/#\/schema\/person\/67e6e0cbe692d2fa061c1d2c2c81fba4\",\"name\":\"Angela Sch\u00fctte\",\"description\":\"Als erfahrene Karriereberaterin unterst\u00fctzt Dipl.-Ing. (FH) M.A. Angela Sch\u00fctte seit 20 Jahren junge Menschen w\u00e4hrend der Ausbildung, im Studium und beim Berufseinstieg. In ihren motivierenden Vortr\u00e4gen und Seminaren hilft sie jungen Menschen bei ihren ersten Schritten auf der Karriereleiter und gibt ihnen praktische Bewerbungstipps an die Hand. Weitere Informationen zu ihren Angeboten gibt es auf ihrer Internetseite und in ihrem Xing-Profil. Ein Bewerbungsratgeber mit Tipps von Angela Sch\u00fctte steht auf der Website Berufsstart oder als PDF zum Download zur Verf\u00fcgung.\",\"url\":\"https:\/\/www.euroakademie.de\/magazin\/author\/angela-schuette\/\"}]}<\/script>\n<!-- \/ Yoast SEO plugin. -->","yoast_head_json":{"title":"Die ersten 100 Tage im Job \u2013 Euro Akademie Magazin","description":"Um den Berufseinstieg und die Probezeit bestm\u00f6glich zu meistern, gilt es sich auf den neuen Job gut vorzubereiten.","robots":{"index":"index","follow":"follow","max-snippet":"max-snippet:-1","max-image-preview":"max-image-preview:large","max-video-preview":"max-video-preview:-1"},"canonical":"https:\/\/www.euroakademie.de\/magazin\/die-ersten-100-tage-im-job\/","og_locale":"de_DE","og_type":"article","og_title":"Die ersten 100 Tage im Job \u2013 Euro Akademie Magazin","og_description":"Um den Berufseinstieg und die Probezeit bestm\u00f6glich zu meistern, gilt es sich auf den neuen Job gut vorzubereiten.","og_url":"https:\/\/www.euroakademie.de\/magazin\/die-ersten-100-tage-im-job\/","og_site_name":"Das Euro Akademie Magazin","article_published_time":"2017-09-15T06:40:26+00:00","og_image":[{"width":702,"height":336,"url":"https:\/\/www.euroakademie.de\/magazin\/wp-content\/uploads\/2017\/09\/42-30979944_702x336-web.jpg","type":"image\/jpeg"}],"author":"Angela Sch\u00fctte","twitter_card":"summary_large_image","twitter_misc":{"Verfasst von":"Angela Sch\u00fctte","Gesch\u00e4tzte Lesezeit":"6\u00a0Minuten"},"schema":{"@context":"https:\/\/schema.org","@graph":[{"@type":"Article","@id":"https:\/\/www.euroakademie.de\/magazin\/die-ersten-100-tage-im-job\/#article","isPartOf":{"@id":"https:\/\/www.euroakademie.de\/magazin\/die-ersten-100-tage-im-job\/"},"author":{"name":"Angela Sch\u00fctte","@id":"https:\/\/www.euroakademie.de\/magazin\/#\/schema\/person\/67e6e0cbe692d2fa061c1d2c2c81fba4"},"headline":"Die ersten 100 Tage im Job","datePublished":"2017-09-15T06:40:26+00:00","dateModified":"2017-09-15T06:40:26+00:00","mainEntityOfPage":{"@id":"https:\/\/www.euroakademie.de\/magazin\/die-ersten-100-tage-im-job\/"},"wordCount":1211,"publisher":{"@id":"https:\/\/www.euroakademie.de\/magazin\/#organization"},"image":{"@id":"https:\/\/www.euroakademie.de\/magazin\/die-ersten-100-tage-im-job\/#primaryimage"},"thumbnailUrl":"https:\/\/www.euroakademie.de\/magazin\/wp-content\/uploads\/2017\/09\/42-30979944_702x336-web.jpg","keywords":["Berufseinstieg","Berufstart","Job","Karriere","Probezeit"],"articleSection":["Karriere"],"inLanguage":"de"},{"@type":"WebPage","@id":"https:\/\/www.euroakademie.de\/magazin\/die-ersten-100-tage-im-job\/","url":"https:\/\/www.euroakademie.de\/magazin\/die-ersten-100-tage-im-job\/","name":"Die ersten 100 Tage im Job \u2013 Euro Akademie Magazin","isPartOf":{"@id":"https:\/\/www.euroakademie.de\/magazin\/#website"},"primaryImageOfPage":{"@id":"https:\/\/www.euroakademie.de\/magazin\/die-ersten-100-tage-im-job\/#primaryimage"},"image":{"@id":"https:\/\/www.euroakademie.de\/magazin\/die-ersten-100-tage-im-job\/#primaryimage"},"thumbnailUrl":"https:\/\/www.euroakademie.de\/magazin\/wp-content\/uploads\/2017\/09\/42-30979944_702x336-web.jpg","datePublished":"2017-09-15T06:40:26+00:00","dateModified":"2017-09-15T06:40:26+00:00","description":"Um den Berufseinstieg und die Probezeit bestm\u00f6glich zu meistern, gilt es sich auf den neuen Job gut vorzubereiten.","breadcrumb":{"@id":"https:\/\/www.euroakademie.de\/magazin\/die-ersten-100-tage-im-job\/#breadcrumb"},"inLanguage":"de","potentialAction":[{"@type":"ReadAction","target":["https:\/\/www.euroakademie.de\/magazin\/die-ersten-100-tage-im-job\/"]}]},{"@type":"ImageObject","inLanguage":"de","@id":"https:\/\/www.euroakademie.de\/magazin\/die-ersten-100-tage-im-job\/#primaryimage","url":"https:\/\/www.euroakademie.de\/magazin\/wp-content\/uploads\/2017\/09\/42-30979944_702x336-web.jpg","contentUrl":"https:\/\/www.euroakademie.de\/magazin\/wp-content\/uploads\/2017\/09\/42-30979944_702x336-web.jpg","width":702,"height":336,"caption":""},{"@type":"BreadcrumbList","@id":"https:\/\/www.euroakademie.de\/magazin\/die-ersten-100-tage-im-job\/#breadcrumb","itemListElement":[{"@type":"ListItem","position":1,"name":"Startseite","item":"https:\/\/www.euroakademie.de\/magazin\/"},{"@type":"ListItem","position":2,"name":"Die ersten 100 Tage im Job"}]},{"@type":"WebSite","@id":"https:\/\/www.euroakademie.de\/magazin\/#website","url":"https:\/\/www.euroakademie.de\/magazin\/","name":"Das Euro Akademie Magazin","description":"Gut informiert durch Ausbildung und Studium","publisher":{"@id":"https:\/\/www.euroakademie.de\/magazin\/#organization"},"potentialAction":[{"@type":"SearchAction","target":{"@type":"EntryPoint","urlTemplate":"https:\/\/www.euroakademie.de\/magazin\/?s={search_term_string}"},"query-input":{"@type":"PropertyValueSpecification","valueRequired":true,"valueName":"search_term_string"}}],"inLanguage":"de"},{"@type":"Organization","@id":"https:\/\/www.euroakademie.de\/magazin\/#organization","name":"ESO Education Group","url":"https:\/\/www.euroakademie.de\/magazin\/","logo":{"@type":"ImageObject","inLanguage":"de","@id":"https:\/\/www.euroakademie.de\/magazin\/#\/schema\/logo\/image\/","url":"https:\/\/relaunch.euroakademie.de\/magazin\/wp-content\/uploads\/2024\/11\/Logo_EA_negativ_Rahmen_5cm_300dpi_RGB.jpg","contentUrl":"https:\/\/relaunch.euroakademie.de\/magazin\/wp-content\/uploads\/2024\/11\/Logo_EA_negativ_Rahmen_5cm_300dpi_RGB.jpg","width":591,"height":236,"caption":"ESO Education Group"},"image":{"@id":"https:\/\/www.euroakademie.de\/magazin\/#\/schema\/logo\/image\/"}},{"@type":"Person","@id":"https:\/\/www.euroakademie.de\/magazin\/#\/schema\/person\/67e6e0cbe692d2fa061c1d2c2c81fba4","name":"Angela Sch\u00fctte","description":"Als erfahrene Karriereberaterin unterst\u00fctzt Dipl.-Ing. (FH) M.A. Angela Sch\u00fctte seit 20 Jahren junge Menschen w\u00e4hrend der Ausbildung, im Studium und beim Berufseinstieg. In ihren motivierenden Vortr\u00e4gen und Seminaren hilft sie jungen Menschen bei ihren ersten Schritten auf der Karriereleiter und gibt ihnen praktische Bewerbungstipps an die Hand. Weitere Informationen zu ihren Angeboten gibt es auf ihrer Internetseite und in ihrem Xing-Profil. Ein Bewerbungsratgeber mit Tipps von Angela Sch\u00fctte steht auf der Website Berufsstart oder als PDF zum Download zur Verf\u00fcgung.","url":"https:\/\/www.euroakademie.de\/magazin\/author\/angela-schuette\/"}]}},"_links":{"self":[{"href":"https:\/\/www.euroakademie.de\/magazin\/wp-json\/wp\/v2\/posts\/5788","targetHints":{"allow":["GET"]}}],"collection":[{"href":"https:\/\/www.euroakademie.de\/magazin\/wp-json\/wp\/v2\/posts"}],"about":[{"href":"https:\/\/www.euroakademie.de\/magazin\/wp-json\/wp\/v2\/types\/post"}],"author":[{"embeddable":true,"href":"https:\/\/www.euroakademie.de\/magazin\/wp-json\/wp\/v2\/users\/34"}],"replies":[{"embeddable":true,"href":"https:\/\/www.euroakademie.de\/magazin\/wp-json\/wp\/v2\/comments?post=5788"}],"version-history":[{"count":0,"href":"https:\/\/www.euroakademie.de\/magazin\/wp-json\/wp\/v2\/posts\/5788\/revisions"}],"wp:featuredmedia":[{"embeddable":true,"href":"https:\/\/www.euroakademie.de\/magazin\/wp-json\/wp\/v2\/media\/6473"}],"wp:attachment":[{"href":"https:\/\/www.euroakademie.de\/magazin\/wp-json\/wp\/v2\/media?parent=5788"}],"wp:term":[{"taxonomy":"category","embeddable":true,"href":"https:\/\/www.euroakademie.de\/magazin\/wp-json\/wp\/v2\/categories?post=5788"},{"taxonomy":"post_tag","embeddable":true,"href":"https:\/\/www.euroakademie.de\/magazin\/wp-json\/wp\/v2\/tags?post=5788"}],"curies":[{"name":"wp","href":"https:\/\/api.w.org\/{rel}","templated":true}]}}