{"id":5853,"date":"2017-09-21T08:15:18","date_gmt":"2017-09-21T06:15:18","guid":{"rendered":"https:\/\/www.euroakademie.de\/magazin\/?p=5853"},"modified":"2024-11-19T15:33:15","modified_gmt":"2024-11-19T14:33:15","slug":"welt-alzheimertag-2017","status":"publish","type":"post","link":"https:\/\/www.euroakademie.de\/magazin\/welt-alzheimertag-2017\/","title":{"rendered":"Welt-Alzheimertag 2017: Tipps im Umgang mit demenzkranken Menschen"},"content":{"rendered":"<p>\t\t\t\t<![CDATA[<strong>Alzheimer ist eine Diagnose, die zun\u00e4chst einmal einen Schock bei Betroffenen und Angeh\u00f6rigen ausl\u00f6st, denn sie ist mit vielen \u00c4ngsten verbunden. Die Krankheit hat ihren Namen von ihrem Entdecker, Alois Alzheimer, der sie 1906 zum ersten Mal wissenschaftlich beschrieb. Der gr\u00f6\u00dfte Risikofaktor f\u00fcr die Erkrankung ist das Alter \u2013 Menschen unter 60 Jahren sind nur sehr selten betroffen.<\/strong>\n\nDer <a href=\"https:\/\/www.deutsche-alzheimer.de\/termine\/welt-alzheimertag.html\" target=\"_blank\" rel=\"noopener\">Welt-Alzheimertag<\/a> am 21. September soll auf die Situation von Erkrankten und deren Angeh\u00f6rigen aufmerksam machen. Alleine in Deutschland sind etwa 1,6 Millionen Menschen betroffen. Weltweit gibt es an diesem Tag zahlreiche Vortr\u00e4ge, Tagungen, Gottesdienste und Benefizkonzerte zum Thema Alzheimer.\n\n\n<h2>Was passiert im Kopf?<\/h2>\n\n\nAlzheimer ist eine hirnorganische Erkrankung, bei der Nervenzellen und ihre Verbindungen in einem langsam fortschreitenden Prozess zugrunde gehen. Im Gehirn von Betroffenen finden sich au\u00dferdem typische Eiwei\u00dfablagerungen (Amyloid-Plaques). Das Krankheitsbild geht mit Orientierungsst\u00f6rungen, Vergesslichkeit, Problemen beim Sprechen aber auch Ver\u00e4nderungen der Pers\u00f6nlichkeit und einem sozialen R\u00fcckzug einher, so dass die Patienten immer mehr Hilfe von Angeh\u00f6rigen und Fachkr\u00e4ften aus der <a href=\"https:\/\/www.euroakademie.de\/details\/AL____RGG_Q18S_1\/Altenpflegehelferin---staatlich-anerkannt\" target=\"_blank\" rel=\"noopener\">Altenpflege<\/a> ben\u00f6tigen.\n\n\n<h2>Ist Demenz gleich Alzheimer?<\/h2>\n\n\nNein. Es gibt viele Arten von Demenz, Alzheimer ist die h\u00e4ufigste von ihnen \u2013 etwa 70 Prozent mit der Diagnose Demenz sind von der Alzheimer-Krankheit betroffen. Alzheimer ist also eine bestimmte Form von Demenz. Die zweith\u00e4ufigste Ursache f\u00fcr eine Demenz ist die Durchblutungsst\u00f6rung des Gehirns, beispielsweise verursacht durch einen Schlaganfall.\n\n\n<h2>Tipps f\u00fcr den Alltag mit Alzheimer-Erkrankten<\/h2>\n\n\n\n\n<h3>1. Erinnerungshilfen<\/h3>\n\n\nBetroffenen hilft es, alles gleich in den Kalender einzutragen und zus\u00e4tzlich als Notiz an einem prominenten Ort anzubringen. Post-its am K\u00fchlschrank oder im Badezimmer erinnern an wichtige Alltagsverrichtungen und Termine.\n\n\n<h3>2. Struktur<\/h3>\n\n\nEin Tages- oder Wochenplan ist eine sinnvolle Ma\u00dfnahme, um den \u00dcberblick \u00fcber das allt\u00e4gliche Leben und besondere Termine zu behalten. Eingetragen werden dort nicht nur Tag und Uhrzeit des Vorhabens, sondern am besten auch, wo der Termin stattfindet und was man daf\u00fcr mitnehmen muss. Die Wochenplanung sollte sich weitestgehend wiederholen, um eine feste Struktur auch \u00fcber die Woche hinaus zu bieten. Rituale geben Sicherheit.\n\n\n<h3>3. Die richtige Kommunikation<\/h3>\n\n\nGeduld ist das Stichwort in der Kommunikation mit demenzkranken Menschen. Denn es kommt zu h\u00e4ufigen Wiederholungen und Verst\u00e4ndnisproblemen. Wichtig ist, dass Sie ruhig bleiben und keine Kritik \u00fcben. Versuchen Sie das Thema auf etwas zu lenken, das dem Betroffenen vertraut ist.\nDemenzkranke wollen dazu geh\u00f6ren. Stellen Sie ihnen Fragen, die sie beantworten k\u00f6nnen wie \u201eWas siehst Du?\u201c oder \u201eWie geht es Dir?\u201c.\n\nF\u00fcr den reinen Informationsaustausch sind geschlossene Fragen, die mit \u201eJa\u201c oder \u201eNein\u201c zu beantworten sind, sinnvoll. Reden Sie langsam und in kurzen einfachen S\u00e4tzen.\n\nIn einem sp\u00e4teren Stadium der Alzheimer-Krankheit wird der verbale Austausch weniger, an seine Stelle sollte eine nonverbale Kommunikation treten, die auf verst\u00e4ndnisvolle Ber\u00fchrung setzt.\n\n\n<h3>4. Tagespflege \u2013 professionelle Betreuung auf Zeit<\/h3>\n\n\nDie Tagespflege ist besonders f\u00fcr Menschen mit leichter und mittlerer Demenz empfehlenswert. In Tagespflegeeinrichtungen werden \u00e4ltere Menschen, die noch zuhause leben, von morgens bis am sp\u00e4ten Nachmittag betreut. Hier geht es meist sehr pers\u00f6nlich zu \u2013 Rituale werden gepflegt und Vorlieben ber\u00fccksichtigt. Es wird gesungen, gespielt, gemeinsam gekocht und gegessen.\n\nInzwischen gibt es in vielen Tagespflegest\u00e4tten speziell zum Thema Demenz geschulte Pflegekr\u00e4fte. Diese Art von Betreuung ist ein Gewinn f\u00fcr Betroffene und Angeh\u00f6rige.\n\n\n<h3>5. Ordnung zuhause<\/h3>\n\n\nAn Alzheimer Erkrankte sollten wichtige Dinge immer an einen festen Platz legen. Der Schl\u00fcssel kommt nach dem Eintreten in die Wohnung an das Schl\u00fcsselbrett, der Geldbeutel in die Schublade der darunter stehenden Kommode. Die t\u00e4gliche Wiederholung festigt und verinnerlicht diese wiederkehrenden Abl\u00e4ufe.\n\n\n<h3>6. Hausnotruf \u2013 schnelle, kompetente Hilfe<\/h3>\n\n\nDas Deutsche Rote Kreuz, der Malteser Hilfsdienst und die Johanniter-Unfall-Hilfe sind drei von vielen Organisationen, die gegen eine monatliche Geb\u00fchr einen Hausnotruf anbieten. Der Patient tr\u00e4gt einen kleinen Sender, \u00e4hnlich einer Armbanduhr, der im Notfall per Knopfdruck ausgel\u00f6st und mit dem jeweiligen Dienst verbunden wird. Die wichtigsten Daten \u00fcber die Person liegen dem Hilfsdienst vor, falls der Erkrankte sich nicht klar \u00e4u\u00dfern kann, ist schnelle, zuverl\u00e4ssige und kompetente Hilfe trotzdem gew\u00e4hrleistet.]]>\t\t<\/p>\n","protected":false},"excerpt":{"rendered":"<p>\t\t\t\t<![CDATA[]]>\t\t<\/p>\n","protected":false},"author":58,"featured_media":6471,"comment_status":"closed","ping_status":"closed","sticky":false,"template":"","format":"standard","meta":{"footnotes":""},"categories":[16,118],"tags":[385,418,430,454,457,1288,1963,2035,6433,8095,9478],"class_list":{"0":"post-5853","1":"post","2":"type-post","3":"status-publish","4":"format-standard","5":"has-post-thumbnail","7":"category-gesundheit-pflege","8":"category-im-fokus","9":"tag-alltag","10":"tag-altenpflege","11":"tag-altenpfleger","12":"tag-alzheimer","13":"tag-alzheimer-krankheit","14":"tag-betreuung","15":"tag-demenz","16":"tag-diagnose","17":"tag-pflegekraefte","18":"tag-tagespflege","19":"tag-zuhause"},"yoast_head":"<!-- This site is optimized with the Yoast SEO plugin v23.5 - https:\/\/yoast.com\/wordpress\/plugins\/seo\/ -->\n<title>Welt-Alzheimertag 2017 \u2013 Tipps im Umgang mit demenzkranken Menschen \/ Euro Akademie Magazin<\/title>\n<meta name=\"description\" content=\"Die Diagnose Alzheimer l\u00f6st einen Schock und Angst bei Betroffenen und Angeh\u00f6rigen aus. Der gr\u00f6\u00dfte Risikofaktor f\u00fcr die Erkrankung ist das Alter.\" \/>\n<meta name=\"robots\" content=\"index, follow, max-snippet:-1, max-image-preview:large, max-video-preview:-1\" \/>\n<link rel=\"canonical\" href=\"https:\/\/www.euroakademie.de\/magazin\/welt-alzheimertag-2017\/\" \/>\n<meta property=\"og:locale\" content=\"de_DE\" \/>\n<meta property=\"og:type\" content=\"article\" \/>\n<meta property=\"og:title\" content=\"Welt-Alzheimertag 2017 \u2013 Tipps im Umgang mit demenzkranken Menschen \/ Euro Akademie Magazin\" \/>\n<meta property=\"og:description\" content=\"Die Diagnose Alzheimer l\u00f6st einen Schock und Angst bei Betroffenen und Angeh\u00f6rigen aus. Der gr\u00f6\u00dfte Risikofaktor f\u00fcr die Erkrankung ist das Alter.\" \/>\n<meta property=\"og:url\" content=\"https:\/\/www.euroakademie.de\/magazin\/welt-alzheimertag-2017\/\" \/>\n<meta property=\"og:site_name\" content=\"Das Euro Akademie Magazin\" \/>\n<meta property=\"article:published_time\" content=\"2017-09-21T06:15:18+00:00\" \/>\n<meta property=\"article:modified_time\" content=\"2024-11-19T14:33:15+00:00\" \/>\n<meta property=\"og:image\" content=\"https:\/\/www.euroakademie.de\/magazin\/wp-content\/uploads\/2017\/09\/42-65276087_702x336_web.jpg\" \/>\n\t<meta property=\"og:image:width\" content=\"702\" \/>\n\t<meta property=\"og:image:height\" content=\"336\" \/>\n\t<meta property=\"og:image:type\" content=\"image\/jpeg\" \/>\n<meta name=\"author\" content=\"Tanja H\u00f6fling\" \/>\n<meta name=\"twitter:card\" content=\"summary_large_image\" \/>\n<meta name=\"twitter:label1\" content=\"Verfasst von\" \/>\n\t<meta name=\"twitter:data1\" content=\"Tanja H\u00f6fling\" \/>\n\t<meta name=\"twitter:label2\" content=\"Gesch\u00e4tzte Lesezeit\" \/>\n\t<meta name=\"twitter:data2\" content=\"3\u00a0Minuten\" \/>\n<script type=\"application\/ld+json\" class=\"yoast-schema-graph\">{\"@context\":\"https:\/\/schema.org\",\"@graph\":[{\"@type\":\"Article\",\"@id\":\"https:\/\/www.euroakademie.de\/magazin\/welt-alzheimertag-2017\/#article\",\"isPartOf\":{\"@id\":\"https:\/\/www.euroakademie.de\/magazin\/welt-alzheimertag-2017\/\"},\"author\":{\"name\":\"Tanja H\u00f6fling\",\"@id\":\"https:\/\/www.euroakademie.de\/magazin\/#\/schema\/person\/2c0d3896d19e86373c87f4ac022d4919\"},\"headline\":\"Welt-Alzheimertag 2017: Tipps im Umgang mit demenzkranken Menschen\",\"datePublished\":\"2017-09-21T06:15:18+00:00\",\"dateModified\":\"2024-11-19T14:33:15+00:00\",\"mainEntityOfPage\":{\"@id\":\"https:\/\/www.euroakademie.de\/magazin\/welt-alzheimertag-2017\/\"},\"wordCount\":682,\"publisher\":{\"@id\":\"https:\/\/www.euroakademie.de\/magazin\/#organization\"},\"image\":{\"@id\":\"https:\/\/www.euroakademie.de\/magazin\/welt-alzheimertag-2017\/#primaryimage\"},\"thumbnailUrl\":\"https:\/\/www.euroakademie.de\/magazin\/wp-content\/uploads\/2017\/09\/42-65276087_702x336_web.jpg\",\"keywords\":[\"Alltag\",\"Altenpflege\",\"Altenpfleger\",\"Alzheimer\",\"Alzheimer-Krankheit\",\"Betreuung\",\"Demenz\",\"Diagnose\",\"Pflegekr\u00e4fte\",\"Tagespflege\",\"Zuhause\"],\"articleSection\":[\"Gesundheit &amp; Pflege\",\"Im Fokus\"],\"inLanguage\":\"de\"},{\"@type\":\"WebPage\",\"@id\":\"https:\/\/www.euroakademie.de\/magazin\/welt-alzheimertag-2017\/\",\"url\":\"https:\/\/www.euroakademie.de\/magazin\/welt-alzheimertag-2017\/\",\"name\":\"Welt-Alzheimertag 2017 \u2013 Tipps im Umgang mit demenzkranken Menschen \/ Euro Akademie Magazin\",\"isPartOf\":{\"@id\":\"https:\/\/www.euroakademie.de\/magazin\/#website\"},\"primaryImageOfPage\":{\"@id\":\"https:\/\/www.euroakademie.de\/magazin\/welt-alzheimertag-2017\/#primaryimage\"},\"image\":{\"@id\":\"https:\/\/www.euroakademie.de\/magazin\/welt-alzheimertag-2017\/#primaryimage\"},\"thumbnailUrl\":\"https:\/\/www.euroakademie.de\/magazin\/wp-content\/uploads\/2017\/09\/42-65276087_702x336_web.jpg\",\"datePublished\":\"2017-09-21T06:15:18+00:00\",\"dateModified\":\"2024-11-19T14:33:15+00:00\",\"description\":\"Die Diagnose Alzheimer l\u00f6st einen Schock und Angst bei Betroffenen und Angeh\u00f6rigen aus. Der gr\u00f6\u00dfte Risikofaktor f\u00fcr die Erkrankung ist das Alter.\",\"breadcrumb\":{\"@id\":\"https:\/\/www.euroakademie.de\/magazin\/welt-alzheimertag-2017\/#breadcrumb\"},\"inLanguage\":\"de\",\"potentialAction\":[{\"@type\":\"ReadAction\",\"target\":[\"https:\/\/www.euroakademie.de\/magazin\/welt-alzheimertag-2017\/\"]}]},{\"@type\":\"ImageObject\",\"inLanguage\":\"de\",\"@id\":\"https:\/\/www.euroakademie.de\/magazin\/welt-alzheimertag-2017\/#primaryimage\",\"url\":\"https:\/\/www.euroakademie.de\/magazin\/wp-content\/uploads\/2017\/09\/42-65276087_702x336_web.jpg\",\"contentUrl\":\"https:\/\/www.euroakademie.de\/magazin\/wp-content\/uploads\/2017\/09\/42-65276087_702x336_web.jpg\",\"width\":702,\"height\":336,\"caption\":\"\"},{\"@type\":\"BreadcrumbList\",\"@id\":\"https:\/\/www.euroakademie.de\/magazin\/welt-alzheimertag-2017\/#breadcrumb\",\"itemListElement\":[{\"@type\":\"ListItem\",\"position\":1,\"name\":\"Startseite\",\"item\":\"https:\/\/www.euroakademie.de\/magazin\/\"},{\"@type\":\"ListItem\",\"position\":2,\"name\":\"Welt-Alzheimertag 2017: Tipps im Umgang mit demenzkranken Menschen\"}]},{\"@type\":\"WebSite\",\"@id\":\"https:\/\/www.euroakademie.de\/magazin\/#website\",\"url\":\"https:\/\/www.euroakademie.de\/magazin\/\",\"name\":\"Das Euro Akademie Magazin\",\"description\":\"Gut informiert durch Ausbildung und Studium\",\"publisher\":{\"@id\":\"https:\/\/www.euroakademie.de\/magazin\/#organization\"},\"potentialAction\":[{\"@type\":\"SearchAction\",\"target\":{\"@type\":\"EntryPoint\",\"urlTemplate\":\"https:\/\/www.euroakademie.de\/magazin\/?s={search_term_string}\"},\"query-input\":{\"@type\":\"PropertyValueSpecification\",\"valueRequired\":true,\"valueName\":\"search_term_string\"}}],\"inLanguage\":\"de\"},{\"@type\":\"Organization\",\"@id\":\"https:\/\/www.euroakademie.de\/magazin\/#organization\",\"name\":\"ESO Education Group\",\"url\":\"https:\/\/www.euroakademie.de\/magazin\/\",\"logo\":{\"@type\":\"ImageObject\",\"inLanguage\":\"de\",\"@id\":\"https:\/\/www.euroakademie.de\/magazin\/#\/schema\/logo\/image\/\",\"url\":\"https:\/\/relaunch.euroakademie.de\/magazin\/wp-content\/uploads\/2024\/11\/Logo_EA_negativ_Rahmen_5cm_300dpi_RGB.jpg\",\"contentUrl\":\"https:\/\/relaunch.euroakademie.de\/magazin\/wp-content\/uploads\/2024\/11\/Logo_EA_negativ_Rahmen_5cm_300dpi_RGB.jpg\",\"width\":591,\"height\":236,\"caption\":\"ESO Education Group\"},\"image\":{\"@id\":\"https:\/\/www.euroakademie.de\/magazin\/#\/schema\/logo\/image\/\"}},{\"@type\":\"Person\",\"@id\":\"https:\/\/www.euroakademie.de\/magazin\/#\/schema\/person\/2c0d3896d19e86373c87f4ac022d4919\",\"name\":\"Tanja H\u00f6fling\",\"description\":\"Von Juli 2017 bis Juli 2022 informierte die ehemalige Online-Redakteurin des Euro Akademie Magazins regelm\u00e4\u00dfig \u00fcber Aktuelles und Wissenswertes zu den Themen Ausbildung, Studium und Beruf.\",\"url\":\"https:\/\/www.euroakademie.de\/magazin\/author\/hoeflingt\/\"}]}<\/script>\n<!-- \/ Yoast SEO plugin. -->","yoast_head_json":{"title":"Welt-Alzheimertag 2017 \u2013 Tipps im Umgang mit demenzkranken Menschen \/ Euro Akademie Magazin","description":"Die Diagnose Alzheimer l\u00f6st einen Schock und Angst bei Betroffenen und Angeh\u00f6rigen aus. Der gr\u00f6\u00dfte Risikofaktor f\u00fcr die Erkrankung ist das Alter.","robots":{"index":"index","follow":"follow","max-snippet":"max-snippet:-1","max-image-preview":"max-image-preview:large","max-video-preview":"max-video-preview:-1"},"canonical":"https:\/\/www.euroakademie.de\/magazin\/welt-alzheimertag-2017\/","og_locale":"de_DE","og_type":"article","og_title":"Welt-Alzheimertag 2017 \u2013 Tipps im Umgang mit demenzkranken Menschen \/ Euro Akademie Magazin","og_description":"Die Diagnose Alzheimer l\u00f6st einen Schock und Angst bei Betroffenen und Angeh\u00f6rigen aus. Der gr\u00f6\u00dfte Risikofaktor f\u00fcr die Erkrankung ist das Alter.","og_url":"https:\/\/www.euroakademie.de\/magazin\/welt-alzheimertag-2017\/","og_site_name":"Das Euro Akademie Magazin","article_published_time":"2017-09-21T06:15:18+00:00","article_modified_time":"2024-11-19T14:33:15+00:00","og_image":[{"width":702,"height":336,"url":"https:\/\/www.euroakademie.de\/magazin\/wp-content\/uploads\/2017\/09\/42-65276087_702x336_web.jpg","type":"image\/jpeg"}],"author":"Tanja H\u00f6fling","twitter_card":"summary_large_image","twitter_misc":{"Verfasst von":"Tanja H\u00f6fling","Gesch\u00e4tzte Lesezeit":"3\u00a0Minuten"},"schema":{"@context":"https:\/\/schema.org","@graph":[{"@type":"Article","@id":"https:\/\/www.euroakademie.de\/magazin\/welt-alzheimertag-2017\/#article","isPartOf":{"@id":"https:\/\/www.euroakademie.de\/magazin\/welt-alzheimertag-2017\/"},"author":{"name":"Tanja H\u00f6fling","@id":"https:\/\/www.euroakademie.de\/magazin\/#\/schema\/person\/2c0d3896d19e86373c87f4ac022d4919"},"headline":"Welt-Alzheimertag 2017: Tipps im Umgang mit demenzkranken Menschen","datePublished":"2017-09-21T06:15:18+00:00","dateModified":"2024-11-19T14:33:15+00:00","mainEntityOfPage":{"@id":"https:\/\/www.euroakademie.de\/magazin\/welt-alzheimertag-2017\/"},"wordCount":682,"publisher":{"@id":"https:\/\/www.euroakademie.de\/magazin\/#organization"},"image":{"@id":"https:\/\/www.euroakademie.de\/magazin\/welt-alzheimertag-2017\/#primaryimage"},"thumbnailUrl":"https:\/\/www.euroakademie.de\/magazin\/wp-content\/uploads\/2017\/09\/42-65276087_702x336_web.jpg","keywords":["Alltag","Altenpflege","Altenpfleger","Alzheimer","Alzheimer-Krankheit","Betreuung","Demenz","Diagnose","Pflegekr\u00e4fte","Tagespflege","Zuhause"],"articleSection":["Gesundheit &amp; Pflege","Im Fokus"],"inLanguage":"de"},{"@type":"WebPage","@id":"https:\/\/www.euroakademie.de\/magazin\/welt-alzheimertag-2017\/","url":"https:\/\/www.euroakademie.de\/magazin\/welt-alzheimertag-2017\/","name":"Welt-Alzheimertag 2017 \u2013 Tipps im Umgang mit demenzkranken Menschen \/ Euro Akademie Magazin","isPartOf":{"@id":"https:\/\/www.euroakademie.de\/magazin\/#website"},"primaryImageOfPage":{"@id":"https:\/\/www.euroakademie.de\/magazin\/welt-alzheimertag-2017\/#primaryimage"},"image":{"@id":"https:\/\/www.euroakademie.de\/magazin\/welt-alzheimertag-2017\/#primaryimage"},"thumbnailUrl":"https:\/\/www.euroakademie.de\/magazin\/wp-content\/uploads\/2017\/09\/42-65276087_702x336_web.jpg","datePublished":"2017-09-21T06:15:18+00:00","dateModified":"2024-11-19T14:33:15+00:00","description":"Die Diagnose Alzheimer l\u00f6st einen Schock und Angst bei Betroffenen und Angeh\u00f6rigen aus. Der gr\u00f6\u00dfte Risikofaktor f\u00fcr die Erkrankung ist das Alter.","breadcrumb":{"@id":"https:\/\/www.euroakademie.de\/magazin\/welt-alzheimertag-2017\/#breadcrumb"},"inLanguage":"de","potentialAction":[{"@type":"ReadAction","target":["https:\/\/www.euroakademie.de\/magazin\/welt-alzheimertag-2017\/"]}]},{"@type":"ImageObject","inLanguage":"de","@id":"https:\/\/www.euroakademie.de\/magazin\/welt-alzheimertag-2017\/#primaryimage","url":"https:\/\/www.euroakademie.de\/magazin\/wp-content\/uploads\/2017\/09\/42-65276087_702x336_web.jpg","contentUrl":"https:\/\/www.euroakademie.de\/magazin\/wp-content\/uploads\/2017\/09\/42-65276087_702x336_web.jpg","width":702,"height":336,"caption":""},{"@type":"BreadcrumbList","@id":"https:\/\/www.euroakademie.de\/magazin\/welt-alzheimertag-2017\/#breadcrumb","itemListElement":[{"@type":"ListItem","position":1,"name":"Startseite","item":"https:\/\/www.euroakademie.de\/magazin\/"},{"@type":"ListItem","position":2,"name":"Welt-Alzheimertag 2017: Tipps im Umgang mit demenzkranken Menschen"}]},{"@type":"WebSite","@id":"https:\/\/www.euroakademie.de\/magazin\/#website","url":"https:\/\/www.euroakademie.de\/magazin\/","name":"Das Euro Akademie Magazin","description":"Gut informiert durch Ausbildung und Studium","publisher":{"@id":"https:\/\/www.euroakademie.de\/magazin\/#organization"},"potentialAction":[{"@type":"SearchAction","target":{"@type":"EntryPoint","urlTemplate":"https:\/\/www.euroakademie.de\/magazin\/?s={search_term_string}"},"query-input":{"@type":"PropertyValueSpecification","valueRequired":true,"valueName":"search_term_string"}}],"inLanguage":"de"},{"@type":"Organization","@id":"https:\/\/www.euroakademie.de\/magazin\/#organization","name":"ESO Education Group","url":"https:\/\/www.euroakademie.de\/magazin\/","logo":{"@type":"ImageObject","inLanguage":"de","@id":"https:\/\/www.euroakademie.de\/magazin\/#\/schema\/logo\/image\/","url":"https:\/\/relaunch.euroakademie.de\/magazin\/wp-content\/uploads\/2024\/11\/Logo_EA_negativ_Rahmen_5cm_300dpi_RGB.jpg","contentUrl":"https:\/\/relaunch.euroakademie.de\/magazin\/wp-content\/uploads\/2024\/11\/Logo_EA_negativ_Rahmen_5cm_300dpi_RGB.jpg","width":591,"height":236,"caption":"ESO Education Group"},"image":{"@id":"https:\/\/www.euroakademie.de\/magazin\/#\/schema\/logo\/image\/"}},{"@type":"Person","@id":"https:\/\/www.euroakademie.de\/magazin\/#\/schema\/person\/2c0d3896d19e86373c87f4ac022d4919","name":"Tanja H\u00f6fling","description":"Von Juli 2017 bis Juli 2022 informierte die ehemalige Online-Redakteurin des Euro Akademie Magazins regelm\u00e4\u00dfig \u00fcber Aktuelles und Wissenswertes zu den Themen Ausbildung, Studium und Beruf.","url":"https:\/\/www.euroakademie.de\/magazin\/author\/hoeflingt\/"}]}},"_links":{"self":[{"href":"https:\/\/www.euroakademie.de\/magazin\/wp-json\/wp\/v2\/posts\/5853","targetHints":{"allow":["GET"]}}],"collection":[{"href":"https:\/\/www.euroakademie.de\/magazin\/wp-json\/wp\/v2\/posts"}],"about":[{"href":"https:\/\/www.euroakademie.de\/magazin\/wp-json\/wp\/v2\/types\/post"}],"author":[{"embeddable":true,"href":"https:\/\/www.euroakademie.de\/magazin\/wp-json\/wp\/v2\/users\/58"}],"replies":[{"embeddable":true,"href":"https:\/\/www.euroakademie.de\/magazin\/wp-json\/wp\/v2\/comments?post=5853"}],"version-history":[{"count":1,"href":"https:\/\/www.euroakademie.de\/magazin\/wp-json\/wp\/v2\/posts\/5853\/revisions"}],"predecessor-version":[{"id":23673,"href":"https:\/\/www.euroakademie.de\/magazin\/wp-json\/wp\/v2\/posts\/5853\/revisions\/23673"}],"wp:featuredmedia":[{"embeddable":true,"href":"https:\/\/www.euroakademie.de\/magazin\/wp-json\/wp\/v2\/media\/6471"}],"wp:attachment":[{"href":"https:\/\/www.euroakademie.de\/magazin\/wp-json\/wp\/v2\/media?parent=5853"}],"wp:term":[{"taxonomy":"category","embeddable":true,"href":"https:\/\/www.euroakademie.de\/magazin\/wp-json\/wp\/v2\/categories?post=5853"},{"taxonomy":"post_tag","embeddable":true,"href":"https:\/\/www.euroakademie.de\/magazin\/wp-json\/wp\/v2\/tags?post=5853"}],"curies":[{"name":"wp","href":"https:\/\/api.w.org\/{rel}","templated":true}]}}