{"id":5899,"date":"2017-09-26T08:37:57","date_gmt":"2017-09-26T06:37:57","guid":{"rendered":"https:\/\/www.euroakademie.de\/magazin\/?p=5899"},"modified":"2017-09-26T08:37:57","modified_gmt":"2017-09-26T06:37:57","slug":"auf-klassenfahrt-in-prag","status":"publish","type":"post","link":"https:\/\/www.euroakademie.de\/magazin\/auf-klassenfahrt-in-prag\/","title":{"rendered":"Auf Klassenfahrt in Prag: Neues sehen \u2013 Gemeinsamkeiten entdecken"},"content":{"rendered":"<p>\t\t\t\t<![CDATA[<strong>\u201eOh mein Gott, sein Hund sieht aus wie mein Hund!\u201c Auf der einen Seite Vertrautes, auf der anderen Seite jede Menge Neues und Spannendes bekamen die Auszubildenden zum <a href=\"https:\/\/www.euroakademie.de\/de\/standorte\/berlin\/ausbildung\/sozialassistent.html\" target=\"_blank\" rel=\"noopener\">Sozialassistenten<\/a> der <a href=\"https:\/\/www.euroakademie.de\/de\/standorte\/berlin.html\" target=\"_blank\" rel=\"noopener\">Euro Akademie Berlin<\/a> bei ihrer Erkundungstour durch Prag zu Gesicht. Vom 18. bis 22. September reisten die Sch\u00fcler der Klasse SoA 16A im Rahmen des EU-Programmes Erasmus+ in die tschechische Hauptstadt. Hier erz\u00e4hlen sie begeistert von ihren Erlebnissen w\u00e4hrend der ersten drei Tage:<\/strong>\n\n\u201eEine Klassenfahrt wie keine andere!\u201c, so viel steht jetzt schon fest, obwohl erst die Mitte der Woche erreicht ist. <a href=\"https:\/\/relaunch.euroakademie.de\/magazin\/wp-content\/uploads\/2017\/09\/F_-IMG_5121_web.jpg\"><img decoding=\"async\" class=\"wp-image-5884 alignright\" src=\"https:\/\/relaunch.euroakademie.de\/magazin\/wp-content\/uploads\/2017\/09\/F_-IMG_5121_web.jpg\" alt=\"Klassenfahrt nach Prag\" width=\"252\" height=\"189\" srcset=\"https:\/\/www.euroakademie.de\/magazin\/wp-content\/uploads\/2017\/09\/F_-IMG_5121_web.jpg 500w, https:\/\/www.euroakademie.de\/magazin\/wp-content\/uploads\/2017\/09\/F_-IMG_5121_web-300x225.jpg 300w, https:\/\/www.euroakademie.de\/magazin\/wp-content\/uploads\/2017\/09\/F_-IMG_5121_web-150x113.jpg 150w, https:\/\/www.euroakademie.de\/magazin\/wp-content\/uploads\/2017\/09\/F_-IMG_5121_web-450x338.jpg 450w\" sizes=\"(max-width: 252px) 100vw, 252px\" \/><\/a>Los ging es am Montagmorgen um 7:00 Uhr am Berliner Hauptbahnhof. Trotz der fr\u00fchen Uhrzeit waren wir alle aufgeregt und gut gelaunt. Die Zeit im Zug verging wie im Flug \u2013 mit sch\u00f6ner Aussicht auf die Elbe und sp\u00e4ter die Moldau, vorbei an malerischen, nebelverhangenen H\u00fcgeln der s\u00e4chsischen Schweiz und den sch\u00f6nen Landschaften in Tschechien.\n\n\n<h2>Besuch beim tschechischen Fernsehen<\/h2>\n\n\n<a href=\"https:\/\/relaunch.euroakademie.de\/magazin\/wp-content\/uploads\/2017\/09\/D_IMG_5223_web.jpg\"><img decoding=\"async\" class=\"wp-image-5882 alignleft\" src=\"https:\/\/relaunch.euroakademie.de\/magazin\/wp-content\/uploads\/2017\/09\/D_IMG_5223_web.jpg\" alt=\"\" width=\"250\" height=\"188\" srcset=\"https:\/\/www.euroakademie.de\/magazin\/wp-content\/uploads\/2017\/09\/D_IMG_5223_web.jpg 500w, https:\/\/www.euroakademie.de\/magazin\/wp-content\/uploads\/2017\/09\/D_IMG_5223_web-300x225.jpg 300w, https:\/\/www.euroakademie.de\/magazin\/wp-content\/uploads\/2017\/09\/D_IMG_5223_web-150x113.jpg 150w, https:\/\/www.euroakademie.de\/magazin\/wp-content\/uploads\/2017\/09\/D_IMG_5223_web-450x338.jpg 450w\" sizes=\"(max-width: 250px) 100vw, 250px\" \/><\/a>In Prag angekommen, wurden wir von Frau C. (\u201eMatthew, ich finde die tschechischen Akzente auf dieser Tastatur nicht\u201c) herzlich empfangen und gleich zu unserem ersten Programmpunkt geleitet \u2013 zu Ceska Televize, dem Prager Pendant des ARD-Hauptstadtstudios. Eine interessante Tour mit Einblicken in aktuelle Produktionen f\u00fchrte uns durch verschiedene Studios \u2013 von der Aufzeichnung einer Kindersendung bis hin zur Aufnahme einer Punk-Band. Dort lernten wir die tschechischen Sch\u00fcler zum ersten Mal kennen. Beide Seiten waren da noch sehr zur\u00fcckhaltend.\n\n\n<h2>Vergangenheit erleben<\/h2>\n\n\nDas \u00e4nderte sich im Laufe des zweiten Tages, als wir gemeinsam einen Ausflug zur Burg Karlstein machten, die <a href=\"https:\/\/relaunch.euroakademie.de\/magazin\/wp-content\/uploads\/2017\/09\/E_IMG_5227_web.jpg\"><img decoding=\"async\" class=\"alignright wp-image-5883\" src=\"https:\/\/relaunch.euroakademie.de\/magazin\/wp-content\/uploads\/2017\/09\/E_IMG_5227_web.jpg\" alt=\"\" width=\"250\" height=\"167\" srcset=\"https:\/\/www.euroakademie.de\/magazin\/wp-content\/uploads\/2017\/09\/E_IMG_5227_web.jpg 500w, https:\/\/www.euroakademie.de\/magazin\/wp-content\/uploads\/2017\/09\/E_IMG_5227_web-300x200.jpg 300w, https:\/\/www.euroakademie.de\/magazin\/wp-content\/uploads\/2017\/09\/E_IMG_5227_web-150x100.jpg 150w, https:\/\/www.euroakademie.de\/magazin\/wp-content\/uploads\/2017\/09\/E_IMG_5227_web-450x301.jpg 450w\" sizes=\"(max-width: 250px) 100vw, 250px\" \/><\/a>rund eine halbe Stunde von Prag entfernt liegt. Wieder ging es durch idyllische H\u00fcgellandschaften zu einer der tschechischen Hauptattraktionen. Wir lernten ein faszinierendes St\u00fcck nicht nur tschechischer, sondern deutscher und vor allem europ\u00e4ischer Geschichte kennen. F\u00fcr viele anf\u00e4nglich skeptische Sch\u00fcler war das unerwartet spannend und zum Teil sogar bewegend. Nach diesem gemeinsamen Erlebnis brach dann auch zusehends das Eis zwischen unseren beiden doch recht unterschiedlichen Sch\u00fclergruppen. Bei einem gemeinsamen Essen wurden noch zaghaft Kontakte gekn\u00fcpft. Zur\u00fcck in Prag, konnten wir rings um den Wenzelsplatz einen ersten Eindruck von der Prager Altstadt gewinnen.\n\n\n<h2>\u00dcberraschende Gemeinsamkeiten<\/h2>\n\n\nAm Mittwoch stand der Besuch in der EURO Skola Prag an, einem klassischen Gymnasium. Hier hatten wir die Aufgabe, sich in kleinen Gruppen gegenseitig auf Tschechisch, Deutsch und Englisch zu interviewen und anschlie\u00dfend dem Plenum vorzustellen. Da wurde es auch das erste Mal herzlicher und pers\u00f6nlicher. Zum Teil entdeckten wir \u00fcberraschende Gemeinsamkeiten . Im Zuge der Vorbereitung auf den am Folgetag anstehenden Besuch im Radiosender Radio Free Europe pr\u00e4sentierten einige von uns Sch\u00fclern und einige Lehrerinnen eine aufschlussreiche Zusammenfassung der j\u00fcngeren tschechischen Geschichte, insbesondere die Hintergr\u00fcnde des Prager Fr\u00fchlings von 1968.\n\n\n<h2>Tschechische Sch\u00fcler zeigen ihre Stadt<\/h2>\n\n\n<a href=\"https:\/\/relaunch.euroakademie.de\/magazin\/wp-content\/uploads\/2017\/09\/A_IMG_5255_web.jpg\"><img loading=\"lazy\" decoding=\"async\" class=\"wp-image-5879 alignright\" src=\"https:\/\/relaunch.euroakademie.de\/magazin\/wp-content\/uploads\/2017\/09\/A_IMG_5255_web.jpg\" alt=\"\" width=\"250\" height=\"172\" srcset=\"https:\/\/www.euroakademie.de\/magazin\/wp-content\/uploads\/2017\/09\/A_IMG_5255_web.jpg 500w, https:\/\/www.euroakademie.de\/magazin\/wp-content\/uploads\/2017\/09\/A_IMG_5255_web-300x206.jpg 300w, https:\/\/www.euroakademie.de\/magazin\/wp-content\/uploads\/2017\/09\/A_IMG_5255_web-150x103.jpg 150w, https:\/\/www.euroakademie.de\/magazin\/wp-content\/uploads\/2017\/09\/A_IMG_5255_web-450x309.jpg 450w\" sizes=\"(max-width: 250px) 100vw, 250px\" \/><\/a>Nach dem Schulbesuch ging es auf die Prager Burg, mit F\u00fchrung durch Kathedrale und Schloss und dem Besuch des goldenen G\u00e4sschens \u2013 auch hier wieder unterst\u00fctzt durch kleine Pr\u00e4sentationen der tschechischen Sch\u00fcler zu einzelnen Sehensw\u00fcrdigkeiten. Zu Fu\u00df gingen wir hinunter zur Moldau, \u00fcber die eindrucksvolle Karlsbr\u00fccke, hin\u00fcber zur Altstadt. Der Tag fand seinen Abschluss in einer Vorstellung im Schwarzen Theater: eine pantomimische Groteske zum Frankenstein-Thema.Gut gelaunt und m\u00fcde, aber voller Eindr\u00fccke, kehrten wir zu unserer Unterkunft im Studentenwohnheim zur\u00fcck.\n\nWir freuen uns auf die n\u00e4chsten beiden Tage!\n\n<a href=\"https:\/\/relaunch.euroakademie.de\/magazin\/wp-content\/uploads\/2017\/09\/C_IMG_5188_web.jpg\"><img loading=\"lazy\" decoding=\"async\" class=\"alignnone wp-image-5881 size-thumbnail\" src=\"https:\/\/relaunch.euroakademie.de\/magazin\/wp-content\/uploads\/2017\/09\/C_IMG_5188_web-150x150.jpg\" alt=\"\" width=\"150\" height=\"150\" \/><\/a> <a href=\"https:\/\/relaunch.euroakademie.de\/magazin\/wp-content\/uploads\/2017\/09\/B_IMG_5184_web.jpg\"><img loading=\"lazy\" decoding=\"async\" class=\"alignnone wp-image-5880 size-thumbnail\" src=\"https:\/\/relaunch.euroakademie.de\/magazin\/wp-content\/uploads\/2017\/09\/B_IMG_5184_web-150x150.jpg\" alt=\"\" width=\"150\" height=\"150\" \/><\/a> <a href=\"https:\/\/relaunch.euroakademie.de\/magazin\/wp-content\/uploads\/2017\/09\/IMG_5267_web.jpg\"><img loading=\"lazy\" decoding=\"async\" class=\"alignnone wp-image-5888 size-thumbnail\" src=\"https:\/\/relaunch.euroakademie.de\/magazin\/wp-content\/uploads\/2017\/09\/IMG_5267_web-150x150.jpg\" alt=\"\" width=\"150\" height=\"150\" \/><\/a> <a href=\"https:\/\/relaunch.euroakademie.de\/magazin\/wp-content\/uploads\/2017\/09\/IMG_5265_web.jpg\"><img loading=\"lazy\" decoding=\"async\" class=\"alignnone wp-image-5887 size-thumbnail\" src=\"https:\/\/relaunch.euroakademie.de\/magazin\/wp-content\/uploads\/2017\/09\/IMG_5265_web-150x150.jpg\" alt=\"\" width=\"150\" height=\"150\" \/><\/a> <a href=\"https:\/\/relaunch.euroakademie.de\/magazin\/wp-content\/uploads\/2017\/09\/IMG_5242_web.jpg\"><img loading=\"lazy\" decoding=\"async\" class=\"alignnone wp-image-5886 size-thumbnail\" src=\"https:\/\/relaunch.euroakademie.de\/magazin\/wp-content\/uploads\/2017\/09\/IMG_5242_web-150x150.jpg\" alt=\"\" width=\"150\" height=\"150\" \/><\/a> <a href=\"https:\/\/relaunch.euroakademie.de\/magazin\/wp-content\/uploads\/2017\/09\/IMG_5224_web.jpg\"><img loading=\"lazy\" decoding=\"async\" class=\"alignnone wp-image-5885 size-thumbnail\" src=\"https:\/\/relaunch.euroakademie.de\/magazin\/wp-content\/uploads\/2017\/09\/IMG_5224_web-150x150.jpg\" alt=\"\" width=\"150\" height=\"150\" \/><\/a>]]>\t\t<\/p>\n","protected":false},"excerpt":{"rendered":"<p>\t\t\t\t<![CDATA[]]>\t\t<\/p>\n","protected":false},"author":25,"featured_media":5877,"comment_status":"closed","ping_status":"closed","sticky":false,"template":"","format":"standard","meta":{"footnotes":""},"categories":[73,37],"tags":[2464,2539,2647,3433,3529,4600,6592,7627,8428],"class_list":{"0":"post-5899","1":"post","2":"type-post","3":"status-publish","4":"format-standard","5":"has-post-thumbnail","7":"category-berlin","8":"category-von-schuelern-fuer-schueler","9":"tag-erasmus-2","10":"tag-erlebnisse","11":"tag-eu-programm-erasmus","12":"tag-gemeinsamkeiten","13":"tag-geschichte","14":"tag-klassenfahrt","15":"tag-prag","16":"tag-sozialassistenten","17":"tag-tschechien"},"yoast_head":"<!-- This site is optimized with the Yoast SEO plugin v23.5 - https:\/\/yoast.com\/wordpress\/plugins\/seo\/ -->\n<title>Klassenfahrt Prag: Gemeinsamkeiten entdecken \/ Euro Akademie Magazin<\/title>\n<meta name=\"description\" content=\"Vom 18. bis 22. September reisten die angehenden Sozialassistenten im Rahmen des EU-Programmes Erasmus+ nach Prag. Hier erz\u00e4hlen sie von ihren Erlebnissen:\" \/>\n<meta name=\"robots\" content=\"index, follow, max-snippet:-1, max-image-preview:large, max-video-preview:-1\" \/>\n<link rel=\"canonical\" href=\"https:\/\/www.euroakademie.de\/magazin\/auf-klassenfahrt-in-prag\/\" \/>\n<meta property=\"og:locale\" content=\"de_DE\" \/>\n<meta property=\"og:type\" content=\"article\" \/>\n<meta property=\"og:title\" content=\"Klassenfahrt Prag: Gemeinsamkeiten entdecken \/ Euro Akademie Magazin\" \/>\n<meta property=\"og:description\" content=\"Vom 18. bis 22. September reisten die angehenden Sozialassistenten im Rahmen des EU-Programmes Erasmus+ nach Prag. Hier erz\u00e4hlen sie von ihren Erlebnissen:\" \/>\n<meta property=\"og:url\" content=\"https:\/\/www.euroakademie.de\/magazin\/auf-klassenfahrt-in-prag\/\" \/>\n<meta property=\"og:site_name\" content=\"Das Euro Akademie Magazin\" \/>\n<meta property=\"article:published_time\" content=\"2017-09-26T06:37:57+00:00\" \/>\n<meta property=\"og:image\" content=\"https:\/\/www.euroakademie.de\/magazin\/wp-content\/uploads\/2017\/09\/G_IMG_5180_702_336_web.jpg\" \/>\n\t<meta property=\"og:image:width\" content=\"702\" \/>\n\t<meta property=\"og:image:height\" content=\"336\" \/>\n\t<meta property=\"og:image:type\" content=\"image\/jpeg\" \/>\n<meta name=\"author\" content=\"Sch\u00fcler*innen der Euro Akademie\" \/>\n<meta name=\"twitter:card\" content=\"summary_large_image\" \/>\n<meta name=\"twitter:label1\" content=\"Verfasst von\" \/>\n\t<meta name=\"twitter:data1\" content=\"Sch\u00fcler*innen der Euro Akademie\" \/>\n\t<meta name=\"twitter:label2\" content=\"Gesch\u00e4tzte Lesezeit\" \/>\n\t<meta name=\"twitter:data2\" content=\"3\u00a0Minuten\" \/>\n<script type=\"application\/ld+json\" class=\"yoast-schema-graph\">{\"@context\":\"https:\/\/schema.org\",\"@graph\":[{\"@type\":\"Article\",\"@id\":\"https:\/\/www.euroakademie.de\/magazin\/auf-klassenfahrt-in-prag\/#article\",\"isPartOf\":{\"@id\":\"https:\/\/www.euroakademie.de\/magazin\/auf-klassenfahrt-in-prag\/\"},\"author\":{\"name\":\"Sch\u00fcler*innen der Euro Akademie\",\"@id\":\"https:\/\/www.euroakademie.de\/magazin\/#\/schema\/person\/88061163260e860aeebdcfa336a1a0d7\"},\"headline\":\"Auf Klassenfahrt in Prag: Neues sehen \u2013 Gemeinsamkeiten entdecken\",\"datePublished\":\"2017-09-26T06:37:57+00:00\",\"dateModified\":\"2017-09-26T06:37:57+00:00\",\"mainEntityOfPage\":{\"@id\":\"https:\/\/www.euroakademie.de\/magazin\/auf-klassenfahrt-in-prag\/\"},\"wordCount\":567,\"publisher\":{\"@id\":\"https:\/\/www.euroakademie.de\/magazin\/#organization\"},\"image\":{\"@id\":\"https:\/\/www.euroakademie.de\/magazin\/auf-klassenfahrt-in-prag\/#primaryimage\"},\"thumbnailUrl\":\"https:\/\/www.euroakademie.de\/magazin\/wp-content\/uploads\/2017\/09\/G_IMG_5180_702_336_web.jpg\",\"keywords\":[\"Erasmus\",\"Erlebnisse\",\"EU-PRogramm Erasmus+\",\"Gemeinsamkeiten\",\"Geschichte\",\"Klassenfahrt\",\"Prag\",\"Sozialassistenten\",\"Tschechien\"],\"articleSection\":[\"Berlin\",\"Von Sch\u00fclern f\u00fcr Sch\u00fcler\"],\"inLanguage\":\"de\"},{\"@type\":\"WebPage\",\"@id\":\"https:\/\/www.euroakademie.de\/magazin\/auf-klassenfahrt-in-prag\/\",\"url\":\"https:\/\/www.euroakademie.de\/magazin\/auf-klassenfahrt-in-prag\/\",\"name\":\"Klassenfahrt Prag: Gemeinsamkeiten entdecken \/ Euro Akademie Magazin\",\"isPartOf\":{\"@id\":\"https:\/\/www.euroakademie.de\/magazin\/#website\"},\"primaryImageOfPage\":{\"@id\":\"https:\/\/www.euroakademie.de\/magazin\/auf-klassenfahrt-in-prag\/#primaryimage\"},\"image\":{\"@id\":\"https:\/\/www.euroakademie.de\/magazin\/auf-klassenfahrt-in-prag\/#primaryimage\"},\"thumbnailUrl\":\"https:\/\/www.euroakademie.de\/magazin\/wp-content\/uploads\/2017\/09\/G_IMG_5180_702_336_web.jpg\",\"datePublished\":\"2017-09-26T06:37:57+00:00\",\"dateModified\":\"2017-09-26T06:37:57+00:00\",\"description\":\"Vom 18. bis 22. September reisten die angehenden Sozialassistenten im Rahmen des EU-Programmes Erasmus+ nach Prag. Hier erz\u00e4hlen sie von ihren Erlebnissen:\",\"breadcrumb\":{\"@id\":\"https:\/\/www.euroakademie.de\/magazin\/auf-klassenfahrt-in-prag\/#breadcrumb\"},\"inLanguage\":\"de\",\"potentialAction\":[{\"@type\":\"ReadAction\",\"target\":[\"https:\/\/www.euroakademie.de\/magazin\/auf-klassenfahrt-in-prag\/\"]}]},{\"@type\":\"ImageObject\",\"inLanguage\":\"de\",\"@id\":\"https:\/\/www.euroakademie.de\/magazin\/auf-klassenfahrt-in-prag\/#primaryimage\",\"url\":\"https:\/\/www.euroakademie.de\/magazin\/wp-content\/uploads\/2017\/09\/G_IMG_5180_702_336_web.jpg\",\"contentUrl\":\"https:\/\/www.euroakademie.de\/magazin\/wp-content\/uploads\/2017\/09\/G_IMG_5180_702_336_web.jpg\",\"width\":702,\"height\":336,\"caption\":\"\"},{\"@type\":\"BreadcrumbList\",\"@id\":\"https:\/\/www.euroakademie.de\/magazin\/auf-klassenfahrt-in-prag\/#breadcrumb\",\"itemListElement\":[{\"@type\":\"ListItem\",\"position\":1,\"name\":\"Startseite\",\"item\":\"https:\/\/www.euroakademie.de\/magazin\/\"},{\"@type\":\"ListItem\",\"position\":2,\"name\":\"Auf Klassenfahrt in Prag: Neues sehen \u2013 Gemeinsamkeiten entdecken\"}]},{\"@type\":\"WebSite\",\"@id\":\"https:\/\/www.euroakademie.de\/magazin\/#website\",\"url\":\"https:\/\/www.euroakademie.de\/magazin\/\",\"name\":\"Das Euro Akademie Magazin\",\"description\":\"Gut informiert durch Ausbildung und Studium\",\"publisher\":{\"@id\":\"https:\/\/www.euroakademie.de\/magazin\/#organization\"},\"potentialAction\":[{\"@type\":\"SearchAction\",\"target\":{\"@type\":\"EntryPoint\",\"urlTemplate\":\"https:\/\/www.euroakademie.de\/magazin\/?s={search_term_string}\"},\"query-input\":{\"@type\":\"PropertyValueSpecification\",\"valueRequired\":true,\"valueName\":\"search_term_string\"}}],\"inLanguage\":\"de\"},{\"@type\":\"Organization\",\"@id\":\"https:\/\/www.euroakademie.de\/magazin\/#organization\",\"name\":\"ESO Education Group\",\"url\":\"https:\/\/www.euroakademie.de\/magazin\/\",\"logo\":{\"@type\":\"ImageObject\",\"inLanguage\":\"de\",\"@id\":\"https:\/\/www.euroakademie.de\/magazin\/#\/schema\/logo\/image\/\",\"url\":\"https:\/\/relaunch.euroakademie.de\/magazin\/wp-content\/uploads\/2024\/11\/Logo_EA_negativ_Rahmen_5cm_300dpi_RGB.jpg\",\"contentUrl\":\"https:\/\/relaunch.euroakademie.de\/magazin\/wp-content\/uploads\/2024\/11\/Logo_EA_negativ_Rahmen_5cm_300dpi_RGB.jpg\",\"width\":591,\"height\":236,\"caption\":\"ESO Education Group\"},\"image\":{\"@id\":\"https:\/\/www.euroakademie.de\/magazin\/#\/schema\/logo\/image\/\"}},{\"@type\":\"Person\",\"@id\":\"https:\/\/www.euroakademie.de\/magazin\/#\/schema\/person\/88061163260e860aeebdcfa336a1a0d7\",\"name\":\"Sch\u00fcler*innen der Euro Akademie\",\"description\":\"Unter diesem Autorennamen schildern Sch\u00fcler*innen der Euro Akademien ihre pers\u00f6nlichen Erfahrungen zum Thema Ausbildung, berichten \u00fcber Projekte, Praktika oder Veranstaltungen und geben anderen Lernenden wertvolle Tipps. Sie gehen dabei auf Fragen ein, auf die sie vor und in ihrer Ausbildungszeit selbst gern Antworten gehabt h\u00e4tten.\",\"url\":\"https:\/\/www.euroakademie.de\/magazin\/author\/schueler\/\"}]}<\/script>\n<!-- \/ Yoast SEO plugin. -->","yoast_head_json":{"title":"Klassenfahrt Prag: Gemeinsamkeiten entdecken \/ Euro Akademie Magazin","description":"Vom 18. bis 22. September reisten die angehenden Sozialassistenten im Rahmen des EU-Programmes Erasmus+ nach Prag. Hier erz\u00e4hlen sie von ihren Erlebnissen:","robots":{"index":"index","follow":"follow","max-snippet":"max-snippet:-1","max-image-preview":"max-image-preview:large","max-video-preview":"max-video-preview:-1"},"canonical":"https:\/\/www.euroakademie.de\/magazin\/auf-klassenfahrt-in-prag\/","og_locale":"de_DE","og_type":"article","og_title":"Klassenfahrt Prag: Gemeinsamkeiten entdecken \/ Euro Akademie Magazin","og_description":"Vom 18. bis 22. September reisten die angehenden Sozialassistenten im Rahmen des EU-Programmes Erasmus+ nach Prag. Hier erz\u00e4hlen sie von ihren Erlebnissen:","og_url":"https:\/\/www.euroakademie.de\/magazin\/auf-klassenfahrt-in-prag\/","og_site_name":"Das Euro Akademie Magazin","article_published_time":"2017-09-26T06:37:57+00:00","og_image":[{"width":702,"height":336,"url":"https:\/\/www.euroakademie.de\/magazin\/wp-content\/uploads\/2017\/09\/G_IMG_5180_702_336_web.jpg","type":"image\/jpeg"}],"author":"Sch\u00fcler*innen der Euro Akademie","twitter_card":"summary_large_image","twitter_misc":{"Verfasst von":"Sch\u00fcler*innen der Euro Akademie","Gesch\u00e4tzte Lesezeit":"3\u00a0Minuten"},"schema":{"@context":"https:\/\/schema.org","@graph":[{"@type":"Article","@id":"https:\/\/www.euroakademie.de\/magazin\/auf-klassenfahrt-in-prag\/#article","isPartOf":{"@id":"https:\/\/www.euroakademie.de\/magazin\/auf-klassenfahrt-in-prag\/"},"author":{"name":"Sch\u00fcler*innen der Euro Akademie","@id":"https:\/\/www.euroakademie.de\/magazin\/#\/schema\/person\/88061163260e860aeebdcfa336a1a0d7"},"headline":"Auf Klassenfahrt in Prag: Neues sehen \u2013 Gemeinsamkeiten entdecken","datePublished":"2017-09-26T06:37:57+00:00","dateModified":"2017-09-26T06:37:57+00:00","mainEntityOfPage":{"@id":"https:\/\/www.euroakademie.de\/magazin\/auf-klassenfahrt-in-prag\/"},"wordCount":567,"publisher":{"@id":"https:\/\/www.euroakademie.de\/magazin\/#organization"},"image":{"@id":"https:\/\/www.euroakademie.de\/magazin\/auf-klassenfahrt-in-prag\/#primaryimage"},"thumbnailUrl":"https:\/\/www.euroakademie.de\/magazin\/wp-content\/uploads\/2017\/09\/G_IMG_5180_702_336_web.jpg","keywords":["Erasmus","Erlebnisse","EU-PRogramm Erasmus+","Gemeinsamkeiten","Geschichte","Klassenfahrt","Prag","Sozialassistenten","Tschechien"],"articleSection":["Berlin","Von Sch\u00fclern f\u00fcr Sch\u00fcler"],"inLanguage":"de"},{"@type":"WebPage","@id":"https:\/\/www.euroakademie.de\/magazin\/auf-klassenfahrt-in-prag\/","url":"https:\/\/www.euroakademie.de\/magazin\/auf-klassenfahrt-in-prag\/","name":"Klassenfahrt Prag: Gemeinsamkeiten entdecken \/ Euro Akademie Magazin","isPartOf":{"@id":"https:\/\/www.euroakademie.de\/magazin\/#website"},"primaryImageOfPage":{"@id":"https:\/\/www.euroakademie.de\/magazin\/auf-klassenfahrt-in-prag\/#primaryimage"},"image":{"@id":"https:\/\/www.euroakademie.de\/magazin\/auf-klassenfahrt-in-prag\/#primaryimage"},"thumbnailUrl":"https:\/\/www.euroakademie.de\/magazin\/wp-content\/uploads\/2017\/09\/G_IMG_5180_702_336_web.jpg","datePublished":"2017-09-26T06:37:57+00:00","dateModified":"2017-09-26T06:37:57+00:00","description":"Vom 18. bis 22. September reisten die angehenden Sozialassistenten im Rahmen des EU-Programmes Erasmus+ nach Prag. Hier erz\u00e4hlen sie von ihren Erlebnissen:","breadcrumb":{"@id":"https:\/\/www.euroakademie.de\/magazin\/auf-klassenfahrt-in-prag\/#breadcrumb"},"inLanguage":"de","potentialAction":[{"@type":"ReadAction","target":["https:\/\/www.euroakademie.de\/magazin\/auf-klassenfahrt-in-prag\/"]}]},{"@type":"ImageObject","inLanguage":"de","@id":"https:\/\/www.euroakademie.de\/magazin\/auf-klassenfahrt-in-prag\/#primaryimage","url":"https:\/\/www.euroakademie.de\/magazin\/wp-content\/uploads\/2017\/09\/G_IMG_5180_702_336_web.jpg","contentUrl":"https:\/\/www.euroakademie.de\/magazin\/wp-content\/uploads\/2017\/09\/G_IMG_5180_702_336_web.jpg","width":702,"height":336,"caption":""},{"@type":"BreadcrumbList","@id":"https:\/\/www.euroakademie.de\/magazin\/auf-klassenfahrt-in-prag\/#breadcrumb","itemListElement":[{"@type":"ListItem","position":1,"name":"Startseite","item":"https:\/\/www.euroakademie.de\/magazin\/"},{"@type":"ListItem","position":2,"name":"Auf Klassenfahrt in Prag: Neues sehen \u2013 Gemeinsamkeiten entdecken"}]},{"@type":"WebSite","@id":"https:\/\/www.euroakademie.de\/magazin\/#website","url":"https:\/\/www.euroakademie.de\/magazin\/","name":"Das Euro Akademie Magazin","description":"Gut informiert durch Ausbildung und Studium","publisher":{"@id":"https:\/\/www.euroakademie.de\/magazin\/#organization"},"potentialAction":[{"@type":"SearchAction","target":{"@type":"EntryPoint","urlTemplate":"https:\/\/www.euroakademie.de\/magazin\/?s={search_term_string}"},"query-input":{"@type":"PropertyValueSpecification","valueRequired":true,"valueName":"search_term_string"}}],"inLanguage":"de"},{"@type":"Organization","@id":"https:\/\/www.euroakademie.de\/magazin\/#organization","name":"ESO Education Group","url":"https:\/\/www.euroakademie.de\/magazin\/","logo":{"@type":"ImageObject","inLanguage":"de","@id":"https:\/\/www.euroakademie.de\/magazin\/#\/schema\/logo\/image\/","url":"https:\/\/relaunch.euroakademie.de\/magazin\/wp-content\/uploads\/2024\/11\/Logo_EA_negativ_Rahmen_5cm_300dpi_RGB.jpg","contentUrl":"https:\/\/relaunch.euroakademie.de\/magazin\/wp-content\/uploads\/2024\/11\/Logo_EA_negativ_Rahmen_5cm_300dpi_RGB.jpg","width":591,"height":236,"caption":"ESO Education Group"},"image":{"@id":"https:\/\/www.euroakademie.de\/magazin\/#\/schema\/logo\/image\/"}},{"@type":"Person","@id":"https:\/\/www.euroakademie.de\/magazin\/#\/schema\/person\/88061163260e860aeebdcfa336a1a0d7","name":"Sch\u00fcler*innen der Euro Akademie","description":"Unter diesem Autorennamen schildern Sch\u00fcler*innen der Euro Akademien ihre pers\u00f6nlichen Erfahrungen zum Thema Ausbildung, berichten \u00fcber Projekte, Praktika oder Veranstaltungen und geben anderen Lernenden wertvolle Tipps. Sie gehen dabei auf Fragen ein, auf die sie vor und in ihrer Ausbildungszeit selbst gern Antworten gehabt h\u00e4tten.","url":"https:\/\/www.euroakademie.de\/magazin\/author\/schueler\/"}]}},"_links":{"self":[{"href":"https:\/\/www.euroakademie.de\/magazin\/wp-json\/wp\/v2\/posts\/5899","targetHints":{"allow":["GET"]}}],"collection":[{"href":"https:\/\/www.euroakademie.de\/magazin\/wp-json\/wp\/v2\/posts"}],"about":[{"href":"https:\/\/www.euroakademie.de\/magazin\/wp-json\/wp\/v2\/types\/post"}],"author":[{"embeddable":true,"href":"https:\/\/www.euroakademie.de\/magazin\/wp-json\/wp\/v2\/users\/25"}],"replies":[{"embeddable":true,"href":"https:\/\/www.euroakademie.de\/magazin\/wp-json\/wp\/v2\/comments?post=5899"}],"version-history":[{"count":0,"href":"https:\/\/www.euroakademie.de\/magazin\/wp-json\/wp\/v2\/posts\/5899\/revisions"}],"wp:featuredmedia":[{"embeddable":true,"href":"https:\/\/www.euroakademie.de\/magazin\/wp-json\/wp\/v2\/media\/5877"}],"wp:attachment":[{"href":"https:\/\/www.euroakademie.de\/magazin\/wp-json\/wp\/v2\/media?parent=5899"}],"wp:term":[{"taxonomy":"category","embeddable":true,"href":"https:\/\/www.euroakademie.de\/magazin\/wp-json\/wp\/v2\/categories?post=5899"},{"taxonomy":"post_tag","embeddable":true,"href":"https:\/\/www.euroakademie.de\/magazin\/wp-json\/wp\/v2\/tags?post=5899"}],"curies":[{"name":"wp","href":"https:\/\/api.w.org\/{rel}","templated":true}]}}