{"id":6008,"date":"2017-10-19T12:38:54","date_gmt":"2017-10-19T10:38:54","guid":{"rendered":"https:\/\/www.euroakademie.de\/magazin\/?p=6008"},"modified":"2024-11-19T13:25:11","modified_gmt":"2024-11-19T12:25:11","slug":"respekt-vor-dem-neustart","status":"publish","type":"post","link":"https:\/\/www.euroakademie.de\/magazin\/respekt-vor-dem-neustart\/","title":{"rendered":"Respekt vor dem Neustart"},"content":{"rendered":"<p>\t\t\t\t<![CDATA[<strong>Ein Neustart ist immer eine aufregende Sache. Viktoria Lange hat gerade ihre Ausbildung zum <a href=\"https:\/\/www.euroakademie.de\/hannover\/bildungsangebote\/details\/U1____XZ714_8S_1\/Kaufmaennischer-Assistentin---Fachrichtung-Fremdsprachen-und-Kor\" target=\"_blank\" rel=\"noopener\">Kaufm\u00e4nnischen Assistenten<\/a> der Fachrichtung <a href=\"https:\/\/www.euroakademie.de\/de\/standorte\/hannover\/ausbildung\/kaufmaennischer-assistent\/fremdsprachen-und-korrespondenz.html\" target=\"_blank\" rel=\"noopener\">Fremdsprachen und Korrespondenz<\/a> an der Euro Akademie Hannover begonnen. Gleichzeitig absolviert sie ihre Fachhochschulreife mit der Option auf einen sp\u00e4teren Bachelor-Abschluss. Hier berichtet die Sch\u00fclerin, wie sie und ihre Mitsch\u00fcler diese spannende Zeit erlebt haben.<\/strong>\n\nWer kennt sie nicht, die Situation irgendwo &#8222;neu&#8220; und &#8222;fremd&#8220; zu sein und sich auf andere Menschen, Kulturen und Pers\u00f6nlichkeiten einlassen zu m\u00fcssen? Sei es der Eintritt in einen neuen Sportverein, der Aufbau eines neuen Freundeskreises oder der Start an einer neuen Schule. Die Konfrontation mit einer ungewohnten Umgebung, mit v\u00f6llig fremden \u201eLeidensgenossen\u201c bleibt dabei unvermeidbar.\n\n\n<h2>Zeit f\u00fcr neue Kontakte<\/h2>\n\n\n[caption id=\"attachment_6023\" align=\"alignright\" width=\"200\"]<a href=\"https:\/\/relaunch.euroakademie.de\/magazin\/wp-content\/uploads\/2017\/10\/ViktoriaLange-1_web.jpg\"><img decoding=\"async\" class=\"wp-image-6023 size-full\" src=\"https:\/\/relaunch.euroakademie.de\/magazin\/wp-content\/uploads\/2017\/10\/ViktoriaLange-1_web.jpg\" alt=\"\" width=\"200\" height=\"230\" srcset=\"https:\/\/www.euroakademie.de\/magazin\/wp-content\/uploads\/2017\/10\/ViktoriaLange-1_web.jpg 200w, https:\/\/www.euroakademie.de\/magazin\/wp-content\/uploads\/2017\/10\/ViktoriaLange-1_web-150x173.jpg 150w\" sizes=\"(max-width: 200px) 100vw, 200px\" \/><\/a> <em>Victoria Lange<\/em>[\/caption]\n\nWir, die Sch\u00fcler des neuen Jahrgangs der <a href=\"https:\/\/www.euroakademie.de\/de\/standorte\/hannover.html\" target=\"_blank\" rel=\"noopener\">Euro Akademie Hannover<\/a>, sprechen da aus j\u00fcngster Erfahrung und k\u00f6nnen Euch versichern: Ein Neustart an der Euro Akademie ist vielleicht erstmal einsch\u00fcchternd, wird sich aber nach kurzer Zeit als ein echt interessantes, entspanntes und \u00e4u\u00dferst witziges Unterfangen entpuppen.\nWer dachte, dass es von Beginn an mit striktem Unterricht und unter Druck setzenden Ansagen losgehen w\u00fcrde, der wurde schon am ersten Tag eines Besseren belehrt. In unseren ersten zwei Wochen haben wir sehr viel Raum und Zeit bekommen, uns gegenseitig und die Sch\u00fcler, die in den Jahrg\u00e4ngen \u00fcber uns sind, kennenzulernen.\n\n\n<h2>Stadtrallye \u2013 Hannover live erleben<\/h2>\n\n\nAuch die Lehrer haben sich vielen Fragen gestellt und es wurde das Gef\u00fchl vermittelt, dass man selbst als Pers\u00f6nlichkeit und Mensch ma\u00dfgeblich an der Gestaltung des Schulalltags beteiligt ist. Der Fokus lag jedoch ebenfalls darauf, uns die Schule mit ihren Facetten und Ausbildungsinhalten n\u00e4herzubringen \u2013 wobei das Augenmerk dabei nicht nur auf das Schulische gerichtet war, sondern auch auf unseren Standort Hannover, der uns, durch eine von \u00e4lteren Sch\u00fclern ausgearbeitete Stadtrallye, pr\u00e4sentiert wurde (und bei der die Sieger selbstverst\u00e4ndlich nicht leer ausgingen).\n\nDurch die vielseitigen Kurskombinationen in den verschiedenen Klassen trafen wir schon in den ersten Tagen oft auf \u00e4ltere Sch\u00fcler, die uns von Anfang an mit sehr viel Offenheit, Hilfsbereitschaft und vor allem Neugier begegneten.\n\n\n<h2>Famili\u00e4res Miteinander und Gemeinschaft<\/h2>\n\n\nAlles in allem war unser Neustart an der Euro Akademie zwar durch anf\u00e4nglichen Respekt gepr\u00e4gt, der aber bereits nach kurzer Zeit gegen ein famili\u00e4res Miteinander und Gemeinschaft ausgetauscht wurde.\nDaher unser Rat an potentielle, zuk\u00fcnftige Mitsch\u00fcler: Legt Eure Angst beiseite oder werft sie gleich aus dem Fenster, denn wir wurden an dieser Schule sehr herzlich aufgenommen, integriert und jede Pers\u00f6nlichkeit wurde von Anfang an gesch\u00e4tzt. Diese positive Erfahrung wird uns veranlassen, jedem \u201eNeuank\u00f6mmling\u201c mit derselben Aufnahmefreudigkeit zu begegnen.]]>\t\t<\/p>\n","protected":false},"excerpt":{"rendered":"<p>\t\t\t\t<![CDATA[]]>\t\t<\/p>\n","protected":false},"author":25,"featured_media":6028,"comment_status":"closed","ping_status":"closed","sticky":false,"template":"","format":"standard","meta":{"footnotes":""},"categories":[112,37],"tags":[799,865,889,1018,2656,2668,2773,3181,3841,4456,6049],"class_list":{"0":"post-6008","1":"post","2":"type-post","3":"status-publish","4":"format-standard","5":"has-post-thumbnail","7":"category-hannover","8":"category-von-schuelern-fuer-schueler","9":"tag-ausbildung","10":"tag-ausbildungsbeginn","11":"tag-ausbildungsstart","12":"tag-bachelor","13":"tag-euro-akademie","14":"tag-euro-akademie-hannover","15":"tag-fachhochschulreife","16":"tag-fremdsprachen-und-korrespondenz","17":"tag-hannover","18":"tag-kaufmaennischer-assistent","19":"tag-neustart"},"yoast_head":"<!-- This site is optimized with the Yoast SEO plugin v23.5 - https:\/\/yoast.com\/wordpress\/plugins\/seo\/ -->\n<title>Respekt vor dem Neustart \/ Euro Akademie Magazin<\/title>\n<meta name=\"description\" content=\"Ein Neustart ist aufregend. Viktoria Lange hat gerade ihre Ausbildung zum Kaufm\u00e4nnischen Assistenten an der Euro Akademie Hannover begonnen.\" \/>\n<meta name=\"robots\" content=\"index, follow, max-snippet:-1, max-image-preview:large, max-video-preview:-1\" \/>\n<link rel=\"canonical\" href=\"https:\/\/www.euroakademie.de\/magazin\/respekt-vor-dem-neustart\/\" \/>\n<meta property=\"og:locale\" content=\"de_DE\" \/>\n<meta property=\"og:type\" content=\"article\" \/>\n<meta property=\"og:title\" content=\"Respekt vor dem Neustart \/ Euro Akademie Magazin\" \/>\n<meta property=\"og:description\" content=\"Ein Neustart ist aufregend. Viktoria Lange hat gerade ihre Ausbildung zum Kaufm\u00e4nnischen Assistenten an der Euro Akademie Hannover begonnen.\" \/>\n<meta property=\"og:url\" content=\"https:\/\/www.euroakademie.de\/magazin\/respekt-vor-dem-neustart\/\" \/>\n<meta property=\"og:site_name\" content=\"Das Euro Akademie Magazin\" \/>\n<meta property=\"article:published_time\" content=\"2017-10-19T10:38:54+00:00\" \/>\n<meta property=\"article:modified_time\" content=\"2024-11-19T12:25:11+00:00\" \/>\n<meta property=\"og:image\" content=\"https:\/\/www.euroakademie.de\/magazin\/wp-content\/uploads\/2017\/10\/Stadtrallye_702x336_web.jpg\" \/>\n\t<meta property=\"og:image:width\" content=\"702\" \/>\n\t<meta property=\"og:image:height\" content=\"338\" \/>\n\t<meta property=\"og:image:type\" content=\"image\/jpeg\" \/>\n<meta name=\"author\" content=\"Sch\u00fcler*innen der Euro Akademie\" \/>\n<meta name=\"twitter:card\" content=\"summary_large_image\" \/>\n<meta name=\"twitter:label1\" content=\"Verfasst von\" \/>\n\t<meta name=\"twitter:data1\" content=\"Sch\u00fcler*innen der Euro Akademie\" \/>\n\t<meta name=\"twitter:label2\" content=\"Gesch\u00e4tzte Lesezeit\" \/>\n\t<meta name=\"twitter:data2\" content=\"2\u00a0Minuten\" \/>\n<script type=\"application\/ld+json\" class=\"yoast-schema-graph\">{\"@context\":\"https:\/\/schema.org\",\"@graph\":[{\"@type\":\"Article\",\"@id\":\"https:\/\/www.euroakademie.de\/magazin\/respekt-vor-dem-neustart\/#article\",\"isPartOf\":{\"@id\":\"https:\/\/www.euroakademie.de\/magazin\/respekt-vor-dem-neustart\/\"},\"author\":{\"name\":\"Sch\u00fcler*innen der Euro Akademie\",\"@id\":\"https:\/\/www.euroakademie.de\/magazin\/#\/schema\/person\/88061163260e860aeebdcfa336a1a0d7\"},\"headline\":\"Respekt vor dem Neustart\",\"datePublished\":\"2017-10-19T10:38:54+00:00\",\"dateModified\":\"2024-11-19T12:25:11+00:00\",\"mainEntityOfPage\":{\"@id\":\"https:\/\/www.euroakademie.de\/magazin\/respekt-vor-dem-neustart\/\"},\"wordCount\":457,\"publisher\":{\"@id\":\"https:\/\/www.euroakademie.de\/magazin\/#organization\"},\"image\":{\"@id\":\"https:\/\/www.euroakademie.de\/magazin\/respekt-vor-dem-neustart\/#primaryimage\"},\"thumbnailUrl\":\"https:\/\/www.euroakademie.de\/magazin\/wp-content\/uploads\/2017\/10\/Stadtrallye_702x336_web.jpg\",\"keywords\":[\"Ausbildung\",\"Ausbildungsbeginn\",\"Ausbildungsstart\",\"Bachelor\",\"Euro Akademie\",\"Euro Akademie Hannover\",\"Fachhochschulreife\",\"Fremdsprachen und Korrespondenz\",\"Hannover\",\"Kaufm\u00e4nnischer Assistent\",\"Neustart\"],\"articleSection\":[\"Hannover\",\"Von Sch\u00fclern f\u00fcr Sch\u00fcler\"],\"inLanguage\":\"de\"},{\"@type\":\"WebPage\",\"@id\":\"https:\/\/www.euroakademie.de\/magazin\/respekt-vor-dem-neustart\/\",\"url\":\"https:\/\/www.euroakademie.de\/magazin\/respekt-vor-dem-neustart\/\",\"name\":\"Respekt vor dem Neustart \/ Euro Akademie Magazin\",\"isPartOf\":{\"@id\":\"https:\/\/www.euroakademie.de\/magazin\/#website\"},\"primaryImageOfPage\":{\"@id\":\"https:\/\/www.euroakademie.de\/magazin\/respekt-vor-dem-neustart\/#primaryimage\"},\"image\":{\"@id\":\"https:\/\/www.euroakademie.de\/magazin\/respekt-vor-dem-neustart\/#primaryimage\"},\"thumbnailUrl\":\"https:\/\/www.euroakademie.de\/magazin\/wp-content\/uploads\/2017\/10\/Stadtrallye_702x336_web.jpg\",\"datePublished\":\"2017-10-19T10:38:54+00:00\",\"dateModified\":\"2024-11-19T12:25:11+00:00\",\"description\":\"Ein Neustart ist aufregend. Viktoria Lange hat gerade ihre Ausbildung zum Kaufm\u00e4nnischen Assistenten an der Euro Akademie Hannover begonnen.\",\"breadcrumb\":{\"@id\":\"https:\/\/www.euroakademie.de\/magazin\/respekt-vor-dem-neustart\/#breadcrumb\"},\"inLanguage\":\"de\",\"potentialAction\":[{\"@type\":\"ReadAction\",\"target\":[\"https:\/\/www.euroakademie.de\/magazin\/respekt-vor-dem-neustart\/\"]}]},{\"@type\":\"ImageObject\",\"inLanguage\":\"de\",\"@id\":\"https:\/\/www.euroakademie.de\/magazin\/respekt-vor-dem-neustart\/#primaryimage\",\"url\":\"https:\/\/www.euroakademie.de\/magazin\/wp-content\/uploads\/2017\/10\/Stadtrallye_702x336_web.jpg\",\"contentUrl\":\"https:\/\/www.euroakademie.de\/magazin\/wp-content\/uploads\/2017\/10\/Stadtrallye_702x336_web.jpg\",\"width\":702,\"height\":338,\"caption\":\"\"},{\"@type\":\"BreadcrumbList\",\"@id\":\"https:\/\/www.euroakademie.de\/magazin\/respekt-vor-dem-neustart\/#breadcrumb\",\"itemListElement\":[{\"@type\":\"ListItem\",\"position\":1,\"name\":\"Startseite\",\"item\":\"https:\/\/www.euroakademie.de\/magazin\/\"},{\"@type\":\"ListItem\",\"position\":2,\"name\":\"Respekt vor dem Neustart\"}]},{\"@type\":\"WebSite\",\"@id\":\"https:\/\/www.euroakademie.de\/magazin\/#website\",\"url\":\"https:\/\/www.euroakademie.de\/magazin\/\",\"name\":\"Das Euro Akademie Magazin\",\"description\":\"Gut informiert durch Ausbildung und Studium\",\"publisher\":{\"@id\":\"https:\/\/www.euroakademie.de\/magazin\/#organization\"},\"potentialAction\":[{\"@type\":\"SearchAction\",\"target\":{\"@type\":\"EntryPoint\",\"urlTemplate\":\"https:\/\/www.euroakademie.de\/magazin\/?s={search_term_string}\"},\"query-input\":{\"@type\":\"PropertyValueSpecification\",\"valueRequired\":true,\"valueName\":\"search_term_string\"}}],\"inLanguage\":\"de\"},{\"@type\":\"Organization\",\"@id\":\"https:\/\/www.euroakademie.de\/magazin\/#organization\",\"name\":\"ESO Education Group\",\"url\":\"https:\/\/www.euroakademie.de\/magazin\/\",\"logo\":{\"@type\":\"ImageObject\",\"inLanguage\":\"de\",\"@id\":\"https:\/\/www.euroakademie.de\/magazin\/#\/schema\/logo\/image\/\",\"url\":\"https:\/\/relaunch.euroakademie.de\/magazin\/wp-content\/uploads\/2024\/11\/Logo_EA_negativ_Rahmen_5cm_300dpi_RGB.jpg\",\"contentUrl\":\"https:\/\/relaunch.euroakademie.de\/magazin\/wp-content\/uploads\/2024\/11\/Logo_EA_negativ_Rahmen_5cm_300dpi_RGB.jpg\",\"width\":591,\"height\":236,\"caption\":\"ESO Education Group\"},\"image\":{\"@id\":\"https:\/\/www.euroakademie.de\/magazin\/#\/schema\/logo\/image\/\"}},{\"@type\":\"Person\",\"@id\":\"https:\/\/www.euroakademie.de\/magazin\/#\/schema\/person\/88061163260e860aeebdcfa336a1a0d7\",\"name\":\"Sch\u00fcler*innen der Euro Akademie\",\"description\":\"Unter diesem Autorennamen schildern Sch\u00fcler*innen der Euro Akademien ihre pers\u00f6nlichen Erfahrungen zum Thema Ausbildung, berichten \u00fcber Projekte, Praktika oder Veranstaltungen und geben anderen Lernenden wertvolle Tipps. Sie gehen dabei auf Fragen ein, auf die sie vor und in ihrer Ausbildungszeit selbst gern Antworten gehabt h\u00e4tten.\",\"url\":\"https:\/\/www.euroakademie.de\/magazin\/author\/schueler\/\"}]}<\/script>\n<!-- \/ Yoast SEO plugin. -->","yoast_head_json":{"title":"Respekt vor dem Neustart \/ Euro Akademie Magazin","description":"Ein Neustart ist aufregend. Viktoria Lange hat gerade ihre Ausbildung zum Kaufm\u00e4nnischen Assistenten an der Euro Akademie Hannover begonnen.","robots":{"index":"index","follow":"follow","max-snippet":"max-snippet:-1","max-image-preview":"max-image-preview:large","max-video-preview":"max-video-preview:-1"},"canonical":"https:\/\/www.euroakademie.de\/magazin\/respekt-vor-dem-neustart\/","og_locale":"de_DE","og_type":"article","og_title":"Respekt vor dem Neustart \/ Euro Akademie Magazin","og_description":"Ein Neustart ist aufregend. Viktoria Lange hat gerade ihre Ausbildung zum Kaufm\u00e4nnischen Assistenten an der Euro Akademie Hannover begonnen.","og_url":"https:\/\/www.euroakademie.de\/magazin\/respekt-vor-dem-neustart\/","og_site_name":"Das Euro Akademie Magazin","article_published_time":"2017-10-19T10:38:54+00:00","article_modified_time":"2024-11-19T12:25:11+00:00","og_image":[{"width":702,"height":338,"url":"https:\/\/www.euroakademie.de\/magazin\/wp-content\/uploads\/2017\/10\/Stadtrallye_702x336_web.jpg","type":"image\/jpeg"}],"author":"Sch\u00fcler*innen der Euro Akademie","twitter_card":"summary_large_image","twitter_misc":{"Verfasst von":"Sch\u00fcler*innen der Euro Akademie","Gesch\u00e4tzte Lesezeit":"2\u00a0Minuten"},"schema":{"@context":"https:\/\/schema.org","@graph":[{"@type":"Article","@id":"https:\/\/www.euroakademie.de\/magazin\/respekt-vor-dem-neustart\/#article","isPartOf":{"@id":"https:\/\/www.euroakademie.de\/magazin\/respekt-vor-dem-neustart\/"},"author":{"name":"Sch\u00fcler*innen der Euro Akademie","@id":"https:\/\/www.euroakademie.de\/magazin\/#\/schema\/person\/88061163260e860aeebdcfa336a1a0d7"},"headline":"Respekt vor dem Neustart","datePublished":"2017-10-19T10:38:54+00:00","dateModified":"2024-11-19T12:25:11+00:00","mainEntityOfPage":{"@id":"https:\/\/www.euroakademie.de\/magazin\/respekt-vor-dem-neustart\/"},"wordCount":457,"publisher":{"@id":"https:\/\/www.euroakademie.de\/magazin\/#organization"},"image":{"@id":"https:\/\/www.euroakademie.de\/magazin\/respekt-vor-dem-neustart\/#primaryimage"},"thumbnailUrl":"https:\/\/www.euroakademie.de\/magazin\/wp-content\/uploads\/2017\/10\/Stadtrallye_702x336_web.jpg","keywords":["Ausbildung","Ausbildungsbeginn","Ausbildungsstart","Bachelor","Euro Akademie","Euro Akademie Hannover","Fachhochschulreife","Fremdsprachen und Korrespondenz","Hannover","Kaufm\u00e4nnischer Assistent","Neustart"],"articleSection":["Hannover","Von Sch\u00fclern f\u00fcr Sch\u00fcler"],"inLanguage":"de"},{"@type":"WebPage","@id":"https:\/\/www.euroakademie.de\/magazin\/respekt-vor-dem-neustart\/","url":"https:\/\/www.euroakademie.de\/magazin\/respekt-vor-dem-neustart\/","name":"Respekt vor dem Neustart \/ Euro Akademie Magazin","isPartOf":{"@id":"https:\/\/www.euroakademie.de\/magazin\/#website"},"primaryImageOfPage":{"@id":"https:\/\/www.euroakademie.de\/magazin\/respekt-vor-dem-neustart\/#primaryimage"},"image":{"@id":"https:\/\/www.euroakademie.de\/magazin\/respekt-vor-dem-neustart\/#primaryimage"},"thumbnailUrl":"https:\/\/www.euroakademie.de\/magazin\/wp-content\/uploads\/2017\/10\/Stadtrallye_702x336_web.jpg","datePublished":"2017-10-19T10:38:54+00:00","dateModified":"2024-11-19T12:25:11+00:00","description":"Ein Neustart ist aufregend. Viktoria Lange hat gerade ihre Ausbildung zum Kaufm\u00e4nnischen Assistenten an der Euro Akademie Hannover begonnen.","breadcrumb":{"@id":"https:\/\/www.euroakademie.de\/magazin\/respekt-vor-dem-neustart\/#breadcrumb"},"inLanguage":"de","potentialAction":[{"@type":"ReadAction","target":["https:\/\/www.euroakademie.de\/magazin\/respekt-vor-dem-neustart\/"]}]},{"@type":"ImageObject","inLanguage":"de","@id":"https:\/\/www.euroakademie.de\/magazin\/respekt-vor-dem-neustart\/#primaryimage","url":"https:\/\/www.euroakademie.de\/magazin\/wp-content\/uploads\/2017\/10\/Stadtrallye_702x336_web.jpg","contentUrl":"https:\/\/www.euroakademie.de\/magazin\/wp-content\/uploads\/2017\/10\/Stadtrallye_702x336_web.jpg","width":702,"height":338,"caption":""},{"@type":"BreadcrumbList","@id":"https:\/\/www.euroakademie.de\/magazin\/respekt-vor-dem-neustart\/#breadcrumb","itemListElement":[{"@type":"ListItem","position":1,"name":"Startseite","item":"https:\/\/www.euroakademie.de\/magazin\/"},{"@type":"ListItem","position":2,"name":"Respekt vor dem Neustart"}]},{"@type":"WebSite","@id":"https:\/\/www.euroakademie.de\/magazin\/#website","url":"https:\/\/www.euroakademie.de\/magazin\/","name":"Das Euro Akademie Magazin","description":"Gut informiert durch Ausbildung und Studium","publisher":{"@id":"https:\/\/www.euroakademie.de\/magazin\/#organization"},"potentialAction":[{"@type":"SearchAction","target":{"@type":"EntryPoint","urlTemplate":"https:\/\/www.euroakademie.de\/magazin\/?s={search_term_string}"},"query-input":{"@type":"PropertyValueSpecification","valueRequired":true,"valueName":"search_term_string"}}],"inLanguage":"de"},{"@type":"Organization","@id":"https:\/\/www.euroakademie.de\/magazin\/#organization","name":"ESO Education Group","url":"https:\/\/www.euroakademie.de\/magazin\/","logo":{"@type":"ImageObject","inLanguage":"de","@id":"https:\/\/www.euroakademie.de\/magazin\/#\/schema\/logo\/image\/","url":"https:\/\/relaunch.euroakademie.de\/magazin\/wp-content\/uploads\/2024\/11\/Logo_EA_negativ_Rahmen_5cm_300dpi_RGB.jpg","contentUrl":"https:\/\/relaunch.euroakademie.de\/magazin\/wp-content\/uploads\/2024\/11\/Logo_EA_negativ_Rahmen_5cm_300dpi_RGB.jpg","width":591,"height":236,"caption":"ESO Education Group"},"image":{"@id":"https:\/\/www.euroakademie.de\/magazin\/#\/schema\/logo\/image\/"}},{"@type":"Person","@id":"https:\/\/www.euroakademie.de\/magazin\/#\/schema\/person\/88061163260e860aeebdcfa336a1a0d7","name":"Sch\u00fcler*innen der Euro Akademie","description":"Unter diesem Autorennamen schildern Sch\u00fcler*innen der Euro Akademien ihre pers\u00f6nlichen Erfahrungen zum Thema Ausbildung, berichten \u00fcber Projekte, Praktika oder Veranstaltungen und geben anderen Lernenden wertvolle Tipps. Sie gehen dabei auf Fragen ein, auf die sie vor und in ihrer Ausbildungszeit selbst gern Antworten gehabt h\u00e4tten.","url":"https:\/\/www.euroakademie.de\/magazin\/author\/schueler\/"}]}},"_links":{"self":[{"href":"https:\/\/www.euroakademie.de\/magazin\/wp-json\/wp\/v2\/posts\/6008","targetHints":{"allow":["GET"]}}],"collection":[{"href":"https:\/\/www.euroakademie.de\/magazin\/wp-json\/wp\/v2\/posts"}],"about":[{"href":"https:\/\/www.euroakademie.de\/magazin\/wp-json\/wp\/v2\/types\/post"}],"author":[{"embeddable":true,"href":"https:\/\/www.euroakademie.de\/magazin\/wp-json\/wp\/v2\/users\/25"}],"replies":[{"embeddable":true,"href":"https:\/\/www.euroakademie.de\/magazin\/wp-json\/wp\/v2\/comments?post=6008"}],"version-history":[{"count":1,"href":"https:\/\/www.euroakademie.de\/magazin\/wp-json\/wp\/v2\/posts\/6008\/revisions"}],"predecessor-version":[{"id":23475,"href":"https:\/\/www.euroakademie.de\/magazin\/wp-json\/wp\/v2\/posts\/6008\/revisions\/23475"}],"wp:featuredmedia":[{"embeddable":true,"href":"https:\/\/www.euroakademie.de\/magazin\/wp-json\/wp\/v2\/media\/6028"}],"wp:attachment":[{"href":"https:\/\/www.euroakademie.de\/magazin\/wp-json\/wp\/v2\/media?parent=6008"}],"wp:term":[{"taxonomy":"category","embeddable":true,"href":"https:\/\/www.euroakademie.de\/magazin\/wp-json\/wp\/v2\/categories?post=6008"},{"taxonomy":"post_tag","embeddable":true,"href":"https:\/\/www.euroakademie.de\/magazin\/wp-json\/wp\/v2\/tags?post=6008"}],"curies":[{"name":"wp","href":"https:\/\/api.w.org\/{rel}","templated":true}]}}