{"id":6009,"date":"2017-10-27T08:24:45","date_gmt":"2017-10-27T06:24:45","guid":{"rendered":"https:\/\/www.euroakademie.de\/magazin\/?p=6009"},"modified":"2024-11-15T09:48:45","modified_gmt":"2024-11-15T08:48:45","slug":"betreuungskraefte-in-der-pflege","status":"publish","type":"post","link":"https:\/\/www.euroakademie.de\/magazin\/betreuungskraefte-in-der-pflege\/","title":{"rendered":"In guter Gesellschaft \u2013 Betreuungskr\u00e4fte in der Pflege"},"content":{"rendered":"<p>\t\t\t\t<![CDATA[<span style=\"font-size: 14px;\"><strong>Auch pflegebed\u00fcrftige Menschen haben ein Bed\u00fcrfnis nach intensiven Gespr\u00e4chen und ausgedehnten Spazierg\u00e4ngen. Betreuungskr\u00e4fte arbeiten in Pflegeheimen, Senioren-Tagesst\u00e4tten oder bei den pflegebed\u00fcrftigen Menschen zu Hause. Sie \u00fcbernehmen T\u00e4tigkeiten, f\u00fcr die Pflegekr\u00e4fte keine Zeit haben und entlasten Angeh\u00f6rige im Alltag.<\/strong><\/span>\n\nIn Deutschland sind derzeit rund 2,7 Millionen Menschen auf Pflege angewiesen. In den n\u00e4chsten 15 Jahren wird sich diese Zahl voraussichtlich auf 3,5 Millionen erh\u00f6hen. Pflegekr\u00e4fte haben nicht die Zeit, auf individuelle Bed\u00fcrfnisse der \u00e4lteren Menschen einzugehen. Deshalb wird es in Zukunft einen gro\u00dfen Bedarf an qualifizierten Betreuungskr\u00e4ften geben.\n\nMit in Kraft treten der <a href=\"https:\/\/www.bundesgesundheitsministerium.de\/fileadmin\/Dateien\/5_Publikationen\/Pflege\/Broschueren\/PSG_Das_Wichtigste_im_Ueberblick.pdf\" target=\"_blank\" rel=\"noopener\">Pflegest\u00e4rkungsgesetze<\/a> haben alle Personen, die in ihrem Alltag eingeschr\u00e4nkt sind, einen Anspruch auf eine Betreuungskraft oder einen Alltagsbegleiter. Heute sind rund 25.000 Betreuungskr\u00e4fte im Einsatz \u2013 in den n\u00e4chsten Jahren soll sich die Zahl nahezu verdoppeln.\n\nEine wichtige Aufgabe der Alltagsbegleiter ist es, den Pflegebed\u00fcrftigen durch ihre Aufmerksamkeit mehr Wertsch\u00e4tzung zu vermitteln und ihren Zugang zur aktiven Teilnahme am Leben zu f\u00f6rdern.\n\n\n<h2>Was macht eine Betreuungskraft genau?<\/h2>\n\n\nDie Aufgaben einer Betreuungskraft sind ganz unterschiedlich. Im Mittelpunkt ihrer T\u00e4tigkeit steht das einf\u00fchlsame Eingehen auf die Bed\u00fcrfnisse und W\u00fcnsche des im Alltag eingeschr\u00e4nkten Menschen. Daher sind die Arbeitsbereiche sehr individuell und immer wieder anders.\n\nBetreuungskr\u00e4fte regen die Betroffenen an, aktiv zu werden, am Leben teilzunehmen. Sie unternehmen Spazierg\u00e4nge, sind Begleiter bei kulturellen Veranstaltungen, gehen mit zum Einkaufen oder in den Gottesdienst. Auch das Vorlesen, Basteln und Spielen steht auf dem Programm eines Alltagsbegleiters.\n\nAlltagsbegleiter sollen dar\u00fcber hinaus eine mentale St\u00fctze f\u00fcr die \u00e4lteren Menschen sein, ihnen \u00c4ngste nehmen und Orientierung vermitteln.\n\nDie Kosten f\u00fcr die zus\u00e4tzlichen Betreuungskr\u00e4fte werden von den gesetzlichen und privaten Pflegekassen \u00fcbernommen. Sie d\u00fcrfen jedoch nicht regelm\u00e4\u00dfig in die k\u00f6rperliche Pflege oder in hauswirtschaftliche Dienstleistungen einbezogen werden, diese T\u00e4tigkeiten sind ausgebildetem Pflegepersonal vorbehalten.\n\n\n<h2>Wie und wo qualifizieren Sie sich?<\/h2>\n\n\nDie Qualifikation einer Betreuungskraft, eines Betreuungsassistenten oder eines Alltagsbegleiters ist die gleiche. Wollen Sie Betreuungskraft nach \u00a7 53c (ehemals \u00a7 87b) SGB XI werden, haben Sie 160 Stunden theoretischen Unterricht zu absolvieren und etwa 100 Stunden Praktikum in einer station\u00e4ren oder ambulanten Pflegeeinrichtung.\n\nDer theoretische Unterricht umfasst die Grundlagen der Gespr\u00e4chsf\u00fchrung, der Pflege- und Pflegedokumentation und der Hygiene. Au\u00dferdem besch\u00e4ftigen Sie sich mit Demenzerkrankungen, Psychologie, Biografiearbeit, Ern\u00e4hrung im Alter und den rechtlichen Rahmenbedingungen bei Demenz.\n\nVerschiedene Standorte der<a href=\"https:\/\/www.euroakademie.de\/\" target=\"_blank\" rel=\"noopener\"> Euro Akademie <\/a>und bekannte Hilfsdienste bieten diese Qualifizierung in Vollzeit an. Falls Sie berufst\u00e4tig sind, haben Sie die M\u00f6glichkeit, einen Fernlehrgang zu belegen oder die Qualifikation berufsbegleitend zu erwerben. Die Kursdauer betr\u00e4gt zwischen einem und sechs Monaten.\n\n\n<h2>Unterschied Betreuungskraft und Altenpflegehelfer<\/h2>\n\n\nEin<a href=\"https:\/\/www.euroakademie.de\/de\/ausbildung\/gesundheit-pflege\/altenpflegehelfer.html\" target=\"_blank\" rel=\"noopener\"> Altenpflegehelfer<\/a> absolviert eine einj\u00e4hrige Ausbildung an einer Berufsfachschule. Er ist vorwiegend pflegerisch t\u00e4tig und weniger f\u00fcr die Aktivierung und Alltagsbetreuung der Senioren zust\u00e4ndig.\n\nAngehende Betreuungskr\u00e4fte bekommen eine allgemeine Schulung im Umgang mit \u00e4lteren Menschen. Wie f\u00fchre ich ein Gespr\u00e4ch? Welche Dinge muss ich bei der Betreuung demenzkranker Personen beachten? Wie kann die Freizeitgestaltung f\u00fcr einen pflegebed\u00fcrftigen Menschen aussehen?\n\nWenn Sie sich gerne in Gesellschaft \u00e4lterer Menschen befinden, es m\u00f6gen, ihren Geschichten \u00fcber vergangene Tage zu lauschen und eine ordentliche Portion Geduld mitbringen, ist eine Weiterbildung zur Betreuungskraft eine Bereicherung f\u00fcr Sie und die Senioren.]]>\t\t<\/p>\n","protected":false},"excerpt":{"rendered":"<p>\t\t\t\t<![CDATA[]]>\t\t<\/p>\n","protected":false},"author":58,"featured_media":6209,"comment_status":"closed","ping_status":"closed","sticky":false,"template":"","format":"standard","meta":{"footnotes":""},"categories":[16,118],"tags":[385,388,421,1291,1300,6364,6376,6808,7447,7870,8095,9091],"class_list":{"0":"post-6009","1":"post","2":"type-post","3":"status-publish","4":"format-standard","5":"has-post-thumbnail","7":"category-gesundheit-pflege","8":"category-im-fokus","9":"tag-alltag","10":"tag-alltagsbegleiter","11":"tag-altenpflegehelfer","12":"tag-betreuungsassistenten","13":"tag-betreuungskraft","14":"tag-pflege","15":"tag-pflegebeduerftige","16":"tag-qualifikation","17":"tag-senioren","18":"tag-stationaere-pflege","19":"tag-tagespflege","20":"tag-weiterbildung"},"yoast_head":"<!-- This site is optimized with the Yoast SEO plugin v23.5 - https:\/\/yoast.com\/wordpress\/plugins\/seo\/ -->\n<title>Betreuungskr\u00e4fte in der Pflege \/ Euro Akademie Magazin<\/title>\n<meta name=\"description\" content=\"Betreuungskr\u00e4fte arbeiten in Pflegeheimen, Senioren-Tagesst\u00e4tten oder bei den pflegebed\u00fcrftigen Menschen zu Hause. Sie begleiten die Senioren im Alltag.\" \/>\n<meta name=\"robots\" content=\"index, follow, max-snippet:-1, max-image-preview:large, max-video-preview:-1\" \/>\n<link rel=\"canonical\" href=\"https:\/\/www.euroakademie.de\/magazin\/betreuungskraefte-in-der-pflege\/\" \/>\n<meta property=\"og:locale\" content=\"de_DE\" \/>\n<meta property=\"og:type\" content=\"article\" \/>\n<meta property=\"og:title\" content=\"Betreuungskr\u00e4fte in der Pflege \/ Euro Akademie Magazin\" \/>\n<meta property=\"og:description\" content=\"Betreuungskr\u00e4fte arbeiten in Pflegeheimen, Senioren-Tagesst\u00e4tten oder bei den pflegebed\u00fcrftigen Menschen zu Hause. Sie begleiten die Senioren im Alltag.\" \/>\n<meta property=\"og:url\" content=\"https:\/\/www.euroakademie.de\/magazin\/betreuungskraefte-in-der-pflege\/\" \/>\n<meta property=\"og:site_name\" content=\"Das Euro Akademie Magazin\" \/>\n<meta property=\"article:published_time\" content=\"2017-10-27T06:24:45+00:00\" \/>\n<meta property=\"article:modified_time\" content=\"2024-11-15T08:48:45+00:00\" \/>\n<meta property=\"og:image\" content=\"https:\/\/www.euroakademie.de\/magazin\/wp-content\/uploads\/2017\/10\/grandma-2637457_1280_702x336_web.jpg\" \/>\n\t<meta property=\"og:image:width\" content=\"702\" \/>\n\t<meta property=\"og:image:height\" content=\"336\" \/>\n\t<meta property=\"og:image:type\" content=\"image\/jpeg\" \/>\n<meta name=\"author\" content=\"Tanja H\u00f6fling\" \/>\n<meta name=\"twitter:card\" content=\"summary_large_image\" \/>\n<meta name=\"twitter:label1\" content=\"Verfasst von\" \/>\n\t<meta name=\"twitter:data1\" content=\"Tanja H\u00f6fling\" \/>\n\t<meta name=\"twitter:label2\" content=\"Gesch\u00e4tzte Lesezeit\" \/>\n\t<meta name=\"twitter:data2\" content=\"3\u00a0Minuten\" \/>\n<script type=\"application\/ld+json\" class=\"yoast-schema-graph\">{\"@context\":\"https:\/\/schema.org\",\"@graph\":[{\"@type\":\"Article\",\"@id\":\"https:\/\/www.euroakademie.de\/magazin\/betreuungskraefte-in-der-pflege\/#article\",\"isPartOf\":{\"@id\":\"https:\/\/www.euroakademie.de\/magazin\/betreuungskraefte-in-der-pflege\/\"},\"author\":{\"name\":\"Tanja H\u00f6fling\",\"@id\":\"https:\/\/www.euroakademie.de\/magazin\/#\/schema\/person\/2c0d3896d19e86373c87f4ac022d4919\"},\"headline\":\"In guter Gesellschaft \u2013 Betreuungskr\u00e4fte in der Pflege\",\"datePublished\":\"2017-10-27T06:24:45+00:00\",\"dateModified\":\"2024-11-15T08:48:45+00:00\",\"mainEntityOfPage\":{\"@id\":\"https:\/\/www.euroakademie.de\/magazin\/betreuungskraefte-in-der-pflege\/\"},\"wordCount\":566,\"publisher\":{\"@id\":\"https:\/\/www.euroakademie.de\/magazin\/#organization\"},\"image\":{\"@id\":\"https:\/\/www.euroakademie.de\/magazin\/betreuungskraefte-in-der-pflege\/#primaryimage\"},\"thumbnailUrl\":\"https:\/\/www.euroakademie.de\/magazin\/wp-content\/uploads\/2017\/10\/grandma-2637457_1280_702x336_web.jpg\",\"keywords\":[\"Alltag\",\"Alltagsbegleiter\",\"Altenpflegehelfer\",\"Betreuungsassistenten\",\"Betreuungskraft\",\"Pflege\",\"Pflegebed\u00fcrftige\",\"Qualifikation\",\"Senioren\",\"station\u00e4re Pflege\",\"Tagespflege\",\"Weiterbildung\"],\"articleSection\":[\"Gesundheit &amp; Pflege\",\"Im Fokus\"],\"inLanguage\":\"de\"},{\"@type\":\"WebPage\",\"@id\":\"https:\/\/www.euroakademie.de\/magazin\/betreuungskraefte-in-der-pflege\/\",\"url\":\"https:\/\/www.euroakademie.de\/magazin\/betreuungskraefte-in-der-pflege\/\",\"name\":\"Betreuungskr\u00e4fte in der Pflege \/ Euro Akademie Magazin\",\"isPartOf\":{\"@id\":\"https:\/\/www.euroakademie.de\/magazin\/#website\"},\"primaryImageOfPage\":{\"@id\":\"https:\/\/www.euroakademie.de\/magazin\/betreuungskraefte-in-der-pflege\/#primaryimage\"},\"image\":{\"@id\":\"https:\/\/www.euroakademie.de\/magazin\/betreuungskraefte-in-der-pflege\/#primaryimage\"},\"thumbnailUrl\":\"https:\/\/www.euroakademie.de\/magazin\/wp-content\/uploads\/2017\/10\/grandma-2637457_1280_702x336_web.jpg\",\"datePublished\":\"2017-10-27T06:24:45+00:00\",\"dateModified\":\"2024-11-15T08:48:45+00:00\",\"description\":\"Betreuungskr\u00e4fte arbeiten in Pflegeheimen, Senioren-Tagesst\u00e4tten oder bei den pflegebed\u00fcrftigen Menschen zu Hause. Sie begleiten die Senioren im Alltag.\",\"breadcrumb\":{\"@id\":\"https:\/\/www.euroakademie.de\/magazin\/betreuungskraefte-in-der-pflege\/#breadcrumb\"},\"inLanguage\":\"de\",\"potentialAction\":[{\"@type\":\"ReadAction\",\"target\":[\"https:\/\/www.euroakademie.de\/magazin\/betreuungskraefte-in-der-pflege\/\"]}]},{\"@type\":\"ImageObject\",\"inLanguage\":\"de\",\"@id\":\"https:\/\/www.euroakademie.de\/magazin\/betreuungskraefte-in-der-pflege\/#primaryimage\",\"url\":\"https:\/\/www.euroakademie.de\/magazin\/wp-content\/uploads\/2017\/10\/grandma-2637457_1280_702x336_web.jpg\",\"contentUrl\":\"https:\/\/www.euroakademie.de\/magazin\/wp-content\/uploads\/2017\/10\/grandma-2637457_1280_702x336_web.jpg\",\"width\":702,\"height\":336,\"caption\":\"\"},{\"@type\":\"BreadcrumbList\",\"@id\":\"https:\/\/www.euroakademie.de\/magazin\/betreuungskraefte-in-der-pflege\/#breadcrumb\",\"itemListElement\":[{\"@type\":\"ListItem\",\"position\":1,\"name\":\"Startseite\",\"item\":\"https:\/\/www.euroakademie.de\/magazin\/\"},{\"@type\":\"ListItem\",\"position\":2,\"name\":\"In guter Gesellschaft \u2013 Betreuungskr\u00e4fte in der Pflege\"}]},{\"@type\":\"WebSite\",\"@id\":\"https:\/\/www.euroakademie.de\/magazin\/#website\",\"url\":\"https:\/\/www.euroakademie.de\/magazin\/\",\"name\":\"Das Euro Akademie Magazin\",\"description\":\"Gut informiert durch Ausbildung und Studium\",\"publisher\":{\"@id\":\"https:\/\/www.euroakademie.de\/magazin\/#organization\"},\"potentialAction\":[{\"@type\":\"SearchAction\",\"target\":{\"@type\":\"EntryPoint\",\"urlTemplate\":\"https:\/\/www.euroakademie.de\/magazin\/?s={search_term_string}\"},\"query-input\":{\"@type\":\"PropertyValueSpecification\",\"valueRequired\":true,\"valueName\":\"search_term_string\"}}],\"inLanguage\":\"de\"},{\"@type\":\"Organization\",\"@id\":\"https:\/\/www.euroakademie.de\/magazin\/#organization\",\"name\":\"ESO Education Group\",\"url\":\"https:\/\/www.euroakademie.de\/magazin\/\",\"logo\":{\"@type\":\"ImageObject\",\"inLanguage\":\"de\",\"@id\":\"https:\/\/www.euroakademie.de\/magazin\/#\/schema\/logo\/image\/\",\"url\":\"https:\/\/relaunch.euroakademie.de\/magazin\/wp-content\/uploads\/2024\/11\/Logo_EA_negativ_Rahmen_5cm_300dpi_RGB.jpg\",\"contentUrl\":\"https:\/\/relaunch.euroakademie.de\/magazin\/wp-content\/uploads\/2024\/11\/Logo_EA_negativ_Rahmen_5cm_300dpi_RGB.jpg\",\"width\":591,\"height\":236,\"caption\":\"ESO Education Group\"},\"image\":{\"@id\":\"https:\/\/www.euroakademie.de\/magazin\/#\/schema\/logo\/image\/\"}},{\"@type\":\"Person\",\"@id\":\"https:\/\/www.euroakademie.de\/magazin\/#\/schema\/person\/2c0d3896d19e86373c87f4ac022d4919\",\"name\":\"Tanja H\u00f6fling\",\"description\":\"Von Juli 2017 bis Juli 2022 informierte die ehemalige Online-Redakteurin des Euro Akademie Magazins regelm\u00e4\u00dfig \u00fcber Aktuelles und Wissenswertes zu den Themen Ausbildung, Studium und Beruf.\",\"url\":\"https:\/\/www.euroakademie.de\/magazin\/author\/hoeflingt\/\"}]}<\/script>\n<!-- \/ Yoast SEO plugin. -->","yoast_head_json":{"title":"Betreuungskr\u00e4fte in der Pflege \/ Euro Akademie Magazin","description":"Betreuungskr\u00e4fte arbeiten in Pflegeheimen, Senioren-Tagesst\u00e4tten oder bei den pflegebed\u00fcrftigen Menschen zu Hause. Sie begleiten die Senioren im Alltag.","robots":{"index":"index","follow":"follow","max-snippet":"max-snippet:-1","max-image-preview":"max-image-preview:large","max-video-preview":"max-video-preview:-1"},"canonical":"https:\/\/www.euroakademie.de\/magazin\/betreuungskraefte-in-der-pflege\/","og_locale":"de_DE","og_type":"article","og_title":"Betreuungskr\u00e4fte in der Pflege \/ Euro Akademie Magazin","og_description":"Betreuungskr\u00e4fte arbeiten in Pflegeheimen, Senioren-Tagesst\u00e4tten oder bei den pflegebed\u00fcrftigen Menschen zu Hause. Sie begleiten die Senioren im Alltag.","og_url":"https:\/\/www.euroakademie.de\/magazin\/betreuungskraefte-in-der-pflege\/","og_site_name":"Das Euro Akademie Magazin","article_published_time":"2017-10-27T06:24:45+00:00","article_modified_time":"2024-11-15T08:48:45+00:00","og_image":[{"width":702,"height":336,"url":"https:\/\/www.euroakademie.de\/magazin\/wp-content\/uploads\/2017\/10\/grandma-2637457_1280_702x336_web.jpg","type":"image\/jpeg"}],"author":"Tanja H\u00f6fling","twitter_card":"summary_large_image","twitter_misc":{"Verfasst von":"Tanja H\u00f6fling","Gesch\u00e4tzte Lesezeit":"3\u00a0Minuten"},"schema":{"@context":"https:\/\/schema.org","@graph":[{"@type":"Article","@id":"https:\/\/www.euroakademie.de\/magazin\/betreuungskraefte-in-der-pflege\/#article","isPartOf":{"@id":"https:\/\/www.euroakademie.de\/magazin\/betreuungskraefte-in-der-pflege\/"},"author":{"name":"Tanja H\u00f6fling","@id":"https:\/\/www.euroakademie.de\/magazin\/#\/schema\/person\/2c0d3896d19e86373c87f4ac022d4919"},"headline":"In guter Gesellschaft \u2013 Betreuungskr\u00e4fte in der Pflege","datePublished":"2017-10-27T06:24:45+00:00","dateModified":"2024-11-15T08:48:45+00:00","mainEntityOfPage":{"@id":"https:\/\/www.euroakademie.de\/magazin\/betreuungskraefte-in-der-pflege\/"},"wordCount":566,"publisher":{"@id":"https:\/\/www.euroakademie.de\/magazin\/#organization"},"image":{"@id":"https:\/\/www.euroakademie.de\/magazin\/betreuungskraefte-in-der-pflege\/#primaryimage"},"thumbnailUrl":"https:\/\/www.euroakademie.de\/magazin\/wp-content\/uploads\/2017\/10\/grandma-2637457_1280_702x336_web.jpg","keywords":["Alltag","Alltagsbegleiter","Altenpflegehelfer","Betreuungsassistenten","Betreuungskraft","Pflege","Pflegebed\u00fcrftige","Qualifikation","Senioren","station\u00e4re Pflege","Tagespflege","Weiterbildung"],"articleSection":["Gesundheit &amp; Pflege","Im Fokus"],"inLanguage":"de"},{"@type":"WebPage","@id":"https:\/\/www.euroakademie.de\/magazin\/betreuungskraefte-in-der-pflege\/","url":"https:\/\/www.euroakademie.de\/magazin\/betreuungskraefte-in-der-pflege\/","name":"Betreuungskr\u00e4fte in der Pflege \/ Euro Akademie Magazin","isPartOf":{"@id":"https:\/\/www.euroakademie.de\/magazin\/#website"},"primaryImageOfPage":{"@id":"https:\/\/www.euroakademie.de\/magazin\/betreuungskraefte-in-der-pflege\/#primaryimage"},"image":{"@id":"https:\/\/www.euroakademie.de\/magazin\/betreuungskraefte-in-der-pflege\/#primaryimage"},"thumbnailUrl":"https:\/\/www.euroakademie.de\/magazin\/wp-content\/uploads\/2017\/10\/grandma-2637457_1280_702x336_web.jpg","datePublished":"2017-10-27T06:24:45+00:00","dateModified":"2024-11-15T08:48:45+00:00","description":"Betreuungskr\u00e4fte arbeiten in Pflegeheimen, Senioren-Tagesst\u00e4tten oder bei den pflegebed\u00fcrftigen Menschen zu Hause. Sie begleiten die Senioren im Alltag.","breadcrumb":{"@id":"https:\/\/www.euroakademie.de\/magazin\/betreuungskraefte-in-der-pflege\/#breadcrumb"},"inLanguage":"de","potentialAction":[{"@type":"ReadAction","target":["https:\/\/www.euroakademie.de\/magazin\/betreuungskraefte-in-der-pflege\/"]}]},{"@type":"ImageObject","inLanguage":"de","@id":"https:\/\/www.euroakademie.de\/magazin\/betreuungskraefte-in-der-pflege\/#primaryimage","url":"https:\/\/www.euroakademie.de\/magazin\/wp-content\/uploads\/2017\/10\/grandma-2637457_1280_702x336_web.jpg","contentUrl":"https:\/\/www.euroakademie.de\/magazin\/wp-content\/uploads\/2017\/10\/grandma-2637457_1280_702x336_web.jpg","width":702,"height":336,"caption":""},{"@type":"BreadcrumbList","@id":"https:\/\/www.euroakademie.de\/magazin\/betreuungskraefte-in-der-pflege\/#breadcrumb","itemListElement":[{"@type":"ListItem","position":1,"name":"Startseite","item":"https:\/\/www.euroakademie.de\/magazin\/"},{"@type":"ListItem","position":2,"name":"In guter Gesellschaft \u2013 Betreuungskr\u00e4fte in der Pflege"}]},{"@type":"WebSite","@id":"https:\/\/www.euroakademie.de\/magazin\/#website","url":"https:\/\/www.euroakademie.de\/magazin\/","name":"Das Euro Akademie Magazin","description":"Gut informiert durch Ausbildung und Studium","publisher":{"@id":"https:\/\/www.euroakademie.de\/magazin\/#organization"},"potentialAction":[{"@type":"SearchAction","target":{"@type":"EntryPoint","urlTemplate":"https:\/\/www.euroakademie.de\/magazin\/?s={search_term_string}"},"query-input":{"@type":"PropertyValueSpecification","valueRequired":true,"valueName":"search_term_string"}}],"inLanguage":"de"},{"@type":"Organization","@id":"https:\/\/www.euroakademie.de\/magazin\/#organization","name":"ESO Education Group","url":"https:\/\/www.euroakademie.de\/magazin\/","logo":{"@type":"ImageObject","inLanguage":"de","@id":"https:\/\/www.euroakademie.de\/magazin\/#\/schema\/logo\/image\/","url":"https:\/\/relaunch.euroakademie.de\/magazin\/wp-content\/uploads\/2024\/11\/Logo_EA_negativ_Rahmen_5cm_300dpi_RGB.jpg","contentUrl":"https:\/\/relaunch.euroakademie.de\/magazin\/wp-content\/uploads\/2024\/11\/Logo_EA_negativ_Rahmen_5cm_300dpi_RGB.jpg","width":591,"height":236,"caption":"ESO Education Group"},"image":{"@id":"https:\/\/www.euroakademie.de\/magazin\/#\/schema\/logo\/image\/"}},{"@type":"Person","@id":"https:\/\/www.euroakademie.de\/magazin\/#\/schema\/person\/2c0d3896d19e86373c87f4ac022d4919","name":"Tanja H\u00f6fling","description":"Von Juli 2017 bis Juli 2022 informierte die ehemalige Online-Redakteurin des Euro Akademie Magazins regelm\u00e4\u00dfig \u00fcber Aktuelles und Wissenswertes zu den Themen Ausbildung, Studium und Beruf.","url":"https:\/\/www.euroakademie.de\/magazin\/author\/hoeflingt\/"}]}},"_links":{"self":[{"href":"https:\/\/www.euroakademie.de\/magazin\/wp-json\/wp\/v2\/posts\/6009","targetHints":{"allow":["GET"]}}],"collection":[{"href":"https:\/\/www.euroakademie.de\/magazin\/wp-json\/wp\/v2\/posts"}],"about":[{"href":"https:\/\/www.euroakademie.de\/magazin\/wp-json\/wp\/v2\/types\/post"}],"author":[{"embeddable":true,"href":"https:\/\/www.euroakademie.de\/magazin\/wp-json\/wp\/v2\/users\/58"}],"replies":[{"embeddable":true,"href":"https:\/\/www.euroakademie.de\/magazin\/wp-json\/wp\/v2\/comments?post=6009"}],"version-history":[{"count":1,"href":"https:\/\/www.euroakademie.de\/magazin\/wp-json\/wp\/v2\/posts\/6009\/revisions"}],"predecessor-version":[{"id":22557,"href":"https:\/\/www.euroakademie.de\/magazin\/wp-json\/wp\/v2\/posts\/6009\/revisions\/22557"}],"wp:featuredmedia":[{"embeddable":true,"href":"https:\/\/www.euroakademie.de\/magazin\/wp-json\/wp\/v2\/media\/6209"}],"wp:attachment":[{"href":"https:\/\/www.euroakademie.de\/magazin\/wp-json\/wp\/v2\/media?parent=6009"}],"wp:term":[{"taxonomy":"category","embeddable":true,"href":"https:\/\/www.euroakademie.de\/magazin\/wp-json\/wp\/v2\/categories?post=6009"},{"taxonomy":"post_tag","embeddable":true,"href":"https:\/\/www.euroakademie.de\/magazin\/wp-json\/wp\/v2\/tags?post=6009"}],"curies":[{"name":"wp","href":"https:\/\/api.w.org\/{rel}","templated":true}]}}