{"id":6030,"date":"2017-10-24T09:00:04","date_gmt":"2017-10-24T07:00:04","guid":{"rendered":"https:\/\/www.euroakademie.de\/magazin\/?p=6030"},"modified":"2024-11-19T15:33:15","modified_gmt":"2024-11-19T14:33:15","slug":"kultursensible-pflege-modellprojek","status":"publish","type":"post","link":"https:\/\/www.euroakademie.de\/magazin\/kultursensible-pflege-modellprojek\/","title":{"rendered":"Kultursensible Pflege \u2013 Modellprojekt zum inklusiven Lernen"},"content":{"rendered":"<p>\t\t\t\t<![CDATA[<strong>In kaum einer anderen Branche ist der demografische Wandel so deutlich sp\u00fcrbar, wie in der Pflege. Die L\u00fccke, die bereits jetzt viele Pflegeeinrichtungen vor logistische und personelle Herausforderungen stellt, ist im \u00f6ffentlichen Bewusstsein jedoch selten pr\u00e4sent.<\/strong>\n\nUmso wichtiger ist es f\u00fcr die <a href=\"https:\/\/www.euroakademie.de\" target=\"_blank\" rel=\"noopener\">Euro Akademie<\/a>, auf den Bedarf und m\u00f6gliche L\u00f6sungen im Zuge der Fachkr\u00e4ftesicherung hinzuweisen. Mit dem Modellprojekt \u201eKultursensible Pflege am Beispiel von Ern\u00e4hrung im Alter\u201c erproben die Euro Akademien <a href=\"https:\/\/www.euroakademie.de\/de\/standorte\/bitterfeld-wolfen.html\" target=\"_blank\" rel=\"noopener\">Bitterfeld-Wolfen<\/a> und <a href=\"https:\/\/www.euroakademie.de\/de\/standorte\/wittenberg.html\" target=\"_blank\" rel=\"noopener\">Wittenberg<\/a> neue Wege der Lernens und der Zusammenarbeit in interkulturellen Teams.\n\n\n<h3>Sprachhemmnisse \u00fcberwinden und die jeweils andere Kultur besser verstehen<\/h3>\n\n\nAn zwei gemeinsamen Theorie- und Praxistagen haben deutsche Sch\u00fcler der <a href=\"https:\/\/www.euroakademie.de\/details\/AL____RGG_Q18S_1\/Altenpflegehelferin---staatlich-anerkannt\" target=\"_blank\" rel=\"noopener\">Altenpflegeausbildung<\/a> in Wittenberg und vietnamesische Altenpflege-Sch\u00fcler am Standort Bitterfeld-Wolfen gemeinsam das komplexe Themengebiet \u201eKultursensible Pflege\u201c erarbeitet. Am Beispiel der Ern\u00e4hrung galt es, in interkulturell gemixten Teams eine vietnamesisch-deutsche Buffetplanung zu erstellen, um am zweiten Praxistag gemeinsam zu kochen und zu genie\u00dfen. Die Herausforderungen: Sprachhemmnisse \u00fcberwinden, die jeweils andere Kultur besser verstehen und gemeinsam Vorschl\u00e4ge f\u00fcr den Men\u00fcplan erarbeiten.\n\n\n<h3><a href=\"https:\/\/relaunch.euroakademie.de\/magazin\/wp-content\/uploads\/2017\/10\/Kultursensible-Altenpflege-4-web.jpg\"><img fetchpriority=\"high\" decoding=\"async\" class=\"size-medium wp-image-6035 alignleft\" src=\"https:\/\/relaunch.euroakademie.de\/magazin\/wp-content\/uploads\/2017\/10\/Kultursensible-Altenpflege-4-web-300x222.jpg\" alt=\"Vietnamesische und deutsche Sch\u00fcler lernen gemeinsam\" width=\"300\" height=\"222\" srcset=\"https:\/\/www.euroakademie.de\/magazin\/wp-content\/uploads\/2017\/10\/Kultursensible-Altenpflege-4-web-300x222.jpg 300w, https:\/\/www.euroakademie.de\/magazin\/wp-content\/uploads\/2017\/10\/Kultursensible-Altenpflege-4-web-150x111.jpg 150w, https:\/\/www.euroakademie.de\/magazin\/wp-content\/uploads\/2017\/10\/Kultursensible-Altenpflege-4-web.jpg 421w\" sizes=\"(max-width: 300px) 100vw, 300px\" \/><\/a>Gelebte Integration als Ziel<\/h3>\n\n\nDie Euro Akademie widmet sich dabei einer \u201eZukunftsaufgabe\u201c: gelebter Integration und der daran gekoppelten Aufgabe der interkulturellen \u00d6ffnung von Einrichtungen und Unternehmen. Integration lebt von der Erfahrung im Leben und Arbeiten mit anderen Menschen, um dar\u00fcber m\u00f6gliche Ber\u00fchrungs\u00e4ngste abzubauen. Um unsere Sch\u00fcler auf die Zusammenarbeit mit Menschen aus anderen Kulturkreisen vorzubereiten, bilden inklusive Lernsituationen \u2013 das hei\u00dft Lernen, welches Ausgrenzungen \u00fcberwindet \u2013 eine ideale Voraussetzung.\n\n\n<h3>Wissen um gesunde Ern\u00e4hrung verbunden mit interkulturellen Kompetenzen<\/h3>\n\n\nIm speziellen Fall des Modellprojektes findet sich \u00fcber das Thema \u201eErn\u00e4hrung und kultursensible Pflege\u201c eine gemeinsame Br\u00fccke. In der Pflegeausbildung und -praxis bildet die Ern\u00e4hrung einen wichtigen Baustein der Gesundheitsf\u00f6rderung. Zu wissen, welche Ern\u00e4hrungsweise und welche Lebensmittel die k\u00f6rperliche Gesundheit st\u00e4rken, ist ein relevantes Basiswissen angehender Alpenpfleger. Um k\u00fcnftig auch Menschen aus anderen Kulturkreisen pflegen zu k\u00f6nnen, braucht es aber neben dem Wissen um gesunde Ern\u00e4hrung auch anwendungsbreite interkulturelle Kompetenzen. Damit diese keine \u201ehohle Floskel\u201c bleiben, setzt die Euro Akademie auf das Modellprojekt zwischen vietnamesischen und deutschen Sch\u00fclern.\n\n\n<h3>Bereichernde Zusammenarbeit zwischen deutschen und vietnamesischen Sch\u00fclern<\/h3>\n\n\n\u00dc<a href=\"https:\/\/relaunch.euroakademie.de\/magazin\/wp-content\/uploads\/2017\/10\/Kultursensible-Altenpflege-3-web.jpg\"><img decoding=\"async\" class=\"size-medium wp-image-6034 alignright\" src=\"https:\/\/relaunch.euroakademie.de\/magazin\/wp-content\/uploads\/2017\/10\/Kultursensible-Altenpflege-3-web-300x225.jpg\" alt=\"\" width=\"300\" height=\"225\" srcset=\"https:\/\/www.euroakademie.de\/magazin\/wp-content\/uploads\/2017\/10\/Kultursensible-Altenpflege-3-web-300x225.jpg 300w, https:\/\/www.euroakademie.de\/magazin\/wp-content\/uploads\/2017\/10\/Kultursensible-Altenpflege-3-web-150x113.jpg 150w, https:\/\/www.euroakademie.de\/magazin\/wp-content\/uploads\/2017\/10\/Kultursensible-Altenpflege-3-web-450x338.jpg 450w, https:\/\/www.euroakademie.de\/magazin\/wp-content\/uploads\/2017\/10\/Kultursensible-Altenpflege-3-web.jpg 500w\" sizes=\"(max-width: 300px) 100vw, 300px\" \/><\/a>ber die Essenskultur finden die angehenden Altenpfleger leichter zueinander. Pflegerelevante Theoriebausteine wie \u201eEpidemiologie der Ern\u00e4hrung\u201c und \u201eUrsachen von Mangelern\u00e4hrung\/ Fehlerern\u00e4hrung\u201c helfen den interkulturell gemixten Teams leichter ins gemeinsame Gespr\u00e4ch zu finden, damit am Ende des ersten Projekttages ein Men\u00fcplan erstellt und eine Einkaufsliste geschrieben werden kann. Ganz niederschwellig werden dabei F\u00e4higkeiten, wie zu kooperieren und Kompromisse zu schlie\u00dfen, trainiert. Katrin Kahmann, Sch\u00fclerin aus Wittenberg, sch\u00e4tzt an der Zusammenarbeit mit den Sch\u00fclern aus Vietnam, dass sie das Positive aus der vietnamesischen (Ess-)Kultur nicht erst im Internet suchen muss, sondern es direkt aus der Erz\u00e4hlung ihrer Mitsch\u00fcler erfahren \u2013 und am 23. Oktober auch kosten \u2013 konnte. Mehr dazu im Newsbeitrag: <a href=\"https:\/\/www.euroakademie.de\/de\/standorte\/bitterfeld-wolfen\/aktuelles\/news-detail\/article\/vietnamesische-und-deutsche-altenpflegeschueler-kochen-und-geniessen-zusammen.html\" target=\"_blank\" rel=\"noopener\">Vietnamesische und deutsche Altenpflegesch\u00fcler kochen und genie\u00dfen zusammen.<\/a>\n\n\n<h3>Pflege lebt <a href=\"https:\/\/relaunch.euroakademie.de\/magazin\/wp-content\/uploads\/2017\/10\/Kultursensible-Altenpflege-2-web.jpg\"><img decoding=\"async\" class=\"size-medium wp-image-6033 alignleft\" src=\"https:\/\/relaunch.euroakademie.de\/magazin\/wp-content\/uploads\/2017\/10\/Kultursensible-Altenpflege-2-web-300x225.jpg\" alt=\"\" width=\"300\" height=\"225\" srcset=\"https:\/\/www.euroakademie.de\/magazin\/wp-content\/uploads\/2017\/10\/Kultursensible-Altenpflege-2-web-300x225.jpg 300w, https:\/\/www.euroakademie.de\/magazin\/wp-content\/uploads\/2017\/10\/Kultursensible-Altenpflege-2-web-150x113.jpg 150w, https:\/\/www.euroakademie.de\/magazin\/wp-content\/uploads\/2017\/10\/Kultursensible-Altenpflege-2-web-450x338.jpg 450w, https:\/\/www.euroakademie.de\/magazin\/wp-content\/uploads\/2017\/10\/Kultursensible-Altenpflege-2-web.jpg 500w\" sizes=\"(max-width: 300px) 100vw, 300px\" \/><\/a>vom Kontakt mit anderen Menschen<\/h3>\n\n\nDer direkte menschliche Kontakt erleichtert Vieles. Das wissen auch die Lehrerinnen, Anke Reichel und Karin Claus, die das Projekt begleiten: Die Pflegearbeit lebt vom Kontakt mit anderen Menschen. F\u00fcr die Pflege bedeutet dies nicht nur, Menschen aus anderen L\u00e4ndern als Fachkr\u00e4fte in den Pflegeberuf zu bringen, sondern auch k\u00fcnftig Menschen mit anderer (Ess-)Kultur bed\u00fcrfnisgerecht zu begleiten. Im Rahmen der Aus- und Weiterbildung werden die Euro Akademien daher das Modellprojekt verstetigen und weiterentwickeln. Allen Beteiligten ist dabei eines klar: Herausforderungen sind dazu da, um aus ihnen zu lernen und sie erfolgreich zu \u00fcberwinden.\n\nAuch das Regionalfernsehen berichtete \u00fcber das Modellprojekt. Sehen Sie hier den aktuellen <a href=\"http:\/\/www.rbwonline.de\/index.php?cmd=52831\" target=\"_blank\" rel=\"noopener\">Videobeitrag auf RBW-Online &#8222;Integration durch Ern\u00e4hrung&#8220;<\/a> vom 24. Oktober 2017.]]>\t\t<\/p>\n","protected":false},"excerpt":{"rendered":"<p>\t\t\t\t<![CDATA[]]>\t\t<\/p>\n","protected":false},"author":46,"featured_media":6032,"comment_status":"closed","ping_status":"closed","sticky":false,"template":"","format":"standard","meta":{"footnotes":""},"categories":[79,16,49],"tags":[430,2542,4210,4942,5776,6364],"class_list":{"0":"post-6030","1":"post","2":"type-post","3":"status-publish","4":"format-standard","5":"has-post-thumbnail","7":"category-bitterfeld-wolfen","8":"category-gesundheit-pflege","9":"category-wittenberg","10":"tag-altenpfleger","11":"tag-ernaehrung","12":"tag-interkulturelle-zusammenarbeit","13":"tag-kultursensible-pflege","14":"tag-modellprojekt","15":"tag-pflege"},"yoast_head":"<!-- This site is optimized with the Yoast SEO plugin v23.5 - https:\/\/yoast.com\/wordpress\/plugins\/seo\/ -->\n<title>Kultursensible Pflege: Inklusives Lernen \u2013 Euro Akademie Magazin<\/title>\n<meta name=\"description\" content=\"Neue Wege des Lernens und der interkulturellen Zusammenarbeit wurden von angehenden Altenpflegern mit einer vietnamesisch-deutschen Buffetplanung erprobt.\" \/>\n<meta name=\"robots\" content=\"index, follow, max-snippet:-1, max-image-preview:large, max-video-preview:-1\" \/>\n<link rel=\"canonical\" href=\"https:\/\/www.euroakademie.de\/magazin\/kultursensible-pflege-modellprojek\/\" \/>\n<meta property=\"og:locale\" content=\"de_DE\" \/>\n<meta property=\"og:type\" content=\"article\" \/>\n<meta property=\"og:title\" content=\"Kultursensible Pflege: Inklusives Lernen \u2013 Euro Akademie Magazin\" \/>\n<meta property=\"og:description\" content=\"Neue Wege des Lernens und der interkulturellen Zusammenarbeit wurden von angehenden Altenpflegern mit einer vietnamesisch-deutschen Buffetplanung erprobt.\" \/>\n<meta property=\"og:url\" content=\"https:\/\/www.euroakademie.de\/magazin\/kultursensible-pflege-modellprojek\/\" \/>\n<meta property=\"og:site_name\" content=\"Das Euro Akademie Magazin\" \/>\n<meta property=\"article:published_time\" content=\"2017-10-24T07:00:04+00:00\" \/>\n<meta property=\"article:modified_time\" content=\"2024-11-19T14:33:15+00:00\" \/>\n<meta property=\"og:image\" content=\"https:\/\/www.euroakademie.de\/magazin\/wp-content\/uploads\/2017\/10\/Kultursensible-Altenpflege-1-702x336-web.jpg\" \/>\n\t<meta property=\"og:image:width\" content=\"702\" \/>\n\t<meta property=\"og:image:height\" content=\"336\" \/>\n\t<meta property=\"og:image:type\" content=\"image\/jpeg\" \/>\n<meta name=\"author\" content=\"Liane Michaelis\" \/>\n<meta name=\"twitter:card\" content=\"summary_large_image\" \/>\n<meta name=\"twitter:label1\" content=\"Verfasst von\" \/>\n\t<meta name=\"twitter:data1\" content=\"Liane Michaelis\" \/>\n\t<meta name=\"twitter:label2\" content=\"Gesch\u00e4tzte Lesezeit\" \/>\n\t<meta name=\"twitter:data2\" content=\"3\u00a0Minuten\" \/>\n<script type=\"application\/ld+json\" class=\"yoast-schema-graph\">{\"@context\":\"https:\/\/schema.org\",\"@graph\":[{\"@type\":\"Article\",\"@id\":\"https:\/\/www.euroakademie.de\/magazin\/kultursensible-pflege-modellprojek\/#article\",\"isPartOf\":{\"@id\":\"https:\/\/www.euroakademie.de\/magazin\/kultursensible-pflege-modellprojek\/\"},\"author\":{\"name\":\"Liane Michaelis\",\"@id\":\"https:\/\/www.euroakademie.de\/magazin\/#\/schema\/person\/9eaa301ebd9b173ea47ab31904d41c58\"},\"headline\":\"Kultursensible Pflege \u2013 Modellprojekt zum inklusiven Lernen\",\"datePublished\":\"2017-10-24T07:00:04+00:00\",\"dateModified\":\"2024-11-19T14:33:15+00:00\",\"mainEntityOfPage\":{\"@id\":\"https:\/\/www.euroakademie.de\/magazin\/kultursensible-pflege-modellprojek\/\"},\"wordCount\":625,\"publisher\":{\"@id\":\"https:\/\/www.euroakademie.de\/magazin\/#organization\"},\"image\":{\"@id\":\"https:\/\/www.euroakademie.de\/magazin\/kultursensible-pflege-modellprojek\/#primaryimage\"},\"thumbnailUrl\":\"https:\/\/www.euroakademie.de\/magazin\/wp-content\/uploads\/2017\/10\/Kultursensible-Altenpflege-1-702x336-web.jpg\",\"keywords\":[\"Altenpfleger\",\"Ern\u00e4hrung\",\"interkulturelle Zusammenarbeit\",\"kultursensible Pflege\",\"Modellprojekt\",\"Pflege\"],\"articleSection\":[\"Bitterfeld-Wolfen\",\"Gesundheit &amp; Pflege\",\"Wittenberg\"],\"inLanguage\":\"de\"},{\"@type\":\"WebPage\",\"@id\":\"https:\/\/www.euroakademie.de\/magazin\/kultursensible-pflege-modellprojek\/\",\"url\":\"https:\/\/www.euroakademie.de\/magazin\/kultursensible-pflege-modellprojek\/\",\"name\":\"Kultursensible Pflege: Inklusives Lernen \u2013 Euro Akademie Magazin\",\"isPartOf\":{\"@id\":\"https:\/\/www.euroakademie.de\/magazin\/#website\"},\"primaryImageOfPage\":{\"@id\":\"https:\/\/www.euroakademie.de\/magazin\/kultursensible-pflege-modellprojek\/#primaryimage\"},\"image\":{\"@id\":\"https:\/\/www.euroakademie.de\/magazin\/kultursensible-pflege-modellprojek\/#primaryimage\"},\"thumbnailUrl\":\"https:\/\/www.euroakademie.de\/magazin\/wp-content\/uploads\/2017\/10\/Kultursensible-Altenpflege-1-702x336-web.jpg\",\"datePublished\":\"2017-10-24T07:00:04+00:00\",\"dateModified\":\"2024-11-19T14:33:15+00:00\",\"description\":\"Neue Wege des Lernens und der interkulturellen Zusammenarbeit wurden von angehenden Altenpflegern mit einer vietnamesisch-deutschen Buffetplanung erprobt.\",\"breadcrumb\":{\"@id\":\"https:\/\/www.euroakademie.de\/magazin\/kultursensible-pflege-modellprojek\/#breadcrumb\"},\"inLanguage\":\"de\",\"potentialAction\":[{\"@type\":\"ReadAction\",\"target\":[\"https:\/\/www.euroakademie.de\/magazin\/kultursensible-pflege-modellprojek\/\"]}]},{\"@type\":\"ImageObject\",\"inLanguage\":\"de\",\"@id\":\"https:\/\/www.euroakademie.de\/magazin\/kultursensible-pflege-modellprojek\/#primaryimage\",\"url\":\"https:\/\/www.euroakademie.de\/magazin\/wp-content\/uploads\/2017\/10\/Kultursensible-Altenpflege-1-702x336-web.jpg\",\"contentUrl\":\"https:\/\/www.euroakademie.de\/magazin\/wp-content\/uploads\/2017\/10\/Kultursensible-Altenpflege-1-702x336-web.jpg\",\"width\":702,\"height\":336,\"caption\":\"\"},{\"@type\":\"BreadcrumbList\",\"@id\":\"https:\/\/www.euroakademie.de\/magazin\/kultursensible-pflege-modellprojek\/#breadcrumb\",\"itemListElement\":[{\"@type\":\"ListItem\",\"position\":1,\"name\":\"Startseite\",\"item\":\"https:\/\/www.euroakademie.de\/magazin\/\"},{\"@type\":\"ListItem\",\"position\":2,\"name\":\"Kultursensible Pflege \u2013 Modellprojekt zum inklusiven Lernen\"}]},{\"@type\":\"WebSite\",\"@id\":\"https:\/\/www.euroakademie.de\/magazin\/#website\",\"url\":\"https:\/\/www.euroakademie.de\/magazin\/\",\"name\":\"Das Euro Akademie Magazin\",\"description\":\"Gut informiert durch Ausbildung und Studium\",\"publisher\":{\"@id\":\"https:\/\/www.euroakademie.de\/magazin\/#organization\"},\"potentialAction\":[{\"@type\":\"SearchAction\",\"target\":{\"@type\":\"EntryPoint\",\"urlTemplate\":\"https:\/\/www.euroakademie.de\/magazin\/?s={search_term_string}\"},\"query-input\":{\"@type\":\"PropertyValueSpecification\",\"valueRequired\":true,\"valueName\":\"search_term_string\"}}],\"inLanguage\":\"de\"},{\"@type\":\"Organization\",\"@id\":\"https:\/\/www.euroakademie.de\/magazin\/#organization\",\"name\":\"ESO Education Group\",\"url\":\"https:\/\/www.euroakademie.de\/magazin\/\",\"logo\":{\"@type\":\"ImageObject\",\"inLanguage\":\"de\",\"@id\":\"https:\/\/www.euroakademie.de\/magazin\/#\/schema\/logo\/image\/\",\"url\":\"https:\/\/relaunch.euroakademie.de\/magazin\/wp-content\/uploads\/2024\/11\/Logo_EA_negativ_Rahmen_5cm_300dpi_RGB.jpg\",\"contentUrl\":\"https:\/\/relaunch.euroakademie.de\/magazin\/wp-content\/uploads\/2024\/11\/Logo_EA_negativ_Rahmen_5cm_300dpi_RGB.jpg\",\"width\":591,\"height\":236,\"caption\":\"ESO Education Group\"},\"image\":{\"@id\":\"https:\/\/www.euroakademie.de\/magazin\/#\/schema\/logo\/image\/\"}},{\"@type\":\"Person\",\"@id\":\"https:\/\/www.euroakademie.de\/magazin\/#\/schema\/person\/9eaa301ebd9b173ea47ab31904d41c58\",\"name\":\"Liane Michaelis\",\"description\":\"Liane Michaelis ist seit 2007 als Produktmanagerin f\u00fcr Gesundheit und Pflege bei der ESO Education Group t\u00e4tig. Sie verf\u00fcgt zus\u00e4tzlich \u00fcber fundierte Erfahrungen in den Bereichen Lehrt\u00e4tigkeit, Business-Development und Projektmanagement.\",\"url\":\"https:\/\/www.euroakademie.de\/magazin\/author\/liane-michaelis\/\"}]}<\/script>\n<!-- \/ Yoast SEO plugin. -->","yoast_head_json":{"title":"Kultursensible Pflege: Inklusives Lernen \u2013 Euro Akademie Magazin","description":"Neue Wege des Lernens und der interkulturellen Zusammenarbeit wurden von angehenden Altenpflegern mit einer vietnamesisch-deutschen Buffetplanung erprobt.","robots":{"index":"index","follow":"follow","max-snippet":"max-snippet:-1","max-image-preview":"max-image-preview:large","max-video-preview":"max-video-preview:-1"},"canonical":"https:\/\/www.euroakademie.de\/magazin\/kultursensible-pflege-modellprojek\/","og_locale":"de_DE","og_type":"article","og_title":"Kultursensible Pflege: Inklusives Lernen \u2013 Euro Akademie Magazin","og_description":"Neue Wege des Lernens und der interkulturellen Zusammenarbeit wurden von angehenden Altenpflegern mit einer vietnamesisch-deutschen Buffetplanung erprobt.","og_url":"https:\/\/www.euroakademie.de\/magazin\/kultursensible-pflege-modellprojek\/","og_site_name":"Das Euro Akademie Magazin","article_published_time":"2017-10-24T07:00:04+00:00","article_modified_time":"2024-11-19T14:33:15+00:00","og_image":[{"width":702,"height":336,"url":"https:\/\/www.euroakademie.de\/magazin\/wp-content\/uploads\/2017\/10\/Kultursensible-Altenpflege-1-702x336-web.jpg","type":"image\/jpeg"}],"author":"Liane Michaelis","twitter_card":"summary_large_image","twitter_misc":{"Verfasst von":"Liane Michaelis","Gesch\u00e4tzte Lesezeit":"3\u00a0Minuten"},"schema":{"@context":"https:\/\/schema.org","@graph":[{"@type":"Article","@id":"https:\/\/www.euroakademie.de\/magazin\/kultursensible-pflege-modellprojek\/#article","isPartOf":{"@id":"https:\/\/www.euroakademie.de\/magazin\/kultursensible-pflege-modellprojek\/"},"author":{"name":"Liane Michaelis","@id":"https:\/\/www.euroakademie.de\/magazin\/#\/schema\/person\/9eaa301ebd9b173ea47ab31904d41c58"},"headline":"Kultursensible Pflege \u2013 Modellprojekt zum inklusiven Lernen","datePublished":"2017-10-24T07:00:04+00:00","dateModified":"2024-11-19T14:33:15+00:00","mainEntityOfPage":{"@id":"https:\/\/www.euroakademie.de\/magazin\/kultursensible-pflege-modellprojek\/"},"wordCount":625,"publisher":{"@id":"https:\/\/www.euroakademie.de\/magazin\/#organization"},"image":{"@id":"https:\/\/www.euroakademie.de\/magazin\/kultursensible-pflege-modellprojek\/#primaryimage"},"thumbnailUrl":"https:\/\/www.euroakademie.de\/magazin\/wp-content\/uploads\/2017\/10\/Kultursensible-Altenpflege-1-702x336-web.jpg","keywords":["Altenpfleger","Ern\u00e4hrung","interkulturelle Zusammenarbeit","kultursensible Pflege","Modellprojekt","Pflege"],"articleSection":["Bitterfeld-Wolfen","Gesundheit &amp; Pflege","Wittenberg"],"inLanguage":"de"},{"@type":"WebPage","@id":"https:\/\/www.euroakademie.de\/magazin\/kultursensible-pflege-modellprojek\/","url":"https:\/\/www.euroakademie.de\/magazin\/kultursensible-pflege-modellprojek\/","name":"Kultursensible Pflege: Inklusives Lernen \u2013 Euro Akademie Magazin","isPartOf":{"@id":"https:\/\/www.euroakademie.de\/magazin\/#website"},"primaryImageOfPage":{"@id":"https:\/\/www.euroakademie.de\/magazin\/kultursensible-pflege-modellprojek\/#primaryimage"},"image":{"@id":"https:\/\/www.euroakademie.de\/magazin\/kultursensible-pflege-modellprojek\/#primaryimage"},"thumbnailUrl":"https:\/\/www.euroakademie.de\/magazin\/wp-content\/uploads\/2017\/10\/Kultursensible-Altenpflege-1-702x336-web.jpg","datePublished":"2017-10-24T07:00:04+00:00","dateModified":"2024-11-19T14:33:15+00:00","description":"Neue Wege des Lernens und der interkulturellen Zusammenarbeit wurden von angehenden Altenpflegern mit einer vietnamesisch-deutschen Buffetplanung erprobt.","breadcrumb":{"@id":"https:\/\/www.euroakademie.de\/magazin\/kultursensible-pflege-modellprojek\/#breadcrumb"},"inLanguage":"de","potentialAction":[{"@type":"ReadAction","target":["https:\/\/www.euroakademie.de\/magazin\/kultursensible-pflege-modellprojek\/"]}]},{"@type":"ImageObject","inLanguage":"de","@id":"https:\/\/www.euroakademie.de\/magazin\/kultursensible-pflege-modellprojek\/#primaryimage","url":"https:\/\/www.euroakademie.de\/magazin\/wp-content\/uploads\/2017\/10\/Kultursensible-Altenpflege-1-702x336-web.jpg","contentUrl":"https:\/\/www.euroakademie.de\/magazin\/wp-content\/uploads\/2017\/10\/Kultursensible-Altenpflege-1-702x336-web.jpg","width":702,"height":336,"caption":""},{"@type":"BreadcrumbList","@id":"https:\/\/www.euroakademie.de\/magazin\/kultursensible-pflege-modellprojek\/#breadcrumb","itemListElement":[{"@type":"ListItem","position":1,"name":"Startseite","item":"https:\/\/www.euroakademie.de\/magazin\/"},{"@type":"ListItem","position":2,"name":"Kultursensible Pflege \u2013 Modellprojekt zum inklusiven Lernen"}]},{"@type":"WebSite","@id":"https:\/\/www.euroakademie.de\/magazin\/#website","url":"https:\/\/www.euroakademie.de\/magazin\/","name":"Das Euro Akademie Magazin","description":"Gut informiert durch Ausbildung und Studium","publisher":{"@id":"https:\/\/www.euroakademie.de\/magazin\/#organization"},"potentialAction":[{"@type":"SearchAction","target":{"@type":"EntryPoint","urlTemplate":"https:\/\/www.euroakademie.de\/magazin\/?s={search_term_string}"},"query-input":{"@type":"PropertyValueSpecification","valueRequired":true,"valueName":"search_term_string"}}],"inLanguage":"de"},{"@type":"Organization","@id":"https:\/\/www.euroakademie.de\/magazin\/#organization","name":"ESO Education Group","url":"https:\/\/www.euroakademie.de\/magazin\/","logo":{"@type":"ImageObject","inLanguage":"de","@id":"https:\/\/www.euroakademie.de\/magazin\/#\/schema\/logo\/image\/","url":"https:\/\/relaunch.euroakademie.de\/magazin\/wp-content\/uploads\/2024\/11\/Logo_EA_negativ_Rahmen_5cm_300dpi_RGB.jpg","contentUrl":"https:\/\/relaunch.euroakademie.de\/magazin\/wp-content\/uploads\/2024\/11\/Logo_EA_negativ_Rahmen_5cm_300dpi_RGB.jpg","width":591,"height":236,"caption":"ESO Education Group"},"image":{"@id":"https:\/\/www.euroakademie.de\/magazin\/#\/schema\/logo\/image\/"}},{"@type":"Person","@id":"https:\/\/www.euroakademie.de\/magazin\/#\/schema\/person\/9eaa301ebd9b173ea47ab31904d41c58","name":"Liane Michaelis","description":"Liane Michaelis ist seit 2007 als Produktmanagerin f\u00fcr Gesundheit und Pflege bei der ESO Education Group t\u00e4tig. Sie verf\u00fcgt zus\u00e4tzlich \u00fcber fundierte Erfahrungen in den Bereichen Lehrt\u00e4tigkeit, Business-Development und Projektmanagement.","url":"https:\/\/www.euroakademie.de\/magazin\/author\/liane-michaelis\/"}]}},"_links":{"self":[{"href":"https:\/\/www.euroakademie.de\/magazin\/wp-json\/wp\/v2\/posts\/6030","targetHints":{"allow":["GET"]}}],"collection":[{"href":"https:\/\/www.euroakademie.de\/magazin\/wp-json\/wp\/v2\/posts"}],"about":[{"href":"https:\/\/www.euroakademie.de\/magazin\/wp-json\/wp\/v2\/types\/post"}],"author":[{"embeddable":true,"href":"https:\/\/www.euroakademie.de\/magazin\/wp-json\/wp\/v2\/users\/46"}],"replies":[{"embeddable":true,"href":"https:\/\/www.euroakademie.de\/magazin\/wp-json\/wp\/v2\/comments?post=6030"}],"version-history":[{"count":1,"href":"https:\/\/www.euroakademie.de\/magazin\/wp-json\/wp\/v2\/posts\/6030\/revisions"}],"predecessor-version":[{"id":23676,"href":"https:\/\/www.euroakademie.de\/magazin\/wp-json\/wp\/v2\/posts\/6030\/revisions\/23676"}],"wp:featuredmedia":[{"embeddable":true,"href":"https:\/\/www.euroakademie.de\/magazin\/wp-json\/wp\/v2\/media\/6032"}],"wp:attachment":[{"href":"https:\/\/www.euroakademie.de\/magazin\/wp-json\/wp\/v2\/media?parent=6030"}],"wp:term":[{"taxonomy":"category","embeddable":true,"href":"https:\/\/www.euroakademie.de\/magazin\/wp-json\/wp\/v2\/categories?post=6030"},{"taxonomy":"post_tag","embeddable":true,"href":"https:\/\/www.euroakademie.de\/magazin\/wp-json\/wp\/v2\/tags?post=6030"}],"curies":[{"name":"wp","href":"https:\/\/api.w.org\/{rel}","templated":true}]}}