{"id":6144,"date":"2017-11-13T08:29:40","date_gmt":"2017-11-13T07:29:40","guid":{"rendered":"https:\/\/www.euroakademie.de\/magazin\/?p=6144"},"modified":"2024-11-19T15:33:17","modified_gmt":"2024-11-19T14:33:17","slug":"biografiearbeit","status":"publish","type":"post","link":"https:\/\/www.euroakademie.de\/magazin\/biografiearbeit\/","title":{"rendered":"Biografiearbeit \u2013 ein Gewinn f\u00fcr Pfleger und Senioren"},"content":{"rendered":"<p>\t\t\t\t<![CDATA[<strong>Am Ende unseres Lebens blicken wir zur\u00fcck \u2013 auf Erlebtes und Geschehenes, auf Schicksalsschl\u00e4ge, Erfolge, Misserfolge und Beziehungen. In dieser letzten Lebensphase gewinnt die Vergangenheit an Bedeutung und es entsteht der Wunsch, mit sich und der Welt im Einklang zu sein. Die Biografiearbeit in der Altenpflege nimmt hier eine wichtige Rolle ein.\u00a0\u00a0<\/strong>\n\nDie Frage nach dem Sinn wird am Ende des Lebens wieder aktuell \u2013 wir bewerten das, was wir erreicht und was wir vers\u00e4umt haben. Wir sind auf der Suche nach einem roten Faden in unserem Leben, m\u00f6chten Erkl\u00e4rungen f\u00fcr wichtige Ereignisse, Einschnitte und Krisen finden.\n\n\n<h2>Biografiearbeit f\u00f6rdert Gef\u00fchle und Ged\u00e4chtnis<\/h2>\n\n\n<a href=\"https:\/\/www.euroakademie.de\/details\/AL____RGG_Q18S_1\/Altenpflegehelferin---staatlich-anerkannt\" target=\"_blank\" rel=\"noopener\">Altenpfleger<\/a>, die mit der Biografiearbeit vertraut sind, k\u00f6nnen\u00a0 Senioren emotional und kognitiv f\u00f6rdern und sie wieder aktiv am Leben teilnehmen lassen. \u00c4ltere Menschen leben auf, wenn sie Geschichten von fr\u00fcher erz\u00e4hlen d\u00fcrfen \u2013 dann f\u00fchlen sie sich zugeh\u00f6rig. Das Erinnern und Nachdenken \u00fcber Gewesenes aktiviert das Ged\u00e4chtnis und l\u00e4sst uns Gef\u00fchle noch einmal erleben.\n\nEreignisse in Kindheit und Jugend sind den \u00e4lteren Menschen oft n\u00e4her, als das was erst vor kurzer Zeit passiert ist, denn Informationen aus dem Langzeitged\u00e4chtnis sind auch im hohen Alter, sogar bei an Demenz erkrankten Menschen, noch abrufbar. Das Kurzzeitged\u00e4chtnis hingegen l\u00e4sst mit den Jahren deutlich nach.\u00a0 Auch das ist ein Grund, warum viele Senioren so gerne \u00fcber die Vergangenheit reden.\n\n\n<h2>Pflegen mit Pers\u00f6nlichkeit<\/h2>\n\n\n<a href=\"https:\/\/www.onleihe.de\/schleswig_holstein\/frontend\/mediaInfo,0-0-401544881-200-0-0-0-0-0-0-0.html\" target=\"_blank\" rel=\"noopener\">Biografiearbeit<\/a> in der Pflege soll den Menschen, mit seiner gesamten Lebensgeschichte, in den Mittelpunkt stellen. Dabei geht es nicht nur um harte Fakten wie den Beruf, das Geburtsdatum und die Anzahl der Geschwister, sondern\u00a0 vor allem um die individuelle Lebenswelt des Menschen. Welche Interessen hatte er \u2013 ging er gerne in die Natur? Waren ihm B\u00fccher wichtig? Lebte er auf dem Land oder in der Stadt? Welche Rollte spielte Religion in seinem Leben? Welche Krisen hatte er zu meistern?\n\nEigenwilliges Verhalten, Zur\u00fcckgezogenheit oder Wutausbr\u00fcche lassen sich besser verstehen, wenn man die Geschichte eines Menschen kennt. Das tr\u00e4gt zu einer individuellen Pflege bei, die den ganzen Menschen wahrnimmt und ihn so akzeptiert, wie er ist.\n\nF\u00fcr die Altenpfleger f\u00fchrt das Verstehen der pers\u00f6nlichen Lebensgeschichte der Pflegebed\u00fcrftigen zu\u00a0 mehr Gelassenheit, gr\u00f6\u00dferer Toleranz und Frustrationstoleranz. Der zu Pflegende wiederum erf\u00e4hrt Sicherheit und Wertsch\u00e4tzung durch verst\u00e4ndnisvollen Umgang mit ihm, f\u00fchlt sich weniger ohnm\u00e4chtig und kann darum Hilfe besser annehmen und die Pflegekraft als wertvolle Bezugsperson sch\u00e4tzen.\n\n\n<h2>Schwerpunkte der Biografiearbeit<\/h2>\n\n\n\n\n<ul>\n \t\n\n<li><strong>Soziale Biografie<\/strong>\nDie soziale Biografie besch\u00e4ftigt sich mit dem Umfeld des Menschen. Welche finanziellen Mittel standen ihm zur Verf\u00fcgung? Welche \u201eSprache\u201c spricht er? Welche Werte bestimmten sein Leben (Familie, Flei\u00df, beruflicher Erfolg)?<\/li>\n\n\n \t\n\n<li><strong>Kulturelle Biografie<\/strong>\nIn welcher Kultur ist jemand aufgewachsen? Wie ist sein Verh\u00e4ltnis zur Religion? Welche Sitten und Br\u00e4uche sind wichtig f\u00fcr ihn? Hat er auf dem Land oder in der Stadt gelebt?<\/li>\n\n\n \t\n\n<li><strong>Lern- und Bildungsbiografie<\/strong>\nHier geht es um die Schulzeit, die Phase der Ausbildung und des Studiums. Auch andere Bildungsbereiche, die dem Menschen wichtig waren, geh\u00f6ren dazu.<\/li>\n\n\n \t\n\n<li><strong>Pers\u00f6nlichkeitsbiografie<\/strong>\nDie Pers\u00f6nlichkeitsbiografie beschreibt, was dem Menschen im Allgemeinen wichtig ist, wie er mit Problemen umgeht, was er ablehnt und wann er Zufriedenheit empfindet.<\/li>\n\n\n<\/ul>\n\n\nBereits einfache <a href=\"https:\/\/www.euroakademie.de\/magazin\/betreuungskraefte-in-der-pflege\/\" target=\"_blank\" rel=\"noopener\">Gespr\u00e4che mit den Senioren<\/a> geh\u00f6ren zur Biografiearbeit. Durch interessiertes Zuh\u00f6ren und offene Fragen bekommen wir ein ganzheitliches Bild eines Menschen.\n\nDie Biografiearbeit in der Altenpflege holt den Menschen dort ab, wo er steht. Denn die Vergangenheit einer Person bestimmt ihr Verhalten in der Gegenwart und Zukunft. Fragen und Gespr\u00e4che \u00fcber das eigene Leben und das freie Erz\u00e4hlen \u201evon fr\u00fcher\u201c st\u00e4rken das Selbstbewusstsein, aktivieren verloren geglaubte Interessen und regen zum Denken an.Der Pflegebed\u00fcrftige nimmt wieder st\u00e4rker am Leben teil und erleichtert dadurch die Arbeit der Pflegekr\u00e4fte. Deshalb ist die Biografiearbeit ein Gewinn f\u00fcr beide Seiten \u2013 f\u00fcr Pfleger und Senioren.]]>\t\t<\/p>\n","protected":false},"excerpt":{"rendered":"<p>\t\t\t\t<![CDATA[]]>\t\t<\/p>\n","protected":false},"author":58,"featured_media":6147,"comment_status":"closed","ping_status":"closed","sticky":false,"template":"","format":"standard","meta":{"footnotes":""},"categories":[16,139],"tags":[418,1507,1510,1963,2509,2539,3349,3385,3394,3559,5047,6364,6376,6433,7447,8713,9487],"class_list":{"0":"post-6144","1":"post","2":"type-post","3":"status-publish","4":"format-standard","5":"has-post-thumbnail","7":"category-gesundheit-pflege","8":"category-lesetipps","9":"tag-altenpflege","10":"tag-biografie","11":"tag-biografiearbeit","12":"tag-demenz","13":"tag-erinnern","14":"tag-erlebnisse","15":"tag-gedaechtnis","16":"tag-gefuehle","17":"tag-gegenwart","18":"tag-gespraeche","19":"tag-leben","20":"tag-pflege","21":"tag-pflegebeduerftige","22":"tag-pflegekraefte","23":"tag-senioren","24":"tag-vergangenheit","25":"tag-zukunft"},"yoast_head":"<!-- This site is optimized with the Yoast SEO plugin v23.5 - https:\/\/yoast.com\/wordpress\/plugins\/seo\/ -->\n<title>Biografiearbeit \u2013 Gewinn f\u00fcr Pfleger und Senioren\/Euro Akademie Magazin<\/title>\n<meta name=\"description\" content=\"In dieser letzten Lebensphase gewinnt die Vergangenheit an Bedeutung. Die Biografiearbeit in der Altenpflege nimmt hier eine wichtige Rolle ein.\u00a0\u00a0\" \/>\n<meta name=\"robots\" content=\"index, follow, max-snippet:-1, max-image-preview:large, max-video-preview:-1\" \/>\n<link rel=\"canonical\" href=\"https:\/\/www.euroakademie.de\/magazin\/biografiearbeit\/\" \/>\n<meta property=\"og:locale\" content=\"de_DE\" \/>\n<meta property=\"og:type\" content=\"article\" \/>\n<meta property=\"og:title\" content=\"Biografiearbeit \u2013 Gewinn f\u00fcr Pfleger und Senioren\/Euro Akademie Magazin\" \/>\n<meta property=\"og:description\" content=\"In dieser letzten Lebensphase gewinnt die Vergangenheit an Bedeutung. Die Biografiearbeit in der Altenpflege nimmt hier eine wichtige Rolle ein.\u00a0\u00a0\" \/>\n<meta property=\"og:url\" content=\"https:\/\/www.euroakademie.de\/magazin\/biografiearbeit\/\" \/>\n<meta property=\"og:site_name\" content=\"Das Euro Akademie Magazin\" \/>\n<meta property=\"article:published_time\" content=\"2017-11-13T07:29:40+00:00\" \/>\n<meta property=\"article:modified_time\" content=\"2024-11-19T14:33:17+00:00\" \/>\n<meta property=\"og:image\" content=\"https:\/\/www.euroakademie.de\/magazin\/wp-content\/uploads\/2017\/11\/42-21637778_702x336_web_quelle.jpg\" \/>\n\t<meta property=\"og:image:width\" content=\"702\" \/>\n\t<meta property=\"og:image:height\" content=\"336\" \/>\n\t<meta property=\"og:image:type\" content=\"image\/jpeg\" \/>\n<meta name=\"author\" content=\"Tanja H\u00f6fling\" \/>\n<meta name=\"twitter:card\" content=\"summary_large_image\" \/>\n<meta name=\"twitter:label1\" content=\"Verfasst von\" \/>\n\t<meta name=\"twitter:data1\" content=\"Tanja H\u00f6fling\" \/>\n\t<meta name=\"twitter:label2\" content=\"Gesch\u00e4tzte Lesezeit\" \/>\n\t<meta name=\"twitter:data2\" content=\"3\u00a0Minuten\" \/>\n<script type=\"application\/ld+json\" class=\"yoast-schema-graph\">{\"@context\":\"https:\/\/schema.org\",\"@graph\":[{\"@type\":\"Article\",\"@id\":\"https:\/\/www.euroakademie.de\/magazin\/biografiearbeit\/#article\",\"isPartOf\":{\"@id\":\"https:\/\/www.euroakademie.de\/magazin\/biografiearbeit\/\"},\"author\":{\"name\":\"Tanja H\u00f6fling\",\"@id\":\"https:\/\/www.euroakademie.de\/magazin\/#\/schema\/person\/2c0d3896d19e86373c87f4ac022d4919\"},\"headline\":\"Biografiearbeit \u2013 ein Gewinn f\u00fcr Pfleger und Senioren\",\"datePublished\":\"2017-11-13T07:29:40+00:00\",\"dateModified\":\"2024-11-19T14:33:17+00:00\",\"mainEntityOfPage\":{\"@id\":\"https:\/\/www.euroakademie.de\/magazin\/biografiearbeit\/\"},\"wordCount\":663,\"publisher\":{\"@id\":\"https:\/\/www.euroakademie.de\/magazin\/#organization\"},\"image\":{\"@id\":\"https:\/\/www.euroakademie.de\/magazin\/biografiearbeit\/#primaryimage\"},\"thumbnailUrl\":\"https:\/\/www.euroakademie.de\/magazin\/wp-content\/uploads\/2017\/11\/42-21637778_702x336_web_quelle.jpg\",\"keywords\":[\"Altenpflege\",\"Biografie\",\"Biografiearbeit\",\"Demenz\",\"Erinnern\",\"Erlebnisse\",\"Ged\u00e4chtnis\",\"Gef\u00fchle\",\"Gegenwart\",\"Gespr\u00e4che\",\"Leben\",\"Pflege\",\"Pflegebed\u00fcrftige\",\"Pflegekr\u00e4fte\",\"Senioren\",\"Vergangenheit\",\"Zukunft\"],\"articleSection\":[\"Gesundheit &amp; Pflege\",\"Link- und Lesetipps\"],\"inLanguage\":\"de\"},{\"@type\":\"WebPage\",\"@id\":\"https:\/\/www.euroakademie.de\/magazin\/biografiearbeit\/\",\"url\":\"https:\/\/www.euroakademie.de\/magazin\/biografiearbeit\/\",\"name\":\"Biografiearbeit \u2013 Gewinn f\u00fcr Pfleger und Senioren\/Euro Akademie Magazin\",\"isPartOf\":{\"@id\":\"https:\/\/www.euroakademie.de\/magazin\/#website\"},\"primaryImageOfPage\":{\"@id\":\"https:\/\/www.euroakademie.de\/magazin\/biografiearbeit\/#primaryimage\"},\"image\":{\"@id\":\"https:\/\/www.euroakademie.de\/magazin\/biografiearbeit\/#primaryimage\"},\"thumbnailUrl\":\"https:\/\/www.euroakademie.de\/magazin\/wp-content\/uploads\/2017\/11\/42-21637778_702x336_web_quelle.jpg\",\"datePublished\":\"2017-11-13T07:29:40+00:00\",\"dateModified\":\"2024-11-19T14:33:17+00:00\",\"description\":\"In dieser letzten Lebensphase gewinnt die Vergangenheit an Bedeutung. Die Biografiearbeit in der Altenpflege nimmt hier eine wichtige Rolle ein.\u00a0\u00a0\",\"breadcrumb\":{\"@id\":\"https:\/\/www.euroakademie.de\/magazin\/biografiearbeit\/#breadcrumb\"},\"inLanguage\":\"de\",\"potentialAction\":[{\"@type\":\"ReadAction\",\"target\":[\"https:\/\/www.euroakademie.de\/magazin\/biografiearbeit\/\"]}]},{\"@type\":\"ImageObject\",\"inLanguage\":\"de\",\"@id\":\"https:\/\/www.euroakademie.de\/magazin\/biografiearbeit\/#primaryimage\",\"url\":\"https:\/\/www.euroakademie.de\/magazin\/wp-content\/uploads\/2017\/11\/42-21637778_702x336_web_quelle.jpg\",\"contentUrl\":\"https:\/\/www.euroakademie.de\/magazin\/wp-content\/uploads\/2017\/11\/42-21637778_702x336_web_quelle.jpg\",\"width\":702,\"height\":336,\"caption\":\"\"},{\"@type\":\"BreadcrumbList\",\"@id\":\"https:\/\/www.euroakademie.de\/magazin\/biografiearbeit\/#breadcrumb\",\"itemListElement\":[{\"@type\":\"ListItem\",\"position\":1,\"name\":\"Startseite\",\"item\":\"https:\/\/www.euroakademie.de\/magazin\/\"},{\"@type\":\"ListItem\",\"position\":2,\"name\":\"Biografiearbeit \u2013 ein Gewinn f\u00fcr Pfleger und Senioren\"}]},{\"@type\":\"WebSite\",\"@id\":\"https:\/\/www.euroakademie.de\/magazin\/#website\",\"url\":\"https:\/\/www.euroakademie.de\/magazin\/\",\"name\":\"Das Euro Akademie Magazin\",\"description\":\"Gut informiert durch Ausbildung und Studium\",\"publisher\":{\"@id\":\"https:\/\/www.euroakademie.de\/magazin\/#organization\"},\"potentialAction\":[{\"@type\":\"SearchAction\",\"target\":{\"@type\":\"EntryPoint\",\"urlTemplate\":\"https:\/\/www.euroakademie.de\/magazin\/?s={search_term_string}\"},\"query-input\":{\"@type\":\"PropertyValueSpecification\",\"valueRequired\":true,\"valueName\":\"search_term_string\"}}],\"inLanguage\":\"de\"},{\"@type\":\"Organization\",\"@id\":\"https:\/\/www.euroakademie.de\/magazin\/#organization\",\"name\":\"ESO Education Group\",\"url\":\"https:\/\/www.euroakademie.de\/magazin\/\",\"logo\":{\"@type\":\"ImageObject\",\"inLanguage\":\"de\",\"@id\":\"https:\/\/www.euroakademie.de\/magazin\/#\/schema\/logo\/image\/\",\"url\":\"https:\/\/relaunch.euroakademie.de\/magazin\/wp-content\/uploads\/2024\/11\/Logo_EA_negativ_Rahmen_5cm_300dpi_RGB.jpg\",\"contentUrl\":\"https:\/\/relaunch.euroakademie.de\/magazin\/wp-content\/uploads\/2024\/11\/Logo_EA_negativ_Rahmen_5cm_300dpi_RGB.jpg\",\"width\":591,\"height\":236,\"caption\":\"ESO Education Group\"},\"image\":{\"@id\":\"https:\/\/www.euroakademie.de\/magazin\/#\/schema\/logo\/image\/\"}},{\"@type\":\"Person\",\"@id\":\"https:\/\/www.euroakademie.de\/magazin\/#\/schema\/person\/2c0d3896d19e86373c87f4ac022d4919\",\"name\":\"Tanja H\u00f6fling\",\"description\":\"Von Juli 2017 bis Juli 2022 informierte die ehemalige Online-Redakteurin des Euro Akademie Magazins regelm\u00e4\u00dfig \u00fcber Aktuelles und Wissenswertes zu den Themen Ausbildung, Studium und Beruf.\",\"url\":\"https:\/\/www.euroakademie.de\/magazin\/author\/hoeflingt\/\"}]}<\/script>\n<!-- \/ Yoast SEO plugin. -->","yoast_head_json":{"title":"Biografiearbeit \u2013 Gewinn f\u00fcr Pfleger und Senioren\/Euro Akademie Magazin","description":"In dieser letzten Lebensphase gewinnt die Vergangenheit an Bedeutung. Die Biografiearbeit in der Altenpflege nimmt hier eine wichtige Rolle ein.\u00a0\u00a0","robots":{"index":"index","follow":"follow","max-snippet":"max-snippet:-1","max-image-preview":"max-image-preview:large","max-video-preview":"max-video-preview:-1"},"canonical":"https:\/\/www.euroakademie.de\/magazin\/biografiearbeit\/","og_locale":"de_DE","og_type":"article","og_title":"Biografiearbeit \u2013 Gewinn f\u00fcr Pfleger und Senioren\/Euro Akademie Magazin","og_description":"In dieser letzten Lebensphase gewinnt die Vergangenheit an Bedeutung. Die Biografiearbeit in der Altenpflege nimmt hier eine wichtige Rolle ein.\u00a0\u00a0","og_url":"https:\/\/www.euroakademie.de\/magazin\/biografiearbeit\/","og_site_name":"Das Euro Akademie Magazin","article_published_time":"2017-11-13T07:29:40+00:00","article_modified_time":"2024-11-19T14:33:17+00:00","og_image":[{"width":702,"height":336,"url":"https:\/\/www.euroakademie.de\/magazin\/wp-content\/uploads\/2017\/11\/42-21637778_702x336_web_quelle.jpg","type":"image\/jpeg"}],"author":"Tanja H\u00f6fling","twitter_card":"summary_large_image","twitter_misc":{"Verfasst von":"Tanja H\u00f6fling","Gesch\u00e4tzte Lesezeit":"3\u00a0Minuten"},"schema":{"@context":"https:\/\/schema.org","@graph":[{"@type":"Article","@id":"https:\/\/www.euroakademie.de\/magazin\/biografiearbeit\/#article","isPartOf":{"@id":"https:\/\/www.euroakademie.de\/magazin\/biografiearbeit\/"},"author":{"name":"Tanja H\u00f6fling","@id":"https:\/\/www.euroakademie.de\/magazin\/#\/schema\/person\/2c0d3896d19e86373c87f4ac022d4919"},"headline":"Biografiearbeit \u2013 ein Gewinn f\u00fcr Pfleger und Senioren","datePublished":"2017-11-13T07:29:40+00:00","dateModified":"2024-11-19T14:33:17+00:00","mainEntityOfPage":{"@id":"https:\/\/www.euroakademie.de\/magazin\/biografiearbeit\/"},"wordCount":663,"publisher":{"@id":"https:\/\/www.euroakademie.de\/magazin\/#organization"},"image":{"@id":"https:\/\/www.euroakademie.de\/magazin\/biografiearbeit\/#primaryimage"},"thumbnailUrl":"https:\/\/www.euroakademie.de\/magazin\/wp-content\/uploads\/2017\/11\/42-21637778_702x336_web_quelle.jpg","keywords":["Altenpflege","Biografie","Biografiearbeit","Demenz","Erinnern","Erlebnisse","Ged\u00e4chtnis","Gef\u00fchle","Gegenwart","Gespr\u00e4che","Leben","Pflege","Pflegebed\u00fcrftige","Pflegekr\u00e4fte","Senioren","Vergangenheit","Zukunft"],"articleSection":["Gesundheit &amp; Pflege","Link- und Lesetipps"],"inLanguage":"de"},{"@type":"WebPage","@id":"https:\/\/www.euroakademie.de\/magazin\/biografiearbeit\/","url":"https:\/\/www.euroakademie.de\/magazin\/biografiearbeit\/","name":"Biografiearbeit \u2013 Gewinn f\u00fcr Pfleger und Senioren\/Euro Akademie Magazin","isPartOf":{"@id":"https:\/\/www.euroakademie.de\/magazin\/#website"},"primaryImageOfPage":{"@id":"https:\/\/www.euroakademie.de\/magazin\/biografiearbeit\/#primaryimage"},"image":{"@id":"https:\/\/www.euroakademie.de\/magazin\/biografiearbeit\/#primaryimage"},"thumbnailUrl":"https:\/\/www.euroakademie.de\/magazin\/wp-content\/uploads\/2017\/11\/42-21637778_702x336_web_quelle.jpg","datePublished":"2017-11-13T07:29:40+00:00","dateModified":"2024-11-19T14:33:17+00:00","description":"In dieser letzten Lebensphase gewinnt die Vergangenheit an Bedeutung. Die Biografiearbeit in der Altenpflege nimmt hier eine wichtige Rolle ein.\u00a0\u00a0","breadcrumb":{"@id":"https:\/\/www.euroakademie.de\/magazin\/biografiearbeit\/#breadcrumb"},"inLanguage":"de","potentialAction":[{"@type":"ReadAction","target":["https:\/\/www.euroakademie.de\/magazin\/biografiearbeit\/"]}]},{"@type":"ImageObject","inLanguage":"de","@id":"https:\/\/www.euroakademie.de\/magazin\/biografiearbeit\/#primaryimage","url":"https:\/\/www.euroakademie.de\/magazin\/wp-content\/uploads\/2017\/11\/42-21637778_702x336_web_quelle.jpg","contentUrl":"https:\/\/www.euroakademie.de\/magazin\/wp-content\/uploads\/2017\/11\/42-21637778_702x336_web_quelle.jpg","width":702,"height":336,"caption":""},{"@type":"BreadcrumbList","@id":"https:\/\/www.euroakademie.de\/magazin\/biografiearbeit\/#breadcrumb","itemListElement":[{"@type":"ListItem","position":1,"name":"Startseite","item":"https:\/\/www.euroakademie.de\/magazin\/"},{"@type":"ListItem","position":2,"name":"Biografiearbeit \u2013 ein Gewinn f\u00fcr Pfleger und Senioren"}]},{"@type":"WebSite","@id":"https:\/\/www.euroakademie.de\/magazin\/#website","url":"https:\/\/www.euroakademie.de\/magazin\/","name":"Das Euro Akademie Magazin","description":"Gut informiert durch Ausbildung und Studium","publisher":{"@id":"https:\/\/www.euroakademie.de\/magazin\/#organization"},"potentialAction":[{"@type":"SearchAction","target":{"@type":"EntryPoint","urlTemplate":"https:\/\/www.euroakademie.de\/magazin\/?s={search_term_string}"},"query-input":{"@type":"PropertyValueSpecification","valueRequired":true,"valueName":"search_term_string"}}],"inLanguage":"de"},{"@type":"Organization","@id":"https:\/\/www.euroakademie.de\/magazin\/#organization","name":"ESO Education Group","url":"https:\/\/www.euroakademie.de\/magazin\/","logo":{"@type":"ImageObject","inLanguage":"de","@id":"https:\/\/www.euroakademie.de\/magazin\/#\/schema\/logo\/image\/","url":"https:\/\/relaunch.euroakademie.de\/magazin\/wp-content\/uploads\/2024\/11\/Logo_EA_negativ_Rahmen_5cm_300dpi_RGB.jpg","contentUrl":"https:\/\/relaunch.euroakademie.de\/magazin\/wp-content\/uploads\/2024\/11\/Logo_EA_negativ_Rahmen_5cm_300dpi_RGB.jpg","width":591,"height":236,"caption":"ESO Education Group"},"image":{"@id":"https:\/\/www.euroakademie.de\/magazin\/#\/schema\/logo\/image\/"}},{"@type":"Person","@id":"https:\/\/www.euroakademie.de\/magazin\/#\/schema\/person\/2c0d3896d19e86373c87f4ac022d4919","name":"Tanja H\u00f6fling","description":"Von Juli 2017 bis Juli 2022 informierte die ehemalige Online-Redakteurin des Euro Akademie Magazins regelm\u00e4\u00dfig \u00fcber Aktuelles und Wissenswertes zu den Themen Ausbildung, Studium und Beruf.","url":"https:\/\/www.euroakademie.de\/magazin\/author\/hoeflingt\/"}]}},"_links":{"self":[{"href":"https:\/\/www.euroakademie.de\/magazin\/wp-json\/wp\/v2\/posts\/6144","targetHints":{"allow":["GET"]}}],"collection":[{"href":"https:\/\/www.euroakademie.de\/magazin\/wp-json\/wp\/v2\/posts"}],"about":[{"href":"https:\/\/www.euroakademie.de\/magazin\/wp-json\/wp\/v2\/types\/post"}],"author":[{"embeddable":true,"href":"https:\/\/www.euroakademie.de\/magazin\/wp-json\/wp\/v2\/users\/58"}],"replies":[{"embeddable":true,"href":"https:\/\/www.euroakademie.de\/magazin\/wp-json\/wp\/v2\/comments?post=6144"}],"version-history":[{"count":2,"href":"https:\/\/www.euroakademie.de\/magazin\/wp-json\/wp\/v2\/posts\/6144\/revisions"}],"predecessor-version":[{"id":23736,"href":"https:\/\/www.euroakademie.de\/magazin\/wp-json\/wp\/v2\/posts\/6144\/revisions\/23736"}],"wp:featuredmedia":[{"embeddable":true,"href":"https:\/\/www.euroakademie.de\/magazin\/wp-json\/wp\/v2\/media\/6147"}],"wp:attachment":[{"href":"https:\/\/www.euroakademie.de\/magazin\/wp-json\/wp\/v2\/media?parent=6144"}],"wp:term":[{"taxonomy":"category","embeddable":true,"href":"https:\/\/www.euroakademie.de\/magazin\/wp-json\/wp\/v2\/categories?post=6144"},{"taxonomy":"post_tag","embeddable":true,"href":"https:\/\/www.euroakademie.de\/magazin\/wp-json\/wp\/v2\/tags?post=6144"}],"curies":[{"name":"wp","href":"https:\/\/api.w.org\/{rel}","templated":true}]}}