{"id":6182,"date":"2017-11-17T08:10:39","date_gmt":"2017-11-17T07:10:39","guid":{"rendered":"https:\/\/www.euroakademie.de\/magazin\/?p=6182"},"modified":"2024-10-31T08:31:26","modified_gmt":"2024-10-31T07:31:26","slug":"lesen-sie-vor","status":"publish","type":"post","link":"https:\/\/www.euroakademie.de\/magazin\/lesen-sie-vor\/","title":{"rendered":"Lesen Sie vor!"},"content":{"rendered":"\t\t<div data-elementor-type=\"wp-post\" data-elementor-id=\"6182\" class=\"elementor elementor-6182\">\n\t\t\t\t\t\t<section class=\"elementor-section elementor-top-section elementor-element elementor-element-2b35b909 elementor-section-boxed elementor-section-height-default elementor-section-height-default\" data-id=\"2b35b909\" data-element_type=\"section\">\n\t\t\t\t\t\t<div class=\"elementor-container elementor-column-gap-default\">\n\t\t\t\t\t<div class=\"elementor-column elementor-col-100 elementor-top-column elementor-element elementor-element-2f5dacc4\" data-id=\"2f5dacc4\" data-element_type=\"column\">\n\t\t\t<div class=\"elementor-widget-wrap elementor-element-populated\">\n\t\t\t\t\t\t<div class=\"elementor-element elementor-element-3c0cab0d elementor-widget elementor-widget-text-editor\" data-id=\"3c0cab0d\" data-element_type=\"widget\" data-widget_type=\"text-editor.default\">\n\t\t\t\t<div class=\"elementor-widget-container\">\n\t\t\t<style>\/*! elementor - v3.22.0 - 26-06-2024 *\/\n.elementor-widget-text-editor.elementor-drop-cap-view-stacked .elementor-drop-cap{background-color:#69727d;color:#fff}.elementor-widget-text-editor.elementor-drop-cap-view-framed .elementor-drop-cap{color:#69727d;border:3px solid;background-color:transparent}.elementor-widget-text-editor:not(.elementor-drop-cap-view-default) .elementor-drop-cap{margin-top:8px}.elementor-widget-text-editor:not(.elementor-drop-cap-view-default) .elementor-drop-cap-letter{width:1em;height:1em}.elementor-widget-text-editor .elementor-drop-cap{float:left;text-align:center;line-height:1;font-size:50px}.elementor-widget-text-editor .elementor-drop-cap-letter{display:inline-block}<\/style>\t\t\t\t<p>\n\t\t\t\t<!--[CDATA[<strong-->B\u00fccher bereichern das Leben. Schon kleinen Kindern vorzulesen ist nicht nur wichtig f\u00fcr das sp\u00e4tere Leseverst\u00e4ndnis des Nachwuchses und die Entwicklung der Sprache \u2013 es macht einfach Freude und schafft N\u00e4he. Ein Buch auf dem Scho\u00df h\u00e4lt die Zeit an \u2013 denn wir selbst entscheiden, wie schnell wir den Lesestoff aufnehmen. <\/p>\n<p>Wer B\u00fccher liest, ist niemals alleine. Durch das Vorlesen k\u00f6nnen Sie Ihre Kinder auf ein Leben mit B\u00fcchern vorbereiten. Die Welt der gedruckten Geschichten ist ein R\u00fcckzugsort, der uns immer wieder neue Impulse gibt, uns auf andere Gedanken bringt und die Konzentration f\u00f6rdert. F\u00fcr Familien bedeutet Vorlesen auch Entspannung und Ruhe im oft hektischen Alltag \u2013 B\u00fccher entschleunigen.<\/p>\n<p>Am 17. November findet der <a href=\"http:\/\/www.vorlesetag.de\/\" target=\"_blank\" rel=\"noopener\">bundesweite Vorlesetag<\/a> zum 14. Mal statt. Ins Leben gerufen wurde er von DIE ZEIT, Stiftung Lesen und Deutsche Bahn Stiftung. Ziel der Aktion ist es, Begeisterung f\u00fcr das Lesen und Vorlesen zu wecken. Je fr\u00fcher Kinder mit B\u00fcchern in Ber\u00fchrung kommen, desto selbstverst\u00e4ndlicher wird der Umgang mit dem geschriebenen Wort. Der Nachwuchs hat es in der Schule einmal leichter Lesen und Schreiben zu lernen. Auch im weiteren Leben ist die Lese- und Schreibkompetenz eine wesentliche Schl\u00fcsselqualifikation, die schulische und berufliche T\u00fcren \u00f6ffnet.<\/p>\n<h2>So nehmen Sie am n\u00e4chsten Vorlesetag teil<\/h2>\n<p>Zun\u00e4chst \u00fcberlegen Sie sich, wo Sie vorlesen m\u00f6chten \u2013 das kann im Kindergarten, der Schule oder an ungew\u00f6hnlichen Leseorten wie einem Schwimmbad oder der Fu\u00dfg\u00e4ngerzone sein. Dann melden Sie sich auf vorlesetag.de an. Dort finden Sie auch Werbematerialien, die auf die Aktion aufmerksam machen und Tipps zur Organisation einer <a href=\"https:\/\/www.euroakademie.de\/magazin\/vorlesetag-sollte-an-365-tagen-im-jahr-sein\/\" target=\"_blank\" rel=\"noopener\">Vorleseaktion<\/a>.<\/p>\n<p>\u00dcber 1300 Prominente und Politiker beteiligten sich 2016 am bundesweiten Vorlesetag. Rund 135.000 Vorleser waren im letzten Jahr mit B\u00fcchern unterwegs. Und die Zahl der Leseliebhaber w\u00e4chst: 2017 haben sich mehr als 172.000 Menschen bereit erkl\u00e4rt, anderen vorzulesen.<\/p>\n<p>Sie m\u00f6chten wissen, wer in Ihrer N\u00e4he vorliest? Auf vorlesetag.de k\u00f6nnen Sie auch nach Aktionen in Ihrer Umgebung suchen \u2013 einfach Postleitzahl oder Wohnort angeben und schon bekommen Sie die Vorleseorte pr\u00e4sentiert.<\/p>\n<h2>Wertvolle Tipps zum Vorlesen<\/h2>\n<p>In dem Artikel <a href=\"https:\/\/www.carlsen.de\/eltern\/tipps-fuer-eltern\/vorlesetipps\" target=\"_blank\" rel=\"noopener\">\u201eWarum Vorlesen so wichtig ist\u201c <\/a>finden Sie wertvolle Tipps zum Vorlesen. Ein Buch sollte nat\u00fcrlich immer den Interessen und dem Alter der Kinder entsprechen. Regelm\u00e4\u00dfig vorlesen k\u00f6nnen Sie dem Nachwuchs schon ab dem 1. Lebensjahr \u2013 denn Zuh\u00f6ren will ge\u00fcbt sein. Kinder lieben Rituale. Manchmal wird dasselbe Buch f\u00fcnfzig Mal nacheinander aus dem Regal gezogen \u2013 auch wenn es Ihnen schwer f\u00e4llt, geben Sie diesem Wunsch nach \u2013 Kinder lernen durch Wiederholung und B\u00fccher werden so ein fester Bestandteil ihres Lebens.<\/p>\n<p>Wir w\u00fcnschen Ihnen weiterhin viel Freude beim Lesen \u2013 und Vorlesen!<\/p>\t\t\t\t\t\t<\/div>\n\t\t\t\t<\/div>\n\t\t\t\t\t<\/div>\n\t\t<\/div>\n\t\t\t\t\t<\/div>\n\t\t<\/section>\n\t\t\t\t<\/div>\n\t\t","protected":false},"excerpt":{"rendered":"<p>\t\t\t\t<![CDATA[]]>\t\t<\/p>\n","protected":false},"author":58,"featured_media":6211,"comment_status":"closed","ping_status":"closed","sticky":false,"template":"","format":"standard","meta":{"footnotes":""},"categories":[118],"tags":[2002,2443,4510,5284,5287,7225,7255,7912,8947,8950,9376],"class_list":{"0":"post-6182","1":"post","2":"type-post","3":"status-publish","4":"format-standard","5":"has-post-thumbnail","7":"category-im-fokus","8":"tag-deutsch-bahn-stiftung","9":"tag-entspannung","10":"tag-kindergarten","11":"tag-lesekompetenz","12":"tag-lesen","13":"tag-schreibkompetenz","14":"tag-schule","15":"tag-stiftung-lesen","16":"tag-vorlesen","17":"tag-vorlesetag","18":"tag-zeit"},"yoast_head":"<!-- This site is optimized with the Yoast SEO plugin v23.5 - https:\/\/yoast.com\/wordpress\/plugins\/seo\/ -->\n<title>Lesen Sie vor! \/ Euro Akademie Magazin<\/title>\n<meta name=\"description\" content=\"B\u00fccher bereichern das Leben. Schon kleinen Kindern vorzulesen ist wichtig f\u00fcr das sp\u00e4tere Leseverst\u00e4ndnis des Nachwuchses und die Entwicklung der Sprache.\" \/>\n<meta name=\"robots\" content=\"index, follow, max-snippet:-1, max-image-preview:large, max-video-preview:-1\" \/>\n<link rel=\"canonical\" href=\"https:\/\/www.euroakademie.de\/magazin\/lesen-sie-vor\/\" \/>\n<meta property=\"og:locale\" content=\"de_DE\" \/>\n<meta property=\"og:type\" content=\"article\" \/>\n<meta property=\"og:title\" content=\"Lesen Sie vor! \/ Euro Akademie Magazin\" \/>\n<meta property=\"og:description\" content=\"B\u00fccher bereichern das Leben. Schon kleinen Kindern vorzulesen ist wichtig f\u00fcr das sp\u00e4tere Leseverst\u00e4ndnis des Nachwuchses und die Entwicklung der Sprache.\" \/>\n<meta property=\"og:url\" content=\"https:\/\/www.euroakademie.de\/magazin\/lesen-sie-vor\/\" \/>\n<meta property=\"og:site_name\" content=\"Das Euro Akademie Magazin\" \/>\n<meta property=\"article:published_time\" content=\"2017-11-17T07:10:39+00:00\" \/>\n<meta property=\"article:modified_time\" content=\"2024-10-31T07:31:26+00:00\" \/>\n<meta property=\"og:image\" content=\"https:\/\/www.euroakademie.de\/magazin\/wp-content\/uploads\/2017\/11\/pixabay_for-reading-813666_1280_702x336_web.jpg\" \/>\n\t<meta property=\"og:image:width\" content=\"702\" \/>\n\t<meta property=\"og:image:height\" content=\"337\" \/>\n\t<meta property=\"og:image:type\" content=\"image\/jpeg\" \/>\n<meta name=\"author\" content=\"Tanja H\u00f6fling\" \/>\n<meta name=\"twitter:card\" content=\"summary_large_image\" \/>\n<meta name=\"twitter:label1\" content=\"Verfasst von\" \/>\n\t<meta name=\"twitter:data1\" content=\"Tanja H\u00f6fling\" \/>\n\t<meta name=\"twitter:label2\" content=\"Gesch\u00e4tzte Lesezeit\" \/>\n\t<meta name=\"twitter:data2\" content=\"3\u00a0Minuten\" \/>\n<script type=\"application\/ld+json\" class=\"yoast-schema-graph\">{\"@context\":\"https:\/\/schema.org\",\"@graph\":[{\"@type\":\"Article\",\"@id\":\"https:\/\/www.euroakademie.de\/magazin\/lesen-sie-vor\/#article\",\"isPartOf\":{\"@id\":\"https:\/\/www.euroakademie.de\/magazin\/lesen-sie-vor\/\"},\"author\":{\"name\":\"Tanja H\u00f6fling\",\"@id\":\"https:\/\/www.euroakademie.de\/magazin\/#\/schema\/person\/2c0d3896d19e86373c87f4ac022d4919\"},\"headline\":\"Lesen Sie vor!\",\"datePublished\":\"2017-11-17T07:10:39+00:00\",\"dateModified\":\"2024-10-31T07:31:26+00:00\",\"mainEntityOfPage\":{\"@id\":\"https:\/\/www.euroakademie.de\/magazin\/lesen-sie-vor\/\"},\"wordCount\":452,\"publisher\":{\"@id\":\"https:\/\/www.euroakademie.de\/magazin\/#organization\"},\"image\":{\"@id\":\"https:\/\/www.euroakademie.de\/magazin\/lesen-sie-vor\/#primaryimage\"},\"thumbnailUrl\":\"https:\/\/www.euroakademie.de\/magazin\/wp-content\/uploads\/2017\/11\/pixabay_for-reading-813666_1280_702x336_web.jpg\",\"keywords\":[\"Deutsch Bahn Stiftung\",\"Entspannung\",\"Kindergarten\",\"Lesekompetenz\",\"lesen\",\"Schreibkompetenz\",\"Schule\",\"Stiftung Lesen\",\"vorlesen\",\"Vorlesetag\",\"Zeit\"],\"articleSection\":[\"Im Fokus\"],\"inLanguage\":\"de\"},{\"@type\":\"WebPage\",\"@id\":\"https:\/\/www.euroakademie.de\/magazin\/lesen-sie-vor\/\",\"url\":\"https:\/\/www.euroakademie.de\/magazin\/lesen-sie-vor\/\",\"name\":\"Lesen Sie vor! \/ Euro Akademie Magazin\",\"isPartOf\":{\"@id\":\"https:\/\/www.euroakademie.de\/magazin\/#website\"},\"primaryImageOfPage\":{\"@id\":\"https:\/\/www.euroakademie.de\/magazin\/lesen-sie-vor\/#primaryimage\"},\"image\":{\"@id\":\"https:\/\/www.euroakademie.de\/magazin\/lesen-sie-vor\/#primaryimage\"},\"thumbnailUrl\":\"https:\/\/www.euroakademie.de\/magazin\/wp-content\/uploads\/2017\/11\/pixabay_for-reading-813666_1280_702x336_web.jpg\",\"datePublished\":\"2017-11-17T07:10:39+00:00\",\"dateModified\":\"2024-10-31T07:31:26+00:00\",\"description\":\"B\u00fccher bereichern das Leben. Schon kleinen Kindern vorzulesen ist wichtig f\u00fcr das sp\u00e4tere Leseverst\u00e4ndnis des Nachwuchses und die Entwicklung der Sprache.\",\"breadcrumb\":{\"@id\":\"https:\/\/www.euroakademie.de\/magazin\/lesen-sie-vor\/#breadcrumb\"},\"inLanguage\":\"de\",\"potentialAction\":[{\"@type\":\"ReadAction\",\"target\":[\"https:\/\/www.euroakademie.de\/magazin\/lesen-sie-vor\/\"]}]},{\"@type\":\"ImageObject\",\"inLanguage\":\"de\",\"@id\":\"https:\/\/www.euroakademie.de\/magazin\/lesen-sie-vor\/#primaryimage\",\"url\":\"https:\/\/www.euroakademie.de\/magazin\/wp-content\/uploads\/2017\/11\/pixabay_for-reading-813666_1280_702x336_web.jpg\",\"contentUrl\":\"https:\/\/www.euroakademie.de\/magazin\/wp-content\/uploads\/2017\/11\/pixabay_for-reading-813666_1280_702x336_web.jpg\",\"width\":702,\"height\":337,\"caption\":\"\"},{\"@type\":\"BreadcrumbList\",\"@id\":\"https:\/\/www.euroakademie.de\/magazin\/lesen-sie-vor\/#breadcrumb\",\"itemListElement\":[{\"@type\":\"ListItem\",\"position\":1,\"name\":\"Startseite\",\"item\":\"https:\/\/www.euroakademie.de\/magazin\/\"},{\"@type\":\"ListItem\",\"position\":2,\"name\":\"Lesen Sie vor!\"}]},{\"@type\":\"WebSite\",\"@id\":\"https:\/\/www.euroakademie.de\/magazin\/#website\",\"url\":\"https:\/\/www.euroakademie.de\/magazin\/\",\"name\":\"Das Euro Akademie Magazin\",\"description\":\"Gut informiert durch Ausbildung und Studium\",\"publisher\":{\"@id\":\"https:\/\/www.euroakademie.de\/magazin\/#organization\"},\"potentialAction\":[{\"@type\":\"SearchAction\",\"target\":{\"@type\":\"EntryPoint\",\"urlTemplate\":\"https:\/\/www.euroakademie.de\/magazin\/?s={search_term_string}\"},\"query-input\":{\"@type\":\"PropertyValueSpecification\",\"valueRequired\":true,\"valueName\":\"search_term_string\"}}],\"inLanguage\":\"de\"},{\"@type\":\"Organization\",\"@id\":\"https:\/\/www.euroakademie.de\/magazin\/#organization\",\"name\":\"ESO Education Group\",\"url\":\"https:\/\/www.euroakademie.de\/magazin\/\",\"logo\":{\"@type\":\"ImageObject\",\"inLanguage\":\"de\",\"@id\":\"https:\/\/www.euroakademie.de\/magazin\/#\/schema\/logo\/image\/\",\"url\":\"https:\/\/relaunch.euroakademie.de\/magazin\/wp-content\/uploads\/2024\/11\/Logo_EA_negativ_Rahmen_5cm_300dpi_RGB.jpg\",\"contentUrl\":\"https:\/\/relaunch.euroakademie.de\/magazin\/wp-content\/uploads\/2024\/11\/Logo_EA_negativ_Rahmen_5cm_300dpi_RGB.jpg\",\"width\":591,\"height\":236,\"caption\":\"ESO Education Group\"},\"image\":{\"@id\":\"https:\/\/www.euroakademie.de\/magazin\/#\/schema\/logo\/image\/\"}},{\"@type\":\"Person\",\"@id\":\"https:\/\/www.euroakademie.de\/magazin\/#\/schema\/person\/2c0d3896d19e86373c87f4ac022d4919\",\"name\":\"Tanja H\u00f6fling\",\"description\":\"Von Juli 2017 bis Juli 2022 informierte die ehemalige Online-Redakteurin des Euro Akademie Magazins regelm\u00e4\u00dfig \u00fcber Aktuelles und Wissenswertes zu den Themen Ausbildung, Studium und Beruf.\",\"url\":\"https:\/\/www.euroakademie.de\/magazin\/author\/hoeflingt\/\"}]}<\/script>\n<!-- \/ Yoast SEO plugin. -->","yoast_head_json":{"title":"Lesen Sie vor! \/ Euro Akademie Magazin","description":"B\u00fccher bereichern das Leben. Schon kleinen Kindern vorzulesen ist wichtig f\u00fcr das sp\u00e4tere Leseverst\u00e4ndnis des Nachwuchses und die Entwicklung der Sprache.","robots":{"index":"index","follow":"follow","max-snippet":"max-snippet:-1","max-image-preview":"max-image-preview:large","max-video-preview":"max-video-preview:-1"},"canonical":"https:\/\/www.euroakademie.de\/magazin\/lesen-sie-vor\/","og_locale":"de_DE","og_type":"article","og_title":"Lesen Sie vor! \/ Euro Akademie Magazin","og_description":"B\u00fccher bereichern das Leben. Schon kleinen Kindern vorzulesen ist wichtig f\u00fcr das sp\u00e4tere Leseverst\u00e4ndnis des Nachwuchses und die Entwicklung der Sprache.","og_url":"https:\/\/www.euroakademie.de\/magazin\/lesen-sie-vor\/","og_site_name":"Das Euro Akademie Magazin","article_published_time":"2017-11-17T07:10:39+00:00","article_modified_time":"2024-10-31T07:31:26+00:00","og_image":[{"width":702,"height":337,"url":"https:\/\/www.euroakademie.de\/magazin\/wp-content\/uploads\/2017\/11\/pixabay_for-reading-813666_1280_702x336_web.jpg","type":"image\/jpeg"}],"author":"Tanja H\u00f6fling","twitter_card":"summary_large_image","twitter_misc":{"Verfasst von":"Tanja H\u00f6fling","Gesch\u00e4tzte Lesezeit":"3\u00a0Minuten"},"schema":{"@context":"https:\/\/schema.org","@graph":[{"@type":"Article","@id":"https:\/\/www.euroakademie.de\/magazin\/lesen-sie-vor\/#article","isPartOf":{"@id":"https:\/\/www.euroakademie.de\/magazin\/lesen-sie-vor\/"},"author":{"name":"Tanja H\u00f6fling","@id":"https:\/\/www.euroakademie.de\/magazin\/#\/schema\/person\/2c0d3896d19e86373c87f4ac022d4919"},"headline":"Lesen Sie vor!","datePublished":"2017-11-17T07:10:39+00:00","dateModified":"2024-10-31T07:31:26+00:00","mainEntityOfPage":{"@id":"https:\/\/www.euroakademie.de\/magazin\/lesen-sie-vor\/"},"wordCount":452,"publisher":{"@id":"https:\/\/www.euroakademie.de\/magazin\/#organization"},"image":{"@id":"https:\/\/www.euroakademie.de\/magazin\/lesen-sie-vor\/#primaryimage"},"thumbnailUrl":"https:\/\/www.euroakademie.de\/magazin\/wp-content\/uploads\/2017\/11\/pixabay_for-reading-813666_1280_702x336_web.jpg","keywords":["Deutsch Bahn Stiftung","Entspannung","Kindergarten","Lesekompetenz","lesen","Schreibkompetenz","Schule","Stiftung Lesen","vorlesen","Vorlesetag","Zeit"],"articleSection":["Im Fokus"],"inLanguage":"de"},{"@type":"WebPage","@id":"https:\/\/www.euroakademie.de\/magazin\/lesen-sie-vor\/","url":"https:\/\/www.euroakademie.de\/magazin\/lesen-sie-vor\/","name":"Lesen Sie vor! \/ Euro Akademie Magazin","isPartOf":{"@id":"https:\/\/www.euroakademie.de\/magazin\/#website"},"primaryImageOfPage":{"@id":"https:\/\/www.euroakademie.de\/magazin\/lesen-sie-vor\/#primaryimage"},"image":{"@id":"https:\/\/www.euroakademie.de\/magazin\/lesen-sie-vor\/#primaryimage"},"thumbnailUrl":"https:\/\/www.euroakademie.de\/magazin\/wp-content\/uploads\/2017\/11\/pixabay_for-reading-813666_1280_702x336_web.jpg","datePublished":"2017-11-17T07:10:39+00:00","dateModified":"2024-10-31T07:31:26+00:00","description":"B\u00fccher bereichern das Leben. Schon kleinen Kindern vorzulesen ist wichtig f\u00fcr das sp\u00e4tere Leseverst\u00e4ndnis des Nachwuchses und die Entwicklung der Sprache.","breadcrumb":{"@id":"https:\/\/www.euroakademie.de\/magazin\/lesen-sie-vor\/#breadcrumb"},"inLanguage":"de","potentialAction":[{"@type":"ReadAction","target":["https:\/\/www.euroakademie.de\/magazin\/lesen-sie-vor\/"]}]},{"@type":"ImageObject","inLanguage":"de","@id":"https:\/\/www.euroakademie.de\/magazin\/lesen-sie-vor\/#primaryimage","url":"https:\/\/www.euroakademie.de\/magazin\/wp-content\/uploads\/2017\/11\/pixabay_for-reading-813666_1280_702x336_web.jpg","contentUrl":"https:\/\/www.euroakademie.de\/magazin\/wp-content\/uploads\/2017\/11\/pixabay_for-reading-813666_1280_702x336_web.jpg","width":702,"height":337,"caption":""},{"@type":"BreadcrumbList","@id":"https:\/\/www.euroakademie.de\/magazin\/lesen-sie-vor\/#breadcrumb","itemListElement":[{"@type":"ListItem","position":1,"name":"Startseite","item":"https:\/\/www.euroakademie.de\/magazin\/"},{"@type":"ListItem","position":2,"name":"Lesen Sie vor!"}]},{"@type":"WebSite","@id":"https:\/\/www.euroakademie.de\/magazin\/#website","url":"https:\/\/www.euroakademie.de\/magazin\/","name":"Das Euro Akademie Magazin","description":"Gut informiert durch Ausbildung und Studium","publisher":{"@id":"https:\/\/www.euroakademie.de\/magazin\/#organization"},"potentialAction":[{"@type":"SearchAction","target":{"@type":"EntryPoint","urlTemplate":"https:\/\/www.euroakademie.de\/magazin\/?s={search_term_string}"},"query-input":{"@type":"PropertyValueSpecification","valueRequired":true,"valueName":"search_term_string"}}],"inLanguage":"de"},{"@type":"Organization","@id":"https:\/\/www.euroakademie.de\/magazin\/#organization","name":"ESO Education Group","url":"https:\/\/www.euroakademie.de\/magazin\/","logo":{"@type":"ImageObject","inLanguage":"de","@id":"https:\/\/www.euroakademie.de\/magazin\/#\/schema\/logo\/image\/","url":"https:\/\/relaunch.euroakademie.de\/magazin\/wp-content\/uploads\/2024\/11\/Logo_EA_negativ_Rahmen_5cm_300dpi_RGB.jpg","contentUrl":"https:\/\/relaunch.euroakademie.de\/magazin\/wp-content\/uploads\/2024\/11\/Logo_EA_negativ_Rahmen_5cm_300dpi_RGB.jpg","width":591,"height":236,"caption":"ESO Education Group"},"image":{"@id":"https:\/\/www.euroakademie.de\/magazin\/#\/schema\/logo\/image\/"}},{"@type":"Person","@id":"https:\/\/www.euroakademie.de\/magazin\/#\/schema\/person\/2c0d3896d19e86373c87f4ac022d4919","name":"Tanja H\u00f6fling","description":"Von Juli 2017 bis Juli 2022 informierte die ehemalige Online-Redakteurin des Euro Akademie Magazins regelm\u00e4\u00dfig \u00fcber Aktuelles und Wissenswertes zu den Themen Ausbildung, Studium und Beruf.","url":"https:\/\/www.euroakademie.de\/magazin\/author\/hoeflingt\/"}]}},"_links":{"self":[{"href":"https:\/\/www.euroakademie.de\/magazin\/wp-json\/wp\/v2\/posts\/6182","targetHints":{"allow":["GET"]}}],"collection":[{"href":"https:\/\/www.euroakademie.de\/magazin\/wp-json\/wp\/v2\/posts"}],"about":[{"href":"https:\/\/www.euroakademie.de\/magazin\/wp-json\/wp\/v2\/types\/post"}],"author":[{"embeddable":true,"href":"https:\/\/www.euroakademie.de\/magazin\/wp-json\/wp\/v2\/users\/58"}],"replies":[{"embeddable":true,"href":"https:\/\/www.euroakademie.de\/magazin\/wp-json\/wp\/v2\/comments?post=6182"}],"version-history":[{"count":8,"href":"https:\/\/www.euroakademie.de\/magazin\/wp-json\/wp\/v2\/posts\/6182\/revisions"}],"predecessor-version":[{"id":21549,"href":"https:\/\/www.euroakademie.de\/magazin\/wp-json\/wp\/v2\/posts\/6182\/revisions\/21549"}],"wp:featuredmedia":[{"embeddable":true,"href":"https:\/\/www.euroakademie.de\/magazin\/wp-json\/wp\/v2\/media\/6211"}],"wp:attachment":[{"href":"https:\/\/www.euroakademie.de\/magazin\/wp-json\/wp\/v2\/media?parent=6182"}],"wp:term":[{"taxonomy":"category","embeddable":true,"href":"https:\/\/www.euroakademie.de\/magazin\/wp-json\/wp\/v2\/categories?post=6182"},{"taxonomy":"post_tag","embeddable":true,"href":"https:\/\/www.euroakademie.de\/magazin\/wp-json\/wp\/v2\/tags?post=6182"}],"curies":[{"name":"wp","href":"https:\/\/api.w.org\/{rel}","templated":true}]}}