{"id":6219,"date":"2017-12-01T08:20:54","date_gmt":"2017-12-01T07:20:54","guid":{"rendered":"https:\/\/www.euroakademie.de\/magazin\/?p=6219"},"modified":"2017-12-01T08:20:54","modified_gmt":"2017-12-01T07:20:54","slug":"weihnachtsfeier-im-vorsicht-fettnaepfchen","status":"publish","type":"post","link":"https:\/\/www.euroakademie.de\/magazin\/weihnachtsfeier-im-vorsicht-fettnaepfchen\/","title":{"rendered":"Weihnachtsfeier in B\u00fcro und Co. \u2013 Vorsicht Fettn\u00e4pfchen!"},"content":{"rendered":"<p>\t\t\t\t<![CDATA[<strong>\u201eAlle Jahre wieder\u201c \u2013 die Weihnachtsfeier geh\u00f6rt zu den festen Ritualen in Unternehmen. Die Stimmung ist locker, der Wein schmeckt und der Chef ist bestens gelaunt. Zeit, endlich mal so richtig auf die Pauke zu hauen? Was Sie bei der bevorstehenden Weihnachtsfeier tun und was Sie besser lassen sollten, lesen Sie im folgenden Beitrag.<\/strong>\n\nWeihnachtsfeiern mit <a href=\"https:\/\/www.euroakademie.de\/magazin\/der-business-knigge\/\" target=\"_blank\" rel=\"noopener noreferrer\">Vorgesetzten und Kollegen<\/a> sind bekannt f\u00fcr den einen oder anderen Ausrutscher. Auch als Auszubildender oder Berufseinsteiger sollten Sie gewisse Regeln kennen, damit Sie nicht von einem Fettn\u00e4pfchen ins n\u00e4chste treten.\n\n\n<h2>Dresscode &amp; Small Talk<\/h2>\n\n\nDer Dresscode h\u00e4ngt nat\u00fcrlich stark von der Branche ab, in der Sie arbeiten. Generell gilt: Sie d\u00fcrfen sich ruhig ein bisschen schick machen. Auf allzu aufreizende Outfits sollten Sie aber lieber verzichten \u2013 schlie\u00dflich ist die betriebliche Weihnachtsfeier keine Party unter guten Freunden.\n\nIhre privaten Probleme sollten Sie besser zu Hause lassen. Halten Sie mit Kollegen und Vorgesetzten lieber einen gepflegten Small Talk \u00fcber Dinge, die zu einer guten Stimmung beitragen. Die Weihnachtsfeier sollte ein pers\u00f6nlicher Jahresabschluss im Unternehmen sein, der Mitarbeiter und Chefs in entspannter Atmosph\u00e4re zusammenbringt.\n\nDankbare Gespr\u00e4chsthemen sind Hobbys, <a href=\"https:\/\/www.euroakademie.de\/magazin\/sprachreisen-im-ausland-die-karriere-vorantreiben\/\" target=\"_blank\" rel=\"noopener noreferrer\">Reisen<\/a> und die neuesten Kinofilme \u2013 damit kann im Zweifelsfall jeder etwas anfangen und Sie lernen die Kollegen mal von einer anderen Seite kennen. Aber reden Sie bitte nicht die ganze Zeit, sondern h\u00f6ren Sie auch mal zu \u2013 das ist grunds\u00e4tzlich die Basis f\u00fcr eine gute Unterhaltung. Selbstgespr\u00e4che k\u00f6nnen Sie auch zu Hause f\u00fchren.\n\nBeteiligen Sie sich nicht an L\u00e4stereien \u00fcber Kollegen und Vorgesetzte \u2013 die sagen sowieso mehr \u00fcber Sie selbst aus als \u00fcber die anderen. Auch mit dem \u201eDu\u201c gegen\u00fcber Vorgesetzten sollten Sie am n\u00e4chsten Morgen im B\u00fcro vorsichtig sein. Selbst wenn Ihr Chef Ihnen das \u201eDu\u201c angeboten hat \u2013 warten Sie ab, wie er Sie anspricht. Im Zweifelsfall bleiben Sie beim \u201eSie\u201c.\n\n\n<h2>Das Essen<\/h2>\n\n\nTischmanieren sind kulturell unterschiedlich. In unseren Breitengraden vermeidet man das Schmatzen aber genauso wie ein Gespr\u00e4ch mit vollem Mund. Das Essen soll f\u00fcr alle Beteiligten ein Genuss sein \u2013 da das Auge mitisst, ist ein \u00e4sthetischer Umgang mit Speisen und Getr\u00e4nken angebracht.\n\nSt\u00fcrzen Sie sich nicht ans Buffet, bevor es nicht vom Chef mit einer kleinen Ansprache offiziell er\u00f6ffnet wurde. Sie d\u00fcrfen ruhig nochmal einen Nachschlag nehmen \u2013 also bauen Sie keine schiefen T\u00fcrme auf Ihrem Teller.\n\nSelbst in lockerer Atmosph\u00e4re sollten Sie Ihre Tischmanieren nicht \u00fcber Bord werfen. Wenn Sie der Gl\u00fcckspilz sind, der als erster sein Gericht serviert bekommt, fallen Sie bitte nicht \u00fcber Ihr Essen her, sondern warten, bis alle G\u00e4ste am Tisch versorgt sind. Wer isst denn schon gerne alleine?\n\n\n<h2>Das Trinken<\/h2>\n\n\nAlkoholische Getr\u00e4nke sind auch auf einer Firmenfeier nicht verboten. Allerdings sollten Sie schon darauf achten, dass Sie nicht \u00fcber die Str\u00e4nge schlagen. In der Gruppe ist das manchmal gar nicht so einfach, denn es gibt immer auch die trinkfesteren Kollegen, denen auch der dritte Caipirinha nichts anhaben kann. Achten Sie auf sich und setzen Sie auch mal eine Runde aus \u2013 lallend und schwankend die Feier zu verlassen, kommt nicht gut an. Wenn Sie keinen Alkohol m\u00f6gen, ist das v\u00f6llig in Ordnung \u2013 beugen Sie sich nicht dem Gruppenzwang.\n\n\n<h2>Keine ungebetenen G\u00e4ste<\/h2>\n\n\nSchon bei der Einladung sollte klar sein, ob man jemanden mitbringen kann oder nicht. In der Regel findet eine betriebliche Weihnachtsfeier ohne Partner statt. Wer Zweifel hat, sollte den Organisator fragen \u2013 sonst wird\u2019s peinlich, wenn einer am Tisch stehen muss.\n\nWir w\u00fcnschen Ihnen eine angenehme Weihnachtsfeier!\n\nWas haben Sie schon alles auf Ihren Weihnachtsfeiern in der Firma erlebt? Schreiben Sie uns Ihre sch\u00f6nsten und schr\u00e4gsten Erlebnisse \u2013 wir freuen uns darauf!]]>\t\t<\/p>\n","protected":false},"excerpt":{"rendered":"<p>\t\t\t\t<![CDATA[]]>\t\t<\/p>\n","protected":false},"author":58,"featured_media":6223,"comment_status":"closed","ping_status":"closed","sticky":false,"template":"","format":"standard","meta":{"footnotes":""},"categories":[118],"tags":[1807,2191,2632,2983,3337,4666,7009,7531,8314,8419,8593,8938,9061,9070,9076],"class_list":{"0":"post-6219","1":"post","2":"type-post","3":"status-publish","4":"format-standard","5":"has-post-thumbnail","7":"category-im-fokus","8":"tag-chef","9":"tag-dresscode","10":"tag-essen","11":"tag-firmenfeier","12":"tag-gaeste","13":"tag-kollegen","14":"tag-rituale","15":"tag-small-talk","16":"tag-tischmanieren","17":"tag-trinken","18":"tag-unterhaltung","19":"tag-vorgesetzte","20":"tag-weihnachten","21":"tag-weihnachtsfeier","22":"tag-weihnachtszeit"},"yoast_head":"<!-- This site is optimized with the Yoast SEO plugin v23.5 - https:\/\/yoast.com\/wordpress\/plugins\/seo\/ -->\n<title>Weihnachtsfeier im B\u00fcro \u2013 Vorsicht Fettn\u00e4pfchen \/Euro Akademie Magazin<\/title>\n<meta name=\"description\" content=\"Die Weihnachtsfeier geh\u00f6rt zu den festen Ritualen in Unternehmen. Was Sie bei der bevorstehenden Weihnachtsfeier tun und was Sie besser lassen sollten?\" \/>\n<meta name=\"robots\" content=\"index, follow, max-snippet:-1, max-image-preview:large, max-video-preview:-1\" \/>\n<link rel=\"canonical\" href=\"https:\/\/www.euroakademie.de\/magazin\/weihnachtsfeier-im-vorsicht-fettnaepfchen\/\" \/>\n<meta property=\"og:locale\" content=\"de_DE\" \/>\n<meta property=\"og:type\" content=\"article\" \/>\n<meta property=\"og:title\" content=\"Weihnachtsfeier im B\u00fcro \u2013 Vorsicht Fettn\u00e4pfchen \/Euro Akademie Magazin\" \/>\n<meta property=\"og:description\" content=\"Die Weihnachtsfeier geh\u00f6rt zu den festen Ritualen in Unternehmen. Was Sie bei der bevorstehenden Weihnachtsfeier tun und was Sie besser lassen sollten?\" \/>\n<meta property=\"og:url\" content=\"https:\/\/www.euroakademie.de\/magazin\/weihnachtsfeier-im-vorsicht-fettnaepfchen\/\" \/>\n<meta property=\"og:site_name\" content=\"Das Euro Akademie Magazin\" \/>\n<meta property=\"article:published_time\" content=\"2017-12-01T07:20:54+00:00\" \/>\n<meta property=\"og:image\" content=\"https:\/\/www.euroakademie.de\/magazin\/wp-content\/uploads\/2017\/11\/pixabay_christmas-table-1909796_1280_702x336_web.jpg\" \/>\n\t<meta property=\"og:image:width\" content=\"702\" \/>\n\t<meta property=\"og:image:height\" content=\"338\" \/>\n\t<meta property=\"og:image:type\" content=\"image\/jpeg\" \/>\n<meta name=\"author\" content=\"Tanja H\u00f6fling\" \/>\n<meta name=\"twitter:card\" content=\"summary_large_image\" \/>\n<meta name=\"twitter:label1\" content=\"Verfasst von\" \/>\n\t<meta name=\"twitter:data1\" content=\"Tanja H\u00f6fling\" \/>\n\t<meta name=\"twitter:label2\" content=\"Gesch\u00e4tzte Lesezeit\" \/>\n\t<meta name=\"twitter:data2\" content=\"3\u00a0Minuten\" \/>\n<script type=\"application\/ld+json\" class=\"yoast-schema-graph\">{\"@context\":\"https:\/\/schema.org\",\"@graph\":[{\"@type\":\"Article\",\"@id\":\"https:\/\/www.euroakademie.de\/magazin\/weihnachtsfeier-im-vorsicht-fettnaepfchen\/#article\",\"isPartOf\":{\"@id\":\"https:\/\/www.euroakademie.de\/magazin\/weihnachtsfeier-im-vorsicht-fettnaepfchen\/\"},\"author\":{\"name\":\"Tanja H\u00f6fling\",\"@id\":\"https:\/\/www.euroakademie.de\/magazin\/#\/schema\/person\/2c0d3896d19e86373c87f4ac022d4919\"},\"headline\":\"Weihnachtsfeier in B\u00fcro und Co. \u2013 Vorsicht Fettn\u00e4pfchen!\",\"datePublished\":\"2017-12-01T07:20:54+00:00\",\"dateModified\":\"2017-12-01T07:20:54+00:00\",\"mainEntityOfPage\":{\"@id\":\"https:\/\/www.euroakademie.de\/magazin\/weihnachtsfeier-im-vorsicht-fettnaepfchen\/\"},\"wordCount\":627,\"publisher\":{\"@id\":\"https:\/\/www.euroakademie.de\/magazin\/#organization\"},\"image\":{\"@id\":\"https:\/\/www.euroakademie.de\/magazin\/weihnachtsfeier-im-vorsicht-fettnaepfchen\/#primaryimage\"},\"thumbnailUrl\":\"https:\/\/www.euroakademie.de\/magazin\/wp-content\/uploads\/2017\/11\/pixabay_christmas-table-1909796_1280_702x336_web.jpg\",\"keywords\":[\"Chef\",\"Dresscode\",\"essen\",\"Firmenfeier\",\"G\u00e4ste\",\"Kollegen\",\"Rituale\",\"Small Talk\",\"Tischmanieren\",\"Trinken\",\"Unterhaltung\",\"Vorgesetzte\",\"Weihnachten\",\"Weihnachtsfeier\",\"Weihnachtszeit\"],\"articleSection\":[\"Im Fokus\"],\"inLanguage\":\"de\"},{\"@type\":\"WebPage\",\"@id\":\"https:\/\/www.euroakademie.de\/magazin\/weihnachtsfeier-im-vorsicht-fettnaepfchen\/\",\"url\":\"https:\/\/www.euroakademie.de\/magazin\/weihnachtsfeier-im-vorsicht-fettnaepfchen\/\",\"name\":\"Weihnachtsfeier im B\u00fcro \u2013 Vorsicht Fettn\u00e4pfchen \/Euro Akademie Magazin\",\"isPartOf\":{\"@id\":\"https:\/\/www.euroakademie.de\/magazin\/#website\"},\"primaryImageOfPage\":{\"@id\":\"https:\/\/www.euroakademie.de\/magazin\/weihnachtsfeier-im-vorsicht-fettnaepfchen\/#primaryimage\"},\"image\":{\"@id\":\"https:\/\/www.euroakademie.de\/magazin\/weihnachtsfeier-im-vorsicht-fettnaepfchen\/#primaryimage\"},\"thumbnailUrl\":\"https:\/\/www.euroakademie.de\/magazin\/wp-content\/uploads\/2017\/11\/pixabay_christmas-table-1909796_1280_702x336_web.jpg\",\"datePublished\":\"2017-12-01T07:20:54+00:00\",\"dateModified\":\"2017-12-01T07:20:54+00:00\",\"description\":\"Die Weihnachtsfeier geh\u00f6rt zu den festen Ritualen in Unternehmen. Was Sie bei der bevorstehenden Weihnachtsfeier tun und was Sie besser lassen sollten?\",\"breadcrumb\":{\"@id\":\"https:\/\/www.euroakademie.de\/magazin\/weihnachtsfeier-im-vorsicht-fettnaepfchen\/#breadcrumb\"},\"inLanguage\":\"de\",\"potentialAction\":[{\"@type\":\"ReadAction\",\"target\":[\"https:\/\/www.euroakademie.de\/magazin\/weihnachtsfeier-im-vorsicht-fettnaepfchen\/\"]}]},{\"@type\":\"ImageObject\",\"inLanguage\":\"de\",\"@id\":\"https:\/\/www.euroakademie.de\/magazin\/weihnachtsfeier-im-vorsicht-fettnaepfchen\/#primaryimage\",\"url\":\"https:\/\/www.euroakademie.de\/magazin\/wp-content\/uploads\/2017\/11\/pixabay_christmas-table-1909796_1280_702x336_web.jpg\",\"contentUrl\":\"https:\/\/www.euroakademie.de\/magazin\/wp-content\/uploads\/2017\/11\/pixabay_christmas-table-1909796_1280_702x336_web.jpg\",\"width\":702,\"height\":338,\"caption\":\"\"},{\"@type\":\"BreadcrumbList\",\"@id\":\"https:\/\/www.euroakademie.de\/magazin\/weihnachtsfeier-im-vorsicht-fettnaepfchen\/#breadcrumb\",\"itemListElement\":[{\"@type\":\"ListItem\",\"position\":1,\"name\":\"Startseite\",\"item\":\"https:\/\/www.euroakademie.de\/magazin\/\"},{\"@type\":\"ListItem\",\"position\":2,\"name\":\"Weihnachtsfeier in B\u00fcro und Co. \u2013 Vorsicht Fettn\u00e4pfchen!\"}]},{\"@type\":\"WebSite\",\"@id\":\"https:\/\/www.euroakademie.de\/magazin\/#website\",\"url\":\"https:\/\/www.euroakademie.de\/magazin\/\",\"name\":\"Das Euro Akademie Magazin\",\"description\":\"Gut informiert durch Ausbildung und Studium\",\"publisher\":{\"@id\":\"https:\/\/www.euroakademie.de\/magazin\/#organization\"},\"potentialAction\":[{\"@type\":\"SearchAction\",\"target\":{\"@type\":\"EntryPoint\",\"urlTemplate\":\"https:\/\/www.euroakademie.de\/magazin\/?s={search_term_string}\"},\"query-input\":{\"@type\":\"PropertyValueSpecification\",\"valueRequired\":true,\"valueName\":\"search_term_string\"}}],\"inLanguage\":\"de\"},{\"@type\":\"Organization\",\"@id\":\"https:\/\/www.euroakademie.de\/magazin\/#organization\",\"name\":\"ESO Education Group\",\"url\":\"https:\/\/www.euroakademie.de\/magazin\/\",\"logo\":{\"@type\":\"ImageObject\",\"inLanguage\":\"de\",\"@id\":\"https:\/\/www.euroakademie.de\/magazin\/#\/schema\/logo\/image\/\",\"url\":\"https:\/\/relaunch.euroakademie.de\/magazin\/wp-content\/uploads\/2024\/11\/Logo_EA_negativ_Rahmen_5cm_300dpi_RGB.jpg\",\"contentUrl\":\"https:\/\/relaunch.euroakademie.de\/magazin\/wp-content\/uploads\/2024\/11\/Logo_EA_negativ_Rahmen_5cm_300dpi_RGB.jpg\",\"width\":591,\"height\":236,\"caption\":\"ESO Education Group\"},\"image\":{\"@id\":\"https:\/\/www.euroakademie.de\/magazin\/#\/schema\/logo\/image\/\"}},{\"@type\":\"Person\",\"@id\":\"https:\/\/www.euroakademie.de\/magazin\/#\/schema\/person\/2c0d3896d19e86373c87f4ac022d4919\",\"name\":\"Tanja H\u00f6fling\",\"description\":\"Von Juli 2017 bis Juli 2022 informierte die ehemalige Online-Redakteurin des Euro Akademie Magazins regelm\u00e4\u00dfig \u00fcber Aktuelles und Wissenswertes zu den Themen Ausbildung, Studium und Beruf.\",\"url\":\"https:\/\/www.euroakademie.de\/magazin\/author\/hoeflingt\/\"}]}<\/script>\n<!-- \/ Yoast SEO plugin. -->","yoast_head_json":{"title":"Weihnachtsfeier im B\u00fcro \u2013 Vorsicht Fettn\u00e4pfchen \/Euro Akademie Magazin","description":"Die Weihnachtsfeier geh\u00f6rt zu den festen Ritualen in Unternehmen. Was Sie bei der bevorstehenden Weihnachtsfeier tun und was Sie besser lassen sollten?","robots":{"index":"index","follow":"follow","max-snippet":"max-snippet:-1","max-image-preview":"max-image-preview:large","max-video-preview":"max-video-preview:-1"},"canonical":"https:\/\/www.euroakademie.de\/magazin\/weihnachtsfeier-im-vorsicht-fettnaepfchen\/","og_locale":"de_DE","og_type":"article","og_title":"Weihnachtsfeier im B\u00fcro \u2013 Vorsicht Fettn\u00e4pfchen \/Euro Akademie Magazin","og_description":"Die Weihnachtsfeier geh\u00f6rt zu den festen Ritualen in Unternehmen. Was Sie bei der bevorstehenden Weihnachtsfeier tun und was Sie besser lassen sollten?","og_url":"https:\/\/www.euroakademie.de\/magazin\/weihnachtsfeier-im-vorsicht-fettnaepfchen\/","og_site_name":"Das Euro Akademie Magazin","article_published_time":"2017-12-01T07:20:54+00:00","og_image":[{"width":702,"height":338,"url":"https:\/\/www.euroakademie.de\/magazin\/wp-content\/uploads\/2017\/11\/pixabay_christmas-table-1909796_1280_702x336_web.jpg","type":"image\/jpeg"}],"author":"Tanja H\u00f6fling","twitter_card":"summary_large_image","twitter_misc":{"Verfasst von":"Tanja H\u00f6fling","Gesch\u00e4tzte Lesezeit":"3\u00a0Minuten"},"schema":{"@context":"https:\/\/schema.org","@graph":[{"@type":"Article","@id":"https:\/\/www.euroakademie.de\/magazin\/weihnachtsfeier-im-vorsicht-fettnaepfchen\/#article","isPartOf":{"@id":"https:\/\/www.euroakademie.de\/magazin\/weihnachtsfeier-im-vorsicht-fettnaepfchen\/"},"author":{"name":"Tanja H\u00f6fling","@id":"https:\/\/www.euroakademie.de\/magazin\/#\/schema\/person\/2c0d3896d19e86373c87f4ac022d4919"},"headline":"Weihnachtsfeier in B\u00fcro und Co. \u2013 Vorsicht Fettn\u00e4pfchen!","datePublished":"2017-12-01T07:20:54+00:00","dateModified":"2017-12-01T07:20:54+00:00","mainEntityOfPage":{"@id":"https:\/\/www.euroakademie.de\/magazin\/weihnachtsfeier-im-vorsicht-fettnaepfchen\/"},"wordCount":627,"publisher":{"@id":"https:\/\/www.euroakademie.de\/magazin\/#organization"},"image":{"@id":"https:\/\/www.euroakademie.de\/magazin\/weihnachtsfeier-im-vorsicht-fettnaepfchen\/#primaryimage"},"thumbnailUrl":"https:\/\/www.euroakademie.de\/magazin\/wp-content\/uploads\/2017\/11\/pixabay_christmas-table-1909796_1280_702x336_web.jpg","keywords":["Chef","Dresscode","essen","Firmenfeier","G\u00e4ste","Kollegen","Rituale","Small Talk","Tischmanieren","Trinken","Unterhaltung","Vorgesetzte","Weihnachten","Weihnachtsfeier","Weihnachtszeit"],"articleSection":["Im Fokus"],"inLanguage":"de"},{"@type":"WebPage","@id":"https:\/\/www.euroakademie.de\/magazin\/weihnachtsfeier-im-vorsicht-fettnaepfchen\/","url":"https:\/\/www.euroakademie.de\/magazin\/weihnachtsfeier-im-vorsicht-fettnaepfchen\/","name":"Weihnachtsfeier im B\u00fcro \u2013 Vorsicht Fettn\u00e4pfchen \/Euro Akademie Magazin","isPartOf":{"@id":"https:\/\/www.euroakademie.de\/magazin\/#website"},"primaryImageOfPage":{"@id":"https:\/\/www.euroakademie.de\/magazin\/weihnachtsfeier-im-vorsicht-fettnaepfchen\/#primaryimage"},"image":{"@id":"https:\/\/www.euroakademie.de\/magazin\/weihnachtsfeier-im-vorsicht-fettnaepfchen\/#primaryimage"},"thumbnailUrl":"https:\/\/www.euroakademie.de\/magazin\/wp-content\/uploads\/2017\/11\/pixabay_christmas-table-1909796_1280_702x336_web.jpg","datePublished":"2017-12-01T07:20:54+00:00","dateModified":"2017-12-01T07:20:54+00:00","description":"Die Weihnachtsfeier geh\u00f6rt zu den festen Ritualen in Unternehmen. Was Sie bei der bevorstehenden Weihnachtsfeier tun und was Sie besser lassen sollten?","breadcrumb":{"@id":"https:\/\/www.euroakademie.de\/magazin\/weihnachtsfeier-im-vorsicht-fettnaepfchen\/#breadcrumb"},"inLanguage":"de","potentialAction":[{"@type":"ReadAction","target":["https:\/\/www.euroakademie.de\/magazin\/weihnachtsfeier-im-vorsicht-fettnaepfchen\/"]}]},{"@type":"ImageObject","inLanguage":"de","@id":"https:\/\/www.euroakademie.de\/magazin\/weihnachtsfeier-im-vorsicht-fettnaepfchen\/#primaryimage","url":"https:\/\/www.euroakademie.de\/magazin\/wp-content\/uploads\/2017\/11\/pixabay_christmas-table-1909796_1280_702x336_web.jpg","contentUrl":"https:\/\/www.euroakademie.de\/magazin\/wp-content\/uploads\/2017\/11\/pixabay_christmas-table-1909796_1280_702x336_web.jpg","width":702,"height":338,"caption":""},{"@type":"BreadcrumbList","@id":"https:\/\/www.euroakademie.de\/magazin\/weihnachtsfeier-im-vorsicht-fettnaepfchen\/#breadcrumb","itemListElement":[{"@type":"ListItem","position":1,"name":"Startseite","item":"https:\/\/www.euroakademie.de\/magazin\/"},{"@type":"ListItem","position":2,"name":"Weihnachtsfeier in B\u00fcro und Co. \u2013 Vorsicht Fettn\u00e4pfchen!"}]},{"@type":"WebSite","@id":"https:\/\/www.euroakademie.de\/magazin\/#website","url":"https:\/\/www.euroakademie.de\/magazin\/","name":"Das Euro Akademie Magazin","description":"Gut informiert durch Ausbildung und Studium","publisher":{"@id":"https:\/\/www.euroakademie.de\/magazin\/#organization"},"potentialAction":[{"@type":"SearchAction","target":{"@type":"EntryPoint","urlTemplate":"https:\/\/www.euroakademie.de\/magazin\/?s={search_term_string}"},"query-input":{"@type":"PropertyValueSpecification","valueRequired":true,"valueName":"search_term_string"}}],"inLanguage":"de"},{"@type":"Organization","@id":"https:\/\/www.euroakademie.de\/magazin\/#organization","name":"ESO Education Group","url":"https:\/\/www.euroakademie.de\/magazin\/","logo":{"@type":"ImageObject","inLanguage":"de","@id":"https:\/\/www.euroakademie.de\/magazin\/#\/schema\/logo\/image\/","url":"https:\/\/relaunch.euroakademie.de\/magazin\/wp-content\/uploads\/2024\/11\/Logo_EA_negativ_Rahmen_5cm_300dpi_RGB.jpg","contentUrl":"https:\/\/relaunch.euroakademie.de\/magazin\/wp-content\/uploads\/2024\/11\/Logo_EA_negativ_Rahmen_5cm_300dpi_RGB.jpg","width":591,"height":236,"caption":"ESO Education Group"},"image":{"@id":"https:\/\/www.euroakademie.de\/magazin\/#\/schema\/logo\/image\/"}},{"@type":"Person","@id":"https:\/\/www.euroakademie.de\/magazin\/#\/schema\/person\/2c0d3896d19e86373c87f4ac022d4919","name":"Tanja H\u00f6fling","description":"Von Juli 2017 bis Juli 2022 informierte die ehemalige Online-Redakteurin des Euro Akademie Magazins regelm\u00e4\u00dfig \u00fcber Aktuelles und Wissenswertes zu den Themen Ausbildung, Studium und Beruf.","url":"https:\/\/www.euroakademie.de\/magazin\/author\/hoeflingt\/"}]}},"_links":{"self":[{"href":"https:\/\/www.euroakademie.de\/magazin\/wp-json\/wp\/v2\/posts\/6219","targetHints":{"allow":["GET"]}}],"collection":[{"href":"https:\/\/www.euroakademie.de\/magazin\/wp-json\/wp\/v2\/posts"}],"about":[{"href":"https:\/\/www.euroakademie.de\/magazin\/wp-json\/wp\/v2\/types\/post"}],"author":[{"embeddable":true,"href":"https:\/\/www.euroakademie.de\/magazin\/wp-json\/wp\/v2\/users\/58"}],"replies":[{"embeddable":true,"href":"https:\/\/www.euroakademie.de\/magazin\/wp-json\/wp\/v2\/comments?post=6219"}],"version-history":[{"count":0,"href":"https:\/\/www.euroakademie.de\/magazin\/wp-json\/wp\/v2\/posts\/6219\/revisions"}],"wp:featuredmedia":[{"embeddable":true,"href":"https:\/\/www.euroakademie.de\/magazin\/wp-json\/wp\/v2\/media\/6223"}],"wp:attachment":[{"href":"https:\/\/www.euroakademie.de\/magazin\/wp-json\/wp\/v2\/media?parent=6219"}],"wp:term":[{"taxonomy":"category","embeddable":true,"href":"https:\/\/www.euroakademie.de\/magazin\/wp-json\/wp\/v2\/categories?post=6219"},{"taxonomy":"post_tag","embeddable":true,"href":"https:\/\/www.euroakademie.de\/magazin\/wp-json\/wp\/v2\/tags?post=6219"}],"curies":[{"name":"wp","href":"https:\/\/api.w.org\/{rel}","templated":true}]}}