{"id":6281,"date":"2017-12-11T08:10:27","date_gmt":"2017-12-11T07:10:27","guid":{"rendered":"https:\/\/www.euroakademie.de\/magazin\/?p=6281"},"modified":"2017-12-11T08:10:27","modified_gmt":"2017-12-11T07:10:27","slug":"koerpersprache-tipps-fuers-vorstellungsgespraech","status":"publish","type":"post","link":"https:\/\/www.euroakademie.de\/magazin\/koerpersprache-tipps-fuers-vorstellungsgespraech\/","title":{"rendered":"Linktipp: K\u00f6rpersprache \u2013 Tipps f\u00fcrs Vorstellungsgespr\u00e4ch"},"content":{"rendered":"<p>\t\t\t\t<![CDATA[<strong>Nicht umsonst gibt es das Sprichwort \u201ewenn Blicke t\u00f6ten k\u00f6nnten\u201c. Mit unserer Mimik und Gestik sagen wir mehr aus, als uns bewusst ist. Unsere Worte w\u00e4hlen wir mit Bedacht aus, \u00fcber unsere K\u00f6rpersprache machen wir uns kaum Gedanken. Das ist ein Fehler, denn die K\u00f6rpersprache entscheidet ma\u00dfgeblich \u00fcber Sympathie und Antipathie \u2013 sie zeigt n\u00e4mlich unsere Gef\u00fchle. <\/strong>\n\nIn weniger als einer Sekunde haben wir uns ein Bild von jemandem gemacht. In dieser kurzen Zeit kann er noch nicht viel gesprochen haben. Wir nehmen instinktiv Mimik, Gestik, Haltung und Kleidung unseres Gegen\u00fcbers wahr und ordnen sie unbewusst ein. Die nonverbale Kommunikation ist also eine sehr direkte und machtvolle Kommunikation.\n\n\n<h2>Bewusst mit der Sprache des K\u00f6rpers umgehen<\/h2>\n\n\n\u201eMan kann nicht nicht kommunizieren!\u201c, sagte der Kommunikationswissenschaftler Paul Watzlawick. Selbst wenn wir nicht sprechen, senden und empfangen wir Informationen. Die Art, wie mir jemand gegen\u00fcbersitzt \u2013 eher l\u00e4ssig nach hinten gelehnt oder kerzengerade mit verschr\u00e4nkten Armen, sagt viel dar\u00fcber aus, wie er sich gerade f\u00fchlt und welche Einstellung er mitbringt. Nat\u00fcrlich muss man die Situation im gesamten anschauen \u2013 nur verschr\u00e4nkte Arme k\u00f6nnen auch darauf hindeuten, dass jemandem kalt ist \u2013 dann stehen sie eben nicht f\u00fcr Abwehr oder Verschlossenheit.\n\nJe mehr wir \u00fcber unsere <a href=\"https:\/\/www.euroakademie.de\/magazin\/kommunikation-so-kann-sie-gelingen\/\" target=\"_blank\" rel=\"noopener\">K\u00f6rpersprache <\/a>wissen \u2013 und wie sie auf andere wirkt, desto besser k\u00f6nnen wir in wichtigen Situationen bewusst mit ihr umgehen. Bleiben Sie aber bitte Sie selbst \u2013 machen Sie keine gro\u00dfen Gesten, wenn Sie eher sch\u00fcchtern sind \u2013 das wirkt dann nur aufgesetzt und tr\u00e4gt im Zweifelsfall eher zur Belustigung bei. Sie sollen sich wohl f\u00fchlen in Ihrer Haut, das strahlt auch nach au\u00dfen ab.\n\n\n<h2>K\u00f6rpersprache im Vorstellungsgespr\u00e4ch<\/h2>\n\n\nIm Beitrag <a href=\"https:\/\/www.bewerbungswissen.net\/koerpersprache-vorstellungsgespraech\/\" target=\"_blank\" rel=\"noopener\">\u201eK\u00f6rpersprache im Vorstellungsgespr\u00e4ch\u201c<\/a> lesen Sie, worauf Sie im Vorstellungsgespr\u00e4ch achten sollten. Was Sie sagen, hat \u00fcbrigens einen wesentlich kleineren Einfluss auf die Entscheidung, ob Sie den Job bekommen, als wie sie etwas sagen. Mimik, Gestik, Haltung, Kleidung und Stimme sagen mehr \u00fcber Ihre Pers\u00f6nlichkeit aus, als Ihre Worte.\n\n\n<h3>Begr\u00fc\u00dfung und Verabschiedung<\/h3>\n\n\nSchauen Sie Ihrem Gegen\u00fcber in die Augen und geben Sie ihm mit leichtem aber bestimmtem Druck die Hand. Ein schlaffer H\u00e4ndedruck \u2013 Marke kalter Fisch \u2013 oder ein Schraubstockgriff kann ziemlich abschreckend wirken.\nK\u00f6rperhaltung\n\nSignalisieren Sie Offenheit und Interesse beim Vorstellungsgespr\u00e4ch \u2013 entspannt zur\u00fccklehnen k\u00f6nnen Sie sich sp\u00e4ter zu Hause. Nutzen Sie ruhig die ganze Sitzfl\u00e4che des Stuhls aus und kippeln Sie nicht nerv\u00f6s auf der Vorderkante herum. Setzen Sie sich aufrecht hin, mit zusammengesunkenem Oberk\u00f6rper l\u00e4sst es sich nicht gut sprechen.\n\n\n<h3>Blickkontakt<\/h3>\n\n\nHalten Sie auch w\u00e4hrend des Gespr\u00e4ches immer wieder Blickkontakt. Das hei\u00dft nicht, dass Sie Ihren Gespr\u00e4chspartner unentwegt anstarren sollen. Auch beim Nachdenken darf der Blick ruhig einmal abweichen.\n\n\n<h3>Stimme<\/h3>\n\n\nAufregung l\u00e4sst die Stimme oft h\u00f6her und lauter werden. Achten Sie darauf, dass Sie langsam und ruhig sprechen. Mit ein bisschen \u00dcbung gelingt Ihnen das bestimmt.\n\n\n<h3>Kleidung<\/h3>\n\n\nWie wir uns kleiden, sagt etwas \u00fcber unsere Pers\u00f6nlichkeit aus. Aber nicht nur das, die Kleidung hat sogar einen Einfluss auf unser Denken. Abraham Rutchik, ein Psychologe der California State University fand bei einem Test mit 90 Studenten heraus, dass diejenigen, die f\u00fcr ein Bewerbungsgespr\u00e4ch gekleidet waren, abstrakter und ganzheitlicher denken konnten, als die Testpersonen in Alltagskleidung.\nWir w\u00fcnschen Ihnen f\u00fcr Ihr n\u00e4chstes Vorstellungsgespr\u00e4ch eine gute Haltung, eine sichere Stimme und einen freundlichen Gespr\u00e4chspartner.]]>\t\t<\/p>\n","protected":false},"excerpt":{"rendered":"<p>\t\t\t\t<![CDATA[]]>\t\t<\/p>\n","protected":false},"author":7,"featured_media":6284,"comment_status":"closed","ping_status":"closed","sticky":false,"template":"","format":"standard","meta":{"footnotes":""},"categories":[139],"tags":[532,1099,1543,3385,3568,3820,4615,4690,4705,4798,5659,6082,7918,8041,8965],"class_list":{"0":"post-6281","1":"post","2":"type-post","3":"status-publish","4":"format-standard","5":"has-post-thumbnail","7":"category-lesetipps","8":"tag-antipathie","9":"tag-begruessung","10":"tag-blickkontakt","11":"tag-gefuehle","12":"tag-gestik","13":"tag-haltung","14":"tag-kleidung","15":"tag-kommunikation","16":"tag-kommunizieren","17":"tag-koerpersprache","18":"tag-mimik","19":"tag-nonverbal","20":"tag-stimme","21":"tag-sympathie","22":"tag-vorstellungsgespraech"},"yoast_head":"<!-- This site is optimized with the Yoast SEO plugin v23.5 - https:\/\/yoast.com\/wordpress\/plugins\/seo\/ -->\n<title>K\u00f6rpersprache \u2013 Tipps f\u00fcrs Vorstellungsgespr\u00e4ch \/Euro Akademie Magazin<\/title>\n<meta name=\"description\" content=\"Mit Mimik und Gestik sagen wir mehr aus, als uns bewusst ist. K\u00f6rpersprache entscheidet \u00fcber Sympathie und Antipathie \u2013 denn sie zeigt unsere Gef\u00fchle.\" \/>\n<meta name=\"robots\" content=\"index, follow, max-snippet:-1, max-image-preview:large, max-video-preview:-1\" \/>\n<link rel=\"canonical\" href=\"https:\/\/www.euroakademie.de\/magazin\/koerpersprache-tipps-fuers-vorstellungsgespraech\/\" \/>\n<meta property=\"og:locale\" content=\"de_DE\" \/>\n<meta property=\"og:type\" content=\"article\" \/>\n<meta property=\"og:title\" content=\"K\u00f6rpersprache \u2013 Tipps f\u00fcrs Vorstellungsgespr\u00e4ch \/Euro Akademie Magazin\" \/>\n<meta property=\"og:description\" content=\"Mit Mimik und Gestik sagen wir mehr aus, als uns bewusst ist. K\u00f6rpersprache entscheidet \u00fcber Sympathie und Antipathie \u2013 denn sie zeigt unsere Gef\u00fchle.\" \/>\n<meta property=\"og:url\" content=\"https:\/\/www.euroakademie.de\/magazin\/koerpersprache-tipps-fuers-vorstellungsgespraech\/\" \/>\n<meta property=\"og:site_name\" content=\"Das Euro Akademie Magazin\" \/>\n<meta property=\"article:published_time\" content=\"2017-12-11T07:10:27+00:00\" \/>\n<meta property=\"og:image\" content=\"https:\/\/www.euroakademie.de\/magazin\/wp-content\/uploads\/2017\/12\/pixabay_confident-2840238_1280_702x336_web.jpg\" \/>\n\t<meta property=\"og:image:width\" content=\"702\" \/>\n\t<meta property=\"og:image:height\" content=\"337\" \/>\n\t<meta property=\"og:image:type\" content=\"image\/jpeg\" \/>\n<meta name=\"author\" content=\"Redaktion\" \/>\n<meta name=\"twitter:card\" content=\"summary_large_image\" \/>\n<meta name=\"twitter:label1\" content=\"Verfasst von\" \/>\n\t<meta name=\"twitter:data1\" content=\"Redaktion\" \/>\n\t<meta name=\"twitter:label2\" content=\"Gesch\u00e4tzte Lesezeit\" \/>\n\t<meta name=\"twitter:data2\" content=\"3\u00a0Minuten\" \/>\n<script type=\"application\/ld+json\" class=\"yoast-schema-graph\">{\"@context\":\"https:\/\/schema.org\",\"@graph\":[{\"@type\":\"Article\",\"@id\":\"https:\/\/www.euroakademie.de\/magazin\/koerpersprache-tipps-fuers-vorstellungsgespraech\/#article\",\"isPartOf\":{\"@id\":\"https:\/\/www.euroakademie.de\/magazin\/koerpersprache-tipps-fuers-vorstellungsgespraech\/\"},\"author\":{\"name\":\"Redaktion\",\"@id\":\"https:\/\/www.euroakademie.de\/magazin\/#\/schema\/person\/6c9b7b6db765ee31640d80c936be3686\"},\"headline\":\"Linktipp: K\u00f6rpersprache \u2013 Tipps f\u00fcrs Vorstellungsgespr\u00e4ch\",\"datePublished\":\"2017-12-11T07:10:27+00:00\",\"dateModified\":\"2017-12-11T07:10:27+00:00\",\"mainEntityOfPage\":{\"@id\":\"https:\/\/www.euroakademie.de\/magazin\/koerpersprache-tipps-fuers-vorstellungsgespraech\/\"},\"wordCount\":590,\"publisher\":{\"@id\":\"https:\/\/www.euroakademie.de\/magazin\/#organization\"},\"image\":{\"@id\":\"https:\/\/www.euroakademie.de\/magazin\/koerpersprache-tipps-fuers-vorstellungsgespraech\/#primaryimage\"},\"thumbnailUrl\":\"https:\/\/www.euroakademie.de\/magazin\/wp-content\/uploads\/2017\/12\/pixabay_confident-2840238_1280_702x336_web.jpg\",\"keywords\":[\"Antipathie\",\"Begr\u00fc\u00dfung\",\"Blickkontakt\",\"Gef\u00fchle\",\"Gestik\",\"Haltung\",\"Kleidung\",\"Kommunikation\",\"kommunizieren\",\"K\u00f6rpersprache\",\"Mimik\",\"nonverbal\",\"Stimme\",\"Sympathie\",\"Vorstellungsgespr\u00e4ch\"],\"articleSection\":[\"Link- und Lesetipps\"],\"inLanguage\":\"de\"},{\"@type\":\"WebPage\",\"@id\":\"https:\/\/www.euroakademie.de\/magazin\/koerpersprache-tipps-fuers-vorstellungsgespraech\/\",\"url\":\"https:\/\/www.euroakademie.de\/magazin\/koerpersprache-tipps-fuers-vorstellungsgespraech\/\",\"name\":\"K\u00f6rpersprache \u2013 Tipps f\u00fcrs Vorstellungsgespr\u00e4ch \/Euro Akademie Magazin\",\"isPartOf\":{\"@id\":\"https:\/\/www.euroakademie.de\/magazin\/#website\"},\"primaryImageOfPage\":{\"@id\":\"https:\/\/www.euroakademie.de\/magazin\/koerpersprache-tipps-fuers-vorstellungsgespraech\/#primaryimage\"},\"image\":{\"@id\":\"https:\/\/www.euroakademie.de\/magazin\/koerpersprache-tipps-fuers-vorstellungsgespraech\/#primaryimage\"},\"thumbnailUrl\":\"https:\/\/www.euroakademie.de\/magazin\/wp-content\/uploads\/2017\/12\/pixabay_confident-2840238_1280_702x336_web.jpg\",\"datePublished\":\"2017-12-11T07:10:27+00:00\",\"dateModified\":\"2017-12-11T07:10:27+00:00\",\"description\":\"Mit Mimik und Gestik sagen wir mehr aus, als uns bewusst ist. K\u00f6rpersprache entscheidet \u00fcber Sympathie und Antipathie \u2013 denn sie zeigt unsere Gef\u00fchle.\",\"breadcrumb\":{\"@id\":\"https:\/\/www.euroakademie.de\/magazin\/koerpersprache-tipps-fuers-vorstellungsgespraech\/#breadcrumb\"},\"inLanguage\":\"de\",\"potentialAction\":[{\"@type\":\"ReadAction\",\"target\":[\"https:\/\/www.euroakademie.de\/magazin\/koerpersprache-tipps-fuers-vorstellungsgespraech\/\"]}]},{\"@type\":\"ImageObject\",\"inLanguage\":\"de\",\"@id\":\"https:\/\/www.euroakademie.de\/magazin\/koerpersprache-tipps-fuers-vorstellungsgespraech\/#primaryimage\",\"url\":\"https:\/\/www.euroakademie.de\/magazin\/wp-content\/uploads\/2017\/12\/pixabay_confident-2840238_1280_702x336_web.jpg\",\"contentUrl\":\"https:\/\/www.euroakademie.de\/magazin\/wp-content\/uploads\/2017\/12\/pixabay_confident-2840238_1280_702x336_web.jpg\",\"width\":702,\"height\":337,\"caption\":\"\"},{\"@type\":\"BreadcrumbList\",\"@id\":\"https:\/\/www.euroakademie.de\/magazin\/koerpersprache-tipps-fuers-vorstellungsgespraech\/#breadcrumb\",\"itemListElement\":[{\"@type\":\"ListItem\",\"position\":1,\"name\":\"Startseite\",\"item\":\"https:\/\/www.euroakademie.de\/magazin\/\"},{\"@type\":\"ListItem\",\"position\":2,\"name\":\"Linktipp: K\u00f6rpersprache \u2013 Tipps f\u00fcrs Vorstellungsgespr\u00e4ch\"}]},{\"@type\":\"WebSite\",\"@id\":\"https:\/\/www.euroakademie.de\/magazin\/#website\",\"url\":\"https:\/\/www.euroakademie.de\/magazin\/\",\"name\":\"Das Euro Akademie Magazin\",\"description\":\"Gut informiert durch Ausbildung und Studium\",\"publisher\":{\"@id\":\"https:\/\/www.euroakademie.de\/magazin\/#organization\"},\"potentialAction\":[{\"@type\":\"SearchAction\",\"target\":{\"@type\":\"EntryPoint\",\"urlTemplate\":\"https:\/\/www.euroakademie.de\/magazin\/?s={search_term_string}\"},\"query-input\":{\"@type\":\"PropertyValueSpecification\",\"valueRequired\":true,\"valueName\":\"search_term_string\"}}],\"inLanguage\":\"de\"},{\"@type\":\"Organization\",\"@id\":\"https:\/\/www.euroakademie.de\/magazin\/#organization\",\"name\":\"ESO Education Group\",\"url\":\"https:\/\/www.euroakademie.de\/magazin\/\",\"logo\":{\"@type\":\"ImageObject\",\"inLanguage\":\"de\",\"@id\":\"https:\/\/www.euroakademie.de\/magazin\/#\/schema\/logo\/image\/\",\"url\":\"https:\/\/relaunch.euroakademie.de\/magazin\/wp-content\/uploads\/2024\/11\/Logo_EA_negativ_Rahmen_5cm_300dpi_RGB.jpg\",\"contentUrl\":\"https:\/\/relaunch.euroakademie.de\/magazin\/wp-content\/uploads\/2024\/11\/Logo_EA_negativ_Rahmen_5cm_300dpi_RGB.jpg\",\"width\":591,\"height\":236,\"caption\":\"ESO Education Group\"},\"image\":{\"@id\":\"https:\/\/www.euroakademie.de\/magazin\/#\/schema\/logo\/image\/\"}},{\"@type\":\"Person\",\"@id\":\"https:\/\/www.euroakademie.de\/magazin\/#\/schema\/person\/6c9b7b6db765ee31640d80c936be3686\",\"name\":\"Redaktion\",\"description\":\"Die Redaktion des Euro Akademie Magazins h\u00e4lt Sie regelm\u00e4\u00dfig mit hintergr\u00fcndigen Artikeln auf dem Laufenden. Auf Basis einer fundierten Recherche und mit Spa\u00df am Schreiben erstellen die Redakteur*innen informative und unterhaltsame Inhalte f\u00fcr Sie.\",\"url\":\"https:\/\/www.euroakademie.de\/magazin\/author\/redaktion\/\"}]}<\/script>\n<!-- \/ Yoast SEO plugin. -->","yoast_head_json":{"title":"K\u00f6rpersprache \u2013 Tipps f\u00fcrs Vorstellungsgespr\u00e4ch \/Euro Akademie Magazin","description":"Mit Mimik und Gestik sagen wir mehr aus, als uns bewusst ist. K\u00f6rpersprache entscheidet \u00fcber Sympathie und Antipathie \u2013 denn sie zeigt unsere Gef\u00fchle.","robots":{"index":"index","follow":"follow","max-snippet":"max-snippet:-1","max-image-preview":"max-image-preview:large","max-video-preview":"max-video-preview:-1"},"canonical":"https:\/\/www.euroakademie.de\/magazin\/koerpersprache-tipps-fuers-vorstellungsgespraech\/","og_locale":"de_DE","og_type":"article","og_title":"K\u00f6rpersprache \u2013 Tipps f\u00fcrs Vorstellungsgespr\u00e4ch \/Euro Akademie Magazin","og_description":"Mit Mimik und Gestik sagen wir mehr aus, als uns bewusst ist. K\u00f6rpersprache entscheidet \u00fcber Sympathie und Antipathie \u2013 denn sie zeigt unsere Gef\u00fchle.","og_url":"https:\/\/www.euroakademie.de\/magazin\/koerpersprache-tipps-fuers-vorstellungsgespraech\/","og_site_name":"Das Euro Akademie Magazin","article_published_time":"2017-12-11T07:10:27+00:00","og_image":[{"width":702,"height":337,"url":"https:\/\/www.euroakademie.de\/magazin\/wp-content\/uploads\/2017\/12\/pixabay_confident-2840238_1280_702x336_web.jpg","type":"image\/jpeg"}],"author":"Redaktion","twitter_card":"summary_large_image","twitter_misc":{"Verfasst von":"Redaktion","Gesch\u00e4tzte Lesezeit":"3\u00a0Minuten"},"schema":{"@context":"https:\/\/schema.org","@graph":[{"@type":"Article","@id":"https:\/\/www.euroakademie.de\/magazin\/koerpersprache-tipps-fuers-vorstellungsgespraech\/#article","isPartOf":{"@id":"https:\/\/www.euroakademie.de\/magazin\/koerpersprache-tipps-fuers-vorstellungsgespraech\/"},"author":{"name":"Redaktion","@id":"https:\/\/www.euroakademie.de\/magazin\/#\/schema\/person\/6c9b7b6db765ee31640d80c936be3686"},"headline":"Linktipp: K\u00f6rpersprache \u2013 Tipps f\u00fcrs Vorstellungsgespr\u00e4ch","datePublished":"2017-12-11T07:10:27+00:00","dateModified":"2017-12-11T07:10:27+00:00","mainEntityOfPage":{"@id":"https:\/\/www.euroakademie.de\/magazin\/koerpersprache-tipps-fuers-vorstellungsgespraech\/"},"wordCount":590,"publisher":{"@id":"https:\/\/www.euroakademie.de\/magazin\/#organization"},"image":{"@id":"https:\/\/www.euroakademie.de\/magazin\/koerpersprache-tipps-fuers-vorstellungsgespraech\/#primaryimage"},"thumbnailUrl":"https:\/\/www.euroakademie.de\/magazin\/wp-content\/uploads\/2017\/12\/pixabay_confident-2840238_1280_702x336_web.jpg","keywords":["Antipathie","Begr\u00fc\u00dfung","Blickkontakt","Gef\u00fchle","Gestik","Haltung","Kleidung","Kommunikation","kommunizieren","K\u00f6rpersprache","Mimik","nonverbal","Stimme","Sympathie","Vorstellungsgespr\u00e4ch"],"articleSection":["Link- und Lesetipps"],"inLanguage":"de"},{"@type":"WebPage","@id":"https:\/\/www.euroakademie.de\/magazin\/koerpersprache-tipps-fuers-vorstellungsgespraech\/","url":"https:\/\/www.euroakademie.de\/magazin\/koerpersprache-tipps-fuers-vorstellungsgespraech\/","name":"K\u00f6rpersprache \u2013 Tipps f\u00fcrs Vorstellungsgespr\u00e4ch \/Euro Akademie Magazin","isPartOf":{"@id":"https:\/\/www.euroakademie.de\/magazin\/#website"},"primaryImageOfPage":{"@id":"https:\/\/www.euroakademie.de\/magazin\/koerpersprache-tipps-fuers-vorstellungsgespraech\/#primaryimage"},"image":{"@id":"https:\/\/www.euroakademie.de\/magazin\/koerpersprache-tipps-fuers-vorstellungsgespraech\/#primaryimage"},"thumbnailUrl":"https:\/\/www.euroakademie.de\/magazin\/wp-content\/uploads\/2017\/12\/pixabay_confident-2840238_1280_702x336_web.jpg","datePublished":"2017-12-11T07:10:27+00:00","dateModified":"2017-12-11T07:10:27+00:00","description":"Mit Mimik und Gestik sagen wir mehr aus, als uns bewusst ist. K\u00f6rpersprache entscheidet \u00fcber Sympathie und Antipathie \u2013 denn sie zeigt unsere Gef\u00fchle.","breadcrumb":{"@id":"https:\/\/www.euroakademie.de\/magazin\/koerpersprache-tipps-fuers-vorstellungsgespraech\/#breadcrumb"},"inLanguage":"de","potentialAction":[{"@type":"ReadAction","target":["https:\/\/www.euroakademie.de\/magazin\/koerpersprache-tipps-fuers-vorstellungsgespraech\/"]}]},{"@type":"ImageObject","inLanguage":"de","@id":"https:\/\/www.euroakademie.de\/magazin\/koerpersprache-tipps-fuers-vorstellungsgespraech\/#primaryimage","url":"https:\/\/www.euroakademie.de\/magazin\/wp-content\/uploads\/2017\/12\/pixabay_confident-2840238_1280_702x336_web.jpg","contentUrl":"https:\/\/www.euroakademie.de\/magazin\/wp-content\/uploads\/2017\/12\/pixabay_confident-2840238_1280_702x336_web.jpg","width":702,"height":337,"caption":""},{"@type":"BreadcrumbList","@id":"https:\/\/www.euroakademie.de\/magazin\/koerpersprache-tipps-fuers-vorstellungsgespraech\/#breadcrumb","itemListElement":[{"@type":"ListItem","position":1,"name":"Startseite","item":"https:\/\/www.euroakademie.de\/magazin\/"},{"@type":"ListItem","position":2,"name":"Linktipp: K\u00f6rpersprache \u2013 Tipps f\u00fcrs Vorstellungsgespr\u00e4ch"}]},{"@type":"WebSite","@id":"https:\/\/www.euroakademie.de\/magazin\/#website","url":"https:\/\/www.euroakademie.de\/magazin\/","name":"Das Euro Akademie Magazin","description":"Gut informiert durch Ausbildung und Studium","publisher":{"@id":"https:\/\/www.euroakademie.de\/magazin\/#organization"},"potentialAction":[{"@type":"SearchAction","target":{"@type":"EntryPoint","urlTemplate":"https:\/\/www.euroakademie.de\/magazin\/?s={search_term_string}"},"query-input":{"@type":"PropertyValueSpecification","valueRequired":true,"valueName":"search_term_string"}}],"inLanguage":"de"},{"@type":"Organization","@id":"https:\/\/www.euroakademie.de\/magazin\/#organization","name":"ESO Education Group","url":"https:\/\/www.euroakademie.de\/magazin\/","logo":{"@type":"ImageObject","inLanguage":"de","@id":"https:\/\/www.euroakademie.de\/magazin\/#\/schema\/logo\/image\/","url":"https:\/\/relaunch.euroakademie.de\/magazin\/wp-content\/uploads\/2024\/11\/Logo_EA_negativ_Rahmen_5cm_300dpi_RGB.jpg","contentUrl":"https:\/\/relaunch.euroakademie.de\/magazin\/wp-content\/uploads\/2024\/11\/Logo_EA_negativ_Rahmen_5cm_300dpi_RGB.jpg","width":591,"height":236,"caption":"ESO Education Group"},"image":{"@id":"https:\/\/www.euroakademie.de\/magazin\/#\/schema\/logo\/image\/"}},{"@type":"Person","@id":"https:\/\/www.euroakademie.de\/magazin\/#\/schema\/person\/6c9b7b6db765ee31640d80c936be3686","name":"Redaktion","description":"Die Redaktion des Euro Akademie Magazins h\u00e4lt Sie regelm\u00e4\u00dfig mit hintergr\u00fcndigen Artikeln auf dem Laufenden. Auf Basis einer fundierten Recherche und mit Spa\u00df am Schreiben erstellen die Redakteur*innen informative und unterhaltsame Inhalte f\u00fcr Sie.","url":"https:\/\/www.euroakademie.de\/magazin\/author\/redaktion\/"}]}},"_links":{"self":[{"href":"https:\/\/www.euroakademie.de\/magazin\/wp-json\/wp\/v2\/posts\/6281","targetHints":{"allow":["GET"]}}],"collection":[{"href":"https:\/\/www.euroakademie.de\/magazin\/wp-json\/wp\/v2\/posts"}],"about":[{"href":"https:\/\/www.euroakademie.de\/magazin\/wp-json\/wp\/v2\/types\/post"}],"author":[{"embeddable":true,"href":"https:\/\/www.euroakademie.de\/magazin\/wp-json\/wp\/v2\/users\/7"}],"replies":[{"embeddable":true,"href":"https:\/\/www.euroakademie.de\/magazin\/wp-json\/wp\/v2\/comments?post=6281"}],"version-history":[{"count":0,"href":"https:\/\/www.euroakademie.de\/magazin\/wp-json\/wp\/v2\/posts\/6281\/revisions"}],"wp:featuredmedia":[{"embeddable":true,"href":"https:\/\/www.euroakademie.de\/magazin\/wp-json\/wp\/v2\/media\/6284"}],"wp:attachment":[{"href":"https:\/\/www.euroakademie.de\/magazin\/wp-json\/wp\/v2\/media?parent=6281"}],"wp:term":[{"taxonomy":"category","embeddable":true,"href":"https:\/\/www.euroakademie.de\/magazin\/wp-json\/wp\/v2\/categories?post=6281"},{"taxonomy":"post_tag","embeddable":true,"href":"https:\/\/www.euroakademie.de\/magazin\/wp-json\/wp\/v2\/tags?post=6281"}],"curies":[{"name":"wp","href":"https:\/\/api.w.org\/{rel}","templated":true}]}}