{"id":6844,"date":"2018-03-01T11:12:31","date_gmt":"2018-03-01T10:12:31","guid":{"rendered":"https:\/\/www.euroakademie.de\/magazin\/?p=6844"},"modified":"2018-03-01T11:12:31","modified_gmt":"2018-03-01T10:12:31","slug":"mit-klugen-fragen-im-vorstellungsgespraech-zum-traumjob","status":"publish","type":"post","link":"https:\/\/www.euroakademie.de\/magazin\/mit-klugen-fragen-im-vorstellungsgespraech-zum-traumjob\/","title":{"rendered":"Mit klugen Fragen im Vorstellungsgespr\u00e4ch zum Traumjob"},"content":{"rendered":"<p>\t\t\t\t<![CDATA[<strong>Im Vorstellungsgespr\u00e4ch sitzen Sie auf dem Pr\u00e4sentierteller. Deshalb haben Sie sich gut darauf vorbereitet, was Ihr zuk\u00fcnftiger Arbeitgeber von Ihnen wissen m\u00f6chte. Vergessen Sie aber nicht, sich selbst auch einige Fragen zu \u00fcberlegen.\u00a0<\/strong>\n\nKluge Fragen sind im Bewerbungsgespr\u00e4ch genauso wichtig wie kompetente Antworten. Am Ende des <a href=\"https:\/\/www.euroakademie.de\/magazin\/koerpersprache-tipps-fuers-vorstellungsgespraech\/\">Vorstellungsgespr\u00e4ches <\/a>ist es soweit, Sie d\u00fcrfen die Initiative ergreifen und dem Personaler L\u00f6cher in den Bauch Fragen. \u00dcberlegen Sie sich also vor dem wichtigen Termin, was Sie \u00fcber das Unternehmen und die Stelle wissen m\u00f6chten.\n\n\n<h2>Warum sollten Sie im Vorstellungsgespr\u00e4ch Fragen stellen?<\/h2>\n\n\n\n\n<ul>\n \t\n\n<li>Wer fragt, der f\u00fchrt! Mit eigenen Fragen zeigen Sie Interesse und Engagement. Am Ende des Gespr\u00e4ches haben Sie so die Gelegenheit, das Zepter in die Hand zu nehmen.<\/li>\n\n\n \t\n\n<li>Fragen k\u00f6nnen Sie nur dann stellen, wenn Sie sich vorbereitet haben. Ihr potenzieller Chef erkennt anhand Ihrer Fragen, was Sie \u00fcber das Unternehmen bereits wissen und was Sie an der Stelle besonders interessiert.<\/li>\n\n\n \t\n\n<li>Kluge Fragen lassen darauf schlie\u00dfen, dass Sie selbstst\u00e4ndig denken k\u00f6nnen.<\/li>\n\n\n \t\n\n<li>Sie erfahren etwas \u00fcber Werte, F\u00fchrungsstil und Arbeitsweise im Unternehmen und k\u00f6nnen herausfinden, ob der Arbeitsplatz zu Ihnen und Ihren Vorstellungen passt.<\/li>\n\n\n<\/ul>\n\n\n\n\n<h2>So finden Sie die richtigen Fragen f\u00fcr das Jobinterview<\/h2>\n\n\n\n\n<ul>\n \t\n\n<li>Heute hat jedes Unternehmen einen Internetauftritt. Dort finden Sie wichtige Informationen zur Geschichte und zum Selbstverst\u00e4ndnis des Unternehmens. Au\u00dferdem k\u00f6nnen Sie sich das Portfolio ansehen und einen ersten Eindruck von Ihrem potenziellen Arbeitgeber gewinnen. Denn die Internetseite ist die virtuelle Visitenkarte des Unternehmens.<\/li>\n\n\n \t\n\n<li>\u00dcberlegen Sie sich, was Ihnen wichtig ist und wie Sie gerne arbeiten m\u00f6chten. Wenn Ihnen die <a href=\"https:\/\/www.euroakademie.de\/magazin\/link-und-lesetipp-teamarbeit-macht-gluecklich\/\">Arbeit im Team <\/a>wichtig ist, fragen Sie, welche Ber\u00fchrungspunkte Sie in Ihrer Arbeit mit den Kollegen haben. Auch Fragen zum zuk\u00fcnftigen Arbeitsbereich und zur Gestaltung des Arbeitsplatzes passen gut in ein Bewerbungsgespr\u00e4ch.<\/li>\n\n\n \t\n\n<li>Die Stellenanzeige bietet meist Informationen \u00fcber das Unternehmen, die ausgeschriebene Stelle und die Anforderungen an Sie als Bewerber.<\/li>\n\n\n<\/ul>\n\n\n\n\n<h2>Fragen, die Sie im Vorstellungsgespr\u00e4ch stellen sollten<\/h2>\n\n\n\n\n<ul>\n \t\n\n<li>Warum arbeiten Sie gerne f\u00fcr das Unternehmen? H\u00f6ren Sie genau hin, durch diese Frage lernen Sie die Schokoladenseite des Unternehmens kennen. Aber beachten Sie auch Ungesagtes \u2013 ist beispielsweise immer nur von einem lukrativen Verdienst die Rede, von Kollegialit\u00e4t und Teamarbeit wird aber nicht gesprochen, sollten Sie hier noch einmal nachhaken.<\/li>\n\n\n \t\n\n<li>Welche Aufgaben habe ich<a href=\"https:\/\/www.euroakademie.de\/magazin\/die-ersten-100-tage-im-job\/\"> in den ersten 100 Tagen<\/a> zu meistern?Mit dieser Frage erfahren Sie, was von Ihnen am Anfang erwartet wird, welche Aufgaben Sie zu meistern haben und welche Schwierigkeiten auf Sie zukommen k\u00f6nnten.<\/li>\n\n\n \t\n\n<li>Welche M\u00f6glichkeiten habe ich, mich fortzubilden?In den meisten Arbeitsbereichen sind Fortbildungen unerl\u00e4sslich. Klopfen Sie ab, welche M\u00f6glichkeiten Ihnen das Unternehmen bietet, sich weiterzubilden.<\/li>\n\n\n \t\n\n<li>Wie kann ich mir die Einarbeitung vorstellen?Bei dieser Frage erfahren Sie, ob es einen Einarbeitungsplan f\u00fcr Mitarbeiter gibt oder ob Sie am ersten Arbeitstag ins kalte Wasser geworfen werden.<\/li>\n\n\n \t\n\n<li>Was w\u00fcnschen Sie sich von Ihrem neuen Mitarbeiter? Die Stellenbeschreibung liefert Ihnen die harten Fakten \u2013 dort sind die fachlichen Qualifikationen beschrieben. Mit dieser Frage erfahren Sie auch, welche pers\u00f6nlichen Eigenschaften und Soft Skills Sie mitbringen sollten.<\/li>\n\n\n<\/ul>\n\n\nFragen zu Entwicklungsm\u00f6glichkeiten im Unternehmen, zu Arbeitszeiten und Team liefern Ihnen ebenfalls wichtige Informationen.\n\n\n<h2>Diese Fragen vermeiden Sie besser<\/h2>\n\n\n\n\n<ul>\n \t\n\n<li>Fragen zu Urlaubszeiten k\u00f6nnen Sie stellen, aber bitte nicht gleich zu Anfang. Vorher sollten Sie auf jeden Fall noch andere Dinge interessieren.<\/li>\n\n\n \t\n\n<li>\u00dcberlegen Sie sich drei bis f\u00fcnf Fragen, die Sie stellen m\u00f6chten. Mit zu vielen Fragen k\u00f6nnen sie leicht aufdringlich wirken und die Zeit Ihres zuk\u00fcnftigen Vorgesetzten \u00fcberm\u00e4\u00dfig beanspruchen.<\/li>\n\n\n \t\n\n<li>Fragen Sie besser nichts, was Sie \u00fcberall nachlesen k\u00f6nnen. Zum Beispiel, wie alt das Unternehmen ist und wie viele Mitarbeiter es hat \u2013 das steht in der Regel auf der Internetseite.<\/li>\n\n\n<\/ul>\n\n\nWir w\u00fcnschen Ihnen ein erfolgreiches Bewerbungsgespr\u00e4ch!]]>\t\t<\/p>\n","protected":false},"excerpt":{"rendered":"<p>\t\t\t\t<![CDATA[]]>\t\t<\/p>\n","protected":false},"author":58,"featured_media":6847,"comment_status":"closed","ping_status":"closed","sticky":false,"template":"","format":"standard","meta":{"footnotes":""},"categories":[127,172],"tags":[652,1351,1363,1807,2404,3109,4195,4321,8152,8965],"class_list":{"0":"post-6844","1":"post","2":"type-post","3":"status-publish","4":"format-standard","5":"has-post-thumbnail","7":"category-karriere","8":"category-100-tipps-tricks","9":"tag-arbeitszeiten","10":"tag-bewerbung","11":"tag-bewerbungsgespraech","12":"tag-chef","13":"tag-engagement","14":"tag-fragen","15":"tag-interesse","16":"tag-jobinterview","17":"tag-team","18":"tag-vorstellungsgespraech"},"yoast_head":"<!-- This site is optimized with the Yoast SEO plugin v23.5 - https:\/\/yoast.com\/wordpress\/plugins\/seo\/ -->\n<title>Mit klugen Fragen zum Traumjob \/ Euro Akademie Magazin<\/title>\n<meta name=\"description\" content=\"Im Vorstellungsgespr\u00e4ch sitzen Sie auf dem Pr\u00e4sentierteller. Deshalb haben Sie sich gut darauf vorbereitet, was Ihr zuk\u00fcnftiger Arbeitgeber von Ihnen wissen m\u00f6chte. Vergessen Sie aber nicht, sich selbst auch einige Fragen zu \u00fcberlegen.\u00a0\" \/>\n<meta name=\"robots\" content=\"index, follow, max-snippet:-1, max-image-preview:large, max-video-preview:-1\" \/>\n<link rel=\"canonical\" href=\"https:\/\/www.euroakademie.de\/magazin\/mit-klugen-fragen-im-vorstellungsgespraech-zum-traumjob\/\" \/>\n<meta property=\"og:locale\" content=\"de_DE\" \/>\n<meta property=\"og:type\" content=\"article\" \/>\n<meta property=\"og:title\" content=\"Mit klugen Fragen zum Traumjob \/ Euro Akademie Magazin\" \/>\n<meta property=\"og:description\" content=\"Im Vorstellungsgespr\u00e4ch sitzen Sie auf dem Pr\u00e4sentierteller. Deshalb haben Sie sich gut darauf vorbereitet, was Ihr zuk\u00fcnftiger Arbeitgeber von Ihnen wissen m\u00f6chte. Vergessen Sie aber nicht, sich selbst auch einige Fragen zu \u00fcberlegen.\u00a0\" \/>\n<meta property=\"og:url\" content=\"https:\/\/www.euroakademie.de\/magazin\/mit-klugen-fragen-im-vorstellungsgespraech-zum-traumjob\/\" \/>\n<meta property=\"og:site_name\" content=\"Das Euro Akademie Magazin\" \/>\n<meta property=\"article:published_time\" content=\"2018-03-01T10:12:31+00:00\" \/>\n<meta property=\"og:image\" content=\"https:\/\/www.euroakademie.de\/magazin\/wp-content\/uploads\/2018\/03\/shutterstock_405030349_702x336_web.jpg\" \/>\n\t<meta property=\"og:image:width\" content=\"702\" \/>\n\t<meta property=\"og:image:height\" content=\"336\" \/>\n\t<meta property=\"og:image:type\" content=\"image\/jpeg\" \/>\n<meta name=\"author\" content=\"Tanja H\u00f6fling\" \/>\n<meta name=\"twitter:card\" content=\"summary_large_image\" \/>\n<meta name=\"twitter:label1\" content=\"Verfasst von\" \/>\n\t<meta name=\"twitter:data1\" content=\"Tanja H\u00f6fling\" \/>\n\t<meta name=\"twitter:label2\" content=\"Gesch\u00e4tzte Lesezeit\" \/>\n\t<meta name=\"twitter:data2\" content=\"3\u00a0Minuten\" \/>\n<script type=\"application\/ld+json\" class=\"yoast-schema-graph\">{\"@context\":\"https:\/\/schema.org\",\"@graph\":[{\"@type\":\"Article\",\"@id\":\"https:\/\/www.euroakademie.de\/magazin\/mit-klugen-fragen-im-vorstellungsgespraech-zum-traumjob\/#article\",\"isPartOf\":{\"@id\":\"https:\/\/www.euroakademie.de\/magazin\/mit-klugen-fragen-im-vorstellungsgespraech-zum-traumjob\/\"},\"author\":{\"name\":\"Tanja H\u00f6fling\",\"@id\":\"https:\/\/www.euroakademie.de\/magazin\/#\/schema\/person\/2c0d3896d19e86373c87f4ac022d4919\"},\"headline\":\"Mit klugen Fragen im Vorstellungsgespr\u00e4ch zum Traumjob\",\"datePublished\":\"2018-03-01T10:12:31+00:00\",\"dateModified\":\"2018-03-01T10:12:31+00:00\",\"mainEntityOfPage\":{\"@id\":\"https:\/\/www.euroakademie.de\/magazin\/mit-klugen-fragen-im-vorstellungsgespraech-zum-traumjob\/\"},\"wordCount\":641,\"publisher\":{\"@id\":\"https:\/\/www.euroakademie.de\/magazin\/#organization\"},\"image\":{\"@id\":\"https:\/\/www.euroakademie.de\/magazin\/mit-klugen-fragen-im-vorstellungsgespraech-zum-traumjob\/#primaryimage\"},\"thumbnailUrl\":\"https:\/\/www.euroakademie.de\/magazin\/wp-content\/uploads\/2018\/03\/shutterstock_405030349_702x336_web.jpg\",\"keywords\":[\"Arbeitszeiten\",\"Bewerbung\",\"Bewerbungsgespr\u00e4ch\",\"Chef\",\"Engagement\",\"Fragen\",\"Interesse\",\"Jobinterview\",\"Team\",\"Vorstellungsgespr\u00e4ch\"],\"articleSection\":[\"Karriere\",\"Tipps &amp; Tricks\"],\"inLanguage\":\"de\"},{\"@type\":\"WebPage\",\"@id\":\"https:\/\/www.euroakademie.de\/magazin\/mit-klugen-fragen-im-vorstellungsgespraech-zum-traumjob\/\",\"url\":\"https:\/\/www.euroakademie.de\/magazin\/mit-klugen-fragen-im-vorstellungsgespraech-zum-traumjob\/\",\"name\":\"Mit klugen Fragen zum Traumjob \/ Euro Akademie Magazin\",\"isPartOf\":{\"@id\":\"https:\/\/www.euroakademie.de\/magazin\/#website\"},\"primaryImageOfPage\":{\"@id\":\"https:\/\/www.euroakademie.de\/magazin\/mit-klugen-fragen-im-vorstellungsgespraech-zum-traumjob\/#primaryimage\"},\"image\":{\"@id\":\"https:\/\/www.euroakademie.de\/magazin\/mit-klugen-fragen-im-vorstellungsgespraech-zum-traumjob\/#primaryimage\"},\"thumbnailUrl\":\"https:\/\/www.euroakademie.de\/magazin\/wp-content\/uploads\/2018\/03\/shutterstock_405030349_702x336_web.jpg\",\"datePublished\":\"2018-03-01T10:12:31+00:00\",\"dateModified\":\"2018-03-01T10:12:31+00:00\",\"description\":\"Im Vorstellungsgespr\u00e4ch sitzen Sie auf dem Pr\u00e4sentierteller. Deshalb haben Sie sich gut darauf vorbereitet, was Ihr zuk\u00fcnftiger Arbeitgeber von Ihnen wissen m\u00f6chte. Vergessen Sie aber nicht, sich selbst auch einige Fragen zu \u00fcberlegen.\u00a0\",\"breadcrumb\":{\"@id\":\"https:\/\/www.euroakademie.de\/magazin\/mit-klugen-fragen-im-vorstellungsgespraech-zum-traumjob\/#breadcrumb\"},\"inLanguage\":\"de\",\"potentialAction\":[{\"@type\":\"ReadAction\",\"target\":[\"https:\/\/www.euroakademie.de\/magazin\/mit-klugen-fragen-im-vorstellungsgespraech-zum-traumjob\/\"]}]},{\"@type\":\"ImageObject\",\"inLanguage\":\"de\",\"@id\":\"https:\/\/www.euroakademie.de\/magazin\/mit-klugen-fragen-im-vorstellungsgespraech-zum-traumjob\/#primaryimage\",\"url\":\"https:\/\/www.euroakademie.de\/magazin\/wp-content\/uploads\/2018\/03\/shutterstock_405030349_702x336_web.jpg\",\"contentUrl\":\"https:\/\/www.euroakademie.de\/magazin\/wp-content\/uploads\/2018\/03\/shutterstock_405030349_702x336_web.jpg\",\"width\":702,\"height\":336,\"caption\":\"\"},{\"@type\":\"BreadcrumbList\",\"@id\":\"https:\/\/www.euroakademie.de\/magazin\/mit-klugen-fragen-im-vorstellungsgespraech-zum-traumjob\/#breadcrumb\",\"itemListElement\":[{\"@type\":\"ListItem\",\"position\":1,\"name\":\"Startseite\",\"item\":\"https:\/\/www.euroakademie.de\/magazin\/\"},{\"@type\":\"ListItem\",\"position\":2,\"name\":\"Mit klugen Fragen im Vorstellungsgespr\u00e4ch zum Traumjob\"}]},{\"@type\":\"WebSite\",\"@id\":\"https:\/\/www.euroakademie.de\/magazin\/#website\",\"url\":\"https:\/\/www.euroakademie.de\/magazin\/\",\"name\":\"Das Euro Akademie Magazin\",\"description\":\"Gut informiert durch Ausbildung und Studium\",\"publisher\":{\"@id\":\"https:\/\/www.euroakademie.de\/magazin\/#organization\"},\"potentialAction\":[{\"@type\":\"SearchAction\",\"target\":{\"@type\":\"EntryPoint\",\"urlTemplate\":\"https:\/\/www.euroakademie.de\/magazin\/?s={search_term_string}\"},\"query-input\":{\"@type\":\"PropertyValueSpecification\",\"valueRequired\":true,\"valueName\":\"search_term_string\"}}],\"inLanguage\":\"de\"},{\"@type\":\"Organization\",\"@id\":\"https:\/\/www.euroakademie.de\/magazin\/#organization\",\"name\":\"ESO Education Group\",\"url\":\"https:\/\/www.euroakademie.de\/magazin\/\",\"logo\":{\"@type\":\"ImageObject\",\"inLanguage\":\"de\",\"@id\":\"https:\/\/www.euroakademie.de\/magazin\/#\/schema\/logo\/image\/\",\"url\":\"https:\/\/relaunch.euroakademie.de\/magazin\/wp-content\/uploads\/2024\/11\/Logo_EA_negativ_Rahmen_5cm_300dpi_RGB.jpg\",\"contentUrl\":\"https:\/\/relaunch.euroakademie.de\/magazin\/wp-content\/uploads\/2024\/11\/Logo_EA_negativ_Rahmen_5cm_300dpi_RGB.jpg\",\"width\":591,\"height\":236,\"caption\":\"ESO Education Group\"},\"image\":{\"@id\":\"https:\/\/www.euroakademie.de\/magazin\/#\/schema\/logo\/image\/\"}},{\"@type\":\"Person\",\"@id\":\"https:\/\/www.euroakademie.de\/magazin\/#\/schema\/person\/2c0d3896d19e86373c87f4ac022d4919\",\"name\":\"Tanja H\u00f6fling\",\"description\":\"Von Juli 2017 bis Juli 2022 informierte die ehemalige Online-Redakteurin des Euro Akademie Magazins regelm\u00e4\u00dfig \u00fcber Aktuelles und Wissenswertes zu den Themen Ausbildung, Studium und Beruf.\",\"url\":\"https:\/\/www.euroakademie.de\/magazin\/author\/hoeflingt\/\"}]}<\/script>\n<!-- \/ Yoast SEO plugin. -->","yoast_head_json":{"title":"Mit klugen Fragen zum Traumjob \/ Euro Akademie Magazin","description":"Im Vorstellungsgespr\u00e4ch sitzen Sie auf dem Pr\u00e4sentierteller. Deshalb haben Sie sich gut darauf vorbereitet, was Ihr zuk\u00fcnftiger Arbeitgeber von Ihnen wissen m\u00f6chte. Vergessen Sie aber nicht, sich selbst auch einige Fragen zu \u00fcberlegen.\u00a0","robots":{"index":"index","follow":"follow","max-snippet":"max-snippet:-1","max-image-preview":"max-image-preview:large","max-video-preview":"max-video-preview:-1"},"canonical":"https:\/\/www.euroakademie.de\/magazin\/mit-klugen-fragen-im-vorstellungsgespraech-zum-traumjob\/","og_locale":"de_DE","og_type":"article","og_title":"Mit klugen Fragen zum Traumjob \/ Euro Akademie Magazin","og_description":"Im Vorstellungsgespr\u00e4ch sitzen Sie auf dem Pr\u00e4sentierteller. Deshalb haben Sie sich gut darauf vorbereitet, was Ihr zuk\u00fcnftiger Arbeitgeber von Ihnen wissen m\u00f6chte. Vergessen Sie aber nicht, sich selbst auch einige Fragen zu \u00fcberlegen.\u00a0","og_url":"https:\/\/www.euroakademie.de\/magazin\/mit-klugen-fragen-im-vorstellungsgespraech-zum-traumjob\/","og_site_name":"Das Euro Akademie Magazin","article_published_time":"2018-03-01T10:12:31+00:00","og_image":[{"width":702,"height":336,"url":"https:\/\/www.euroakademie.de\/magazin\/wp-content\/uploads\/2018\/03\/shutterstock_405030349_702x336_web.jpg","type":"image\/jpeg"}],"author":"Tanja H\u00f6fling","twitter_card":"summary_large_image","twitter_misc":{"Verfasst von":"Tanja H\u00f6fling","Gesch\u00e4tzte Lesezeit":"3\u00a0Minuten"},"schema":{"@context":"https:\/\/schema.org","@graph":[{"@type":"Article","@id":"https:\/\/www.euroakademie.de\/magazin\/mit-klugen-fragen-im-vorstellungsgespraech-zum-traumjob\/#article","isPartOf":{"@id":"https:\/\/www.euroakademie.de\/magazin\/mit-klugen-fragen-im-vorstellungsgespraech-zum-traumjob\/"},"author":{"name":"Tanja H\u00f6fling","@id":"https:\/\/www.euroakademie.de\/magazin\/#\/schema\/person\/2c0d3896d19e86373c87f4ac022d4919"},"headline":"Mit klugen Fragen im Vorstellungsgespr\u00e4ch zum Traumjob","datePublished":"2018-03-01T10:12:31+00:00","dateModified":"2018-03-01T10:12:31+00:00","mainEntityOfPage":{"@id":"https:\/\/www.euroakademie.de\/magazin\/mit-klugen-fragen-im-vorstellungsgespraech-zum-traumjob\/"},"wordCount":641,"publisher":{"@id":"https:\/\/www.euroakademie.de\/magazin\/#organization"},"image":{"@id":"https:\/\/www.euroakademie.de\/magazin\/mit-klugen-fragen-im-vorstellungsgespraech-zum-traumjob\/#primaryimage"},"thumbnailUrl":"https:\/\/www.euroakademie.de\/magazin\/wp-content\/uploads\/2018\/03\/shutterstock_405030349_702x336_web.jpg","keywords":["Arbeitszeiten","Bewerbung","Bewerbungsgespr\u00e4ch","Chef","Engagement","Fragen","Interesse","Jobinterview","Team","Vorstellungsgespr\u00e4ch"],"articleSection":["Karriere","Tipps &amp; Tricks"],"inLanguage":"de"},{"@type":"WebPage","@id":"https:\/\/www.euroakademie.de\/magazin\/mit-klugen-fragen-im-vorstellungsgespraech-zum-traumjob\/","url":"https:\/\/www.euroakademie.de\/magazin\/mit-klugen-fragen-im-vorstellungsgespraech-zum-traumjob\/","name":"Mit klugen Fragen zum Traumjob \/ Euro Akademie Magazin","isPartOf":{"@id":"https:\/\/www.euroakademie.de\/magazin\/#website"},"primaryImageOfPage":{"@id":"https:\/\/www.euroakademie.de\/magazin\/mit-klugen-fragen-im-vorstellungsgespraech-zum-traumjob\/#primaryimage"},"image":{"@id":"https:\/\/www.euroakademie.de\/magazin\/mit-klugen-fragen-im-vorstellungsgespraech-zum-traumjob\/#primaryimage"},"thumbnailUrl":"https:\/\/www.euroakademie.de\/magazin\/wp-content\/uploads\/2018\/03\/shutterstock_405030349_702x336_web.jpg","datePublished":"2018-03-01T10:12:31+00:00","dateModified":"2018-03-01T10:12:31+00:00","description":"Im Vorstellungsgespr\u00e4ch sitzen Sie auf dem Pr\u00e4sentierteller. Deshalb haben Sie sich gut darauf vorbereitet, was Ihr zuk\u00fcnftiger Arbeitgeber von Ihnen wissen m\u00f6chte. Vergessen Sie aber nicht, sich selbst auch einige Fragen zu \u00fcberlegen.\u00a0","breadcrumb":{"@id":"https:\/\/www.euroakademie.de\/magazin\/mit-klugen-fragen-im-vorstellungsgespraech-zum-traumjob\/#breadcrumb"},"inLanguage":"de","potentialAction":[{"@type":"ReadAction","target":["https:\/\/www.euroakademie.de\/magazin\/mit-klugen-fragen-im-vorstellungsgespraech-zum-traumjob\/"]}]},{"@type":"ImageObject","inLanguage":"de","@id":"https:\/\/www.euroakademie.de\/magazin\/mit-klugen-fragen-im-vorstellungsgespraech-zum-traumjob\/#primaryimage","url":"https:\/\/www.euroakademie.de\/magazin\/wp-content\/uploads\/2018\/03\/shutterstock_405030349_702x336_web.jpg","contentUrl":"https:\/\/www.euroakademie.de\/magazin\/wp-content\/uploads\/2018\/03\/shutterstock_405030349_702x336_web.jpg","width":702,"height":336,"caption":""},{"@type":"BreadcrumbList","@id":"https:\/\/www.euroakademie.de\/magazin\/mit-klugen-fragen-im-vorstellungsgespraech-zum-traumjob\/#breadcrumb","itemListElement":[{"@type":"ListItem","position":1,"name":"Startseite","item":"https:\/\/www.euroakademie.de\/magazin\/"},{"@type":"ListItem","position":2,"name":"Mit klugen Fragen im Vorstellungsgespr\u00e4ch zum Traumjob"}]},{"@type":"WebSite","@id":"https:\/\/www.euroakademie.de\/magazin\/#website","url":"https:\/\/www.euroakademie.de\/magazin\/","name":"Das Euro Akademie Magazin","description":"Gut informiert durch Ausbildung und Studium","publisher":{"@id":"https:\/\/www.euroakademie.de\/magazin\/#organization"},"potentialAction":[{"@type":"SearchAction","target":{"@type":"EntryPoint","urlTemplate":"https:\/\/www.euroakademie.de\/magazin\/?s={search_term_string}"},"query-input":{"@type":"PropertyValueSpecification","valueRequired":true,"valueName":"search_term_string"}}],"inLanguage":"de"},{"@type":"Organization","@id":"https:\/\/www.euroakademie.de\/magazin\/#organization","name":"ESO Education Group","url":"https:\/\/www.euroakademie.de\/magazin\/","logo":{"@type":"ImageObject","inLanguage":"de","@id":"https:\/\/www.euroakademie.de\/magazin\/#\/schema\/logo\/image\/","url":"https:\/\/relaunch.euroakademie.de\/magazin\/wp-content\/uploads\/2024\/11\/Logo_EA_negativ_Rahmen_5cm_300dpi_RGB.jpg","contentUrl":"https:\/\/relaunch.euroakademie.de\/magazin\/wp-content\/uploads\/2024\/11\/Logo_EA_negativ_Rahmen_5cm_300dpi_RGB.jpg","width":591,"height":236,"caption":"ESO Education Group"},"image":{"@id":"https:\/\/www.euroakademie.de\/magazin\/#\/schema\/logo\/image\/"}},{"@type":"Person","@id":"https:\/\/www.euroakademie.de\/magazin\/#\/schema\/person\/2c0d3896d19e86373c87f4ac022d4919","name":"Tanja H\u00f6fling","description":"Von Juli 2017 bis Juli 2022 informierte die ehemalige Online-Redakteurin des Euro Akademie Magazins regelm\u00e4\u00dfig \u00fcber Aktuelles und Wissenswertes zu den Themen Ausbildung, Studium und Beruf.","url":"https:\/\/www.euroakademie.de\/magazin\/author\/hoeflingt\/"}]}},"_links":{"self":[{"href":"https:\/\/www.euroakademie.de\/magazin\/wp-json\/wp\/v2\/posts\/6844","targetHints":{"allow":["GET"]}}],"collection":[{"href":"https:\/\/www.euroakademie.de\/magazin\/wp-json\/wp\/v2\/posts"}],"about":[{"href":"https:\/\/www.euroakademie.de\/magazin\/wp-json\/wp\/v2\/types\/post"}],"author":[{"embeddable":true,"href":"https:\/\/www.euroakademie.de\/magazin\/wp-json\/wp\/v2\/users\/58"}],"replies":[{"embeddable":true,"href":"https:\/\/www.euroakademie.de\/magazin\/wp-json\/wp\/v2\/comments?post=6844"}],"version-history":[{"count":0,"href":"https:\/\/www.euroakademie.de\/magazin\/wp-json\/wp\/v2\/posts\/6844\/revisions"}],"wp:featuredmedia":[{"embeddable":true,"href":"https:\/\/www.euroakademie.de\/magazin\/wp-json\/wp\/v2\/media\/6847"}],"wp:attachment":[{"href":"https:\/\/www.euroakademie.de\/magazin\/wp-json\/wp\/v2\/media?parent=6844"}],"wp:term":[{"taxonomy":"category","embeddable":true,"href":"https:\/\/www.euroakademie.de\/magazin\/wp-json\/wp\/v2\/categories?post=6844"},{"taxonomy":"post_tag","embeddable":true,"href":"https:\/\/www.euroakademie.de\/magazin\/wp-json\/wp\/v2\/tags?post=6844"}],"curies":[{"name":"wp","href":"https:\/\/api.w.org\/{rel}","templated":true}]}}