{"id":6848,"date":"2018-03-05T12:04:37","date_gmt":"2018-03-05T11:04:37","guid":{"rendered":"https:\/\/www.euroakademie.de\/magazin\/?p=6848"},"modified":"2018-03-05T12:04:37","modified_gmt":"2018-03-05T11:04:37","slug":"inverted-classroom-ende-des-frontalunterrichts","status":"publish","type":"post","link":"https:\/\/www.euroakademie.de\/magazin\/inverted-classroom-ende-des-frontalunterrichts\/","title":{"rendered":"Linktipp: Inverted Classroom \u2013 das Ende des Frontalunterrichts?"},"content":{"rendered":"<p>\t\t\t\t<![CDATA[<strong>Beim Inverted Classroom wird der Unterricht einfach umgedreht. Das Konzept baut darauf, dass Sch\u00fcler den Stoff zu Hause besser lernen. Der Unterricht dient vor allem zur Vertiefung der Lerninhalte. Ist der Inverted Classroom die Unterrichtsform der Zukunft?<\/strong>\n\nJeder Mensch hat ein individuelles Lerntempo. Wem Mathe leicht f\u00e4llt, beherrscht die binomischen Formeln bereits nach einmaliger Erkl\u00e4rung, w\u00e4hrend andere daf\u00fcr mehrere Anl\u00e4ufe brauchen. Im herk\u00f6mmlichen Frontalunterricht kann die Geschwindigkeit des Lernstoffs zwar etwas angepasst werden, wird aber niemandem gerecht. Der Matheprofi wird ausgebremst \u2013 Sch\u00fcler, die Unterst\u00fctzung brauchen, hinken hinterher.\n\n\n<h2>Zu Hause lernen \u2013 im Unterricht \u00fcben<\/h2>\n\n\nBeim Inverted Classroom, auch Flipped Classroom genannt, stellt der Lehrer Lerninhalte digital in Form von Erkl\u00e4rvideos zur Verf\u00fcgung. Die Lernenden eignen sich den Stoff zu Hause selbstst\u00e4ndig an, um ihn in der Schule gemeinsam mit dem Lehrer zu vertiefen. Das hat den Vorteil, dass jeder in seinem eigenen Rhythmus lernen kann und Pausen individuell gestaltet werden. N\u00e4mlich dann, wenn die Aufmerksamkeit nachl\u00e4sst.\n\nAu\u00dferdem haften Lerninhalte, die Sie sich selbst angeeignet haben, am besten im Ged\u00e4chtnis. In Schulstunden und Vorlesungen bleibt viel Zeit f\u00fcr \u00dcbungen, Diskussionen und Vertiefung des Gelernten. Sie setzen sich also zweimal aktiv mit dem Stoff auseinander \u2013 zuerst alleine und dann in der Gruppe. Beim \u00dcben erkennt der <a href=\"https:\/\/www.euroakademie.de\/magazin\/linktipp-schueler-boom\/\">Lehrer <\/a>schnell, an welcher Stelle Unklarheiten bestehen und kann hier gezielt unterst\u00fctzen.\n\n\n<h2>Hohe Eigenverantwortung bei selbstst\u00e4ndiger Zeiteinteilung<\/h2>\n\n\nDie meisten von uns sind an den Frontalunterricht gew\u00f6hnt \u2013 auf eine neue Form der Wissensvermittlung m\u00fcssen sich Lehrende wie Lernende erst einstellen. Inverted Classrooms setzen auf eine hohe Eigenverantwortung der Sch\u00fcler und Studenten. Die Lernenden bereiten sich v\u00f6llig selbstst\u00e4ndig \u2013 orts- und zeitunabh\u00e4ngig \u2013 auf den n\u00e4chsten Unterricht vor. Wer allerdings schlecht auf die n\u00e4chste Stunde vorbereitet ist, profitiert kaum von der Vertiefung innerhalb des Unterrichts und bremst die anderen aus.\n\nEine weitere wichtige Voraussetzung, damit die Methode gelingen kann, ist eine gleichwertige technische Ausstattung aller Sch\u00fcler oder Studenten, damit keine Vor- oder Nachteile f\u00fcr einzelne Lernende entstehen. Mehr \u00fcber das Konzept der Inverted Classrooms erfahren Sie auf dem Portal <a href=\"https:\/\/www.e-teaching.org\/lehrszenarien\/vorlesung\/inverted_classroom\" target=\"_blank\" rel=\"noopener\">e-teaching.org<\/a>, einem Angebot des Leibniz-Instituts f\u00fcr Wissensmedien (IWM) in T\u00fcbingen.]]>\t\t<\/p>\n","protected":false},"excerpt":{"rendered":"<p>\t\t\t\t<![CDATA[]]>\t\t<\/p>\n","protected":false},"author":7,"featured_media":6851,"comment_status":"closed","ping_status":"closed","sticky":false,"template":"","format":"standard","meta":{"footnotes":""},"categories":[139],"tags":[2527,3019,3238,4267,5113,5176,7261,7966,8848],"class_list":{"0":"post-6848","1":"post","2":"type-post","3":"status-publish","4":"format-standard","5":"has-post-thumbnail","7":"category-lesetipps","8":"tag-erklaervideos","9":"tag-flipped-classroom","10":"tag-frontalunterricht","11":"tag-inverted-classroom","12":"tag-lehrer","13":"tag-lernen","14":"tag-schueler","15":"tag-studenten","16":"tag-videos"},"yoast_head":"<!-- This site is optimized with the Yoast SEO plugin v23.5 - https:\/\/yoast.com\/wordpress\/plugins\/seo\/ -->\n<title>Inverted Classroom \u2013 Ende des Frontalunterrichts?\/Euro Akademie Magazin<\/title>\n<meta name=\"description\" content=\"Beim Inverted Classroom wird der Unterricht einfach umgedreht. Das Konzept baut darauf, dass Sch\u00fcler den Stoff zu Hause besser lernen. Im Unterricht werden die Lerninhalte anschlie\u00dfend vertieft. Ist der Inverted Classroom die Unterrichtsform der Zukunft?\" \/>\n<meta name=\"robots\" content=\"index, follow, max-snippet:-1, max-image-preview:large, max-video-preview:-1\" \/>\n<link rel=\"canonical\" href=\"https:\/\/www.euroakademie.de\/magazin\/inverted-classroom-ende-des-frontalunterrichts\/\" \/>\n<meta property=\"og:locale\" content=\"de_DE\" \/>\n<meta property=\"og:type\" content=\"article\" \/>\n<meta property=\"og:title\" content=\"Inverted Classroom \u2013 Ende des Frontalunterrichts?\/Euro Akademie Magazin\" \/>\n<meta property=\"og:description\" content=\"Beim Inverted Classroom wird der Unterricht einfach umgedreht. Das Konzept baut darauf, dass Sch\u00fcler den Stoff zu Hause besser lernen. Im Unterricht werden die Lerninhalte anschlie\u00dfend vertieft. Ist der Inverted Classroom die Unterrichtsform der Zukunft?\" \/>\n<meta property=\"og:url\" content=\"https:\/\/www.euroakademie.de\/magazin\/inverted-classroom-ende-des-frontalunterrichts\/\" \/>\n<meta property=\"og:site_name\" content=\"Das Euro Akademie Magazin\" \/>\n<meta property=\"article:published_time\" content=\"2018-03-05T11:04:37+00:00\" \/>\n<meta property=\"og:image\" content=\"https:\/\/www.euroakademie.de\/magazin\/wp-content\/uploads\/2018\/03\/shutterstock_244059409_702x336_web.jpg\" \/>\n\t<meta property=\"og:image:width\" content=\"702\" \/>\n\t<meta property=\"og:image:height\" content=\"336\" \/>\n\t<meta property=\"og:image:type\" content=\"image\/jpeg\" \/>\n<meta name=\"author\" content=\"Redaktion\" \/>\n<meta name=\"twitter:card\" content=\"summary_large_image\" \/>\n<meta name=\"twitter:label1\" content=\"Verfasst von\" \/>\n\t<meta name=\"twitter:data1\" content=\"Redaktion\" \/>\n\t<meta name=\"twitter:label2\" content=\"Gesch\u00e4tzte Lesezeit\" \/>\n\t<meta name=\"twitter:data2\" content=\"2\u00a0Minuten\" \/>\n<script type=\"application\/ld+json\" class=\"yoast-schema-graph\">{\"@context\":\"https:\/\/schema.org\",\"@graph\":[{\"@type\":\"Article\",\"@id\":\"https:\/\/www.euroakademie.de\/magazin\/inverted-classroom-ende-des-frontalunterrichts\/#article\",\"isPartOf\":{\"@id\":\"https:\/\/www.euroakademie.de\/magazin\/inverted-classroom-ende-des-frontalunterrichts\/\"},\"author\":{\"name\":\"Redaktion\",\"@id\":\"https:\/\/www.euroakademie.de\/magazin\/#\/schema\/person\/6c9b7b6db765ee31640d80c936be3686\"},\"headline\":\"Linktipp: Inverted Classroom \u2013 das Ende des Frontalunterrichts?\",\"datePublished\":\"2018-03-05T11:04:37+00:00\",\"dateModified\":\"2018-03-05T11:04:37+00:00\",\"mainEntityOfPage\":{\"@id\":\"https:\/\/www.euroakademie.de\/magazin\/inverted-classroom-ende-des-frontalunterrichts\/\"},\"wordCount\":377,\"publisher\":{\"@id\":\"https:\/\/www.euroakademie.de\/magazin\/#organization\"},\"image\":{\"@id\":\"https:\/\/www.euroakademie.de\/magazin\/inverted-classroom-ende-des-frontalunterrichts\/#primaryimage\"},\"thumbnailUrl\":\"https:\/\/www.euroakademie.de\/magazin\/wp-content\/uploads\/2018\/03\/shutterstock_244059409_702x336_web.jpg\",\"keywords\":[\"Erkl\u00e4rvideos\",\"Flipped Classroom\",\"Frontalunterricht\",\"Inverted Classroom\",\"Lehrer\",\"Lernen\",\"Sch\u00fcler\",\"Studenten\",\"Videos\"],\"articleSection\":[\"Link- und Lesetipps\"],\"inLanguage\":\"de\"},{\"@type\":\"WebPage\",\"@id\":\"https:\/\/www.euroakademie.de\/magazin\/inverted-classroom-ende-des-frontalunterrichts\/\",\"url\":\"https:\/\/www.euroakademie.de\/magazin\/inverted-classroom-ende-des-frontalunterrichts\/\",\"name\":\"Inverted Classroom \u2013 Ende des Frontalunterrichts?\/Euro Akademie Magazin\",\"isPartOf\":{\"@id\":\"https:\/\/www.euroakademie.de\/magazin\/#website\"},\"primaryImageOfPage\":{\"@id\":\"https:\/\/www.euroakademie.de\/magazin\/inverted-classroom-ende-des-frontalunterrichts\/#primaryimage\"},\"image\":{\"@id\":\"https:\/\/www.euroakademie.de\/magazin\/inverted-classroom-ende-des-frontalunterrichts\/#primaryimage\"},\"thumbnailUrl\":\"https:\/\/www.euroakademie.de\/magazin\/wp-content\/uploads\/2018\/03\/shutterstock_244059409_702x336_web.jpg\",\"datePublished\":\"2018-03-05T11:04:37+00:00\",\"dateModified\":\"2018-03-05T11:04:37+00:00\",\"description\":\"Beim Inverted Classroom wird der Unterricht einfach umgedreht. Das Konzept baut darauf, dass Sch\u00fcler den Stoff zu Hause besser lernen. Im Unterricht werden die Lerninhalte anschlie\u00dfend vertieft. Ist der Inverted Classroom die Unterrichtsform der Zukunft?\",\"breadcrumb\":{\"@id\":\"https:\/\/www.euroakademie.de\/magazin\/inverted-classroom-ende-des-frontalunterrichts\/#breadcrumb\"},\"inLanguage\":\"de\",\"potentialAction\":[{\"@type\":\"ReadAction\",\"target\":[\"https:\/\/www.euroakademie.de\/magazin\/inverted-classroom-ende-des-frontalunterrichts\/\"]}]},{\"@type\":\"ImageObject\",\"inLanguage\":\"de\",\"@id\":\"https:\/\/www.euroakademie.de\/magazin\/inverted-classroom-ende-des-frontalunterrichts\/#primaryimage\",\"url\":\"https:\/\/www.euroakademie.de\/magazin\/wp-content\/uploads\/2018\/03\/shutterstock_244059409_702x336_web.jpg\",\"contentUrl\":\"https:\/\/www.euroakademie.de\/magazin\/wp-content\/uploads\/2018\/03\/shutterstock_244059409_702x336_web.jpg\",\"width\":702,\"height\":336,\"caption\":\"\"},{\"@type\":\"BreadcrumbList\",\"@id\":\"https:\/\/www.euroakademie.de\/magazin\/inverted-classroom-ende-des-frontalunterrichts\/#breadcrumb\",\"itemListElement\":[{\"@type\":\"ListItem\",\"position\":1,\"name\":\"Startseite\",\"item\":\"https:\/\/www.euroakademie.de\/magazin\/\"},{\"@type\":\"ListItem\",\"position\":2,\"name\":\"Linktipp: Inverted Classroom \u2013 das Ende des Frontalunterrichts?\"}]},{\"@type\":\"WebSite\",\"@id\":\"https:\/\/www.euroakademie.de\/magazin\/#website\",\"url\":\"https:\/\/www.euroakademie.de\/magazin\/\",\"name\":\"Das Euro Akademie Magazin\",\"description\":\"Gut informiert durch Ausbildung und Studium\",\"publisher\":{\"@id\":\"https:\/\/www.euroakademie.de\/magazin\/#organization\"},\"potentialAction\":[{\"@type\":\"SearchAction\",\"target\":{\"@type\":\"EntryPoint\",\"urlTemplate\":\"https:\/\/www.euroakademie.de\/magazin\/?s={search_term_string}\"},\"query-input\":{\"@type\":\"PropertyValueSpecification\",\"valueRequired\":true,\"valueName\":\"search_term_string\"}}],\"inLanguage\":\"de\"},{\"@type\":\"Organization\",\"@id\":\"https:\/\/www.euroakademie.de\/magazin\/#organization\",\"name\":\"ESO Education Group\",\"url\":\"https:\/\/www.euroakademie.de\/magazin\/\",\"logo\":{\"@type\":\"ImageObject\",\"inLanguage\":\"de\",\"@id\":\"https:\/\/www.euroakademie.de\/magazin\/#\/schema\/logo\/image\/\",\"url\":\"https:\/\/relaunch.euroakademie.de\/magazin\/wp-content\/uploads\/2024\/11\/Logo_EA_negativ_Rahmen_5cm_300dpi_RGB.jpg\",\"contentUrl\":\"https:\/\/relaunch.euroakademie.de\/magazin\/wp-content\/uploads\/2024\/11\/Logo_EA_negativ_Rahmen_5cm_300dpi_RGB.jpg\",\"width\":591,\"height\":236,\"caption\":\"ESO Education Group\"},\"image\":{\"@id\":\"https:\/\/www.euroakademie.de\/magazin\/#\/schema\/logo\/image\/\"}},{\"@type\":\"Person\",\"@id\":\"https:\/\/www.euroakademie.de\/magazin\/#\/schema\/person\/6c9b7b6db765ee31640d80c936be3686\",\"name\":\"Redaktion\",\"description\":\"Die Redaktion des Euro Akademie Magazins h\u00e4lt Sie regelm\u00e4\u00dfig mit hintergr\u00fcndigen Artikeln auf dem Laufenden. Auf Basis einer fundierten Recherche und mit Spa\u00df am Schreiben erstellen die Redakteur*innen informative und unterhaltsame Inhalte f\u00fcr Sie.\",\"url\":\"https:\/\/www.euroakademie.de\/magazin\/author\/redaktion\/\"}]}<\/script>\n<!-- \/ Yoast SEO plugin. -->","yoast_head_json":{"title":"Inverted Classroom \u2013 Ende des Frontalunterrichts?\/Euro Akademie Magazin","description":"Beim Inverted Classroom wird der Unterricht einfach umgedreht. Das Konzept baut darauf, dass Sch\u00fcler den Stoff zu Hause besser lernen. Im Unterricht werden die Lerninhalte anschlie\u00dfend vertieft. Ist der Inverted Classroom die Unterrichtsform der Zukunft?","robots":{"index":"index","follow":"follow","max-snippet":"max-snippet:-1","max-image-preview":"max-image-preview:large","max-video-preview":"max-video-preview:-1"},"canonical":"https:\/\/www.euroakademie.de\/magazin\/inverted-classroom-ende-des-frontalunterrichts\/","og_locale":"de_DE","og_type":"article","og_title":"Inverted Classroom \u2013 Ende des Frontalunterrichts?\/Euro Akademie Magazin","og_description":"Beim Inverted Classroom wird der Unterricht einfach umgedreht. Das Konzept baut darauf, dass Sch\u00fcler den Stoff zu Hause besser lernen. Im Unterricht werden die Lerninhalte anschlie\u00dfend vertieft. Ist der Inverted Classroom die Unterrichtsform der Zukunft?","og_url":"https:\/\/www.euroakademie.de\/magazin\/inverted-classroom-ende-des-frontalunterrichts\/","og_site_name":"Das Euro Akademie Magazin","article_published_time":"2018-03-05T11:04:37+00:00","og_image":[{"width":702,"height":336,"url":"https:\/\/www.euroakademie.de\/magazin\/wp-content\/uploads\/2018\/03\/shutterstock_244059409_702x336_web.jpg","type":"image\/jpeg"}],"author":"Redaktion","twitter_card":"summary_large_image","twitter_misc":{"Verfasst von":"Redaktion","Gesch\u00e4tzte Lesezeit":"2\u00a0Minuten"},"schema":{"@context":"https:\/\/schema.org","@graph":[{"@type":"Article","@id":"https:\/\/www.euroakademie.de\/magazin\/inverted-classroom-ende-des-frontalunterrichts\/#article","isPartOf":{"@id":"https:\/\/www.euroakademie.de\/magazin\/inverted-classroom-ende-des-frontalunterrichts\/"},"author":{"name":"Redaktion","@id":"https:\/\/www.euroakademie.de\/magazin\/#\/schema\/person\/6c9b7b6db765ee31640d80c936be3686"},"headline":"Linktipp: Inverted Classroom \u2013 das Ende des Frontalunterrichts?","datePublished":"2018-03-05T11:04:37+00:00","dateModified":"2018-03-05T11:04:37+00:00","mainEntityOfPage":{"@id":"https:\/\/www.euroakademie.de\/magazin\/inverted-classroom-ende-des-frontalunterrichts\/"},"wordCount":377,"publisher":{"@id":"https:\/\/www.euroakademie.de\/magazin\/#organization"},"image":{"@id":"https:\/\/www.euroakademie.de\/magazin\/inverted-classroom-ende-des-frontalunterrichts\/#primaryimage"},"thumbnailUrl":"https:\/\/www.euroakademie.de\/magazin\/wp-content\/uploads\/2018\/03\/shutterstock_244059409_702x336_web.jpg","keywords":["Erkl\u00e4rvideos","Flipped Classroom","Frontalunterricht","Inverted Classroom","Lehrer","Lernen","Sch\u00fcler","Studenten","Videos"],"articleSection":["Link- und Lesetipps"],"inLanguage":"de"},{"@type":"WebPage","@id":"https:\/\/www.euroakademie.de\/magazin\/inverted-classroom-ende-des-frontalunterrichts\/","url":"https:\/\/www.euroakademie.de\/magazin\/inverted-classroom-ende-des-frontalunterrichts\/","name":"Inverted Classroom \u2013 Ende des Frontalunterrichts?\/Euro Akademie Magazin","isPartOf":{"@id":"https:\/\/www.euroakademie.de\/magazin\/#website"},"primaryImageOfPage":{"@id":"https:\/\/www.euroakademie.de\/magazin\/inverted-classroom-ende-des-frontalunterrichts\/#primaryimage"},"image":{"@id":"https:\/\/www.euroakademie.de\/magazin\/inverted-classroom-ende-des-frontalunterrichts\/#primaryimage"},"thumbnailUrl":"https:\/\/www.euroakademie.de\/magazin\/wp-content\/uploads\/2018\/03\/shutterstock_244059409_702x336_web.jpg","datePublished":"2018-03-05T11:04:37+00:00","dateModified":"2018-03-05T11:04:37+00:00","description":"Beim Inverted Classroom wird der Unterricht einfach umgedreht. Das Konzept baut darauf, dass Sch\u00fcler den Stoff zu Hause besser lernen. Im Unterricht werden die Lerninhalte anschlie\u00dfend vertieft. Ist der Inverted Classroom die Unterrichtsform der Zukunft?","breadcrumb":{"@id":"https:\/\/www.euroakademie.de\/magazin\/inverted-classroom-ende-des-frontalunterrichts\/#breadcrumb"},"inLanguage":"de","potentialAction":[{"@type":"ReadAction","target":["https:\/\/www.euroakademie.de\/magazin\/inverted-classroom-ende-des-frontalunterrichts\/"]}]},{"@type":"ImageObject","inLanguage":"de","@id":"https:\/\/www.euroakademie.de\/magazin\/inverted-classroom-ende-des-frontalunterrichts\/#primaryimage","url":"https:\/\/www.euroakademie.de\/magazin\/wp-content\/uploads\/2018\/03\/shutterstock_244059409_702x336_web.jpg","contentUrl":"https:\/\/www.euroakademie.de\/magazin\/wp-content\/uploads\/2018\/03\/shutterstock_244059409_702x336_web.jpg","width":702,"height":336,"caption":""},{"@type":"BreadcrumbList","@id":"https:\/\/www.euroakademie.de\/magazin\/inverted-classroom-ende-des-frontalunterrichts\/#breadcrumb","itemListElement":[{"@type":"ListItem","position":1,"name":"Startseite","item":"https:\/\/www.euroakademie.de\/magazin\/"},{"@type":"ListItem","position":2,"name":"Linktipp: Inverted Classroom \u2013 das Ende des Frontalunterrichts?"}]},{"@type":"WebSite","@id":"https:\/\/www.euroakademie.de\/magazin\/#website","url":"https:\/\/www.euroakademie.de\/magazin\/","name":"Das Euro Akademie Magazin","description":"Gut informiert durch Ausbildung und Studium","publisher":{"@id":"https:\/\/www.euroakademie.de\/magazin\/#organization"},"potentialAction":[{"@type":"SearchAction","target":{"@type":"EntryPoint","urlTemplate":"https:\/\/www.euroakademie.de\/magazin\/?s={search_term_string}"},"query-input":{"@type":"PropertyValueSpecification","valueRequired":true,"valueName":"search_term_string"}}],"inLanguage":"de"},{"@type":"Organization","@id":"https:\/\/www.euroakademie.de\/magazin\/#organization","name":"ESO Education Group","url":"https:\/\/www.euroakademie.de\/magazin\/","logo":{"@type":"ImageObject","inLanguage":"de","@id":"https:\/\/www.euroakademie.de\/magazin\/#\/schema\/logo\/image\/","url":"https:\/\/relaunch.euroakademie.de\/magazin\/wp-content\/uploads\/2024\/11\/Logo_EA_negativ_Rahmen_5cm_300dpi_RGB.jpg","contentUrl":"https:\/\/relaunch.euroakademie.de\/magazin\/wp-content\/uploads\/2024\/11\/Logo_EA_negativ_Rahmen_5cm_300dpi_RGB.jpg","width":591,"height":236,"caption":"ESO Education Group"},"image":{"@id":"https:\/\/www.euroakademie.de\/magazin\/#\/schema\/logo\/image\/"}},{"@type":"Person","@id":"https:\/\/www.euroakademie.de\/magazin\/#\/schema\/person\/6c9b7b6db765ee31640d80c936be3686","name":"Redaktion","description":"Die Redaktion des Euro Akademie Magazins h\u00e4lt Sie regelm\u00e4\u00dfig mit hintergr\u00fcndigen Artikeln auf dem Laufenden. Auf Basis einer fundierten Recherche und mit Spa\u00df am Schreiben erstellen die Redakteur*innen informative und unterhaltsame Inhalte f\u00fcr Sie.","url":"https:\/\/www.euroakademie.de\/magazin\/author\/redaktion\/"}]}},"_links":{"self":[{"href":"https:\/\/www.euroakademie.de\/magazin\/wp-json\/wp\/v2\/posts\/6848","targetHints":{"allow":["GET"]}}],"collection":[{"href":"https:\/\/www.euroakademie.de\/magazin\/wp-json\/wp\/v2\/posts"}],"about":[{"href":"https:\/\/www.euroakademie.de\/magazin\/wp-json\/wp\/v2\/types\/post"}],"author":[{"embeddable":true,"href":"https:\/\/www.euroakademie.de\/magazin\/wp-json\/wp\/v2\/users\/7"}],"replies":[{"embeddable":true,"href":"https:\/\/www.euroakademie.de\/magazin\/wp-json\/wp\/v2\/comments?post=6848"}],"version-history":[{"count":0,"href":"https:\/\/www.euroakademie.de\/magazin\/wp-json\/wp\/v2\/posts\/6848\/revisions"}],"wp:featuredmedia":[{"embeddable":true,"href":"https:\/\/www.euroakademie.de\/magazin\/wp-json\/wp\/v2\/media\/6851"}],"wp:attachment":[{"href":"https:\/\/www.euroakademie.de\/magazin\/wp-json\/wp\/v2\/media?parent=6848"}],"wp:term":[{"taxonomy":"category","embeddable":true,"href":"https:\/\/www.euroakademie.de\/magazin\/wp-json\/wp\/v2\/categories?post=6848"},{"taxonomy":"post_tag","embeddable":true,"href":"https:\/\/www.euroakademie.de\/magazin\/wp-json\/wp\/v2\/tags?post=6848"}],"curies":[{"name":"wp","href":"https:\/\/api.w.org\/{rel}","templated":true}]}}