{"id":7457,"date":"2018-05-07T12:47:40","date_gmt":"2018-05-07T10:47:40","guid":{"rendered":"https:\/\/www.euroakademie.de\/magazin\/?p=7457"},"modified":"2024-11-19T15:33:17","modified_gmt":"2024-11-19T14:33:17","slug":"digitalisierung-in-der-pflege","status":"publish","type":"post","link":"https:\/\/www.euroakademie.de\/magazin\/digitalisierung-in-der-pflege\/","title":{"rendered":"Linktipp: Digitalisierung in der Pflege aus Sicht der Fachkr\u00e4fte"},"content":{"rendered":"<p>\t\t\t\t<![CDATA[<strong>Wie kann man die Digitalisierung nutzen, um den Alltag von Pflegekr\u00e4ften ges\u00fcnder und selbstbestimmter zu gestalten? Wo k\u00f6nnen Technik und Vernetzung die Arbeitsprozesse in der Pflege erleichtern?<\/strong>\n\nDie Offensive \u201eGesund Pflegen\u201c und die Berufsgenossenschaft f\u00fcr Gesundheitsdienst und Wohlfahrtspflege haben sich intensiv mit der Digitalisierung in der Pflege auseinandergesetzt. Das Ergebnis: eine Brosch\u00fcre, die einen Einblick in die M\u00f6glichkeiten und Herausforderungen der Digitalisierung im Pflegebereich aus Sicht der Fachkr\u00e4fte gibt.\n\nGanz nach dem Grundsatz \u201eDie Technik dient dem Menschen, nicht der Mensch der Technik\u201c, haben sich die Macher der aktuellen Studie an den Bed\u00fcrfnissen und dem Arbeitsalltag der professionell Pflegenden orientiert. Die Frage lautete also nicht, was ist alles machbar \u2013 sondern, wie k\u00f6nnen wir die Digitalisierung in der Pflege so nutzen, dass Fachkr\u00e4fte und Patienten davon profitieren?\n\n\n<h2>Vom Videochat bis zum Ortungssystem<\/h2>\n\n\nEin Videochat mit der \u00c4rztin, die erst am Nachmittag im Seniorenheim erscheinen kann, ist schon heute kein Science-Fiction-Szenario mehr. \u00dcber digitale Kommunikationskan\u00e4le k\u00f6nnen Pflegekr\u00e4fte und \u00c4rzte bei Bedarf sofort miteinander kommunizieren und so schnelle Entscheidungen f\u00fcr den Patienten treffen.\n\nHerr H. ist dement. Er findet sich nur noch schlecht alleine zurecht, daher tr\u00e4gt er immer einen Sender in Form einer Armbanduhr bei sich. Wenn Herr H. nicht auf seinem Zimmer oder im Aufenthaltsraum ist, kann die Pflegekraft seinen Standort ganz einfach \u00fcber das Ortungssystem bestimmen. Das sch\u00fctzt den <a href=\"https:\/\/www.euroakademie.de\/magazin\/welt-alzheimertag-2017\/\">Demenzkranken<\/a> und erspart den <a href=\"https:\/\/www.euroakademie.de\/details\/AL____RGG_Q18S_1\/Altenpflegehelferin---staatlich-anerkannt\" target=\"_blank\" rel=\"noopener\">Altenpflegern<\/a> eine nervenaufreibende und lange Suche nach ihm.\n\nEs gibt viele weitere Beispiele f\u00fcr den Einsatz von technischen Hilfs-, Kommunikations- und Dokumentationsmitteln im Pflegebereich. In der aktuellen <a href=\"https:\/\/www.inqa.de\/DE\/themen\/kompetenz\/digitalisierung-der-arbeitswelt\/digitalisierung-am-arbeitsplatz.html\" target=\"_blank\" rel=\"noopener\">Brosch\u00fcre \u201eDigitalisierung in der Pflege\u201c<\/a> wurden vier Anwendungsfelder f\u00fcr den Einsatz von Technik definiert.\n\n\n<h2>Vier Einsatzbereiche digitaler Technik in der Pflege<\/h2>\n\n\n\n\n<ol>\n \t\n\n<li><strong>Elektronische Pflegedokumentation<\/strong>\nDaten der Patienten sind an jedem Ort der Einrichtung sofort verf\u00fcgbar. Die Pflege einer Vielzahl separater Formulare f\u00e4llt weg.<\/li>\n\n\n \t\n\n<li><strong>Technische Assistenzsysteme<\/strong>\nDie M\u00f6glichkeiten technischer Assistenzsysteme reichen vom Sturzdetektor bis hin zur automatischen Herdabschaltung.<\/li>\n\n\n \t\n\n<li><strong>Telecare<\/strong>\nGerade in l\u00e4ndlichen Gebieten ist ein Arzt oft nicht gleich vor Ort. In diesem Fall k\u00f6nnen erste diagnostische und therapeutische Ma\u00dfnahmen \u00fcber digitale Kommunikation, beispielsweise \u00fcber Videochat, getroffen werden.<\/li>\n\n\n \t\n\n<li><strong>Robotic<\/strong>\nGemeint sind Systeme, die pflegerische T\u00e4tigkeiten unterst\u00fctzen. Roboter k\u00f6nnen zum Beispiel Medikamente und W\u00e4sche transportieren oder bettl\u00e4gerige Patienten bewegen.<\/li>\n\n\n<\/ol>\n\n\nNun k\u00f6nnte man meinen, Pflegekr\u00e4fte seien nicht besonders aufgeschlossen gegen\u00fcber neuen Technologien. Umfragen unter den professionell Pflegenden zeigten jedoch etwas anderes. Der Einsatz von digitaler Technik in der Pflege ist durchaus erw\u00fcnscht. Einzige Einschr\u00e4nkung seitens der Fachkr\u00e4fte: Die Beziehung zwischen Pflegenden und Pflegebed\u00fcrftigen darf nicht darunter leiden.]]>\t\t<\/p>\n","protected":false},"excerpt":{"rendered":"<p>\t\t\t\t<![CDATA[]]>\t\t<\/p>\n","protected":false},"author":7,"featured_media":7459,"comment_status":"closed","ping_status":"closed","sticky":false,"template":"","format":"standard","meta":{"footnotes":""},"categories":[16,139],"tags":[430,2089,2347,6181,7015,8188,8215,8842],"class_list":{"0":"post-7457","1":"post","2":"type-post","3":"status-publish","4":"format-standard","5":"has-post-thumbnail","7":"category-gesundheit-pflege","8":"category-lesetipps","9":"tag-altenpfleger","10":"tag-digitalisierung-in-der-pflege","11":"tag-elektronische-dokumentation","12":"tag-ortungssystem","13":"tag-robotic","14":"tag-technische-assistenzsysteme","15":"tag-telecare","16":"tag-videochat"},"yoast_head":"<!-- This site is optimized with the Yoast SEO plugin v23.5 - https:\/\/yoast.com\/wordpress\/plugins\/seo\/ -->\n<title>Digitalisierung in der Pflege \/ Euro Akademie Magazin<\/title>\n<meta name=\"description\" content=\"Wie kann man die Digitalisierung nutzen, um den Alltag von Pflegekr\u00e4ften ges\u00fcnder und selbstbestimmter zu gestalten? Wo k\u00f6nnen Technik und Vernetzung die Arbeitsprozesse in der Pflege erleichtern?\" \/>\n<meta name=\"robots\" content=\"index, follow, max-snippet:-1, max-image-preview:large, max-video-preview:-1\" \/>\n<link rel=\"canonical\" href=\"https:\/\/www.euroakademie.de\/magazin\/digitalisierung-in-der-pflege\/\" \/>\n<meta property=\"og:locale\" content=\"de_DE\" \/>\n<meta property=\"og:type\" content=\"article\" \/>\n<meta property=\"og:title\" content=\"Digitalisierung in der Pflege \/ Euro Akademie Magazin\" \/>\n<meta property=\"og:description\" content=\"Wie kann man die Digitalisierung nutzen, um den Alltag von Pflegekr\u00e4ften ges\u00fcnder und selbstbestimmter zu gestalten? Wo k\u00f6nnen Technik und Vernetzung die Arbeitsprozesse in der Pflege erleichtern?\" \/>\n<meta property=\"og:url\" content=\"https:\/\/www.euroakademie.de\/magazin\/digitalisierung-in-der-pflege\/\" \/>\n<meta property=\"og:site_name\" content=\"Das Euro Akademie Magazin\" \/>\n<meta property=\"article:published_time\" content=\"2018-05-07T10:47:40+00:00\" \/>\n<meta property=\"article:modified_time\" content=\"2024-11-19T14:33:17+00:00\" \/>\n<meta property=\"og:image\" content=\"https:\/\/www.euroakademie.de\/magazin\/wp-content\/uploads\/2018\/05\/shutterstock_471842726_702x336_web.jpg\" \/>\n\t<meta property=\"og:image:width\" content=\"702\" \/>\n\t<meta property=\"og:image:height\" content=\"337\" \/>\n\t<meta property=\"og:image:type\" content=\"image\/jpeg\" \/>\n<meta name=\"author\" content=\"Redaktion\" \/>\n<meta name=\"twitter:card\" content=\"summary_large_image\" \/>\n<meta name=\"twitter:label1\" content=\"Verfasst von\" \/>\n\t<meta name=\"twitter:data1\" content=\"Redaktion\" \/>\n\t<meta name=\"twitter:label2\" content=\"Gesch\u00e4tzte Lesezeit\" \/>\n\t<meta name=\"twitter:data2\" content=\"2\u00a0Minuten\" \/>\n<script type=\"application\/ld+json\" class=\"yoast-schema-graph\">{\"@context\":\"https:\/\/schema.org\",\"@graph\":[{\"@type\":\"Article\",\"@id\":\"https:\/\/www.euroakademie.de\/magazin\/digitalisierung-in-der-pflege\/#article\",\"isPartOf\":{\"@id\":\"https:\/\/www.euroakademie.de\/magazin\/digitalisierung-in-der-pflege\/\"},\"author\":{\"name\":\"Redaktion\",\"@id\":\"https:\/\/www.euroakademie.de\/magazin\/#\/schema\/person\/6c9b7b6db765ee31640d80c936be3686\"},\"headline\":\"Linktipp: Digitalisierung in der Pflege aus Sicht der Fachkr\u00e4fte\",\"datePublished\":\"2018-05-07T10:47:40+00:00\",\"dateModified\":\"2024-11-19T14:33:17+00:00\",\"mainEntityOfPage\":{\"@id\":\"https:\/\/www.euroakademie.de\/magazin\/digitalisierung-in-der-pflege\/\"},\"wordCount\":450,\"publisher\":{\"@id\":\"https:\/\/www.euroakademie.de\/magazin\/#organization\"},\"image\":{\"@id\":\"https:\/\/www.euroakademie.de\/magazin\/digitalisierung-in-der-pflege\/#primaryimage\"},\"thumbnailUrl\":\"https:\/\/www.euroakademie.de\/magazin\/wp-content\/uploads\/2018\/05\/shutterstock_471842726_702x336_web.jpg\",\"keywords\":[\"Altenpfleger\",\"Digitalisierung in der Pflege\",\"elektronische Dokumentation\",\"Ortungssystem\",\"Robotic\",\"Technische Assistenzsysteme\",\"Telecare\",\"Videochat\"],\"articleSection\":[\"Gesundheit &amp; Pflege\",\"Link- und Lesetipps\"],\"inLanguage\":\"de\"},{\"@type\":\"WebPage\",\"@id\":\"https:\/\/www.euroakademie.de\/magazin\/digitalisierung-in-der-pflege\/\",\"url\":\"https:\/\/www.euroakademie.de\/magazin\/digitalisierung-in-der-pflege\/\",\"name\":\"Digitalisierung in der Pflege \/ Euro Akademie Magazin\",\"isPartOf\":{\"@id\":\"https:\/\/www.euroakademie.de\/magazin\/#website\"},\"primaryImageOfPage\":{\"@id\":\"https:\/\/www.euroakademie.de\/magazin\/digitalisierung-in-der-pflege\/#primaryimage\"},\"image\":{\"@id\":\"https:\/\/www.euroakademie.de\/magazin\/digitalisierung-in-der-pflege\/#primaryimage\"},\"thumbnailUrl\":\"https:\/\/www.euroakademie.de\/magazin\/wp-content\/uploads\/2018\/05\/shutterstock_471842726_702x336_web.jpg\",\"datePublished\":\"2018-05-07T10:47:40+00:00\",\"dateModified\":\"2024-11-19T14:33:17+00:00\",\"description\":\"Wie kann man die Digitalisierung nutzen, um den Alltag von Pflegekr\u00e4ften ges\u00fcnder und selbstbestimmter zu gestalten? Wo k\u00f6nnen Technik und Vernetzung die Arbeitsprozesse in der Pflege erleichtern?\",\"breadcrumb\":{\"@id\":\"https:\/\/www.euroakademie.de\/magazin\/digitalisierung-in-der-pflege\/#breadcrumb\"},\"inLanguage\":\"de\",\"potentialAction\":[{\"@type\":\"ReadAction\",\"target\":[\"https:\/\/www.euroakademie.de\/magazin\/digitalisierung-in-der-pflege\/\"]}]},{\"@type\":\"ImageObject\",\"inLanguage\":\"de\",\"@id\":\"https:\/\/www.euroakademie.de\/magazin\/digitalisierung-in-der-pflege\/#primaryimage\",\"url\":\"https:\/\/www.euroakademie.de\/magazin\/wp-content\/uploads\/2018\/05\/shutterstock_471842726_702x336_web.jpg\",\"contentUrl\":\"https:\/\/www.euroakademie.de\/magazin\/wp-content\/uploads\/2018\/05\/shutterstock_471842726_702x336_web.jpg\",\"width\":702,\"height\":337,\"caption\":\"\"},{\"@type\":\"BreadcrumbList\",\"@id\":\"https:\/\/www.euroakademie.de\/magazin\/digitalisierung-in-der-pflege\/#breadcrumb\",\"itemListElement\":[{\"@type\":\"ListItem\",\"position\":1,\"name\":\"Startseite\",\"item\":\"https:\/\/www.euroakademie.de\/magazin\/\"},{\"@type\":\"ListItem\",\"position\":2,\"name\":\"Linktipp: Digitalisierung in der Pflege aus Sicht der Fachkr\u00e4fte\"}]},{\"@type\":\"WebSite\",\"@id\":\"https:\/\/www.euroakademie.de\/magazin\/#website\",\"url\":\"https:\/\/www.euroakademie.de\/magazin\/\",\"name\":\"Das Euro Akademie Magazin\",\"description\":\"Gut informiert durch Ausbildung und Studium\",\"publisher\":{\"@id\":\"https:\/\/www.euroakademie.de\/magazin\/#organization\"},\"potentialAction\":[{\"@type\":\"SearchAction\",\"target\":{\"@type\":\"EntryPoint\",\"urlTemplate\":\"https:\/\/www.euroakademie.de\/magazin\/?s={search_term_string}\"},\"query-input\":{\"@type\":\"PropertyValueSpecification\",\"valueRequired\":true,\"valueName\":\"search_term_string\"}}],\"inLanguage\":\"de\"},{\"@type\":\"Organization\",\"@id\":\"https:\/\/www.euroakademie.de\/magazin\/#organization\",\"name\":\"ESO Education Group\",\"url\":\"https:\/\/www.euroakademie.de\/magazin\/\",\"logo\":{\"@type\":\"ImageObject\",\"inLanguage\":\"de\",\"@id\":\"https:\/\/www.euroakademie.de\/magazin\/#\/schema\/logo\/image\/\",\"url\":\"https:\/\/relaunch.euroakademie.de\/magazin\/wp-content\/uploads\/2024\/11\/Logo_EA_negativ_Rahmen_5cm_300dpi_RGB.jpg\",\"contentUrl\":\"https:\/\/relaunch.euroakademie.de\/magazin\/wp-content\/uploads\/2024\/11\/Logo_EA_negativ_Rahmen_5cm_300dpi_RGB.jpg\",\"width\":591,\"height\":236,\"caption\":\"ESO Education Group\"},\"image\":{\"@id\":\"https:\/\/www.euroakademie.de\/magazin\/#\/schema\/logo\/image\/\"}},{\"@type\":\"Person\",\"@id\":\"https:\/\/www.euroakademie.de\/magazin\/#\/schema\/person\/6c9b7b6db765ee31640d80c936be3686\",\"name\":\"Redaktion\",\"description\":\"Die Redaktion des Euro Akademie Magazins h\u00e4lt Sie regelm\u00e4\u00dfig mit hintergr\u00fcndigen Artikeln auf dem Laufenden. Auf Basis einer fundierten Recherche und mit Spa\u00df am Schreiben erstellen die Redakteur*innen informative und unterhaltsame Inhalte f\u00fcr Sie.\",\"url\":\"https:\/\/www.euroakademie.de\/magazin\/author\/redaktion\/\"}]}<\/script>\n<!-- \/ Yoast SEO plugin. -->","yoast_head_json":{"title":"Digitalisierung in der Pflege \/ Euro Akademie Magazin","description":"Wie kann man die Digitalisierung nutzen, um den Alltag von Pflegekr\u00e4ften ges\u00fcnder und selbstbestimmter zu gestalten? Wo k\u00f6nnen Technik und Vernetzung die Arbeitsprozesse in der Pflege erleichtern?","robots":{"index":"index","follow":"follow","max-snippet":"max-snippet:-1","max-image-preview":"max-image-preview:large","max-video-preview":"max-video-preview:-1"},"canonical":"https:\/\/www.euroakademie.de\/magazin\/digitalisierung-in-der-pflege\/","og_locale":"de_DE","og_type":"article","og_title":"Digitalisierung in der Pflege \/ Euro Akademie Magazin","og_description":"Wie kann man die Digitalisierung nutzen, um den Alltag von Pflegekr\u00e4ften ges\u00fcnder und selbstbestimmter zu gestalten? Wo k\u00f6nnen Technik und Vernetzung die Arbeitsprozesse in der Pflege erleichtern?","og_url":"https:\/\/www.euroakademie.de\/magazin\/digitalisierung-in-der-pflege\/","og_site_name":"Das Euro Akademie Magazin","article_published_time":"2018-05-07T10:47:40+00:00","article_modified_time":"2024-11-19T14:33:17+00:00","og_image":[{"width":702,"height":337,"url":"https:\/\/www.euroakademie.de\/magazin\/wp-content\/uploads\/2018\/05\/shutterstock_471842726_702x336_web.jpg","type":"image\/jpeg"}],"author":"Redaktion","twitter_card":"summary_large_image","twitter_misc":{"Verfasst von":"Redaktion","Gesch\u00e4tzte Lesezeit":"2\u00a0Minuten"},"schema":{"@context":"https:\/\/schema.org","@graph":[{"@type":"Article","@id":"https:\/\/www.euroakademie.de\/magazin\/digitalisierung-in-der-pflege\/#article","isPartOf":{"@id":"https:\/\/www.euroakademie.de\/magazin\/digitalisierung-in-der-pflege\/"},"author":{"name":"Redaktion","@id":"https:\/\/www.euroakademie.de\/magazin\/#\/schema\/person\/6c9b7b6db765ee31640d80c936be3686"},"headline":"Linktipp: Digitalisierung in der Pflege aus Sicht der Fachkr\u00e4fte","datePublished":"2018-05-07T10:47:40+00:00","dateModified":"2024-11-19T14:33:17+00:00","mainEntityOfPage":{"@id":"https:\/\/www.euroakademie.de\/magazin\/digitalisierung-in-der-pflege\/"},"wordCount":450,"publisher":{"@id":"https:\/\/www.euroakademie.de\/magazin\/#organization"},"image":{"@id":"https:\/\/www.euroakademie.de\/magazin\/digitalisierung-in-der-pflege\/#primaryimage"},"thumbnailUrl":"https:\/\/www.euroakademie.de\/magazin\/wp-content\/uploads\/2018\/05\/shutterstock_471842726_702x336_web.jpg","keywords":["Altenpfleger","Digitalisierung in der Pflege","elektronische Dokumentation","Ortungssystem","Robotic","Technische Assistenzsysteme","Telecare","Videochat"],"articleSection":["Gesundheit &amp; Pflege","Link- und Lesetipps"],"inLanguage":"de"},{"@type":"WebPage","@id":"https:\/\/www.euroakademie.de\/magazin\/digitalisierung-in-der-pflege\/","url":"https:\/\/www.euroakademie.de\/magazin\/digitalisierung-in-der-pflege\/","name":"Digitalisierung in der Pflege \/ Euro Akademie Magazin","isPartOf":{"@id":"https:\/\/www.euroakademie.de\/magazin\/#website"},"primaryImageOfPage":{"@id":"https:\/\/www.euroakademie.de\/magazin\/digitalisierung-in-der-pflege\/#primaryimage"},"image":{"@id":"https:\/\/www.euroakademie.de\/magazin\/digitalisierung-in-der-pflege\/#primaryimage"},"thumbnailUrl":"https:\/\/www.euroakademie.de\/magazin\/wp-content\/uploads\/2018\/05\/shutterstock_471842726_702x336_web.jpg","datePublished":"2018-05-07T10:47:40+00:00","dateModified":"2024-11-19T14:33:17+00:00","description":"Wie kann man die Digitalisierung nutzen, um den Alltag von Pflegekr\u00e4ften ges\u00fcnder und selbstbestimmter zu gestalten? Wo k\u00f6nnen Technik und Vernetzung die Arbeitsprozesse in der Pflege erleichtern?","breadcrumb":{"@id":"https:\/\/www.euroakademie.de\/magazin\/digitalisierung-in-der-pflege\/#breadcrumb"},"inLanguage":"de","potentialAction":[{"@type":"ReadAction","target":["https:\/\/www.euroakademie.de\/magazin\/digitalisierung-in-der-pflege\/"]}]},{"@type":"ImageObject","inLanguage":"de","@id":"https:\/\/www.euroakademie.de\/magazin\/digitalisierung-in-der-pflege\/#primaryimage","url":"https:\/\/www.euroakademie.de\/magazin\/wp-content\/uploads\/2018\/05\/shutterstock_471842726_702x336_web.jpg","contentUrl":"https:\/\/www.euroakademie.de\/magazin\/wp-content\/uploads\/2018\/05\/shutterstock_471842726_702x336_web.jpg","width":702,"height":337,"caption":""},{"@type":"BreadcrumbList","@id":"https:\/\/www.euroakademie.de\/magazin\/digitalisierung-in-der-pflege\/#breadcrumb","itemListElement":[{"@type":"ListItem","position":1,"name":"Startseite","item":"https:\/\/www.euroakademie.de\/magazin\/"},{"@type":"ListItem","position":2,"name":"Linktipp: Digitalisierung in der Pflege aus Sicht der Fachkr\u00e4fte"}]},{"@type":"WebSite","@id":"https:\/\/www.euroakademie.de\/magazin\/#website","url":"https:\/\/www.euroakademie.de\/magazin\/","name":"Das Euro Akademie Magazin","description":"Gut informiert durch Ausbildung und Studium","publisher":{"@id":"https:\/\/www.euroakademie.de\/magazin\/#organization"},"potentialAction":[{"@type":"SearchAction","target":{"@type":"EntryPoint","urlTemplate":"https:\/\/www.euroakademie.de\/magazin\/?s={search_term_string}"},"query-input":{"@type":"PropertyValueSpecification","valueRequired":true,"valueName":"search_term_string"}}],"inLanguage":"de"},{"@type":"Organization","@id":"https:\/\/www.euroakademie.de\/magazin\/#organization","name":"ESO Education Group","url":"https:\/\/www.euroakademie.de\/magazin\/","logo":{"@type":"ImageObject","inLanguage":"de","@id":"https:\/\/www.euroakademie.de\/magazin\/#\/schema\/logo\/image\/","url":"https:\/\/relaunch.euroakademie.de\/magazin\/wp-content\/uploads\/2024\/11\/Logo_EA_negativ_Rahmen_5cm_300dpi_RGB.jpg","contentUrl":"https:\/\/relaunch.euroakademie.de\/magazin\/wp-content\/uploads\/2024\/11\/Logo_EA_negativ_Rahmen_5cm_300dpi_RGB.jpg","width":591,"height":236,"caption":"ESO Education Group"},"image":{"@id":"https:\/\/www.euroakademie.de\/magazin\/#\/schema\/logo\/image\/"}},{"@type":"Person","@id":"https:\/\/www.euroakademie.de\/magazin\/#\/schema\/person\/6c9b7b6db765ee31640d80c936be3686","name":"Redaktion","description":"Die Redaktion des Euro Akademie Magazins h\u00e4lt Sie regelm\u00e4\u00dfig mit hintergr\u00fcndigen Artikeln auf dem Laufenden. Auf Basis einer fundierten Recherche und mit Spa\u00df am Schreiben erstellen die Redakteur*innen informative und unterhaltsame Inhalte f\u00fcr Sie.","url":"https:\/\/www.euroakademie.de\/magazin\/author\/redaktion\/"}]}},"_links":{"self":[{"href":"https:\/\/www.euroakademie.de\/magazin\/wp-json\/wp\/v2\/posts\/7457","targetHints":{"allow":["GET"]}}],"collection":[{"href":"https:\/\/www.euroakademie.de\/magazin\/wp-json\/wp\/v2\/posts"}],"about":[{"href":"https:\/\/www.euroakademie.de\/magazin\/wp-json\/wp\/v2\/types\/post"}],"author":[{"embeddable":true,"href":"https:\/\/www.euroakademie.de\/magazin\/wp-json\/wp\/v2\/users\/7"}],"replies":[{"embeddable":true,"href":"https:\/\/www.euroakademie.de\/magazin\/wp-json\/wp\/v2\/comments?post=7457"}],"version-history":[{"count":2,"href":"https:\/\/www.euroakademie.de\/magazin\/wp-json\/wp\/v2\/posts\/7457\/revisions"}],"predecessor-version":[{"id":23739,"href":"https:\/\/www.euroakademie.de\/magazin\/wp-json\/wp\/v2\/posts\/7457\/revisions\/23739"}],"wp:featuredmedia":[{"embeddable":true,"href":"https:\/\/www.euroakademie.de\/magazin\/wp-json\/wp\/v2\/media\/7459"}],"wp:attachment":[{"href":"https:\/\/www.euroakademie.de\/magazin\/wp-json\/wp\/v2\/media?parent=7457"}],"wp:term":[{"taxonomy":"category","embeddable":true,"href":"https:\/\/www.euroakademie.de\/magazin\/wp-json\/wp\/v2\/categories?post=7457"},{"taxonomy":"post_tag","embeddable":true,"href":"https:\/\/www.euroakademie.de\/magazin\/wp-json\/wp\/v2\/tags?post=7457"}],"curies":[{"name":"wp","href":"https:\/\/api.w.org\/{rel}","templated":true}]}}