{"id":7469,"date":"2018-05-14T12:06:22","date_gmt":"2018-05-14T10:06:22","guid":{"rendered":"https:\/\/www.euroakademie.de\/magazin\/?p=7469"},"modified":"2018-05-14T12:06:22","modified_gmt":"2018-05-14T10:06:22","slug":"tag-der-kinderbetreuung","status":"publish","type":"post","link":"https:\/\/www.euroakademie.de\/magazin\/tag-der-kinderbetreuung\/","title":{"rendered":"Tag der Kinderbetreuung \u2013 Zeit f\u00fcr ein Dankesch\u00f6n"},"content":{"rendered":"<p>\t\t\t\t<![CDATA[<strong>Seit 2012 ist der Montag nach Muttertag zum \u201eTag der Kinderbetreuung\u201c geworden. Zu diesem Anlass gibt es unter anderem einen Gala-Abend in Berlin, prominente \u00dcberraschungsbesuche in \u00fcber 70 Kitas und zahlreiche Luftballonaktionen f\u00fcr unsere Vorbilder, Seelentr\u00f6ster und Mutmacher \u2013 die p\u00e4dagogischen Fachkr\u00e4fte in Kitas.<\/strong>\n\n<a href=\"https:\/\/www.euroakademie.de\/de\/ausbildung\/paedagogik-soziales\/erzieher.html\" target=\"_blank\" rel=\"noopener\">Erzieher<\/a>, <a href=\"https:\/\/www.euroakademie.de\/de\/ausbildung\/paedagogik-soziales\/kinderpfleger.html\" target=\"_blank\" rel=\"noopener\">Kinderpfleger<\/a> und <a href=\"https:\/\/www.euroakademie.de\/de\/ausbildung\/paedagogik-soziales\/sozialassistent.html\" target=\"_blank\" rel=\"noopener\">Sozialassistenten<\/a> unterst\u00fctzen Familien jeden Tag tatkr\u00e4ftig. Ohne sie k\u00f6nnten junge M\u00fctter und V\u00e4ter nicht ihrer Arbeit nachgehen \u2013 w\u00e4re die Vereinbarkeit von Familie und Beruf nicht umsetzbar.\n\n\n<h2>Bewusstsein und Anerkennung f\u00fcr p\u00e4dagogische Fachkr\u00e4fte<\/h2>\n\n\nDen <a href=\"http:\/\/www.rund-um-kita.de\/tag-der-kinderbetreuung\/\" target=\"_blank\" rel=\"noopener\">Tag der Kinderbetreuung<\/a> hat sich ein Mann ausgedacht, der selbst gar nichts mit der p\u00e4dagogischen Arbeit zu tun hat. Den Ansto\u00df f\u00fcr diese Aktion gaben dem Informatiker Peter G\u00e4rtner seine Tochter, eine Sozialp\u00e4dagogin, die auch als Tagesmutter gearbeitet hat und sein Sohn, der ein Internet-Portal f\u00fcr Tageseltern betreibt. Ziel dieses Tages ist es, das Bewusstsein f\u00fcr den Stellenwert von Erziehern, Tagesm\u00fcttern und Tagesv\u00e4tern in der Gesellschaft zu erh\u00f6hen.\n\nF\u00fcr unsere Kinder sind Erzieher wichtige Bezugspersonen und Vorbilder. In der Kita treffen viele Kinder aus unterschiedlichen Elternh\u00e4usern, Kulturen und famili\u00e4ren Wertesystemen aufeinander. Den Kita-Alltag so zu gestalten, dass alle sich dort aufgehoben und integriert f\u00fchlen, ist eine wichtige und gro\u00dfe Aufgabe f\u00fcr die ausgebildeten P\u00e4dagogen. Hier ist der Nachwuchs zum ersten Mal im Leben in einer Gruppe mit Gleichaltrigen zusammen. R\u00fccksichtnahme und Toleranz gegen\u00fcber anderen und die faire L\u00f6sung von Konflikten sind Lernprozesse, die f\u00fcr das ganze Leben pr\u00e4gen und Kinder sp\u00e4ter zu verantwortungsvollen und sozial agierenden Erwachsenen machen.\n\nErzieher sind ganz nah an den Kindern dran \u2013 sie erkennen Talente, Interessen und Neigungen genauso wie den F\u00f6rderbedarf in bestimmten Bereichen. Sie bauen, im Rahmen der M\u00f6glichkeiten, Chancenungleichheit ab, da auch Kinder, die zu Hause keine F\u00f6rderung erwarten d\u00fcrfen, in der Kita ihre eigenen F\u00e4higkeiten entdecken und weiterentwickeln k\u00f6nnen.\n\n\n<h2>Danke an alle empathischen, kreativen Mutmacher mit starken Nerven<\/h2>\n\n\nDie vierj\u00e4hrige Lena ist gerade vom Stuhl gefallen, w\u00e4hrend sich Karl und Moritz lautstark um den Traktor streiten und die zweij\u00e4hrige Helene dringend zur Toilette muss. Der Alltag in einer Kita ist alles andere als ruhig und planbar \u2013 Erzieher sind also ziemlich coole Zeitgenossen mit guten Nerven und einer gro\u00dfen Portion Humor. Sie lieben ihren Beruf, weil sie sich jeden Tag aufs Neue \u00fcber gute Laune, schallendes Lachen und strahlende Kinderaugen freuen d\u00fcrfen.\n\nEin Tannenbaum zu Weihnachten, bemalte Eier zu Ostern, eine selbstgebastelte Karte zu Muttertag und Vatertag \u2013 das kreative Potential von P\u00e4dagogen und Kindern schm\u00fcckt unsere Wohnung das ganze Jahr hindurch.\n\nNutzen Sie die Gelegenheit, Erziehern, Kinderpflegern, Sozialassistenten, Tagesm\u00fcttern und Tagesv\u00e4tern Ihre Anerkennung und Wertsch\u00e4tzung zu zeigen \u2013 mit einer gebastelten Karte, einem Bl\u00fcmchen oder einer \u00dcberraschungsaktion in Ihrer Kita vor Ort.]]>\t\t<\/p>\n","protected":false},"excerpt":{"rendered":"<p>\t\t\t\t<![CDATA[]]>\t\t<\/p>\n","protected":false},"author":58,"featured_media":7472,"comment_status":"closed","ping_status":"closed","sticky":false,"template":"","format":"standard","meta":{"footnotes":""},"categories":[118,19],"tags":[2356,2392,2587,4489,4531,4582,4876,5890,5941,7627,8089,9166],"class_list":{"0":"post-7469","1":"post","2":"type-post","3":"status-publish","4":"format-standard","5":"has-post-thumbnail","7":"category-im-fokus","8":"category-paedagogik-soziales","9":"tag-eltern","10":"tag-empathie","11":"tag-erzieher","12":"tag-kinder","13":"tag-kinderpfleger","14":"tag-kita","15":"tag-kreativitaet","16":"tag-mutmacher","17":"tag-nachwuchs","18":"tag-sozialassistenten","19":"tag-tagesmutter","20":"tag-wertschaetzung"},"yoast_head":"<!-- This site is optimized with the Yoast SEO plugin v23.5 - https:\/\/yoast.com\/wordpress\/plugins\/seo\/ -->\n<title>Tag der Kinderbetreuung\u2013Zeit f\u00fcr ein Dankesch\u00f6n\/Euro Akademie Magazin<\/title>\n<meta name=\"description\" content=\"Seit 2012 ist der Montag nach Muttertag zum \u201eTag der Kinderbetreuung\u201c geworden. Zu diesem Anlass gibt es unter anderem einen Gala-Abend in Berlin, prominente \u00dcberraschungsbesuche in \u00fcber 70 Kitas und zahlreiche Luftballonaktionen f\u00fcr unsere Vorbilder, Seelentr\u00f6ster und Mutmacher \u2013 die p\u00e4dagogischen Fachkr\u00e4fte in Kitas.\" \/>\n<meta name=\"robots\" content=\"index, follow, max-snippet:-1, max-image-preview:large, max-video-preview:-1\" \/>\n<link rel=\"canonical\" href=\"https:\/\/www.euroakademie.de\/magazin\/tag-der-kinderbetreuung\/\" \/>\n<meta property=\"og:locale\" content=\"de_DE\" \/>\n<meta property=\"og:type\" content=\"article\" \/>\n<meta property=\"og:title\" content=\"Tag der Kinderbetreuung\u2013Zeit f\u00fcr ein Dankesch\u00f6n\/Euro Akademie Magazin\" \/>\n<meta property=\"og:description\" content=\"Seit 2012 ist der Montag nach Muttertag zum \u201eTag der Kinderbetreuung\u201c geworden. Zu diesem Anlass gibt es unter anderem einen Gala-Abend in Berlin, prominente \u00dcberraschungsbesuche in \u00fcber 70 Kitas und zahlreiche Luftballonaktionen f\u00fcr unsere Vorbilder, Seelentr\u00f6ster und Mutmacher \u2013 die p\u00e4dagogischen Fachkr\u00e4fte in Kitas.\" \/>\n<meta property=\"og:url\" content=\"https:\/\/www.euroakademie.de\/magazin\/tag-der-kinderbetreuung\/\" \/>\n<meta property=\"og:site_name\" content=\"Das Euro Akademie Magazin\" \/>\n<meta property=\"article:published_time\" content=\"2018-05-14T10:06:22+00:00\" \/>\n<meta property=\"og:image\" content=\"https:\/\/www.euroakademie.de\/magazin\/wp-content\/uploads\/2018\/05\/shutterstock_557097172_702x336_web.jpg\" \/>\n\t<meta property=\"og:image:width\" content=\"700\" \/>\n\t<meta property=\"og:image:height\" content=\"336\" \/>\n\t<meta property=\"og:image:type\" content=\"image\/jpeg\" \/>\n<meta name=\"author\" content=\"Tanja H\u00f6fling\" \/>\n<meta name=\"twitter:card\" content=\"summary_large_image\" \/>\n<meta name=\"twitter:label1\" content=\"Verfasst von\" \/>\n\t<meta name=\"twitter:data1\" content=\"Tanja H\u00f6fling\" \/>\n\t<meta name=\"twitter:label2\" content=\"Gesch\u00e4tzte Lesezeit\" \/>\n\t<meta name=\"twitter:data2\" content=\"2\u00a0Minuten\" \/>\n<script type=\"application\/ld+json\" class=\"yoast-schema-graph\">{\"@context\":\"https:\/\/schema.org\",\"@graph\":[{\"@type\":\"Article\",\"@id\":\"https:\/\/www.euroakademie.de\/magazin\/tag-der-kinderbetreuung\/#article\",\"isPartOf\":{\"@id\":\"https:\/\/www.euroakademie.de\/magazin\/tag-der-kinderbetreuung\/\"},\"author\":{\"name\":\"Tanja H\u00f6fling\",\"@id\":\"https:\/\/www.euroakademie.de\/magazin\/#\/schema\/person\/2c0d3896d19e86373c87f4ac022d4919\"},\"headline\":\"Tag der Kinderbetreuung \u2013 Zeit f\u00fcr ein Dankesch\u00f6n\",\"datePublished\":\"2018-05-14T10:06:22+00:00\",\"dateModified\":\"2018-05-14T10:06:22+00:00\",\"mainEntityOfPage\":{\"@id\":\"https:\/\/www.euroakademie.de\/magazin\/tag-der-kinderbetreuung\/\"},\"wordCount\":486,\"publisher\":{\"@id\":\"https:\/\/www.euroakademie.de\/magazin\/#organization\"},\"image\":{\"@id\":\"https:\/\/www.euroakademie.de\/magazin\/tag-der-kinderbetreuung\/#primaryimage\"},\"thumbnailUrl\":\"https:\/\/www.euroakademie.de\/magazin\/wp-content\/uploads\/2018\/05\/shutterstock_557097172_702x336_web.jpg\",\"keywords\":[\"Eltern\",\"Empathie\",\"Erzieher\",\"Kinder\",\"Kinderpfleger\",\"Kita\",\"Kreativit\u00e4t\",\"Mutmacher\",\"Nachwuchs\",\"Sozialassistenten\",\"Tagesmutter\",\"Wertsch\u00e4tzung\"],\"articleSection\":[\"Im Fokus\",\"P\u00e4dagogik &amp; Soziales\"],\"inLanguage\":\"de\"},{\"@type\":\"WebPage\",\"@id\":\"https:\/\/www.euroakademie.de\/magazin\/tag-der-kinderbetreuung\/\",\"url\":\"https:\/\/www.euroakademie.de\/magazin\/tag-der-kinderbetreuung\/\",\"name\":\"Tag der Kinderbetreuung\u2013Zeit f\u00fcr ein Dankesch\u00f6n\/Euro Akademie Magazin\",\"isPartOf\":{\"@id\":\"https:\/\/www.euroakademie.de\/magazin\/#website\"},\"primaryImageOfPage\":{\"@id\":\"https:\/\/www.euroakademie.de\/magazin\/tag-der-kinderbetreuung\/#primaryimage\"},\"image\":{\"@id\":\"https:\/\/www.euroakademie.de\/magazin\/tag-der-kinderbetreuung\/#primaryimage\"},\"thumbnailUrl\":\"https:\/\/www.euroakademie.de\/magazin\/wp-content\/uploads\/2018\/05\/shutterstock_557097172_702x336_web.jpg\",\"datePublished\":\"2018-05-14T10:06:22+00:00\",\"dateModified\":\"2018-05-14T10:06:22+00:00\",\"description\":\"Seit 2012 ist der Montag nach Muttertag zum \u201eTag der Kinderbetreuung\u201c geworden. Zu diesem Anlass gibt es unter anderem einen Gala-Abend in Berlin, prominente \u00dcberraschungsbesuche in \u00fcber 70 Kitas und zahlreiche Luftballonaktionen f\u00fcr unsere Vorbilder, Seelentr\u00f6ster und Mutmacher \u2013 die p\u00e4dagogischen Fachkr\u00e4fte in Kitas.\",\"breadcrumb\":{\"@id\":\"https:\/\/www.euroakademie.de\/magazin\/tag-der-kinderbetreuung\/#breadcrumb\"},\"inLanguage\":\"de\",\"potentialAction\":[{\"@type\":\"ReadAction\",\"target\":[\"https:\/\/www.euroakademie.de\/magazin\/tag-der-kinderbetreuung\/\"]}]},{\"@type\":\"ImageObject\",\"inLanguage\":\"de\",\"@id\":\"https:\/\/www.euroakademie.de\/magazin\/tag-der-kinderbetreuung\/#primaryimage\",\"url\":\"https:\/\/www.euroakademie.de\/magazin\/wp-content\/uploads\/2018\/05\/shutterstock_557097172_702x336_web.jpg\",\"contentUrl\":\"https:\/\/www.euroakademie.de\/magazin\/wp-content\/uploads\/2018\/05\/shutterstock_557097172_702x336_web.jpg\",\"width\":700,\"height\":336,\"caption\":\"\"},{\"@type\":\"BreadcrumbList\",\"@id\":\"https:\/\/www.euroakademie.de\/magazin\/tag-der-kinderbetreuung\/#breadcrumb\",\"itemListElement\":[{\"@type\":\"ListItem\",\"position\":1,\"name\":\"Startseite\",\"item\":\"https:\/\/www.euroakademie.de\/magazin\/\"},{\"@type\":\"ListItem\",\"position\":2,\"name\":\"Tag der Kinderbetreuung \u2013 Zeit f\u00fcr ein Dankesch\u00f6n\"}]},{\"@type\":\"WebSite\",\"@id\":\"https:\/\/www.euroakademie.de\/magazin\/#website\",\"url\":\"https:\/\/www.euroakademie.de\/magazin\/\",\"name\":\"Das Euro Akademie Magazin\",\"description\":\"Gut informiert durch Ausbildung und Studium\",\"publisher\":{\"@id\":\"https:\/\/www.euroakademie.de\/magazin\/#organization\"},\"potentialAction\":[{\"@type\":\"SearchAction\",\"target\":{\"@type\":\"EntryPoint\",\"urlTemplate\":\"https:\/\/www.euroakademie.de\/magazin\/?s={search_term_string}\"},\"query-input\":{\"@type\":\"PropertyValueSpecification\",\"valueRequired\":true,\"valueName\":\"search_term_string\"}}],\"inLanguage\":\"de\"},{\"@type\":\"Organization\",\"@id\":\"https:\/\/www.euroakademie.de\/magazin\/#organization\",\"name\":\"ESO Education Group\",\"url\":\"https:\/\/www.euroakademie.de\/magazin\/\",\"logo\":{\"@type\":\"ImageObject\",\"inLanguage\":\"de\",\"@id\":\"https:\/\/www.euroakademie.de\/magazin\/#\/schema\/logo\/image\/\",\"url\":\"https:\/\/relaunch.euroakademie.de\/magazin\/wp-content\/uploads\/2024\/11\/Logo_EA_negativ_Rahmen_5cm_300dpi_RGB.jpg\",\"contentUrl\":\"https:\/\/relaunch.euroakademie.de\/magazin\/wp-content\/uploads\/2024\/11\/Logo_EA_negativ_Rahmen_5cm_300dpi_RGB.jpg\",\"width\":591,\"height\":236,\"caption\":\"ESO Education Group\"},\"image\":{\"@id\":\"https:\/\/www.euroakademie.de\/magazin\/#\/schema\/logo\/image\/\"}},{\"@type\":\"Person\",\"@id\":\"https:\/\/www.euroakademie.de\/magazin\/#\/schema\/person\/2c0d3896d19e86373c87f4ac022d4919\",\"name\":\"Tanja H\u00f6fling\",\"description\":\"Von Juli 2017 bis Juli 2022 informierte die ehemalige Online-Redakteurin des Euro Akademie Magazins regelm\u00e4\u00dfig \u00fcber Aktuelles und Wissenswertes zu den Themen Ausbildung, Studium und Beruf.\",\"url\":\"https:\/\/www.euroakademie.de\/magazin\/author\/hoeflingt\/\"}]}<\/script>\n<!-- \/ Yoast SEO plugin. -->","yoast_head_json":{"title":"Tag der Kinderbetreuung\u2013Zeit f\u00fcr ein Dankesch\u00f6n\/Euro Akademie Magazin","description":"Seit 2012 ist der Montag nach Muttertag zum \u201eTag der Kinderbetreuung\u201c geworden. Zu diesem Anlass gibt es unter anderem einen Gala-Abend in Berlin, prominente \u00dcberraschungsbesuche in \u00fcber 70 Kitas und zahlreiche Luftballonaktionen f\u00fcr unsere Vorbilder, Seelentr\u00f6ster und Mutmacher \u2013 die p\u00e4dagogischen Fachkr\u00e4fte in Kitas.","robots":{"index":"index","follow":"follow","max-snippet":"max-snippet:-1","max-image-preview":"max-image-preview:large","max-video-preview":"max-video-preview:-1"},"canonical":"https:\/\/www.euroakademie.de\/magazin\/tag-der-kinderbetreuung\/","og_locale":"de_DE","og_type":"article","og_title":"Tag der Kinderbetreuung\u2013Zeit f\u00fcr ein Dankesch\u00f6n\/Euro Akademie Magazin","og_description":"Seit 2012 ist der Montag nach Muttertag zum \u201eTag der Kinderbetreuung\u201c geworden. Zu diesem Anlass gibt es unter anderem einen Gala-Abend in Berlin, prominente \u00dcberraschungsbesuche in \u00fcber 70 Kitas und zahlreiche Luftballonaktionen f\u00fcr unsere Vorbilder, Seelentr\u00f6ster und Mutmacher \u2013 die p\u00e4dagogischen Fachkr\u00e4fte in Kitas.","og_url":"https:\/\/www.euroakademie.de\/magazin\/tag-der-kinderbetreuung\/","og_site_name":"Das Euro Akademie Magazin","article_published_time":"2018-05-14T10:06:22+00:00","og_image":[{"width":700,"height":336,"url":"https:\/\/www.euroakademie.de\/magazin\/wp-content\/uploads\/2018\/05\/shutterstock_557097172_702x336_web.jpg","type":"image\/jpeg"}],"author":"Tanja H\u00f6fling","twitter_card":"summary_large_image","twitter_misc":{"Verfasst von":"Tanja H\u00f6fling","Gesch\u00e4tzte Lesezeit":"2\u00a0Minuten"},"schema":{"@context":"https:\/\/schema.org","@graph":[{"@type":"Article","@id":"https:\/\/www.euroakademie.de\/magazin\/tag-der-kinderbetreuung\/#article","isPartOf":{"@id":"https:\/\/www.euroakademie.de\/magazin\/tag-der-kinderbetreuung\/"},"author":{"name":"Tanja H\u00f6fling","@id":"https:\/\/www.euroakademie.de\/magazin\/#\/schema\/person\/2c0d3896d19e86373c87f4ac022d4919"},"headline":"Tag der Kinderbetreuung \u2013 Zeit f\u00fcr ein Dankesch\u00f6n","datePublished":"2018-05-14T10:06:22+00:00","dateModified":"2018-05-14T10:06:22+00:00","mainEntityOfPage":{"@id":"https:\/\/www.euroakademie.de\/magazin\/tag-der-kinderbetreuung\/"},"wordCount":486,"publisher":{"@id":"https:\/\/www.euroakademie.de\/magazin\/#organization"},"image":{"@id":"https:\/\/www.euroakademie.de\/magazin\/tag-der-kinderbetreuung\/#primaryimage"},"thumbnailUrl":"https:\/\/www.euroakademie.de\/magazin\/wp-content\/uploads\/2018\/05\/shutterstock_557097172_702x336_web.jpg","keywords":["Eltern","Empathie","Erzieher","Kinder","Kinderpfleger","Kita","Kreativit\u00e4t","Mutmacher","Nachwuchs","Sozialassistenten","Tagesmutter","Wertsch\u00e4tzung"],"articleSection":["Im Fokus","P\u00e4dagogik &amp; Soziales"],"inLanguage":"de"},{"@type":"WebPage","@id":"https:\/\/www.euroakademie.de\/magazin\/tag-der-kinderbetreuung\/","url":"https:\/\/www.euroakademie.de\/magazin\/tag-der-kinderbetreuung\/","name":"Tag der Kinderbetreuung\u2013Zeit f\u00fcr ein Dankesch\u00f6n\/Euro Akademie Magazin","isPartOf":{"@id":"https:\/\/www.euroakademie.de\/magazin\/#website"},"primaryImageOfPage":{"@id":"https:\/\/www.euroakademie.de\/magazin\/tag-der-kinderbetreuung\/#primaryimage"},"image":{"@id":"https:\/\/www.euroakademie.de\/magazin\/tag-der-kinderbetreuung\/#primaryimage"},"thumbnailUrl":"https:\/\/www.euroakademie.de\/magazin\/wp-content\/uploads\/2018\/05\/shutterstock_557097172_702x336_web.jpg","datePublished":"2018-05-14T10:06:22+00:00","dateModified":"2018-05-14T10:06:22+00:00","description":"Seit 2012 ist der Montag nach Muttertag zum \u201eTag der Kinderbetreuung\u201c geworden. Zu diesem Anlass gibt es unter anderem einen Gala-Abend in Berlin, prominente \u00dcberraschungsbesuche in \u00fcber 70 Kitas und zahlreiche Luftballonaktionen f\u00fcr unsere Vorbilder, Seelentr\u00f6ster und Mutmacher \u2013 die p\u00e4dagogischen Fachkr\u00e4fte in Kitas.","breadcrumb":{"@id":"https:\/\/www.euroakademie.de\/magazin\/tag-der-kinderbetreuung\/#breadcrumb"},"inLanguage":"de","potentialAction":[{"@type":"ReadAction","target":["https:\/\/www.euroakademie.de\/magazin\/tag-der-kinderbetreuung\/"]}]},{"@type":"ImageObject","inLanguage":"de","@id":"https:\/\/www.euroakademie.de\/magazin\/tag-der-kinderbetreuung\/#primaryimage","url":"https:\/\/www.euroakademie.de\/magazin\/wp-content\/uploads\/2018\/05\/shutterstock_557097172_702x336_web.jpg","contentUrl":"https:\/\/www.euroakademie.de\/magazin\/wp-content\/uploads\/2018\/05\/shutterstock_557097172_702x336_web.jpg","width":700,"height":336,"caption":""},{"@type":"BreadcrumbList","@id":"https:\/\/www.euroakademie.de\/magazin\/tag-der-kinderbetreuung\/#breadcrumb","itemListElement":[{"@type":"ListItem","position":1,"name":"Startseite","item":"https:\/\/www.euroakademie.de\/magazin\/"},{"@type":"ListItem","position":2,"name":"Tag der Kinderbetreuung \u2013 Zeit f\u00fcr ein Dankesch\u00f6n"}]},{"@type":"WebSite","@id":"https:\/\/www.euroakademie.de\/magazin\/#website","url":"https:\/\/www.euroakademie.de\/magazin\/","name":"Das Euro Akademie Magazin","description":"Gut informiert durch Ausbildung und Studium","publisher":{"@id":"https:\/\/www.euroakademie.de\/magazin\/#organization"},"potentialAction":[{"@type":"SearchAction","target":{"@type":"EntryPoint","urlTemplate":"https:\/\/www.euroakademie.de\/magazin\/?s={search_term_string}"},"query-input":{"@type":"PropertyValueSpecification","valueRequired":true,"valueName":"search_term_string"}}],"inLanguage":"de"},{"@type":"Organization","@id":"https:\/\/www.euroakademie.de\/magazin\/#organization","name":"ESO Education Group","url":"https:\/\/www.euroakademie.de\/magazin\/","logo":{"@type":"ImageObject","inLanguage":"de","@id":"https:\/\/www.euroakademie.de\/magazin\/#\/schema\/logo\/image\/","url":"https:\/\/relaunch.euroakademie.de\/magazin\/wp-content\/uploads\/2024\/11\/Logo_EA_negativ_Rahmen_5cm_300dpi_RGB.jpg","contentUrl":"https:\/\/relaunch.euroakademie.de\/magazin\/wp-content\/uploads\/2024\/11\/Logo_EA_negativ_Rahmen_5cm_300dpi_RGB.jpg","width":591,"height":236,"caption":"ESO Education Group"},"image":{"@id":"https:\/\/www.euroakademie.de\/magazin\/#\/schema\/logo\/image\/"}},{"@type":"Person","@id":"https:\/\/www.euroakademie.de\/magazin\/#\/schema\/person\/2c0d3896d19e86373c87f4ac022d4919","name":"Tanja H\u00f6fling","description":"Von Juli 2017 bis Juli 2022 informierte die ehemalige Online-Redakteurin des Euro Akademie Magazins regelm\u00e4\u00dfig \u00fcber Aktuelles und Wissenswertes zu den Themen Ausbildung, Studium und Beruf.","url":"https:\/\/www.euroakademie.de\/magazin\/author\/hoeflingt\/"}]}},"_links":{"self":[{"href":"https:\/\/www.euroakademie.de\/magazin\/wp-json\/wp\/v2\/posts\/7469","targetHints":{"allow":["GET"]}}],"collection":[{"href":"https:\/\/www.euroakademie.de\/magazin\/wp-json\/wp\/v2\/posts"}],"about":[{"href":"https:\/\/www.euroakademie.de\/magazin\/wp-json\/wp\/v2\/types\/post"}],"author":[{"embeddable":true,"href":"https:\/\/www.euroakademie.de\/magazin\/wp-json\/wp\/v2\/users\/58"}],"replies":[{"embeddable":true,"href":"https:\/\/www.euroakademie.de\/magazin\/wp-json\/wp\/v2\/comments?post=7469"}],"version-history":[{"count":0,"href":"https:\/\/www.euroakademie.de\/magazin\/wp-json\/wp\/v2\/posts\/7469\/revisions"}],"wp:featuredmedia":[{"embeddable":true,"href":"https:\/\/www.euroakademie.de\/magazin\/wp-json\/wp\/v2\/media\/7472"}],"wp:attachment":[{"href":"https:\/\/www.euroakademie.de\/magazin\/wp-json\/wp\/v2\/media?parent=7469"}],"wp:term":[{"taxonomy":"category","embeddable":true,"href":"https:\/\/www.euroakademie.de\/magazin\/wp-json\/wp\/v2\/categories?post=7469"},{"taxonomy":"post_tag","embeddable":true,"href":"https:\/\/www.euroakademie.de\/magazin\/wp-json\/wp\/v2\/tags?post=7469"}],"curies":[{"name":"wp","href":"https:\/\/api.w.org\/{rel}","templated":true}]}}