{"id":7479,"date":"2018-05-16T12:10:55","date_gmt":"2018-05-16T10:10:55","guid":{"rendered":"https:\/\/www.euroakademie.de\/magazin\/?p=7479"},"modified":"2024-11-19T15:33:17","modified_gmt":"2024-11-19T14:33:17","slug":"altenpflegepreis-2018-mobilitaet-erhalten","status":"publish","type":"post","link":"https:\/\/www.euroakademie.de\/magazin\/altenpflegepreis-2018-mobilitaet-erhalten\/","title":{"rendered":"Linktipp: AltenpflegePreis 2018: \u201eMobilit\u00e4t f\u00f6rdern \u2013 Selbstst\u00e4ndigkeit erhalten\u201c"},"content":{"rendered":"<p>\t\t\t\t<![CDATA[<strong>Sie haben ein tolles Team aus Altenpflegern, Altenpflegehelfern und Betreuungskr\u00e4ften? Au\u00dferdem k\u00f6nnen Sie mit einem \u00fcberzeugenden Konzept zur F\u00f6rderung der Mobilit\u00e4t von pflegebed\u00fcrftigen Bewohnern punkten? Dann bewerben Sie sich bis zum 20. Juli f\u00fcr den AltenpflegePreis 2018!<\/strong>\n\nSelbstst\u00e4ndigkeit und Mobilit\u00e4t sind auch f\u00fcr pflegebed\u00fcrftige Menschen ein wichtiger Aspekt, um ihren Alltag lebenswert zu gestalten. M\u00f6glichst lange mobil zu bleiben, das eigene Bett und Zimmer verlassen zu k\u00f6nnen, hei\u00dft auch aktiv am Leben teilzunehmen. Beim diesj\u00e4hrigen AltenpflegePreis geht es genau darum, Menschen in ihrer Beweglichkeit zu f\u00f6rdern \u2013 k\u00f6rperlich, geistig und r\u00e4umlich.\n\nDer <a href=\"https:\/\/www.altenpflege-online.net\/jetzt-mitmachen-und-gewinnen\/\" target=\"_blank\" rel=\"noopener\">Wettbewerb um den AltenpflegePreis<\/a> hat Tradition. Bereits 1990 wurde er von der Redaktion der Fachzeitschrift \u201eAltenpflege\u201c ins Leben gerufen, um gelungene Konzepte in der<a href=\"https:\/\/www.euroakademie.de\/details\/AL____RGG_Q18S_1\/Altenpflegehelferin---staatlich-anerkannt\" target=\"_blank\" rel=\"noopener\"> Altenpflege<\/a> vorzustellen und das Gewinnerteam mit einem Preisgeld in H\u00f6he von 3.000 Euro zu belohnen. Bewerben k\u00f6nnen sich Pflegeeinrichtungen mit ihrem Konzept zum aktuellen Thema aus ganz Deutschland. Einsendeschluss ist der 20. Juli 2018.\n\n\n<h2>Mobilit\u00e4t kann man auf vielf\u00e4ltige Weise f\u00f6rdern<\/h2>\n\n\nSich selbst zu bewegen, ist das A und O der Mobilit\u00e4tsf\u00f6rderung. Dazu braucht es Motivation und Angebote. Wenn ich wei\u00df, dass ich durch ein Koordinationstraining St\u00fcrze vermeiden kann, werde ich auch einen Sinn darin sehen, daran teilzunehmen. Beratung und Aufkl\u00e4rung der Pflegebed\u00fcrftigen sind beim Thema Mobilit\u00e4t der erste Schritt in Richtung Beweglichkeit.\n\nGemeinsame Spazierg\u00e4nge an festen Tagen in der Woche, Tanzstunden oder Hockergymnastik sind Angebote, die zur Erhaltung der Mobilit\u00e4t beitragen. Genauso k\u00f6nnen alltagspraktische Ma\u00dfnahmen \u2013 die Aktivit\u00e4t der Pflegebed\u00fcrftigen beim Anziehen und w\u00e4hrend der K\u00f6rperpflege \u2013 die Selbstst\u00e4ndigkeit f\u00f6rdern.\n\nGute Lichtverh\u00e4ltnisse in Zimmern und Fluren und rutschhemmende Fu\u00dfb\u00f6den vermindern die Sturzgefahr und erhalten dadurch die Mobilit\u00e4t der Bewohner. Die Angst vor dem St\u00fcrzen ist im Alter sehr hoch \u2013 einmal hingefallen, trauen sich viele Menschen nicht mehr alleine vor die T\u00fcr. Gleichgewichts\u00fcbungen und Muskelaufbautraining sind wirkungsvolle Ma\u00dfnahmen innerhalb der Sturzprophylaxe.\n\nDie regelm\u00e4\u00dfige F\u00f6rderung der Beweglichkeit wirkt sich durchweg positiv auf den Pflegealltag aus. Das Risiko f\u00fcr Folgeerscheinungen durch Immobilit\u00e4t oder Bewegungsmangel \u2013 wie Dekubitus, diffuse Schmerzzust\u00e4nde oder akute Atemwegsinfekte \u2013 wird durch gezielte Bewegungsma\u00dfnahmen stark reduziert. Davon profitieren alle \u2013 die Betroffenen, die Pflegefachkr\u00e4fte und die Angeh\u00f6rigen.]]>\t\t<\/p>\n","protected":false},"excerpt":{"rendered":"<p>\t\t\t\t<![CDATA[]]>\t\t<\/p>\n","protected":false},"author":7,"featured_media":7481,"comment_status":"closed","ping_status":"closed","sticky":false,"template":"","format":"standard","meta":{"footnotes":""},"categories":[16,139],"tags":[421,427,430,1321,5770,6367,6379,7408,8014],"class_list":{"0":"post-7479","1":"post","2":"type-post","3":"status-publish","4":"format-standard","5":"has-post-thumbnail","7":"category-gesundheit-pflege","8":"category-lesetipps","9":"tag-altenpflegehelfer","10":"tag-altenpflegepreis","11":"tag-altenpfleger","12":"tag-beweglichkeit","13":"tag-mobilitaet","14":"tag-pflegealltag","15":"tag-pflegebeduerftigkeit","16":"tag-selbststaendigkeit","17":"tag-sturzprophylaxe"},"yoast_head":"<!-- This site is optimized with the Yoast SEO plugin v23.5 - https:\/\/yoast.com\/wordpress\/plugins\/seo\/ -->\n<title>Altenpflegepreis 2018 - Mobilit\u00e4t erhalten \/ Euro Akademie Magazin<\/title>\n<meta name=\"description\" content=\"Sie haben ein tolles Team aus Altenpflegern, Altenpflegehelfern und Betreuungskr\u00e4ften? Au\u00dferdem k\u00f6nnen Sie mit einem \u00fcberzeugenden Konzept zur F\u00f6rderung der Mobilit\u00e4t von pflegebed\u00fcrftigen Bewohnern punkten? Dann bewerben Sie sich bis zum 20. Juli f\u00fcr den AltenpflegePreis 2018!\" \/>\n<meta name=\"robots\" content=\"index, follow, max-snippet:-1, max-image-preview:large, max-video-preview:-1\" \/>\n<link rel=\"canonical\" href=\"https:\/\/www.euroakademie.de\/magazin\/altenpflegepreis-2018-mobilitaet-erhalten\/\" \/>\n<meta property=\"og:locale\" content=\"de_DE\" \/>\n<meta property=\"og:type\" content=\"article\" \/>\n<meta property=\"og:title\" content=\"Altenpflegepreis 2018 - Mobilit\u00e4t erhalten \/ Euro Akademie Magazin\" \/>\n<meta property=\"og:description\" content=\"Sie haben ein tolles Team aus Altenpflegern, Altenpflegehelfern und Betreuungskr\u00e4ften? Au\u00dferdem k\u00f6nnen Sie mit einem \u00fcberzeugenden Konzept zur F\u00f6rderung der Mobilit\u00e4t von pflegebed\u00fcrftigen Bewohnern punkten? Dann bewerben Sie sich bis zum 20. Juli f\u00fcr den AltenpflegePreis 2018!\" \/>\n<meta property=\"og:url\" content=\"https:\/\/www.euroakademie.de\/magazin\/altenpflegepreis-2018-mobilitaet-erhalten\/\" \/>\n<meta property=\"og:site_name\" content=\"Das Euro Akademie Magazin\" \/>\n<meta property=\"article:published_time\" content=\"2018-05-16T10:10:55+00:00\" \/>\n<meta property=\"article:modified_time\" content=\"2024-11-19T14:33:17+00:00\" \/>\n<meta property=\"og:image\" content=\"https:\/\/www.euroakademie.de\/magazin\/wp-content\/uploads\/2018\/05\/shutterstock_367740017_702x336_web.jpg\" \/>\n\t<meta property=\"og:image:width\" content=\"702\" \/>\n\t<meta property=\"og:image:height\" content=\"336\" \/>\n\t<meta property=\"og:image:type\" content=\"image\/jpeg\" \/>\n<meta name=\"author\" content=\"Redaktion\" \/>\n<meta name=\"twitter:card\" content=\"summary_large_image\" \/>\n<meta name=\"twitter:label1\" content=\"Verfasst von\" \/>\n\t<meta name=\"twitter:data1\" content=\"Redaktion\" \/>\n\t<meta name=\"twitter:label2\" content=\"Gesch\u00e4tzte Lesezeit\" \/>\n\t<meta name=\"twitter:data2\" content=\"2\u00a0Minuten\" \/>\n<script type=\"application\/ld+json\" class=\"yoast-schema-graph\">{\"@context\":\"https:\/\/schema.org\",\"@graph\":[{\"@type\":\"Article\",\"@id\":\"https:\/\/www.euroakademie.de\/magazin\/altenpflegepreis-2018-mobilitaet-erhalten\/#article\",\"isPartOf\":{\"@id\":\"https:\/\/www.euroakademie.de\/magazin\/altenpflegepreis-2018-mobilitaet-erhalten\/\"},\"author\":{\"name\":\"Redaktion\",\"@id\":\"https:\/\/www.euroakademie.de\/magazin\/#\/schema\/person\/6c9b7b6db765ee31640d80c936be3686\"},\"headline\":\"Linktipp: AltenpflegePreis 2018: \u201eMobilit\u00e4t f\u00f6rdern \u2013 Selbstst\u00e4ndigkeit erhalten\u201c\",\"datePublished\":\"2018-05-16T10:10:55+00:00\",\"dateModified\":\"2024-11-19T14:33:17+00:00\",\"mainEntityOfPage\":{\"@id\":\"https:\/\/www.euroakademie.de\/magazin\/altenpflegepreis-2018-mobilitaet-erhalten\/\"},\"wordCount\":396,\"publisher\":{\"@id\":\"https:\/\/www.euroakademie.de\/magazin\/#organization\"},\"image\":{\"@id\":\"https:\/\/www.euroakademie.de\/magazin\/altenpflegepreis-2018-mobilitaet-erhalten\/#primaryimage\"},\"thumbnailUrl\":\"https:\/\/www.euroakademie.de\/magazin\/wp-content\/uploads\/2018\/05\/shutterstock_367740017_702x336_web.jpg\",\"keywords\":[\"Altenpflegehelfer\",\"Altenpflegepreis\",\"Altenpfleger\",\"Beweglichkeit\",\"Mobilit\u00e4t\",\"Pflegealltag\",\"Pflegebed\u00fcrftigkeit\",\"Selbstst\u00e4ndigkeit\",\"Sturzprophylaxe\"],\"articleSection\":[\"Gesundheit &amp; Pflege\",\"Link- und Lesetipps\"],\"inLanguage\":\"de\"},{\"@type\":\"WebPage\",\"@id\":\"https:\/\/www.euroakademie.de\/magazin\/altenpflegepreis-2018-mobilitaet-erhalten\/\",\"url\":\"https:\/\/www.euroakademie.de\/magazin\/altenpflegepreis-2018-mobilitaet-erhalten\/\",\"name\":\"Altenpflegepreis 2018 - Mobilit\u00e4t erhalten \/ Euro Akademie Magazin\",\"isPartOf\":{\"@id\":\"https:\/\/www.euroakademie.de\/magazin\/#website\"},\"primaryImageOfPage\":{\"@id\":\"https:\/\/www.euroakademie.de\/magazin\/altenpflegepreis-2018-mobilitaet-erhalten\/#primaryimage\"},\"image\":{\"@id\":\"https:\/\/www.euroakademie.de\/magazin\/altenpflegepreis-2018-mobilitaet-erhalten\/#primaryimage\"},\"thumbnailUrl\":\"https:\/\/www.euroakademie.de\/magazin\/wp-content\/uploads\/2018\/05\/shutterstock_367740017_702x336_web.jpg\",\"datePublished\":\"2018-05-16T10:10:55+00:00\",\"dateModified\":\"2024-11-19T14:33:17+00:00\",\"description\":\"Sie haben ein tolles Team aus Altenpflegern, Altenpflegehelfern und Betreuungskr\u00e4ften? Au\u00dferdem k\u00f6nnen Sie mit einem \u00fcberzeugenden Konzept zur F\u00f6rderung der Mobilit\u00e4t von pflegebed\u00fcrftigen Bewohnern punkten? Dann bewerben Sie sich bis zum 20. Juli f\u00fcr den AltenpflegePreis 2018!\",\"breadcrumb\":{\"@id\":\"https:\/\/www.euroakademie.de\/magazin\/altenpflegepreis-2018-mobilitaet-erhalten\/#breadcrumb\"},\"inLanguage\":\"de\",\"potentialAction\":[{\"@type\":\"ReadAction\",\"target\":[\"https:\/\/www.euroakademie.de\/magazin\/altenpflegepreis-2018-mobilitaet-erhalten\/\"]}]},{\"@type\":\"ImageObject\",\"inLanguage\":\"de\",\"@id\":\"https:\/\/www.euroakademie.de\/magazin\/altenpflegepreis-2018-mobilitaet-erhalten\/#primaryimage\",\"url\":\"https:\/\/www.euroakademie.de\/magazin\/wp-content\/uploads\/2018\/05\/shutterstock_367740017_702x336_web.jpg\",\"contentUrl\":\"https:\/\/www.euroakademie.de\/magazin\/wp-content\/uploads\/2018\/05\/shutterstock_367740017_702x336_web.jpg\",\"width\":702,\"height\":336,\"caption\":\"\"},{\"@type\":\"BreadcrumbList\",\"@id\":\"https:\/\/www.euroakademie.de\/magazin\/altenpflegepreis-2018-mobilitaet-erhalten\/#breadcrumb\",\"itemListElement\":[{\"@type\":\"ListItem\",\"position\":1,\"name\":\"Startseite\",\"item\":\"https:\/\/www.euroakademie.de\/magazin\/\"},{\"@type\":\"ListItem\",\"position\":2,\"name\":\"Linktipp: AltenpflegePreis 2018: \u201eMobilit\u00e4t f\u00f6rdern \u2013 Selbstst\u00e4ndigkeit erhalten\u201c\"}]},{\"@type\":\"WebSite\",\"@id\":\"https:\/\/www.euroakademie.de\/magazin\/#website\",\"url\":\"https:\/\/www.euroakademie.de\/magazin\/\",\"name\":\"Das Euro Akademie Magazin\",\"description\":\"Gut informiert durch Ausbildung und Studium\",\"publisher\":{\"@id\":\"https:\/\/www.euroakademie.de\/magazin\/#organization\"},\"potentialAction\":[{\"@type\":\"SearchAction\",\"target\":{\"@type\":\"EntryPoint\",\"urlTemplate\":\"https:\/\/www.euroakademie.de\/magazin\/?s={search_term_string}\"},\"query-input\":{\"@type\":\"PropertyValueSpecification\",\"valueRequired\":true,\"valueName\":\"search_term_string\"}}],\"inLanguage\":\"de\"},{\"@type\":\"Organization\",\"@id\":\"https:\/\/www.euroakademie.de\/magazin\/#organization\",\"name\":\"ESO Education Group\",\"url\":\"https:\/\/www.euroakademie.de\/magazin\/\",\"logo\":{\"@type\":\"ImageObject\",\"inLanguage\":\"de\",\"@id\":\"https:\/\/www.euroakademie.de\/magazin\/#\/schema\/logo\/image\/\",\"url\":\"https:\/\/relaunch.euroakademie.de\/magazin\/wp-content\/uploads\/2024\/11\/Logo_EA_negativ_Rahmen_5cm_300dpi_RGB.jpg\",\"contentUrl\":\"https:\/\/relaunch.euroakademie.de\/magazin\/wp-content\/uploads\/2024\/11\/Logo_EA_negativ_Rahmen_5cm_300dpi_RGB.jpg\",\"width\":591,\"height\":236,\"caption\":\"ESO Education Group\"},\"image\":{\"@id\":\"https:\/\/www.euroakademie.de\/magazin\/#\/schema\/logo\/image\/\"}},{\"@type\":\"Person\",\"@id\":\"https:\/\/www.euroakademie.de\/magazin\/#\/schema\/person\/6c9b7b6db765ee31640d80c936be3686\",\"name\":\"Redaktion\",\"description\":\"Die Redaktion des Euro Akademie Magazins h\u00e4lt Sie regelm\u00e4\u00dfig mit hintergr\u00fcndigen Artikeln auf dem Laufenden. Auf Basis einer fundierten Recherche und mit Spa\u00df am Schreiben erstellen die Redakteur*innen informative und unterhaltsame Inhalte f\u00fcr Sie.\",\"url\":\"https:\/\/www.euroakademie.de\/magazin\/author\/redaktion\/\"}]}<\/script>\n<!-- \/ Yoast SEO plugin. -->","yoast_head_json":{"title":"Altenpflegepreis 2018 - Mobilit\u00e4t erhalten \/ Euro Akademie Magazin","description":"Sie haben ein tolles Team aus Altenpflegern, Altenpflegehelfern und Betreuungskr\u00e4ften? Au\u00dferdem k\u00f6nnen Sie mit einem \u00fcberzeugenden Konzept zur F\u00f6rderung der Mobilit\u00e4t von pflegebed\u00fcrftigen Bewohnern punkten? Dann bewerben Sie sich bis zum 20. Juli f\u00fcr den AltenpflegePreis 2018!","robots":{"index":"index","follow":"follow","max-snippet":"max-snippet:-1","max-image-preview":"max-image-preview:large","max-video-preview":"max-video-preview:-1"},"canonical":"https:\/\/www.euroakademie.de\/magazin\/altenpflegepreis-2018-mobilitaet-erhalten\/","og_locale":"de_DE","og_type":"article","og_title":"Altenpflegepreis 2018 - Mobilit\u00e4t erhalten \/ Euro Akademie Magazin","og_description":"Sie haben ein tolles Team aus Altenpflegern, Altenpflegehelfern und Betreuungskr\u00e4ften? Au\u00dferdem k\u00f6nnen Sie mit einem \u00fcberzeugenden Konzept zur F\u00f6rderung der Mobilit\u00e4t von pflegebed\u00fcrftigen Bewohnern punkten? Dann bewerben Sie sich bis zum 20. Juli f\u00fcr den AltenpflegePreis 2018!","og_url":"https:\/\/www.euroakademie.de\/magazin\/altenpflegepreis-2018-mobilitaet-erhalten\/","og_site_name":"Das Euro Akademie Magazin","article_published_time":"2018-05-16T10:10:55+00:00","article_modified_time":"2024-11-19T14:33:17+00:00","og_image":[{"width":702,"height":336,"url":"https:\/\/www.euroakademie.de\/magazin\/wp-content\/uploads\/2018\/05\/shutterstock_367740017_702x336_web.jpg","type":"image\/jpeg"}],"author":"Redaktion","twitter_card":"summary_large_image","twitter_misc":{"Verfasst von":"Redaktion","Gesch\u00e4tzte Lesezeit":"2\u00a0Minuten"},"schema":{"@context":"https:\/\/schema.org","@graph":[{"@type":"Article","@id":"https:\/\/www.euroakademie.de\/magazin\/altenpflegepreis-2018-mobilitaet-erhalten\/#article","isPartOf":{"@id":"https:\/\/www.euroakademie.de\/magazin\/altenpflegepreis-2018-mobilitaet-erhalten\/"},"author":{"name":"Redaktion","@id":"https:\/\/www.euroakademie.de\/magazin\/#\/schema\/person\/6c9b7b6db765ee31640d80c936be3686"},"headline":"Linktipp: AltenpflegePreis 2018: \u201eMobilit\u00e4t f\u00f6rdern \u2013 Selbstst\u00e4ndigkeit erhalten\u201c","datePublished":"2018-05-16T10:10:55+00:00","dateModified":"2024-11-19T14:33:17+00:00","mainEntityOfPage":{"@id":"https:\/\/www.euroakademie.de\/magazin\/altenpflegepreis-2018-mobilitaet-erhalten\/"},"wordCount":396,"publisher":{"@id":"https:\/\/www.euroakademie.de\/magazin\/#organization"},"image":{"@id":"https:\/\/www.euroakademie.de\/magazin\/altenpflegepreis-2018-mobilitaet-erhalten\/#primaryimage"},"thumbnailUrl":"https:\/\/www.euroakademie.de\/magazin\/wp-content\/uploads\/2018\/05\/shutterstock_367740017_702x336_web.jpg","keywords":["Altenpflegehelfer","Altenpflegepreis","Altenpfleger","Beweglichkeit","Mobilit\u00e4t","Pflegealltag","Pflegebed\u00fcrftigkeit","Selbstst\u00e4ndigkeit","Sturzprophylaxe"],"articleSection":["Gesundheit &amp; Pflege","Link- und Lesetipps"],"inLanguage":"de"},{"@type":"WebPage","@id":"https:\/\/www.euroakademie.de\/magazin\/altenpflegepreis-2018-mobilitaet-erhalten\/","url":"https:\/\/www.euroakademie.de\/magazin\/altenpflegepreis-2018-mobilitaet-erhalten\/","name":"Altenpflegepreis 2018 - Mobilit\u00e4t erhalten \/ Euro Akademie Magazin","isPartOf":{"@id":"https:\/\/www.euroakademie.de\/magazin\/#website"},"primaryImageOfPage":{"@id":"https:\/\/www.euroakademie.de\/magazin\/altenpflegepreis-2018-mobilitaet-erhalten\/#primaryimage"},"image":{"@id":"https:\/\/www.euroakademie.de\/magazin\/altenpflegepreis-2018-mobilitaet-erhalten\/#primaryimage"},"thumbnailUrl":"https:\/\/www.euroakademie.de\/magazin\/wp-content\/uploads\/2018\/05\/shutterstock_367740017_702x336_web.jpg","datePublished":"2018-05-16T10:10:55+00:00","dateModified":"2024-11-19T14:33:17+00:00","description":"Sie haben ein tolles Team aus Altenpflegern, Altenpflegehelfern und Betreuungskr\u00e4ften? Au\u00dferdem k\u00f6nnen Sie mit einem \u00fcberzeugenden Konzept zur F\u00f6rderung der Mobilit\u00e4t von pflegebed\u00fcrftigen Bewohnern punkten? Dann bewerben Sie sich bis zum 20. Juli f\u00fcr den AltenpflegePreis 2018!","breadcrumb":{"@id":"https:\/\/www.euroakademie.de\/magazin\/altenpflegepreis-2018-mobilitaet-erhalten\/#breadcrumb"},"inLanguage":"de","potentialAction":[{"@type":"ReadAction","target":["https:\/\/www.euroakademie.de\/magazin\/altenpflegepreis-2018-mobilitaet-erhalten\/"]}]},{"@type":"ImageObject","inLanguage":"de","@id":"https:\/\/www.euroakademie.de\/magazin\/altenpflegepreis-2018-mobilitaet-erhalten\/#primaryimage","url":"https:\/\/www.euroakademie.de\/magazin\/wp-content\/uploads\/2018\/05\/shutterstock_367740017_702x336_web.jpg","contentUrl":"https:\/\/www.euroakademie.de\/magazin\/wp-content\/uploads\/2018\/05\/shutterstock_367740017_702x336_web.jpg","width":702,"height":336,"caption":""},{"@type":"BreadcrumbList","@id":"https:\/\/www.euroakademie.de\/magazin\/altenpflegepreis-2018-mobilitaet-erhalten\/#breadcrumb","itemListElement":[{"@type":"ListItem","position":1,"name":"Startseite","item":"https:\/\/www.euroakademie.de\/magazin\/"},{"@type":"ListItem","position":2,"name":"Linktipp: AltenpflegePreis 2018: \u201eMobilit\u00e4t f\u00f6rdern \u2013 Selbstst\u00e4ndigkeit erhalten\u201c"}]},{"@type":"WebSite","@id":"https:\/\/www.euroakademie.de\/magazin\/#website","url":"https:\/\/www.euroakademie.de\/magazin\/","name":"Das Euro Akademie Magazin","description":"Gut informiert durch Ausbildung und Studium","publisher":{"@id":"https:\/\/www.euroakademie.de\/magazin\/#organization"},"potentialAction":[{"@type":"SearchAction","target":{"@type":"EntryPoint","urlTemplate":"https:\/\/www.euroakademie.de\/magazin\/?s={search_term_string}"},"query-input":{"@type":"PropertyValueSpecification","valueRequired":true,"valueName":"search_term_string"}}],"inLanguage":"de"},{"@type":"Organization","@id":"https:\/\/www.euroakademie.de\/magazin\/#organization","name":"ESO Education Group","url":"https:\/\/www.euroakademie.de\/magazin\/","logo":{"@type":"ImageObject","inLanguage":"de","@id":"https:\/\/www.euroakademie.de\/magazin\/#\/schema\/logo\/image\/","url":"https:\/\/relaunch.euroakademie.de\/magazin\/wp-content\/uploads\/2024\/11\/Logo_EA_negativ_Rahmen_5cm_300dpi_RGB.jpg","contentUrl":"https:\/\/relaunch.euroakademie.de\/magazin\/wp-content\/uploads\/2024\/11\/Logo_EA_negativ_Rahmen_5cm_300dpi_RGB.jpg","width":591,"height":236,"caption":"ESO Education Group"},"image":{"@id":"https:\/\/www.euroakademie.de\/magazin\/#\/schema\/logo\/image\/"}},{"@type":"Person","@id":"https:\/\/www.euroakademie.de\/magazin\/#\/schema\/person\/6c9b7b6db765ee31640d80c936be3686","name":"Redaktion","description":"Die Redaktion des Euro Akademie Magazins h\u00e4lt Sie regelm\u00e4\u00dfig mit hintergr\u00fcndigen Artikeln auf dem Laufenden. Auf Basis einer fundierten Recherche und mit Spa\u00df am Schreiben erstellen die Redakteur*innen informative und unterhaltsame Inhalte f\u00fcr Sie.","url":"https:\/\/www.euroakademie.de\/magazin\/author\/redaktion\/"}]}},"_links":{"self":[{"href":"https:\/\/www.euroakademie.de\/magazin\/wp-json\/wp\/v2\/posts\/7479","targetHints":{"allow":["GET"]}}],"collection":[{"href":"https:\/\/www.euroakademie.de\/magazin\/wp-json\/wp\/v2\/posts"}],"about":[{"href":"https:\/\/www.euroakademie.de\/magazin\/wp-json\/wp\/v2\/types\/post"}],"author":[{"embeddable":true,"href":"https:\/\/www.euroakademie.de\/magazin\/wp-json\/wp\/v2\/users\/7"}],"replies":[{"embeddable":true,"href":"https:\/\/www.euroakademie.de\/magazin\/wp-json\/wp\/v2\/comments?post=7479"}],"version-history":[{"count":2,"href":"https:\/\/www.euroakademie.de\/magazin\/wp-json\/wp\/v2\/posts\/7479\/revisions"}],"predecessor-version":[{"id":23742,"href":"https:\/\/www.euroakademie.de\/magazin\/wp-json\/wp\/v2\/posts\/7479\/revisions\/23742"}],"wp:featuredmedia":[{"embeddable":true,"href":"https:\/\/www.euroakademie.de\/magazin\/wp-json\/wp\/v2\/media\/7481"}],"wp:attachment":[{"href":"https:\/\/www.euroakademie.de\/magazin\/wp-json\/wp\/v2\/media?parent=7479"}],"wp:term":[{"taxonomy":"category","embeddable":true,"href":"https:\/\/www.euroakademie.de\/magazin\/wp-json\/wp\/v2\/categories?post=7479"},{"taxonomy":"post_tag","embeddable":true,"href":"https:\/\/www.euroakademie.de\/magazin\/wp-json\/wp\/v2\/tags?post=7479"}],"curies":[{"name":"wp","href":"https:\/\/api.w.org\/{rel}","templated":true}]}}