{"id":7502,"date":"2018-05-30T07:59:13","date_gmt":"2018-05-30T05:59:13","guid":{"rendered":"https:\/\/www.euroakademie.de\/magazin\/?p=7502"},"modified":"2025-03-11T08:59:18","modified_gmt":"2025-03-11T07:59:18","slug":"berufsbildungsbericht-2018","status":"publish","type":"post","link":"https:\/\/www.euroakademie.de\/magazin\/berufsbildungsbericht-2018\/","title":{"rendered":"Berufsbildungsbericht 2018: Gute Chancen f\u00fcr Schulabg\u00e4nger"},"content":{"rendered":"<p>\t\t\t\t<![CDATA[<strong>Die Chancen auf einen Ausbildungsplatz stehen gut. Laut Berufsbildungsbericht stieg die Zahl der Ausbildungsvertr\u00e4ge im letzten Jahr wieder an. Eine Ausbildung zu absolvieren, ist attraktiver geworden \u2013 auch f\u00fcr Abiturienten. 2017 gab es mehr Ausbildungsstellen als in den Jahren zuvor. <\/strong>\n\nIn vielen Berufen gibt es zwei Ausbildungswege \u2013 die schulische Ausbildung an einer Fachakademie oder Berufsfachschule und die duale Ausbildung in einem Betrieb. F\u00fcr welche M\u00f6glichkeit der beruflichen Bildung Sie sich entscheiden, h\u00e4ngt auch ma\u00dfgeblich davon ab, wie Ihr Berufswunsch aussieht.\n\n\n<h2>Gesundheit und Soziales: Anstieg schulischer Ausbildungen<\/h2>\n\n\nM\u00f6chten Sie Kinder in Ihrer Entwicklung unterst\u00fctzen, ihr kreatives Potential erkennen und f\u00f6rdern? Dann sind Sie in einer schulischen <a href=\"https:\/\/www.euroakademie.de\/de\/ausbildung\/paedagogik-soziales\/erzieher.html\" target=\"_blank\" rel=\"noopener\">Ausbildung zum Erzieher<\/a>, <a href=\"https:\/\/www.euroakademie.de\/de\/ausbildung\/paedagogik-soziales\/kinderpfleger.html\" target=\"_blank\" rel=\"noopener\">Kinderpfleger<\/a> oder <a href=\"https:\/\/www.euroakademie.de\/de\/ausbildung\/paedagogik-soziales\/sozialassistent.html\" target=\"_blank\" rel=\"noopener\">Sozialassistent<\/a> bestens aufgehoben. An Fachschulen bekommen Sie wichtige theoretische Grundlagen f\u00fcr einen p\u00e4dagogisch qualifizierten Umgang mit dem Nachwuchs. W\u00e4hrend Ihrer Praktika setzen Sie Ihr gelerntes Fachwissen dann in die Tat um.\n\u201eDie Zahl der Anf\u00e4ngerinnen und Anf\u00e4nger in Berufen des Gesundheits-, Erziehungs- und Sozialwesens ist seit 2005 um 33.200 (+23,3 %) gestiegen. Diese Entwicklung ist vor dem Hintergrund des demografischen Wandels und dem zunehmenden Bedarf an Fachkr\u00e4ften im Gesundheitswesen einschlie\u00dflich der<a href=\"https:\/\/www.euroakademie.de\/details\/AL____RGG_Q18S_1\/Altenpflegehelferin---staatlich-anerkannt\" target=\"_blank\" rel=\"noopener\"> Altenpflege<\/a> zu sehen\u201c, so im aktuellen Berufsbildungsbericht zu lesen.\n\nAuch <a href=\"https:\/\/www.euroakademie.de\/de\/ausbildung\/gesundheit-pflege\/physiotherapeut.html\" target=\"_blank\" rel=\"noopener\">Physiotherapeuten<\/a>, <a href=\"https:\/\/www.euroakademie.de\/de\/ausbildung\/gesundheit-pflege\/masseur-und-med-bademeister.html\" target=\"_blank\" rel=\"noopener\">Masseure und medizinische Bademeister<\/a> und <a href=\"https:\/\/www.euroakademie.de\/bildungsangebote\/gesundheit-pflege\" target=\"_blank\" rel=\"noopener\">Ergotherapeuten<\/a> werden ausschlie\u00dflich an Fachakademien wie der <a href=\"https:\/\/www.euroakademie.de\/\" target=\"_blank\" rel=\"noopener\">Euro Akademie<\/a> ausgebildet. Im therapeutischen Bereich ist es von gro\u00dfer Bedeutung, sich zun\u00e4chst ein fundiertes medizinisches Grundwissen anzueignen, bevor es ans Praktizieren geht.\n\nDie schulische Ausbildung ist ebenso f\u00fcr den <a href=\"https:\/\/www.euroakademie.de\/de\/ausbildung\/fremdsprachen-internationales\/uebersetzer-dolmetscher.html\" target=\"_blank\" rel=\"noopener\">Beruf des Dolmetschers und \u00dcbersetzers<\/a> ein praxisnaher Zugang zu diesem international ausgerichteten Arbeitsfeld. Auch hier bekommen Sie Ihr Wissen von qualifizierten Dozenten der Fachschulen \u00fcbermittelt. Auslandsaufenthalte und Praktika erg\u00e4nzen die schulische Ausbildung und machen Sie zus\u00e4tzlich fit f\u00fcr die Praxis.\n\n\n<h2>Nachholbedarf bei der Berufsorientierung<\/h2>\n\n\nDas Interesse junger Erwachsener mit Studienberechtigung, die also das Abitur in der Tasche haben, ist in den letzten Jahren stetig gestiegen. Heute gibt es mehr Abiturienten in Ausbildung als Hauptschulabg\u00e4nger. Damit alle Sch\u00fcler in Haupt-, Realschule und Gymnasium umfassend \u00fcber berufliche M\u00f6glichkeiten informiert werden, gibt es seit Dezember 2017 einen Beschluss der Kultusministerkonferenz mit der<a href=\"https:\/\/www.kmk.org\/fileadmin\/Dateien\/veroeffentlichungen_beschluesse\/2017\/2017_12_07-Empfehlung-Berufliche-Orientierung-an-Schulen.pdf\" target=\"_blank\" rel=\"noopener\"> \u201eEmpfehlung zur Beruflichen Orientierung an Schulen\u201c<\/a>. Dieser beinhaltet eine f\u00e4cher\u00fcbergreifende berufliche Orientierung zu Ausbildung und Studium in Theorie und Praxis.\n\n\n<h2>Herausforderungen in der Ausbildung<\/h2>\n\n\nLaut Berufsbildungsbericht ist die Ausbildungssituation sehr gut \u2013 Deutschland hat die niedrigste Jugendarbeitslosigkeit in Europa \u2013 dennoch gibt es einige Herausforderungen, die es in den n\u00e4chsten Jahren zu meistern gilt.\n\nGerade in den sozialen Berufen und in den Pflegeberufen ist ein <a href=\"https:\/\/www.euroakademie.de\/magazin\/schwerpunkt-pflege\/\" target=\"_blank\" rel=\"noopener\">Fachkr\u00e4ftemangel<\/a> schon heute deutlich sp\u00fcrbar. Hier ist das Ziel, die Berufsbildung zu st\u00e4rken, so dass die Ausbildung eine attraktive Alternative zum Studium darstellt. Auch ausl\u00e4ndische Arbeitskr\u00e4fte sind als Ma\u00dfnahme gegen den Fachkr\u00e4ftemangel vorgesehen.\n\nDie Digitalisierung im Beruf schreitet rasant voran. Manche T\u00e4tigkeitsbereiche wird es in einigen Jahren nicht mehr geben, andere kommen hinzu. Sch\u00fcler, Auszubildende und Berufst\u00e4tige auf diese neuen Aufgaben vorzubereiten und ihnen digitale Kompetenzen zu vermitteln, geh\u00f6rt zu den wichtigsten Zielen innerhalb der Schul- und Berufsbildung in den n\u00e4chsten Jahren.\n\n&nbsp;]]>\t\t<\/p>\n","protected":false},"excerpt":{"rendered":"<p>\t\t\t\t<![CDATA[]]>\t\t<\/p>\n","protected":false},"author":58,"featured_media":7516,"comment_status":"closed","ping_status":"closed","sticky":false,"template":"","format":"standard","meta":{"footnotes":""},"categories":[118,127],"tags":[430,799,1201,1228,2146,2587,2788,4531,7300,7627],"class_list":{"0":"post-7502","1":"post","2":"type-post","3":"status-publish","4":"format-standard","5":"has-post-thumbnail","7":"category-im-fokus","8":"category-karriere","9":"tag-altenpfleger","10":"tag-ausbildung","11":"tag-berufsbildungsbericht","12":"tag-berufsorientierung","13":"tag-dolmetscher-und-uebersetzer","14":"tag-erzieher","15":"tag-fachkraeftemangel","16":"tag-kinderpfleger","17":"tag-schulische-ausbildung","18":"tag-sozialassistenten"},"yoast_head":"<!-- This site is optimized with the Yoast SEO plugin v23.5 - https:\/\/yoast.com\/wordpress\/plugins\/seo\/ -->\n<title>Berufsbildungsbericht 2018 \/ Euro Akademie Magazin<\/title>\n<meta name=\"description\" content=\"Die Chancen auf einen Ausbildungsplatz stehen gut. Laut Berufsbildungsbericht stieg die Zahl der Ausbildungsvertr\u00e4ge im letzten Jahr wieder an. Eine Ausbildung zu absolvieren, ist attraktiver geworden \u2013 auch f\u00fcr Abiturienten. 2017 gab es mehr Ausbildungsplatzsuchende und Ausbildungsstellen als in den Jahren zuvor.\" \/>\n<meta name=\"robots\" content=\"index, follow, max-snippet:-1, max-image-preview:large, max-video-preview:-1\" \/>\n<link rel=\"canonical\" href=\"https:\/\/www.euroakademie.de\/magazin\/berufsbildungsbericht-2018\/\" \/>\n<meta property=\"og:locale\" content=\"de_DE\" \/>\n<meta property=\"og:type\" content=\"article\" \/>\n<meta property=\"og:title\" content=\"Berufsbildungsbericht 2018 \/ Euro Akademie Magazin\" \/>\n<meta property=\"og:description\" content=\"Die Chancen auf einen Ausbildungsplatz stehen gut. Laut Berufsbildungsbericht stieg die Zahl der Ausbildungsvertr\u00e4ge im letzten Jahr wieder an. Eine Ausbildung zu absolvieren, ist attraktiver geworden \u2013 auch f\u00fcr Abiturienten. 2017 gab es mehr Ausbildungsplatzsuchende und Ausbildungsstellen als in den Jahren zuvor.\" \/>\n<meta property=\"og:url\" content=\"https:\/\/www.euroakademie.de\/magazin\/berufsbildungsbericht-2018\/\" \/>\n<meta property=\"og:site_name\" content=\"Das Euro Akademie Magazin\" \/>\n<meta property=\"article:published_time\" content=\"2018-05-30T05:59:13+00:00\" \/>\n<meta property=\"article:modified_time\" content=\"2025-03-11T07:59:18+00:00\" \/>\n<meta property=\"og:image\" content=\"https:\/\/www.euroakademie.de\/magazin\/wp-content\/uploads\/2018\/05\/shutterstock_147419696_702x336_web.jpeg\" \/>\n\t<meta property=\"og:image:width\" content=\"702\" \/>\n\t<meta property=\"og:image:height\" content=\"336\" \/>\n\t<meta property=\"og:image:type\" content=\"image\/jpeg\" \/>\n<meta name=\"author\" content=\"Tanja H\u00f6fling\" \/>\n<meta name=\"twitter:card\" content=\"summary_large_image\" \/>\n<meta name=\"twitter:label1\" content=\"Verfasst von\" \/>\n\t<meta name=\"twitter:data1\" content=\"Tanja H\u00f6fling\" \/>\n\t<meta name=\"twitter:label2\" content=\"Gesch\u00e4tzte Lesezeit\" \/>\n\t<meta name=\"twitter:data2\" content=\"3\u00a0Minuten\" \/>\n<script type=\"application\/ld+json\" class=\"yoast-schema-graph\">{\"@context\":\"https:\/\/schema.org\",\"@graph\":[{\"@type\":\"Article\",\"@id\":\"https:\/\/www.euroakademie.de\/magazin\/berufsbildungsbericht-2018\/#article\",\"isPartOf\":{\"@id\":\"https:\/\/www.euroakademie.de\/magazin\/berufsbildungsbericht-2018\/\"},\"author\":{\"name\":\"Tanja H\u00f6fling\",\"@id\":\"https:\/\/www.euroakademie.de\/magazin\/#\/schema\/person\/2c0d3896d19e86373c87f4ac022d4919\"},\"headline\":\"Berufsbildungsbericht 2018: Gute Chancen f\u00fcr Schulabg\u00e4nger\",\"datePublished\":\"2018-05-30T05:59:13+00:00\",\"dateModified\":\"2025-03-11T07:59:18+00:00\",\"mainEntityOfPage\":{\"@id\":\"https:\/\/www.euroakademie.de\/magazin\/berufsbildungsbericht-2018\/\"},\"wordCount\":520,\"publisher\":{\"@id\":\"https:\/\/www.euroakademie.de\/magazin\/#organization\"},\"image\":{\"@id\":\"https:\/\/www.euroakademie.de\/magazin\/berufsbildungsbericht-2018\/#primaryimage\"},\"thumbnailUrl\":\"https:\/\/www.euroakademie.de\/magazin\/wp-content\/uploads\/2018\/05\/shutterstock_147419696_702x336_web.jpeg\",\"keywords\":[\"Altenpfleger\",\"Ausbildung\",\"Berufsbildungsbericht\",\"Berufsorientierung\",\"Dolmetscher und \u00dcbersetzer\",\"Erzieher\",\"Fachkr\u00e4ftemangel\",\"Kinderpfleger\",\"Schulische Ausbildung\",\"Sozialassistenten\"],\"articleSection\":[\"Im Fokus\",\"Karriere\"],\"inLanguage\":\"de\"},{\"@type\":\"WebPage\",\"@id\":\"https:\/\/www.euroakademie.de\/magazin\/berufsbildungsbericht-2018\/\",\"url\":\"https:\/\/www.euroakademie.de\/magazin\/berufsbildungsbericht-2018\/\",\"name\":\"Berufsbildungsbericht 2018 \/ Euro Akademie Magazin\",\"isPartOf\":{\"@id\":\"https:\/\/www.euroakademie.de\/magazin\/#website\"},\"primaryImageOfPage\":{\"@id\":\"https:\/\/www.euroakademie.de\/magazin\/berufsbildungsbericht-2018\/#primaryimage\"},\"image\":{\"@id\":\"https:\/\/www.euroakademie.de\/magazin\/berufsbildungsbericht-2018\/#primaryimage\"},\"thumbnailUrl\":\"https:\/\/www.euroakademie.de\/magazin\/wp-content\/uploads\/2018\/05\/shutterstock_147419696_702x336_web.jpeg\",\"datePublished\":\"2018-05-30T05:59:13+00:00\",\"dateModified\":\"2025-03-11T07:59:18+00:00\",\"description\":\"Die Chancen auf einen Ausbildungsplatz stehen gut. Laut Berufsbildungsbericht stieg die Zahl der Ausbildungsvertr\u00e4ge im letzten Jahr wieder an. Eine Ausbildung zu absolvieren, ist attraktiver geworden \u2013 auch f\u00fcr Abiturienten. 2017 gab es mehr Ausbildungsplatzsuchende und Ausbildungsstellen als in den Jahren zuvor.\",\"breadcrumb\":{\"@id\":\"https:\/\/www.euroakademie.de\/magazin\/berufsbildungsbericht-2018\/#breadcrumb\"},\"inLanguage\":\"de\",\"potentialAction\":[{\"@type\":\"ReadAction\",\"target\":[\"https:\/\/www.euroakademie.de\/magazin\/berufsbildungsbericht-2018\/\"]}]},{\"@type\":\"ImageObject\",\"inLanguage\":\"de\",\"@id\":\"https:\/\/www.euroakademie.de\/magazin\/berufsbildungsbericht-2018\/#primaryimage\",\"url\":\"https:\/\/www.euroakademie.de\/magazin\/wp-content\/uploads\/2018\/05\/shutterstock_147419696_702x336_web.jpeg\",\"contentUrl\":\"https:\/\/www.euroakademie.de\/magazin\/wp-content\/uploads\/2018\/05\/shutterstock_147419696_702x336_web.jpeg\",\"width\":702,\"height\":336,\"caption\":\"\"},{\"@type\":\"BreadcrumbList\",\"@id\":\"https:\/\/www.euroakademie.de\/magazin\/berufsbildungsbericht-2018\/#breadcrumb\",\"itemListElement\":[{\"@type\":\"ListItem\",\"position\":1,\"name\":\"Startseite\",\"item\":\"https:\/\/www.euroakademie.de\/magazin\/\"},{\"@type\":\"ListItem\",\"position\":2,\"name\":\"Berufsbildungsbericht 2018: Gute Chancen f\u00fcr Schulabg\u00e4nger\"}]},{\"@type\":\"WebSite\",\"@id\":\"https:\/\/www.euroakademie.de\/magazin\/#website\",\"url\":\"https:\/\/www.euroakademie.de\/magazin\/\",\"name\":\"Das Euro Akademie Magazin\",\"description\":\"Gut informiert durch Ausbildung und Studium\",\"publisher\":{\"@id\":\"https:\/\/www.euroakademie.de\/magazin\/#organization\"},\"potentialAction\":[{\"@type\":\"SearchAction\",\"target\":{\"@type\":\"EntryPoint\",\"urlTemplate\":\"https:\/\/www.euroakademie.de\/magazin\/?s={search_term_string}\"},\"query-input\":{\"@type\":\"PropertyValueSpecification\",\"valueRequired\":true,\"valueName\":\"search_term_string\"}}],\"inLanguage\":\"de\"},{\"@type\":\"Organization\",\"@id\":\"https:\/\/www.euroakademie.de\/magazin\/#organization\",\"name\":\"ESO Education Group\",\"url\":\"https:\/\/www.euroakademie.de\/magazin\/\",\"logo\":{\"@type\":\"ImageObject\",\"inLanguage\":\"de\",\"@id\":\"https:\/\/www.euroakademie.de\/magazin\/#\/schema\/logo\/image\/\",\"url\":\"https:\/\/relaunch.euroakademie.de\/magazin\/wp-content\/uploads\/2024\/11\/Logo_EA_negativ_Rahmen_5cm_300dpi_RGB.jpg\",\"contentUrl\":\"https:\/\/relaunch.euroakademie.de\/magazin\/wp-content\/uploads\/2024\/11\/Logo_EA_negativ_Rahmen_5cm_300dpi_RGB.jpg\",\"width\":591,\"height\":236,\"caption\":\"ESO Education Group\"},\"image\":{\"@id\":\"https:\/\/www.euroakademie.de\/magazin\/#\/schema\/logo\/image\/\"}},{\"@type\":\"Person\",\"@id\":\"https:\/\/www.euroakademie.de\/magazin\/#\/schema\/person\/2c0d3896d19e86373c87f4ac022d4919\",\"name\":\"Tanja H\u00f6fling\",\"description\":\"Von Juli 2017 bis Juli 2022 informierte die ehemalige Online-Redakteurin des Euro Akademie Magazins regelm\u00e4\u00dfig \u00fcber Aktuelles und Wissenswertes zu den Themen Ausbildung, Studium und Beruf.\",\"url\":\"https:\/\/www.euroakademie.de\/magazin\/author\/hoeflingt\/\"}]}<\/script>\n<!-- \/ Yoast SEO plugin. -->","yoast_head_json":{"title":"Berufsbildungsbericht 2018 \/ Euro Akademie Magazin","description":"Die Chancen auf einen Ausbildungsplatz stehen gut. Laut Berufsbildungsbericht stieg die Zahl der Ausbildungsvertr\u00e4ge im letzten Jahr wieder an. Eine Ausbildung zu absolvieren, ist attraktiver geworden \u2013 auch f\u00fcr Abiturienten. 2017 gab es mehr Ausbildungsplatzsuchende und Ausbildungsstellen als in den Jahren zuvor.","robots":{"index":"index","follow":"follow","max-snippet":"max-snippet:-1","max-image-preview":"max-image-preview:large","max-video-preview":"max-video-preview:-1"},"canonical":"https:\/\/www.euroakademie.de\/magazin\/berufsbildungsbericht-2018\/","og_locale":"de_DE","og_type":"article","og_title":"Berufsbildungsbericht 2018 \/ Euro Akademie Magazin","og_description":"Die Chancen auf einen Ausbildungsplatz stehen gut. Laut Berufsbildungsbericht stieg die Zahl der Ausbildungsvertr\u00e4ge im letzten Jahr wieder an. Eine Ausbildung zu absolvieren, ist attraktiver geworden \u2013 auch f\u00fcr Abiturienten. 2017 gab es mehr Ausbildungsplatzsuchende und Ausbildungsstellen als in den Jahren zuvor.","og_url":"https:\/\/www.euroakademie.de\/magazin\/berufsbildungsbericht-2018\/","og_site_name":"Das Euro Akademie Magazin","article_published_time":"2018-05-30T05:59:13+00:00","article_modified_time":"2025-03-11T07:59:18+00:00","og_image":[{"width":702,"height":336,"url":"https:\/\/www.euroakademie.de\/magazin\/wp-content\/uploads\/2018\/05\/shutterstock_147419696_702x336_web.jpeg","type":"image\/jpeg"}],"author":"Tanja H\u00f6fling","twitter_card":"summary_large_image","twitter_misc":{"Verfasst von":"Tanja H\u00f6fling","Gesch\u00e4tzte Lesezeit":"3\u00a0Minuten"},"schema":{"@context":"https:\/\/schema.org","@graph":[{"@type":"Article","@id":"https:\/\/www.euroakademie.de\/magazin\/berufsbildungsbericht-2018\/#article","isPartOf":{"@id":"https:\/\/www.euroakademie.de\/magazin\/berufsbildungsbericht-2018\/"},"author":{"name":"Tanja H\u00f6fling","@id":"https:\/\/www.euroakademie.de\/magazin\/#\/schema\/person\/2c0d3896d19e86373c87f4ac022d4919"},"headline":"Berufsbildungsbericht 2018: Gute Chancen f\u00fcr Schulabg\u00e4nger","datePublished":"2018-05-30T05:59:13+00:00","dateModified":"2025-03-11T07:59:18+00:00","mainEntityOfPage":{"@id":"https:\/\/www.euroakademie.de\/magazin\/berufsbildungsbericht-2018\/"},"wordCount":520,"publisher":{"@id":"https:\/\/www.euroakademie.de\/magazin\/#organization"},"image":{"@id":"https:\/\/www.euroakademie.de\/magazin\/berufsbildungsbericht-2018\/#primaryimage"},"thumbnailUrl":"https:\/\/www.euroakademie.de\/magazin\/wp-content\/uploads\/2018\/05\/shutterstock_147419696_702x336_web.jpeg","keywords":["Altenpfleger","Ausbildung","Berufsbildungsbericht","Berufsorientierung","Dolmetscher und \u00dcbersetzer","Erzieher","Fachkr\u00e4ftemangel","Kinderpfleger","Schulische Ausbildung","Sozialassistenten"],"articleSection":["Im Fokus","Karriere"],"inLanguage":"de"},{"@type":"WebPage","@id":"https:\/\/www.euroakademie.de\/magazin\/berufsbildungsbericht-2018\/","url":"https:\/\/www.euroakademie.de\/magazin\/berufsbildungsbericht-2018\/","name":"Berufsbildungsbericht 2018 \/ Euro Akademie Magazin","isPartOf":{"@id":"https:\/\/www.euroakademie.de\/magazin\/#website"},"primaryImageOfPage":{"@id":"https:\/\/www.euroakademie.de\/magazin\/berufsbildungsbericht-2018\/#primaryimage"},"image":{"@id":"https:\/\/www.euroakademie.de\/magazin\/berufsbildungsbericht-2018\/#primaryimage"},"thumbnailUrl":"https:\/\/www.euroakademie.de\/magazin\/wp-content\/uploads\/2018\/05\/shutterstock_147419696_702x336_web.jpeg","datePublished":"2018-05-30T05:59:13+00:00","dateModified":"2025-03-11T07:59:18+00:00","description":"Die Chancen auf einen Ausbildungsplatz stehen gut. Laut Berufsbildungsbericht stieg die Zahl der Ausbildungsvertr\u00e4ge im letzten Jahr wieder an. Eine Ausbildung zu absolvieren, ist attraktiver geworden \u2013 auch f\u00fcr Abiturienten. 2017 gab es mehr Ausbildungsplatzsuchende und Ausbildungsstellen als in den Jahren zuvor.","breadcrumb":{"@id":"https:\/\/www.euroakademie.de\/magazin\/berufsbildungsbericht-2018\/#breadcrumb"},"inLanguage":"de","potentialAction":[{"@type":"ReadAction","target":["https:\/\/www.euroakademie.de\/magazin\/berufsbildungsbericht-2018\/"]}]},{"@type":"ImageObject","inLanguage":"de","@id":"https:\/\/www.euroakademie.de\/magazin\/berufsbildungsbericht-2018\/#primaryimage","url":"https:\/\/www.euroakademie.de\/magazin\/wp-content\/uploads\/2018\/05\/shutterstock_147419696_702x336_web.jpeg","contentUrl":"https:\/\/www.euroakademie.de\/magazin\/wp-content\/uploads\/2018\/05\/shutterstock_147419696_702x336_web.jpeg","width":702,"height":336,"caption":""},{"@type":"BreadcrumbList","@id":"https:\/\/www.euroakademie.de\/magazin\/berufsbildungsbericht-2018\/#breadcrumb","itemListElement":[{"@type":"ListItem","position":1,"name":"Startseite","item":"https:\/\/www.euroakademie.de\/magazin\/"},{"@type":"ListItem","position":2,"name":"Berufsbildungsbericht 2018: Gute Chancen f\u00fcr Schulabg\u00e4nger"}]},{"@type":"WebSite","@id":"https:\/\/www.euroakademie.de\/magazin\/#website","url":"https:\/\/www.euroakademie.de\/magazin\/","name":"Das Euro Akademie Magazin","description":"Gut informiert durch Ausbildung und Studium","publisher":{"@id":"https:\/\/www.euroakademie.de\/magazin\/#organization"},"potentialAction":[{"@type":"SearchAction","target":{"@type":"EntryPoint","urlTemplate":"https:\/\/www.euroakademie.de\/magazin\/?s={search_term_string}"},"query-input":{"@type":"PropertyValueSpecification","valueRequired":true,"valueName":"search_term_string"}}],"inLanguage":"de"},{"@type":"Organization","@id":"https:\/\/www.euroakademie.de\/magazin\/#organization","name":"ESO Education Group","url":"https:\/\/www.euroakademie.de\/magazin\/","logo":{"@type":"ImageObject","inLanguage":"de","@id":"https:\/\/www.euroakademie.de\/magazin\/#\/schema\/logo\/image\/","url":"https:\/\/relaunch.euroakademie.de\/magazin\/wp-content\/uploads\/2024\/11\/Logo_EA_negativ_Rahmen_5cm_300dpi_RGB.jpg","contentUrl":"https:\/\/relaunch.euroakademie.de\/magazin\/wp-content\/uploads\/2024\/11\/Logo_EA_negativ_Rahmen_5cm_300dpi_RGB.jpg","width":591,"height":236,"caption":"ESO Education Group"},"image":{"@id":"https:\/\/www.euroakademie.de\/magazin\/#\/schema\/logo\/image\/"}},{"@type":"Person","@id":"https:\/\/www.euroakademie.de\/magazin\/#\/schema\/person\/2c0d3896d19e86373c87f4ac022d4919","name":"Tanja H\u00f6fling","description":"Von Juli 2017 bis Juli 2022 informierte die ehemalige Online-Redakteurin des Euro Akademie Magazins regelm\u00e4\u00dfig \u00fcber Aktuelles und Wissenswertes zu den Themen Ausbildung, Studium und Beruf.","url":"https:\/\/www.euroakademie.de\/magazin\/author\/hoeflingt\/"}]}},"_links":{"self":[{"href":"https:\/\/www.euroakademie.de\/magazin\/wp-json\/wp\/v2\/posts\/7502","targetHints":{"allow":["GET"]}}],"collection":[{"href":"https:\/\/www.euroakademie.de\/magazin\/wp-json\/wp\/v2\/posts"}],"about":[{"href":"https:\/\/www.euroakademie.de\/magazin\/wp-json\/wp\/v2\/types\/post"}],"author":[{"embeddable":true,"href":"https:\/\/www.euroakademie.de\/magazin\/wp-json\/wp\/v2\/users\/58"}],"replies":[{"embeddable":true,"href":"https:\/\/www.euroakademie.de\/magazin\/wp-json\/wp\/v2\/comments?post=7502"}],"version-history":[{"count":4,"href":"https:\/\/www.euroakademie.de\/magazin\/wp-json\/wp\/v2\/posts\/7502\/revisions"}],"predecessor-version":[{"id":27757,"href":"https:\/\/www.euroakademie.de\/magazin\/wp-json\/wp\/v2\/posts\/7502\/revisions\/27757"}],"wp:featuredmedia":[{"embeddable":true,"href":"https:\/\/www.euroakademie.de\/magazin\/wp-json\/wp\/v2\/media\/7516"}],"wp:attachment":[{"href":"https:\/\/www.euroakademie.de\/magazin\/wp-json\/wp\/v2\/media?parent=7502"}],"wp:term":[{"taxonomy":"category","embeddable":true,"href":"https:\/\/www.euroakademie.de\/magazin\/wp-json\/wp\/v2\/categories?post=7502"},{"taxonomy":"post_tag","embeddable":true,"href":"https:\/\/www.euroakademie.de\/magazin\/wp-json\/wp\/v2\/tags?post=7502"}],"curies":[{"name":"wp","href":"https:\/\/api.w.org\/{rel}","templated":true}]}}