{"id":7648,"date":"2018-07-19T09:22:31","date_gmt":"2018-07-19T07:22:31","guid":{"rendered":"https:\/\/www.euroakademie.de\/magazin\/?p=7648"},"modified":"2018-07-19T09:22:31","modified_gmt":"2018-07-19T07:22:31","slug":"lesetipp-was-sind-meine-staerken","status":"publish","type":"post","link":"https:\/\/www.euroakademie.de\/magazin\/lesetipp-was-sind-meine-staerken\/","title":{"rendered":"Lesetipp: Was sind meine St\u00e4rken?"},"content":{"rendered":"<p>\t\t\t\t<![CDATA[<strong>Wann ist eine St\u00e4rke \u00fcberhaupt eine St\u00e4rke? Warum sch\u00e4tzen wir unsere St\u00e4rken oft falsch ein? Wie h\u00e4ngen St\u00e4rken mit dem Selbstbewusstsein zusammen? Jeder von uns hat seine Talente, Neigungen und besonderen F\u00e4higkeiten. St\u00e4rken zu erkennen und sie auch auszuleben, ist wichtig \u2013 beruflich und privat.<\/strong>\n\nEgal, ob Sie auf der Suche nach der richtigen <a href=\"https:\/\/www.euroakademie.de\/de\/ausbildung.html\" target=\"_blank\" rel=\"noopener\">Ausbildung<\/a> sind oder sich um eine Arbeitsstelle bewerben \u2013 Sie sollten Ihre St\u00e4rken kennen. Dabei f\u00e4llt es uns leichter, die St\u00e4rken von Freunden zu benennen, als unsere eigenen Vorz\u00fcge zu sehen.\n\n\n<h2>Welche pers\u00f6nlichen St\u00e4rken fallen Ihnen spontan ein?<\/h2>\n\n\n<a href=\"https:\/\/relaunch.euroakademie.de\/magazin\/wp-content\/uploads\/2018\/07\/9783869366937.jpg.101071.jpg\"><img fetchpriority=\"high\" decoding=\"async\" class=\"wp-image-7649 size-medium alignleft\" src=\"https:\/\/relaunch.euroakademie.de\/magazin\/wp-content\/uploads\/2018\/07\/9783869366937.jpg.101071-199x300.jpg\" alt=\"\" width=\"199\" height=\"300\" srcset=\"https:\/\/www.euroakademie.de\/magazin\/wp-content\/uploads\/2018\/07\/9783869366937.jpg.101071-199x300.jpg 199w, https:\/\/www.euroakademie.de\/magazin\/wp-content\/uploads\/2018\/07\/9783869366937.jpg.101071-150x226.jpg 150w, https:\/\/www.euroakademie.de\/magazin\/wp-content\/uploads\/2018\/07\/9783869366937.jpg.101071.jpg 220w\" sizes=\"(max-width: 199px) 100vw, 199px\" \/><\/a>Testen Sie sich einmal. Welche St\u00e4rken fallen Ihnen spontan zu sich selbst ein? Vielleicht kommunikationsstark, Organisationstalent, teamf\u00e4hig, analytisch, empathisch, kreativ und zuverl\u00e4ssig? Diese Eigenschaften treffen sicher auf die meisten von uns zu \u2013 sie sind sehr allgemein \u2013 und deshalb wenig aussagekr\u00e4ftig. Laut einer Umfrage unter Studenten in den USA bezeichnen sich beispielsweise 90 Prozent als empathisch. Empathie scheint also alles andere als eine besondere pers\u00f6nliche Eigenschaft zu sein.\n\nLaut Svenja Hofert, der Autorin des Buches <a href=\"https:\/\/www.gabal-verlag.de\/buch\/was_sind_meine_staerken\/9783869366937\" target=\"_blank\" rel=\"noopener\">\u201eWas sind meine St\u00e4rken? Entdecke, was in dir steckt!\u201c<\/a>, nennen wir auch deshalb so h\u00e4ufig diese allgemeinen Eigenschaften, weil wir sie besonders oft h\u00f6ren. Au\u00dferdem k\u00f6nnen wir unsere eigenen St\u00e4rken oft gar nicht so gut benennen, weil wir quasi zu nah an uns dran sind und uns eine gewisse Distanz fehlt. Es ist also durchaus n\u00fctzlich, auch Freunde und Verwandte einmal zu fragen, welche besonderen F\u00e4higkeiten Sie haben.\n\n\n<h2>Bewertung, Selbstbild und Selbstvertrauen<\/h2>\n\n\nOft denken wir etwas ist keine St\u00e4rke, weil es viel zu einfach ist. Leicht f\u00e4llt es Ihnen aber oft nur deshalb, weil darin eine pers\u00f6nliche F\u00e4higkeit liegt. Schauen Sie also in Zukunft genau hin, wenn Ihnen etwas leicht von der Hand geht \u2013 dahinter k\u00f6nnte eine wertvolle St\u00e4rke stecken, die Sie ausbauen sollten.\n\nWelche F\u00e4higkeiten wir als unsere St\u00e4rken bezeichnen h\u00e4ngt auch von unserem Selbstbild ab. Wir sind kulturell und famili\u00e4r gepr\u00e4gt \u2013 haben Werte und Traditionen mitbekommen. Ein Amerikaner wird den Drang zur Selbstverwirklichung anders bewerten, als ein Asiate, f\u00fcr den die Gemeinschaft an erster Stelle steht.\n\nEbenso ist das Selbstvertrauen ein wichtiger Faktor bei der Beurteilung der eigenen F\u00e4higkeiten. Je wackeliger Ihr Selbstvertrauen, desto weniger St\u00e4rken schreiben Sie sich zu. Sind Sie unsicher, werden Sie sich an neue Aufgaben vielleicht gar nicht heranwagen. Auch negatives Feedback kann zu einem schlechten Selbstvertrauen beitragen \u2013 wenn Sie immer wieder h\u00f6ren, dass Sie keine\u00a0 guten Verkaufsgespr\u00e4che f\u00fchren, wird Ihr Selbstvertrauen darunter leiden. Fragen Sie sich an dieser Stelle, ob Sie die T\u00e4tigkeit als Verk\u00e4ufer m\u00f6gen. Vielleicht sind Sie ja eher der introvertierte Typ, der viel lieber ohne Kundenkontakt in einem Unternehmen arbeiten w\u00fcrde.\n\nSvenja Hofert geht mit Ihnen auf die Suche nach Ihren wahren St\u00e4rken. Das Buch enth\u00e4lt dazu 50 bildhaft beschriebene St\u00e4rken aus f\u00fcnf Bereichen \u2013 klar definiert und verst\u00e4ndlich beschrieben.\n\nWir w\u00fcnschen Ihnen viel Freude beim Entdecken Ihrer ganz pers\u00f6nlichen St\u00e4rken!\n\n&nbsp;]]>\t\t<\/p>\n","protected":false},"excerpt":{"rendered":"<p>\t\t\t\t<![CDATA[]]>\t\t<\/p>\n","protected":false},"author":7,"featured_media":7652,"comment_status":"closed","ping_status":"closed","sticky":false,"template":"","format":"standard","meta":{"footnotes":""},"categories":[139],"tags":[565,1093,1159,2809,3208,5299,7354,7420,7861,8104],"class_list":{"0":"post-7648","1":"post","2":"type-post","3":"status-publish","4":"format-standard","5":"has-post-thumbnail","7":"category-lesetipps","8":"tag-arbeit","9":"tag-begeisterung","10":"tag-beruf","11":"tag-faehigkeiten","12":"tag-freude","13":"tag-lesetipp","14":"tag-selbstbild","15":"tag-selbstvertrauen","16":"tag-staerken","17":"tag-talent"},"yoast_head":"<!-- This site is optimized with the Yoast SEO plugin v23.5 - https:\/\/yoast.com\/wordpress\/plugins\/seo\/ -->\n<title>Lesetipp: Was sind meine St\u00e4rken? \/ Euro Akademie Magazin<\/title>\n<meta name=\"description\" content=\"Pers\u00f6nliche St\u00e4rken zu finden, um sie dann beruflich und privat auszuleben, f\u00e4llt vielen schwer. Mit unserem Lesetipp erhalten Sie wertvolle Unterst\u00fctzung.\" \/>\n<meta name=\"robots\" content=\"index, follow, max-snippet:-1, max-image-preview:large, max-video-preview:-1\" \/>\n<link rel=\"canonical\" href=\"https:\/\/www.euroakademie.de\/magazin\/lesetipp-was-sind-meine-staerken\/\" \/>\n<meta property=\"og:locale\" content=\"de_DE\" \/>\n<meta property=\"og:type\" content=\"article\" \/>\n<meta property=\"og:title\" content=\"Lesetipp: Was sind meine St\u00e4rken? \/ Euro Akademie Magazin\" \/>\n<meta property=\"og:description\" content=\"Pers\u00f6nliche St\u00e4rken zu finden, um sie dann beruflich und privat auszuleben, f\u00e4llt vielen schwer. Mit unserem Lesetipp erhalten Sie wertvolle Unterst\u00fctzung.\" \/>\n<meta property=\"og:url\" content=\"https:\/\/www.euroakademie.de\/magazin\/lesetipp-was-sind-meine-staerken\/\" \/>\n<meta property=\"og:site_name\" content=\"Das Euro Akademie Magazin\" \/>\n<meta property=\"article:published_time\" content=\"2018-07-19T07:22:31+00:00\" \/>\n<meta property=\"og:image\" content=\"https:\/\/www.euroakademie.de\/magazin\/wp-content\/uploads\/2018\/07\/shutterstock_1018192246-web.jpg\" \/>\n\t<meta property=\"og:image:width\" content=\"702\" \/>\n\t<meta property=\"og:image:height\" content=\"336\" \/>\n\t<meta property=\"og:image:type\" content=\"image\/jpeg\" \/>\n<meta name=\"author\" content=\"Redaktion\" \/>\n<meta name=\"twitter:card\" content=\"summary_large_image\" \/>\n<meta name=\"twitter:label1\" content=\"Verfasst von\" \/>\n\t<meta name=\"twitter:data1\" content=\"Redaktion\" \/>\n\t<meta name=\"twitter:label2\" content=\"Gesch\u00e4tzte Lesezeit\" \/>\n\t<meta name=\"twitter:data2\" content=\"3\u00a0Minuten\" \/>\n<script type=\"application\/ld+json\" class=\"yoast-schema-graph\">{\"@context\":\"https:\/\/schema.org\",\"@graph\":[{\"@type\":\"Article\",\"@id\":\"https:\/\/www.euroakademie.de\/magazin\/lesetipp-was-sind-meine-staerken\/#article\",\"isPartOf\":{\"@id\":\"https:\/\/www.euroakademie.de\/magazin\/lesetipp-was-sind-meine-staerken\/\"},\"author\":{\"name\":\"Redaktion\",\"@id\":\"https:\/\/www.euroakademie.de\/magazin\/#\/schema\/person\/6c9b7b6db765ee31640d80c936be3686\"},\"headline\":\"Lesetipp: Was sind meine St\u00e4rken?\",\"datePublished\":\"2018-07-19T07:22:31+00:00\",\"dateModified\":\"2018-07-19T07:22:31+00:00\",\"mainEntityOfPage\":{\"@id\":\"https:\/\/www.euroakademie.de\/magazin\/lesetipp-was-sind-meine-staerken\/\"},\"wordCount\":525,\"publisher\":{\"@id\":\"https:\/\/www.euroakademie.de\/magazin\/#organization\"},\"image\":{\"@id\":\"https:\/\/www.euroakademie.de\/magazin\/lesetipp-was-sind-meine-staerken\/#primaryimage\"},\"thumbnailUrl\":\"https:\/\/www.euroakademie.de\/magazin\/wp-content\/uploads\/2018\/07\/shutterstock_1018192246-web.jpg\",\"keywords\":[\"Arbeit\",\"Begeisterung\",\"Beruf\",\"F\u00e4higkeiten\",\"Freude\",\"Lesetipp\",\"Selbstbild\",\"Selbstvertrauen\",\"St\u00e4rken\",\"Talent\"],\"articleSection\":[\"Link- und Lesetipps\"],\"inLanguage\":\"de\"},{\"@type\":\"WebPage\",\"@id\":\"https:\/\/www.euroakademie.de\/magazin\/lesetipp-was-sind-meine-staerken\/\",\"url\":\"https:\/\/www.euroakademie.de\/magazin\/lesetipp-was-sind-meine-staerken\/\",\"name\":\"Lesetipp: Was sind meine St\u00e4rken? \/ Euro Akademie Magazin\",\"isPartOf\":{\"@id\":\"https:\/\/www.euroakademie.de\/magazin\/#website\"},\"primaryImageOfPage\":{\"@id\":\"https:\/\/www.euroakademie.de\/magazin\/lesetipp-was-sind-meine-staerken\/#primaryimage\"},\"image\":{\"@id\":\"https:\/\/www.euroakademie.de\/magazin\/lesetipp-was-sind-meine-staerken\/#primaryimage\"},\"thumbnailUrl\":\"https:\/\/www.euroakademie.de\/magazin\/wp-content\/uploads\/2018\/07\/shutterstock_1018192246-web.jpg\",\"datePublished\":\"2018-07-19T07:22:31+00:00\",\"dateModified\":\"2018-07-19T07:22:31+00:00\",\"description\":\"Pers\u00f6nliche St\u00e4rken zu finden, um sie dann beruflich und privat auszuleben, f\u00e4llt vielen schwer. Mit unserem Lesetipp erhalten Sie wertvolle Unterst\u00fctzung.\",\"breadcrumb\":{\"@id\":\"https:\/\/www.euroakademie.de\/magazin\/lesetipp-was-sind-meine-staerken\/#breadcrumb\"},\"inLanguage\":\"de\",\"potentialAction\":[{\"@type\":\"ReadAction\",\"target\":[\"https:\/\/www.euroakademie.de\/magazin\/lesetipp-was-sind-meine-staerken\/\"]}]},{\"@type\":\"ImageObject\",\"inLanguage\":\"de\",\"@id\":\"https:\/\/www.euroakademie.de\/magazin\/lesetipp-was-sind-meine-staerken\/#primaryimage\",\"url\":\"https:\/\/www.euroakademie.de\/magazin\/wp-content\/uploads\/2018\/07\/shutterstock_1018192246-web.jpg\",\"contentUrl\":\"https:\/\/www.euroakademie.de\/magazin\/wp-content\/uploads\/2018\/07\/shutterstock_1018192246-web.jpg\",\"width\":702,\"height\":336,\"caption\":\"\"},{\"@type\":\"BreadcrumbList\",\"@id\":\"https:\/\/www.euroakademie.de\/magazin\/lesetipp-was-sind-meine-staerken\/#breadcrumb\",\"itemListElement\":[{\"@type\":\"ListItem\",\"position\":1,\"name\":\"Startseite\",\"item\":\"https:\/\/www.euroakademie.de\/magazin\/\"},{\"@type\":\"ListItem\",\"position\":2,\"name\":\"Lesetipp: Was sind meine St\u00e4rken?\"}]},{\"@type\":\"WebSite\",\"@id\":\"https:\/\/www.euroakademie.de\/magazin\/#website\",\"url\":\"https:\/\/www.euroakademie.de\/magazin\/\",\"name\":\"Das Euro Akademie Magazin\",\"description\":\"Gut informiert durch Ausbildung und Studium\",\"publisher\":{\"@id\":\"https:\/\/www.euroakademie.de\/magazin\/#organization\"},\"potentialAction\":[{\"@type\":\"SearchAction\",\"target\":{\"@type\":\"EntryPoint\",\"urlTemplate\":\"https:\/\/www.euroakademie.de\/magazin\/?s={search_term_string}\"},\"query-input\":{\"@type\":\"PropertyValueSpecification\",\"valueRequired\":true,\"valueName\":\"search_term_string\"}}],\"inLanguage\":\"de\"},{\"@type\":\"Organization\",\"@id\":\"https:\/\/www.euroakademie.de\/magazin\/#organization\",\"name\":\"ESO Education Group\",\"url\":\"https:\/\/www.euroakademie.de\/magazin\/\",\"logo\":{\"@type\":\"ImageObject\",\"inLanguage\":\"de\",\"@id\":\"https:\/\/www.euroakademie.de\/magazin\/#\/schema\/logo\/image\/\",\"url\":\"https:\/\/relaunch.euroakademie.de\/magazin\/wp-content\/uploads\/2024\/11\/Logo_EA_negativ_Rahmen_5cm_300dpi_RGB.jpg\",\"contentUrl\":\"https:\/\/relaunch.euroakademie.de\/magazin\/wp-content\/uploads\/2024\/11\/Logo_EA_negativ_Rahmen_5cm_300dpi_RGB.jpg\",\"width\":591,\"height\":236,\"caption\":\"ESO Education Group\"},\"image\":{\"@id\":\"https:\/\/www.euroakademie.de\/magazin\/#\/schema\/logo\/image\/\"}},{\"@type\":\"Person\",\"@id\":\"https:\/\/www.euroakademie.de\/magazin\/#\/schema\/person\/6c9b7b6db765ee31640d80c936be3686\",\"name\":\"Redaktion\",\"description\":\"Die Redaktion des Euro Akademie Magazins h\u00e4lt Sie regelm\u00e4\u00dfig mit hintergr\u00fcndigen Artikeln auf dem Laufenden. Auf Basis einer fundierten Recherche und mit Spa\u00df am Schreiben erstellen die Redakteur*innen informative und unterhaltsame Inhalte f\u00fcr Sie.\",\"url\":\"https:\/\/www.euroakademie.de\/magazin\/author\/redaktion\/\"}]}<\/script>\n<!-- \/ Yoast SEO plugin. -->","yoast_head_json":{"title":"Lesetipp: Was sind meine St\u00e4rken? \/ Euro Akademie Magazin","description":"Pers\u00f6nliche St\u00e4rken zu finden, um sie dann beruflich und privat auszuleben, f\u00e4llt vielen schwer. Mit unserem Lesetipp erhalten Sie wertvolle Unterst\u00fctzung.","robots":{"index":"index","follow":"follow","max-snippet":"max-snippet:-1","max-image-preview":"max-image-preview:large","max-video-preview":"max-video-preview:-1"},"canonical":"https:\/\/www.euroakademie.de\/magazin\/lesetipp-was-sind-meine-staerken\/","og_locale":"de_DE","og_type":"article","og_title":"Lesetipp: Was sind meine St\u00e4rken? \/ Euro Akademie Magazin","og_description":"Pers\u00f6nliche St\u00e4rken zu finden, um sie dann beruflich und privat auszuleben, f\u00e4llt vielen schwer. Mit unserem Lesetipp erhalten Sie wertvolle Unterst\u00fctzung.","og_url":"https:\/\/www.euroakademie.de\/magazin\/lesetipp-was-sind-meine-staerken\/","og_site_name":"Das Euro Akademie Magazin","article_published_time":"2018-07-19T07:22:31+00:00","og_image":[{"width":702,"height":336,"url":"https:\/\/www.euroakademie.de\/magazin\/wp-content\/uploads\/2018\/07\/shutterstock_1018192246-web.jpg","type":"image\/jpeg"}],"author":"Redaktion","twitter_card":"summary_large_image","twitter_misc":{"Verfasst von":"Redaktion","Gesch\u00e4tzte Lesezeit":"3\u00a0Minuten"},"schema":{"@context":"https:\/\/schema.org","@graph":[{"@type":"Article","@id":"https:\/\/www.euroakademie.de\/magazin\/lesetipp-was-sind-meine-staerken\/#article","isPartOf":{"@id":"https:\/\/www.euroakademie.de\/magazin\/lesetipp-was-sind-meine-staerken\/"},"author":{"name":"Redaktion","@id":"https:\/\/www.euroakademie.de\/magazin\/#\/schema\/person\/6c9b7b6db765ee31640d80c936be3686"},"headline":"Lesetipp: Was sind meine St\u00e4rken?","datePublished":"2018-07-19T07:22:31+00:00","dateModified":"2018-07-19T07:22:31+00:00","mainEntityOfPage":{"@id":"https:\/\/www.euroakademie.de\/magazin\/lesetipp-was-sind-meine-staerken\/"},"wordCount":525,"publisher":{"@id":"https:\/\/www.euroakademie.de\/magazin\/#organization"},"image":{"@id":"https:\/\/www.euroakademie.de\/magazin\/lesetipp-was-sind-meine-staerken\/#primaryimage"},"thumbnailUrl":"https:\/\/www.euroakademie.de\/magazin\/wp-content\/uploads\/2018\/07\/shutterstock_1018192246-web.jpg","keywords":["Arbeit","Begeisterung","Beruf","F\u00e4higkeiten","Freude","Lesetipp","Selbstbild","Selbstvertrauen","St\u00e4rken","Talent"],"articleSection":["Link- und Lesetipps"],"inLanguage":"de"},{"@type":"WebPage","@id":"https:\/\/www.euroakademie.de\/magazin\/lesetipp-was-sind-meine-staerken\/","url":"https:\/\/www.euroakademie.de\/magazin\/lesetipp-was-sind-meine-staerken\/","name":"Lesetipp: Was sind meine St\u00e4rken? \/ Euro Akademie Magazin","isPartOf":{"@id":"https:\/\/www.euroakademie.de\/magazin\/#website"},"primaryImageOfPage":{"@id":"https:\/\/www.euroakademie.de\/magazin\/lesetipp-was-sind-meine-staerken\/#primaryimage"},"image":{"@id":"https:\/\/www.euroakademie.de\/magazin\/lesetipp-was-sind-meine-staerken\/#primaryimage"},"thumbnailUrl":"https:\/\/www.euroakademie.de\/magazin\/wp-content\/uploads\/2018\/07\/shutterstock_1018192246-web.jpg","datePublished":"2018-07-19T07:22:31+00:00","dateModified":"2018-07-19T07:22:31+00:00","description":"Pers\u00f6nliche St\u00e4rken zu finden, um sie dann beruflich und privat auszuleben, f\u00e4llt vielen schwer. Mit unserem Lesetipp erhalten Sie wertvolle Unterst\u00fctzung.","breadcrumb":{"@id":"https:\/\/www.euroakademie.de\/magazin\/lesetipp-was-sind-meine-staerken\/#breadcrumb"},"inLanguage":"de","potentialAction":[{"@type":"ReadAction","target":["https:\/\/www.euroakademie.de\/magazin\/lesetipp-was-sind-meine-staerken\/"]}]},{"@type":"ImageObject","inLanguage":"de","@id":"https:\/\/www.euroakademie.de\/magazin\/lesetipp-was-sind-meine-staerken\/#primaryimage","url":"https:\/\/www.euroakademie.de\/magazin\/wp-content\/uploads\/2018\/07\/shutterstock_1018192246-web.jpg","contentUrl":"https:\/\/www.euroakademie.de\/magazin\/wp-content\/uploads\/2018\/07\/shutterstock_1018192246-web.jpg","width":702,"height":336,"caption":""},{"@type":"BreadcrumbList","@id":"https:\/\/www.euroakademie.de\/magazin\/lesetipp-was-sind-meine-staerken\/#breadcrumb","itemListElement":[{"@type":"ListItem","position":1,"name":"Startseite","item":"https:\/\/www.euroakademie.de\/magazin\/"},{"@type":"ListItem","position":2,"name":"Lesetipp: Was sind meine St\u00e4rken?"}]},{"@type":"WebSite","@id":"https:\/\/www.euroakademie.de\/magazin\/#website","url":"https:\/\/www.euroakademie.de\/magazin\/","name":"Das Euro Akademie Magazin","description":"Gut informiert durch Ausbildung und Studium","publisher":{"@id":"https:\/\/www.euroakademie.de\/magazin\/#organization"},"potentialAction":[{"@type":"SearchAction","target":{"@type":"EntryPoint","urlTemplate":"https:\/\/www.euroakademie.de\/magazin\/?s={search_term_string}"},"query-input":{"@type":"PropertyValueSpecification","valueRequired":true,"valueName":"search_term_string"}}],"inLanguage":"de"},{"@type":"Organization","@id":"https:\/\/www.euroakademie.de\/magazin\/#organization","name":"ESO Education Group","url":"https:\/\/www.euroakademie.de\/magazin\/","logo":{"@type":"ImageObject","inLanguage":"de","@id":"https:\/\/www.euroakademie.de\/magazin\/#\/schema\/logo\/image\/","url":"https:\/\/relaunch.euroakademie.de\/magazin\/wp-content\/uploads\/2024\/11\/Logo_EA_negativ_Rahmen_5cm_300dpi_RGB.jpg","contentUrl":"https:\/\/relaunch.euroakademie.de\/magazin\/wp-content\/uploads\/2024\/11\/Logo_EA_negativ_Rahmen_5cm_300dpi_RGB.jpg","width":591,"height":236,"caption":"ESO Education Group"},"image":{"@id":"https:\/\/www.euroakademie.de\/magazin\/#\/schema\/logo\/image\/"}},{"@type":"Person","@id":"https:\/\/www.euroakademie.de\/magazin\/#\/schema\/person\/6c9b7b6db765ee31640d80c936be3686","name":"Redaktion","description":"Die Redaktion des Euro Akademie Magazins h\u00e4lt Sie regelm\u00e4\u00dfig mit hintergr\u00fcndigen Artikeln auf dem Laufenden. Auf Basis einer fundierten Recherche und mit Spa\u00df am Schreiben erstellen die Redakteur*innen informative und unterhaltsame Inhalte f\u00fcr Sie.","url":"https:\/\/www.euroakademie.de\/magazin\/author\/redaktion\/"}]}},"_links":{"self":[{"href":"https:\/\/www.euroakademie.de\/magazin\/wp-json\/wp\/v2\/posts\/7648","targetHints":{"allow":["GET"]}}],"collection":[{"href":"https:\/\/www.euroakademie.de\/magazin\/wp-json\/wp\/v2\/posts"}],"about":[{"href":"https:\/\/www.euroakademie.de\/magazin\/wp-json\/wp\/v2\/types\/post"}],"author":[{"embeddable":true,"href":"https:\/\/www.euroakademie.de\/magazin\/wp-json\/wp\/v2\/users\/7"}],"replies":[{"embeddable":true,"href":"https:\/\/www.euroakademie.de\/magazin\/wp-json\/wp\/v2\/comments?post=7648"}],"version-history":[{"count":0,"href":"https:\/\/www.euroakademie.de\/magazin\/wp-json\/wp\/v2\/posts\/7648\/revisions"}],"wp:featuredmedia":[{"embeddable":true,"href":"https:\/\/www.euroakademie.de\/magazin\/wp-json\/wp\/v2\/media\/7652"}],"wp:attachment":[{"href":"https:\/\/www.euroakademie.de\/magazin\/wp-json\/wp\/v2\/media?parent=7648"}],"wp:term":[{"taxonomy":"category","embeddable":true,"href":"https:\/\/www.euroakademie.de\/magazin\/wp-json\/wp\/v2\/categories?post=7648"},{"taxonomy":"post_tag","embeddable":true,"href":"https:\/\/www.euroakademie.de\/magazin\/wp-json\/wp\/v2\/tags?post=7648"}],"curies":[{"name":"wp","href":"https:\/\/api.w.org\/{rel}","templated":true}]}}