{"id":7656,"date":"2018-07-24T15:21:23","date_gmt":"2018-07-24T13:21:23","guid":{"rendered":"https:\/\/www.euroakademie.de\/magazin\/?p=7656"},"modified":"2018-07-24T15:21:23","modified_gmt":"2018-07-24T13:21:23","slug":"von-wegen-als-sozialassistent-arbeiten-nur-frauen","status":"publish","type":"post","link":"https:\/\/www.euroakademie.de\/magazin\/von-wegen-als-sozialassistent-arbeiten-nur-frauen\/","title":{"rendered":"Von wegen als Sozialassistent arbeiten nur Frauen!"},"content":{"rendered":"<p>\t\t\t\t<![CDATA[<strong>Immer noch sind es vor allem Frauen, die sich f\u00fcr die Ausbildung zum Sozialassistenten entscheiden. Dabei ist die Freude an der Arbeit mit Menschen gar keine typisch weibliche Eigenschaft. <\/strong>\n\nDer vierj\u00e4hrige Valentin steht in der Puppenwohnung und versucht verzweifelt der Babypuppe Hose und Pullover anzuziehen. \u201eKann ich dir helfen, Valentin?\u201c, fragt Sebastian, der neue Auszubildende zum Sozialassistenten in einer Berliner Kita. Lange hat er \u00fcberlegt, ob er diesen Beruf ergreifen soll, nach einem Praktikum im Kindergarten seines Wohnortes war aber klar, er m\u00f6chte diese p\u00e4dagogisch-pflegerische Ausbildung starten \u2013 das ist genau sein Ding.\n\n\n<h2>Anzahl der M\u00e4nner in sozialen Berufen steigt<\/h2>\n\n\nM\u00e4nner haben es nicht immer leicht, wenn Sie sich f\u00fcr einen sozialen Beruf entscheiden, da sie immer wieder mit Vorurteilen zu k\u00e4mpfen haben. Die Arbeit in der fr\u00fchkindlichen P\u00e4dagogik und pflegerische T\u00e4tigkeiten sind f\u00fcr viele schlichtweg immer noch \u201eFrauensache\u201c.\n\nDabei gibt es eine positive Tendenz in deutschen Kitas \u2013 laut der Koordinationsstelle \u201eM\u00e4nner in Kitas\u201c ist die Zahl der m\u00e4nnlichen Mitarbeiter zwischen 2006 und 2017 von 11.006 auf 34.381 angestiegen. Knapp sechs Prozent aller Sozialassistenten, Kinderpfleger, Erzieher, Praktikanten und Freiwilligendienstler im Bereich der fr\u00fchkindlichen Betreuung sind also heute m\u00e4nnlich. Von den empfohlenen 20 Prozent M\u00e4nneranteil in Kitas bis 2020 sind wir trotzdem noch weit entfernt.\n\n\n<h2>Warum die Ausbildung zum Sozialassistenten?<\/h2>\n\n\nAls <a href=\"https:\/\/www.euroakademie.de\/de\/ausbildung\/paedagogik-soziales\/sozialassistent.html\" target=\"_blank\" rel=\"noopener\">Auszubildender zum Sozialassistenten<\/a> k\u00f6nnen Sie in verschiedene p\u00e4dagogische und pflegerische Arbeitsbereiche reinschnuppern. Sie haben die M\u00f6glichkeit, Praktika in der Altenpflege zu absolvieren, im Kindergarten p\u00e4dagogisch t\u00e4tig zu sein oder Menschen mit Behinderung in ihrem Alltag zu unterst\u00fctzen.\n\nDie Freude an der Arbeit mit Menschen ist weder weiblich noch m\u00e4nnlich \u2013 sie ist menschlich. Deshalb sollten sich M\u00e4nner keinesfalls von irgendwelchen alten Klischees daran hindern lassen, einen pflegerischen oder p\u00e4dagogischen Beruf zu ergreifen, um beispielsweise Sozialassistent zu werden.\n\n\n<h2>M\u00e4nnliche Vorbilder braucht die Kita!<\/h2>\n\n\nM\u00e4nner sind wichtig im Alltag von Kindern \u2013 auch au\u00dferhalb der Familie. Klar, auch Frauen spielen Fu\u00dfball, sind handwerklich begabt und k\u00f6nnen prima klettern. Sie tun es aber auf andere Art und Weise als m\u00e4nnliche Zeitgenossen. Die meisten M\u00e4nner halten zum Beispiel mehr aus, wenn es um gef\u00e4hrliche Situationen geht \u2013 sie lassen die Kinder auch mal zwei Stufen h\u00f6her klettern. Daf\u00fcr sind weibliche P\u00e4dagogen oft einf\u00fchlsamer und beobachten das Verhalten der Kinder ganz genau.\n\nFest steht, Kinder brauchen weibliche und m\u00e4nnliche Vorbilder f\u00fcr eine gesunde Entwicklung. Rollenklischees haben in Kitas, in denen Frauen und M\u00e4nner ganz selbstverst\u00e4ndlich die gleichen Dinge tun, keine Chance. Und wieso sollten M\u00e4nner weniger Freude daran haben, neue Spiele in der Kita zu kreieren, Entwicklungsgespr\u00e4che mit Eltern zu f\u00fchren oder Konflikte zu schlichten?\n\nAuch im pflegerischen Bereich finden M\u00e4nner als <a href=\"https:\/\/www.euroakademie.de\/magazin\/ausbildung-zum-sozialassistenten\/\" target=\"_blank\" rel=\"noopener\">Sozialassistent<\/a> ihre Erf\u00fcllung, wenn sie gerne mit \u00e4lteren Menschen zu tun haben, sich f\u00fcr medizinische Themen interessieren oder mit Angeh\u00f6rigen pflegebed\u00fcrftiger Menschen \u00fcber Ma\u00dfnahmen zur Erhaltung der Selbstst\u00e4ndigkeit sprechen.\n\n\n<h2>Sichere Zukunft \u2013 auch f\u00fcr M\u00e4nner<\/h2>\n\n\nWenn Sie eine Ausbildung in einem sozialen Beruf absolvieren, haben Sie sp\u00e4ter sicher keine Probleme bei der Stellensuche. Sie k\u00f6nnen sich die Institution oder das Unternehmen aussuchen, bei dem Sie arbeiten m\u00f6chten \u2013 und den Arbeitsort gleich dazu.\n\nOrientieren k\u00f6nnen sich Jungs am allj\u00e4hrlichen Boys\u2018 Day, 2011 ins Leben gerufen. Er bietet Jungs ab der 5. Klasse \u00fcber 200.000 Pl\u00e4tze zur Berufsorientierung. Dieser Tag soll sie ermutigen, sich Berufe in denen \u00fcberwiegend Frauen arbeiten, einmal n\u00e4her anzusehen. Wie der Girls\u2018 Day soll auch er zu einer Berufswahl ohne Geschlechterbarrieren beitragen. \u00dcbrigens: 27 Prozent der Teilnehmer am Boys\u2018 Day k\u00f6nnen sich nach diesem Schnuppertag vorstellen, einen Beruf in einem weiblich dominierten Berufszweig zu ergreifen.\n\n&nbsp;]]>\t\t<\/p>\n","protected":false},"excerpt":{"rendered":"<p>\t\t\t\t<![CDATA[]]>\t\t<\/p>\n","protected":false},"author":58,"featured_media":7659,"comment_status":"closed","ping_status":"closed","sticky":false,"template":"","format":"standard","meta":{"footnotes":""},"categories":[67,19],"tags":[1228,1570,2587,2650,3124,3451,4582,4648,6829,7624,8935],"class_list":{"0":"post-7656","1":"post","2":"type-post","3":"status-publish","4":"format-standard","5":"has-post-thumbnail","7":"category-ausbildung-des-monats","8":"category-paedagogik-soziales","9":"tag-berufsorientierung","10":"tag-boys-day","11":"tag-erzieher","12":"tag-eu-programm-quereinstieg-maenner-und-frauen-in-kitas","13":"tag-frauen","14":"tag-gender","15":"tag-kita","16":"tag-klischees","17":"tag-quereinstieg","18":"tag-sozialassistent","19":"tag-vorbilder"},"yoast_head":"<!-- This site is optimized with the Yoast SEO plugin v23.5 - https:\/\/yoast.com\/wordpress\/plugins\/seo\/ -->\n<title>Von wegen als Sozialassistent arbeiten nur Frauen! \/ Euro Akademie Magazin<\/title>\n<meta name=\"description\" content=\"Immer noch sind es oft Frauen, die eine Ausbildung zum Sozialassistenten machen. Dabei ist die Freude an der Arbeit mit Menschen nicht typisch weiblich.\" \/>\n<meta name=\"robots\" content=\"index, follow, max-snippet:-1, max-image-preview:large, max-video-preview:-1\" \/>\n<link rel=\"canonical\" href=\"https:\/\/www.euroakademie.de\/magazin\/von-wegen-als-sozialassistent-arbeiten-nur-frauen\/\" \/>\n<meta property=\"og:locale\" content=\"de_DE\" \/>\n<meta property=\"og:type\" content=\"article\" \/>\n<meta property=\"og:title\" content=\"Von wegen als Sozialassistent arbeiten nur Frauen! \/ Euro Akademie Magazin\" \/>\n<meta property=\"og:description\" content=\"Immer noch sind es oft Frauen, die eine Ausbildung zum Sozialassistenten machen. Dabei ist die Freude an der Arbeit mit Menschen nicht typisch weiblich.\" \/>\n<meta property=\"og:url\" content=\"https:\/\/www.euroakademie.de\/magazin\/von-wegen-als-sozialassistent-arbeiten-nur-frauen\/\" \/>\n<meta property=\"og:site_name\" content=\"Das Euro Akademie Magazin\" \/>\n<meta property=\"article:published_time\" content=\"2018-07-24T13:21:23+00:00\" \/>\n<meta property=\"og:image\" content=\"https:\/\/www.euroakademie.de\/magazin\/wp-content\/uploads\/2018\/07\/shutterstock_640434790_702x336_web.jpg\" \/>\n\t<meta property=\"og:image:width\" content=\"702\" \/>\n\t<meta property=\"og:image:height\" content=\"336\" \/>\n\t<meta property=\"og:image:type\" content=\"image\/jpeg\" \/>\n<meta name=\"author\" content=\"Tanja H\u00f6fling\" \/>\n<meta name=\"twitter:card\" content=\"summary_large_image\" \/>\n<meta name=\"twitter:label1\" content=\"Verfasst von\" \/>\n\t<meta name=\"twitter:data1\" content=\"Tanja H\u00f6fling\" \/>\n\t<meta name=\"twitter:label2\" content=\"Gesch\u00e4tzte Lesezeit\" \/>\n\t<meta name=\"twitter:data2\" content=\"3\u00a0Minuten\" \/>\n<script type=\"application\/ld+json\" class=\"yoast-schema-graph\">{\"@context\":\"https:\/\/schema.org\",\"@graph\":[{\"@type\":\"Article\",\"@id\":\"https:\/\/www.euroakademie.de\/magazin\/von-wegen-als-sozialassistent-arbeiten-nur-frauen\/#article\",\"isPartOf\":{\"@id\":\"https:\/\/www.euroakademie.de\/magazin\/von-wegen-als-sozialassistent-arbeiten-nur-frauen\/\"},\"author\":{\"name\":\"Tanja H\u00f6fling\",\"@id\":\"https:\/\/www.euroakademie.de\/magazin\/#\/schema\/person\/2c0d3896d19e86373c87f4ac022d4919\"},\"headline\":\"Von wegen als Sozialassistent arbeiten nur Frauen!\",\"datePublished\":\"2018-07-24T13:21:23+00:00\",\"dateModified\":\"2018-07-24T13:21:23+00:00\",\"mainEntityOfPage\":{\"@id\":\"https:\/\/www.euroakademie.de\/magazin\/von-wegen-als-sozialassistent-arbeiten-nur-frauen\/\"},\"wordCount\":629,\"publisher\":{\"@id\":\"https:\/\/www.euroakademie.de\/magazin\/#organization\"},\"image\":{\"@id\":\"https:\/\/www.euroakademie.de\/magazin\/von-wegen-als-sozialassistent-arbeiten-nur-frauen\/#primaryimage\"},\"thumbnailUrl\":\"https:\/\/www.euroakademie.de\/magazin\/wp-content\/uploads\/2018\/07\/shutterstock_640434790_702x336_web.jpg\",\"keywords\":[\"Berufsorientierung\",\"Boys' Day\",\"Erzieher\",\"EU-Programm: Quereinstieg - M\u00e4nner und Frauen in Kitas\",\"Frauen\",\"Gender\",\"Kita\",\"Klischees\",\"Quereinstieg\",\"Sozialassistent\",\"Vorbilder\"],\"articleSection\":[\"Ausbildungen im Portrait\",\"P\u00e4dagogik &amp; Soziales\"],\"inLanguage\":\"de\"},{\"@type\":\"WebPage\",\"@id\":\"https:\/\/www.euroakademie.de\/magazin\/von-wegen-als-sozialassistent-arbeiten-nur-frauen\/\",\"url\":\"https:\/\/www.euroakademie.de\/magazin\/von-wegen-als-sozialassistent-arbeiten-nur-frauen\/\",\"name\":\"Von wegen als Sozialassistent arbeiten nur Frauen! \/ Euro Akademie Magazin\",\"isPartOf\":{\"@id\":\"https:\/\/www.euroakademie.de\/magazin\/#website\"},\"primaryImageOfPage\":{\"@id\":\"https:\/\/www.euroakademie.de\/magazin\/von-wegen-als-sozialassistent-arbeiten-nur-frauen\/#primaryimage\"},\"image\":{\"@id\":\"https:\/\/www.euroakademie.de\/magazin\/von-wegen-als-sozialassistent-arbeiten-nur-frauen\/#primaryimage\"},\"thumbnailUrl\":\"https:\/\/www.euroakademie.de\/magazin\/wp-content\/uploads\/2018\/07\/shutterstock_640434790_702x336_web.jpg\",\"datePublished\":\"2018-07-24T13:21:23+00:00\",\"dateModified\":\"2018-07-24T13:21:23+00:00\",\"description\":\"Immer noch sind es oft Frauen, die eine Ausbildung zum Sozialassistenten machen. Dabei ist die Freude an der Arbeit mit Menschen nicht typisch weiblich.\",\"breadcrumb\":{\"@id\":\"https:\/\/www.euroakademie.de\/magazin\/von-wegen-als-sozialassistent-arbeiten-nur-frauen\/#breadcrumb\"},\"inLanguage\":\"de\",\"potentialAction\":[{\"@type\":\"ReadAction\",\"target\":[\"https:\/\/www.euroakademie.de\/magazin\/von-wegen-als-sozialassistent-arbeiten-nur-frauen\/\"]}]},{\"@type\":\"ImageObject\",\"inLanguage\":\"de\",\"@id\":\"https:\/\/www.euroakademie.de\/magazin\/von-wegen-als-sozialassistent-arbeiten-nur-frauen\/#primaryimage\",\"url\":\"https:\/\/www.euroakademie.de\/magazin\/wp-content\/uploads\/2018\/07\/shutterstock_640434790_702x336_web.jpg\",\"contentUrl\":\"https:\/\/www.euroakademie.de\/magazin\/wp-content\/uploads\/2018\/07\/shutterstock_640434790_702x336_web.jpg\",\"width\":702,\"height\":336,\"caption\":\"\"},{\"@type\":\"BreadcrumbList\",\"@id\":\"https:\/\/www.euroakademie.de\/magazin\/von-wegen-als-sozialassistent-arbeiten-nur-frauen\/#breadcrumb\",\"itemListElement\":[{\"@type\":\"ListItem\",\"position\":1,\"name\":\"Startseite\",\"item\":\"https:\/\/www.euroakademie.de\/magazin\/\"},{\"@type\":\"ListItem\",\"position\":2,\"name\":\"Von wegen als Sozialassistent arbeiten nur Frauen!\"}]},{\"@type\":\"WebSite\",\"@id\":\"https:\/\/www.euroakademie.de\/magazin\/#website\",\"url\":\"https:\/\/www.euroakademie.de\/magazin\/\",\"name\":\"Das Euro Akademie Magazin\",\"description\":\"Gut informiert durch Ausbildung und Studium\",\"publisher\":{\"@id\":\"https:\/\/www.euroakademie.de\/magazin\/#organization\"},\"potentialAction\":[{\"@type\":\"SearchAction\",\"target\":{\"@type\":\"EntryPoint\",\"urlTemplate\":\"https:\/\/www.euroakademie.de\/magazin\/?s={search_term_string}\"},\"query-input\":{\"@type\":\"PropertyValueSpecification\",\"valueRequired\":true,\"valueName\":\"search_term_string\"}}],\"inLanguage\":\"de\"},{\"@type\":\"Organization\",\"@id\":\"https:\/\/www.euroakademie.de\/magazin\/#organization\",\"name\":\"ESO Education Group\",\"url\":\"https:\/\/www.euroakademie.de\/magazin\/\",\"logo\":{\"@type\":\"ImageObject\",\"inLanguage\":\"de\",\"@id\":\"https:\/\/www.euroakademie.de\/magazin\/#\/schema\/logo\/image\/\",\"url\":\"https:\/\/relaunch.euroakademie.de\/magazin\/wp-content\/uploads\/2024\/11\/Logo_EA_negativ_Rahmen_5cm_300dpi_RGB.jpg\",\"contentUrl\":\"https:\/\/relaunch.euroakademie.de\/magazin\/wp-content\/uploads\/2024\/11\/Logo_EA_negativ_Rahmen_5cm_300dpi_RGB.jpg\",\"width\":591,\"height\":236,\"caption\":\"ESO Education Group\"},\"image\":{\"@id\":\"https:\/\/www.euroakademie.de\/magazin\/#\/schema\/logo\/image\/\"}},{\"@type\":\"Person\",\"@id\":\"https:\/\/www.euroakademie.de\/magazin\/#\/schema\/person\/2c0d3896d19e86373c87f4ac022d4919\",\"name\":\"Tanja H\u00f6fling\",\"description\":\"Von Juli 2017 bis Juli 2022 informierte die ehemalige Online-Redakteurin des Euro Akademie Magazins regelm\u00e4\u00dfig \u00fcber Aktuelles und Wissenswertes zu den Themen Ausbildung, Studium und Beruf.\",\"url\":\"https:\/\/www.euroakademie.de\/magazin\/author\/hoeflingt\/\"}]}<\/script>\n<!-- \/ Yoast SEO plugin. -->","yoast_head_json":{"title":"Von wegen als Sozialassistent arbeiten nur Frauen! \/ Euro Akademie Magazin","description":"Immer noch sind es oft Frauen, die eine Ausbildung zum Sozialassistenten machen. Dabei ist die Freude an der Arbeit mit Menschen nicht typisch weiblich.","robots":{"index":"index","follow":"follow","max-snippet":"max-snippet:-1","max-image-preview":"max-image-preview:large","max-video-preview":"max-video-preview:-1"},"canonical":"https:\/\/www.euroakademie.de\/magazin\/von-wegen-als-sozialassistent-arbeiten-nur-frauen\/","og_locale":"de_DE","og_type":"article","og_title":"Von wegen als Sozialassistent arbeiten nur Frauen! \/ Euro Akademie Magazin","og_description":"Immer noch sind es oft Frauen, die eine Ausbildung zum Sozialassistenten machen. Dabei ist die Freude an der Arbeit mit Menschen nicht typisch weiblich.","og_url":"https:\/\/www.euroakademie.de\/magazin\/von-wegen-als-sozialassistent-arbeiten-nur-frauen\/","og_site_name":"Das Euro Akademie Magazin","article_published_time":"2018-07-24T13:21:23+00:00","og_image":[{"width":702,"height":336,"url":"https:\/\/www.euroakademie.de\/magazin\/wp-content\/uploads\/2018\/07\/shutterstock_640434790_702x336_web.jpg","type":"image\/jpeg"}],"author":"Tanja H\u00f6fling","twitter_card":"summary_large_image","twitter_misc":{"Verfasst von":"Tanja H\u00f6fling","Gesch\u00e4tzte Lesezeit":"3\u00a0Minuten"},"schema":{"@context":"https:\/\/schema.org","@graph":[{"@type":"Article","@id":"https:\/\/www.euroakademie.de\/magazin\/von-wegen-als-sozialassistent-arbeiten-nur-frauen\/#article","isPartOf":{"@id":"https:\/\/www.euroakademie.de\/magazin\/von-wegen-als-sozialassistent-arbeiten-nur-frauen\/"},"author":{"name":"Tanja H\u00f6fling","@id":"https:\/\/www.euroakademie.de\/magazin\/#\/schema\/person\/2c0d3896d19e86373c87f4ac022d4919"},"headline":"Von wegen als Sozialassistent arbeiten nur Frauen!","datePublished":"2018-07-24T13:21:23+00:00","dateModified":"2018-07-24T13:21:23+00:00","mainEntityOfPage":{"@id":"https:\/\/www.euroakademie.de\/magazin\/von-wegen-als-sozialassistent-arbeiten-nur-frauen\/"},"wordCount":629,"publisher":{"@id":"https:\/\/www.euroakademie.de\/magazin\/#organization"},"image":{"@id":"https:\/\/www.euroakademie.de\/magazin\/von-wegen-als-sozialassistent-arbeiten-nur-frauen\/#primaryimage"},"thumbnailUrl":"https:\/\/www.euroakademie.de\/magazin\/wp-content\/uploads\/2018\/07\/shutterstock_640434790_702x336_web.jpg","keywords":["Berufsorientierung","Boys' Day","Erzieher","EU-Programm: Quereinstieg - M\u00e4nner und Frauen in Kitas","Frauen","Gender","Kita","Klischees","Quereinstieg","Sozialassistent","Vorbilder"],"articleSection":["Ausbildungen im Portrait","P\u00e4dagogik &amp; Soziales"],"inLanguage":"de"},{"@type":"WebPage","@id":"https:\/\/www.euroakademie.de\/magazin\/von-wegen-als-sozialassistent-arbeiten-nur-frauen\/","url":"https:\/\/www.euroakademie.de\/magazin\/von-wegen-als-sozialassistent-arbeiten-nur-frauen\/","name":"Von wegen als Sozialassistent arbeiten nur Frauen! \/ Euro Akademie Magazin","isPartOf":{"@id":"https:\/\/www.euroakademie.de\/magazin\/#website"},"primaryImageOfPage":{"@id":"https:\/\/www.euroakademie.de\/magazin\/von-wegen-als-sozialassistent-arbeiten-nur-frauen\/#primaryimage"},"image":{"@id":"https:\/\/www.euroakademie.de\/magazin\/von-wegen-als-sozialassistent-arbeiten-nur-frauen\/#primaryimage"},"thumbnailUrl":"https:\/\/www.euroakademie.de\/magazin\/wp-content\/uploads\/2018\/07\/shutterstock_640434790_702x336_web.jpg","datePublished":"2018-07-24T13:21:23+00:00","dateModified":"2018-07-24T13:21:23+00:00","description":"Immer noch sind es oft Frauen, die eine Ausbildung zum Sozialassistenten machen. Dabei ist die Freude an der Arbeit mit Menschen nicht typisch weiblich.","breadcrumb":{"@id":"https:\/\/www.euroakademie.de\/magazin\/von-wegen-als-sozialassistent-arbeiten-nur-frauen\/#breadcrumb"},"inLanguage":"de","potentialAction":[{"@type":"ReadAction","target":["https:\/\/www.euroakademie.de\/magazin\/von-wegen-als-sozialassistent-arbeiten-nur-frauen\/"]}]},{"@type":"ImageObject","inLanguage":"de","@id":"https:\/\/www.euroakademie.de\/magazin\/von-wegen-als-sozialassistent-arbeiten-nur-frauen\/#primaryimage","url":"https:\/\/www.euroakademie.de\/magazin\/wp-content\/uploads\/2018\/07\/shutterstock_640434790_702x336_web.jpg","contentUrl":"https:\/\/www.euroakademie.de\/magazin\/wp-content\/uploads\/2018\/07\/shutterstock_640434790_702x336_web.jpg","width":702,"height":336,"caption":""},{"@type":"BreadcrumbList","@id":"https:\/\/www.euroakademie.de\/magazin\/von-wegen-als-sozialassistent-arbeiten-nur-frauen\/#breadcrumb","itemListElement":[{"@type":"ListItem","position":1,"name":"Startseite","item":"https:\/\/www.euroakademie.de\/magazin\/"},{"@type":"ListItem","position":2,"name":"Von wegen als Sozialassistent arbeiten nur Frauen!"}]},{"@type":"WebSite","@id":"https:\/\/www.euroakademie.de\/magazin\/#website","url":"https:\/\/www.euroakademie.de\/magazin\/","name":"Das Euro Akademie Magazin","description":"Gut informiert durch Ausbildung und Studium","publisher":{"@id":"https:\/\/www.euroakademie.de\/magazin\/#organization"},"potentialAction":[{"@type":"SearchAction","target":{"@type":"EntryPoint","urlTemplate":"https:\/\/www.euroakademie.de\/magazin\/?s={search_term_string}"},"query-input":{"@type":"PropertyValueSpecification","valueRequired":true,"valueName":"search_term_string"}}],"inLanguage":"de"},{"@type":"Organization","@id":"https:\/\/www.euroakademie.de\/magazin\/#organization","name":"ESO Education Group","url":"https:\/\/www.euroakademie.de\/magazin\/","logo":{"@type":"ImageObject","inLanguage":"de","@id":"https:\/\/www.euroakademie.de\/magazin\/#\/schema\/logo\/image\/","url":"https:\/\/relaunch.euroakademie.de\/magazin\/wp-content\/uploads\/2024\/11\/Logo_EA_negativ_Rahmen_5cm_300dpi_RGB.jpg","contentUrl":"https:\/\/relaunch.euroakademie.de\/magazin\/wp-content\/uploads\/2024\/11\/Logo_EA_negativ_Rahmen_5cm_300dpi_RGB.jpg","width":591,"height":236,"caption":"ESO Education Group"},"image":{"@id":"https:\/\/www.euroakademie.de\/magazin\/#\/schema\/logo\/image\/"}},{"@type":"Person","@id":"https:\/\/www.euroakademie.de\/magazin\/#\/schema\/person\/2c0d3896d19e86373c87f4ac022d4919","name":"Tanja H\u00f6fling","description":"Von Juli 2017 bis Juli 2022 informierte die ehemalige Online-Redakteurin des Euro Akademie Magazins regelm\u00e4\u00dfig \u00fcber Aktuelles und Wissenswertes zu den Themen Ausbildung, Studium und Beruf.","url":"https:\/\/www.euroakademie.de\/magazin\/author\/hoeflingt\/"}]}},"_links":{"self":[{"href":"https:\/\/www.euroakademie.de\/magazin\/wp-json\/wp\/v2\/posts\/7656","targetHints":{"allow":["GET"]}}],"collection":[{"href":"https:\/\/www.euroakademie.de\/magazin\/wp-json\/wp\/v2\/posts"}],"about":[{"href":"https:\/\/www.euroakademie.de\/magazin\/wp-json\/wp\/v2\/types\/post"}],"author":[{"embeddable":true,"href":"https:\/\/www.euroakademie.de\/magazin\/wp-json\/wp\/v2\/users\/58"}],"replies":[{"embeddable":true,"href":"https:\/\/www.euroakademie.de\/magazin\/wp-json\/wp\/v2\/comments?post=7656"}],"version-history":[{"count":0,"href":"https:\/\/www.euroakademie.de\/magazin\/wp-json\/wp\/v2\/posts\/7656\/revisions"}],"wp:featuredmedia":[{"embeddable":true,"href":"https:\/\/www.euroakademie.de\/magazin\/wp-json\/wp\/v2\/media\/7659"}],"wp:attachment":[{"href":"https:\/\/www.euroakademie.de\/magazin\/wp-json\/wp\/v2\/media?parent=7656"}],"wp:term":[{"taxonomy":"category","embeddable":true,"href":"https:\/\/www.euroakademie.de\/magazin\/wp-json\/wp\/v2\/categories?post=7656"},{"taxonomy":"post_tag","embeddable":true,"href":"https:\/\/www.euroakademie.de\/magazin\/wp-json\/wp\/v2\/tags?post=7656"}],"curies":[{"name":"wp","href":"https:\/\/api.w.org\/{rel}","templated":true}]}}