{"id":7680,"date":"2018-08-01T08:00:25","date_gmt":"2018-08-01T06:00:25","guid":{"rendered":"https:\/\/www.euroakademie.de\/magazin\/?p=7680"},"modified":"2018-08-01T08:00:25","modified_gmt":"2018-08-01T06:00:25","slug":"die-gehaltsverhandlung-im-vorstellungsgespraech","status":"publish","type":"post","link":"https:\/\/www.euroakademie.de\/magazin\/die-gehaltsverhandlung-im-vorstellungsgespraech\/","title":{"rendered":"Die Gehaltsverhandlung im Vorstellungsgespr\u00e4ch"},"content":{"rendered":"<p>\t\t\t\t<![CDATA[<strong>Irgendwann im Vorstellungsgespr\u00e4ch wird es um das Gehalt gehen. Das ist ein hei\u00df ersehnter, aber auch brisanter Teil des Gespr\u00e4chs. Im folgenden Beitrag erfahren Sie, wie Sie Gehaltsverhandlungen erfolgreich f\u00fchren.<\/strong>\n\n\n<h2>\u201eWas wollen Sie denn verdienen?\u201c<\/h2>\n\n\n<a href=\"https:\/\/relaunch.euroakademie.de\/magazin\/wp-content\/uploads\/2018\/07\/shutterstock_475165114_web-e1533019687324.jpg\"><img fetchpriority=\"high\" decoding=\"async\" class=\"alignleft wp-image-7692\" src=\"https:\/\/relaunch.euroakademie.de\/magazin\/wp-content\/uploads\/2018\/07\/shutterstock_475165114_web-e1533019687324.jpg\" alt=\"Boni verhandeln\" width=\"300\" height=\"225\" \/><\/a>Im \u00f6ffentlichen Dienst, aber auch in so manchem Unternehmen in der Wirtschaft werden zumindest f\u00fcr die Berufseinsteiger die Geh\u00e4lter schon mit der Stellenanzeige ver\u00f6ffentlicht. Das gro\u00dfe Ganze steht also schon fest. Trotz alledem l\u00e4sst sich im Gespr\u00e4ch dann noch \u00fcber kleine Zus\u00e4tze wie zum Beispiel Boni diskutieren. Ist nichts angegeben, tappt vor allem der Berufseinsteiger im Dunkeln und f\u00fcrchtet die Frage nach dem Gehalt besonders. Dabei ist sie doch so wichtig und essentiell, da wohl niemand ohne Bezahlung arbeiten m\u00f6chte.\n\n\n<h2>Wo finden Sie Informationen zum Gehalt?<\/h2>\n\n\nDas Internet ist eine gute Plattform f\u00fcr die Recherche zum Gehalt. Als Berufseinsteiger k\u00f6nnen Sie sich gut an den Tarifgeh\u00e4ltern der Branche orientieren. Denn sehr h\u00e4ufig zahlen die Unternehmen zum Berufseinstieg das Tarifgehalt. Doch bringen Sie besondere Voraussetzungen mit, steht einer \u00fcbertariflichen Bezahlung auch als Einsteiger nichts im Wege. Es helfen auch Studien von Online Jobb\u00f6rsen oder den g\u00e4ngigen Wirtschaftsmagazinen, die meist einmal Jahr ver\u00f6ffentlicht werden. Wichtig ist, dass Sie auch die Lebenshaltungskosten der Region mit ber\u00fccksichtigen und in Ihre Gehaltsberechnung mit einflie\u00dfen lassen.\n\n\n<h2>Gut ger\u00fcstet in die Verhandlung<\/h2>\n\n\nEine gute Vorbereitung ist das halbe Ziel. Sie sollten zum <a href=\"https:\/\/www.euroakademie.de\/magazin\/die-gelungene-selbstpraesentation-im-vorstellungsgespraech\/\" target=\"_blank\" rel=\"noopener noreferrer\">Vorstellungsgespr\u00e4ch<\/a> Ihr Wunschgehalt im Kopf haben. Setzen Sie noch 10 Prozent oben drauf, da es sich ja um eine Verhandlung handelt und Sie einen Spielraum ben\u00f6tigen. Verhandelt wird gerne \u00fcber das Bruttojahresgehalt. Wird das benannt, ist es wichtig sofort herauszufinden, ob es sich um 12, 13 oder 14 Monatsgeh\u00e4lter handelt und das Unternehmen so gleich eine Gratifikation in Form von Weihnachts- und\/oder Urlaubsgeld mit hineingerechnet hat. Diese Gratifikationen sind freiwillig und k\u00f6nnten bei schlechter Wirtschaftslage abgeschafft oder zumindest geschm\u00e4lert werden.\n\n<a href=\"https:\/\/relaunch.euroakademie.de\/magazin\/wp-content\/uploads\/2018\/07\/shutterstock_529653688_web.jpg\"><img decoding=\"async\" class=\"wp-image-7690 alignright\" src=\"https:\/\/relaunch.euroakademie.de\/magazin\/wp-content\/uploads\/2018\/07\/shutterstock_529653688_web.jpg\" alt=\"Firmenwagen\" width=\"300\" height=\"200\" srcset=\"https:\/\/www.euroakademie.de\/magazin\/wp-content\/uploads\/2018\/07\/shutterstock_529653688_web.jpg 600w, https:\/\/www.euroakademie.de\/magazin\/wp-content\/uploads\/2018\/07\/shutterstock_529653688_web-300x200.jpg 300w, https:\/\/www.euroakademie.de\/magazin\/wp-content\/uploads\/2018\/07\/shutterstock_529653688_web-150x100.jpg 150w, https:\/\/www.euroakademie.de\/magazin\/wp-content\/uploads\/2018\/07\/shutterstock_529653688_web-450x299.jpg 450w\" sizes=\"(max-width: 300px) 100vw, 300px\" \/><\/a>Gerne addieren die Unternehmen auch noch weitere zus\u00e4tzliche Leistungen in das Gehalt mit hinein. Beliebt ist hier zum Beispiel der Firmenwagen. Hier sollten Sie allerdings aufpassen, da der Staat mit der Ein-Prozent-Regelung f\u00fcr die Privatnutzung noch die Hand aufh\u00e4lt \u2013 denn der sogenannte geldwerte Vorteil muss versteuert werden.\n\nAuf der anderen Seite sind diese zus\u00e4tzlichen Zahlungen und Verg\u00fcnstigungen, wenn sie noch nicht ber\u00fccksichtigt wurden, eine gute Chance, in der Verhandlung das Gehalt aufzubessern. Neben dem Firmenwagen k\u00f6nnte so ein geldwerter Vorteil zum Beispiel auch ein Dienstfahrrad oder eine <a href=\"https:\/\/www.euroakademie.de\/magazin\/weiterbildung-wird-unterstuetzt-foerderung-sichern\/\" target=\"_blank\" rel=\"noopener noreferrer\">Weiterbildung<\/a> sein. \u00dcberlegen Sie im Vorfeld, welche Varianten Sie in die Verhandlung einbringen k\u00f6nnten. Es bieten sich auch Bonuszahlungen oder eine Pr\u00e4mie auf zuvor definierte Mehrleistung von Ihrer Seite als gute M\u00f6glichkeit an, ein zu niedrig bemessenes Einstiegsgehalt aufzubessern. \u00dcberlegen Sie vorab, welche Variablen f\u00fcr Sie in Frage kommen. Reagieren Sie aber immer flexibel auf Angebote des Unternehmens, denn auch hier wird man sich Gedanken gemacht haben.\n\n\n<h2>Richtig verhandeln<\/h2>\n\n\nFlexibilit\u00e4t ist f\u00fcr eine gute Verhandlung enorm wichtig. Am besten versuchen Sie schon im Laufe des Bewerbungsgespr\u00e4ches Informationen f\u00fcr die Gehaltsverhandlung zu erhalten. Ihre Fragen zum Jobprofil, Ihren Aufgaben und Verantwortlichkeiten, aber auch zur Entwicklung des Aufgabenbereiches sind hier wichtig. Denn f\u00fcr die Gehaltsverhandlung ben\u00f6tigen Sie Argumente. Wenn Sie Ihre Kompetenzen in Bezug zur Stelle in Waagschale werfen, wird das Unternehmen Ihre Gehaltsforderung auch als begr\u00fcndet ansehen.\nOberstes Gebot ist es, die Verhandlung immer offen zu halten. Vielleicht kommt es nicht gleich zu einer Einigung \u2013 das ist nicht weiter tragisch. Oft m\u00fcssen beide Parteien auch erst einmal in Ruhe dar\u00fcber nachdenken, bevor eine L\u00f6sung in Sichtweite kommt.\n\n\n<h2>Fazit<\/h2>\n\n\n<a href=\"https:\/\/relaunch.euroakademie.de\/magazin\/wp-content\/uploads\/2018\/07\/shutterstock_660594670_web.jpg\"><img decoding=\"async\" class=\"wp-image-7693 alignleft\" src=\"https:\/\/relaunch.euroakademie.de\/magazin\/wp-content\/uploads\/2018\/07\/shutterstock_660594670_web.jpg\" alt=\"Leistungstagebuch\" width=\"300\" height=\"220\" srcset=\"https:\/\/www.euroakademie.de\/magazin\/wp-content\/uploads\/2018\/07\/shutterstock_660594670_web.jpg 600w, https:\/\/www.euroakademie.de\/magazin\/wp-content\/uploads\/2018\/07\/shutterstock_660594670_web-300x220.jpg 300w, https:\/\/www.euroakademie.de\/magazin\/wp-content\/uploads\/2018\/07\/shutterstock_660594670_web-150x110.jpg 150w, https:\/\/www.euroakademie.de\/magazin\/wp-content\/uploads\/2018\/07\/shutterstock_660594670_web-450x329.jpg 450w\" sizes=\"(max-width: 300px) 100vw, 300px\" \/><\/a>In der Regel sind Sie beim Berufseinstieg zun\u00e4chst einmal ganz zufrieden mit dem Gehaltsangebot der Unternehmen. Oft kommt es erst nach der Probezeit oder dem ersten Jahr zu einer Gehaltsverhandlung. Da Sie auch hier stichhaltige Argumente ben\u00f6tigen, sollten Sie ein Leistungstagebuch f\u00fchren. Starten Sie mit dem Aufgabenbereich zum Jobbeginn und notieren Sie sich die Aufgabenentwicklung. Dann k\u00f6nnen Sie mit konkreten Aspekten in die Verhandlung gehen.\n\nViel Erfolg!]]>\t\t<\/p>\n","protected":false},"excerpt":{"rendered":"<p>\t\t\t\t<![CDATA[Irgendwann im Vorstellungsgespr\u00e4ch wird es um das Gehalt gehen. Das ist ein hei\u00df ersehnter, aber auch brisanter Teil des Gespr\u00e4chs. Im folgenden Beitrag erfahren Sie, wie Sie Gehaltsverhandlungen erfolgreich f\u00fchren.]]>\t\t<\/p>\n","protected":false},"author":34,"featured_media":7682,"comment_status":"closed","ping_status":"closed","sticky":false,"template":"","format":"standard","meta":{"footnotes":""},"categories":[127],"tags":[1207,1351,3397,3400,5155,8737,8965],"class_list":{"0":"post-7680","1":"post","2":"type-post","3":"status-publish","4":"format-standard","5":"has-post-thumbnail","7":"category-karriere","8":"tag-berufseinsteiger","9":"tag-bewerbung","10":"tag-gehalt","11":"tag-gehaltsverhandlung","12":"tag-leistungstagebuch","13":"tag-verhandeln","14":"tag-vorstellungsgespraech"},"yoast_head":"<!-- This site is optimized with the Yoast SEO plugin v23.5 - https:\/\/yoast.com\/wordpress\/plugins\/seo\/ -->\n<title>Die Gehaltsverhandlung im Vorstellungsgespr\u00e4ch \/ Euro Akademie Magazin<\/title>\n<meta name=\"description\" content=\"Im Vorstellungsgespr\u00e4ch wird es auch um das Gehalt gehen. Bei uns erfahren Sie, wie Sie Gehaltsverhandlungen erfolgreich f\u00fchren.\" \/>\n<meta name=\"robots\" content=\"index, follow, max-snippet:-1, max-image-preview:large, max-video-preview:-1\" \/>\n<link rel=\"canonical\" href=\"https:\/\/www.euroakademie.de\/magazin\/die-gehaltsverhandlung-im-vorstellungsgespraech\/\" \/>\n<meta property=\"og:locale\" content=\"de_DE\" \/>\n<meta property=\"og:type\" content=\"article\" \/>\n<meta property=\"og:title\" content=\"Die Gehaltsverhandlung im Vorstellungsgespr\u00e4ch \/ Euro Akademie Magazin\" \/>\n<meta property=\"og:description\" content=\"Im Vorstellungsgespr\u00e4ch wird es auch um das Gehalt gehen. Bei uns erfahren Sie, wie Sie Gehaltsverhandlungen erfolgreich f\u00fchren.\" \/>\n<meta property=\"og:url\" content=\"https:\/\/www.euroakademie.de\/magazin\/die-gehaltsverhandlung-im-vorstellungsgespraech\/\" \/>\n<meta property=\"og:site_name\" content=\"Das Euro Akademie Magazin\" \/>\n<meta property=\"article:published_time\" content=\"2018-08-01T06:00:25+00:00\" \/>\n<meta property=\"og:image\" content=\"https:\/\/www.euroakademie.de\/magazin\/wp-content\/uploads\/2018\/07\/shutterstock_562691893_702x336_web.jpg\" \/>\n\t<meta property=\"og:image:width\" content=\"702\" \/>\n\t<meta property=\"og:image:height\" content=\"335\" \/>\n\t<meta property=\"og:image:type\" content=\"image\/jpeg\" \/>\n<meta name=\"author\" content=\"Angela Sch\u00fctte\" \/>\n<meta name=\"twitter:card\" content=\"summary_large_image\" \/>\n<meta name=\"twitter:label1\" content=\"Verfasst von\" \/>\n\t<meta name=\"twitter:data1\" content=\"Angela Sch\u00fctte\" \/>\n\t<meta name=\"twitter:label2\" content=\"Gesch\u00e4tzte Lesezeit\" \/>\n\t<meta name=\"twitter:data2\" content=\"3\u00a0Minuten\" \/>\n<script type=\"application\/ld+json\" class=\"yoast-schema-graph\">{\"@context\":\"https:\/\/schema.org\",\"@graph\":[{\"@type\":\"Article\",\"@id\":\"https:\/\/www.euroakademie.de\/magazin\/die-gehaltsverhandlung-im-vorstellungsgespraech\/#article\",\"isPartOf\":{\"@id\":\"https:\/\/www.euroakademie.de\/magazin\/die-gehaltsverhandlung-im-vorstellungsgespraech\/\"},\"author\":{\"name\":\"Angela Sch\u00fctte\",\"@id\":\"https:\/\/www.euroakademie.de\/magazin\/#\/schema\/person\/67e6e0cbe692d2fa061c1d2c2c81fba4\"},\"headline\":\"Die Gehaltsverhandlung im Vorstellungsgespr\u00e4ch\",\"datePublished\":\"2018-08-01T06:00:25+00:00\",\"dateModified\":\"2018-08-01T06:00:25+00:00\",\"mainEntityOfPage\":{\"@id\":\"https:\/\/www.euroakademie.de\/magazin\/die-gehaltsverhandlung-im-vorstellungsgespraech\/\"},\"wordCount\":685,\"publisher\":{\"@id\":\"https:\/\/www.euroakademie.de\/magazin\/#organization\"},\"image\":{\"@id\":\"https:\/\/www.euroakademie.de\/magazin\/die-gehaltsverhandlung-im-vorstellungsgespraech\/#primaryimage\"},\"thumbnailUrl\":\"https:\/\/www.euroakademie.de\/magazin\/wp-content\/uploads\/2018\/07\/shutterstock_562691893_702x336_web.jpg\",\"keywords\":[\"Berufseinsteiger\",\"Bewerbung\",\"Gehalt\",\"Gehaltsverhandlung\",\"Leistungstagebuch\",\"verhandeln\",\"Vorstellungsgespr\u00e4ch\"],\"articleSection\":[\"Karriere\"],\"inLanguage\":\"de\"},{\"@type\":\"WebPage\",\"@id\":\"https:\/\/www.euroakademie.de\/magazin\/die-gehaltsverhandlung-im-vorstellungsgespraech\/\",\"url\":\"https:\/\/www.euroakademie.de\/magazin\/die-gehaltsverhandlung-im-vorstellungsgespraech\/\",\"name\":\"Die Gehaltsverhandlung im Vorstellungsgespr\u00e4ch \/ Euro Akademie Magazin\",\"isPartOf\":{\"@id\":\"https:\/\/www.euroakademie.de\/magazin\/#website\"},\"primaryImageOfPage\":{\"@id\":\"https:\/\/www.euroakademie.de\/magazin\/die-gehaltsverhandlung-im-vorstellungsgespraech\/#primaryimage\"},\"image\":{\"@id\":\"https:\/\/www.euroakademie.de\/magazin\/die-gehaltsverhandlung-im-vorstellungsgespraech\/#primaryimage\"},\"thumbnailUrl\":\"https:\/\/www.euroakademie.de\/magazin\/wp-content\/uploads\/2018\/07\/shutterstock_562691893_702x336_web.jpg\",\"datePublished\":\"2018-08-01T06:00:25+00:00\",\"dateModified\":\"2018-08-01T06:00:25+00:00\",\"description\":\"Im Vorstellungsgespr\u00e4ch wird es auch um das Gehalt gehen. Bei uns erfahren Sie, wie Sie Gehaltsverhandlungen erfolgreich f\u00fchren.\",\"breadcrumb\":{\"@id\":\"https:\/\/www.euroakademie.de\/magazin\/die-gehaltsverhandlung-im-vorstellungsgespraech\/#breadcrumb\"},\"inLanguage\":\"de\",\"potentialAction\":[{\"@type\":\"ReadAction\",\"target\":[\"https:\/\/www.euroakademie.de\/magazin\/die-gehaltsverhandlung-im-vorstellungsgespraech\/\"]}]},{\"@type\":\"ImageObject\",\"inLanguage\":\"de\",\"@id\":\"https:\/\/www.euroakademie.de\/magazin\/die-gehaltsverhandlung-im-vorstellungsgespraech\/#primaryimage\",\"url\":\"https:\/\/www.euroakademie.de\/magazin\/wp-content\/uploads\/2018\/07\/shutterstock_562691893_702x336_web.jpg\",\"contentUrl\":\"https:\/\/www.euroakademie.de\/magazin\/wp-content\/uploads\/2018\/07\/shutterstock_562691893_702x336_web.jpg\",\"width\":702,\"height\":335,\"caption\":\"\"},{\"@type\":\"BreadcrumbList\",\"@id\":\"https:\/\/www.euroakademie.de\/magazin\/die-gehaltsverhandlung-im-vorstellungsgespraech\/#breadcrumb\",\"itemListElement\":[{\"@type\":\"ListItem\",\"position\":1,\"name\":\"Startseite\",\"item\":\"https:\/\/www.euroakademie.de\/magazin\/\"},{\"@type\":\"ListItem\",\"position\":2,\"name\":\"Die Gehaltsverhandlung im Vorstellungsgespr\u00e4ch\"}]},{\"@type\":\"WebSite\",\"@id\":\"https:\/\/www.euroakademie.de\/magazin\/#website\",\"url\":\"https:\/\/www.euroakademie.de\/magazin\/\",\"name\":\"Das Euro Akademie Magazin\",\"description\":\"Gut informiert durch Ausbildung und Studium\",\"publisher\":{\"@id\":\"https:\/\/www.euroakademie.de\/magazin\/#organization\"},\"potentialAction\":[{\"@type\":\"SearchAction\",\"target\":{\"@type\":\"EntryPoint\",\"urlTemplate\":\"https:\/\/www.euroakademie.de\/magazin\/?s={search_term_string}\"},\"query-input\":{\"@type\":\"PropertyValueSpecification\",\"valueRequired\":true,\"valueName\":\"search_term_string\"}}],\"inLanguage\":\"de\"},{\"@type\":\"Organization\",\"@id\":\"https:\/\/www.euroakademie.de\/magazin\/#organization\",\"name\":\"ESO Education Group\",\"url\":\"https:\/\/www.euroakademie.de\/magazin\/\",\"logo\":{\"@type\":\"ImageObject\",\"inLanguage\":\"de\",\"@id\":\"https:\/\/www.euroakademie.de\/magazin\/#\/schema\/logo\/image\/\",\"url\":\"https:\/\/relaunch.euroakademie.de\/magazin\/wp-content\/uploads\/2024\/11\/Logo_EA_negativ_Rahmen_5cm_300dpi_RGB.jpg\",\"contentUrl\":\"https:\/\/relaunch.euroakademie.de\/magazin\/wp-content\/uploads\/2024\/11\/Logo_EA_negativ_Rahmen_5cm_300dpi_RGB.jpg\",\"width\":591,\"height\":236,\"caption\":\"ESO Education Group\"},\"image\":{\"@id\":\"https:\/\/www.euroakademie.de\/magazin\/#\/schema\/logo\/image\/\"}},{\"@type\":\"Person\",\"@id\":\"https:\/\/www.euroakademie.de\/magazin\/#\/schema\/person\/67e6e0cbe692d2fa061c1d2c2c81fba4\",\"name\":\"Angela Sch\u00fctte\",\"description\":\"Als erfahrene Karriereberaterin unterst\u00fctzt Dipl.-Ing. (FH) M.A. Angela Sch\u00fctte seit 20 Jahren junge Menschen w\u00e4hrend der Ausbildung, im Studium und beim Berufseinstieg. In ihren motivierenden Vortr\u00e4gen und Seminaren hilft sie jungen Menschen bei ihren ersten Schritten auf der Karriereleiter und gibt ihnen praktische Bewerbungstipps an die Hand. Weitere Informationen zu ihren Angeboten gibt es auf ihrer Internetseite und in ihrem Xing-Profil. Ein Bewerbungsratgeber mit Tipps von Angela Sch\u00fctte steht auf der Website Berufsstart oder als PDF zum Download zur Verf\u00fcgung.\",\"url\":\"https:\/\/www.euroakademie.de\/magazin\/author\/angela-schuette\/\"}]}<\/script>\n<!-- \/ Yoast SEO plugin. -->","yoast_head_json":{"title":"Die Gehaltsverhandlung im Vorstellungsgespr\u00e4ch \/ Euro Akademie Magazin","description":"Im Vorstellungsgespr\u00e4ch wird es auch um das Gehalt gehen. Bei uns erfahren Sie, wie Sie Gehaltsverhandlungen erfolgreich f\u00fchren.","robots":{"index":"index","follow":"follow","max-snippet":"max-snippet:-1","max-image-preview":"max-image-preview:large","max-video-preview":"max-video-preview:-1"},"canonical":"https:\/\/www.euroakademie.de\/magazin\/die-gehaltsverhandlung-im-vorstellungsgespraech\/","og_locale":"de_DE","og_type":"article","og_title":"Die Gehaltsverhandlung im Vorstellungsgespr\u00e4ch \/ Euro Akademie Magazin","og_description":"Im Vorstellungsgespr\u00e4ch wird es auch um das Gehalt gehen. Bei uns erfahren Sie, wie Sie Gehaltsverhandlungen erfolgreich f\u00fchren.","og_url":"https:\/\/www.euroakademie.de\/magazin\/die-gehaltsverhandlung-im-vorstellungsgespraech\/","og_site_name":"Das Euro Akademie Magazin","article_published_time":"2018-08-01T06:00:25+00:00","og_image":[{"width":702,"height":335,"url":"https:\/\/www.euroakademie.de\/magazin\/wp-content\/uploads\/2018\/07\/shutterstock_562691893_702x336_web.jpg","type":"image\/jpeg"}],"author":"Angela Sch\u00fctte","twitter_card":"summary_large_image","twitter_misc":{"Verfasst von":"Angela Sch\u00fctte","Gesch\u00e4tzte Lesezeit":"3\u00a0Minuten"},"schema":{"@context":"https:\/\/schema.org","@graph":[{"@type":"Article","@id":"https:\/\/www.euroakademie.de\/magazin\/die-gehaltsverhandlung-im-vorstellungsgespraech\/#article","isPartOf":{"@id":"https:\/\/www.euroakademie.de\/magazin\/die-gehaltsverhandlung-im-vorstellungsgespraech\/"},"author":{"name":"Angela Sch\u00fctte","@id":"https:\/\/www.euroakademie.de\/magazin\/#\/schema\/person\/67e6e0cbe692d2fa061c1d2c2c81fba4"},"headline":"Die Gehaltsverhandlung im Vorstellungsgespr\u00e4ch","datePublished":"2018-08-01T06:00:25+00:00","dateModified":"2018-08-01T06:00:25+00:00","mainEntityOfPage":{"@id":"https:\/\/www.euroakademie.de\/magazin\/die-gehaltsverhandlung-im-vorstellungsgespraech\/"},"wordCount":685,"publisher":{"@id":"https:\/\/www.euroakademie.de\/magazin\/#organization"},"image":{"@id":"https:\/\/www.euroakademie.de\/magazin\/die-gehaltsverhandlung-im-vorstellungsgespraech\/#primaryimage"},"thumbnailUrl":"https:\/\/www.euroakademie.de\/magazin\/wp-content\/uploads\/2018\/07\/shutterstock_562691893_702x336_web.jpg","keywords":["Berufseinsteiger","Bewerbung","Gehalt","Gehaltsverhandlung","Leistungstagebuch","verhandeln","Vorstellungsgespr\u00e4ch"],"articleSection":["Karriere"],"inLanguage":"de"},{"@type":"WebPage","@id":"https:\/\/www.euroakademie.de\/magazin\/die-gehaltsverhandlung-im-vorstellungsgespraech\/","url":"https:\/\/www.euroakademie.de\/magazin\/die-gehaltsverhandlung-im-vorstellungsgespraech\/","name":"Die Gehaltsverhandlung im Vorstellungsgespr\u00e4ch \/ Euro Akademie Magazin","isPartOf":{"@id":"https:\/\/www.euroakademie.de\/magazin\/#website"},"primaryImageOfPage":{"@id":"https:\/\/www.euroakademie.de\/magazin\/die-gehaltsverhandlung-im-vorstellungsgespraech\/#primaryimage"},"image":{"@id":"https:\/\/www.euroakademie.de\/magazin\/die-gehaltsverhandlung-im-vorstellungsgespraech\/#primaryimage"},"thumbnailUrl":"https:\/\/www.euroakademie.de\/magazin\/wp-content\/uploads\/2018\/07\/shutterstock_562691893_702x336_web.jpg","datePublished":"2018-08-01T06:00:25+00:00","dateModified":"2018-08-01T06:00:25+00:00","description":"Im Vorstellungsgespr\u00e4ch wird es auch um das Gehalt gehen. Bei uns erfahren Sie, wie Sie Gehaltsverhandlungen erfolgreich f\u00fchren.","breadcrumb":{"@id":"https:\/\/www.euroakademie.de\/magazin\/die-gehaltsverhandlung-im-vorstellungsgespraech\/#breadcrumb"},"inLanguage":"de","potentialAction":[{"@type":"ReadAction","target":["https:\/\/www.euroakademie.de\/magazin\/die-gehaltsverhandlung-im-vorstellungsgespraech\/"]}]},{"@type":"ImageObject","inLanguage":"de","@id":"https:\/\/www.euroakademie.de\/magazin\/die-gehaltsverhandlung-im-vorstellungsgespraech\/#primaryimage","url":"https:\/\/www.euroakademie.de\/magazin\/wp-content\/uploads\/2018\/07\/shutterstock_562691893_702x336_web.jpg","contentUrl":"https:\/\/www.euroakademie.de\/magazin\/wp-content\/uploads\/2018\/07\/shutterstock_562691893_702x336_web.jpg","width":702,"height":335,"caption":""},{"@type":"BreadcrumbList","@id":"https:\/\/www.euroakademie.de\/magazin\/die-gehaltsverhandlung-im-vorstellungsgespraech\/#breadcrumb","itemListElement":[{"@type":"ListItem","position":1,"name":"Startseite","item":"https:\/\/www.euroakademie.de\/magazin\/"},{"@type":"ListItem","position":2,"name":"Die Gehaltsverhandlung im Vorstellungsgespr\u00e4ch"}]},{"@type":"WebSite","@id":"https:\/\/www.euroakademie.de\/magazin\/#website","url":"https:\/\/www.euroakademie.de\/magazin\/","name":"Das Euro Akademie Magazin","description":"Gut informiert durch Ausbildung und Studium","publisher":{"@id":"https:\/\/www.euroakademie.de\/magazin\/#organization"},"potentialAction":[{"@type":"SearchAction","target":{"@type":"EntryPoint","urlTemplate":"https:\/\/www.euroakademie.de\/magazin\/?s={search_term_string}"},"query-input":{"@type":"PropertyValueSpecification","valueRequired":true,"valueName":"search_term_string"}}],"inLanguage":"de"},{"@type":"Organization","@id":"https:\/\/www.euroakademie.de\/magazin\/#organization","name":"ESO Education Group","url":"https:\/\/www.euroakademie.de\/magazin\/","logo":{"@type":"ImageObject","inLanguage":"de","@id":"https:\/\/www.euroakademie.de\/magazin\/#\/schema\/logo\/image\/","url":"https:\/\/relaunch.euroakademie.de\/magazin\/wp-content\/uploads\/2024\/11\/Logo_EA_negativ_Rahmen_5cm_300dpi_RGB.jpg","contentUrl":"https:\/\/relaunch.euroakademie.de\/magazin\/wp-content\/uploads\/2024\/11\/Logo_EA_negativ_Rahmen_5cm_300dpi_RGB.jpg","width":591,"height":236,"caption":"ESO Education Group"},"image":{"@id":"https:\/\/www.euroakademie.de\/magazin\/#\/schema\/logo\/image\/"}},{"@type":"Person","@id":"https:\/\/www.euroakademie.de\/magazin\/#\/schema\/person\/67e6e0cbe692d2fa061c1d2c2c81fba4","name":"Angela Sch\u00fctte","description":"Als erfahrene Karriereberaterin unterst\u00fctzt Dipl.-Ing. (FH) M.A. Angela Sch\u00fctte seit 20 Jahren junge Menschen w\u00e4hrend der Ausbildung, im Studium und beim Berufseinstieg. In ihren motivierenden Vortr\u00e4gen und Seminaren hilft sie jungen Menschen bei ihren ersten Schritten auf der Karriereleiter und gibt ihnen praktische Bewerbungstipps an die Hand. Weitere Informationen zu ihren Angeboten gibt es auf ihrer Internetseite und in ihrem Xing-Profil. Ein Bewerbungsratgeber mit Tipps von Angela Sch\u00fctte steht auf der Website Berufsstart oder als PDF zum Download zur Verf\u00fcgung.","url":"https:\/\/www.euroakademie.de\/magazin\/author\/angela-schuette\/"}]}},"_links":{"self":[{"href":"https:\/\/www.euroakademie.de\/magazin\/wp-json\/wp\/v2\/posts\/7680","targetHints":{"allow":["GET"]}}],"collection":[{"href":"https:\/\/www.euroakademie.de\/magazin\/wp-json\/wp\/v2\/posts"}],"about":[{"href":"https:\/\/www.euroakademie.de\/magazin\/wp-json\/wp\/v2\/types\/post"}],"author":[{"embeddable":true,"href":"https:\/\/www.euroakademie.de\/magazin\/wp-json\/wp\/v2\/users\/34"}],"replies":[{"embeddable":true,"href":"https:\/\/www.euroakademie.de\/magazin\/wp-json\/wp\/v2\/comments?post=7680"}],"version-history":[{"count":0,"href":"https:\/\/www.euroakademie.de\/magazin\/wp-json\/wp\/v2\/posts\/7680\/revisions"}],"wp:featuredmedia":[{"embeddable":true,"href":"https:\/\/www.euroakademie.de\/magazin\/wp-json\/wp\/v2\/media\/7682"}],"wp:attachment":[{"href":"https:\/\/www.euroakademie.de\/magazin\/wp-json\/wp\/v2\/media?parent=7680"}],"wp:term":[{"taxonomy":"category","embeddable":true,"href":"https:\/\/www.euroakademie.de\/magazin\/wp-json\/wp\/v2\/categories?post=7680"},{"taxonomy":"post_tag","embeddable":true,"href":"https:\/\/www.euroakademie.de\/magazin\/wp-json\/wp\/v2\/tags?post=7680"}],"curies":[{"name":"wp","href":"https:\/\/api.w.org\/{rel}","templated":true}]}}