{"id":7741,"date":"2018-08-27T12:24:10","date_gmt":"2018-08-27T10:24:10","guid":{"rendered":"https:\/\/www.euroakademie.de\/magazin\/?p=7741"},"modified":"2018-08-27T12:24:10","modified_gmt":"2018-08-27T10:24:10","slug":"heilerziehungspfleger-kreativer-beruf-der-freude-macht","status":"publish","type":"post","link":"https:\/\/www.euroakademie.de\/magazin\/heilerziehungspfleger-kreativer-beruf-der-freude-macht\/","title":{"rendered":"Heilerziehungspfleger \u2013 ein kreativer Beruf, der Freude macht"},"content":{"rendered":"<p>\t\t\t\t<![CDATA[<strong>Heilerziehungspfleger kommen \u00fcberall dort zum Einsatz, wo Menschen Hilfe brauchen \u2013 im Kindergarten, in Behindertenwohnheimen, in Altenheimen. Sie begleiten im Alltag, f\u00f6rdern Kreativit\u00e4t und Eigenst\u00e4ndigkeit und \u00fcbernehmen pflegerische Aufgaben. Was diesen Beruf so erf\u00fcllend macht, welche Besonderheiten es in der Ausbildung gibt, und wie der Berufsalltag eines Heilerziehungspflegers aussieht, hat Christine Sylvester in einem Gespr\u00e4ch mit Rosita Baumgart, Absolventin an der Euro Akademie Mei\u00dfen, herausgefunden. <\/strong>\n\n\u201eUnglaublich herzlich, offen und hilfsbereit\u201c, so erlebt Rosita Baumgart die Bewohner, die sie in einem Behindertenwohnheim in Waldkirchen bei Augustusburg betreut. Sie ist Heilerziehungspflegerin und k\u00fcmmert sich mit ihren Kollegen und Kolleginnen um 40 Personen mit Behinderung, die teilweise schon \u00fcber 60 Jahre alt sind und die Einrichtung schon als Kinder besuchten. \u201eGanz fr\u00fcher war unsere Einrichtung ein Kinderheim\u201c, berichtet Baumgart. \u201eManche sind also schon seit ihrer Kindheit bei uns.\u201c\n\n[caption id=\"attachment_7744\" align=\"alignright\" width=\"300\"]<a href=\"https:\/\/relaunch.euroakademie.de\/magazin\/wp-content\/uploads\/2018\/08\/HEP_web.jpg\"><img fetchpriority=\"high\" decoding=\"async\" class=\"wp-image-7744\" src=\"https:\/\/relaunch.euroakademie.de\/magazin\/wp-content\/uploads\/2018\/08\/HEP_web.jpg\" alt=\"Wie seht der Alltag eines Heilerziehungspflegers aus?\" width=\"300\" height=\"366\" srcset=\"https:\/\/www.euroakademie.de\/magazin\/wp-content\/uploads\/2018\/08\/HEP_web.jpg 500w, https:\/\/www.euroakademie.de\/magazin\/wp-content\/uploads\/2018\/08\/HEP_web-246x300.jpg 246w, https:\/\/www.euroakademie.de\/magazin\/wp-content\/uploads\/2018\/08\/HEP_web-150x183.jpg 150w, https:\/\/www.euroakademie.de\/magazin\/wp-content\/uploads\/2018\/08\/HEP_web-450x549.jpg 450w\" sizes=\"(max-width: 300px) 100vw, 300px\" \/><\/a> Rosita Baumgart hat Ihre berufliche Erf\u00fcllung gefunden[\/caption]\n\nBaumgart, die im August 2017 ihren Abschluss als Heilerziehungspflegerin an der <a href=\"https:\/\/www.euroakademie.de\/de\/standorte\/meissen.html\" target=\"_blank\" rel=\"noopener noreferrer\">Euro Akademie in Mei\u00dfen<\/a> gemacht hat, brennt f\u00fcr ihren Beruf \u2013 trotz der stark beanspruchenden Schichtarbeit. \u201eNat\u00fcrlich sind die Schichten manchmal anstrengend, wenn man zehn Tage zu unterschiedlichen Zeiten arbeiten muss\u201c, r\u00e4umt Baumgart ein. Immerhin habe sie dann wieder vier Tage frei. Allerdings betont sie, dass die Dienstpl\u00e4ne von Einrichtung zu Einrichtung variieren.\n\n\n<h2>Gro\u00dfes Know-how durch Praktikumspl\u00e4tze in verschiedenen Bereichen<\/h2>\n\n\nBaumgart wei\u00df genau, wovon sie spricht, denn in ihrer dreij\u00e4hrigen Ausbildung hat sie in verschiedenen Einrichtungen gearbeitet. Im Gegensatz zu anderen Ausbildungsberufen \u2013 wie zum Beispiel in der Gesundheits- oder Altenpflege \u2013 sind angehende <a href=\"https:\/\/www.euroakademie.de\/de\/ausbildung\/paedagogik-soziales\/heilerziehungspfleger.html\" target=\"_blank\" rel=\"noopener noreferrer\">Heilerziehungspfleger<\/a> keine klassischen Azubis, sondern Praktikanten, die sich selbst ihre Praktikumsbetriebe suchen und nach Bedarf und Interessenlage wechseln. Das erfordert mehr Selbstst\u00e4ndigkeit und Flexibilit\u00e4t, ist aber auch von Vorteil. So hat es zumindest Rosita Baumgart erfahren: \u201eSo viel Praxis in verschiedenen Bereichen und Umgebungen steigert das Know-how.\u201c Schwierigkeiten haben angehende Heilerziehungspflegende nicht, einen Praktikumsplatz zu bekommen. Wie in allen sozialen Berufen herrscht akuter Personalmangel.\n\nVoraussetzung f\u00fcr die Ausbildung ist neben dem Realschulabschluss oder einem gleichwertigen Bildungsabschluss ein anerkannter Berufsabschluss und der Nachweis einer beruflichen T\u00e4tigkeit. Wer sich also direkt nach dem mittleren Schulabschluss f\u00fcr den Beruf interessiert, sollte zun\u00e4chst den <a href=\"https:\/\/www.euroakademie.de\/de\/ausbildung\/paedagogik-soziales\/sozialassistent.html\" target=\"_blank\" rel=\"noopener noreferrer\">Sozialassistenten<\/a> absolvieren, um Berufserfahrung zu sammeln.\n\n\n<h2>P\u00e4dagogisch, pflegerisch, lebenspraktisch und kreativ<\/h2>\n\n\n<a href=\"https:\/\/relaunch.euroakademie.de\/magazin\/wp-content\/uploads\/2018\/08\/HEP2_web.jpg\"><img decoding=\"async\" class=\"wp-image-7746 alignleft\" src=\"https:\/\/relaunch.euroakademie.de\/magazin\/wp-content\/uploads\/2018\/08\/HEP2_web.jpg\" alt=\"Heilerziehungspfleger ist ein vielf\u00e4ltiger Beruf\" width=\"300\" height=\"408\" srcset=\"https:\/\/www.euroakademie.de\/magazin\/wp-content\/uploads\/2018\/08\/HEP2_web.jpg 500w, https:\/\/www.euroakademie.de\/magazin\/wp-content\/uploads\/2018\/08\/HEP2_web-221x300.jpg 221w, https:\/\/www.euroakademie.de\/magazin\/wp-content\/uploads\/2018\/08\/HEP2_web-150x204.jpg 150w, https:\/\/www.euroakademie.de\/magazin\/wp-content\/uploads\/2018\/08\/HEP2_web-450x612.jpg 450w\" sizes=\"(max-width: 300px) 100vw, 300px\" \/><\/a>Rosita Baumgart ist Musiktherapeutin (DMVS). Nach einem Jahr als Bundesfreiwillige (BuFDi), in welchem sie mit schwerstmehrfachbehinderten Menschen arbeitete, stand f\u00fcr sie fest, dass sie den Beruf des Heilerziehungspflegers erlernen m\u00f6chte. Musik ist deshalb auch eine ihrer herausragenden kreativen F\u00e4higkeiten, die sie in diese vielseitige Arbeit einflie\u00dfen l\u00e4sst. \u201eEs ist wichtig, die F\u00e4higkeiten und Ressourcen aus den Menschen herauszulocken. Das mache ich besonders gern mit Musik und anderen Kreativtechniken\u201c, erkl\u00e4rt Baumgart. Eine sch\u00f6ne Best\u00e4tigung daf\u00fcr sei gewesen, dass eine Bewohnerin mit Down-Syndrom innerhalb eines Vierteljahres nicht nur das Instrument Ukulele erlernte, sondern auch gleich Noten \u2013 und dabei viel Freude hatte. \u201eEs ist sch\u00f6n, wenn die Menschen dadurch selbstbewusster werden. Sie \u00f6ffnen sich langsam und k\u00f6nnen so auch allt\u00e4gliche Verrichtungen im Haushalt und soziale Kompetenzen erlernen.\u201c\n\nAuf die Frage nach den Eigenschaften, die ein idealer Heilerziehungspfleger mitbringen sollte, antwortet Baumgart ohne Z\u00f6gern: \u201eWichtig sind Kreativit\u00e4t, hohe Emotionalit\u00e4t und Empathie sowie das Interesse an Pflege, Themen der Informatik und Kommunikation.\u201c Au\u00dferdem brauche man eine gute Wahrnehmung, ausgepr\u00e4gte Disziplin und eigene Hobbies, die man in die Arbeit einbringt. \u201eMan muss spontan mit neuen Situationen umgehen k\u00f6nnen. Eine gewisse Lebenserfahrung ist dabei hilfreich\u201c, berichtet Baumgart. Denn die <a href=\"https:\/\/www.euroakademie.de\/magazin\/heilerziehungspfleger-die-bewegen-was\/\" target=\"_blank\" rel=\"noopener noreferrer\">Aufgaben sind vielseitig und ganzheitlich<\/a>. Sowohl p\u00e4dagogische als auch lebenspraktische und pflegerische Kenntnisse sind notwendig, um schlie\u00dflich als staatlich anerkannte Fachkraft in Tagesst\u00e4tten, Wohn- oder Pflegeheimen, in Kliniken, ambulanten Diensten, an F\u00f6rderschulen oder in Kinderg\u00e4rten arbeiten zu k\u00f6nnen.\n\nRosita Baumgart jedenfalls hat ihre Berufung gefunden. Sie schreibt und zeichnet inzwischen auch Geschichten \u00fcber, mit und f\u00fcr ihre betreuten Bewohner. \u201eAlle Angebote, die man macht, werden so dankbar und begeistert aufgenommen\u201c, erz\u00e4hlt sie. Da seien Freude am Tanzen, an Musik und Bewegung auch ein erster Schritt in die gesellschaftliche Integration von Menschen mit Behinderung.\n\n<em>Text und Fotos (au\u00dfer Beitragsbild): Christine Sylvester<\/em>]]>\t\t<\/p>\n","protected":false},"excerpt":{"rendered":"<p>\t\t\t\t<![CDATA[Heilerziehungspfleger kommen \u00fcberall dort zum Einsatz, wo Menschen Hilfe brauchen. Wie der Berufsalltag aussieht und was ihn so besonders macht, erfahren Sie im Interview mit Rosita Baumgart.]]>\t\t<\/p>\n","protected":false},"author":16,"featured_media":7749,"comment_status":"closed","ping_status":"closed","sticky":false,"template":"","format":"standard","meta":{"footnotes":""},"categories":[118,151,19],"tags":[1108,2470,3895,4510,5581,6217],"class_list":{"0":"post-7741","1":"post","2":"type-post","3":"status-publish","4":"format-standard","5":"has-post-thumbnail","7":"category-im-fokus","8":"category-meissen","9":"category-paedagogik-soziales","10":"tag-behindertenwohnheim","11":"tag-erfahrungen","12":"tag-heilerziehungspfleger","13":"tag-kindergarten","14":"tag-menschen-mit-behinderung","15":"tag-paedagogik"},"yoast_head":"<!-- This site is optimized with the Yoast SEO plugin v23.5 - https:\/\/yoast.com\/wordpress\/plugins\/seo\/ -->\n<title>Heilerziehungspfleger - kreativer Beruf mit Freude\/Euro Akademie Magazin<\/title>\n<meta name=\"description\" content=\"Wie der Alltag des Heilerziehungspflegers aussieht, hat Christine Sylvester in einem Gespr\u00e4ch mit einer Absolventin der Euro Akademie Mei\u00dfen herausgefunden.\" \/>\n<meta name=\"robots\" content=\"index, follow, max-snippet:-1, max-image-preview:large, max-video-preview:-1\" \/>\n<link rel=\"canonical\" href=\"https:\/\/www.euroakademie.de\/magazin\/heilerziehungspfleger-kreativer-beruf-der-freude-macht\/\" \/>\n<meta property=\"og:locale\" content=\"de_DE\" \/>\n<meta property=\"og:type\" content=\"article\" \/>\n<meta property=\"og:title\" content=\"Heilerziehungspfleger - kreativer Beruf mit Freude\/Euro Akademie Magazin\" \/>\n<meta property=\"og:description\" content=\"Wie der Alltag des Heilerziehungspflegers aussieht, hat Christine Sylvester in einem Gespr\u00e4ch mit einer Absolventin der Euro Akademie Mei\u00dfen herausgefunden.\" \/>\n<meta property=\"og:url\" content=\"https:\/\/www.euroakademie.de\/magazin\/heilerziehungspfleger-kreativer-beruf-der-freude-macht\/\" \/>\n<meta property=\"og:site_name\" content=\"Das Euro Akademie Magazin\" \/>\n<meta property=\"article:published_time\" content=\"2018-08-27T10:24:10+00:00\" \/>\n<meta property=\"og:image\" content=\"https:\/\/www.euroakademie.de\/magazin\/wp-content\/uploads\/2018\/08\/shutterstock_82321690_702x336_web.jpg\" \/>\n\t<meta property=\"og:image:width\" content=\"702\" \/>\n\t<meta property=\"og:image:height\" content=\"336\" \/>\n\t<meta property=\"og:image:type\" content=\"image\/jpeg\" \/>\n<meta name=\"author\" content=\"Gastautor\" \/>\n<meta name=\"twitter:card\" content=\"summary_large_image\" \/>\n<meta name=\"twitter:label1\" content=\"Verfasst von\" \/>\n\t<meta name=\"twitter:data1\" content=\"Gastautor\" \/>\n\t<meta name=\"twitter:label2\" content=\"Gesch\u00e4tzte Lesezeit\" \/>\n\t<meta name=\"twitter:data2\" content=\"4\u00a0Minuten\" \/>\n<script type=\"application\/ld+json\" class=\"yoast-schema-graph\">{\"@context\":\"https:\/\/schema.org\",\"@graph\":[{\"@type\":\"Article\",\"@id\":\"https:\/\/www.euroakademie.de\/magazin\/heilerziehungspfleger-kreativer-beruf-der-freude-macht\/#article\",\"isPartOf\":{\"@id\":\"https:\/\/www.euroakademie.de\/magazin\/heilerziehungspfleger-kreativer-beruf-der-freude-macht\/\"},\"author\":{\"name\":\"Gastautor\",\"@id\":\"https:\/\/www.euroakademie.de\/magazin\/#\/schema\/person\/29e379ae109b856cf2109112ce9db2f0\"},\"headline\":\"Heilerziehungspfleger \u2013 ein kreativer Beruf, der Freude macht\",\"datePublished\":\"2018-08-27T10:24:10+00:00\",\"dateModified\":\"2018-08-27T10:24:10+00:00\",\"mainEntityOfPage\":{\"@id\":\"https:\/\/www.euroakademie.de\/magazin\/heilerziehungspfleger-kreativer-beruf-der-freude-macht\/\"},\"wordCount\":709,\"publisher\":{\"@id\":\"https:\/\/www.euroakademie.de\/magazin\/#organization\"},\"image\":{\"@id\":\"https:\/\/www.euroakademie.de\/magazin\/heilerziehungspfleger-kreativer-beruf-der-freude-macht\/#primaryimage\"},\"thumbnailUrl\":\"https:\/\/www.euroakademie.de\/magazin\/wp-content\/uploads\/2018\/08\/shutterstock_82321690_702x336_web.jpg\",\"keywords\":[\"Behindertenwohnheim\",\"Erfahrungen\",\"Heilerziehungspfleger\",\"Kindergarten\",\"Menschen mit Behinderung\",\"P\u00e4dagogik\"],\"articleSection\":[\"Im Fokus\",\"Mei\u00dfen\",\"P\u00e4dagogik &amp; Soziales\"],\"inLanguage\":\"de\"},{\"@type\":\"WebPage\",\"@id\":\"https:\/\/www.euroakademie.de\/magazin\/heilerziehungspfleger-kreativer-beruf-der-freude-macht\/\",\"url\":\"https:\/\/www.euroakademie.de\/magazin\/heilerziehungspfleger-kreativer-beruf-der-freude-macht\/\",\"name\":\"Heilerziehungspfleger - kreativer Beruf mit Freude\/Euro Akademie Magazin\",\"isPartOf\":{\"@id\":\"https:\/\/www.euroakademie.de\/magazin\/#website\"},\"primaryImageOfPage\":{\"@id\":\"https:\/\/www.euroakademie.de\/magazin\/heilerziehungspfleger-kreativer-beruf-der-freude-macht\/#primaryimage\"},\"image\":{\"@id\":\"https:\/\/www.euroakademie.de\/magazin\/heilerziehungspfleger-kreativer-beruf-der-freude-macht\/#primaryimage\"},\"thumbnailUrl\":\"https:\/\/www.euroakademie.de\/magazin\/wp-content\/uploads\/2018\/08\/shutterstock_82321690_702x336_web.jpg\",\"datePublished\":\"2018-08-27T10:24:10+00:00\",\"dateModified\":\"2018-08-27T10:24:10+00:00\",\"description\":\"Wie der Alltag des Heilerziehungspflegers aussieht, hat Christine Sylvester in einem Gespr\u00e4ch mit einer Absolventin der Euro Akademie Mei\u00dfen herausgefunden.\",\"breadcrumb\":{\"@id\":\"https:\/\/www.euroakademie.de\/magazin\/heilerziehungspfleger-kreativer-beruf-der-freude-macht\/#breadcrumb\"},\"inLanguage\":\"de\",\"potentialAction\":[{\"@type\":\"ReadAction\",\"target\":[\"https:\/\/www.euroakademie.de\/magazin\/heilerziehungspfleger-kreativer-beruf-der-freude-macht\/\"]}]},{\"@type\":\"ImageObject\",\"inLanguage\":\"de\",\"@id\":\"https:\/\/www.euroakademie.de\/magazin\/heilerziehungspfleger-kreativer-beruf-der-freude-macht\/#primaryimage\",\"url\":\"https:\/\/www.euroakademie.de\/magazin\/wp-content\/uploads\/2018\/08\/shutterstock_82321690_702x336_web.jpg\",\"contentUrl\":\"https:\/\/www.euroakademie.de\/magazin\/wp-content\/uploads\/2018\/08\/shutterstock_82321690_702x336_web.jpg\",\"width\":702,\"height\":336,\"caption\":\"\"},{\"@type\":\"BreadcrumbList\",\"@id\":\"https:\/\/www.euroakademie.de\/magazin\/heilerziehungspfleger-kreativer-beruf-der-freude-macht\/#breadcrumb\",\"itemListElement\":[{\"@type\":\"ListItem\",\"position\":1,\"name\":\"Startseite\",\"item\":\"https:\/\/www.euroakademie.de\/magazin\/\"},{\"@type\":\"ListItem\",\"position\":2,\"name\":\"Heilerziehungspfleger \u2013 ein kreativer Beruf, der Freude macht\"}]},{\"@type\":\"WebSite\",\"@id\":\"https:\/\/www.euroakademie.de\/magazin\/#website\",\"url\":\"https:\/\/www.euroakademie.de\/magazin\/\",\"name\":\"Das Euro Akademie Magazin\",\"description\":\"Gut informiert durch Ausbildung und Studium\",\"publisher\":{\"@id\":\"https:\/\/www.euroakademie.de\/magazin\/#organization\"},\"potentialAction\":[{\"@type\":\"SearchAction\",\"target\":{\"@type\":\"EntryPoint\",\"urlTemplate\":\"https:\/\/www.euroakademie.de\/magazin\/?s={search_term_string}\"},\"query-input\":{\"@type\":\"PropertyValueSpecification\",\"valueRequired\":true,\"valueName\":\"search_term_string\"}}],\"inLanguage\":\"de\"},{\"@type\":\"Organization\",\"@id\":\"https:\/\/www.euroakademie.de\/magazin\/#organization\",\"name\":\"ESO Education Group\",\"url\":\"https:\/\/www.euroakademie.de\/magazin\/\",\"logo\":{\"@type\":\"ImageObject\",\"inLanguage\":\"de\",\"@id\":\"https:\/\/www.euroakademie.de\/magazin\/#\/schema\/logo\/image\/\",\"url\":\"https:\/\/relaunch.euroakademie.de\/magazin\/wp-content\/uploads\/2024\/11\/Logo_EA_negativ_Rahmen_5cm_300dpi_RGB.jpg\",\"contentUrl\":\"https:\/\/relaunch.euroakademie.de\/magazin\/wp-content\/uploads\/2024\/11\/Logo_EA_negativ_Rahmen_5cm_300dpi_RGB.jpg\",\"width\":591,\"height\":236,\"caption\":\"ESO Education Group\"},\"image\":{\"@id\":\"https:\/\/www.euroakademie.de\/magazin\/#\/schema\/logo\/image\/\"}},{\"@type\":\"Person\",\"@id\":\"https:\/\/www.euroakademie.de\/magazin\/#\/schema\/person\/29e379ae109b856cf2109112ce9db2f0\",\"name\":\"Gastautor\",\"description\":\"P\u00e4dagoge, Bewerbungscoachin, Dozent oder \u00dcbersetzerin \u2013 hier schreibt ein Fachmann oder eine Fachfrau \u00fcber ein Spezialthema. Unsere Gastautor*innen bereichern uns regelm\u00e4\u00dfig mit Expertenwissen und Insider-Infos.\",\"url\":\"https:\/\/www.euroakademie.de\/magazin\/author\/gastautor\/\"}]}<\/script>\n<!-- \/ Yoast SEO plugin. -->","yoast_head_json":{"title":"Heilerziehungspfleger - kreativer Beruf mit Freude\/Euro Akademie Magazin","description":"Wie der Alltag des Heilerziehungspflegers aussieht, hat Christine Sylvester in einem Gespr\u00e4ch mit einer Absolventin der Euro Akademie Mei\u00dfen herausgefunden.","robots":{"index":"index","follow":"follow","max-snippet":"max-snippet:-1","max-image-preview":"max-image-preview:large","max-video-preview":"max-video-preview:-1"},"canonical":"https:\/\/www.euroakademie.de\/magazin\/heilerziehungspfleger-kreativer-beruf-der-freude-macht\/","og_locale":"de_DE","og_type":"article","og_title":"Heilerziehungspfleger - kreativer Beruf mit Freude\/Euro Akademie Magazin","og_description":"Wie der Alltag des Heilerziehungspflegers aussieht, hat Christine Sylvester in einem Gespr\u00e4ch mit einer Absolventin der Euro Akademie Mei\u00dfen herausgefunden.","og_url":"https:\/\/www.euroakademie.de\/magazin\/heilerziehungspfleger-kreativer-beruf-der-freude-macht\/","og_site_name":"Das Euro Akademie Magazin","article_published_time":"2018-08-27T10:24:10+00:00","og_image":[{"width":702,"height":336,"url":"https:\/\/www.euroakademie.de\/magazin\/wp-content\/uploads\/2018\/08\/shutterstock_82321690_702x336_web.jpg","type":"image\/jpeg"}],"author":"Gastautor","twitter_card":"summary_large_image","twitter_misc":{"Verfasst von":"Gastautor","Gesch\u00e4tzte Lesezeit":"4\u00a0Minuten"},"schema":{"@context":"https:\/\/schema.org","@graph":[{"@type":"Article","@id":"https:\/\/www.euroakademie.de\/magazin\/heilerziehungspfleger-kreativer-beruf-der-freude-macht\/#article","isPartOf":{"@id":"https:\/\/www.euroakademie.de\/magazin\/heilerziehungspfleger-kreativer-beruf-der-freude-macht\/"},"author":{"name":"Gastautor","@id":"https:\/\/www.euroakademie.de\/magazin\/#\/schema\/person\/29e379ae109b856cf2109112ce9db2f0"},"headline":"Heilerziehungspfleger \u2013 ein kreativer Beruf, der Freude macht","datePublished":"2018-08-27T10:24:10+00:00","dateModified":"2018-08-27T10:24:10+00:00","mainEntityOfPage":{"@id":"https:\/\/www.euroakademie.de\/magazin\/heilerziehungspfleger-kreativer-beruf-der-freude-macht\/"},"wordCount":709,"publisher":{"@id":"https:\/\/www.euroakademie.de\/magazin\/#organization"},"image":{"@id":"https:\/\/www.euroakademie.de\/magazin\/heilerziehungspfleger-kreativer-beruf-der-freude-macht\/#primaryimage"},"thumbnailUrl":"https:\/\/www.euroakademie.de\/magazin\/wp-content\/uploads\/2018\/08\/shutterstock_82321690_702x336_web.jpg","keywords":["Behindertenwohnheim","Erfahrungen","Heilerziehungspfleger","Kindergarten","Menschen mit Behinderung","P\u00e4dagogik"],"articleSection":["Im Fokus","Mei\u00dfen","P\u00e4dagogik &amp; Soziales"],"inLanguage":"de"},{"@type":"WebPage","@id":"https:\/\/www.euroakademie.de\/magazin\/heilerziehungspfleger-kreativer-beruf-der-freude-macht\/","url":"https:\/\/www.euroakademie.de\/magazin\/heilerziehungspfleger-kreativer-beruf-der-freude-macht\/","name":"Heilerziehungspfleger - kreativer Beruf mit Freude\/Euro Akademie Magazin","isPartOf":{"@id":"https:\/\/www.euroakademie.de\/magazin\/#website"},"primaryImageOfPage":{"@id":"https:\/\/www.euroakademie.de\/magazin\/heilerziehungspfleger-kreativer-beruf-der-freude-macht\/#primaryimage"},"image":{"@id":"https:\/\/www.euroakademie.de\/magazin\/heilerziehungspfleger-kreativer-beruf-der-freude-macht\/#primaryimage"},"thumbnailUrl":"https:\/\/www.euroakademie.de\/magazin\/wp-content\/uploads\/2018\/08\/shutterstock_82321690_702x336_web.jpg","datePublished":"2018-08-27T10:24:10+00:00","dateModified":"2018-08-27T10:24:10+00:00","description":"Wie der Alltag des Heilerziehungspflegers aussieht, hat Christine Sylvester in einem Gespr\u00e4ch mit einer Absolventin der Euro Akademie Mei\u00dfen herausgefunden.","breadcrumb":{"@id":"https:\/\/www.euroakademie.de\/magazin\/heilerziehungspfleger-kreativer-beruf-der-freude-macht\/#breadcrumb"},"inLanguage":"de","potentialAction":[{"@type":"ReadAction","target":["https:\/\/www.euroakademie.de\/magazin\/heilerziehungspfleger-kreativer-beruf-der-freude-macht\/"]}]},{"@type":"ImageObject","inLanguage":"de","@id":"https:\/\/www.euroakademie.de\/magazin\/heilerziehungspfleger-kreativer-beruf-der-freude-macht\/#primaryimage","url":"https:\/\/www.euroakademie.de\/magazin\/wp-content\/uploads\/2018\/08\/shutterstock_82321690_702x336_web.jpg","contentUrl":"https:\/\/www.euroakademie.de\/magazin\/wp-content\/uploads\/2018\/08\/shutterstock_82321690_702x336_web.jpg","width":702,"height":336,"caption":""},{"@type":"BreadcrumbList","@id":"https:\/\/www.euroakademie.de\/magazin\/heilerziehungspfleger-kreativer-beruf-der-freude-macht\/#breadcrumb","itemListElement":[{"@type":"ListItem","position":1,"name":"Startseite","item":"https:\/\/www.euroakademie.de\/magazin\/"},{"@type":"ListItem","position":2,"name":"Heilerziehungspfleger \u2013 ein kreativer Beruf, der Freude macht"}]},{"@type":"WebSite","@id":"https:\/\/www.euroakademie.de\/magazin\/#website","url":"https:\/\/www.euroakademie.de\/magazin\/","name":"Das Euro Akademie Magazin","description":"Gut informiert durch Ausbildung und Studium","publisher":{"@id":"https:\/\/www.euroakademie.de\/magazin\/#organization"},"potentialAction":[{"@type":"SearchAction","target":{"@type":"EntryPoint","urlTemplate":"https:\/\/www.euroakademie.de\/magazin\/?s={search_term_string}"},"query-input":{"@type":"PropertyValueSpecification","valueRequired":true,"valueName":"search_term_string"}}],"inLanguage":"de"},{"@type":"Organization","@id":"https:\/\/www.euroakademie.de\/magazin\/#organization","name":"ESO Education Group","url":"https:\/\/www.euroakademie.de\/magazin\/","logo":{"@type":"ImageObject","inLanguage":"de","@id":"https:\/\/www.euroakademie.de\/magazin\/#\/schema\/logo\/image\/","url":"https:\/\/relaunch.euroakademie.de\/magazin\/wp-content\/uploads\/2024\/11\/Logo_EA_negativ_Rahmen_5cm_300dpi_RGB.jpg","contentUrl":"https:\/\/relaunch.euroakademie.de\/magazin\/wp-content\/uploads\/2024\/11\/Logo_EA_negativ_Rahmen_5cm_300dpi_RGB.jpg","width":591,"height":236,"caption":"ESO Education Group"},"image":{"@id":"https:\/\/www.euroakademie.de\/magazin\/#\/schema\/logo\/image\/"}},{"@type":"Person","@id":"https:\/\/www.euroakademie.de\/magazin\/#\/schema\/person\/29e379ae109b856cf2109112ce9db2f0","name":"Gastautor","description":"P\u00e4dagoge, Bewerbungscoachin, Dozent oder \u00dcbersetzerin \u2013 hier schreibt ein Fachmann oder eine Fachfrau \u00fcber ein Spezialthema. Unsere Gastautor*innen bereichern uns regelm\u00e4\u00dfig mit Expertenwissen und Insider-Infos.","url":"https:\/\/www.euroakademie.de\/magazin\/author\/gastautor\/"}]}},"_links":{"self":[{"href":"https:\/\/www.euroakademie.de\/magazin\/wp-json\/wp\/v2\/posts\/7741","targetHints":{"allow":["GET"]}}],"collection":[{"href":"https:\/\/www.euroakademie.de\/magazin\/wp-json\/wp\/v2\/posts"}],"about":[{"href":"https:\/\/www.euroakademie.de\/magazin\/wp-json\/wp\/v2\/types\/post"}],"author":[{"embeddable":true,"href":"https:\/\/www.euroakademie.de\/magazin\/wp-json\/wp\/v2\/users\/16"}],"replies":[{"embeddable":true,"href":"https:\/\/www.euroakademie.de\/magazin\/wp-json\/wp\/v2\/comments?post=7741"}],"version-history":[{"count":0,"href":"https:\/\/www.euroakademie.de\/magazin\/wp-json\/wp\/v2\/posts\/7741\/revisions"}],"wp:featuredmedia":[{"embeddable":true,"href":"https:\/\/www.euroakademie.de\/magazin\/wp-json\/wp\/v2\/media\/7749"}],"wp:attachment":[{"href":"https:\/\/www.euroakademie.de\/magazin\/wp-json\/wp\/v2\/media?parent=7741"}],"wp:term":[{"taxonomy":"category","embeddable":true,"href":"https:\/\/www.euroakademie.de\/magazin\/wp-json\/wp\/v2\/categories?post=7741"},{"taxonomy":"post_tag","embeddable":true,"href":"https:\/\/www.euroakademie.de\/magazin\/wp-json\/wp\/v2\/tags?post=7741"}],"curies":[{"name":"wp","href":"https:\/\/api.w.org\/{rel}","templated":true}]}}