{"id":7773,"date":"2018-09-03T12:45:36","date_gmt":"2018-09-03T10:45:36","guid":{"rendered":"https:\/\/www.euroakademie.de\/magazin\/?p=7773"},"modified":"2018-09-03T12:45:36","modified_gmt":"2018-09-03T10:45:36","slug":"diese-fragen-erwarten-sie-im-vorstellungsgespraech","status":"publish","type":"post","link":"https:\/\/www.euroakademie.de\/magazin\/diese-fragen-erwarten-sie-im-vorstellungsgespraech\/","title":{"rendered":"Diese Fragen erwarten Sie im Vorstellungsgespr\u00e4ch"},"content":{"rendered":"<p>\t\t\t\t<![CDATA[<strong>Im Bewerbungsgespr\u00e4ch werden Ihnen viele Fragen gestellt. Diese sind f\u00fcr Sie als Bewerber meist Stress pur. Um sicher durch das Gespr\u00e4ch zu kommen, gilt es, sich gut vorzubereiten. Denn es sind immer die gleichen Fragetypen, die im Folgenden als Leitfaden f\u00fcr Sie vorgestellt werden.<\/strong>\n\n\n<h2>Fragen zu Ihrer Person<\/h2>\n\n\n<a href=\"https:\/\/relaunch.euroakademie.de\/magazin\/wp-content\/uploads\/2018\/09\/shutterstock_379989535_web.jpg\"><img fetchpriority=\"high\" decoding=\"async\" class=\"wp-image-7776 alignleft\" src=\"https:\/\/relaunch.euroakademie.de\/magazin\/wp-content\/uploads\/2018\/09\/shutterstock_379989535_web.jpg\" alt=\"Was kann ich gut? Was mache ich nicht so gerne? Selbstanalyse vorm Vorstellungsgespr\u00e4ch\" width=\"300\" height=\"200\" srcset=\"https:\/\/www.euroakademie.de\/magazin\/wp-content\/uploads\/2018\/09\/shutterstock_379989535_web.jpg 600w, https:\/\/www.euroakademie.de\/magazin\/wp-content\/uploads\/2018\/09\/shutterstock_379989535_web-300x200.jpg 300w, https:\/\/www.euroakademie.de\/magazin\/wp-content\/uploads\/2018\/09\/shutterstock_379989535_web-150x100.jpg 150w, https:\/\/www.euroakademie.de\/magazin\/wp-content\/uploads\/2018\/09\/shutterstock_379989535_web-450x300.jpg 450w\" sizes=\"(max-width: 300px) 100vw, 300px\" \/><\/a>Die Unternehmensvertreter m\u00f6chten Sie einsch\u00e4tzen k\u00f6nnen. Die Fakten aus dem Lebenslauf sagen oftmals viel zu wenig \u00fcber Ihre Person aus. Deshalb werden Ihnen im <a href=\"https:\/\/www.euroakademie.de\/magazin\/die-gelungene-selbstpraesentation-im-vorstellungsgespraech\/\">Vorstellungsgespr\u00e4ch<\/a> viele Fragen zu Ihrer Pers\u00f6nlichkeit gestellt. Es kann sogar passieren, dass diese Fragen so \u00e4hnlich sind, dass Sie einige Dinge wiederholen m\u00fcssen. Das ist so gewollt, da die Unternehmensvertreter feststellen m\u00f6chten, ob Ihre Aussagen stringent sind. Um die Fragen gut beantworten zu k\u00f6nnen, sollten Sie sich am besten selbst analysieren, um all Ihre St\u00e4rken, aber auch Schw\u00e4chen auszuloten.\n\n\n<h3>Hier die Checkliste f\u00fcr Ihre Selbstanalyse:<\/h3>\n\n\n\n\n<ul>\n \t\n\n<li>Diese Eigenschaften charakterisieren mich<\/li>\n\n\n \t\n\n<li>Diese F\u00e4higkeiten zeichnen mich aus<\/li>\n\n\n \t\n\n<li>Auf diese Kenntnisse bin ich stolz<\/li>\n\n\n \t\n\n<li>An diesen T\u00e4tigkeiten habe ich viel Freude<\/li>\n\n\n \t\n\n<li>Diese Dinge kann ich nicht so gut<\/li>\n\n\n \t\n\n<li>Diese Eigenschaften mag ich nicht an mir<\/li>\n\n\n \t\n\n<li>Darin habe ich Schwierigkeiten<\/li>\n\n\n \t\n\n<li>Diese Eigenschaften m\u00f6chte ich noch entwickeln<\/li>\n\n\n \t\n\n<li>Das m\u00f6chte ich noch k\u00f6nnen<\/li>\n\n\n<\/ul>\n\n\nWenn Sie sich nun die typischen Fragen zu Ihrer Pers\u00f6nlichkeit anschauen, die Ihnen im Vorstellungsgespr\u00e4ch gestellt werden, dann sehen Sie deutlich, wie wichtig die Selbstanalyse f\u00fcr die Beantwortung ist.\n\n\n<h3>Hier die Checkliste der typischen Fragen im Bewerbungsgespr\u00e4ch zur Pers\u00f6nlichkeit:<\/h3>\n\n\n\n\n<ul>\n \t\n\n<li>Wie w\u00fcrden Sie sich selbst charakterisieren?<\/li>\n\n\n \t\n\n<li>Was w\u00fcrden Sie an sich selbst am ehesten ver\u00e4ndern?<\/li>\n\n\n \t\n\n<li>Wo sehen Sie Ihre St\u00e4rken und wo Ihre Schw\u00e4chen?<\/li>\n\n\n \t\n\n<li>Verf\u00fcgen Sie \u00fcber Alleinstellungsmerkmale?<\/li>\n\n\n \t\n\n<li>Was bedeutet f\u00fcr Sie Erfolg?<\/li>\n\n\n \t\n\n<li>Was m\u00f6chten Sie in Zukunft noch erreichen?<\/li>\n\n\n \t\n\n<li>Was glauben Sie, wie sch\u00e4tzen Ihre Freunde Sie ein?<\/li>\n\n\n<\/ul>\n\n\n\n\n<h2>Fragen zu Ihrer Ausbildung<\/h2>\n\n\n<a href=\"https:\/\/relaunch.euroakademie.de\/magazin\/wp-content\/uploads\/2018\/09\/shutterstock_617921651_web.jpg\"><img decoding=\"async\" class=\"wp-image-7779 alignleft\" src=\"https:\/\/relaunch.euroakademie.de\/magazin\/wp-content\/uploads\/2018\/09\/shutterstock_617921651_web.jpg\" alt=\"Welche beruflichen Ziele habe ich?\" width=\"300\" height=\"201\" srcset=\"https:\/\/www.euroakademie.de\/magazin\/wp-content\/uploads\/2018\/09\/shutterstock_617921651_web.jpg 600w, https:\/\/www.euroakademie.de\/magazin\/wp-content\/uploads\/2018\/09\/shutterstock_617921651_web-300x201.jpg 300w, https:\/\/www.euroakademie.de\/magazin\/wp-content\/uploads\/2018\/09\/shutterstock_617921651_web-150x100.jpg 150w, https:\/\/www.euroakademie.de\/magazin\/wp-content\/uploads\/2018\/09\/shutterstock_617921651_web-450x301.jpg 450w\" sizes=\"(max-width: 300px) 100vw, 300px\" \/><\/a>Hier sind Ihre bewusste Entscheidungsf\u00e4higkeit, Ihre Ziele und Ihre Reflexion gefragt. Die Fakten zu Ihrer Ausbildung kennen die Gespr\u00e4chspartner schon aus dem Lebenslauf. Sie wollen nun wissen, wie Sie Ihre Ausbildung geplant haben, was Sie gelernt haben, welche Aspekte Ihnen besonders gut gefallen haben und ob es Dinge gibt, die Sie \u00e4ndern w\u00fcrden, wenn Sie nochmals entscheiden k\u00f6nnten. Es ist also wichtig, etwas mehr zu erz\u00e4hlen, als die Informationen aus dem <a href=\"https:\/\/www.euroakademie.de\/magazin\/bewerbung-mit-struktur-und-inhalt-im-lebenslauf-punkten\/\">Lebenslauf<\/a>. Deshalb ist es in der Vorbereitung wichtig, sich die m\u00f6glichen Fragen einmal selbst zu beantworten.\n\n\n<h3>Hier eine Checkliste typischer Fragen im Vorstellungsgespr\u00e4ch zu Ihrer Ausbildung:<\/h3>\n\n\n\n\n<ul>\n \t\n\n<li>Warum haben Sie sich f\u00fcr dieses Studium entschieden?<\/li>\n\n\n \t\n\n<li>Was hat Ihnen im Studium besonders gut gefallen?<\/li>\n\n\n \t\n\n<li>Was h\u00e4tte Sie sonst noch interessiert?<\/li>\n\n\n \t\n\n<li>Wenn Sie zur\u00fcckblicken, w\u00fcrden Sie alles noch einmal so machen?<\/li>\n\n\n \t\n\n<li>Haben Sie irgendeinen Schritt bereut?<\/li>\n\n\n<\/ul>\n\n\n\n\n<h2>Fragen zum neuen Job<\/h2>\n\n\n<a href=\"https:\/\/relaunch.euroakademie.de\/magazin\/wp-content\/uploads\/2018\/09\/shutterstock_773393047_web.jpg\"><img decoding=\"async\" class=\"wp-image-7778 alignleft\" src=\"https:\/\/relaunch.euroakademie.de\/magazin\/wp-content\/uploads\/2018\/09\/shutterstock_773393047_web.jpg\" alt=\"Wie setze ich mir Ziele?\" width=\"300\" height=\"200\" srcset=\"https:\/\/www.euroakademie.de\/magazin\/wp-content\/uploads\/2018\/09\/shutterstock_773393047_web.jpg 600w, https:\/\/www.euroakademie.de\/magazin\/wp-content\/uploads\/2018\/09\/shutterstock_773393047_web-300x200.jpg 300w, https:\/\/www.euroakademie.de\/magazin\/wp-content\/uploads\/2018\/09\/shutterstock_773393047_web-150x100.jpg 150w, https:\/\/www.euroakademie.de\/magazin\/wp-content\/uploads\/2018\/09\/shutterstock_773393047_web-450x300.jpg 450w\" sizes=\"(max-width: 300px) 100vw, 300px\" \/><\/a>Mit den Fragen zur Ausbildung wird in die Vergangenheit geschaut. Viel wichtiger ist aber Ihre Einstellung f\u00fcr die Zukunft. Denn es ist den Unternehmen besonders wichtig herauszufinden, wie Sie sich in dem neuen Job behaupten werden und wie Sie sich ins Unternehmensgef\u00fcge und in das Team integrieren werden. Deshalb sind die Fragen, die in die Zukunft blicken, besonders wichtig. Als Vorbereitung haben Sie die Informationen aus der Stellenanzeige. Damit k\u00f6nnen Sie Ihr zuk\u00fcnftiges Aufgabengebiet einsch\u00e4tzen. Doch meistens sind die Informationen recht mager. Deshalb ist es wichtig, sich grunds\u00e4tzlich mit dem Unternehmen und seiner Kultur zu besch\u00e4ftigen. Wenn Sie wissen, wie das Unternehmen tickt und was Sie in Ihrer T\u00e4tigkeit erwarten k\u00f6nnte, k\u00f6nnen Sie die Fragen gut beantworten.\n\n\n<h3>Hier eine Checkliste der typischen Fragen zum neuen Job:<\/h3>\n\n\n\n\n<ul>\n \t\n\n<li>Wo sehen Sie sich beruflich in f\u00fcnf Jahren?<\/li>\n\n\n \t\n\n<li>Was macht Ihrer Meinung nach gute Teamarbeit aus?<\/li>\n\n\n \t\n\n<li>Wie sehen Sie sich selbst in einer Gruppe?<\/li>\n\n\n \t\n\n<li>Wie setzen Sie Ihre Ideen im Team durch?<\/li>\n\n\n \t\n\n<li>Was sind f\u00fcr Sie die wichtigsten Werte und Eigenschaften im Berufsleben?<\/li>\n\n\n \t\n\n<li>Wie w\u00fcrden Sie vorgehen wenn\u2026?<\/li>\n\n\n \t\n\n<li>Wie reagieren Sie bei folgendem Problem\u2026?<\/li>\n\n\n<\/ul>\n\n\n\n\n<h3>Fazit<\/h3>\n\n\nSicherlich k\u00f6nnen Sie sich nicht auf jede Frage des Unternehmens vorbereiten. Doch mit diesem Leitfaden sollte es Ihnen gelingen, etwas mehr Selbstsicherheit zu erlangen, um dann auch andere Fragen spontan beantworten zu k\u00f6nnen.\n\nEin Tipp noch: Lassen Sie sich ruhig Zeit zum Nachdenken. Diese Pause, um sich eine Antwort zu \u00fcberlegen, wird positiv bewertet.]]>\t\t<\/p>\n","protected":false},"excerpt":{"rendered":"<p>\t\t\t\t<![CDATA[Im Bewerbungsgespr\u00e4ch werden Ihnen viele Fragen gestellt. Diese  sind f\u00fcr Sie als Bewerber meist Stress pur. Um sicher durch das Gespr\u00e4ch zu kommen, sollten Sie sich gut vorbereiten. Denn es sind immer die gleichen Fragetypen.]]>\t\t<\/p>\n","protected":false},"author":34,"featured_media":7775,"comment_status":"closed","ping_status":"closed","sticky":false,"template":"","format":"standard","meta":{"footnotes":""},"categories":[127],"tags":[376,1363,1804,3109,3556,4198,5161,6337,6619,7318,7345,7402,7861,8923,8965],"class_list":{"0":"post-7773","1":"post","2":"type-post","3":"status-publish","4":"format-standard","5":"has-post-thumbnail","7":"category-karriere","8":"tag-alleinstellungsmerkmale","9":"tag-bewerbungsgespraech","10":"tag-checkliste","11":"tag-fragen","12":"tag-gespraech","13":"tag-interessen","14":"tag-leitfaden","15":"tag-persoenlichkeit","16":"tag-praesentation","17":"tag-schwaechen","18":"tag-selbstanalyse","19":"tag-selbstsicherheit","20":"tag-staerken","21":"tag-vorbereitung","22":"tag-vorstellungsgespraech"},"yoast_head":"<!-- This site is optimized with the Yoast SEO plugin v23.5 - https:\/\/yoast.com\/wordpress\/plugins\/seo\/ -->\n<title>Diese Fragen erwarten Sie im Vorstellungsgespr\u00e4ch \/ Euro Akademie Magazin<\/title>\n<meta name=\"description\" content=\"Um sicher durch das Vorstellungsgespr\u00e4ch zu kommen, sollten Sie sich vorbereiten. Es sind immer die gleichen Fragetypen \u2013 wir haben einen Leitfaden f\u00fcr Sie.\" \/>\n<meta name=\"robots\" content=\"index, follow, max-snippet:-1, max-image-preview:large, max-video-preview:-1\" \/>\n<link rel=\"canonical\" href=\"https:\/\/www.euroakademie.de\/magazin\/diese-fragen-erwarten-sie-im-vorstellungsgespraech\/\" \/>\n<meta property=\"og:locale\" content=\"de_DE\" \/>\n<meta property=\"og:type\" content=\"article\" \/>\n<meta property=\"og:title\" content=\"Diese Fragen erwarten Sie im Vorstellungsgespr\u00e4ch \/ Euro Akademie Magazin\" \/>\n<meta property=\"og:description\" content=\"Um sicher durch das Vorstellungsgespr\u00e4ch zu kommen, sollten Sie sich vorbereiten. Es sind immer die gleichen Fragetypen \u2013 wir haben einen Leitfaden f\u00fcr Sie.\" \/>\n<meta property=\"og:url\" content=\"https:\/\/www.euroakademie.de\/magazin\/diese-fragen-erwarten-sie-im-vorstellungsgespraech\/\" \/>\n<meta property=\"og:site_name\" content=\"Das Euro Akademie Magazin\" \/>\n<meta property=\"article:published_time\" content=\"2018-09-03T10:45:36+00:00\" \/>\n<meta property=\"og:image\" content=\"https:\/\/www.euroakademie.de\/magazin\/wp-content\/uploads\/2018\/09\/shutterstock_152612105_702x336_web.jpg\" \/>\n\t<meta property=\"og:image:width\" content=\"702\" \/>\n\t<meta property=\"og:image:height\" content=\"336\" \/>\n\t<meta property=\"og:image:type\" content=\"image\/jpeg\" \/>\n<meta name=\"author\" content=\"Angela Sch\u00fctte\" \/>\n<meta name=\"twitter:card\" content=\"summary_large_image\" \/>\n<meta name=\"twitter:label1\" content=\"Verfasst von\" \/>\n\t<meta name=\"twitter:data1\" content=\"Angela Sch\u00fctte\" \/>\n\t<meta name=\"twitter:label2\" content=\"Gesch\u00e4tzte Lesezeit\" \/>\n\t<meta name=\"twitter:data2\" content=\"4\u00a0Minuten\" \/>\n<script type=\"application\/ld+json\" class=\"yoast-schema-graph\">{\"@context\":\"https:\/\/schema.org\",\"@graph\":[{\"@type\":\"Article\",\"@id\":\"https:\/\/www.euroakademie.de\/magazin\/diese-fragen-erwarten-sie-im-vorstellungsgespraech\/#article\",\"isPartOf\":{\"@id\":\"https:\/\/www.euroakademie.de\/magazin\/diese-fragen-erwarten-sie-im-vorstellungsgespraech\/\"},\"author\":{\"name\":\"Angela Sch\u00fctte\",\"@id\":\"https:\/\/www.euroakademie.de\/magazin\/#\/schema\/person\/67e6e0cbe692d2fa061c1d2c2c81fba4\"},\"headline\":\"Diese Fragen erwarten Sie im Vorstellungsgespr\u00e4ch\",\"datePublished\":\"2018-09-03T10:45:36+00:00\",\"dateModified\":\"2018-09-03T10:45:36+00:00\",\"mainEntityOfPage\":{\"@id\":\"https:\/\/www.euroakademie.de\/magazin\/diese-fragen-erwarten-sie-im-vorstellungsgespraech\/\"},\"wordCount\":720,\"publisher\":{\"@id\":\"https:\/\/www.euroakademie.de\/magazin\/#organization\"},\"image\":{\"@id\":\"https:\/\/www.euroakademie.de\/magazin\/diese-fragen-erwarten-sie-im-vorstellungsgespraech\/#primaryimage\"},\"thumbnailUrl\":\"https:\/\/www.euroakademie.de\/magazin\/wp-content\/uploads\/2018\/09\/shutterstock_152612105_702x336_web.jpg\",\"keywords\":[\"Alleinstellungsmerkmale\",\"Bewerbungsgespr\u00e4ch\",\"Checkliste\",\"Fragen\",\"Gespr\u00e4ch\",\"Interessen\",\"Leitfaden\",\"Pers\u00f6nlichkeit\",\"Pr\u00e4sentation\",\"Schw\u00e4chen\",\"Selbstanalyse\",\"Selbstsicherheit\",\"St\u00e4rken\",\"Vorbereitung\",\"Vorstellungsgespr\u00e4ch\"],\"articleSection\":[\"Karriere\"],\"inLanguage\":\"de\"},{\"@type\":\"WebPage\",\"@id\":\"https:\/\/www.euroakademie.de\/magazin\/diese-fragen-erwarten-sie-im-vorstellungsgespraech\/\",\"url\":\"https:\/\/www.euroakademie.de\/magazin\/diese-fragen-erwarten-sie-im-vorstellungsgespraech\/\",\"name\":\"Diese Fragen erwarten Sie im Vorstellungsgespr\u00e4ch \/ Euro Akademie Magazin\",\"isPartOf\":{\"@id\":\"https:\/\/www.euroakademie.de\/magazin\/#website\"},\"primaryImageOfPage\":{\"@id\":\"https:\/\/www.euroakademie.de\/magazin\/diese-fragen-erwarten-sie-im-vorstellungsgespraech\/#primaryimage\"},\"image\":{\"@id\":\"https:\/\/www.euroakademie.de\/magazin\/diese-fragen-erwarten-sie-im-vorstellungsgespraech\/#primaryimage\"},\"thumbnailUrl\":\"https:\/\/www.euroakademie.de\/magazin\/wp-content\/uploads\/2018\/09\/shutterstock_152612105_702x336_web.jpg\",\"datePublished\":\"2018-09-03T10:45:36+00:00\",\"dateModified\":\"2018-09-03T10:45:36+00:00\",\"description\":\"Um sicher durch das Vorstellungsgespr\u00e4ch zu kommen, sollten Sie sich vorbereiten. Es sind immer die gleichen Fragetypen \u2013 wir haben einen Leitfaden f\u00fcr Sie.\",\"breadcrumb\":{\"@id\":\"https:\/\/www.euroakademie.de\/magazin\/diese-fragen-erwarten-sie-im-vorstellungsgespraech\/#breadcrumb\"},\"inLanguage\":\"de\",\"potentialAction\":[{\"@type\":\"ReadAction\",\"target\":[\"https:\/\/www.euroakademie.de\/magazin\/diese-fragen-erwarten-sie-im-vorstellungsgespraech\/\"]}]},{\"@type\":\"ImageObject\",\"inLanguage\":\"de\",\"@id\":\"https:\/\/www.euroakademie.de\/magazin\/diese-fragen-erwarten-sie-im-vorstellungsgespraech\/#primaryimage\",\"url\":\"https:\/\/www.euroakademie.de\/magazin\/wp-content\/uploads\/2018\/09\/shutterstock_152612105_702x336_web.jpg\",\"contentUrl\":\"https:\/\/www.euroakademie.de\/magazin\/wp-content\/uploads\/2018\/09\/shutterstock_152612105_702x336_web.jpg\",\"width\":702,\"height\":336,\"caption\":\"\"},{\"@type\":\"BreadcrumbList\",\"@id\":\"https:\/\/www.euroakademie.de\/magazin\/diese-fragen-erwarten-sie-im-vorstellungsgespraech\/#breadcrumb\",\"itemListElement\":[{\"@type\":\"ListItem\",\"position\":1,\"name\":\"Startseite\",\"item\":\"https:\/\/www.euroakademie.de\/magazin\/\"},{\"@type\":\"ListItem\",\"position\":2,\"name\":\"Diese Fragen erwarten Sie im Vorstellungsgespr\u00e4ch\"}]},{\"@type\":\"WebSite\",\"@id\":\"https:\/\/www.euroakademie.de\/magazin\/#website\",\"url\":\"https:\/\/www.euroakademie.de\/magazin\/\",\"name\":\"Das Euro Akademie Magazin\",\"description\":\"Gut informiert durch Ausbildung und Studium\",\"publisher\":{\"@id\":\"https:\/\/www.euroakademie.de\/magazin\/#organization\"},\"potentialAction\":[{\"@type\":\"SearchAction\",\"target\":{\"@type\":\"EntryPoint\",\"urlTemplate\":\"https:\/\/www.euroakademie.de\/magazin\/?s={search_term_string}\"},\"query-input\":{\"@type\":\"PropertyValueSpecification\",\"valueRequired\":true,\"valueName\":\"search_term_string\"}}],\"inLanguage\":\"de\"},{\"@type\":\"Organization\",\"@id\":\"https:\/\/www.euroakademie.de\/magazin\/#organization\",\"name\":\"ESO Education Group\",\"url\":\"https:\/\/www.euroakademie.de\/magazin\/\",\"logo\":{\"@type\":\"ImageObject\",\"inLanguage\":\"de\",\"@id\":\"https:\/\/www.euroakademie.de\/magazin\/#\/schema\/logo\/image\/\",\"url\":\"https:\/\/relaunch.euroakademie.de\/magazin\/wp-content\/uploads\/2024\/11\/Logo_EA_negativ_Rahmen_5cm_300dpi_RGB.jpg\",\"contentUrl\":\"https:\/\/relaunch.euroakademie.de\/magazin\/wp-content\/uploads\/2024\/11\/Logo_EA_negativ_Rahmen_5cm_300dpi_RGB.jpg\",\"width\":591,\"height\":236,\"caption\":\"ESO Education Group\"},\"image\":{\"@id\":\"https:\/\/www.euroakademie.de\/magazin\/#\/schema\/logo\/image\/\"}},{\"@type\":\"Person\",\"@id\":\"https:\/\/www.euroakademie.de\/magazin\/#\/schema\/person\/67e6e0cbe692d2fa061c1d2c2c81fba4\",\"name\":\"Angela Sch\u00fctte\",\"description\":\"Als erfahrene Karriereberaterin unterst\u00fctzt Dipl.-Ing. (FH) M.A. Angela Sch\u00fctte seit 20 Jahren junge Menschen w\u00e4hrend der Ausbildung, im Studium und beim Berufseinstieg. In ihren motivierenden Vortr\u00e4gen und Seminaren hilft sie jungen Menschen bei ihren ersten Schritten auf der Karriereleiter und gibt ihnen praktische Bewerbungstipps an die Hand. Weitere Informationen zu ihren Angeboten gibt es auf ihrer Internetseite und in ihrem Xing-Profil. Ein Bewerbungsratgeber mit Tipps von Angela Sch\u00fctte steht auf der Website Berufsstart oder als PDF zum Download zur Verf\u00fcgung.\",\"url\":\"https:\/\/www.euroakademie.de\/magazin\/author\/angela-schuette\/\"}]}<\/script>\n<!-- \/ Yoast SEO plugin. -->","yoast_head_json":{"title":"Diese Fragen erwarten Sie im Vorstellungsgespr\u00e4ch \/ Euro Akademie Magazin","description":"Um sicher durch das Vorstellungsgespr\u00e4ch zu kommen, sollten Sie sich vorbereiten. Es sind immer die gleichen Fragetypen \u2013 wir haben einen Leitfaden f\u00fcr Sie.","robots":{"index":"index","follow":"follow","max-snippet":"max-snippet:-1","max-image-preview":"max-image-preview:large","max-video-preview":"max-video-preview:-1"},"canonical":"https:\/\/www.euroakademie.de\/magazin\/diese-fragen-erwarten-sie-im-vorstellungsgespraech\/","og_locale":"de_DE","og_type":"article","og_title":"Diese Fragen erwarten Sie im Vorstellungsgespr\u00e4ch \/ Euro Akademie Magazin","og_description":"Um sicher durch das Vorstellungsgespr\u00e4ch zu kommen, sollten Sie sich vorbereiten. Es sind immer die gleichen Fragetypen \u2013 wir haben einen Leitfaden f\u00fcr Sie.","og_url":"https:\/\/www.euroakademie.de\/magazin\/diese-fragen-erwarten-sie-im-vorstellungsgespraech\/","og_site_name":"Das Euro Akademie Magazin","article_published_time":"2018-09-03T10:45:36+00:00","og_image":[{"width":702,"height":336,"url":"https:\/\/www.euroakademie.de\/magazin\/wp-content\/uploads\/2018\/09\/shutterstock_152612105_702x336_web.jpg","type":"image\/jpeg"}],"author":"Angela Sch\u00fctte","twitter_card":"summary_large_image","twitter_misc":{"Verfasst von":"Angela Sch\u00fctte","Gesch\u00e4tzte Lesezeit":"4\u00a0Minuten"},"schema":{"@context":"https:\/\/schema.org","@graph":[{"@type":"Article","@id":"https:\/\/www.euroakademie.de\/magazin\/diese-fragen-erwarten-sie-im-vorstellungsgespraech\/#article","isPartOf":{"@id":"https:\/\/www.euroakademie.de\/magazin\/diese-fragen-erwarten-sie-im-vorstellungsgespraech\/"},"author":{"name":"Angela Sch\u00fctte","@id":"https:\/\/www.euroakademie.de\/magazin\/#\/schema\/person\/67e6e0cbe692d2fa061c1d2c2c81fba4"},"headline":"Diese Fragen erwarten Sie im Vorstellungsgespr\u00e4ch","datePublished":"2018-09-03T10:45:36+00:00","dateModified":"2018-09-03T10:45:36+00:00","mainEntityOfPage":{"@id":"https:\/\/www.euroakademie.de\/magazin\/diese-fragen-erwarten-sie-im-vorstellungsgespraech\/"},"wordCount":720,"publisher":{"@id":"https:\/\/www.euroakademie.de\/magazin\/#organization"},"image":{"@id":"https:\/\/www.euroakademie.de\/magazin\/diese-fragen-erwarten-sie-im-vorstellungsgespraech\/#primaryimage"},"thumbnailUrl":"https:\/\/www.euroakademie.de\/magazin\/wp-content\/uploads\/2018\/09\/shutterstock_152612105_702x336_web.jpg","keywords":["Alleinstellungsmerkmale","Bewerbungsgespr\u00e4ch","Checkliste","Fragen","Gespr\u00e4ch","Interessen","Leitfaden","Pers\u00f6nlichkeit","Pr\u00e4sentation","Schw\u00e4chen","Selbstanalyse","Selbstsicherheit","St\u00e4rken","Vorbereitung","Vorstellungsgespr\u00e4ch"],"articleSection":["Karriere"],"inLanguage":"de"},{"@type":"WebPage","@id":"https:\/\/www.euroakademie.de\/magazin\/diese-fragen-erwarten-sie-im-vorstellungsgespraech\/","url":"https:\/\/www.euroakademie.de\/magazin\/diese-fragen-erwarten-sie-im-vorstellungsgespraech\/","name":"Diese Fragen erwarten Sie im Vorstellungsgespr\u00e4ch \/ Euro Akademie Magazin","isPartOf":{"@id":"https:\/\/www.euroakademie.de\/magazin\/#website"},"primaryImageOfPage":{"@id":"https:\/\/www.euroakademie.de\/magazin\/diese-fragen-erwarten-sie-im-vorstellungsgespraech\/#primaryimage"},"image":{"@id":"https:\/\/www.euroakademie.de\/magazin\/diese-fragen-erwarten-sie-im-vorstellungsgespraech\/#primaryimage"},"thumbnailUrl":"https:\/\/www.euroakademie.de\/magazin\/wp-content\/uploads\/2018\/09\/shutterstock_152612105_702x336_web.jpg","datePublished":"2018-09-03T10:45:36+00:00","dateModified":"2018-09-03T10:45:36+00:00","description":"Um sicher durch das Vorstellungsgespr\u00e4ch zu kommen, sollten Sie sich vorbereiten. Es sind immer die gleichen Fragetypen \u2013 wir haben einen Leitfaden f\u00fcr Sie.","breadcrumb":{"@id":"https:\/\/www.euroakademie.de\/magazin\/diese-fragen-erwarten-sie-im-vorstellungsgespraech\/#breadcrumb"},"inLanguage":"de","potentialAction":[{"@type":"ReadAction","target":["https:\/\/www.euroakademie.de\/magazin\/diese-fragen-erwarten-sie-im-vorstellungsgespraech\/"]}]},{"@type":"ImageObject","inLanguage":"de","@id":"https:\/\/www.euroakademie.de\/magazin\/diese-fragen-erwarten-sie-im-vorstellungsgespraech\/#primaryimage","url":"https:\/\/www.euroakademie.de\/magazin\/wp-content\/uploads\/2018\/09\/shutterstock_152612105_702x336_web.jpg","contentUrl":"https:\/\/www.euroakademie.de\/magazin\/wp-content\/uploads\/2018\/09\/shutterstock_152612105_702x336_web.jpg","width":702,"height":336,"caption":""},{"@type":"BreadcrumbList","@id":"https:\/\/www.euroakademie.de\/magazin\/diese-fragen-erwarten-sie-im-vorstellungsgespraech\/#breadcrumb","itemListElement":[{"@type":"ListItem","position":1,"name":"Startseite","item":"https:\/\/www.euroakademie.de\/magazin\/"},{"@type":"ListItem","position":2,"name":"Diese Fragen erwarten Sie im Vorstellungsgespr\u00e4ch"}]},{"@type":"WebSite","@id":"https:\/\/www.euroakademie.de\/magazin\/#website","url":"https:\/\/www.euroakademie.de\/magazin\/","name":"Das Euro Akademie Magazin","description":"Gut informiert durch Ausbildung und Studium","publisher":{"@id":"https:\/\/www.euroakademie.de\/magazin\/#organization"},"potentialAction":[{"@type":"SearchAction","target":{"@type":"EntryPoint","urlTemplate":"https:\/\/www.euroakademie.de\/magazin\/?s={search_term_string}"},"query-input":{"@type":"PropertyValueSpecification","valueRequired":true,"valueName":"search_term_string"}}],"inLanguage":"de"},{"@type":"Organization","@id":"https:\/\/www.euroakademie.de\/magazin\/#organization","name":"ESO Education Group","url":"https:\/\/www.euroakademie.de\/magazin\/","logo":{"@type":"ImageObject","inLanguage":"de","@id":"https:\/\/www.euroakademie.de\/magazin\/#\/schema\/logo\/image\/","url":"https:\/\/relaunch.euroakademie.de\/magazin\/wp-content\/uploads\/2024\/11\/Logo_EA_negativ_Rahmen_5cm_300dpi_RGB.jpg","contentUrl":"https:\/\/relaunch.euroakademie.de\/magazin\/wp-content\/uploads\/2024\/11\/Logo_EA_negativ_Rahmen_5cm_300dpi_RGB.jpg","width":591,"height":236,"caption":"ESO Education Group"},"image":{"@id":"https:\/\/www.euroakademie.de\/magazin\/#\/schema\/logo\/image\/"}},{"@type":"Person","@id":"https:\/\/www.euroakademie.de\/magazin\/#\/schema\/person\/67e6e0cbe692d2fa061c1d2c2c81fba4","name":"Angela Sch\u00fctte","description":"Als erfahrene Karriereberaterin unterst\u00fctzt Dipl.-Ing. (FH) M.A. Angela Sch\u00fctte seit 20 Jahren junge Menschen w\u00e4hrend der Ausbildung, im Studium und beim Berufseinstieg. In ihren motivierenden Vortr\u00e4gen und Seminaren hilft sie jungen Menschen bei ihren ersten Schritten auf der Karriereleiter und gibt ihnen praktische Bewerbungstipps an die Hand. Weitere Informationen zu ihren Angeboten gibt es auf ihrer Internetseite und in ihrem Xing-Profil. Ein Bewerbungsratgeber mit Tipps von Angela Sch\u00fctte steht auf der Website Berufsstart oder als PDF zum Download zur Verf\u00fcgung.","url":"https:\/\/www.euroakademie.de\/magazin\/author\/angela-schuette\/"}]}},"_links":{"self":[{"href":"https:\/\/www.euroakademie.de\/magazin\/wp-json\/wp\/v2\/posts\/7773","targetHints":{"allow":["GET"]}}],"collection":[{"href":"https:\/\/www.euroakademie.de\/magazin\/wp-json\/wp\/v2\/posts"}],"about":[{"href":"https:\/\/www.euroakademie.de\/magazin\/wp-json\/wp\/v2\/types\/post"}],"author":[{"embeddable":true,"href":"https:\/\/www.euroakademie.de\/magazin\/wp-json\/wp\/v2\/users\/34"}],"replies":[{"embeddable":true,"href":"https:\/\/www.euroakademie.de\/magazin\/wp-json\/wp\/v2\/comments?post=7773"}],"version-history":[{"count":0,"href":"https:\/\/www.euroakademie.de\/magazin\/wp-json\/wp\/v2\/posts\/7773\/revisions"}],"wp:featuredmedia":[{"embeddable":true,"href":"https:\/\/www.euroakademie.de\/magazin\/wp-json\/wp\/v2\/media\/7775"}],"wp:attachment":[{"href":"https:\/\/www.euroakademie.de\/magazin\/wp-json\/wp\/v2\/media?parent=7773"}],"wp:term":[{"taxonomy":"category","embeddable":true,"href":"https:\/\/www.euroakademie.de\/magazin\/wp-json\/wp\/v2\/categories?post=7773"},{"taxonomy":"post_tag","embeddable":true,"href":"https:\/\/www.euroakademie.de\/magazin\/wp-json\/wp\/v2\/tags?post=7773"}],"curies":[{"name":"wp","href":"https:\/\/api.w.org\/{rel}","templated":true}]}}