{"id":7848,"date":"2018-10-08T08:20:13","date_gmt":"2018-10-08T06:20:13","guid":{"rendered":"https:\/\/www.euroakademie.de\/magazin\/?p=7848"},"modified":"2024-11-18T15:53:00","modified_gmt":"2024-11-18T14:53:00","slug":"fuehrung-in-der-arbeitswelt-4-0","status":"publish","type":"post","link":"https:\/\/www.euroakademie.de\/magazin\/fuehrung-in-der-arbeitswelt-4-0\/","title":{"rendered":"F\u00fchrung in der Arbeitswelt 4.0"},"content":{"rendered":"<p>\t\t\t\t<![CDATA[<strong>Aufgabenbereiche und T\u00e4tigkeiten haben sich bereits ver\u00e4ndert und werden sich in den n\u00e4chsten Jahren durch die digitale Transformation teilweise dramatisch wandeln. Dieser Prozess macht auch vor den Aufgaben einer F\u00fchrungskraft nicht halt.<\/strong>\n\n\n<h2>Aufgaben im Wandel \u2013 die Rolle der F\u00fchrungskraft wird umgestaltet<\/h2>\n\n\nMit der fortschreitenden Digitalisierung und Vernetzung von Arbeitsprozessen wird sich auch die Rolle der <a href=\"https:\/\/www.euroakademie.de\/magazin\/fuehrungskompetenzen-entwickeln\/\" target=\"_blank\" rel=\"noopener noreferrer\">F\u00fchrungskraft<\/a> ver\u00e4ndern. Sie wird immer mehr zum Begleiter und Erm\u00f6glicher der Mitarbeiter sowie zum Vernetzer zwischen unterschiedlichen Bereichen und dem Kunden. Der Status, der in vielen Unternehmen mit einer F\u00fchrungsposition einhergeht, wird sich verringern oder ganz wegfallen. Hierarchien werden also durch die Umgestaltung der Aufgaben nicht mehr n\u00f6tig sein oder behindern den Arbeitsprozess eher. Die F\u00fchrungskraft wird in den Zeiten der Umgestaltung allerdings zum Motor der Ver\u00e4nderung und wird sie aktiv mitgestalten und umsetzen m\u00fcssen.\n\nDa der Wandel in der Arbeitswelt 4.0 zum Alltag geh\u00f6ren wird, weil die Digitalisierung immer neue M\u00f6glichkeiten bietet, wird Ver\u00e4nderung zur Normalit\u00e4t. Die Aufgabe, Mitarbeiter bei diesen stetigen Prozessen zu begleiten, wird also kein Ende nehmen. Somit muss die F\u00fchrungskraft der Zukunft, neben einer ausgepr\u00e4gten Kommunikations- und Entscheidungsf\u00e4higkeit, auch offen f\u00fcr Ver\u00e4nderungen sein, Mitarbeiter motivieren sowie Vertrauen und Zuversicht ausstrahlen. Dieser Wandel der Kompetenzen wird auch in einer Studie des Fraunhofer-Instituts f\u00fcr Arbeitswirtschaft und Organisation (IAO) in Kooperation mit der Deutschen Gesellschaft f\u00fcr Personalf\u00fchrung e.V. (DGFP) deutlich, die im April und Mai 2018 durchgef\u00fchrt wurde. Die Studie finden Sie unter: <a href=\"https:\/\/www.dgfp.de\/uploads\/documents\/Studie_DGFP_Fraunhofer_Digital_Leadership_2018.pdf\" target=\"_blank\" rel=\"noopener noreferrer\">https:\/\/www.dgfp.de\/mediathek\/publikationen\/<\/a>.\n\n\n<h2>Die Rolle der F\u00fchrungskraft im Unternehmen<\/h2>\n\n\nDeutschland ist nach wie vor von einer eher hierarchischen F\u00fchrungskultur gepr\u00e4gt. Ausgenommen davon sind <a href=\"https:\/\/www.euroakademie.de\/magazin\/diese-eigenschaften-brauchen-sie-als-gruender\/\" target=\"_blank\" rel=\"noopener noreferrer\">Startups<\/a> oder kleine Unternehmen, die den Weg zum digitalen Wandel entweder leicht umsetzen konnten oder gleich bei ihrer Gr\u00fcndung ber\u00fccksichtigt haben. Hier sind die flachen Hierarchien und die neue Rolle der F\u00fchrungskraft bereits verankert. In vielen langfristig gewachsenen Unternehmen und Konzernen tut man sich indes schwer, gerade die F\u00fchrungsrolle den neuen Gegebenheiten anzupassen. Die F\u00fchrungskraft ist hier oft in einem Dilemma von digitalem Wandel und alten Strukturen. Diese behindern sich eher gegenseitig, als dass sie sich positiv befruchten. Somit erscheint die F\u00fchrungsrolle gerade aus der alten Sichtweise heraus im Moment wenig attraktiv. Dass hierarchische Strukturen fallen werden, ist f\u00fcr 52 Prozent der Befragten aus der vorgenannten Studie klar. Doch der Weg dorthin d\u00fcrfte mindestens so steinig sein, wie der Weg in die Digitalisierung und bedeutet somit eine klare Doppelbelastung f\u00fcr die F\u00fchrungskraft.\n\nWer sich aber auf die Neuerung einl\u00e4sst, kann in dem F\u00fchrungsverst\u00e4ndnis mit den Kernaufgaben der Planung und Organisation, Informationsweitergabe, Vernetzung und Motivation eine spannende Herausforderung als F\u00fchrungskraft erleben. Der angenehme Aspekt der Digitalisierung ist, dass administrative Aufgaben in der F\u00fchrung weniger werden, da diese in Zukunft automatisiert stattfinden.\n\n\n<h2>Fazit<\/h2>\n\n\nDie digitale Transformation wird in den kommenden Jahren spannend bleiben und besonders zum Thema F\u00fchrung viele neue Thesen bereithalten. F\u00fcr die F\u00fchrungskraft sollte die eigene Motivation und offene Haltung zum Motor f\u00fcr die Ver\u00e4nderung werden. Ganz nach dem Motto: In jeder Ver\u00e4nderung liegt eine Chance auf Verbesserung.]]>\t\t<\/p>\n","protected":false},"excerpt":{"rendered":"<p>\t\t\t\t<![CDATA[Aufgabenbereiche und T\u00e4tigkeiten haben sich bereits ver\u00e4ndert und werden sich in den n\u00e4chsten Jahren durch die digitale Transformation teilweise dramatisch wandeln. Dieser Prozess macht auch vor den Aufgaben einer F\u00fchrungskraft nicht halt.]]>\t\t<\/p>\n","protected":false},"author":34,"featured_media":7851,"comment_status":"closed","ping_status":"closed","sticky":false,"template":"","format":"standard","meta":{"footnotes":""},"categories":[118,127],"tags":[646,2086,3283,3295,3301,3307,3946,3949,8392,8677,9031],"class_list":{"0":"post-7848","1":"post","2":"type-post","3":"status-publish","4":"format-standard","5":"has-post-thumbnail","7":"category-im-fokus","8":"category-karriere","9":"tag-arbeitswelt","10":"tag-digitalisierung","11":"tag-fuehren","12":"tag-fuehrungskraft","13":"tag-fuehrungsposition","14":"tag-fuehrungsrolle","15":"tag-hierarchie","16":"tag-hierarchien","17":"tag-transformation","18":"tag-veraenderung","19":"tag-wandel"},"yoast_head":"<!-- This site is optimized with the Yoast SEO plugin v23.5 - https:\/\/yoast.com\/wordpress\/plugins\/seo\/ -->\n<title>F\u00fchrung in der Arbeitswelt 4.0 \/ Euro Akdemie Magazin<\/title>\n<meta name=\"description\" content=\"Aufgabenbereiche haben sich ver\u00e4ndert und werden sich durch die digitale Transformation dramatisch wandeln. Auch F\u00fchrungskr\u00e4fte sind neu gefordert.\" \/>\n<meta name=\"robots\" content=\"index, follow, max-snippet:-1, max-image-preview:large, max-video-preview:-1\" \/>\n<link rel=\"canonical\" href=\"https:\/\/www.euroakademie.de\/magazin\/fuehrung-in-der-arbeitswelt-4-0\/\" \/>\n<meta property=\"og:locale\" content=\"de_DE\" \/>\n<meta property=\"og:type\" content=\"article\" \/>\n<meta property=\"og:title\" content=\"F\u00fchrung in der Arbeitswelt 4.0 \/ Euro Akdemie Magazin\" \/>\n<meta property=\"og:description\" content=\"Aufgabenbereiche haben sich ver\u00e4ndert und werden sich durch die digitale Transformation dramatisch wandeln. Auch F\u00fchrungskr\u00e4fte sind neu gefordert.\" \/>\n<meta property=\"og:url\" content=\"https:\/\/www.euroakademie.de\/magazin\/fuehrung-in-der-arbeitswelt-4-0\/\" \/>\n<meta property=\"og:site_name\" content=\"Das Euro Akademie Magazin\" \/>\n<meta property=\"article:published_time\" content=\"2018-10-08T06:20:13+00:00\" \/>\n<meta property=\"article:modified_time\" content=\"2024-11-18T14:53:00+00:00\" \/>\n<meta property=\"og:image\" content=\"https:\/\/www.euroakademie.de\/magazin\/wp-content\/uploads\/2018\/10\/shutterstock_124547065_702x336_web.jpg\" \/>\n\t<meta property=\"og:image:width\" content=\"702\" \/>\n\t<meta property=\"og:image:height\" content=\"336\" \/>\n\t<meta property=\"og:image:type\" content=\"image\/jpeg\" \/>\n<meta name=\"author\" content=\"Angela Sch\u00fctte\" \/>\n<meta name=\"twitter:card\" content=\"summary_large_image\" \/>\n<meta name=\"twitter:label1\" content=\"Verfasst von\" \/>\n\t<meta name=\"twitter:data1\" content=\"Angela Sch\u00fctte\" \/>\n\t<meta name=\"twitter:label2\" content=\"Gesch\u00e4tzte Lesezeit\" \/>\n\t<meta name=\"twitter:data2\" content=\"3\u00a0Minuten\" \/>\n<script type=\"application\/ld+json\" class=\"yoast-schema-graph\">{\"@context\":\"https:\/\/schema.org\",\"@graph\":[{\"@type\":\"Article\",\"@id\":\"https:\/\/www.euroakademie.de\/magazin\/fuehrung-in-der-arbeitswelt-4-0\/#article\",\"isPartOf\":{\"@id\":\"https:\/\/www.euroakademie.de\/magazin\/fuehrung-in-der-arbeitswelt-4-0\/\"},\"author\":{\"name\":\"Angela Sch\u00fctte\",\"@id\":\"https:\/\/www.euroakademie.de\/magazin\/#\/schema\/person\/67e6e0cbe692d2fa061c1d2c2c81fba4\"},\"headline\":\"F\u00fchrung in der Arbeitswelt 4.0\",\"datePublished\":\"2018-10-08T06:20:13+00:00\",\"dateModified\":\"2024-11-18T14:53:00+00:00\",\"mainEntityOfPage\":{\"@id\":\"https:\/\/www.euroakademie.de\/magazin\/fuehrung-in-der-arbeitswelt-4-0\/\"},\"wordCount\":537,\"publisher\":{\"@id\":\"https:\/\/www.euroakademie.de\/magazin\/#organization\"},\"image\":{\"@id\":\"https:\/\/www.euroakademie.de\/magazin\/fuehrung-in-der-arbeitswelt-4-0\/#primaryimage\"},\"thumbnailUrl\":\"https:\/\/www.euroakademie.de\/magazin\/wp-content\/uploads\/2018\/10\/shutterstock_124547065_702x336_web.jpg\",\"keywords\":[\"Arbeitswelt\",\"Digitalisierung\",\"f\u00fchren\",\"F\u00fchrungskraft\",\"F\u00fchrungsposition\",\"F\u00fchrungsrolle\",\"Hierarchie\",\"Hierarchien\",\"Transformation\",\"Ver\u00e4nderung\",\"Wandel\"],\"articleSection\":[\"Im Fokus\",\"Karriere\"],\"inLanguage\":\"de\"},{\"@type\":\"WebPage\",\"@id\":\"https:\/\/www.euroakademie.de\/magazin\/fuehrung-in-der-arbeitswelt-4-0\/\",\"url\":\"https:\/\/www.euroakademie.de\/magazin\/fuehrung-in-der-arbeitswelt-4-0\/\",\"name\":\"F\u00fchrung in der Arbeitswelt 4.0 \/ Euro Akdemie Magazin\",\"isPartOf\":{\"@id\":\"https:\/\/www.euroakademie.de\/magazin\/#website\"},\"primaryImageOfPage\":{\"@id\":\"https:\/\/www.euroakademie.de\/magazin\/fuehrung-in-der-arbeitswelt-4-0\/#primaryimage\"},\"image\":{\"@id\":\"https:\/\/www.euroakademie.de\/magazin\/fuehrung-in-der-arbeitswelt-4-0\/#primaryimage\"},\"thumbnailUrl\":\"https:\/\/www.euroakademie.de\/magazin\/wp-content\/uploads\/2018\/10\/shutterstock_124547065_702x336_web.jpg\",\"datePublished\":\"2018-10-08T06:20:13+00:00\",\"dateModified\":\"2024-11-18T14:53:00+00:00\",\"description\":\"Aufgabenbereiche haben sich ver\u00e4ndert und werden sich durch die digitale Transformation dramatisch wandeln. Auch F\u00fchrungskr\u00e4fte sind neu gefordert.\",\"breadcrumb\":{\"@id\":\"https:\/\/www.euroakademie.de\/magazin\/fuehrung-in-der-arbeitswelt-4-0\/#breadcrumb\"},\"inLanguage\":\"de\",\"potentialAction\":[{\"@type\":\"ReadAction\",\"target\":[\"https:\/\/www.euroakademie.de\/magazin\/fuehrung-in-der-arbeitswelt-4-0\/\"]}]},{\"@type\":\"ImageObject\",\"inLanguage\":\"de\",\"@id\":\"https:\/\/www.euroakademie.de\/magazin\/fuehrung-in-der-arbeitswelt-4-0\/#primaryimage\",\"url\":\"https:\/\/www.euroakademie.de\/magazin\/wp-content\/uploads\/2018\/10\/shutterstock_124547065_702x336_web.jpg\",\"contentUrl\":\"https:\/\/www.euroakademie.de\/magazin\/wp-content\/uploads\/2018\/10\/shutterstock_124547065_702x336_web.jpg\",\"width\":702,\"height\":336,\"caption\":\"\"},{\"@type\":\"BreadcrumbList\",\"@id\":\"https:\/\/www.euroakademie.de\/magazin\/fuehrung-in-der-arbeitswelt-4-0\/#breadcrumb\",\"itemListElement\":[{\"@type\":\"ListItem\",\"position\":1,\"name\":\"Startseite\",\"item\":\"https:\/\/www.euroakademie.de\/magazin\/\"},{\"@type\":\"ListItem\",\"position\":2,\"name\":\"F\u00fchrung in der Arbeitswelt 4.0\"}]},{\"@type\":\"WebSite\",\"@id\":\"https:\/\/www.euroakademie.de\/magazin\/#website\",\"url\":\"https:\/\/www.euroakademie.de\/magazin\/\",\"name\":\"Das Euro Akademie Magazin\",\"description\":\"Gut informiert durch Ausbildung und Studium\",\"publisher\":{\"@id\":\"https:\/\/www.euroakademie.de\/magazin\/#organization\"},\"potentialAction\":[{\"@type\":\"SearchAction\",\"target\":{\"@type\":\"EntryPoint\",\"urlTemplate\":\"https:\/\/www.euroakademie.de\/magazin\/?s={search_term_string}\"},\"query-input\":{\"@type\":\"PropertyValueSpecification\",\"valueRequired\":true,\"valueName\":\"search_term_string\"}}],\"inLanguage\":\"de\"},{\"@type\":\"Organization\",\"@id\":\"https:\/\/www.euroakademie.de\/magazin\/#organization\",\"name\":\"ESO Education Group\",\"url\":\"https:\/\/www.euroakademie.de\/magazin\/\",\"logo\":{\"@type\":\"ImageObject\",\"inLanguage\":\"de\",\"@id\":\"https:\/\/www.euroakademie.de\/magazin\/#\/schema\/logo\/image\/\",\"url\":\"https:\/\/relaunch.euroakademie.de\/magazin\/wp-content\/uploads\/2024\/11\/Logo_EA_negativ_Rahmen_5cm_300dpi_RGB.jpg\",\"contentUrl\":\"https:\/\/relaunch.euroakademie.de\/magazin\/wp-content\/uploads\/2024\/11\/Logo_EA_negativ_Rahmen_5cm_300dpi_RGB.jpg\",\"width\":591,\"height\":236,\"caption\":\"ESO Education Group\"},\"image\":{\"@id\":\"https:\/\/www.euroakademie.de\/magazin\/#\/schema\/logo\/image\/\"}},{\"@type\":\"Person\",\"@id\":\"https:\/\/www.euroakademie.de\/magazin\/#\/schema\/person\/67e6e0cbe692d2fa061c1d2c2c81fba4\",\"name\":\"Angela Sch\u00fctte\",\"description\":\"Als erfahrene Karriereberaterin unterst\u00fctzt Dipl.-Ing. (FH) M.A. Angela Sch\u00fctte seit 20 Jahren junge Menschen w\u00e4hrend der Ausbildung, im Studium und beim Berufseinstieg. In ihren motivierenden Vortr\u00e4gen und Seminaren hilft sie jungen Menschen bei ihren ersten Schritten auf der Karriereleiter und gibt ihnen praktische Bewerbungstipps an die Hand. Weitere Informationen zu ihren Angeboten gibt es auf ihrer Internetseite und in ihrem Xing-Profil. Ein Bewerbungsratgeber mit Tipps von Angela Sch\u00fctte steht auf der Website Berufsstart oder als PDF zum Download zur Verf\u00fcgung.\",\"url\":\"https:\/\/www.euroakademie.de\/magazin\/author\/angela-schuette\/\"}]}<\/script>\n<!-- \/ Yoast SEO plugin. -->","yoast_head_json":{"title":"F\u00fchrung in der Arbeitswelt 4.0 \/ Euro Akdemie Magazin","description":"Aufgabenbereiche haben sich ver\u00e4ndert und werden sich durch die digitale Transformation dramatisch wandeln. Auch F\u00fchrungskr\u00e4fte sind neu gefordert.","robots":{"index":"index","follow":"follow","max-snippet":"max-snippet:-1","max-image-preview":"max-image-preview:large","max-video-preview":"max-video-preview:-1"},"canonical":"https:\/\/www.euroakademie.de\/magazin\/fuehrung-in-der-arbeitswelt-4-0\/","og_locale":"de_DE","og_type":"article","og_title":"F\u00fchrung in der Arbeitswelt 4.0 \/ Euro Akdemie Magazin","og_description":"Aufgabenbereiche haben sich ver\u00e4ndert und werden sich durch die digitale Transformation dramatisch wandeln. Auch F\u00fchrungskr\u00e4fte sind neu gefordert.","og_url":"https:\/\/www.euroakademie.de\/magazin\/fuehrung-in-der-arbeitswelt-4-0\/","og_site_name":"Das Euro Akademie Magazin","article_published_time":"2018-10-08T06:20:13+00:00","article_modified_time":"2024-11-18T14:53:00+00:00","og_image":[{"width":702,"height":336,"url":"https:\/\/www.euroakademie.de\/magazin\/wp-content\/uploads\/2018\/10\/shutterstock_124547065_702x336_web.jpg","type":"image\/jpeg"}],"author":"Angela Sch\u00fctte","twitter_card":"summary_large_image","twitter_misc":{"Verfasst von":"Angela Sch\u00fctte","Gesch\u00e4tzte Lesezeit":"3\u00a0Minuten"},"schema":{"@context":"https:\/\/schema.org","@graph":[{"@type":"Article","@id":"https:\/\/www.euroakademie.de\/magazin\/fuehrung-in-der-arbeitswelt-4-0\/#article","isPartOf":{"@id":"https:\/\/www.euroakademie.de\/magazin\/fuehrung-in-der-arbeitswelt-4-0\/"},"author":{"name":"Angela Sch\u00fctte","@id":"https:\/\/www.euroakademie.de\/magazin\/#\/schema\/person\/67e6e0cbe692d2fa061c1d2c2c81fba4"},"headline":"F\u00fchrung in der Arbeitswelt 4.0","datePublished":"2018-10-08T06:20:13+00:00","dateModified":"2024-11-18T14:53:00+00:00","mainEntityOfPage":{"@id":"https:\/\/www.euroakademie.de\/magazin\/fuehrung-in-der-arbeitswelt-4-0\/"},"wordCount":537,"publisher":{"@id":"https:\/\/www.euroakademie.de\/magazin\/#organization"},"image":{"@id":"https:\/\/www.euroakademie.de\/magazin\/fuehrung-in-der-arbeitswelt-4-0\/#primaryimage"},"thumbnailUrl":"https:\/\/www.euroakademie.de\/magazin\/wp-content\/uploads\/2018\/10\/shutterstock_124547065_702x336_web.jpg","keywords":["Arbeitswelt","Digitalisierung","f\u00fchren","F\u00fchrungskraft","F\u00fchrungsposition","F\u00fchrungsrolle","Hierarchie","Hierarchien","Transformation","Ver\u00e4nderung","Wandel"],"articleSection":["Im Fokus","Karriere"],"inLanguage":"de"},{"@type":"WebPage","@id":"https:\/\/www.euroakademie.de\/magazin\/fuehrung-in-der-arbeitswelt-4-0\/","url":"https:\/\/www.euroakademie.de\/magazin\/fuehrung-in-der-arbeitswelt-4-0\/","name":"F\u00fchrung in der Arbeitswelt 4.0 \/ Euro Akdemie Magazin","isPartOf":{"@id":"https:\/\/www.euroakademie.de\/magazin\/#website"},"primaryImageOfPage":{"@id":"https:\/\/www.euroakademie.de\/magazin\/fuehrung-in-der-arbeitswelt-4-0\/#primaryimage"},"image":{"@id":"https:\/\/www.euroakademie.de\/magazin\/fuehrung-in-der-arbeitswelt-4-0\/#primaryimage"},"thumbnailUrl":"https:\/\/www.euroakademie.de\/magazin\/wp-content\/uploads\/2018\/10\/shutterstock_124547065_702x336_web.jpg","datePublished":"2018-10-08T06:20:13+00:00","dateModified":"2024-11-18T14:53:00+00:00","description":"Aufgabenbereiche haben sich ver\u00e4ndert und werden sich durch die digitale Transformation dramatisch wandeln. Auch F\u00fchrungskr\u00e4fte sind neu gefordert.","breadcrumb":{"@id":"https:\/\/www.euroakademie.de\/magazin\/fuehrung-in-der-arbeitswelt-4-0\/#breadcrumb"},"inLanguage":"de","potentialAction":[{"@type":"ReadAction","target":["https:\/\/www.euroakademie.de\/magazin\/fuehrung-in-der-arbeitswelt-4-0\/"]}]},{"@type":"ImageObject","inLanguage":"de","@id":"https:\/\/www.euroakademie.de\/magazin\/fuehrung-in-der-arbeitswelt-4-0\/#primaryimage","url":"https:\/\/www.euroakademie.de\/magazin\/wp-content\/uploads\/2018\/10\/shutterstock_124547065_702x336_web.jpg","contentUrl":"https:\/\/www.euroakademie.de\/magazin\/wp-content\/uploads\/2018\/10\/shutterstock_124547065_702x336_web.jpg","width":702,"height":336,"caption":""},{"@type":"BreadcrumbList","@id":"https:\/\/www.euroakademie.de\/magazin\/fuehrung-in-der-arbeitswelt-4-0\/#breadcrumb","itemListElement":[{"@type":"ListItem","position":1,"name":"Startseite","item":"https:\/\/www.euroakademie.de\/magazin\/"},{"@type":"ListItem","position":2,"name":"F\u00fchrung in der Arbeitswelt 4.0"}]},{"@type":"WebSite","@id":"https:\/\/www.euroakademie.de\/magazin\/#website","url":"https:\/\/www.euroakademie.de\/magazin\/","name":"Das Euro Akademie Magazin","description":"Gut informiert durch Ausbildung und Studium","publisher":{"@id":"https:\/\/www.euroakademie.de\/magazin\/#organization"},"potentialAction":[{"@type":"SearchAction","target":{"@type":"EntryPoint","urlTemplate":"https:\/\/www.euroakademie.de\/magazin\/?s={search_term_string}"},"query-input":{"@type":"PropertyValueSpecification","valueRequired":true,"valueName":"search_term_string"}}],"inLanguage":"de"},{"@type":"Organization","@id":"https:\/\/www.euroakademie.de\/magazin\/#organization","name":"ESO Education Group","url":"https:\/\/www.euroakademie.de\/magazin\/","logo":{"@type":"ImageObject","inLanguage":"de","@id":"https:\/\/www.euroakademie.de\/magazin\/#\/schema\/logo\/image\/","url":"https:\/\/relaunch.euroakademie.de\/magazin\/wp-content\/uploads\/2024\/11\/Logo_EA_negativ_Rahmen_5cm_300dpi_RGB.jpg","contentUrl":"https:\/\/relaunch.euroakademie.de\/magazin\/wp-content\/uploads\/2024\/11\/Logo_EA_negativ_Rahmen_5cm_300dpi_RGB.jpg","width":591,"height":236,"caption":"ESO Education Group"},"image":{"@id":"https:\/\/www.euroakademie.de\/magazin\/#\/schema\/logo\/image\/"}},{"@type":"Person","@id":"https:\/\/www.euroakademie.de\/magazin\/#\/schema\/person\/67e6e0cbe692d2fa061c1d2c2c81fba4","name":"Angela Sch\u00fctte","description":"Als erfahrene Karriereberaterin unterst\u00fctzt Dipl.-Ing. (FH) M.A. Angela Sch\u00fctte seit 20 Jahren junge Menschen w\u00e4hrend der Ausbildung, im Studium und beim Berufseinstieg. In ihren motivierenden Vortr\u00e4gen und Seminaren hilft sie jungen Menschen bei ihren ersten Schritten auf der Karriereleiter und gibt ihnen praktische Bewerbungstipps an die Hand. Weitere Informationen zu ihren Angeboten gibt es auf ihrer Internetseite und in ihrem Xing-Profil. Ein Bewerbungsratgeber mit Tipps von Angela Sch\u00fctte steht auf der Website Berufsstart oder als PDF zum Download zur Verf\u00fcgung.","url":"https:\/\/www.euroakademie.de\/magazin\/author\/angela-schuette\/"}]}},"_links":{"self":[{"href":"https:\/\/www.euroakademie.de\/magazin\/wp-json\/wp\/v2\/posts\/7848","targetHints":{"allow":["GET"]}}],"collection":[{"href":"https:\/\/www.euroakademie.de\/magazin\/wp-json\/wp\/v2\/posts"}],"about":[{"href":"https:\/\/www.euroakademie.de\/magazin\/wp-json\/wp\/v2\/types\/post"}],"author":[{"embeddable":true,"href":"https:\/\/www.euroakademie.de\/magazin\/wp-json\/wp\/v2\/users\/34"}],"replies":[{"embeddable":true,"href":"https:\/\/www.euroakademie.de\/magazin\/wp-json\/wp\/v2\/comments?post=7848"}],"version-history":[{"count":1,"href":"https:\/\/www.euroakademie.de\/magazin\/wp-json\/wp\/v2\/posts\/7848\/revisions"}],"predecessor-version":[{"id":22926,"href":"https:\/\/www.euroakademie.de\/magazin\/wp-json\/wp\/v2\/posts\/7848\/revisions\/22926"}],"wp:featuredmedia":[{"embeddable":true,"href":"https:\/\/www.euroakademie.de\/magazin\/wp-json\/wp\/v2\/media\/7851"}],"wp:attachment":[{"href":"https:\/\/www.euroakademie.de\/magazin\/wp-json\/wp\/v2\/media?parent=7848"}],"wp:term":[{"taxonomy":"category","embeddable":true,"href":"https:\/\/www.euroakademie.de\/magazin\/wp-json\/wp\/v2\/categories?post=7848"},{"taxonomy":"post_tag","embeddable":true,"href":"https:\/\/www.euroakademie.de\/magazin\/wp-json\/wp\/v2\/tags?post=7848"}],"curies":[{"name":"wp","href":"https:\/\/api.w.org\/{rel}","templated":true}]}}