{"id":7909,"date":"2018-10-31T13:24:25","date_gmt":"2018-10-31T12:24:25","guid":{"rendered":"https:\/\/www.euroakademie.de\/magazin\/?p=7909"},"modified":"2024-11-19T15:33:16","modified_gmt":"2024-11-19T14:33:16","slug":"studie-wie-zufrieden-sind-altenpfleger","status":"publish","type":"post","link":"https:\/\/www.euroakademie.de\/magazin\/studie-wie-zufrieden-sind-altenpfleger\/","title":{"rendered":"Linktipp: Studie \u2013 wie zufrieden sind Altenpfleger?"},"content":{"rendered":"<p>\t\t\t\t<![CDATA[<strong>Wie geht es den Altenpflegern in Deutschland? Wie zufrieden sind sie mit ihrem Beruf? Damit besch\u00e4ftigte sich eine Studie der Katholischen Universit\u00e4t Eichst\u00e4tt-Ingolstadt, die vom Caritasverband in Auftrag gegeben wurde.<\/strong>\n\nVon Juli 2017 bis Mai 2018 beantworteten 80 Pflegekr\u00e4fte aus sieben Einrichtungen im Rahmen der Studie anonym insgesamt 740 Frageb\u00f6gen mit dem Smartphone. Befragt wurden jeweils zur H\u00e4lfte Hilfskr\u00e4fte und Fachkr\u00e4fte in der Altenpflege. Ziel der Studie ist es, die derzeitige Situation der Pflegekr\u00e4fte genauer einsch\u00e4tzen zu k\u00f6nnen, um sie besser in ihrer Arbeit unterst\u00fctzen zu k\u00f6nnen.\n\n\n<h2>Multitasking an der Tagesordnung<\/h2>\n\n\nDie Ergebnisse der Befragungen best\u00e4tigen, dass sich Mitarbeiter in der <a href=\"https:\/\/www.euroakademie.de\/details\/AL____RGG_Q18S_1\/Altenpflegehelferin---staatlich-anerkannt\" target=\"_blank\" rel=\"noopener noreferrer\">Altenpflege<\/a> in ihrem Arbeitsalltag hohen und vielf\u00e4ltigen Herausforderungen stellen m\u00fcssen. Multitasking ist an der Tagesordnung in der Pflege. Das spiegelte sich auch in der Studie wider \u2013 zum Zeitpunkt der Situationsbefragung, also der Befragung w\u00e4hrend der Arbeit, waren 60 Prozent der Studienteilnehmer gleichzeitig mit mehreren Aufgaben besch\u00e4ftigt.\nNahezu die H\u00e4lfte gaben Zeitdruck, zu wenig Zeit f\u00fcr die Pflegebed\u00fcrftigen und gro\u00dfe k\u00f6rperliche Anstrengung als Alltagsbegleiter an. Auch die Verantwortung gegen\u00fcber den Heimbewohnern und die hohe emotionale Belastung waren Gegenstand jeder vierten Situationsbefragung. Probleme mit den Pflegebed\u00fcrftigen oder deren Angeh\u00f6rigen wurden dagegen nur selten genannt.\n\n\n<h2>Arbeit als Altenpfleger wird als bedeutsam und wichtig empfunden<\/h2>\n\n\nTrotz der <a href=\"https:\/\/www.euroakademie.de\/magazin\/was-ist-positiver-stress\/\" target=\"_blank\" rel=\"noopener noreferrer\">Stressfaktoren<\/a> und Herausforderungen in ihrem Beruf, empfinden \u00fcber 90 Prozent der Pflegekr\u00e4fte ihre Arbeit als bedeutsam und wichtig. Die Arbeit in der Altenpflege erleben die Mitarbeiter als abwechslungsreich. Positiv bewerten die Pflegekr\u00e4fte auch die Kontakte zu den Heimbewohnern und das Einbringen ihrer F\u00e4higkeiten. Auch wenn sie ihren Entscheidungsspielraum oft als eingeschr\u00e4nkt empfinden.\n\n\n<h2>Gro\u00dfe Einsatzbereitschaft bei schlechter Bezahlung<\/h2>\n\n\nInsgesamt stehen die Pflegekr\u00e4fte ihrem Arbeitsplatz positiv gegen\u00fcber. Sie bringen gro\u00dfe Einsatzbereitschaft mit und f\u00fchlen sich in den Einrichtungen und in ihrem Beruf wohl. Demgegen\u00fcber steht allerdings eine zu geringe <a href=\"https:\/\/www.euroakademie.de\/magazin\/faire-loehne-in-der-altenpflege\/\" target=\"_blank\" rel=\"noopener noreferrer\">Entlohnung der herausfordernden Arbeit<\/a>: Nahezu 70 Prozent der Befragten sehen ein Ungleichgewicht zwischen den Anforderungen, den der Pflegeberuf an sie stellt und der Bezahlung.\n\n\n<h2>\u201eWas k\u00f6nnte helfen?\u201c \u2013 weitere Studie geplant<\/h2>\n\n\nEine weitere Studie mit dem Fokus auf die Frage \u201eWas k\u00f6nnte helfen?\u201c ist bereits geplant. Das Res\u00fcmee von Diplom-Psychologin Elisabeth Riedl lautet: \u201edass Altenpflege nichts f\u00fcr Leute ist, die gerne eine ruhige Kugel schieben wollen, aber sehr viel Positives zu bieten hat\u201c.\n\nWeitere Informationen und Ergebnisse der Studie finden Sie in dem Beitrag <a href=\"http:\/\/www.caritas-eichstaett.de\/46724.asp?id=48247&amp;page=1&amp;area=dicveic\" target=\"_blank\" rel=\"noopener noreferrer\">\u201eCaritas-Altenpflegekr\u00e4fte haben Stress, aber auch viele &#8222;Ressourcen&#8220;<\/a>.]]>\t\t<\/p>\n","protected":false},"excerpt":{"rendered":"<p>\t\t\t\t<![CDATA[Wie geht es den Altenpflegern in Deutschland? Wie zufrieden sind sie mit ihrem Beruf? Damit besch\u00e4ftigte sich eine Studie der Katholischen Universit\u00e4t Eichst\u00e4tt-Ingolstadt.]]>\t\t<\/p>\n","protected":false},"author":7,"featured_media":7912,"comment_status":"closed","ping_status":"closed","sticky":false,"template":"","format":"standard","meta":{"footnotes":""},"categories":[16,139],"tags":[415,418,430,586,3397,5839,6364,6433,7975,9472],"class_list":{"0":"post-7909","1":"post","2":"type-post","3":"status-publish","4":"format-standard","5":"has-post-thumbnail","7":"category-gesundheit-pflege","8":"category-lesetipps","9":"tag-altenheim","10":"tag-altenpflege","11":"tag-altenpfleger","12":"tag-arbeitsbedingungen","13":"tag-gehalt","14":"tag-multitasking","15":"tag-pflege","16":"tag-pflegekraefte","17":"tag-studie","18":"tag-zufriedenheit"},"yoast_head":"<!-- This site is optimized with the Yoast SEO plugin v23.5 - https:\/\/yoast.com\/wordpress\/plugins\/seo\/ -->\n<title>Studie \u2013 wie zufrieden sind Altenpfleger? \/ Euro Akademie Magazin<\/title>\n<meta name=\"description\" content=\"Wie geht es Altenpflegern in Deutschland? Damit besch\u00e4ftigte sich eine Studie der Katholischen Universit\u00e4t Eichst\u00e4tt, im Auftrag des Caritasverbandes.\" \/>\n<meta name=\"robots\" content=\"index, follow, max-snippet:-1, max-image-preview:large, max-video-preview:-1\" \/>\n<link rel=\"canonical\" href=\"https:\/\/www.euroakademie.de\/magazin\/studie-wie-zufrieden-sind-altenpfleger\/\" \/>\n<meta property=\"og:locale\" content=\"de_DE\" \/>\n<meta property=\"og:type\" content=\"article\" \/>\n<meta property=\"og:title\" content=\"Studie \u2013 wie zufrieden sind Altenpfleger? \/ Euro Akademie Magazin\" \/>\n<meta property=\"og:description\" content=\"Wie geht es Altenpflegern in Deutschland? Damit besch\u00e4ftigte sich eine Studie der Katholischen Universit\u00e4t Eichst\u00e4tt, im Auftrag des Caritasverbandes.\" \/>\n<meta property=\"og:url\" content=\"https:\/\/www.euroakademie.de\/magazin\/studie-wie-zufrieden-sind-altenpfleger\/\" \/>\n<meta property=\"og:site_name\" content=\"Das Euro Akademie Magazin\" \/>\n<meta property=\"article:published_time\" content=\"2018-10-31T12:24:25+00:00\" \/>\n<meta property=\"article:modified_time\" content=\"2024-11-19T14:33:16+00:00\" \/>\n<meta property=\"og:image\" content=\"https:\/\/www.euroakademie.de\/magazin\/wp-content\/uploads\/2018\/10\/shutterstock_731835412_702x336_web.jpg\" \/>\n\t<meta property=\"og:image:width\" content=\"702\" \/>\n\t<meta property=\"og:image:height\" content=\"336\" \/>\n\t<meta property=\"og:image:type\" content=\"image\/jpeg\" \/>\n<meta name=\"author\" content=\"Redaktion\" \/>\n<meta name=\"twitter:card\" content=\"summary_large_image\" \/>\n<meta name=\"twitter:label1\" content=\"Verfasst von\" \/>\n\t<meta name=\"twitter:data1\" content=\"Redaktion\" \/>\n\t<meta name=\"twitter:label2\" content=\"Gesch\u00e4tzte Lesezeit\" \/>\n\t<meta name=\"twitter:data2\" content=\"2\u00a0Minuten\" \/>\n<script type=\"application\/ld+json\" class=\"yoast-schema-graph\">{\"@context\":\"https:\/\/schema.org\",\"@graph\":[{\"@type\":\"Article\",\"@id\":\"https:\/\/www.euroakademie.de\/magazin\/studie-wie-zufrieden-sind-altenpfleger\/#article\",\"isPartOf\":{\"@id\":\"https:\/\/www.euroakademie.de\/magazin\/studie-wie-zufrieden-sind-altenpfleger\/\"},\"author\":{\"name\":\"Redaktion\",\"@id\":\"https:\/\/www.euroakademie.de\/magazin\/#\/schema\/person\/6c9b7b6db765ee31640d80c936be3686\"},\"headline\":\"Linktipp: Studie \u2013 wie zufrieden sind Altenpfleger?\",\"datePublished\":\"2018-10-31T12:24:25+00:00\",\"dateModified\":\"2024-11-19T14:33:16+00:00\",\"mainEntityOfPage\":{\"@id\":\"https:\/\/www.euroakademie.de\/magazin\/studie-wie-zufrieden-sind-altenpfleger\/\"},\"wordCount\":421,\"publisher\":{\"@id\":\"https:\/\/www.euroakademie.de\/magazin\/#organization\"},\"image\":{\"@id\":\"https:\/\/www.euroakademie.de\/magazin\/studie-wie-zufrieden-sind-altenpfleger\/#primaryimage\"},\"thumbnailUrl\":\"https:\/\/www.euroakademie.de\/magazin\/wp-content\/uploads\/2018\/10\/shutterstock_731835412_702x336_web.jpg\",\"keywords\":[\"Altenheim\",\"Altenpflege\",\"Altenpfleger\",\"Arbeitsbedingungen\",\"Gehalt\",\"Multitasking\",\"Pflege\",\"Pflegekr\u00e4fte\",\"Studie\",\"Zufriedenheit\"],\"articleSection\":[\"Gesundheit &amp; Pflege\",\"Link- und Lesetipps\"],\"inLanguage\":\"de\"},{\"@type\":\"WebPage\",\"@id\":\"https:\/\/www.euroakademie.de\/magazin\/studie-wie-zufrieden-sind-altenpfleger\/\",\"url\":\"https:\/\/www.euroakademie.de\/magazin\/studie-wie-zufrieden-sind-altenpfleger\/\",\"name\":\"Studie \u2013 wie zufrieden sind Altenpfleger? \/ Euro Akademie Magazin\",\"isPartOf\":{\"@id\":\"https:\/\/www.euroakademie.de\/magazin\/#website\"},\"primaryImageOfPage\":{\"@id\":\"https:\/\/www.euroakademie.de\/magazin\/studie-wie-zufrieden-sind-altenpfleger\/#primaryimage\"},\"image\":{\"@id\":\"https:\/\/www.euroakademie.de\/magazin\/studie-wie-zufrieden-sind-altenpfleger\/#primaryimage\"},\"thumbnailUrl\":\"https:\/\/www.euroakademie.de\/magazin\/wp-content\/uploads\/2018\/10\/shutterstock_731835412_702x336_web.jpg\",\"datePublished\":\"2018-10-31T12:24:25+00:00\",\"dateModified\":\"2024-11-19T14:33:16+00:00\",\"description\":\"Wie geht es Altenpflegern in Deutschland? Damit besch\u00e4ftigte sich eine Studie der Katholischen Universit\u00e4t Eichst\u00e4tt, im Auftrag des Caritasverbandes.\",\"breadcrumb\":{\"@id\":\"https:\/\/www.euroakademie.de\/magazin\/studie-wie-zufrieden-sind-altenpfleger\/#breadcrumb\"},\"inLanguage\":\"de\",\"potentialAction\":[{\"@type\":\"ReadAction\",\"target\":[\"https:\/\/www.euroakademie.de\/magazin\/studie-wie-zufrieden-sind-altenpfleger\/\"]}]},{\"@type\":\"ImageObject\",\"inLanguage\":\"de\",\"@id\":\"https:\/\/www.euroakademie.de\/magazin\/studie-wie-zufrieden-sind-altenpfleger\/#primaryimage\",\"url\":\"https:\/\/www.euroakademie.de\/magazin\/wp-content\/uploads\/2018\/10\/shutterstock_731835412_702x336_web.jpg\",\"contentUrl\":\"https:\/\/www.euroakademie.de\/magazin\/wp-content\/uploads\/2018\/10\/shutterstock_731835412_702x336_web.jpg\",\"width\":702,\"height\":336,\"caption\":\"\"},{\"@type\":\"BreadcrumbList\",\"@id\":\"https:\/\/www.euroakademie.de\/magazin\/studie-wie-zufrieden-sind-altenpfleger\/#breadcrumb\",\"itemListElement\":[{\"@type\":\"ListItem\",\"position\":1,\"name\":\"Startseite\",\"item\":\"https:\/\/www.euroakademie.de\/magazin\/\"},{\"@type\":\"ListItem\",\"position\":2,\"name\":\"Linktipp: Studie \u2013 wie zufrieden sind Altenpfleger?\"}]},{\"@type\":\"WebSite\",\"@id\":\"https:\/\/www.euroakademie.de\/magazin\/#website\",\"url\":\"https:\/\/www.euroakademie.de\/magazin\/\",\"name\":\"Das Euro Akademie Magazin\",\"description\":\"Gut informiert durch Ausbildung und Studium\",\"publisher\":{\"@id\":\"https:\/\/www.euroakademie.de\/magazin\/#organization\"},\"potentialAction\":[{\"@type\":\"SearchAction\",\"target\":{\"@type\":\"EntryPoint\",\"urlTemplate\":\"https:\/\/www.euroakademie.de\/magazin\/?s={search_term_string}\"},\"query-input\":{\"@type\":\"PropertyValueSpecification\",\"valueRequired\":true,\"valueName\":\"search_term_string\"}}],\"inLanguage\":\"de\"},{\"@type\":\"Organization\",\"@id\":\"https:\/\/www.euroakademie.de\/magazin\/#organization\",\"name\":\"ESO Education Group\",\"url\":\"https:\/\/www.euroakademie.de\/magazin\/\",\"logo\":{\"@type\":\"ImageObject\",\"inLanguage\":\"de\",\"@id\":\"https:\/\/www.euroakademie.de\/magazin\/#\/schema\/logo\/image\/\",\"url\":\"https:\/\/relaunch.euroakademie.de\/magazin\/wp-content\/uploads\/2024\/11\/Logo_EA_negativ_Rahmen_5cm_300dpi_RGB.jpg\",\"contentUrl\":\"https:\/\/relaunch.euroakademie.de\/magazin\/wp-content\/uploads\/2024\/11\/Logo_EA_negativ_Rahmen_5cm_300dpi_RGB.jpg\",\"width\":591,\"height\":236,\"caption\":\"ESO Education Group\"},\"image\":{\"@id\":\"https:\/\/www.euroakademie.de\/magazin\/#\/schema\/logo\/image\/\"}},{\"@type\":\"Person\",\"@id\":\"https:\/\/www.euroakademie.de\/magazin\/#\/schema\/person\/6c9b7b6db765ee31640d80c936be3686\",\"name\":\"Redaktion\",\"description\":\"Die Redaktion des Euro Akademie Magazins h\u00e4lt Sie regelm\u00e4\u00dfig mit hintergr\u00fcndigen Artikeln auf dem Laufenden. Auf Basis einer fundierten Recherche und mit Spa\u00df am Schreiben erstellen die Redakteur*innen informative und unterhaltsame Inhalte f\u00fcr Sie.\",\"url\":\"https:\/\/www.euroakademie.de\/magazin\/author\/redaktion\/\"}]}<\/script>\n<!-- \/ Yoast SEO plugin. -->","yoast_head_json":{"title":"Studie \u2013 wie zufrieden sind Altenpfleger? \/ Euro Akademie Magazin","description":"Wie geht es Altenpflegern in Deutschland? Damit besch\u00e4ftigte sich eine Studie der Katholischen Universit\u00e4t Eichst\u00e4tt, im Auftrag des Caritasverbandes.","robots":{"index":"index","follow":"follow","max-snippet":"max-snippet:-1","max-image-preview":"max-image-preview:large","max-video-preview":"max-video-preview:-1"},"canonical":"https:\/\/www.euroakademie.de\/magazin\/studie-wie-zufrieden-sind-altenpfleger\/","og_locale":"de_DE","og_type":"article","og_title":"Studie \u2013 wie zufrieden sind Altenpfleger? \/ Euro Akademie Magazin","og_description":"Wie geht es Altenpflegern in Deutschland? Damit besch\u00e4ftigte sich eine Studie der Katholischen Universit\u00e4t Eichst\u00e4tt, im Auftrag des Caritasverbandes.","og_url":"https:\/\/www.euroakademie.de\/magazin\/studie-wie-zufrieden-sind-altenpfleger\/","og_site_name":"Das Euro Akademie Magazin","article_published_time":"2018-10-31T12:24:25+00:00","article_modified_time":"2024-11-19T14:33:16+00:00","og_image":[{"width":702,"height":336,"url":"https:\/\/www.euroakademie.de\/magazin\/wp-content\/uploads\/2018\/10\/shutterstock_731835412_702x336_web.jpg","type":"image\/jpeg"}],"author":"Redaktion","twitter_card":"summary_large_image","twitter_misc":{"Verfasst von":"Redaktion","Gesch\u00e4tzte Lesezeit":"2\u00a0Minuten"},"schema":{"@context":"https:\/\/schema.org","@graph":[{"@type":"Article","@id":"https:\/\/www.euroakademie.de\/magazin\/studie-wie-zufrieden-sind-altenpfleger\/#article","isPartOf":{"@id":"https:\/\/www.euroakademie.de\/magazin\/studie-wie-zufrieden-sind-altenpfleger\/"},"author":{"name":"Redaktion","@id":"https:\/\/www.euroakademie.de\/magazin\/#\/schema\/person\/6c9b7b6db765ee31640d80c936be3686"},"headline":"Linktipp: Studie \u2013 wie zufrieden sind Altenpfleger?","datePublished":"2018-10-31T12:24:25+00:00","dateModified":"2024-11-19T14:33:16+00:00","mainEntityOfPage":{"@id":"https:\/\/www.euroakademie.de\/magazin\/studie-wie-zufrieden-sind-altenpfleger\/"},"wordCount":421,"publisher":{"@id":"https:\/\/www.euroakademie.de\/magazin\/#organization"},"image":{"@id":"https:\/\/www.euroakademie.de\/magazin\/studie-wie-zufrieden-sind-altenpfleger\/#primaryimage"},"thumbnailUrl":"https:\/\/www.euroakademie.de\/magazin\/wp-content\/uploads\/2018\/10\/shutterstock_731835412_702x336_web.jpg","keywords":["Altenheim","Altenpflege","Altenpfleger","Arbeitsbedingungen","Gehalt","Multitasking","Pflege","Pflegekr\u00e4fte","Studie","Zufriedenheit"],"articleSection":["Gesundheit &amp; Pflege","Link- und Lesetipps"],"inLanguage":"de"},{"@type":"WebPage","@id":"https:\/\/www.euroakademie.de\/magazin\/studie-wie-zufrieden-sind-altenpfleger\/","url":"https:\/\/www.euroakademie.de\/magazin\/studie-wie-zufrieden-sind-altenpfleger\/","name":"Studie \u2013 wie zufrieden sind Altenpfleger? \/ Euro Akademie Magazin","isPartOf":{"@id":"https:\/\/www.euroakademie.de\/magazin\/#website"},"primaryImageOfPage":{"@id":"https:\/\/www.euroakademie.de\/magazin\/studie-wie-zufrieden-sind-altenpfleger\/#primaryimage"},"image":{"@id":"https:\/\/www.euroakademie.de\/magazin\/studie-wie-zufrieden-sind-altenpfleger\/#primaryimage"},"thumbnailUrl":"https:\/\/www.euroakademie.de\/magazin\/wp-content\/uploads\/2018\/10\/shutterstock_731835412_702x336_web.jpg","datePublished":"2018-10-31T12:24:25+00:00","dateModified":"2024-11-19T14:33:16+00:00","description":"Wie geht es Altenpflegern in Deutschland? Damit besch\u00e4ftigte sich eine Studie der Katholischen Universit\u00e4t Eichst\u00e4tt, im Auftrag des Caritasverbandes.","breadcrumb":{"@id":"https:\/\/www.euroakademie.de\/magazin\/studie-wie-zufrieden-sind-altenpfleger\/#breadcrumb"},"inLanguage":"de","potentialAction":[{"@type":"ReadAction","target":["https:\/\/www.euroakademie.de\/magazin\/studie-wie-zufrieden-sind-altenpfleger\/"]}]},{"@type":"ImageObject","inLanguage":"de","@id":"https:\/\/www.euroakademie.de\/magazin\/studie-wie-zufrieden-sind-altenpfleger\/#primaryimage","url":"https:\/\/www.euroakademie.de\/magazin\/wp-content\/uploads\/2018\/10\/shutterstock_731835412_702x336_web.jpg","contentUrl":"https:\/\/www.euroakademie.de\/magazin\/wp-content\/uploads\/2018\/10\/shutterstock_731835412_702x336_web.jpg","width":702,"height":336,"caption":""},{"@type":"BreadcrumbList","@id":"https:\/\/www.euroakademie.de\/magazin\/studie-wie-zufrieden-sind-altenpfleger\/#breadcrumb","itemListElement":[{"@type":"ListItem","position":1,"name":"Startseite","item":"https:\/\/www.euroakademie.de\/magazin\/"},{"@type":"ListItem","position":2,"name":"Linktipp: Studie \u2013 wie zufrieden sind Altenpfleger?"}]},{"@type":"WebSite","@id":"https:\/\/www.euroakademie.de\/magazin\/#website","url":"https:\/\/www.euroakademie.de\/magazin\/","name":"Das Euro Akademie Magazin","description":"Gut informiert durch Ausbildung und Studium","publisher":{"@id":"https:\/\/www.euroakademie.de\/magazin\/#organization"},"potentialAction":[{"@type":"SearchAction","target":{"@type":"EntryPoint","urlTemplate":"https:\/\/www.euroakademie.de\/magazin\/?s={search_term_string}"},"query-input":{"@type":"PropertyValueSpecification","valueRequired":true,"valueName":"search_term_string"}}],"inLanguage":"de"},{"@type":"Organization","@id":"https:\/\/www.euroakademie.de\/magazin\/#organization","name":"ESO Education Group","url":"https:\/\/www.euroakademie.de\/magazin\/","logo":{"@type":"ImageObject","inLanguage":"de","@id":"https:\/\/www.euroakademie.de\/magazin\/#\/schema\/logo\/image\/","url":"https:\/\/relaunch.euroakademie.de\/magazin\/wp-content\/uploads\/2024\/11\/Logo_EA_negativ_Rahmen_5cm_300dpi_RGB.jpg","contentUrl":"https:\/\/relaunch.euroakademie.de\/magazin\/wp-content\/uploads\/2024\/11\/Logo_EA_negativ_Rahmen_5cm_300dpi_RGB.jpg","width":591,"height":236,"caption":"ESO Education Group"},"image":{"@id":"https:\/\/www.euroakademie.de\/magazin\/#\/schema\/logo\/image\/"}},{"@type":"Person","@id":"https:\/\/www.euroakademie.de\/magazin\/#\/schema\/person\/6c9b7b6db765ee31640d80c936be3686","name":"Redaktion","description":"Die Redaktion des Euro Akademie Magazins h\u00e4lt Sie regelm\u00e4\u00dfig mit hintergr\u00fcndigen Artikeln auf dem Laufenden. Auf Basis einer fundierten Recherche und mit Spa\u00df am Schreiben erstellen die Redakteur*innen informative und unterhaltsame Inhalte f\u00fcr Sie.","url":"https:\/\/www.euroakademie.de\/magazin\/author\/redaktion\/"}]}},"_links":{"self":[{"href":"https:\/\/www.euroakademie.de\/magazin\/wp-json\/wp\/v2\/posts\/7909","targetHints":{"allow":["GET"]}}],"collection":[{"href":"https:\/\/www.euroakademie.de\/magazin\/wp-json\/wp\/v2\/posts"}],"about":[{"href":"https:\/\/www.euroakademie.de\/magazin\/wp-json\/wp\/v2\/types\/post"}],"author":[{"embeddable":true,"href":"https:\/\/www.euroakademie.de\/magazin\/wp-json\/wp\/v2\/users\/7"}],"replies":[{"embeddable":true,"href":"https:\/\/www.euroakademie.de\/magazin\/wp-json\/wp\/v2\/comments?post=7909"}],"version-history":[{"count":1,"href":"https:\/\/www.euroakademie.de\/magazin\/wp-json\/wp\/v2\/posts\/7909\/revisions"}],"predecessor-version":[{"id":23718,"href":"https:\/\/www.euroakademie.de\/magazin\/wp-json\/wp\/v2\/posts\/7909\/revisions\/23718"}],"wp:featuredmedia":[{"embeddable":true,"href":"https:\/\/www.euroakademie.de\/magazin\/wp-json\/wp\/v2\/media\/7912"}],"wp:attachment":[{"href":"https:\/\/www.euroakademie.de\/magazin\/wp-json\/wp\/v2\/media?parent=7909"}],"wp:term":[{"taxonomy":"category","embeddable":true,"href":"https:\/\/www.euroakademie.de\/magazin\/wp-json\/wp\/v2\/categories?post=7909"},{"taxonomy":"post_tag","embeddable":true,"href":"https:\/\/www.euroakademie.de\/magazin\/wp-json\/wp\/v2\/tags?post=7909"}],"curies":[{"name":"wp","href":"https:\/\/api.w.org\/{rel}","templated":true}]}}