{"id":7937,"date":"2018-11-12T13:32:37","date_gmt":"2018-11-12T12:32:37","guid":{"rendered":"https:\/\/www.euroakademie.de\/magazin\/?p=7937"},"modified":"2018-11-12T13:32:37","modified_gmt":"2018-11-12T12:32:37","slug":"wie-arbeiten-wir-morgen","status":"publish","type":"post","link":"https:\/\/www.euroakademie.de\/magazin\/wie-arbeiten-wir-morgen\/","title":{"rendered":"Linktipp: Wie arbeiten wir morgen?"},"content":{"rendered":"<p>\t\t\t\t<![CDATA[<strong>Das Karrierenetzwerk Xing feierte in diesem Jahr seinen 15. Geburtstag. Aus diesem Anlass hat die Plattform, gemeinsam mit dem Trendforscher Peter Wippermann, das \u201eNew Work Trendbook\u201c entwickelt. Es enth\u00e4lt Prognosen zu wesentlichen Ver\u00e4nderungen der Arbeitswelt innerhalb der n\u00e4chsten 15 Jahre. <\/strong>\n\nF\u00fcr das Trendbuch wurden 1.400 Mitglieder des Online-Netzwerkes unter anderem zur fortschreitenden <a href=\"https:\/\/www.euroakademie.de\/magazin\/was-digitalisierung-mit-uns-macht\/\" target=\"_blank\" rel=\"noopener noreferrer\">Digitalisierung<\/a>, Robot-Recruiting, Gig-Working und der zuk\u00fcnftigen Work-Life-Balance befragt. Aktuellen Prognosen stellt Professor Wippermann Befragungen der <a href=\"https:\/\/www.euroakademie.de\/magazin\/bewerbung-ueber-xing\/\" target=\"_blank\" rel=\"noopener noreferrer\">Xing<\/a> Mitglieder gegen\u00fcber. Dabei ist ein Ergebnis besonders frappierend: Jeder dritte befragte Berufst\u00e4tige geht davon aus, dass sein Job innerhalb der n\u00e4chsten 15 Jahre verschwinden wird.\n\n\n<h2>So sieht die Arbeitswelt von morgen aus<\/h2>\n\n\nInsgesamt 15 Trends und Entwicklungen gibt es laut Trendforscher Wippermann. Der Einsatz von k\u00fcnstlicher Intelligenz und der Virtual Reality wird nicht mehr aufzuhalten sein. Die Anforderungen an Mitarbeiter werden immer komplexer und ver\u00e4ndern sich laufend. Genau vorhersagen, wie die Entwicklung vonstattengeht und an welchem Punkt wir in 15 Jahren stehen werden, wei\u00df niemand so genau.\nDie Unberechenbarkeit und die Geschwindigkeit, in der sich Ver\u00e4nderungen in der Arbeitswelt vollziehen, machen vielen Mitarbeitern und Unternehmen Angst. Das \u201eNew Work Trendbook\u201c zeigt, neben der kritischen Auseinandersetzung, auch die Chancen der neuen Arbeits- und Lebenswelt auf.\n\n\n<h3>Gig-Working<\/h3>\n\n\nKlassische Arbeitszeiten von neun bis f\u00fcnf Uhr wird es in Zukunft immer weniger geben. Gig-Working bezeichnet die M\u00f6glichkeit zur freien Gestaltung der Arbeitszeit \u2013 projektbasiert und freiberuflich. Im \u201eNew Work Trendbook\u201c ist die Rede von Arbeiten, die minutenweise vergeben werden. W\u00fcnschenswert ist dieses Szenario derzeit allerdings nur f\u00fcr jeden f\u00fcnften Befragten.\n\n\n<h3>Work-Life-Separation<\/h3>\n\n\nDie Generation Z kommt \u2013 und mit ihr kehrt die Trennung von Arbeit und Freizeit in den Berufsalltag zur\u00fcck. Der Einzug digitaler Medien hob die Trennung von Berufs- und Privatleben zunehmend auf. Die Berufst\u00e4tigen, die nach 1995 geboren sind, haben einen klaren Fokus auf Familie und Freunde. Vielen von ihnen sind Anerkennung, Flexibilit\u00e4t und Freizeit wichtiger als Geld.\n\n\n<h3>Power of Diversity<\/h3>\n\n\nLange Zeit haben sich Unternehmen mit der Vielfalt unter den Mitarbeitern eher schwer getan. Dass Betriebe mit Angestellten aus unterschiedlichen Kulturen, verschiedenen Alters und Geschlechts erfolgreicher sind als homogener strukturierte Unternehmen, wei\u00df man heute. Ein konsequentes <a href=\"https:\/\/www.euroakademie.de\/magazin\/gemischte-teams-haben-viele-vorteile\/\" target=\"_blank\" rel=\"noopener noreferrer\">Diversity-Management<\/a> wird also in Zukunft eine wichtige Aufgabe f\u00fcr Personalentscheider sein.\n\nIm Beitrag <a href=\"https:\/\/www.moneycab.com\/2018\/11\/08\/zum-15-jubilaeum-praesentiert-xing-das-new-work-trendbook\/\" target=\"_blank\" rel=\"noopener noreferrer\">\u201eZum 15. Jubil\u00e4um pr\u00e4sentiert XING das \u201eNew Work Trendbook\u201c<\/a> auf moneycab.com k\u00f6nnen Sie alle Ergebnisse der Umfrage downloaden.]]>\t\t<\/p>\n","protected":false},"excerpt":{"rendered":"<p>\t\t\t\t<![CDATA[Das Karrierenetzwerk Xing feierte in diesem Jahr seinen 15. Geburtstag. Aus diesem Anlass hat die Plattform, gemeinsam mit dem Trendforscher Peter Wippermann, das \u201eNew Work Trendbook\u201c entwickelt. ]]>\t\t<\/p>\n","protected":false},"author":7,"featured_media":7939,"comment_status":"closed","ping_status":"closed","sticky":false,"template":"","format":"standard","meta":{"footnotes":""},"categories":[127,139],"tags":[646,2086,2116,2119,3481,3649,8407,8410,9316,9319,9355,9487],"class_list":{"0":"post-7937","1":"post","2":"type-post","3":"status-publish","4":"format-standard","5":"has-post-thumbnail","7":"category-karriere","8":"category-lesetipps","9":"tag-arbeitswelt","10":"tag-digitalisierung","11":"tag-diversity","12":"tag-diversity-management","13":"tag-generation-z","14":"tag-gig-working","15":"tag-trend","16":"tag-trendbook","17":"tag-work-life-seperation","18":"tag-work-life-balance","19":"tag-xing","20":"tag-zukunft"},"yoast_head":"<!-- This site is optimized with the Yoast SEO plugin v23.5 - https:\/\/yoast.com\/wordpress\/plugins\/seo\/ -->\n<title>Wie arbeiten wir morgen? \/ Euro Akademie Magazin<\/title>\n<meta name=\"description\" content=\"Xing hat, gemeinsam mit dem Trendforscher Peter Wippermann, das \u201eNew Work Trendbook\u201c entwickelt. Es enth\u00e4lt Prognosen zu Ver\u00e4nderungen der Arbeitswelt.\" \/>\n<meta name=\"robots\" content=\"index, follow, max-snippet:-1, max-image-preview:large, max-video-preview:-1\" \/>\n<link rel=\"canonical\" href=\"https:\/\/www.euroakademie.de\/magazin\/wie-arbeiten-wir-morgen\/\" \/>\n<meta property=\"og:locale\" content=\"de_DE\" \/>\n<meta property=\"og:type\" content=\"article\" \/>\n<meta property=\"og:title\" content=\"Wie arbeiten wir morgen? \/ Euro Akademie Magazin\" \/>\n<meta property=\"og:description\" content=\"Xing hat, gemeinsam mit dem Trendforscher Peter Wippermann, das \u201eNew Work Trendbook\u201c entwickelt. Es enth\u00e4lt Prognosen zu Ver\u00e4nderungen der Arbeitswelt.\" \/>\n<meta property=\"og:url\" content=\"https:\/\/www.euroakademie.de\/magazin\/wie-arbeiten-wir-morgen\/\" \/>\n<meta property=\"og:site_name\" content=\"Das Euro Akademie Magazin\" \/>\n<meta property=\"article:published_time\" content=\"2018-11-12T12:32:37+00:00\" \/>\n<meta property=\"og:image\" content=\"https:\/\/www.euroakademie.de\/magazin\/wp-content\/uploads\/2018\/11\/shutterstock_265032767_702x336_web.jpg\" \/>\n\t<meta property=\"og:image:width\" content=\"702\" \/>\n\t<meta property=\"og:image:height\" content=\"336\" \/>\n\t<meta property=\"og:image:type\" content=\"image\/jpeg\" \/>\n<meta name=\"author\" content=\"Redaktion\" \/>\n<meta name=\"twitter:card\" content=\"summary_large_image\" \/>\n<meta name=\"twitter:label1\" content=\"Verfasst von\" \/>\n\t<meta name=\"twitter:data1\" content=\"Redaktion\" \/>\n\t<meta name=\"twitter:label2\" content=\"Gesch\u00e4tzte Lesezeit\" \/>\n\t<meta name=\"twitter:data2\" content=\"2\u00a0Minuten\" \/>\n<script type=\"application\/ld+json\" class=\"yoast-schema-graph\">{\"@context\":\"https:\/\/schema.org\",\"@graph\":[{\"@type\":\"Article\",\"@id\":\"https:\/\/www.euroakademie.de\/magazin\/wie-arbeiten-wir-morgen\/#article\",\"isPartOf\":{\"@id\":\"https:\/\/www.euroakademie.de\/magazin\/wie-arbeiten-wir-morgen\/\"},\"author\":{\"name\":\"Redaktion\",\"@id\":\"https:\/\/www.euroakademie.de\/magazin\/#\/schema\/person\/6c9b7b6db765ee31640d80c936be3686\"},\"headline\":\"Linktipp: Wie arbeiten wir morgen?\",\"datePublished\":\"2018-11-12T12:32:37+00:00\",\"dateModified\":\"2018-11-12T12:32:37+00:00\",\"mainEntityOfPage\":{\"@id\":\"https:\/\/www.euroakademie.de\/magazin\/wie-arbeiten-wir-morgen\/\"},\"wordCount\":392,\"publisher\":{\"@id\":\"https:\/\/www.euroakademie.de\/magazin\/#organization\"},\"image\":{\"@id\":\"https:\/\/www.euroakademie.de\/magazin\/wie-arbeiten-wir-morgen\/#primaryimage\"},\"thumbnailUrl\":\"https:\/\/www.euroakademie.de\/magazin\/wp-content\/uploads\/2018\/11\/shutterstock_265032767_702x336_web.jpg\",\"keywords\":[\"Arbeitswelt\",\"Digitalisierung\",\"Diversity\",\"Diversity-Management\",\"Generation Z\",\"Gig-Working\",\"Trend\",\"Trendbook\",\"Work-Life Seperation\",\"Work-Life-Balance\",\"Xing\",\"Zukunft\"],\"articleSection\":[\"Karriere\",\"Link- und Lesetipps\"],\"inLanguage\":\"de\"},{\"@type\":\"WebPage\",\"@id\":\"https:\/\/www.euroakademie.de\/magazin\/wie-arbeiten-wir-morgen\/\",\"url\":\"https:\/\/www.euroakademie.de\/magazin\/wie-arbeiten-wir-morgen\/\",\"name\":\"Wie arbeiten wir morgen? \/ Euro Akademie Magazin\",\"isPartOf\":{\"@id\":\"https:\/\/www.euroakademie.de\/magazin\/#website\"},\"primaryImageOfPage\":{\"@id\":\"https:\/\/www.euroakademie.de\/magazin\/wie-arbeiten-wir-morgen\/#primaryimage\"},\"image\":{\"@id\":\"https:\/\/www.euroakademie.de\/magazin\/wie-arbeiten-wir-morgen\/#primaryimage\"},\"thumbnailUrl\":\"https:\/\/www.euroakademie.de\/magazin\/wp-content\/uploads\/2018\/11\/shutterstock_265032767_702x336_web.jpg\",\"datePublished\":\"2018-11-12T12:32:37+00:00\",\"dateModified\":\"2018-11-12T12:32:37+00:00\",\"description\":\"Xing hat, gemeinsam mit dem Trendforscher Peter Wippermann, das \u201eNew Work Trendbook\u201c entwickelt. Es enth\u00e4lt Prognosen zu Ver\u00e4nderungen der Arbeitswelt.\",\"breadcrumb\":{\"@id\":\"https:\/\/www.euroakademie.de\/magazin\/wie-arbeiten-wir-morgen\/#breadcrumb\"},\"inLanguage\":\"de\",\"potentialAction\":[{\"@type\":\"ReadAction\",\"target\":[\"https:\/\/www.euroakademie.de\/magazin\/wie-arbeiten-wir-morgen\/\"]}]},{\"@type\":\"ImageObject\",\"inLanguage\":\"de\",\"@id\":\"https:\/\/www.euroakademie.de\/magazin\/wie-arbeiten-wir-morgen\/#primaryimage\",\"url\":\"https:\/\/www.euroakademie.de\/magazin\/wp-content\/uploads\/2018\/11\/shutterstock_265032767_702x336_web.jpg\",\"contentUrl\":\"https:\/\/www.euroakademie.de\/magazin\/wp-content\/uploads\/2018\/11\/shutterstock_265032767_702x336_web.jpg\",\"width\":702,\"height\":336,\"caption\":\"\"},{\"@type\":\"BreadcrumbList\",\"@id\":\"https:\/\/www.euroakademie.de\/magazin\/wie-arbeiten-wir-morgen\/#breadcrumb\",\"itemListElement\":[{\"@type\":\"ListItem\",\"position\":1,\"name\":\"Startseite\",\"item\":\"https:\/\/www.euroakademie.de\/magazin\/\"},{\"@type\":\"ListItem\",\"position\":2,\"name\":\"Linktipp: Wie arbeiten wir morgen?\"}]},{\"@type\":\"WebSite\",\"@id\":\"https:\/\/www.euroakademie.de\/magazin\/#website\",\"url\":\"https:\/\/www.euroakademie.de\/magazin\/\",\"name\":\"Das Euro Akademie Magazin\",\"description\":\"Gut informiert durch Ausbildung und Studium\",\"publisher\":{\"@id\":\"https:\/\/www.euroakademie.de\/magazin\/#organization\"},\"potentialAction\":[{\"@type\":\"SearchAction\",\"target\":{\"@type\":\"EntryPoint\",\"urlTemplate\":\"https:\/\/www.euroakademie.de\/magazin\/?s={search_term_string}\"},\"query-input\":{\"@type\":\"PropertyValueSpecification\",\"valueRequired\":true,\"valueName\":\"search_term_string\"}}],\"inLanguage\":\"de\"},{\"@type\":\"Organization\",\"@id\":\"https:\/\/www.euroakademie.de\/magazin\/#organization\",\"name\":\"ESO Education Group\",\"url\":\"https:\/\/www.euroakademie.de\/magazin\/\",\"logo\":{\"@type\":\"ImageObject\",\"inLanguage\":\"de\",\"@id\":\"https:\/\/www.euroakademie.de\/magazin\/#\/schema\/logo\/image\/\",\"url\":\"https:\/\/relaunch.euroakademie.de\/magazin\/wp-content\/uploads\/2024\/11\/Logo_EA_negativ_Rahmen_5cm_300dpi_RGB.jpg\",\"contentUrl\":\"https:\/\/relaunch.euroakademie.de\/magazin\/wp-content\/uploads\/2024\/11\/Logo_EA_negativ_Rahmen_5cm_300dpi_RGB.jpg\",\"width\":591,\"height\":236,\"caption\":\"ESO Education Group\"},\"image\":{\"@id\":\"https:\/\/www.euroakademie.de\/magazin\/#\/schema\/logo\/image\/\"}},{\"@type\":\"Person\",\"@id\":\"https:\/\/www.euroakademie.de\/magazin\/#\/schema\/person\/6c9b7b6db765ee31640d80c936be3686\",\"name\":\"Redaktion\",\"description\":\"Die Redaktion des Euro Akademie Magazins h\u00e4lt Sie regelm\u00e4\u00dfig mit hintergr\u00fcndigen Artikeln auf dem Laufenden. Auf Basis einer fundierten Recherche und mit Spa\u00df am Schreiben erstellen die Redakteur*innen informative und unterhaltsame Inhalte f\u00fcr Sie.\",\"url\":\"https:\/\/www.euroakademie.de\/magazin\/author\/redaktion\/\"}]}<\/script>\n<!-- \/ Yoast SEO plugin. -->","yoast_head_json":{"title":"Wie arbeiten wir morgen? \/ Euro Akademie Magazin","description":"Xing hat, gemeinsam mit dem Trendforscher Peter Wippermann, das \u201eNew Work Trendbook\u201c entwickelt. Es enth\u00e4lt Prognosen zu Ver\u00e4nderungen der Arbeitswelt.","robots":{"index":"index","follow":"follow","max-snippet":"max-snippet:-1","max-image-preview":"max-image-preview:large","max-video-preview":"max-video-preview:-1"},"canonical":"https:\/\/www.euroakademie.de\/magazin\/wie-arbeiten-wir-morgen\/","og_locale":"de_DE","og_type":"article","og_title":"Wie arbeiten wir morgen? \/ Euro Akademie Magazin","og_description":"Xing hat, gemeinsam mit dem Trendforscher Peter Wippermann, das \u201eNew Work Trendbook\u201c entwickelt. Es enth\u00e4lt Prognosen zu Ver\u00e4nderungen der Arbeitswelt.","og_url":"https:\/\/www.euroakademie.de\/magazin\/wie-arbeiten-wir-morgen\/","og_site_name":"Das Euro Akademie Magazin","article_published_time":"2018-11-12T12:32:37+00:00","og_image":[{"width":702,"height":336,"url":"https:\/\/www.euroakademie.de\/magazin\/wp-content\/uploads\/2018\/11\/shutterstock_265032767_702x336_web.jpg","type":"image\/jpeg"}],"author":"Redaktion","twitter_card":"summary_large_image","twitter_misc":{"Verfasst von":"Redaktion","Gesch\u00e4tzte Lesezeit":"2\u00a0Minuten"},"schema":{"@context":"https:\/\/schema.org","@graph":[{"@type":"Article","@id":"https:\/\/www.euroakademie.de\/magazin\/wie-arbeiten-wir-morgen\/#article","isPartOf":{"@id":"https:\/\/www.euroakademie.de\/magazin\/wie-arbeiten-wir-morgen\/"},"author":{"name":"Redaktion","@id":"https:\/\/www.euroakademie.de\/magazin\/#\/schema\/person\/6c9b7b6db765ee31640d80c936be3686"},"headline":"Linktipp: Wie arbeiten wir morgen?","datePublished":"2018-11-12T12:32:37+00:00","dateModified":"2018-11-12T12:32:37+00:00","mainEntityOfPage":{"@id":"https:\/\/www.euroakademie.de\/magazin\/wie-arbeiten-wir-morgen\/"},"wordCount":392,"publisher":{"@id":"https:\/\/www.euroakademie.de\/magazin\/#organization"},"image":{"@id":"https:\/\/www.euroakademie.de\/magazin\/wie-arbeiten-wir-morgen\/#primaryimage"},"thumbnailUrl":"https:\/\/www.euroakademie.de\/magazin\/wp-content\/uploads\/2018\/11\/shutterstock_265032767_702x336_web.jpg","keywords":["Arbeitswelt","Digitalisierung","Diversity","Diversity-Management","Generation Z","Gig-Working","Trend","Trendbook","Work-Life Seperation","Work-Life-Balance","Xing","Zukunft"],"articleSection":["Karriere","Link- und Lesetipps"],"inLanguage":"de"},{"@type":"WebPage","@id":"https:\/\/www.euroakademie.de\/magazin\/wie-arbeiten-wir-morgen\/","url":"https:\/\/www.euroakademie.de\/magazin\/wie-arbeiten-wir-morgen\/","name":"Wie arbeiten wir morgen? \/ Euro Akademie Magazin","isPartOf":{"@id":"https:\/\/www.euroakademie.de\/magazin\/#website"},"primaryImageOfPage":{"@id":"https:\/\/www.euroakademie.de\/magazin\/wie-arbeiten-wir-morgen\/#primaryimage"},"image":{"@id":"https:\/\/www.euroakademie.de\/magazin\/wie-arbeiten-wir-morgen\/#primaryimage"},"thumbnailUrl":"https:\/\/www.euroakademie.de\/magazin\/wp-content\/uploads\/2018\/11\/shutterstock_265032767_702x336_web.jpg","datePublished":"2018-11-12T12:32:37+00:00","dateModified":"2018-11-12T12:32:37+00:00","description":"Xing hat, gemeinsam mit dem Trendforscher Peter Wippermann, das \u201eNew Work Trendbook\u201c entwickelt. Es enth\u00e4lt Prognosen zu Ver\u00e4nderungen der Arbeitswelt.","breadcrumb":{"@id":"https:\/\/www.euroakademie.de\/magazin\/wie-arbeiten-wir-morgen\/#breadcrumb"},"inLanguage":"de","potentialAction":[{"@type":"ReadAction","target":["https:\/\/www.euroakademie.de\/magazin\/wie-arbeiten-wir-morgen\/"]}]},{"@type":"ImageObject","inLanguage":"de","@id":"https:\/\/www.euroakademie.de\/magazin\/wie-arbeiten-wir-morgen\/#primaryimage","url":"https:\/\/www.euroakademie.de\/magazin\/wp-content\/uploads\/2018\/11\/shutterstock_265032767_702x336_web.jpg","contentUrl":"https:\/\/www.euroakademie.de\/magazin\/wp-content\/uploads\/2018\/11\/shutterstock_265032767_702x336_web.jpg","width":702,"height":336,"caption":""},{"@type":"BreadcrumbList","@id":"https:\/\/www.euroakademie.de\/magazin\/wie-arbeiten-wir-morgen\/#breadcrumb","itemListElement":[{"@type":"ListItem","position":1,"name":"Startseite","item":"https:\/\/www.euroakademie.de\/magazin\/"},{"@type":"ListItem","position":2,"name":"Linktipp: Wie arbeiten wir morgen?"}]},{"@type":"WebSite","@id":"https:\/\/www.euroakademie.de\/magazin\/#website","url":"https:\/\/www.euroakademie.de\/magazin\/","name":"Das Euro Akademie Magazin","description":"Gut informiert durch Ausbildung und Studium","publisher":{"@id":"https:\/\/www.euroakademie.de\/magazin\/#organization"},"potentialAction":[{"@type":"SearchAction","target":{"@type":"EntryPoint","urlTemplate":"https:\/\/www.euroakademie.de\/magazin\/?s={search_term_string}"},"query-input":{"@type":"PropertyValueSpecification","valueRequired":true,"valueName":"search_term_string"}}],"inLanguage":"de"},{"@type":"Organization","@id":"https:\/\/www.euroakademie.de\/magazin\/#organization","name":"ESO Education Group","url":"https:\/\/www.euroakademie.de\/magazin\/","logo":{"@type":"ImageObject","inLanguage":"de","@id":"https:\/\/www.euroakademie.de\/magazin\/#\/schema\/logo\/image\/","url":"https:\/\/relaunch.euroakademie.de\/magazin\/wp-content\/uploads\/2024\/11\/Logo_EA_negativ_Rahmen_5cm_300dpi_RGB.jpg","contentUrl":"https:\/\/relaunch.euroakademie.de\/magazin\/wp-content\/uploads\/2024\/11\/Logo_EA_negativ_Rahmen_5cm_300dpi_RGB.jpg","width":591,"height":236,"caption":"ESO Education Group"},"image":{"@id":"https:\/\/www.euroakademie.de\/magazin\/#\/schema\/logo\/image\/"}},{"@type":"Person","@id":"https:\/\/www.euroakademie.de\/magazin\/#\/schema\/person\/6c9b7b6db765ee31640d80c936be3686","name":"Redaktion","description":"Die Redaktion des Euro Akademie Magazins h\u00e4lt Sie regelm\u00e4\u00dfig mit hintergr\u00fcndigen Artikeln auf dem Laufenden. Auf Basis einer fundierten Recherche und mit Spa\u00df am Schreiben erstellen die Redakteur*innen informative und unterhaltsame Inhalte f\u00fcr Sie.","url":"https:\/\/www.euroakademie.de\/magazin\/author\/redaktion\/"}]}},"_links":{"self":[{"href":"https:\/\/www.euroakademie.de\/magazin\/wp-json\/wp\/v2\/posts\/7937","targetHints":{"allow":["GET"]}}],"collection":[{"href":"https:\/\/www.euroakademie.de\/magazin\/wp-json\/wp\/v2\/posts"}],"about":[{"href":"https:\/\/www.euroakademie.de\/magazin\/wp-json\/wp\/v2\/types\/post"}],"author":[{"embeddable":true,"href":"https:\/\/www.euroakademie.de\/magazin\/wp-json\/wp\/v2\/users\/7"}],"replies":[{"embeddable":true,"href":"https:\/\/www.euroakademie.de\/magazin\/wp-json\/wp\/v2\/comments?post=7937"}],"version-history":[{"count":0,"href":"https:\/\/www.euroakademie.de\/magazin\/wp-json\/wp\/v2\/posts\/7937\/revisions"}],"wp:featuredmedia":[{"embeddable":true,"href":"https:\/\/www.euroakademie.de\/magazin\/wp-json\/wp\/v2\/media\/7939"}],"wp:attachment":[{"href":"https:\/\/www.euroakademie.de\/magazin\/wp-json\/wp\/v2\/media?parent=7937"}],"wp:term":[{"taxonomy":"category","embeddable":true,"href":"https:\/\/www.euroakademie.de\/magazin\/wp-json\/wp\/v2\/categories?post=7937"},{"taxonomy":"post_tag","embeddable":true,"href":"https:\/\/www.euroakademie.de\/magazin\/wp-json\/wp\/v2\/tags?post=7937"}],"curies":[{"name":"wp","href":"https:\/\/api.w.org\/{rel}","templated":true}]}}