{"id":7940,"date":"2018-11-14T08:05:38","date_gmt":"2018-11-14T07:05:38","guid":{"rendered":"https:\/\/www.euroakademie.de\/magazin\/?p=7940"},"modified":"2025-02-21T09:50:21","modified_gmt":"2025-02-21T08:50:21","slug":"kraft-des-bauchgefuehls-macht-der-intuition","status":"publish","type":"post","link":"https:\/\/www.euroakademie.de\/magazin\/kraft-des-bauchgefuehls-macht-der-intuition\/","title":{"rendered":"Die Kraft des Bauchgef\u00fchls \u2013 die Macht der Intuition"},"content":{"rendered":"\n<p><!--[CDATA[<strong-->Wir reden alle \u00fcber das Bauchgef\u00fchl, das wir gerne zu Rate ziehen, wenn wir wichtige Entscheidungen treffen m\u00fcssen. Kann ich meinem Bauchgef\u00fchl vertrauen oder ist es besser, den Verstand zu benutzen? Dazu gibt es auch unter Experten ziemlich unterschiedliche Meinungen. Wir versuchen an dieser Stelle etwas Licht ins Dunkel zu bringen. \n\nSie haben ein tolles Jobangebot bekommen, noch dazu in der Stadt Ihrer Tr\u00e4ume. Ihr Verstand sagt Ihnen, dass Sie diese Chance auf keinen Fall ausschlagen d\u00fcrfen. H\u00e4tten Sie da nicht dieses komische, unangenehme Gef\u00fchl im Bauch. Bestimmt waren Sie auch schon einmal in einer solchen Situation \u2013 Ihr Verstand sagt ja, Ihre Intuition bremst Sie aus. Sollen Sie nun den konkreten Argumenten oder einem diffusen Bauchgef\u00fchl den Vortritt lassen?\n\nHat man noch vor einigen Jahren die Intuition als zu ungenau und damit ungeeignet f\u00fcr Entscheidungen im Berufsleben, in Wirtschaft und Politik abgetan, wird sie heute in allen Lebensbereichen als wertvoll betrachtet. Sogar Manager belegen inzwischen Intuitionsseminare.\n\nDie Skepsis unserer Intuition gegen\u00fcber liegt in der Geschichte begr\u00fcndet \u2013 im 18. Jahrhundert wollten gro\u00dfe Denker wie Kant und Voltaire die Menschen durch den Einsatz ihrer eigenen Vernunft unabh\u00e4ngiger machen und damit ihre Lebensverh\u00e4ltnisse verbessern. Damals war man der Macht der Kirche und der Herrschenden quasi ausgeliefert. Die Theorien der Aufkl\u00e4rung haben bis heute gro\u00dfen Einfluss auf unser Denken.\n\n\n<\/p>\n\n\n\n<h2 class=\"wp-block-heading\">Was ist eigentlich Intuition?<\/h2>\n\n\n\n<p>\n\n\nStellt sich zun\u00e4chst einmal die Frage, was Intuition eigentlich genau ist. Das mittellateinische Wort \u201eintuitio\u201c hei\u00dft \u00fcbersetzt \u201eunmittelbare Anschauung\u201c oder auch \u201enach innen schauen\u201c. Oder anders gesagt: Dem Bauchgef\u00fchl ist keine Reflexion vorangegangen \u2013 kein bewusstes Abw\u00e4gen durch den Verstand. Erfahrungen sind eine wichtige Quelle f\u00fcr unsere Intuition, die \u00fcbrigens nicht nur als Bauchgef\u00fchl, sondern auch als Geistesblitz oder spontaner Impuls empfunden werden kann.\n\n<\/p>\n\n\n<div class=\"wp-block-image\">\n<figure class=\"alignleft\"><a href=\"https:\/\/relaunch.euroakademie.de\/magazin\/wp-content\/uploads\/2018\/11\/shutterstock_247511632_web.jpg\"><img fetchpriority=\"high\" decoding=\"async\" width=\"500\" height=\"337\" src=\"https:\/\/relaunch.euroakademie.de\/magazin\/wp-content\/uploads\/2018\/11\/shutterstock_247511632_web.jpg\" alt=\"Empathie ist bei der Kommunikation von Babys entscheidend\" class=\"wp-image-7944\" srcset=\"https:\/\/www.euroakademie.de\/magazin\/wp-content\/uploads\/2018\/11\/shutterstock_247511632_web.jpg 500w, https:\/\/www.euroakademie.de\/magazin\/wp-content\/uploads\/2018\/11\/shutterstock_247511632_web-300x202.jpg 300w, https:\/\/www.euroakademie.de\/magazin\/wp-content\/uploads\/2018\/11\/shutterstock_247511632_web-150x101.jpg 150w, https:\/\/www.euroakademie.de\/magazin\/wp-content\/uploads\/2018\/11\/shutterstock_247511632_web-450x303.jpg 450w\" sizes=\"(max-width: 500px) 100vw, 500px\" \/><\/a><\/figure>\n<\/div>\n\n\n<p>Die Psychologin Dr. Regina Obermayr-Breitfu\u00df forscht seit \u00fcber 20 Jahren zum Thema Intuition. Sie versteht unter dem Begriff ein geistiges Wissen, das ganz nat\u00fcrlich im Menschen angelegt ist. Babys lernen zun\u00e4chst einmal intuitiv \u2013 sie sind auf die Empathie und Intuition der Bezugspersonen angewiesen, da Erkl\u00e4rungen \u00fcber die Sprache noch nicht m\u00f6glich sind. Intuition ist also auch das, was hinter der Sprache verborgen liegt und nicht von ihr erfasst werden kann.\n\nWer auf seine Intuition h\u00f6ren will, muss die Kontrolle durch den Verstand f\u00fcr diesen Moment abgeben. Das macht vielen Menschen zun\u00e4chst einmal Angst, da wir gelernt haben uns auf klare Fakten zu verlassen und den Gef\u00fchlen, gerade im Berufsleben, nicht viel Raum zu geben.\n\nEmpathie k\u00f6nnte Experten zufolge eine der Grundlagen f\u00fcr Intuition sein. Wenn wir mit uns selbst in Beziehung stehen, k\u00f6nnen wir auch unser Umfeld besser verstehen und angemessen darauf reagieren \u2013 ohne vorher lange dar\u00fcber nachzudenken.\n\n\n<\/p>\n\n\n\n<h2 class=\"wp-block-heading\">Warum sollten wir auf unser Bauchgef\u00fchl h\u00f6ren?<\/h2>\n\n\n\n<p>\n\n\nHirnforscher sind sich heute dar\u00fcber einig, dass Menschen intuitive Entscheidungen viel schneller treffen k\u00f6nnen als Entscheidungen, die \u00fcber das sorgf\u00e4ltige Abw\u00e4gen durch den Verstand zustande kommen. Ihr K\u00f6rper reagiert blitzschnell und ganz ohne Nachdenken auf eine Situation.\n\n<\/p>\n\n\n<div class=\"wp-block-image\">\n<figure class=\"alignleft\"><a href=\"https:\/\/relaunch.euroakademie.de\/magazin\/wp-content\/uploads\/2018\/11\/shutterstock_409749292_web.jpg\"><img decoding=\"async\" width=\"500\" height=\"334\" src=\"https:\/\/relaunch.euroakademie.de\/magazin\/wp-content\/uploads\/2018\/11\/shutterstock_409749292_web.jpg\" alt=\"Intuitiv richtig auf den anderen reagieren\" class=\"wp-image-7946\" srcset=\"https:\/\/www.euroakademie.de\/magazin\/wp-content\/uploads\/2018\/11\/shutterstock_409749292_web.jpg 500w, https:\/\/www.euroakademie.de\/magazin\/wp-content\/uploads\/2018\/11\/shutterstock_409749292_web-300x200.jpg 300w, https:\/\/www.euroakademie.de\/magazin\/wp-content\/uploads\/2018\/11\/shutterstock_409749292_web-150x100.jpg 150w, https:\/\/www.euroakademie.de\/magazin\/wp-content\/uploads\/2018\/11\/shutterstock_409749292_web-450x301.jpg 450w\" sizes=\"(max-width: 500px) 100vw, 500px\" \/><\/a><\/figure>\n<\/div>\n\n\n<p>Die Intuition k\u00f6nnte auch als gesunder Menschenverstand bezeichnet werden \u2013 und der ist, ohne Zweifel, in jeder Lebenslage zu gebrauchen. Stellen Sie sich vor, Sie machen jemandem ein gesch\u00e4ftliches Angebot, sp\u00fcren aber, dass es Ihrem Gegen\u00fcber gerade nicht gut geht oder ihn etwas anderes besch\u00e4ftigt. Dann sollten Sie auf Ihr Gef\u00fchl h\u00f6ren und Ihr Verkaufsgespr\u00e4ch nicht wie gewohnt fortf\u00fchren \u2013 obwohl das Ihr vern\u00fcnftiger Plan war. Auch in der Kunst hat die Intuition elementare Bedeutung \u2013 wenn etwas v\u00f6llig Neues, Eigenst\u00e4ndiges entstehen soll, muss der Verstand einmal Pause machen, sonst g\u00e4be es nichts als die n\u00fcchterne Wirklichkeit.\n\n\n<\/p>\n\n\n\n<h2 class=\"wp-block-heading\">Vorsicht Falle! Wann Sie Ihrer Intuition misstrauen sollten<\/h2>\n\n\n\n<p>Stimmungen und Erinnerungen l\u00f6sen in bestimmten Situationen Gef\u00fchle in uns aus. Wenn Sie der neue Kollege an jemanden erinnert, mit dem Sie in der Vergangenheit schlechte Erfahrungen gemacht haben, kann ein negatives Gef\u00fchl aufkommen, das Sie f\u00e4lschlicherweise f\u00fcr Intuition halten. Oder Sie haben Angst, in eine neue Stadt zu ziehen, weil Ihre Freunde dann nicht mehr t\u00e4glich greifbar sind. Dann ist es nicht das Jobangebot, mit dem etwas nicht stimmt, sondern Ihre Angst vor dieser Ver\u00e4nderung. Die Bedenken k\u00f6nnen durchaus gerechtfertigt sein \u2013 ihr Bauchgef\u00fchl bezieht sich dann aber nicht auf den neuen Job, sondern auf die Umst\u00e4nde, die Ihnen Angst machen. Es lohnt sich also durchaus, auch seine Intuition einmal zu hinterfragen und zu schauen, ob Erinnerungen oder \u00c4ngste hinter dem komischen Bauchgef\u00fchl stehen. Wenn nicht, nutzen Sie Ihren gesunden Menschenverstand und h\u00f6ren Sie auf Herz und Bauch.<\/p>\n\n\n\n<div class=\"wp-block-buttons is-layout-flex wp-block-buttons-is-layout-flex\">\n<div class=\"wp-block-button has-custom-font-size has-regular-font-size\"><a class=\"wp-block-button__link wp-element-button\" href=\"https:\/\/www.euroakademie.de\/bildungsangebote?typ[]=Ausbildung\" style=\"padding-top:var(--wp--preset--spacing--20);padding-right:var(--wp--preset--spacing--20);padding-bottom:var(--wp--preset--spacing--20);padding-left:var(--wp--preset--spacing--20)\">Dein Bauchgef\u00fchlt sagt dir, dass du eine Ausbildung machen m\u00f6chtest. Du wei\u00dft aber noch nicht genau welche? Schau dir die vielf\u00e4ltigen Ausbildungsangebote der Euro Akademie an. Bestimmt ist auch etwas f\u00fcr dich dabei!<\/a><\/div>\n<\/div>\n","protected":false},"excerpt":{"rendered":"<p>\t\t\t\t<![CDATA[Kann ich meinem Bauchgef\u00fchl vertrauen oder ist es besser, den Verstand zu benutzen? Dazu gibt es auch unter Experten ziemlich unterschiedliche Meinungen. Wir versuchen an dieser Stelle etwas Licht ins Dunkel zu bringen.]]>\t\t<\/p>\n","protected":false},"author":58,"featured_media":7942,"comment_status":"closed","ping_status":"closed","sticky":false,"template":"","format":"standard","meta":{"footnotes":""},"categories":[118],"tags":[499,1066,1393,2425,2431,2515,3382,3943,4261,4264,8551,8809],"class_list":{"0":"post-7940","1":"post","2":"type-post","3":"status-publish","4":"format-standard","5":"has-post-thumbnail","7":"category-im-fokus","8":"tag-angst","9":"tag-bauchgefuehl","10":"tag-bewusst","11":"tag-entscheiden","12":"tag-entscheidungen","13":"tag-erinnerungen","14":"tag-gefuehl","15":"tag-herz","16":"tag-intuition","17":"tag-intuitiv","18":"tag-unbewusst","19":"tag-verstand"},"yoast_head":"<!-- This site is optimized with the Yoast SEO plugin v23.5 - https:\/\/yoast.com\/wordpress\/plugins\/seo\/ -->\n<title>Kraft des Bauchgef\u00fchls \u2013 Macht der Intuition \/ Euro Akademie Magazin<\/title>\n<meta name=\"description\" content=\"Kann ich meinem Bauchgef\u00fchl vertrauen oder ist es besser, den Verstand zu benutzen? Dazu gibt es auch unter Experten ziemlich unterschiedliche Meinungen.\" \/>\n<meta name=\"robots\" content=\"index, follow, max-snippet:-1, max-image-preview:large, max-video-preview:-1\" \/>\n<link rel=\"canonical\" href=\"https:\/\/www.euroakademie.de\/magazin\/kraft-des-bauchgefuehls-macht-der-intuition\/\" \/>\n<meta property=\"og:locale\" content=\"de_DE\" \/>\n<meta property=\"og:type\" content=\"article\" \/>\n<meta property=\"og:title\" content=\"Kraft des Bauchgef\u00fchls \u2013 Macht der Intuition \/ Euro Akademie Magazin\" \/>\n<meta property=\"og:description\" content=\"Kann ich meinem Bauchgef\u00fchl vertrauen oder ist es besser, den Verstand zu benutzen? Dazu gibt es auch unter Experten ziemlich unterschiedliche Meinungen.\" \/>\n<meta property=\"og:url\" content=\"https:\/\/www.euroakademie.de\/magazin\/kraft-des-bauchgefuehls-macht-der-intuition\/\" \/>\n<meta property=\"og:site_name\" content=\"Das Euro Akademie Magazin\" \/>\n<meta property=\"article:published_time\" content=\"2018-11-14T07:05:38+00:00\" \/>\n<meta property=\"article:modified_time\" content=\"2025-02-21T08:50:21+00:00\" \/>\n<meta property=\"og:image\" content=\"https:\/\/www.euroakademie.de\/magazin\/wp-content\/uploads\/2018\/11\/shutterstock_161584997_702x336_web.jpg\" \/>\n\t<meta property=\"og:image:width\" content=\"702\" \/>\n\t<meta property=\"og:image:height\" content=\"336\" \/>\n\t<meta property=\"og:image:type\" content=\"image\/jpeg\" \/>\n<meta name=\"author\" content=\"Tanja H\u00f6fling\" \/>\n<meta name=\"twitter:card\" content=\"summary_large_image\" \/>\n<meta name=\"twitter:label1\" content=\"Verfasst von\" \/>\n\t<meta name=\"twitter:data1\" content=\"Tanja H\u00f6fling\" \/>\n\t<meta name=\"twitter:label2\" content=\"Gesch\u00e4tzte Lesezeit\" \/>\n\t<meta name=\"twitter:data2\" content=\"5\u00a0Minuten\" \/>\n<script type=\"application\/ld+json\" class=\"yoast-schema-graph\">{\"@context\":\"https:\/\/schema.org\",\"@graph\":[{\"@type\":\"Article\",\"@id\":\"https:\/\/www.euroakademie.de\/magazin\/kraft-des-bauchgefuehls-macht-der-intuition\/#article\",\"isPartOf\":{\"@id\":\"https:\/\/www.euroakademie.de\/magazin\/kraft-des-bauchgefuehls-macht-der-intuition\/\"},\"author\":{\"name\":\"Tanja H\u00f6fling\",\"@id\":\"https:\/\/www.euroakademie.de\/magazin\/#\/schema\/person\/2c0d3896d19e86373c87f4ac022d4919\"},\"headline\":\"Die Kraft des Bauchgef\u00fchls \u2013 die Macht der Intuition\",\"datePublished\":\"2018-11-14T07:05:38+00:00\",\"dateModified\":\"2025-02-21T08:50:21+00:00\",\"mainEntityOfPage\":{\"@id\":\"https:\/\/www.euroakademie.de\/magazin\/kraft-des-bauchgefuehls-macht-der-intuition\/\"},\"wordCount\":826,\"publisher\":{\"@id\":\"https:\/\/www.euroakademie.de\/magazin\/#organization\"},\"image\":{\"@id\":\"https:\/\/www.euroakademie.de\/magazin\/kraft-des-bauchgefuehls-macht-der-intuition\/#primaryimage\"},\"thumbnailUrl\":\"https:\/\/www.euroakademie.de\/magazin\/wp-content\/uploads\/2018\/11\/shutterstock_161584997_702x336_web.jpg\",\"keywords\":[\"Angst\",\"Bauchgef\u00fchl\",\"bewusst\",\"entscheiden\",\"Entscheidungen\",\"Erinnerungen\",\"Gef\u00fchl\",\"Herz\",\"Intuition\",\"intuitiv\",\"unbewusst\",\"Verstand\"],\"articleSection\":[\"Im Fokus\"],\"inLanguage\":\"de\"},{\"@type\":\"WebPage\",\"@id\":\"https:\/\/www.euroakademie.de\/magazin\/kraft-des-bauchgefuehls-macht-der-intuition\/\",\"url\":\"https:\/\/www.euroakademie.de\/magazin\/kraft-des-bauchgefuehls-macht-der-intuition\/\",\"name\":\"Kraft des Bauchgef\u00fchls \u2013 Macht der Intuition \/ Euro Akademie Magazin\",\"isPartOf\":{\"@id\":\"https:\/\/www.euroakademie.de\/magazin\/#website\"},\"primaryImageOfPage\":{\"@id\":\"https:\/\/www.euroakademie.de\/magazin\/kraft-des-bauchgefuehls-macht-der-intuition\/#primaryimage\"},\"image\":{\"@id\":\"https:\/\/www.euroakademie.de\/magazin\/kraft-des-bauchgefuehls-macht-der-intuition\/#primaryimage\"},\"thumbnailUrl\":\"https:\/\/www.euroakademie.de\/magazin\/wp-content\/uploads\/2018\/11\/shutterstock_161584997_702x336_web.jpg\",\"datePublished\":\"2018-11-14T07:05:38+00:00\",\"dateModified\":\"2025-02-21T08:50:21+00:00\",\"description\":\"Kann ich meinem Bauchgef\u00fchl vertrauen oder ist es besser, den Verstand zu benutzen? Dazu gibt es auch unter Experten ziemlich unterschiedliche Meinungen.\",\"breadcrumb\":{\"@id\":\"https:\/\/www.euroakademie.de\/magazin\/kraft-des-bauchgefuehls-macht-der-intuition\/#breadcrumb\"},\"inLanguage\":\"de\",\"potentialAction\":[{\"@type\":\"ReadAction\",\"target\":[\"https:\/\/www.euroakademie.de\/magazin\/kraft-des-bauchgefuehls-macht-der-intuition\/\"]}]},{\"@type\":\"ImageObject\",\"inLanguage\":\"de\",\"@id\":\"https:\/\/www.euroakademie.de\/magazin\/kraft-des-bauchgefuehls-macht-der-intuition\/#primaryimage\",\"url\":\"https:\/\/www.euroakademie.de\/magazin\/wp-content\/uploads\/2018\/11\/shutterstock_161584997_702x336_web.jpg\",\"contentUrl\":\"https:\/\/www.euroakademie.de\/magazin\/wp-content\/uploads\/2018\/11\/shutterstock_161584997_702x336_web.jpg\",\"width\":702,\"height\":336,\"caption\":\"\"},{\"@type\":\"BreadcrumbList\",\"@id\":\"https:\/\/www.euroakademie.de\/magazin\/kraft-des-bauchgefuehls-macht-der-intuition\/#breadcrumb\",\"itemListElement\":[{\"@type\":\"ListItem\",\"position\":1,\"name\":\"Startseite\",\"item\":\"https:\/\/www.euroakademie.de\/magazin\/\"},{\"@type\":\"ListItem\",\"position\":2,\"name\":\"Die Kraft des Bauchgef\u00fchls \u2013 die Macht der Intuition\"}]},{\"@type\":\"WebSite\",\"@id\":\"https:\/\/www.euroakademie.de\/magazin\/#website\",\"url\":\"https:\/\/www.euroakademie.de\/magazin\/\",\"name\":\"Das Euro Akademie Magazin\",\"description\":\"Gut informiert durch Ausbildung und Studium\",\"publisher\":{\"@id\":\"https:\/\/www.euroakademie.de\/magazin\/#organization\"},\"potentialAction\":[{\"@type\":\"SearchAction\",\"target\":{\"@type\":\"EntryPoint\",\"urlTemplate\":\"https:\/\/www.euroakademie.de\/magazin\/?s={search_term_string}\"},\"query-input\":{\"@type\":\"PropertyValueSpecification\",\"valueRequired\":true,\"valueName\":\"search_term_string\"}}],\"inLanguage\":\"de\"},{\"@type\":\"Organization\",\"@id\":\"https:\/\/www.euroakademie.de\/magazin\/#organization\",\"name\":\"ESO Education Group\",\"url\":\"https:\/\/www.euroakademie.de\/magazin\/\",\"logo\":{\"@type\":\"ImageObject\",\"inLanguage\":\"de\",\"@id\":\"https:\/\/www.euroakademie.de\/magazin\/#\/schema\/logo\/image\/\",\"url\":\"https:\/\/relaunch.euroakademie.de\/magazin\/wp-content\/uploads\/2024\/11\/Logo_EA_negativ_Rahmen_5cm_300dpi_RGB.jpg\",\"contentUrl\":\"https:\/\/relaunch.euroakademie.de\/magazin\/wp-content\/uploads\/2024\/11\/Logo_EA_negativ_Rahmen_5cm_300dpi_RGB.jpg\",\"width\":591,\"height\":236,\"caption\":\"ESO Education Group\"},\"image\":{\"@id\":\"https:\/\/www.euroakademie.de\/magazin\/#\/schema\/logo\/image\/\"}},{\"@type\":\"Person\",\"@id\":\"https:\/\/www.euroakademie.de\/magazin\/#\/schema\/person\/2c0d3896d19e86373c87f4ac022d4919\",\"name\":\"Tanja H\u00f6fling\",\"description\":\"Von Juli 2017 bis Juli 2022 informierte die ehemalige Online-Redakteurin des Euro Akademie Magazins regelm\u00e4\u00dfig \u00fcber Aktuelles und Wissenswertes zu den Themen Ausbildung, Studium und Beruf.\",\"url\":\"https:\/\/www.euroakademie.de\/magazin\/author\/hoeflingt\/\"}]}<\/script>\n<!-- \/ Yoast SEO plugin. -->","yoast_head_json":{"title":"Kraft des Bauchgef\u00fchls \u2013 Macht der Intuition \/ Euro Akademie Magazin","description":"Kann ich meinem Bauchgef\u00fchl vertrauen oder ist es besser, den Verstand zu benutzen? Dazu gibt es auch unter Experten ziemlich unterschiedliche Meinungen.","robots":{"index":"index","follow":"follow","max-snippet":"max-snippet:-1","max-image-preview":"max-image-preview:large","max-video-preview":"max-video-preview:-1"},"canonical":"https:\/\/www.euroakademie.de\/magazin\/kraft-des-bauchgefuehls-macht-der-intuition\/","og_locale":"de_DE","og_type":"article","og_title":"Kraft des Bauchgef\u00fchls \u2013 Macht der Intuition \/ Euro Akademie Magazin","og_description":"Kann ich meinem Bauchgef\u00fchl vertrauen oder ist es besser, den Verstand zu benutzen? Dazu gibt es auch unter Experten ziemlich unterschiedliche Meinungen.","og_url":"https:\/\/www.euroakademie.de\/magazin\/kraft-des-bauchgefuehls-macht-der-intuition\/","og_site_name":"Das Euro Akademie Magazin","article_published_time":"2018-11-14T07:05:38+00:00","article_modified_time":"2025-02-21T08:50:21+00:00","og_image":[{"width":702,"height":336,"url":"https:\/\/www.euroakademie.de\/magazin\/wp-content\/uploads\/2018\/11\/shutterstock_161584997_702x336_web.jpg","type":"image\/jpeg"}],"author":"Tanja H\u00f6fling","twitter_card":"summary_large_image","twitter_misc":{"Verfasst von":"Tanja H\u00f6fling","Gesch\u00e4tzte Lesezeit":"5\u00a0Minuten"},"schema":{"@context":"https:\/\/schema.org","@graph":[{"@type":"Article","@id":"https:\/\/www.euroakademie.de\/magazin\/kraft-des-bauchgefuehls-macht-der-intuition\/#article","isPartOf":{"@id":"https:\/\/www.euroakademie.de\/magazin\/kraft-des-bauchgefuehls-macht-der-intuition\/"},"author":{"name":"Tanja H\u00f6fling","@id":"https:\/\/www.euroakademie.de\/magazin\/#\/schema\/person\/2c0d3896d19e86373c87f4ac022d4919"},"headline":"Die Kraft des Bauchgef\u00fchls \u2013 die Macht der Intuition","datePublished":"2018-11-14T07:05:38+00:00","dateModified":"2025-02-21T08:50:21+00:00","mainEntityOfPage":{"@id":"https:\/\/www.euroakademie.de\/magazin\/kraft-des-bauchgefuehls-macht-der-intuition\/"},"wordCount":826,"publisher":{"@id":"https:\/\/www.euroakademie.de\/magazin\/#organization"},"image":{"@id":"https:\/\/www.euroakademie.de\/magazin\/kraft-des-bauchgefuehls-macht-der-intuition\/#primaryimage"},"thumbnailUrl":"https:\/\/www.euroakademie.de\/magazin\/wp-content\/uploads\/2018\/11\/shutterstock_161584997_702x336_web.jpg","keywords":["Angst","Bauchgef\u00fchl","bewusst","entscheiden","Entscheidungen","Erinnerungen","Gef\u00fchl","Herz","Intuition","intuitiv","unbewusst","Verstand"],"articleSection":["Im Fokus"],"inLanguage":"de"},{"@type":"WebPage","@id":"https:\/\/www.euroakademie.de\/magazin\/kraft-des-bauchgefuehls-macht-der-intuition\/","url":"https:\/\/www.euroakademie.de\/magazin\/kraft-des-bauchgefuehls-macht-der-intuition\/","name":"Kraft des Bauchgef\u00fchls \u2013 Macht der Intuition \/ Euro Akademie Magazin","isPartOf":{"@id":"https:\/\/www.euroakademie.de\/magazin\/#website"},"primaryImageOfPage":{"@id":"https:\/\/www.euroakademie.de\/magazin\/kraft-des-bauchgefuehls-macht-der-intuition\/#primaryimage"},"image":{"@id":"https:\/\/www.euroakademie.de\/magazin\/kraft-des-bauchgefuehls-macht-der-intuition\/#primaryimage"},"thumbnailUrl":"https:\/\/www.euroakademie.de\/magazin\/wp-content\/uploads\/2018\/11\/shutterstock_161584997_702x336_web.jpg","datePublished":"2018-11-14T07:05:38+00:00","dateModified":"2025-02-21T08:50:21+00:00","description":"Kann ich meinem Bauchgef\u00fchl vertrauen oder ist es besser, den Verstand zu benutzen? Dazu gibt es auch unter Experten ziemlich unterschiedliche Meinungen.","breadcrumb":{"@id":"https:\/\/www.euroakademie.de\/magazin\/kraft-des-bauchgefuehls-macht-der-intuition\/#breadcrumb"},"inLanguage":"de","potentialAction":[{"@type":"ReadAction","target":["https:\/\/www.euroakademie.de\/magazin\/kraft-des-bauchgefuehls-macht-der-intuition\/"]}]},{"@type":"ImageObject","inLanguage":"de","@id":"https:\/\/www.euroakademie.de\/magazin\/kraft-des-bauchgefuehls-macht-der-intuition\/#primaryimage","url":"https:\/\/www.euroakademie.de\/magazin\/wp-content\/uploads\/2018\/11\/shutterstock_161584997_702x336_web.jpg","contentUrl":"https:\/\/www.euroakademie.de\/magazin\/wp-content\/uploads\/2018\/11\/shutterstock_161584997_702x336_web.jpg","width":702,"height":336,"caption":""},{"@type":"BreadcrumbList","@id":"https:\/\/www.euroakademie.de\/magazin\/kraft-des-bauchgefuehls-macht-der-intuition\/#breadcrumb","itemListElement":[{"@type":"ListItem","position":1,"name":"Startseite","item":"https:\/\/www.euroakademie.de\/magazin\/"},{"@type":"ListItem","position":2,"name":"Die Kraft des Bauchgef\u00fchls \u2013 die Macht der Intuition"}]},{"@type":"WebSite","@id":"https:\/\/www.euroakademie.de\/magazin\/#website","url":"https:\/\/www.euroakademie.de\/magazin\/","name":"Das Euro Akademie Magazin","description":"Gut informiert durch Ausbildung und Studium","publisher":{"@id":"https:\/\/www.euroakademie.de\/magazin\/#organization"},"potentialAction":[{"@type":"SearchAction","target":{"@type":"EntryPoint","urlTemplate":"https:\/\/www.euroakademie.de\/magazin\/?s={search_term_string}"},"query-input":{"@type":"PropertyValueSpecification","valueRequired":true,"valueName":"search_term_string"}}],"inLanguage":"de"},{"@type":"Organization","@id":"https:\/\/www.euroakademie.de\/magazin\/#organization","name":"ESO Education Group","url":"https:\/\/www.euroakademie.de\/magazin\/","logo":{"@type":"ImageObject","inLanguage":"de","@id":"https:\/\/www.euroakademie.de\/magazin\/#\/schema\/logo\/image\/","url":"https:\/\/relaunch.euroakademie.de\/magazin\/wp-content\/uploads\/2024\/11\/Logo_EA_negativ_Rahmen_5cm_300dpi_RGB.jpg","contentUrl":"https:\/\/relaunch.euroakademie.de\/magazin\/wp-content\/uploads\/2024\/11\/Logo_EA_negativ_Rahmen_5cm_300dpi_RGB.jpg","width":591,"height":236,"caption":"ESO Education Group"},"image":{"@id":"https:\/\/www.euroakademie.de\/magazin\/#\/schema\/logo\/image\/"}},{"@type":"Person","@id":"https:\/\/www.euroakademie.de\/magazin\/#\/schema\/person\/2c0d3896d19e86373c87f4ac022d4919","name":"Tanja H\u00f6fling","description":"Von Juli 2017 bis Juli 2022 informierte die ehemalige Online-Redakteurin des Euro Akademie Magazins regelm\u00e4\u00dfig \u00fcber Aktuelles und Wissenswertes zu den Themen Ausbildung, Studium und Beruf.","url":"https:\/\/www.euroakademie.de\/magazin\/author\/hoeflingt\/"}]}},"_links":{"self":[{"href":"https:\/\/www.euroakademie.de\/magazin\/wp-json\/wp\/v2\/posts\/7940","targetHints":{"allow":["GET"]}}],"collection":[{"href":"https:\/\/www.euroakademie.de\/magazin\/wp-json\/wp\/v2\/posts"}],"about":[{"href":"https:\/\/www.euroakademie.de\/magazin\/wp-json\/wp\/v2\/types\/post"}],"author":[{"embeddable":true,"href":"https:\/\/www.euroakademie.de\/magazin\/wp-json\/wp\/v2\/users\/58"}],"replies":[{"embeddable":true,"href":"https:\/\/www.euroakademie.de\/magazin\/wp-json\/wp\/v2\/comments?post=7940"}],"version-history":[{"count":1,"href":"https:\/\/www.euroakademie.de\/magazin\/wp-json\/wp\/v2\/posts\/7940\/revisions"}],"predecessor-version":[{"id":27646,"href":"https:\/\/www.euroakademie.de\/magazin\/wp-json\/wp\/v2\/posts\/7940\/revisions\/27646"}],"wp:featuredmedia":[{"embeddable":true,"href":"https:\/\/www.euroakademie.de\/magazin\/wp-json\/wp\/v2\/media\/7942"}],"wp:attachment":[{"href":"https:\/\/www.euroakademie.de\/magazin\/wp-json\/wp\/v2\/media?parent=7940"}],"wp:term":[{"taxonomy":"category","embeddable":true,"href":"https:\/\/www.euroakademie.de\/magazin\/wp-json\/wp\/v2\/categories?post=7940"},{"taxonomy":"post_tag","embeddable":true,"href":"https:\/\/www.euroakademie.de\/magazin\/wp-json\/wp\/v2\/tags?post=7940"}],"curies":[{"name":"wp","href":"https:\/\/api.w.org\/{rel}","templated":true}]}}