{"id":7994,"date":"2018-11-27T08:40:08","date_gmt":"2018-11-27T07:40:08","guid":{"rendered":"https:\/\/www.euroakademie.de\/magazin\/?p=7994"},"modified":"2025-02-19T11:37:16","modified_gmt":"2025-02-19T10:37:16","slug":"erholungsurlaub-bildungsurlaub-sonderurlaub-das-sollten-sie-wissen","status":"publish","type":"post","link":"https:\/\/www.euroakademie.de\/magazin\/erholungsurlaub-bildungsurlaub-sonderurlaub-das-sollten-sie-wissen\/","title":{"rendered":"Erholungsurlaub, Bildungsurlaub, Sonderurlaub \u2013 das sollten Sie wissen"},"content":{"rendered":"\n<p><!--[CDATA[<strong-->Das Jahr ist bald zu Ende und Ihr Urlaubskonto ist immer noch erfreulich gef\u00fcllt? Jetzt m\u00f6chten Sie wissen, was mit dem Resturlaub passiert. Oder Sie fragen sich, wie viele Urlaubstage Ihnen zustehen und ob Sie <strong>Bildungsurlaub beantragen k\u00f6nnen? Bei uns erfahren Sie, wie es mit Ihrer freien Zeit bestellt ist.<\/strong>\n\nUrlaub ist wichtig, um einmal richtig abzuschalten und sich zu entspannen. An Weihnachten ein paar Tage Auszeit bei der Familie, zu Ostern in die Berge, in den gro\u00dfen Ferien ans Meer. Meistens ist die Urlaubsplanung wohldosiert auf das ganze Jahr verteilt. Dabei wissen viele Arbeitnehmer nicht, dass Ihnen noch weitere arbeitsfreie Tage wie Bildungsurlaub und Sonderurlaub zustehen.\n\n\n<\/p>\n\n\n\n<h2 class=\"wp-block-heading\">Hat mein Urlaub ein Verfallsdatum?<\/h2>\n\n\n\n<p>\n\n\nJa. Wenn keine anderen Absprachen bestehen, m\u00fcssen Sie Ihren Resturlaub bis zum 31. Dezember nehmen. Die meisten Arbeitgeber sind allerdings kulant und Sie d\u00fcrfen Ihren Resturlaub auch noch im ersten Quartal des Folgejahres nehmen \u2013 Stichtag ist also der 31. M\u00e4rz. In besonderen F\u00e4llen d\u00fcrfen Sie den Urlaub auch zu einem sp\u00e4teren Zeitpunkt noch antreten.\n\nDas Unternehmen, in dem Sie nach der <a href=\"https:\/\/www.euroakademie.de\/de\/ausbildung.html\" target=\"_blank\" rel=\"noopener noreferrer\">Ausbildung<\/a> Ihren ersten richtigen Job angetreten haben, hat ein gro\u00dfes Projekt an Land gezogen. An Urlaub ist erstmal gar nicht zu denken. Nachdem die Projektarbeiten abgeschlossen sind, haben Sie sich bei einem Sportunfall das Kreuzband gerissen und fallen vier Wochen aus. Nun ist es schon Dezember und Sie haben immer noch 15 freie Tage auf Ihrem Urlaubskonto. In solchen F\u00e4llen ist der Arbeitgeber verpflichtet, Ihnen den Urlaub auch sp\u00e4ter noch zu gew\u00e4hren. Wenn er Ihnen den Urlaub aus betrieblichen Gr\u00fcnden verweigert hat, m\u00fcssen Sie Ihren Arbeitgeber darauf aufmerksam machen und ihn sozusagen \u201ein Verzug\u201c setzen. Bei einer Erkrankung verl\u00e4ngert sich der Urlaubsanspruch automatisch.\n\n\n<\/p>\n\n\n\n<h2 class=\"wp-block-heading\">Wie viel Urlaub steht mir zu?<\/h2>\n\n\n\n<p>\n\n\nDer Anspruch eines Arbeitnehmers auf bezahlte Auszeiten vom Arbeitsalltag ist im Bundesurlaubsgesetz geregelt. Jeder hat ein Recht auf Urlaub \u2013 bei einer F\u00fcnftagewoche sind es 20 freie Tage im Jahr \u2013 also umgerechnet vier Wochen. Das ist die Mindestregelung \u2013 viele Arbeitnehmer d\u00fcrfen sich \u00fcber mehr freie Tage freuen. Der Urlaubsanspruch h\u00e4ngt \u00fcbrigens immer von der Anzahl der Arbeitstage in einer Woche ab&nbsp;\u2013 bei einer Sechstagewoche haben Sie demnach 25 Tage Urlaubsanspruch, bei einer Viertagewoche sind es 16 freie Tage im Jahr.\n\nBesondere Regelungen gibt es f\u00fcr j\u00fcngere Arbeitnehmer: Mitarbeiter unter 16 Jahren haben mindestens 30 Werktage frei, bis 17 Jahre sind es 27 Werktage und bis 18 Jahre hat man ein Recht auf wenigstens 25 Urlaubstage. Auch schwerbehinderte Arbeitnehmer haben einen h\u00f6heren Urlaubsanspruch.\n\n\n<\/p>\n\n\n\n<h2 class=\"wp-block-heading\">Was passiert mit dem Jahresurlaub bei K\u00fcndigung?<\/h2>\n\n\n\n<p>\n\n\nDie meisten K\u00fcndigungen erfolgen nicht zum 31. Dezember. Wenn Sie w\u00e4hrend eines laufenden Jahres aus dem Unternehmen ausscheiden, steht Ihnen der Urlaub anteilig zu. Ein Beispiel: Ihr letzter Arbeitstag ist der 30. Juni \u2013 dann haben Sie bei 25 Urlaubstagen im Jahr einen Anspruch von 12,5 Tagen.\n\u00dcbrigens: Falls Sie zu diesem Zeitpunkt schon mehr freie Tage in Anspruch genommen hatten, kann der Arbeitgeber diese finanziell zur\u00fcckfordern.\n\n\n<\/p>\n\n\n\n<h2 class=\"wp-block-heading\">Was ist Bildungsurlaub?<\/h2>\n\n\n\n<p>\n\n\nAls Arbeitnehmer haben Sie nicht nur Anspruch auf Erholungsurlaub, sondern auch auf Bildungsurlaub. An f\u00fcnf Tagen im Jahr d\u00fcrfen Sie sich weiterbilden \u2013 und das bezahlt. Leider gilt das Recht auf den Urlaub zum Wissenserwerb nicht in allen Bundesl\u00e4ndern. F\u00fcr Berufst\u00e4tige in Bayern&nbsp;und Sachsen gibt es keinen Anspruch auf Bildungsurlaub.\n\nDie Freistellung dient \u00fcbrigens nicht nur der <a href=\"https:\/\/www.euroakademie.de\/bildungsangebote?typ[]=Fort-%20und%20Weiterbildung\" target=\"_blank\" rel=\"noopener noreferrer\">beruflichen Weiterbildung<\/a>. Sie k\u00f6nnen in dieser Zeit auch eine Fremdsprache erlernen oder sich mit politischen Themen auseinandersetzen. Der Bildungsurlaub muss aber einen sogenannten \u201eMindestnutzen\u201c f\u00fcr den Arbeitgeber haben, also nicht v\u00f6llig von dem abweichen, was das Unternehmen an Qualifikationen ben\u00f6tigt.<\/p>\n\n\n\n<p><\/p>\n\n\n\n<p>Der Arbeitgeber kann einen Bildungsurlaub betriebsbedingt ablehnen, beispielsweise, wenn gerade besonders viel zu tun ist oder viele Mitarbeiter krankheitsbedingt ausgefallen sind. Die Kosten der Weiterbildung tr\u00e4gt der Arbeitnehmer. Wenn Sie nicht \u00fcber 20.000 Euro Jahresgehalt beziehen, informieren Sie sich \u00fcber die <a href=\"https:\/\/www.euroakademie.de\/magazin\/weiterbildung-wird-unterstuetzt-foerderung-sichern\/\" target=\"_blank\" rel=\"noopener noreferrer\">Bildungspr\u00e4mie<\/a>. Diese k\u00f6nnen Sie jedes Jahr beantragen, der maximale Zuschuss betr\u00e4gt&nbsp;500 Euro.<\/p>\n\n\n\n<h2 class=\"wp-block-heading\">Wann bekomme ich Sonderurlaub?<\/h2>\n\n\n\n<p>Genau gesetzlich geregelt ist der Sonderurlaub nicht. Meistens sind Regelungen zum Sonderurlaub in Tarifvertr\u00e4gen oder im Arbeitsvertrag festgehalten.<br>\nZu diesen Anl\u00e4ssen d\u00fcrfen Sie mit Sonderurlaub rechnen:<\/p>\n\n\n\n<ul class=\"wp-block-list\">\n<li>Bei der Geburt eines Kindes (f\u00fcr den Vater)<\/li>\n\n\n\n<li>Beim Tod eines nahen Angeh\u00f6rigen<\/li>\n\n\n\n<li>F\u00fcr \u00e4rztliche Untersuchungen oder Behandlungen, die nicht w\u00e4hrend der regul\u00e4ren Arbeitszeit stattfinden k\u00f6nnen<\/li>\n\n\n\n<li>Wenn Sie aus betrieblichen Gr\u00fcnden umziehen m\u00fcssen<\/li>\n<\/ul>\n\n\n\n<div class=\"wp-block-buttons is-layout-flex wp-block-buttons-is-layout-flex\">\n<div class=\"wp-block-button has-custom-font-size has-regular-font-size\"><a class=\"wp-block-button__link wp-element-button\" href=\"https:\/\/www.euroakademie.de\/bildungsangebote?typ[]=Fort-%20und%20Weiterbildung&amp;typ[]=Umschulung\" style=\"padding-top:var(--wp--preset--spacing--20);padding-right:var(--wp--preset--spacing--20);padding-bottom:var(--wp--preset--spacing--20);padding-left:var(--wp--preset--spacing--20)\">Lust auf neue berufliche Perspektiven? Informiere dich hier \u00fcber die Weiterbildungs- oder Umschulungsm\u00f6glichkeiten an der Euro Akademie!<\/a><\/div>\n<\/div>\n","protected":false},"excerpt":{"rendered":"<p>\t\t\t\t<![CDATA[Das Jahr ist bald zu Ende und Ihr Urlaubskonto ist immer noch erfreulich gef\u00fcllt? Jetzt m\u00f6chten Sie wissen, was mit dem Resturlaub passiert. Oder Sie fragen sich, wie viele Urlaubstage Ihnen zustehen? ]]>\t\t<\/p>\n","protected":false},"author":58,"featured_media":7997,"comment_status":"closed","ping_status":"closed","sticky":false,"template":"","format":"standard","meta":{"footnotes":""},"categories":[118],"tags":[979,1486,2506,3094,3160,6982,7591,8629,9091],"class_list":{"0":"post-7994","1":"post","2":"type-post","3":"status-publish","4":"format-standard","5":"has-post-thumbnail","7":"category-im-fokus","8":"tag-auszeit","9":"tag-bildungsurlaub","10":"tag-erholung","11":"tag-fortbildung","12":"tag-freizeit","13":"tag-resturlaub","14":"tag-sonderurlaub","15":"tag-urlaub","16":"tag-weiterbildung"},"yoast_head":"<!-- This site is optimized with the Yoast SEO plugin v23.5 - https:\/\/yoast.com\/wordpress\/plugins\/seo\/ -->\n<title>Erholungsurlaub, Bildungsurlaub, Sonderurlaub \u2013 das sollten Sie wissen - Das Euro Akademie Magazin<\/title>\n<meta name=\"robots\" content=\"index, follow, max-snippet:-1, max-image-preview:large, max-video-preview:-1\" \/>\n<link rel=\"canonical\" href=\"https:\/\/www.euroakademie.de\/magazin\/erholungsurlaub-bildungsurlaub-sonderurlaub-das-sollten-sie-wissen\/\" \/>\n<meta property=\"og:locale\" content=\"de_DE\" \/>\n<meta property=\"og:type\" content=\"article\" \/>\n<meta property=\"og:title\" content=\"Erholungsurlaub, Bildungsurlaub, Sonderurlaub \u2013 das sollten Sie wissen - Das Euro Akademie Magazin\" \/>\n<meta property=\"og:url\" content=\"https:\/\/www.euroakademie.de\/magazin\/erholungsurlaub-bildungsurlaub-sonderurlaub-das-sollten-sie-wissen\/\" \/>\n<meta property=\"og:site_name\" content=\"Das Euro Akademie Magazin\" \/>\n<meta property=\"article:published_time\" content=\"2018-11-27T07:40:08+00:00\" \/>\n<meta property=\"article:modified_time\" content=\"2025-02-19T10:37:16+00:00\" \/>\n<meta property=\"og:image\" content=\"https:\/\/www.euroakademie.de\/magazin\/wp-content\/uploads\/2018\/11\/shutterstock_242899231_702x336_web.jpg\" \/>\n\t<meta property=\"og:image:width\" content=\"702\" \/>\n\t<meta property=\"og:image:height\" content=\"336\" \/>\n\t<meta property=\"og:image:type\" content=\"image\/jpeg\" \/>\n<meta name=\"author\" content=\"Tanja H\u00f6fling\" \/>\n<meta name=\"twitter:card\" content=\"summary_large_image\" \/>\n<meta name=\"twitter:label1\" content=\"Verfasst von\" \/>\n\t<meta name=\"twitter:data1\" content=\"Tanja H\u00f6fling\" \/>\n\t<meta name=\"twitter:label2\" content=\"Gesch\u00e4tzte Lesezeit\" \/>\n\t<meta name=\"twitter:data2\" content=\"5\u00a0Minuten\" \/>\n<script type=\"application\/ld+json\" class=\"yoast-schema-graph\">{\"@context\":\"https:\/\/schema.org\",\"@graph\":[{\"@type\":\"Article\",\"@id\":\"https:\/\/www.euroakademie.de\/magazin\/erholungsurlaub-bildungsurlaub-sonderurlaub-das-sollten-sie-wissen\/#article\",\"isPartOf\":{\"@id\":\"https:\/\/www.euroakademie.de\/magazin\/erholungsurlaub-bildungsurlaub-sonderurlaub-das-sollten-sie-wissen\/\"},\"author\":{\"name\":\"Tanja H\u00f6fling\",\"@id\":\"https:\/\/www.euroakademie.de\/magazin\/#\/schema\/person\/2c0d3896d19e86373c87f4ac022d4919\"},\"headline\":\"Erholungsurlaub, Bildungsurlaub, Sonderurlaub \u2013 das sollten Sie wissen\",\"datePublished\":\"2018-11-27T07:40:08+00:00\",\"dateModified\":\"2025-02-19T10:37:16+00:00\",\"mainEntityOfPage\":{\"@id\":\"https:\/\/www.euroakademie.de\/magazin\/erholungsurlaub-bildungsurlaub-sonderurlaub-das-sollten-sie-wissen\/\"},\"wordCount\":754,\"publisher\":{\"@id\":\"https:\/\/www.euroakademie.de\/magazin\/#organization\"},\"image\":{\"@id\":\"https:\/\/www.euroakademie.de\/magazin\/erholungsurlaub-bildungsurlaub-sonderurlaub-das-sollten-sie-wissen\/#primaryimage\"},\"thumbnailUrl\":\"https:\/\/www.euroakademie.de\/magazin\/wp-content\/uploads\/2018\/11\/shutterstock_242899231_702x336_web.jpg\",\"keywords\":[\"Auszeit\",\"Bildungsurlaub\",\"Erholung\",\"Fortbildung\",\"Freizeit\",\"Resturlaub\",\"Sonderurlaub\",\"Urlaub\",\"Weiterbildung\"],\"articleSection\":[\"Im Fokus\"],\"inLanguage\":\"de\"},{\"@type\":\"WebPage\",\"@id\":\"https:\/\/www.euroakademie.de\/magazin\/erholungsurlaub-bildungsurlaub-sonderurlaub-das-sollten-sie-wissen\/\",\"url\":\"https:\/\/www.euroakademie.de\/magazin\/erholungsurlaub-bildungsurlaub-sonderurlaub-das-sollten-sie-wissen\/\",\"name\":\"Erholungsurlaub, Bildungsurlaub, Sonderurlaub \u2013 das sollten Sie wissen - Das Euro Akademie Magazin\",\"isPartOf\":{\"@id\":\"https:\/\/www.euroakademie.de\/magazin\/#website\"},\"primaryImageOfPage\":{\"@id\":\"https:\/\/www.euroakademie.de\/magazin\/erholungsurlaub-bildungsurlaub-sonderurlaub-das-sollten-sie-wissen\/#primaryimage\"},\"image\":{\"@id\":\"https:\/\/www.euroakademie.de\/magazin\/erholungsurlaub-bildungsurlaub-sonderurlaub-das-sollten-sie-wissen\/#primaryimage\"},\"thumbnailUrl\":\"https:\/\/www.euroakademie.de\/magazin\/wp-content\/uploads\/2018\/11\/shutterstock_242899231_702x336_web.jpg\",\"datePublished\":\"2018-11-27T07:40:08+00:00\",\"dateModified\":\"2025-02-19T10:37:16+00:00\",\"breadcrumb\":{\"@id\":\"https:\/\/www.euroakademie.de\/magazin\/erholungsurlaub-bildungsurlaub-sonderurlaub-das-sollten-sie-wissen\/#breadcrumb\"},\"inLanguage\":\"de\",\"potentialAction\":[{\"@type\":\"ReadAction\",\"target\":[\"https:\/\/www.euroakademie.de\/magazin\/erholungsurlaub-bildungsurlaub-sonderurlaub-das-sollten-sie-wissen\/\"]}]},{\"@type\":\"ImageObject\",\"inLanguage\":\"de\",\"@id\":\"https:\/\/www.euroakademie.de\/magazin\/erholungsurlaub-bildungsurlaub-sonderurlaub-das-sollten-sie-wissen\/#primaryimage\",\"url\":\"https:\/\/www.euroakademie.de\/magazin\/wp-content\/uploads\/2018\/11\/shutterstock_242899231_702x336_web.jpg\",\"contentUrl\":\"https:\/\/www.euroakademie.de\/magazin\/wp-content\/uploads\/2018\/11\/shutterstock_242899231_702x336_web.jpg\",\"width\":702,\"height\":336,\"caption\":\"\"},{\"@type\":\"BreadcrumbList\",\"@id\":\"https:\/\/www.euroakademie.de\/magazin\/erholungsurlaub-bildungsurlaub-sonderurlaub-das-sollten-sie-wissen\/#breadcrumb\",\"itemListElement\":[{\"@type\":\"ListItem\",\"position\":1,\"name\":\"Startseite\",\"item\":\"https:\/\/www.euroakademie.de\/magazin\/\"},{\"@type\":\"ListItem\",\"position\":2,\"name\":\"Erholungsurlaub, Bildungsurlaub, Sonderurlaub \u2013 das sollten Sie wissen\"}]},{\"@type\":\"WebSite\",\"@id\":\"https:\/\/www.euroakademie.de\/magazin\/#website\",\"url\":\"https:\/\/www.euroakademie.de\/magazin\/\",\"name\":\"Das Euro Akademie Magazin\",\"description\":\"Gut informiert durch Ausbildung und Studium\",\"publisher\":{\"@id\":\"https:\/\/www.euroakademie.de\/magazin\/#organization\"},\"potentialAction\":[{\"@type\":\"SearchAction\",\"target\":{\"@type\":\"EntryPoint\",\"urlTemplate\":\"https:\/\/www.euroakademie.de\/magazin\/?s={search_term_string}\"},\"query-input\":{\"@type\":\"PropertyValueSpecification\",\"valueRequired\":true,\"valueName\":\"search_term_string\"}}],\"inLanguage\":\"de\"},{\"@type\":\"Organization\",\"@id\":\"https:\/\/www.euroakademie.de\/magazin\/#organization\",\"name\":\"ESO Education Group\",\"url\":\"https:\/\/www.euroakademie.de\/magazin\/\",\"logo\":{\"@type\":\"ImageObject\",\"inLanguage\":\"de\",\"@id\":\"https:\/\/www.euroakademie.de\/magazin\/#\/schema\/logo\/image\/\",\"url\":\"https:\/\/relaunch.euroakademie.de\/magazin\/wp-content\/uploads\/2024\/11\/Logo_EA_negativ_Rahmen_5cm_300dpi_RGB.jpg\",\"contentUrl\":\"https:\/\/relaunch.euroakademie.de\/magazin\/wp-content\/uploads\/2024\/11\/Logo_EA_negativ_Rahmen_5cm_300dpi_RGB.jpg\",\"width\":591,\"height\":236,\"caption\":\"ESO Education Group\"},\"image\":{\"@id\":\"https:\/\/www.euroakademie.de\/magazin\/#\/schema\/logo\/image\/\"}},{\"@type\":\"Person\",\"@id\":\"https:\/\/www.euroakademie.de\/magazin\/#\/schema\/person\/2c0d3896d19e86373c87f4ac022d4919\",\"name\":\"Tanja H\u00f6fling\",\"description\":\"Von Juli 2017 bis Juli 2022 informierte die ehemalige Online-Redakteurin des Euro Akademie Magazins regelm\u00e4\u00dfig \u00fcber Aktuelles und Wissenswertes zu den Themen Ausbildung, Studium und Beruf.\",\"url\":\"https:\/\/www.euroakademie.de\/magazin\/author\/hoeflingt\/\"}]}<\/script>\n<!-- \/ Yoast SEO plugin. -->","yoast_head_json":{"title":"Erholungsurlaub, Bildungsurlaub, Sonderurlaub \u2013 das sollten Sie wissen - Das Euro Akademie Magazin","robots":{"index":"index","follow":"follow","max-snippet":"max-snippet:-1","max-image-preview":"max-image-preview:large","max-video-preview":"max-video-preview:-1"},"canonical":"https:\/\/www.euroakademie.de\/magazin\/erholungsurlaub-bildungsurlaub-sonderurlaub-das-sollten-sie-wissen\/","og_locale":"de_DE","og_type":"article","og_title":"Erholungsurlaub, Bildungsurlaub, Sonderurlaub \u2013 das sollten Sie wissen - Das Euro Akademie Magazin","og_url":"https:\/\/www.euroakademie.de\/magazin\/erholungsurlaub-bildungsurlaub-sonderurlaub-das-sollten-sie-wissen\/","og_site_name":"Das Euro Akademie Magazin","article_published_time":"2018-11-27T07:40:08+00:00","article_modified_time":"2025-02-19T10:37:16+00:00","og_image":[{"width":702,"height":336,"url":"https:\/\/www.euroakademie.de\/magazin\/wp-content\/uploads\/2018\/11\/shutterstock_242899231_702x336_web.jpg","type":"image\/jpeg"}],"author":"Tanja H\u00f6fling","twitter_card":"summary_large_image","twitter_misc":{"Verfasst von":"Tanja H\u00f6fling","Gesch\u00e4tzte Lesezeit":"5\u00a0Minuten"},"schema":{"@context":"https:\/\/schema.org","@graph":[{"@type":"Article","@id":"https:\/\/www.euroakademie.de\/magazin\/erholungsurlaub-bildungsurlaub-sonderurlaub-das-sollten-sie-wissen\/#article","isPartOf":{"@id":"https:\/\/www.euroakademie.de\/magazin\/erholungsurlaub-bildungsurlaub-sonderurlaub-das-sollten-sie-wissen\/"},"author":{"name":"Tanja H\u00f6fling","@id":"https:\/\/www.euroakademie.de\/magazin\/#\/schema\/person\/2c0d3896d19e86373c87f4ac022d4919"},"headline":"Erholungsurlaub, Bildungsurlaub, Sonderurlaub \u2013 das sollten Sie wissen","datePublished":"2018-11-27T07:40:08+00:00","dateModified":"2025-02-19T10:37:16+00:00","mainEntityOfPage":{"@id":"https:\/\/www.euroakademie.de\/magazin\/erholungsurlaub-bildungsurlaub-sonderurlaub-das-sollten-sie-wissen\/"},"wordCount":754,"publisher":{"@id":"https:\/\/www.euroakademie.de\/magazin\/#organization"},"image":{"@id":"https:\/\/www.euroakademie.de\/magazin\/erholungsurlaub-bildungsurlaub-sonderurlaub-das-sollten-sie-wissen\/#primaryimage"},"thumbnailUrl":"https:\/\/www.euroakademie.de\/magazin\/wp-content\/uploads\/2018\/11\/shutterstock_242899231_702x336_web.jpg","keywords":["Auszeit","Bildungsurlaub","Erholung","Fortbildung","Freizeit","Resturlaub","Sonderurlaub","Urlaub","Weiterbildung"],"articleSection":["Im Fokus"],"inLanguage":"de"},{"@type":"WebPage","@id":"https:\/\/www.euroakademie.de\/magazin\/erholungsurlaub-bildungsurlaub-sonderurlaub-das-sollten-sie-wissen\/","url":"https:\/\/www.euroakademie.de\/magazin\/erholungsurlaub-bildungsurlaub-sonderurlaub-das-sollten-sie-wissen\/","name":"Erholungsurlaub, Bildungsurlaub, Sonderurlaub \u2013 das sollten Sie wissen - Das Euro Akademie Magazin","isPartOf":{"@id":"https:\/\/www.euroakademie.de\/magazin\/#website"},"primaryImageOfPage":{"@id":"https:\/\/www.euroakademie.de\/magazin\/erholungsurlaub-bildungsurlaub-sonderurlaub-das-sollten-sie-wissen\/#primaryimage"},"image":{"@id":"https:\/\/www.euroakademie.de\/magazin\/erholungsurlaub-bildungsurlaub-sonderurlaub-das-sollten-sie-wissen\/#primaryimage"},"thumbnailUrl":"https:\/\/www.euroakademie.de\/magazin\/wp-content\/uploads\/2018\/11\/shutterstock_242899231_702x336_web.jpg","datePublished":"2018-11-27T07:40:08+00:00","dateModified":"2025-02-19T10:37:16+00:00","breadcrumb":{"@id":"https:\/\/www.euroakademie.de\/magazin\/erholungsurlaub-bildungsurlaub-sonderurlaub-das-sollten-sie-wissen\/#breadcrumb"},"inLanguage":"de","potentialAction":[{"@type":"ReadAction","target":["https:\/\/www.euroakademie.de\/magazin\/erholungsurlaub-bildungsurlaub-sonderurlaub-das-sollten-sie-wissen\/"]}]},{"@type":"ImageObject","inLanguage":"de","@id":"https:\/\/www.euroakademie.de\/magazin\/erholungsurlaub-bildungsurlaub-sonderurlaub-das-sollten-sie-wissen\/#primaryimage","url":"https:\/\/www.euroakademie.de\/magazin\/wp-content\/uploads\/2018\/11\/shutterstock_242899231_702x336_web.jpg","contentUrl":"https:\/\/www.euroakademie.de\/magazin\/wp-content\/uploads\/2018\/11\/shutterstock_242899231_702x336_web.jpg","width":702,"height":336,"caption":""},{"@type":"BreadcrumbList","@id":"https:\/\/www.euroakademie.de\/magazin\/erholungsurlaub-bildungsurlaub-sonderurlaub-das-sollten-sie-wissen\/#breadcrumb","itemListElement":[{"@type":"ListItem","position":1,"name":"Startseite","item":"https:\/\/www.euroakademie.de\/magazin\/"},{"@type":"ListItem","position":2,"name":"Erholungsurlaub, Bildungsurlaub, Sonderurlaub \u2013 das sollten Sie wissen"}]},{"@type":"WebSite","@id":"https:\/\/www.euroakademie.de\/magazin\/#website","url":"https:\/\/www.euroakademie.de\/magazin\/","name":"Das Euro Akademie Magazin","description":"Gut informiert durch Ausbildung und Studium","publisher":{"@id":"https:\/\/www.euroakademie.de\/magazin\/#organization"},"potentialAction":[{"@type":"SearchAction","target":{"@type":"EntryPoint","urlTemplate":"https:\/\/www.euroakademie.de\/magazin\/?s={search_term_string}"},"query-input":{"@type":"PropertyValueSpecification","valueRequired":true,"valueName":"search_term_string"}}],"inLanguage":"de"},{"@type":"Organization","@id":"https:\/\/www.euroakademie.de\/magazin\/#organization","name":"ESO Education Group","url":"https:\/\/www.euroakademie.de\/magazin\/","logo":{"@type":"ImageObject","inLanguage":"de","@id":"https:\/\/www.euroakademie.de\/magazin\/#\/schema\/logo\/image\/","url":"https:\/\/relaunch.euroakademie.de\/magazin\/wp-content\/uploads\/2024\/11\/Logo_EA_negativ_Rahmen_5cm_300dpi_RGB.jpg","contentUrl":"https:\/\/relaunch.euroakademie.de\/magazin\/wp-content\/uploads\/2024\/11\/Logo_EA_negativ_Rahmen_5cm_300dpi_RGB.jpg","width":591,"height":236,"caption":"ESO Education Group"},"image":{"@id":"https:\/\/www.euroakademie.de\/magazin\/#\/schema\/logo\/image\/"}},{"@type":"Person","@id":"https:\/\/www.euroakademie.de\/magazin\/#\/schema\/person\/2c0d3896d19e86373c87f4ac022d4919","name":"Tanja H\u00f6fling","description":"Von Juli 2017 bis Juli 2022 informierte die ehemalige Online-Redakteurin des Euro Akademie Magazins regelm\u00e4\u00dfig \u00fcber Aktuelles und Wissenswertes zu den Themen Ausbildung, Studium und Beruf.","url":"https:\/\/www.euroakademie.de\/magazin\/author\/hoeflingt\/"}]}},"_links":{"self":[{"href":"https:\/\/www.euroakademie.de\/magazin\/wp-json\/wp\/v2\/posts\/7994","targetHints":{"allow":["GET"]}}],"collection":[{"href":"https:\/\/www.euroakademie.de\/magazin\/wp-json\/wp\/v2\/posts"}],"about":[{"href":"https:\/\/www.euroakademie.de\/magazin\/wp-json\/wp\/v2\/types\/post"}],"author":[{"embeddable":true,"href":"https:\/\/www.euroakademie.de\/magazin\/wp-json\/wp\/v2\/users\/58"}],"replies":[{"embeddable":true,"href":"https:\/\/www.euroakademie.de\/magazin\/wp-json\/wp\/v2\/comments?post=7994"}],"version-history":[{"count":2,"href":"https:\/\/www.euroakademie.de\/magazin\/wp-json\/wp\/v2\/posts\/7994\/revisions"}],"predecessor-version":[{"id":27595,"href":"https:\/\/www.euroakademie.de\/magazin\/wp-json\/wp\/v2\/posts\/7994\/revisions\/27595"}],"wp:featuredmedia":[{"embeddable":true,"href":"https:\/\/www.euroakademie.de\/magazin\/wp-json\/wp\/v2\/media\/7997"}],"wp:attachment":[{"href":"https:\/\/www.euroakademie.de\/magazin\/wp-json\/wp\/v2\/media?parent=7994"}],"wp:term":[{"taxonomy":"category","embeddable":true,"href":"https:\/\/www.euroakademie.de\/magazin\/wp-json\/wp\/v2\/categories?post=7994"},{"taxonomy":"post_tag","embeddable":true,"href":"https:\/\/www.euroakademie.de\/magazin\/wp-json\/wp\/v2\/tags?post=7994"}],"curies":[{"name":"wp","href":"https:\/\/api.w.org\/{rel}","templated":true}]}}