{"id":8030,"date":"2018-12-06T08:18:47","date_gmt":"2018-12-06T07:18:47","guid":{"rendered":"https:\/\/www.euroakademie.de\/magazin\/?p=8030"},"modified":"2025-01-15T10:43:56","modified_gmt":"2025-01-15T09:43:56","slug":"auf-den-spuren-grundtvigs-studienreise-nach-daenemark","status":"publish","type":"post","link":"https:\/\/www.euroakademie.de\/magazin\/auf-den-spuren-grundtvigs-studienreise-nach-daenemark\/","title":{"rendered":"Auf den Spuren Grundtvigs \u2013 Studienreise nach D\u00e4nemark"},"content":{"rendered":"<div class=\"wp-block-image\">\n<figure class=\"alignleft\"><a href=\"https:\/\/relaunch.euroakademie.de\/magazin\/wp-content\/uploads\/2018\/12\/Conference-of-Belonging_web.jpg\"><img fetchpriority=\"high\" decoding=\"async\" width=\"500\" height=\"335\" src=\"https:\/\/relaunch.euroakademie.de\/magazin\/wp-content\/uploads\/2018\/12\/Conference-of-Belonging_web.jpg\" alt=\"\" class=\"wp-image-8037\" srcset=\"https:\/\/www.euroakademie.de\/magazin\/wp-content\/uploads\/2018\/12\/Conference-of-Belonging_web.jpg 500w, https:\/\/www.euroakademie.de\/magazin\/wp-content\/uploads\/2018\/12\/Conference-of-Belonging_web-300x201.jpg 300w, https:\/\/www.euroakademie.de\/magazin\/wp-content\/uploads\/2018\/12\/Conference-of-Belonging_web-150x101.jpg 150w, https:\/\/www.euroakademie.de\/magazin\/wp-content\/uploads\/2018\/12\/Conference-of-Belonging_web-450x302.jpg 450w\" sizes=\"(max-width: 500px) 100vw, 500px\" \/><\/a><\/figure>\n<\/div>\n\n\n<p><!--[CDATA[<strong-->Vertreter der Fachgruppe \u201eInternationales\u201c des Verbandes Deutscher Privatschulverb\u00e4nde e.V. (VDP) unternahmen vom 10. bis 12. Oktober 2018 eine Studienreise in die malerische Stadt Svendborg auf F\u00fcnen in D\u00e4nemark und nahmen dort an der 2. Togetherness Konferenz 2018 teil. Mit dabei war Christoph Jaeger, stellvertretender Leiter der <a href=\"https:\/\/www.euroakademie.de\/de\/standorte\/hannover.html\" target=\"_blank\" rel=\"noopener noreferrer\">Euro Akademie Hannover<\/a>. Unterst\u00fctzt wurde die Reise vom EU-Programm Erasmus+.\n\nDiese internationale Konferenz stand unter dem Motto \u201eThe Power of Belonging\u201c und fand in der Freien Lehrerakademie in Vester Skernige nahe Svendborg statt.\n\nAm 11. Oktober 2018 trafen sich hier mehr als 150 Vertreterinnen und Vertreter von freien Bildungseinrichtungen aus D\u00e4nemark, Deutschland und weiteren europ\u00e4ischen Staaten sowie von \u00dcbersee und tauschten sich \u00fcber die Frage aus, wie <a href=\"https:\/\/www.euroakademie.de\/magazin\/revolution-der-schule\/\">Schule<\/a> Identit\u00e4t stiften und Sch\u00fclerinnen und Sch\u00fcler motivieren k\u00f6nne, sich als selbstbestimmter Teil einer Schulgemeinschaft zu begreifen.\n\n\n<\/p>\n\n\n\n<h2 class=\"wp-block-heading\">Austausch in Workshops und Besuch der Lehrerakademie<\/h2>\n\n\n\n<p>\n\n\nEr\u00f6ffnet wurde die Konferenz durch kurzweilige Vortr\u00e4ge von Professor Jan Masschelein (Universit\u00e4t L\u00f6wen) und Dr. Kelly Allen (Universit\u00e4t Melbourne). In sieben Workshops konnten die Konferenzteilnehmer anschlie\u00dfend ausgew\u00e4hlte Aspekte des Leitthemas mit internationalen Referentinnen und Referenten n\u00e4her betrachten und diskutieren.\n\n<\/p>\n\n\n<div class=\"wp-block-image\">\n<figure class=\"alignleft\"><a href=\"https:\/\/relaunch.euroakademie.de\/magazin\/wp-content\/uploads\/2018\/12\/Freie-Lehrerakademie_web.jpg\"><img decoding=\"async\" width=\"500\" height=\"375\" src=\"https:\/\/relaunch.euroakademie.de\/magazin\/wp-content\/uploads\/2018\/12\/Freie-Lehrerakademie_web.jpg\" alt=\"Lehrerakademie\" class=\"wp-image-8035\" srcset=\"https:\/\/www.euroakademie.de\/magazin\/wp-content\/uploads\/2018\/12\/Freie-Lehrerakademie_web.jpg 500w, https:\/\/www.euroakademie.de\/magazin\/wp-content\/uploads\/2018\/12\/Freie-Lehrerakademie_web-300x225.jpg 300w, https:\/\/www.euroakademie.de\/magazin\/wp-content\/uploads\/2018\/12\/Freie-Lehrerakademie_web-150x113.jpg 150w, https:\/\/www.euroakademie.de\/magazin\/wp-content\/uploads\/2018\/12\/Freie-Lehrerakademie_web-450x338.jpg 450w\" sizes=\"(max-width: 500px) 100vw, 500px\" \/><\/a><\/figure>\n<\/div>\n\n\n<p>Die Konferenz schloss mit einer gemeinsamen Reflexion aller Teilnehmerinnen und -teilnehmer im Plenum. Im Anschluss erhielt die Studiengruppe des VDP durch Studierende der Freien Lehrerakademie eine F\u00fchrung durch die R\u00e4umlichkeiten ihrer Einrichtung und erfuhr Wissenswertes \u00fcber Geschichte und Inhalte der Lehrerausbildung an der 1949 gegr\u00fcndeten Akademie. Bemerkenswert ist, dass die freien Schulen in D\u00e4nemark \u2013 anders als vergleichbare Schulen in Deutschland \u2013 die Ausbildung ihrer Lehrkr\u00e4fte in eigenen Akademien, losgel\u00f6st von staatlichem Einfluss, also in v\u00f6lliger Eigenregie durchf\u00fchren.\n\n\n<\/p>\n\n\n\n<h2 class=\"wp-block-heading\">T\u00e4gliche Bildungsarbeit freier Schulen in D\u00e4nemark<\/h2>\n\n\n\n<p>\n\n\nNeben der Lehrerakademie in Vester Skernige besuchte die Studiengruppe des VDP am 12. Oktober 2018 zwei Schulen in der n\u00e4heren Umgebung Svendborgs \u2013 die Vester Skernige Friskole und die Ollerup Efterskole \u2013 und machte sich vor Ort mit der Lern- und Lehrsituation und der t\u00e4glichen Bildungsarbeit freier Schulen in D\u00e4nemark vertraut.\n\nDie Vester Skernige Friskole entspricht einer deutschen Gesamtschule, in der die Sch\u00fclerinnen und Sch\u00fcler von der ersten bis zur zehnten Klasse gemeinsam beschult werden, bevor sie entweder in eine Berufsschule oder ins Gymnasium wechseln. Die Schule existiert seit 1865 und ist eine der \u00e4ltesten freien Schulen in D\u00e4nemark, die im Sinne des d\u00e4nischen Universalgelehrten Nikolai Frederik Severin Grundtvig durch Elterninitiative gegr\u00fcndet wurde und bis heute durch die Eltern ihrer Sch\u00fclerschaft kooperativ betrieben wird.\n\nDie Ollerup Efterskole mit ihren Schwerpunkten Gesang und Musik ist nach deutschem Verst\u00e4ndnis eine einj\u00e4hrige \u00dcbergangs- oder Orientierungsschule f\u00fcr Sch\u00fclerinnen und Sch\u00fcler ab 14 Jahren, die sich ihrer musischen bzw. gesanglichen Begabung bewusst werden und diese mit Blick auf ihren sp\u00e4teren Bildungsweg weiterentwickeln wollen. Die Schule wird als Internatsschule betrieben und sieht es als ihre Aufgabe, nicht nur Schulunterricht zu gestalten, sondern sich f\u00fcr die gesamte Entwicklung des einzelnen Sch\u00fclers im Sinne ihrer Schwerpunkte einzusetzen.\n\n\n<\/p>\n\n\n\n<h2 class=\"wp-block-heading\">Starke Gemeinschaft und hohe Identifikation<\/h2>\n\n\n\n<p>Beiden Schulen gemeinsam sind eine ausgepr\u00e4gte Schulgemeinschaft und eine hohe Identifikation aller Beteiligten mit ihrer Schule, die sich zum einen im Schuljahresverlauf in zahlreichen inner- und au\u00dferschulischen Aktivit\u00e4ten zum anderen in einem generell \u00e4u\u00dferst entspannten Sch\u00fcler-Lehrer-Verh\u00e4ltnis manifestiert. \u201eEs war sehr aufschlussreich, einmal \u00fcber den Tellerrand des deutschen Bildungssystems hinauszuschauen, \u00fcber das freie Schulwesen aus anderer Perspektive nachzudenken und neue Ans\u00e4tze aufgezeigt bekommen zu haben, die auch f\u00fcr die freien Schulen in Deutschland interessant sein k\u00f6nnen\u201c, so Christoph Jaeger am Ende der gelungenen Studienreise. <\/p>\n\n\n\n<p><em>Fotos und Text: Christoph Jaeger<\/em><\/p>\n\n\n\n<div class=\"wp-block-buttons is-layout-flex wp-block-buttons-is-layout-flex\">\n<div class=\"wp-block-button has-custom-font-size has-regular-font-size\"><a class=\"wp-block-button__link has-background wp-element-button\" href=\"https:\/\/www.euroakademie.de\/bildungsangebote\/paedagogik-soziales\" style=\"background-color:#f39200;padding-top:var(--wp--preset--spacing--20);padding-right:var(--wp--preset--spacing--20);padding-bottom:var(--wp--preset--spacing--20);padding-left:var(--wp--preset--spacing--20)\">Interessierst du dich f\u00fcr Themen rund um Schule und Bildungsarbeit? Dann starte eine Ausbildung im Fachbereich P\u00e4dagogik &amp; Soziales an der Euro Akademie!<\/a><\/div>\n<\/div>\n","protected":false},"excerpt":{"rendered":"<p>\t\t\t\t<![CDATA[Vertreter der Fachgruppe \u201eInternationales\u201c des Verbandes Deutscher Privatschulverb\u00e4nde e.V. (VDP) unternahmen eine Studienreise nach Svendborg in D\u00e4nemark. Dort nahmen sie an der 2. Togetherness Konferenz 2018 teil. ]]>\t\t<\/p>\n","protected":false},"author":16,"featured_media":8034,"comment_status":"closed","ping_status":"closed","sticky":false,"template":"","format":"standard","meta":{"footnotes":""},"categories":[82,112],"tags":[1483,1921,4744,5116,7309,7993,8335],"class_list":{"0":"post-8030","1":"post","2":"type-post","3":"status-publish","4":"format-standard","5":"has-post-thumbnail","7":"category-branchennews","8":"category-hannover","9":"tag-bildungssystem","10":"tag-daenemark","11":"tag-kongress","12":"tag-lehrerausbildung","13":"tag-schulsystem","14":"tag-studienreise","15":"tag-togetherness"},"yoast_head":"<!-- This site is optimized with the Yoast SEO plugin v23.5 - https:\/\/yoast.com\/wordpress\/plugins\/seo\/ -->\n<title>Auf den Spuren Grundtvigs - eine Studienreise \/ Euro Akademie Magazin<\/title>\n<meta name=\"description\" content=\"Vertreter des Verbandes Deutscher Privatschulverb\u00e4nde e.V. unternahmen eine Studienreise nach D\u00e4nemark, um dort an der Togetherness Konferenz teilzunehmen.\" \/>\n<meta name=\"robots\" content=\"index, follow, max-snippet:-1, max-image-preview:large, max-video-preview:-1\" \/>\n<link rel=\"canonical\" href=\"https:\/\/www.euroakademie.de\/magazin\/auf-den-spuren-grundtvigs-studienreise-nach-daenemark\/\" \/>\n<meta property=\"og:locale\" content=\"de_DE\" \/>\n<meta property=\"og:type\" content=\"article\" \/>\n<meta property=\"og:title\" content=\"Auf den Spuren Grundtvigs - eine Studienreise \/ Euro Akademie Magazin\" \/>\n<meta property=\"og:description\" content=\"Vertreter des Verbandes Deutscher Privatschulverb\u00e4nde e.V. unternahmen eine Studienreise nach D\u00e4nemark, um dort an der Togetherness Konferenz teilzunehmen.\" \/>\n<meta property=\"og:url\" content=\"https:\/\/www.euroakademie.de\/magazin\/auf-den-spuren-grundtvigs-studienreise-nach-daenemark\/\" \/>\n<meta property=\"og:site_name\" content=\"Das Euro Akademie Magazin\" \/>\n<meta property=\"article:published_time\" content=\"2018-12-06T07:18:47+00:00\" \/>\n<meta property=\"article:modified_time\" content=\"2025-01-15T09:43:56+00:00\" \/>\n<meta property=\"og:image\" content=\"https:\/\/www.euroakademie.de\/magazin\/wp-content\/uploads\/2018\/12\/Ollerup-Efterskole_702x336_web.jpg\" \/>\n\t<meta property=\"og:image:width\" content=\"702\" \/>\n\t<meta property=\"og:image:height\" content=\"336\" \/>\n\t<meta property=\"og:image:type\" content=\"image\/jpeg\" \/>\n<meta name=\"author\" content=\"Gastautor\" \/>\n<meta name=\"twitter:card\" content=\"summary_large_image\" \/>\n<meta name=\"twitter:label1\" content=\"Verfasst von\" \/>\n\t<meta name=\"twitter:data1\" content=\"Gastautor\" \/>\n\t<meta name=\"twitter:label2\" content=\"Gesch\u00e4tzte Lesezeit\" \/>\n\t<meta name=\"twitter:data2\" content=\"4\u00a0Minuten\" \/>\n<script type=\"application\/ld+json\" class=\"yoast-schema-graph\">{\"@context\":\"https:\/\/schema.org\",\"@graph\":[{\"@type\":\"Article\",\"@id\":\"https:\/\/www.euroakademie.de\/magazin\/auf-den-spuren-grundtvigs-studienreise-nach-daenemark\/#article\",\"isPartOf\":{\"@id\":\"https:\/\/www.euroakademie.de\/magazin\/auf-den-spuren-grundtvigs-studienreise-nach-daenemark\/\"},\"author\":{\"name\":\"Gastautor\",\"@id\":\"https:\/\/www.euroakademie.de\/magazin\/#\/schema\/person\/29e379ae109b856cf2109112ce9db2f0\"},\"headline\":\"Auf den Spuren Grundtvigs \u2013 Studienreise nach D\u00e4nemark\",\"datePublished\":\"2018-12-06T07:18:47+00:00\",\"dateModified\":\"2025-01-15T09:43:56+00:00\",\"mainEntityOfPage\":{\"@id\":\"https:\/\/www.euroakademie.de\/magazin\/auf-den-spuren-grundtvigs-studienreise-nach-daenemark\/\"},\"wordCount\":623,\"publisher\":{\"@id\":\"https:\/\/www.euroakademie.de\/magazin\/#organization\"},\"image\":{\"@id\":\"https:\/\/www.euroakademie.de\/magazin\/auf-den-spuren-grundtvigs-studienreise-nach-daenemark\/#primaryimage\"},\"thumbnailUrl\":\"https:\/\/www.euroakademie.de\/magazin\/wp-content\/uploads\/2018\/12\/Ollerup-Efterskole_702x336_web.jpg\",\"keywords\":[\"Bildungssystem\",\"D\u00e4nemark\",\"Kongress\",\"Lehrerausbildung\",\"Schulsystem\",\"Studienreise\",\"Togetherness\"],\"articleSection\":[\"Branchennews\",\"Hannover\"],\"inLanguage\":\"de\"},{\"@type\":\"WebPage\",\"@id\":\"https:\/\/www.euroakademie.de\/magazin\/auf-den-spuren-grundtvigs-studienreise-nach-daenemark\/\",\"url\":\"https:\/\/www.euroakademie.de\/magazin\/auf-den-spuren-grundtvigs-studienreise-nach-daenemark\/\",\"name\":\"Auf den Spuren Grundtvigs - eine Studienreise \/ Euro Akademie Magazin\",\"isPartOf\":{\"@id\":\"https:\/\/www.euroakademie.de\/magazin\/#website\"},\"primaryImageOfPage\":{\"@id\":\"https:\/\/www.euroakademie.de\/magazin\/auf-den-spuren-grundtvigs-studienreise-nach-daenemark\/#primaryimage\"},\"image\":{\"@id\":\"https:\/\/www.euroakademie.de\/magazin\/auf-den-spuren-grundtvigs-studienreise-nach-daenemark\/#primaryimage\"},\"thumbnailUrl\":\"https:\/\/www.euroakademie.de\/magazin\/wp-content\/uploads\/2018\/12\/Ollerup-Efterskole_702x336_web.jpg\",\"datePublished\":\"2018-12-06T07:18:47+00:00\",\"dateModified\":\"2025-01-15T09:43:56+00:00\",\"description\":\"Vertreter des Verbandes Deutscher Privatschulverb\u00e4nde e.V. unternahmen eine Studienreise nach D\u00e4nemark, um dort an der Togetherness Konferenz teilzunehmen.\",\"breadcrumb\":{\"@id\":\"https:\/\/www.euroakademie.de\/magazin\/auf-den-spuren-grundtvigs-studienreise-nach-daenemark\/#breadcrumb\"},\"inLanguage\":\"de\",\"potentialAction\":[{\"@type\":\"ReadAction\",\"target\":[\"https:\/\/www.euroakademie.de\/magazin\/auf-den-spuren-grundtvigs-studienreise-nach-daenemark\/\"]}]},{\"@type\":\"ImageObject\",\"inLanguage\":\"de\",\"@id\":\"https:\/\/www.euroakademie.de\/magazin\/auf-den-spuren-grundtvigs-studienreise-nach-daenemark\/#primaryimage\",\"url\":\"https:\/\/www.euroakademie.de\/magazin\/wp-content\/uploads\/2018\/12\/Ollerup-Efterskole_702x336_web.jpg\",\"contentUrl\":\"https:\/\/www.euroakademie.de\/magazin\/wp-content\/uploads\/2018\/12\/Ollerup-Efterskole_702x336_web.jpg\",\"width\":702,\"height\":336,\"caption\":\"\"},{\"@type\":\"BreadcrumbList\",\"@id\":\"https:\/\/www.euroakademie.de\/magazin\/auf-den-spuren-grundtvigs-studienreise-nach-daenemark\/#breadcrumb\",\"itemListElement\":[{\"@type\":\"ListItem\",\"position\":1,\"name\":\"Startseite\",\"item\":\"https:\/\/www.euroakademie.de\/magazin\/\"},{\"@type\":\"ListItem\",\"position\":2,\"name\":\"Auf den Spuren Grundtvigs \u2013 Studienreise nach D\u00e4nemark\"}]},{\"@type\":\"WebSite\",\"@id\":\"https:\/\/www.euroakademie.de\/magazin\/#website\",\"url\":\"https:\/\/www.euroakademie.de\/magazin\/\",\"name\":\"Das Euro Akademie Magazin\",\"description\":\"Gut informiert durch Ausbildung und Studium\",\"publisher\":{\"@id\":\"https:\/\/www.euroakademie.de\/magazin\/#organization\"},\"potentialAction\":[{\"@type\":\"SearchAction\",\"target\":{\"@type\":\"EntryPoint\",\"urlTemplate\":\"https:\/\/www.euroakademie.de\/magazin\/?s={search_term_string}\"},\"query-input\":{\"@type\":\"PropertyValueSpecification\",\"valueRequired\":true,\"valueName\":\"search_term_string\"}}],\"inLanguage\":\"de\"},{\"@type\":\"Organization\",\"@id\":\"https:\/\/www.euroakademie.de\/magazin\/#organization\",\"name\":\"ESO Education Group\",\"url\":\"https:\/\/www.euroakademie.de\/magazin\/\",\"logo\":{\"@type\":\"ImageObject\",\"inLanguage\":\"de\",\"@id\":\"https:\/\/www.euroakademie.de\/magazin\/#\/schema\/logo\/image\/\",\"url\":\"https:\/\/relaunch.euroakademie.de\/magazin\/wp-content\/uploads\/2024\/11\/Logo_EA_negativ_Rahmen_5cm_300dpi_RGB.jpg\",\"contentUrl\":\"https:\/\/relaunch.euroakademie.de\/magazin\/wp-content\/uploads\/2024\/11\/Logo_EA_negativ_Rahmen_5cm_300dpi_RGB.jpg\",\"width\":591,\"height\":236,\"caption\":\"ESO Education Group\"},\"image\":{\"@id\":\"https:\/\/www.euroakademie.de\/magazin\/#\/schema\/logo\/image\/\"}},{\"@type\":\"Person\",\"@id\":\"https:\/\/www.euroakademie.de\/magazin\/#\/schema\/person\/29e379ae109b856cf2109112ce9db2f0\",\"name\":\"Gastautor\",\"description\":\"P\u00e4dagoge, Bewerbungscoachin, Dozent oder \u00dcbersetzerin \u2013 hier schreibt ein Fachmann oder eine Fachfrau \u00fcber ein Spezialthema. Unsere Gastautor*innen bereichern uns regelm\u00e4\u00dfig mit Expertenwissen und Insider-Infos.\",\"url\":\"https:\/\/www.euroakademie.de\/magazin\/author\/gastautor\/\"}]}<\/script>\n<!-- \/ Yoast SEO plugin. -->","yoast_head_json":{"title":"Auf den Spuren Grundtvigs - eine Studienreise \/ Euro Akademie Magazin","description":"Vertreter des Verbandes Deutscher Privatschulverb\u00e4nde e.V. unternahmen eine Studienreise nach D\u00e4nemark, um dort an der Togetherness Konferenz teilzunehmen.","robots":{"index":"index","follow":"follow","max-snippet":"max-snippet:-1","max-image-preview":"max-image-preview:large","max-video-preview":"max-video-preview:-1"},"canonical":"https:\/\/www.euroakademie.de\/magazin\/auf-den-spuren-grundtvigs-studienreise-nach-daenemark\/","og_locale":"de_DE","og_type":"article","og_title":"Auf den Spuren Grundtvigs - eine Studienreise \/ Euro Akademie Magazin","og_description":"Vertreter des Verbandes Deutscher Privatschulverb\u00e4nde e.V. unternahmen eine Studienreise nach D\u00e4nemark, um dort an der Togetherness Konferenz teilzunehmen.","og_url":"https:\/\/www.euroakademie.de\/magazin\/auf-den-spuren-grundtvigs-studienreise-nach-daenemark\/","og_site_name":"Das Euro Akademie Magazin","article_published_time":"2018-12-06T07:18:47+00:00","article_modified_time":"2025-01-15T09:43:56+00:00","og_image":[{"width":702,"height":336,"url":"https:\/\/www.euroakademie.de\/magazin\/wp-content\/uploads\/2018\/12\/Ollerup-Efterskole_702x336_web.jpg","type":"image\/jpeg"}],"author":"Gastautor","twitter_card":"summary_large_image","twitter_misc":{"Verfasst von":"Gastautor","Gesch\u00e4tzte Lesezeit":"4\u00a0Minuten"},"schema":{"@context":"https:\/\/schema.org","@graph":[{"@type":"Article","@id":"https:\/\/www.euroakademie.de\/magazin\/auf-den-spuren-grundtvigs-studienreise-nach-daenemark\/#article","isPartOf":{"@id":"https:\/\/www.euroakademie.de\/magazin\/auf-den-spuren-grundtvigs-studienreise-nach-daenemark\/"},"author":{"name":"Gastautor","@id":"https:\/\/www.euroakademie.de\/magazin\/#\/schema\/person\/29e379ae109b856cf2109112ce9db2f0"},"headline":"Auf den Spuren Grundtvigs \u2013 Studienreise nach D\u00e4nemark","datePublished":"2018-12-06T07:18:47+00:00","dateModified":"2025-01-15T09:43:56+00:00","mainEntityOfPage":{"@id":"https:\/\/www.euroakademie.de\/magazin\/auf-den-spuren-grundtvigs-studienreise-nach-daenemark\/"},"wordCount":623,"publisher":{"@id":"https:\/\/www.euroakademie.de\/magazin\/#organization"},"image":{"@id":"https:\/\/www.euroakademie.de\/magazin\/auf-den-spuren-grundtvigs-studienreise-nach-daenemark\/#primaryimage"},"thumbnailUrl":"https:\/\/www.euroakademie.de\/magazin\/wp-content\/uploads\/2018\/12\/Ollerup-Efterskole_702x336_web.jpg","keywords":["Bildungssystem","D\u00e4nemark","Kongress","Lehrerausbildung","Schulsystem","Studienreise","Togetherness"],"articleSection":["Branchennews","Hannover"],"inLanguage":"de"},{"@type":"WebPage","@id":"https:\/\/www.euroakademie.de\/magazin\/auf-den-spuren-grundtvigs-studienreise-nach-daenemark\/","url":"https:\/\/www.euroakademie.de\/magazin\/auf-den-spuren-grundtvigs-studienreise-nach-daenemark\/","name":"Auf den Spuren Grundtvigs - eine Studienreise \/ Euro Akademie Magazin","isPartOf":{"@id":"https:\/\/www.euroakademie.de\/magazin\/#website"},"primaryImageOfPage":{"@id":"https:\/\/www.euroakademie.de\/magazin\/auf-den-spuren-grundtvigs-studienreise-nach-daenemark\/#primaryimage"},"image":{"@id":"https:\/\/www.euroakademie.de\/magazin\/auf-den-spuren-grundtvigs-studienreise-nach-daenemark\/#primaryimage"},"thumbnailUrl":"https:\/\/www.euroakademie.de\/magazin\/wp-content\/uploads\/2018\/12\/Ollerup-Efterskole_702x336_web.jpg","datePublished":"2018-12-06T07:18:47+00:00","dateModified":"2025-01-15T09:43:56+00:00","description":"Vertreter des Verbandes Deutscher Privatschulverb\u00e4nde e.V. unternahmen eine Studienreise nach D\u00e4nemark, um dort an der Togetherness Konferenz teilzunehmen.","breadcrumb":{"@id":"https:\/\/www.euroakademie.de\/magazin\/auf-den-spuren-grundtvigs-studienreise-nach-daenemark\/#breadcrumb"},"inLanguage":"de","potentialAction":[{"@type":"ReadAction","target":["https:\/\/www.euroakademie.de\/magazin\/auf-den-spuren-grundtvigs-studienreise-nach-daenemark\/"]}]},{"@type":"ImageObject","inLanguage":"de","@id":"https:\/\/www.euroakademie.de\/magazin\/auf-den-spuren-grundtvigs-studienreise-nach-daenemark\/#primaryimage","url":"https:\/\/www.euroakademie.de\/magazin\/wp-content\/uploads\/2018\/12\/Ollerup-Efterskole_702x336_web.jpg","contentUrl":"https:\/\/www.euroakademie.de\/magazin\/wp-content\/uploads\/2018\/12\/Ollerup-Efterskole_702x336_web.jpg","width":702,"height":336,"caption":""},{"@type":"BreadcrumbList","@id":"https:\/\/www.euroakademie.de\/magazin\/auf-den-spuren-grundtvigs-studienreise-nach-daenemark\/#breadcrumb","itemListElement":[{"@type":"ListItem","position":1,"name":"Startseite","item":"https:\/\/www.euroakademie.de\/magazin\/"},{"@type":"ListItem","position":2,"name":"Auf den Spuren Grundtvigs \u2013 Studienreise nach D\u00e4nemark"}]},{"@type":"WebSite","@id":"https:\/\/www.euroakademie.de\/magazin\/#website","url":"https:\/\/www.euroakademie.de\/magazin\/","name":"Das Euro Akademie Magazin","description":"Gut informiert durch Ausbildung und Studium","publisher":{"@id":"https:\/\/www.euroakademie.de\/magazin\/#organization"},"potentialAction":[{"@type":"SearchAction","target":{"@type":"EntryPoint","urlTemplate":"https:\/\/www.euroakademie.de\/magazin\/?s={search_term_string}"},"query-input":{"@type":"PropertyValueSpecification","valueRequired":true,"valueName":"search_term_string"}}],"inLanguage":"de"},{"@type":"Organization","@id":"https:\/\/www.euroakademie.de\/magazin\/#organization","name":"ESO Education Group","url":"https:\/\/www.euroakademie.de\/magazin\/","logo":{"@type":"ImageObject","inLanguage":"de","@id":"https:\/\/www.euroakademie.de\/magazin\/#\/schema\/logo\/image\/","url":"https:\/\/relaunch.euroakademie.de\/magazin\/wp-content\/uploads\/2024\/11\/Logo_EA_negativ_Rahmen_5cm_300dpi_RGB.jpg","contentUrl":"https:\/\/relaunch.euroakademie.de\/magazin\/wp-content\/uploads\/2024\/11\/Logo_EA_negativ_Rahmen_5cm_300dpi_RGB.jpg","width":591,"height":236,"caption":"ESO Education Group"},"image":{"@id":"https:\/\/www.euroakademie.de\/magazin\/#\/schema\/logo\/image\/"}},{"@type":"Person","@id":"https:\/\/www.euroakademie.de\/magazin\/#\/schema\/person\/29e379ae109b856cf2109112ce9db2f0","name":"Gastautor","description":"P\u00e4dagoge, Bewerbungscoachin, Dozent oder \u00dcbersetzerin \u2013 hier schreibt ein Fachmann oder eine Fachfrau \u00fcber ein Spezialthema. Unsere Gastautor*innen bereichern uns regelm\u00e4\u00dfig mit Expertenwissen und Insider-Infos.","url":"https:\/\/www.euroakademie.de\/magazin\/author\/gastautor\/"}]}},"_links":{"self":[{"href":"https:\/\/www.euroakademie.de\/magazin\/wp-json\/wp\/v2\/posts\/8030","targetHints":{"allow":["GET"]}}],"collection":[{"href":"https:\/\/www.euroakademie.de\/magazin\/wp-json\/wp\/v2\/posts"}],"about":[{"href":"https:\/\/www.euroakademie.de\/magazin\/wp-json\/wp\/v2\/types\/post"}],"author":[{"embeddable":true,"href":"https:\/\/www.euroakademie.de\/magazin\/wp-json\/wp\/v2\/users\/16"}],"replies":[{"embeddable":true,"href":"https:\/\/www.euroakademie.de\/magazin\/wp-json\/wp\/v2\/comments?post=8030"}],"version-history":[{"count":3,"href":"https:\/\/www.euroakademie.de\/magazin\/wp-json\/wp\/v2\/posts\/8030\/revisions"}],"predecessor-version":[{"id":27384,"href":"https:\/\/www.euroakademie.de\/magazin\/wp-json\/wp\/v2\/posts\/8030\/revisions\/27384"}],"wp:featuredmedia":[{"embeddable":true,"href":"https:\/\/www.euroakademie.de\/magazin\/wp-json\/wp\/v2\/media\/8034"}],"wp:attachment":[{"href":"https:\/\/www.euroakademie.de\/magazin\/wp-json\/wp\/v2\/media?parent=8030"}],"wp:term":[{"taxonomy":"category","embeddable":true,"href":"https:\/\/www.euroakademie.de\/magazin\/wp-json\/wp\/v2\/categories?post=8030"},{"taxonomy":"post_tag","embeddable":true,"href":"https:\/\/www.euroakademie.de\/magazin\/wp-json\/wp\/v2\/tags?post=8030"}],"curies":[{"name":"wp","href":"https:\/\/api.w.org\/{rel}","templated":true}]}}