{"id":8099,"date":"2019-01-10T11:32:31","date_gmt":"2019-01-10T10:32:31","guid":{"rendered":"https:\/\/www.euroakademie.de\/magazin\/?p=8099"},"modified":"2024-12-10T10:56:59","modified_gmt":"2024-12-10T09:56:59","slug":"so-schlagen-sie-dem-winterblues-ein-schnippchen","status":"publish","type":"post","link":"https:\/\/www.euroakademie.de\/magazin\/so-schlagen-sie-dem-winterblues-ein-schnippchen\/","title":{"rendered":"So schlagen Sie dem Winterblues ein Schnippchen!"},"content":{"rendered":"<p><![CDATA[\n<\/p>\n\n\n<p><strong>W\u00e4hrend wir im Sommer abends mit Freunden grillen und die Zeit bis zum Sonnenuntergang  vergessen, liegen wir im Winter sp\u00e4testens nach dem Abendessen reglos auf der Couch. Die dunkle Jahreszeit macht uns m\u00fcde und schlechtgelaunt. Was Sie dagegen tun k\u00f6nnen und wann Sie sich medizinische Hilfe suchen sollten, erfahren Sie bei uns.<\/strong><\/p>\n\n\n\n<p>Die letzte Frischluftkur ist schon Monate her und Ihr Garten hat Sie zum letzten Mal zu Halloween gesehen? Inzwischen ist Ihre Laune endg\u00fcltig im Keller und Sie w\u00fcnschen sich nichts sehnlicher, als einen Urlaub in der S\u00fcdsee? Wir haben f\u00fcr Sie einige geniale Tricks in petto, wie Sie auch zu Hause in sommerliche Stimmung kommen.<br><\/p>\n\n\n\n<h2 class=\"wp-block-heading\">G\u00f6nnen Sie sich auch mal schlechte Laune \u2013 aber nicht zu lange<br><\/h2>\n\n\n\n<p>Eines vorneweg: Mal schlechte Laune zu haben und sich im Winter mehr ins kuschelige Heim zur\u00fcckzuziehen, ist durchaus in Ordnung. Wir k\u00f6nnen nicht immer dauergrinsend durch die Gegend laufen und st\u00e4ndig aktiv sein. <br><\/p>\n\n\n\n<p>Bei einigen zeigen die Mundwinkel in der kalten Jahreszeit aber nicht nur an manchen Tagen auff\u00e4llig Richtung Boden, sondern \u00fcber mehrere Wochen hinweg. Wenn Sie sich l\u00e4nger als 14 Tage am St\u00fcck in einem Stimmungstief befinden, Sie traurig und antriebslos sind und sich \u00fcber nichts mehr freuen k\u00f6nnen, sollten Sie tats\u00e4chlich einen Arzt aufsuchen. <\/p>\n\n\n\n<h2 class=\"wp-block-heading\">Holen Sie sich die Sonne ins Zimmer \u2013 Lichttherapie hilft<br><\/h2>\n\n\n\n<p>Menschen brauchen das Licht wie die Luft zum Atmen. Die Dunkelheit im Winter hat nachweislich nicht nur einen schlechten Einfluss auf unsere Stimmung, auch das<a rel=\"noreferrer noopener\" aria-label=\" Immunsystem (\u00f6ffnet in neuem Tab)\" href=\"https:\/\/www.euroakademie.de\/magazin\/10-tipps-die-das-immunsystem-staerken\/\" target=\"_blank\"> Immunsystem<\/a> macht zu dieser Zeit schneller schlapp, was uns anf\u00e4lliger f\u00fcr Infektionen macht. Eine Lichttherapie mit einer sehr hellen Tageslichtlampe hilft in vielen F\u00e4llen sehr gut.<\/p>\n\n\n\n<p>Die Anwendungen bekommen Sie entweder bei Ihrem Arzt oder Sie kaufen sich eine solche Lichtquelle f\u00fcr zu Hause. Die schalten Sie dann zum Fr\u00fchst\u00fcck, beim Lesen oder am Schreibtisch t\u00e4glich f\u00fcr 30 bis 40 Minuten an. Inzwischen gibt es sogar spezielle Leuchtmittel mit Vollspektrumlicht. Diese k\u00f6nnen Sie ganz einfach in Ihre Lampe am Arbeitsplatz eindrehen. Der K\u00f6rper hat dann das Gef\u00fchl, echtes Sonnenlicht zu tanken.<br><\/p>\n\n\n\n<h2 class=\"wp-block-heading\">Nehmen Sie Ihren inneren Schweinehund einfach mit zum Sport<br><\/h2>\n\n\n\n<p>Manchmal gleicht der innere <a href=\"https:\/\/www.euroakademie.de\/magazin\/so-ueberlisten-sie-den-inneren-schweinehund\/\" target=\"_blank\" rel=\"noreferrer noopener\" aria-label=\"Schweinehund (\u00f6ffnet in neuem Tab)\">Schweinehund<\/a> einem sturen Esel. Unnachgiebig hindert er uns daran, unser Sportprogramm zu absolvieren oder einen ausgedehnten Spaziergang an der frischen Luft zu machen. Einziges Mittel dagegen: die Leine in der Hand behalten und mindestens genauso stur sein. Sie gehen mit ihm spazieren, nicht er mit Ihnen! <\/p>\n\n\n\n<p>Hundebesitzer  und junge Eltern sind hier \u00fcbrigens klar im Vorteil \u2013 der vierbeinige Freund muss raus, egal ob es regnet oder die Sonne scheint.<br><\/p>\n\n\n\n<h2 class=\"wp-block-heading\">Raus an die frische Luft: Vitaminspeicher auff\u00fcllen \u2013 Laune verbessern<br><\/h2>\n\n\n\n<p>T\u00e4glich eine Stunde Bewegung an der frischen Luft f\u00fcllt au\u00dferdem unsere Vitamin-D-Speicher auf. Unser K\u00f6rper stellt das wichtige Vitamin f\u00fcr Knochen und Muskeln n\u00e4mlich mit Hilfe von Sonnenlicht selbst her. <br><\/p>\n\n\n\n<p>Halten wir uns monatelang fast ausschlie\u00dflich in geschlossenen R\u00e4umen auf, k\u00f6nnen bei einem Mangel Muskelschw\u00e4che und Knochenschmerzen auftreten. Das hat zwar nicht direkt etwas mit der Stimmung zu tun \u2013 Schmerzen und Schw\u00e4chegef\u00fchl d\u00fcrften die Laune aber noch weiter in den Keller sinken lassen. <br><\/p>\n\n\n\n<p>Doch nicht nur der K\u00f6rper profitiert von einer ausgedehnten Runde um den Block. Bei einem Spaziergang in der Natur kann man herrlich abschalten und bekommt den Kopf frei.<br><\/p>\n\n\n\n<h2 class=\"wp-block-heading\">Ausdauersport, Yoga und Atem\u00fcbungen <br><\/h2>\n\n\n\n<p>Aber auch  eine Sportstunde drinnen ist gut f\u00fcr K\u00f6rper und Geist. Bewegung und Ausdauersport, der l\u00e4nger als eine halbe Stunde dauert, wirkt \u201edepressionsl\u00f6send\u201c, so Christine Reif-Leonhard, Ober\u00e4rztin in der Psychiatrie des Frankfurter Universit\u00e4tsklinikums in einem Interview f\u00fcr fr.de. Studien zufolge hilft auch Yoga gegen Verstimmungen und wird therapieerg\u00e4nzend sogar bei Depressionen eingesetzt. In Verbindung mit Atem\u00fcbungen hilft eine solche aktive Entspannungseinheit \u00fcbrigens besonders gut. <br><\/p>\n\n\n\n<p>Wir w\u00fcnschen Ihnen eine lichterf\u00fcllte und bewegungsreiche Winterzeit. Immer mit dem Wissen: Der Fr\u00fchling wird kommen!<\/p>\n\n\n\n<div class=\"wp-block-buttons is-layout-flex wp-block-buttons-is-layout-flex\">\n<div class=\"wp-block-button has-custom-font-size has-regular-font-size\"><a class=\"wp-block-button__link wp-element-button\" href=\"https:\/\/www.euroakademie.de\/\" style=\"padding-top:var(--wp--preset--spacing--20);padding-right:var(--wp--preset--spacing--20);padding-bottom:var(--wp--preset--spacing--20);padding-left:var(--wp--preset--spacing--20)\">Jetzt aktiv werden: Informiere dich \u00fcber die Bildungsangebote der Euro Akademie und starte Deine Karriere mit besten Zukunftsaussichten!<\/a><\/div>\n<\/div>\n\n\n\n<p style=\"font-size:1px\"><\/p>\n","protected":false},"excerpt":{"rendered":"<p>\t\t\t\t<![CDATA[Die dunkle Jahreszeit macht uns m\u00fcde und schlechtgelaunt. Was Sie dagegen tun k\u00f6nnen und wann Sie sich medizinische Hilfe suchen sollten, erfahren Sie bei uns.]]>\t\t<\/p>\n","protected":false},"author":58,"featured_media":8101,"comment_status":"closed","ping_status":"closed","sticky":false,"template":"","format":"standard","meta":{"footnotes":""},"categories":[172],"tags":[1324,1984,1990,5311,7174,7330,7702,9217,9361],"class_list":{"0":"post-8099","1":"post","2":"type-post","3":"status-publish","4":"format-standard","5":"has-post-thumbnail","7":"category-100-tipps-tricks","8":"tag-bewegung","9":"tag-deppressiv","10":"tag-depressionen","11":"tag-lichttherapie","12":"tag-schlechte-laune","13":"tag-schwindel","14":"tag-spaziergaenge","15":"tag-winterblues","16":"tag-yoga"},"yoast_head":"<!-- This site is optimized with the Yoast SEO plugin v23.5 - https:\/\/yoast.com\/wordpress\/plugins\/seo\/ -->\n<title>Schlagen Sie dem Winterblues ein Schnippchen! \/ Euro Akademie Magazin<\/title>\n<meta name=\"description\" content=\"Die dunkle Jahreszeit macht uns m\u00fcde und schlechtgelaunt. Was Sie gegen Winterblues tun k\u00f6nnen und wann Sie sich Hilfe suchen sollten, erfahren Sie bei uns.\" \/>\n<meta name=\"robots\" content=\"index, follow, max-snippet:-1, max-image-preview:large, max-video-preview:-1\" \/>\n<link rel=\"canonical\" href=\"https:\/\/www.euroakademie.de\/magazin\/so-schlagen-sie-dem-winterblues-ein-schnippchen\/\" \/>\n<meta property=\"og:locale\" content=\"de_DE\" \/>\n<meta property=\"og:type\" content=\"article\" \/>\n<meta property=\"og:title\" content=\"Schlagen Sie dem Winterblues ein Schnippchen! \/ Euro Akademie Magazin\" \/>\n<meta property=\"og:description\" content=\"Die dunkle Jahreszeit macht uns m\u00fcde und schlechtgelaunt. Was Sie gegen Winterblues tun k\u00f6nnen und wann Sie sich Hilfe suchen sollten, erfahren Sie bei uns.\" \/>\n<meta property=\"og:url\" content=\"https:\/\/www.euroakademie.de\/magazin\/so-schlagen-sie-dem-winterblues-ein-schnippchen\/\" \/>\n<meta property=\"og:site_name\" content=\"Das Euro Akademie Magazin\" \/>\n<meta property=\"article:published_time\" content=\"2019-01-10T10:32:31+00:00\" \/>\n<meta property=\"article:modified_time\" content=\"2024-12-10T09:56:59+00:00\" \/>\n<meta property=\"og:image\" content=\"https:\/\/www.euroakademie.de\/magazin\/wp-content\/uploads\/2019\/01\/shutterstock_328778603_702x336_web.jpg\" \/>\n\t<meta property=\"og:image:width\" content=\"702\" \/>\n\t<meta property=\"og:image:height\" content=\"336\" \/>\n\t<meta property=\"og:image:type\" content=\"image\/jpeg\" \/>\n<meta name=\"author\" content=\"Tanja H\u00f6fling\" \/>\n<meta name=\"twitter:card\" content=\"summary_large_image\" \/>\n<meta name=\"twitter:label1\" content=\"Verfasst von\" \/>\n\t<meta name=\"twitter:data1\" content=\"Tanja H\u00f6fling\" \/>\n\t<meta name=\"twitter:label2\" content=\"Gesch\u00e4tzte Lesezeit\" \/>\n\t<meta name=\"twitter:data2\" content=\"1\u00a0Minute\" \/>\n<script type=\"application\/ld+json\" class=\"yoast-schema-graph\">{\"@context\":\"https:\/\/schema.org\",\"@graph\":[{\"@type\":\"Article\",\"@id\":\"https:\/\/www.euroakademie.de\/magazin\/so-schlagen-sie-dem-winterblues-ein-schnippchen\/#article\",\"isPartOf\":{\"@id\":\"https:\/\/www.euroakademie.de\/magazin\/so-schlagen-sie-dem-winterblues-ein-schnippchen\/\"},\"author\":{\"name\":\"Tanja H\u00f6fling\",\"@id\":\"https:\/\/www.euroakademie.de\/magazin\/#\/schema\/person\/2c0d3896d19e86373c87f4ac022d4919\"},\"headline\":\"So schlagen Sie dem Winterblues ein Schnippchen!\",\"datePublished\":\"2019-01-10T10:32:31+00:00\",\"dateModified\":\"2024-12-10T09:56:59+00:00\",\"mainEntityOfPage\":{\"@id\":\"https:\/\/www.euroakademie.de\/magazin\/so-schlagen-sie-dem-winterblues-ein-schnippchen\/\"},\"wordCount\":685,\"publisher\":{\"@id\":\"https:\/\/www.euroakademie.de\/magazin\/#organization\"},\"image\":{\"@id\":\"https:\/\/www.euroakademie.de\/magazin\/so-schlagen-sie-dem-winterblues-ein-schnippchen\/#primaryimage\"},\"thumbnailUrl\":\"https:\/\/www.euroakademie.de\/magazin\/wp-content\/uploads\/2019\/01\/shutterstock_328778603_702x336_web.jpg\",\"keywords\":[\"Bewegung\",\"deppressiv\",\"Depressionen\",\"Lichttherapie\",\"Schlechte Laune\",\"Schwindel\",\"Spazierg\u00e4nge\",\"Winterblues\",\"Yoga\"],\"articleSection\":[\"Tipps &amp; Tricks\"],\"inLanguage\":\"de\"},{\"@type\":\"WebPage\",\"@id\":\"https:\/\/www.euroakademie.de\/magazin\/so-schlagen-sie-dem-winterblues-ein-schnippchen\/\",\"url\":\"https:\/\/www.euroakademie.de\/magazin\/so-schlagen-sie-dem-winterblues-ein-schnippchen\/\",\"name\":\"Schlagen Sie dem Winterblues ein Schnippchen! \/ Euro Akademie Magazin\",\"isPartOf\":{\"@id\":\"https:\/\/www.euroakademie.de\/magazin\/#website\"},\"primaryImageOfPage\":{\"@id\":\"https:\/\/www.euroakademie.de\/magazin\/so-schlagen-sie-dem-winterblues-ein-schnippchen\/#primaryimage\"},\"image\":{\"@id\":\"https:\/\/www.euroakademie.de\/magazin\/so-schlagen-sie-dem-winterblues-ein-schnippchen\/#primaryimage\"},\"thumbnailUrl\":\"https:\/\/www.euroakademie.de\/magazin\/wp-content\/uploads\/2019\/01\/shutterstock_328778603_702x336_web.jpg\",\"datePublished\":\"2019-01-10T10:32:31+00:00\",\"dateModified\":\"2024-12-10T09:56:59+00:00\",\"description\":\"Die dunkle Jahreszeit macht uns m\u00fcde und schlechtgelaunt. Was Sie gegen Winterblues tun k\u00f6nnen und wann Sie sich Hilfe suchen sollten, erfahren Sie bei uns.\",\"breadcrumb\":{\"@id\":\"https:\/\/www.euroakademie.de\/magazin\/so-schlagen-sie-dem-winterblues-ein-schnippchen\/#breadcrumb\"},\"inLanguage\":\"de\",\"potentialAction\":[{\"@type\":\"ReadAction\",\"target\":[\"https:\/\/www.euroakademie.de\/magazin\/so-schlagen-sie-dem-winterblues-ein-schnippchen\/\"]}]},{\"@type\":\"ImageObject\",\"inLanguage\":\"de\",\"@id\":\"https:\/\/www.euroakademie.de\/magazin\/so-schlagen-sie-dem-winterblues-ein-schnippchen\/#primaryimage\",\"url\":\"https:\/\/www.euroakademie.de\/magazin\/wp-content\/uploads\/2019\/01\/shutterstock_328778603_702x336_web.jpg\",\"contentUrl\":\"https:\/\/www.euroakademie.de\/magazin\/wp-content\/uploads\/2019\/01\/shutterstock_328778603_702x336_web.jpg\",\"width\":702,\"height\":336,\"caption\":\"\"},{\"@type\":\"BreadcrumbList\",\"@id\":\"https:\/\/www.euroakademie.de\/magazin\/so-schlagen-sie-dem-winterblues-ein-schnippchen\/#breadcrumb\",\"itemListElement\":[{\"@type\":\"ListItem\",\"position\":1,\"name\":\"Startseite\",\"item\":\"https:\/\/www.euroakademie.de\/magazin\/\"},{\"@type\":\"ListItem\",\"position\":2,\"name\":\"So schlagen Sie dem Winterblues ein Schnippchen!\"}]},{\"@type\":\"WebSite\",\"@id\":\"https:\/\/www.euroakademie.de\/magazin\/#website\",\"url\":\"https:\/\/www.euroakademie.de\/magazin\/\",\"name\":\"Das Euro Akademie Magazin\",\"description\":\"Gut informiert durch Ausbildung und Studium\",\"publisher\":{\"@id\":\"https:\/\/www.euroakademie.de\/magazin\/#organization\"},\"potentialAction\":[{\"@type\":\"SearchAction\",\"target\":{\"@type\":\"EntryPoint\",\"urlTemplate\":\"https:\/\/www.euroakademie.de\/magazin\/?s={search_term_string}\"},\"query-input\":{\"@type\":\"PropertyValueSpecification\",\"valueRequired\":true,\"valueName\":\"search_term_string\"}}],\"inLanguage\":\"de\"},{\"@type\":\"Organization\",\"@id\":\"https:\/\/www.euroakademie.de\/magazin\/#organization\",\"name\":\"ESO Education Group\",\"url\":\"https:\/\/www.euroakademie.de\/magazin\/\",\"logo\":{\"@type\":\"ImageObject\",\"inLanguage\":\"de\",\"@id\":\"https:\/\/www.euroakademie.de\/magazin\/#\/schema\/logo\/image\/\",\"url\":\"https:\/\/relaunch.euroakademie.de\/magazin\/wp-content\/uploads\/2024\/11\/Logo_EA_negativ_Rahmen_5cm_300dpi_RGB.jpg\",\"contentUrl\":\"https:\/\/relaunch.euroakademie.de\/magazin\/wp-content\/uploads\/2024\/11\/Logo_EA_negativ_Rahmen_5cm_300dpi_RGB.jpg\",\"width\":591,\"height\":236,\"caption\":\"ESO Education Group\"},\"image\":{\"@id\":\"https:\/\/www.euroakademie.de\/magazin\/#\/schema\/logo\/image\/\"}},{\"@type\":\"Person\",\"@id\":\"https:\/\/www.euroakademie.de\/magazin\/#\/schema\/person\/2c0d3896d19e86373c87f4ac022d4919\",\"name\":\"Tanja H\u00f6fling\",\"description\":\"Von Juli 2017 bis Juli 2022 informierte die ehemalige Online-Redakteurin des Euro Akademie Magazins regelm\u00e4\u00dfig \u00fcber Aktuelles und Wissenswertes zu den Themen Ausbildung, Studium und Beruf.\",\"url\":\"https:\/\/www.euroakademie.de\/magazin\/author\/hoeflingt\/\"}]}<\/script>\n<!-- \/ Yoast SEO plugin. -->","yoast_head_json":{"title":"Schlagen Sie dem Winterblues ein Schnippchen! \/ Euro Akademie Magazin","description":"Die dunkle Jahreszeit macht uns m\u00fcde und schlechtgelaunt. Was Sie gegen Winterblues tun k\u00f6nnen und wann Sie sich Hilfe suchen sollten, erfahren Sie bei uns.","robots":{"index":"index","follow":"follow","max-snippet":"max-snippet:-1","max-image-preview":"max-image-preview:large","max-video-preview":"max-video-preview:-1"},"canonical":"https:\/\/www.euroakademie.de\/magazin\/so-schlagen-sie-dem-winterblues-ein-schnippchen\/","og_locale":"de_DE","og_type":"article","og_title":"Schlagen Sie dem Winterblues ein Schnippchen! \/ Euro Akademie Magazin","og_description":"Die dunkle Jahreszeit macht uns m\u00fcde und schlechtgelaunt. Was Sie gegen Winterblues tun k\u00f6nnen und wann Sie sich Hilfe suchen sollten, erfahren Sie bei uns.","og_url":"https:\/\/www.euroakademie.de\/magazin\/so-schlagen-sie-dem-winterblues-ein-schnippchen\/","og_site_name":"Das Euro Akademie Magazin","article_published_time":"2019-01-10T10:32:31+00:00","article_modified_time":"2024-12-10T09:56:59+00:00","og_image":[{"width":702,"height":336,"url":"https:\/\/www.euroakademie.de\/magazin\/wp-content\/uploads\/2019\/01\/shutterstock_328778603_702x336_web.jpg","type":"image\/jpeg"}],"author":"Tanja H\u00f6fling","twitter_card":"summary_large_image","twitter_misc":{"Verfasst von":"Tanja H\u00f6fling","Gesch\u00e4tzte Lesezeit":"1\u00a0Minute"},"schema":{"@context":"https:\/\/schema.org","@graph":[{"@type":"Article","@id":"https:\/\/www.euroakademie.de\/magazin\/so-schlagen-sie-dem-winterblues-ein-schnippchen\/#article","isPartOf":{"@id":"https:\/\/www.euroakademie.de\/magazin\/so-schlagen-sie-dem-winterblues-ein-schnippchen\/"},"author":{"name":"Tanja H\u00f6fling","@id":"https:\/\/www.euroakademie.de\/magazin\/#\/schema\/person\/2c0d3896d19e86373c87f4ac022d4919"},"headline":"So schlagen Sie dem Winterblues ein Schnippchen!","datePublished":"2019-01-10T10:32:31+00:00","dateModified":"2024-12-10T09:56:59+00:00","mainEntityOfPage":{"@id":"https:\/\/www.euroakademie.de\/magazin\/so-schlagen-sie-dem-winterblues-ein-schnippchen\/"},"wordCount":685,"publisher":{"@id":"https:\/\/www.euroakademie.de\/magazin\/#organization"},"image":{"@id":"https:\/\/www.euroakademie.de\/magazin\/so-schlagen-sie-dem-winterblues-ein-schnippchen\/#primaryimage"},"thumbnailUrl":"https:\/\/www.euroakademie.de\/magazin\/wp-content\/uploads\/2019\/01\/shutterstock_328778603_702x336_web.jpg","keywords":["Bewegung","deppressiv","Depressionen","Lichttherapie","Schlechte Laune","Schwindel","Spazierg\u00e4nge","Winterblues","Yoga"],"articleSection":["Tipps &amp; Tricks"],"inLanguage":"de"},{"@type":"WebPage","@id":"https:\/\/www.euroakademie.de\/magazin\/so-schlagen-sie-dem-winterblues-ein-schnippchen\/","url":"https:\/\/www.euroakademie.de\/magazin\/so-schlagen-sie-dem-winterblues-ein-schnippchen\/","name":"Schlagen Sie dem Winterblues ein Schnippchen! \/ Euro Akademie Magazin","isPartOf":{"@id":"https:\/\/www.euroakademie.de\/magazin\/#website"},"primaryImageOfPage":{"@id":"https:\/\/www.euroakademie.de\/magazin\/so-schlagen-sie-dem-winterblues-ein-schnippchen\/#primaryimage"},"image":{"@id":"https:\/\/www.euroakademie.de\/magazin\/so-schlagen-sie-dem-winterblues-ein-schnippchen\/#primaryimage"},"thumbnailUrl":"https:\/\/www.euroakademie.de\/magazin\/wp-content\/uploads\/2019\/01\/shutterstock_328778603_702x336_web.jpg","datePublished":"2019-01-10T10:32:31+00:00","dateModified":"2024-12-10T09:56:59+00:00","description":"Die dunkle Jahreszeit macht uns m\u00fcde und schlechtgelaunt. Was Sie gegen Winterblues tun k\u00f6nnen und wann Sie sich Hilfe suchen sollten, erfahren Sie bei uns.","breadcrumb":{"@id":"https:\/\/www.euroakademie.de\/magazin\/so-schlagen-sie-dem-winterblues-ein-schnippchen\/#breadcrumb"},"inLanguage":"de","potentialAction":[{"@type":"ReadAction","target":["https:\/\/www.euroakademie.de\/magazin\/so-schlagen-sie-dem-winterblues-ein-schnippchen\/"]}]},{"@type":"ImageObject","inLanguage":"de","@id":"https:\/\/www.euroakademie.de\/magazin\/so-schlagen-sie-dem-winterblues-ein-schnippchen\/#primaryimage","url":"https:\/\/www.euroakademie.de\/magazin\/wp-content\/uploads\/2019\/01\/shutterstock_328778603_702x336_web.jpg","contentUrl":"https:\/\/www.euroakademie.de\/magazin\/wp-content\/uploads\/2019\/01\/shutterstock_328778603_702x336_web.jpg","width":702,"height":336,"caption":""},{"@type":"BreadcrumbList","@id":"https:\/\/www.euroakademie.de\/magazin\/so-schlagen-sie-dem-winterblues-ein-schnippchen\/#breadcrumb","itemListElement":[{"@type":"ListItem","position":1,"name":"Startseite","item":"https:\/\/www.euroakademie.de\/magazin\/"},{"@type":"ListItem","position":2,"name":"So schlagen Sie dem Winterblues ein Schnippchen!"}]},{"@type":"WebSite","@id":"https:\/\/www.euroakademie.de\/magazin\/#website","url":"https:\/\/www.euroakademie.de\/magazin\/","name":"Das Euro Akademie Magazin","description":"Gut informiert durch Ausbildung und Studium","publisher":{"@id":"https:\/\/www.euroakademie.de\/magazin\/#organization"},"potentialAction":[{"@type":"SearchAction","target":{"@type":"EntryPoint","urlTemplate":"https:\/\/www.euroakademie.de\/magazin\/?s={search_term_string}"},"query-input":{"@type":"PropertyValueSpecification","valueRequired":true,"valueName":"search_term_string"}}],"inLanguage":"de"},{"@type":"Organization","@id":"https:\/\/www.euroakademie.de\/magazin\/#organization","name":"ESO Education Group","url":"https:\/\/www.euroakademie.de\/magazin\/","logo":{"@type":"ImageObject","inLanguage":"de","@id":"https:\/\/www.euroakademie.de\/magazin\/#\/schema\/logo\/image\/","url":"https:\/\/relaunch.euroakademie.de\/magazin\/wp-content\/uploads\/2024\/11\/Logo_EA_negativ_Rahmen_5cm_300dpi_RGB.jpg","contentUrl":"https:\/\/relaunch.euroakademie.de\/magazin\/wp-content\/uploads\/2024\/11\/Logo_EA_negativ_Rahmen_5cm_300dpi_RGB.jpg","width":591,"height":236,"caption":"ESO Education Group"},"image":{"@id":"https:\/\/www.euroakademie.de\/magazin\/#\/schema\/logo\/image\/"}},{"@type":"Person","@id":"https:\/\/www.euroakademie.de\/magazin\/#\/schema\/person\/2c0d3896d19e86373c87f4ac022d4919","name":"Tanja H\u00f6fling","description":"Von Juli 2017 bis Juli 2022 informierte die ehemalige Online-Redakteurin des Euro Akademie Magazins regelm\u00e4\u00dfig \u00fcber Aktuelles und Wissenswertes zu den Themen Ausbildung, Studium und Beruf.","url":"https:\/\/www.euroakademie.de\/magazin\/author\/hoeflingt\/"}]}},"_links":{"self":[{"href":"https:\/\/www.euroakademie.de\/magazin\/wp-json\/wp\/v2\/posts\/8099","targetHints":{"allow":["GET"]}}],"collection":[{"href":"https:\/\/www.euroakademie.de\/magazin\/wp-json\/wp\/v2\/posts"}],"about":[{"href":"https:\/\/www.euroakademie.de\/magazin\/wp-json\/wp\/v2\/types\/post"}],"author":[{"embeddable":true,"href":"https:\/\/www.euroakademie.de\/magazin\/wp-json\/wp\/v2\/users\/58"}],"replies":[{"embeddable":true,"href":"https:\/\/www.euroakademie.de\/magazin\/wp-json\/wp\/v2\/comments?post=8099"}],"version-history":[{"count":2,"href":"https:\/\/www.euroakademie.de\/magazin\/wp-json\/wp\/v2\/posts\/8099\/revisions"}],"predecessor-version":[{"id":26985,"href":"https:\/\/www.euroakademie.de\/magazin\/wp-json\/wp\/v2\/posts\/8099\/revisions\/26985"}],"wp:featuredmedia":[{"embeddable":true,"href":"https:\/\/www.euroakademie.de\/magazin\/wp-json\/wp\/v2\/media\/8101"}],"wp:attachment":[{"href":"https:\/\/www.euroakademie.de\/magazin\/wp-json\/wp\/v2\/media?parent=8099"}],"wp:term":[{"taxonomy":"category","embeddable":true,"href":"https:\/\/www.euroakademie.de\/magazin\/wp-json\/wp\/v2\/categories?post=8099"},{"taxonomy":"post_tag","embeddable":true,"href":"https:\/\/www.euroakademie.de\/magazin\/wp-json\/wp\/v2\/tags?post=8099"}],"curies":[{"name":"wp","href":"https:\/\/api.w.org\/{rel}","templated":true}]}}