{"id":8113,"date":"2019-01-14T11:47:12","date_gmt":"2019-01-14T10:47:12","guid":{"rendered":"https:\/\/www.euroakademie.de\/magazin\/?p=8113"},"modified":"2024-12-10T10:51:12","modified_gmt":"2024-12-10T09:51:12","slug":"bulimielernen","status":"publish","type":"post","link":"https:\/\/www.euroakademie.de\/magazin\/bulimielernen\/","title":{"rendered":"Bulimielernen \u2013 eine Gefahr f\u00fcr Ihre Zukunft"},"content":{"rendered":"<p><![CDATA[\n<\/p>\n\n\n<p><strong>Beim Bulimielernen wird der Stoff schnell aufgenommen und sp\u00e4testens nach der Pr\u00fcfung wieder vergessen. Im Laufe des Bildungswegs passiert es immer wieder, dass wegen Zeitmangel oder aus Faulheit auf diese Weise gepaukt wird. Doch das birgt Gefahren f\u00fcr Ihre berufliche Zukunft.<\/strong><\/p>\n\n\n\n<p>Den Begriff gibt es erst seit ein paar Jahren, doch das Ph\u00e4nomen besteht sicherlich schon ewig: Bulimielernen ist weit verbreitet, sowohl unter Sch\u00fclern als auch unter Auszubildenden und Studenten. Zwar sollten es gerade diejenigen, die sich gezielt auf ihr Berufsleben vorbereiten, besser wissen, doch manche F\u00e4cher verleiten einfach stark dazu. Im sp\u00e4teren Arbeitsalltag kann das allerdings zu gro\u00dfen Problemen f\u00fchren.<\/p>\n\n\n\n<h2 class=\"wp-block-heading\">Was ist Bulimielernen eigentlich?<\/h2>\n\n\n\n<p>Sicherlich kennen Sie das auch: Eine Pr\u00fcfung oder Abfrage r\u00fcckt immer n\u00e4her. Der zu lernende Stoff macht Sie aber so gar nicht an. Schlie\u00dflich setzen Sie sich erst am Abend vorher oder sogar erst am Morgen des Tests hin und \u201efressen\u201c so viele wichtige Fakten wie m\u00f6glich in sich hinein. Es geht darum, schnell viel Wissen in den Kopf zu kriegen, f\u00fcr das es Punkte gibt.<\/p>\n\n\n\n<p>In der Pr\u00fcfung \u201ekotzen\u201c sie dann alles auf einmal wieder aus. Sie lassen die gerade erst aufgenommenen Stichworte raus und keines davon kommt wieder. Gespeichert haben Sie den Stoff nur im Kurzzeitged\u00e4chtnis und Sie sind froh, sich von dieser Last befreien zu k\u00f6nnen.<\/p>\n\n\n\n<h2 class=\"wp-block-heading\">Was h\u00e4ngenbleibt<\/h2>\n\n\n\n<p>Sie k\u00f6nnen davon ausgehen, dass von allem Wissen, das Sie per Bulimielernen zu sich nehmen, schon nach ein paar Tagen absolut nichts in Ihrem Kopf \u00fcbrig bleibt. Ich selbst habe w\u00e4hrend meiner Schulzeit Geschichte nur so gelernt und wei\u00df bis heute nicht, was in acht Schuljahren im Geschichtsunterricht passiert ist.<\/p>\n\n\n\n<p>Gl\u00fccklicherweise arbeite ich nicht als Historikerin. Wer aber in der Ausbildung oder im Studium ist, ben\u00f6tigt in der Regel den Stoff f\u00fcr seinen sp\u00e4teren Beruf. Selbst wenn sich also das Bulimielernen nicht in den Noten niederschl\u00e4gt und Ihre Wissensl\u00fccken auch im <a href=\"https:\/\/www.euroakademie.de\/magazin\/die-gelungene-selbstpraesentation-im-vorstellungsgespraech\/\">Vorstellungsgespr\u00e4ch<\/a> nicht auffallen, werden diese Sie im Arbeitsalltag irgendwann einholen.<\/p>\n\n\n\n<h2 class=\"wp-block-heading\">Stoff mehrmals anschauen<\/h2>\n\n\n\n<p>Nat\u00fcrlich k\u00f6nnen Sie das vermeiden. Das geht sogar ziemlich einfach. H\u00e4ufig kommen Sie schon sehr weit, wenn Sie sich das Material insgesamt zweimal vornehmen. Setzen Sie sich ein paar Stunden nach dem Unterricht hin und lesen ihre dazugeh\u00f6rigen Notizen oder das entsprechende Kapitel im Buch durch. <\/p>\n\n\n\n<p>Wenn Sie dabei mit einem Marker direkt Wichtiges hervorheben oder sich Stichpunkte an den Rand schreiben, umso besser! Sie werden sehen, dass Ihnen das <a href=\"https:\/\/www.euroakademie.de\/magazin\/10-lerntipps-die-garantiert-funktionieren\/\">Lernen<\/a> danach viel leichter f\u00e4llt. Es hilft \u00fcbrigens auch ungemein, im Unterricht schon gut aufzupassen und mitzuarbeiten.<\/p>\n\n\n\n<h2 class=\"wp-block-heading\">Die Lerngruppe bringt\u2019s<\/h2>\n\n\n\n<p>Wenn es nat\u00fcrlich so einfach w\u00e4re, sich hinzusetzen und den Unterrichtsstoff durchzulesen, g\u00e4be es das Problem des Bulimielernens vermutlich nicht. Den meisten steht etwas M\u00e4chtiges im Weg: der innere <a href=\"https:\/\/www.euroakademie.de\/magazin\/so-ueberlisten-sie-den-inneren-schweinehund\/\">Schweinehund<\/a>. Ihn zu besiegen, ist entsetzlich hart, vor allem alleine.<\/p>\n\n\n\n<p>Wer allerdings mit anderen zusammen in einer Lerngruppe b\u00fcffelt, kann sich nicht so leicht vor der Aufgabe dr\u00fccken. Das w\u00fcrde n\u00e4mlich nicht nur bedeuten, dass Sie selbst eventuell schlechtere Noten bekommen, sondern auch Ihre Kollegen w\u00fcrden leiden. Es f\u00e4llt schwer, die anderen h\u00e4ngenzulassen, daher setzt man sich dann doch mit ihnen zusammen und nimmt sich Zeit, die Unterrichtsthemen konzentriert zu erarbeiten.<\/p>\n\n\n\n<h2 class=\"wp-block-heading\">Fazit<\/h2>\n\n\n\n<p>Es gibt Mittel und Wege, das Bulimielernen zu vermeiden. Das bringt Ihnen nachhaltig mehr Wissen und ist au\u00dferdem wesentlich entspannter. Wer in der letzten Minute erst lernt, sp\u00fcrt bis zu diesem Moment, wie sich der Druck innerlich aufbaut. Das schlechte Gewissen nagt an Ihnen und die Angst, in der Pr\u00fcfung total zu versagen, nimmt zu. Sparen Sie sich diesen Stress \u2013 es ist ja eigentlich ganz einfach.<\/p>\n\n\n\n<div class=\"wp-block-buttons is-content-justification-center is-layout-flex wp-container-core-buttons-is-layout-16018d1d wp-block-buttons-is-layout-flex\">\n<div class=\"wp-block-button has-custom-font-size has-regular-font-size\"><a class=\"wp-block-button__link wp-element-button\" href=\"https:\/\/www.euroakademie.de\/\" style=\"padding-top:var(--wp--preset--spacing--20);padding-right:var(--wp--preset--spacing--20);padding-bottom:var(--wp--preset--spacing--20);padding-left:var(--wp--preset--spacing--20)\">Oft fehlt beim Lernen der Praxisbezug. Bildungsangebote mit starker Verbindung zum Beruf bietet die Euro Akademie! Informiere dich hier!<\/a><\/div>\n<\/div>\n","protected":false},"excerpt":{"rendered":"<p>\t\t\t\t<![CDATA[Beim Bulimielernen wird der Stoff schnell aufgenommen und sp\u00e4testens nach der Pr\u00fcfung wieder vergessen. Doch das birgt Gefahren f\u00fcr Ihre berufliche Zukunft.]]>\t\t<\/p>\n","protected":false},"author":37,"featured_media":8127,"comment_status":"closed","ping_status":"closed","sticky":false,"template":"","format":"standard","meta":{"footnotes":""},"categories":[118,172],"tags":[799,1648,5176,5194,7255,8608,9241],"class_list":{"0":"post-8113","1":"post","2":"type-post","3":"status-publish","4":"format-standard","5":"has-post-thumbnail","7":"category-im-fokus","8":"category-100-tipps-tricks","9":"tag-ausbildung","10":"tag-bulimielernen","11":"tag-lernen","12":"tag-lerngruppe","13":"tag-schule","14":"tag-unterricht","15":"tag-wissen"},"yoast_head":"<!-- This site is optimized with the Yoast SEO plugin v23.5 - https:\/\/yoast.com\/wordpress\/plugins\/seo\/ -->\n<title>Bulimielernen \u2013 eine Gefahr f\u00fcr Ihre Zukunft | Euro Akademie Magazin<\/title>\n<meta name=\"description\" content=\"Beim Bulimielernen wird der Stoff schnell aufgenommen und nach der Pr\u00fcfung wieder vergessen. Doch das birgt Gefahren f\u00fcr Ihre berufliche Zukunft.\ufeff\" \/>\n<meta name=\"robots\" content=\"index, follow, max-snippet:-1, max-image-preview:large, max-video-preview:-1\" \/>\n<link rel=\"canonical\" href=\"https:\/\/www.euroakademie.de\/magazin\/bulimielernen\/\" \/>\n<meta property=\"og:locale\" content=\"de_DE\" \/>\n<meta property=\"og:type\" content=\"article\" \/>\n<meta property=\"og:title\" content=\"Bulimielernen \u2013 eine Gefahr f\u00fcr Ihre Zukunft | Euro Akademie Magazin\" \/>\n<meta property=\"og:description\" content=\"Beim Bulimielernen wird der Stoff schnell aufgenommen und nach der Pr\u00fcfung wieder vergessen. Doch das birgt Gefahren f\u00fcr Ihre berufliche Zukunft.\ufeff\" \/>\n<meta property=\"og:url\" content=\"https:\/\/www.euroakademie.de\/magazin\/bulimielernen\/\" \/>\n<meta property=\"og:site_name\" content=\"Das Euro Akademie Magazin\" \/>\n<meta property=\"article:published_time\" content=\"2019-01-14T10:47:12+00:00\" \/>\n<meta property=\"article:modified_time\" content=\"2024-12-10T09:51:12+00:00\" \/>\n<meta property=\"og:image\" content=\"https:\/\/www.euroakademie.de\/magazin\/wp-content\/uploads\/2019\/01\/Bulimielernen-702x336-web.jpg\" \/>\n\t<meta property=\"og:image:width\" content=\"702\" \/>\n\t<meta property=\"og:image:height\" content=\"336\" \/>\n\t<meta property=\"og:image:type\" content=\"image\/jpeg\" \/>\n<meta name=\"author\" content=\"Katharina Boyens\" \/>\n<meta name=\"twitter:card\" content=\"summary_large_image\" \/>\n<meta name=\"twitter:label1\" content=\"Verfasst von\" \/>\n\t<meta name=\"twitter:data1\" content=\"Katharina Boyens\" \/>\n\t<meta name=\"twitter:label2\" content=\"Gesch\u00e4tzte Lesezeit\" \/>\n\t<meta name=\"twitter:data2\" content=\"1\u00a0Minute\" \/>\n<script type=\"application\/ld+json\" class=\"yoast-schema-graph\">{\"@context\":\"https:\/\/schema.org\",\"@graph\":[{\"@type\":\"Article\",\"@id\":\"https:\/\/www.euroakademie.de\/magazin\/bulimielernen\/#article\",\"isPartOf\":{\"@id\":\"https:\/\/www.euroakademie.de\/magazin\/bulimielernen\/\"},\"author\":{\"name\":\"Katharina Boyens\",\"@id\":\"https:\/\/www.euroakademie.de\/magazin\/#\/schema\/person\/bc82ae73082e3ac93c406d0d76cb0cff\"},\"headline\":\"Bulimielernen \u2013 eine Gefahr f\u00fcr Ihre Zukunft\",\"datePublished\":\"2019-01-14T10:47:12+00:00\",\"dateModified\":\"2024-12-10T09:51:12+00:00\",\"mainEntityOfPage\":{\"@id\":\"https:\/\/www.euroakademie.de\/magazin\/bulimielernen\/\"},\"wordCount\":651,\"publisher\":{\"@id\":\"https:\/\/www.euroakademie.de\/magazin\/#organization\"},\"image\":{\"@id\":\"https:\/\/www.euroakademie.de\/magazin\/bulimielernen\/#primaryimage\"},\"thumbnailUrl\":\"https:\/\/www.euroakademie.de\/magazin\/wp-content\/uploads\/2019\/01\/Bulimielernen-702x336-web.jpg\",\"keywords\":[\"Ausbildung\",\"Bulimielernen\",\"Lernen\",\"Lerngruppe\",\"Schule\",\"Unterricht\",\"Wissen\"],\"articleSection\":[\"Im Fokus\",\"Tipps &amp; Tricks\"],\"inLanguage\":\"de\"},{\"@type\":\"WebPage\",\"@id\":\"https:\/\/www.euroakademie.de\/magazin\/bulimielernen\/\",\"url\":\"https:\/\/www.euroakademie.de\/magazin\/bulimielernen\/\",\"name\":\"Bulimielernen \u2013 eine Gefahr f\u00fcr Ihre Zukunft | Euro Akademie Magazin\",\"isPartOf\":{\"@id\":\"https:\/\/www.euroakademie.de\/magazin\/#website\"},\"primaryImageOfPage\":{\"@id\":\"https:\/\/www.euroakademie.de\/magazin\/bulimielernen\/#primaryimage\"},\"image\":{\"@id\":\"https:\/\/www.euroakademie.de\/magazin\/bulimielernen\/#primaryimage\"},\"thumbnailUrl\":\"https:\/\/www.euroakademie.de\/magazin\/wp-content\/uploads\/2019\/01\/Bulimielernen-702x336-web.jpg\",\"datePublished\":\"2019-01-14T10:47:12+00:00\",\"dateModified\":\"2024-12-10T09:51:12+00:00\",\"description\":\"Beim Bulimielernen wird der Stoff schnell aufgenommen und nach der Pr\u00fcfung wieder vergessen. Doch das birgt Gefahren f\u00fcr Ihre berufliche Zukunft.\ufeff\",\"breadcrumb\":{\"@id\":\"https:\/\/www.euroakademie.de\/magazin\/bulimielernen\/#breadcrumb\"},\"inLanguage\":\"de\",\"potentialAction\":[{\"@type\":\"ReadAction\",\"target\":[\"https:\/\/www.euroakademie.de\/magazin\/bulimielernen\/\"]}]},{\"@type\":\"ImageObject\",\"inLanguage\":\"de\",\"@id\":\"https:\/\/www.euroakademie.de\/magazin\/bulimielernen\/#primaryimage\",\"url\":\"https:\/\/www.euroakademie.de\/magazin\/wp-content\/uploads\/2019\/01\/Bulimielernen-702x336-web.jpg\",\"contentUrl\":\"https:\/\/www.euroakademie.de\/magazin\/wp-content\/uploads\/2019\/01\/Bulimielernen-702x336-web.jpg\",\"width\":702,\"height\":336,\"caption\":\"\"},{\"@type\":\"BreadcrumbList\",\"@id\":\"https:\/\/www.euroakademie.de\/magazin\/bulimielernen\/#breadcrumb\",\"itemListElement\":[{\"@type\":\"ListItem\",\"position\":1,\"name\":\"Startseite\",\"item\":\"https:\/\/www.euroakademie.de\/magazin\/\"},{\"@type\":\"ListItem\",\"position\":2,\"name\":\"Bulimielernen \u2013 eine Gefahr f\u00fcr Ihre Zukunft\"}]},{\"@type\":\"WebSite\",\"@id\":\"https:\/\/www.euroakademie.de\/magazin\/#website\",\"url\":\"https:\/\/www.euroakademie.de\/magazin\/\",\"name\":\"Das Euro Akademie Magazin\",\"description\":\"Gut informiert durch Ausbildung und Studium\",\"publisher\":{\"@id\":\"https:\/\/www.euroakademie.de\/magazin\/#organization\"},\"potentialAction\":[{\"@type\":\"SearchAction\",\"target\":{\"@type\":\"EntryPoint\",\"urlTemplate\":\"https:\/\/www.euroakademie.de\/magazin\/?s={search_term_string}\"},\"query-input\":{\"@type\":\"PropertyValueSpecification\",\"valueRequired\":true,\"valueName\":\"search_term_string\"}}],\"inLanguage\":\"de\"},{\"@type\":\"Organization\",\"@id\":\"https:\/\/www.euroakademie.de\/magazin\/#organization\",\"name\":\"ESO Education Group\",\"url\":\"https:\/\/www.euroakademie.de\/magazin\/\",\"logo\":{\"@type\":\"ImageObject\",\"inLanguage\":\"de\",\"@id\":\"https:\/\/www.euroakademie.de\/magazin\/#\/schema\/logo\/image\/\",\"url\":\"https:\/\/relaunch.euroakademie.de\/magazin\/wp-content\/uploads\/2024\/11\/Logo_EA_negativ_Rahmen_5cm_300dpi_RGB.jpg\",\"contentUrl\":\"https:\/\/relaunch.euroakademie.de\/magazin\/wp-content\/uploads\/2024\/11\/Logo_EA_negativ_Rahmen_5cm_300dpi_RGB.jpg\",\"width\":591,\"height\":236,\"caption\":\"ESO Education Group\"},\"image\":{\"@id\":\"https:\/\/www.euroakademie.de\/magazin\/#\/schema\/logo\/image\/\"}},{\"@type\":\"Person\",\"@id\":\"https:\/\/www.euroakademie.de\/magazin\/#\/schema\/person\/bc82ae73082e3ac93c406d0d76cb0cff\",\"name\":\"Katharina Boyens\",\"description\":\"Katharina Boyens ist Germanistin und Anglistin mit einem Faible f\u00fcrs Schreiben. Von M\u00e4rz 2016 bis Januar 2021 bereicherte sie das Euro Akademie Magazin mit lesenswerten Beitr\u00e4gen in verschiedenen Rubriken.\",\"url\":\"https:\/\/www.euroakademie.de\/magazin\/author\/pfaffk\/\"}]}<\/script>\n<!-- \/ Yoast SEO plugin. -->","yoast_head_json":{"title":"Bulimielernen \u2013 eine Gefahr f\u00fcr Ihre Zukunft | Euro Akademie Magazin","description":"Beim Bulimielernen wird der Stoff schnell aufgenommen und nach der Pr\u00fcfung wieder vergessen. Doch das birgt Gefahren f\u00fcr Ihre berufliche Zukunft.\ufeff","robots":{"index":"index","follow":"follow","max-snippet":"max-snippet:-1","max-image-preview":"max-image-preview:large","max-video-preview":"max-video-preview:-1"},"canonical":"https:\/\/www.euroakademie.de\/magazin\/bulimielernen\/","og_locale":"de_DE","og_type":"article","og_title":"Bulimielernen \u2013 eine Gefahr f\u00fcr Ihre Zukunft | Euro Akademie Magazin","og_description":"Beim Bulimielernen wird der Stoff schnell aufgenommen und nach der Pr\u00fcfung wieder vergessen. Doch das birgt Gefahren f\u00fcr Ihre berufliche Zukunft.\ufeff","og_url":"https:\/\/www.euroakademie.de\/magazin\/bulimielernen\/","og_site_name":"Das Euro Akademie Magazin","article_published_time":"2019-01-14T10:47:12+00:00","article_modified_time":"2024-12-10T09:51:12+00:00","og_image":[{"width":702,"height":336,"url":"https:\/\/www.euroakademie.de\/magazin\/wp-content\/uploads\/2019\/01\/Bulimielernen-702x336-web.jpg","type":"image\/jpeg"}],"author":"Katharina Boyens","twitter_card":"summary_large_image","twitter_misc":{"Verfasst von":"Katharina Boyens","Gesch\u00e4tzte Lesezeit":"1\u00a0Minute"},"schema":{"@context":"https:\/\/schema.org","@graph":[{"@type":"Article","@id":"https:\/\/www.euroakademie.de\/magazin\/bulimielernen\/#article","isPartOf":{"@id":"https:\/\/www.euroakademie.de\/magazin\/bulimielernen\/"},"author":{"name":"Katharina Boyens","@id":"https:\/\/www.euroakademie.de\/magazin\/#\/schema\/person\/bc82ae73082e3ac93c406d0d76cb0cff"},"headline":"Bulimielernen \u2013 eine Gefahr f\u00fcr Ihre Zukunft","datePublished":"2019-01-14T10:47:12+00:00","dateModified":"2024-12-10T09:51:12+00:00","mainEntityOfPage":{"@id":"https:\/\/www.euroakademie.de\/magazin\/bulimielernen\/"},"wordCount":651,"publisher":{"@id":"https:\/\/www.euroakademie.de\/magazin\/#organization"},"image":{"@id":"https:\/\/www.euroakademie.de\/magazin\/bulimielernen\/#primaryimage"},"thumbnailUrl":"https:\/\/www.euroakademie.de\/magazin\/wp-content\/uploads\/2019\/01\/Bulimielernen-702x336-web.jpg","keywords":["Ausbildung","Bulimielernen","Lernen","Lerngruppe","Schule","Unterricht","Wissen"],"articleSection":["Im Fokus","Tipps &amp; Tricks"],"inLanguage":"de"},{"@type":"WebPage","@id":"https:\/\/www.euroakademie.de\/magazin\/bulimielernen\/","url":"https:\/\/www.euroakademie.de\/magazin\/bulimielernen\/","name":"Bulimielernen \u2013 eine Gefahr f\u00fcr Ihre Zukunft | Euro Akademie Magazin","isPartOf":{"@id":"https:\/\/www.euroakademie.de\/magazin\/#website"},"primaryImageOfPage":{"@id":"https:\/\/www.euroakademie.de\/magazin\/bulimielernen\/#primaryimage"},"image":{"@id":"https:\/\/www.euroakademie.de\/magazin\/bulimielernen\/#primaryimage"},"thumbnailUrl":"https:\/\/www.euroakademie.de\/magazin\/wp-content\/uploads\/2019\/01\/Bulimielernen-702x336-web.jpg","datePublished":"2019-01-14T10:47:12+00:00","dateModified":"2024-12-10T09:51:12+00:00","description":"Beim Bulimielernen wird der Stoff schnell aufgenommen und nach der Pr\u00fcfung wieder vergessen. Doch das birgt Gefahren f\u00fcr Ihre berufliche Zukunft.\ufeff","breadcrumb":{"@id":"https:\/\/www.euroakademie.de\/magazin\/bulimielernen\/#breadcrumb"},"inLanguage":"de","potentialAction":[{"@type":"ReadAction","target":["https:\/\/www.euroakademie.de\/magazin\/bulimielernen\/"]}]},{"@type":"ImageObject","inLanguage":"de","@id":"https:\/\/www.euroakademie.de\/magazin\/bulimielernen\/#primaryimage","url":"https:\/\/www.euroakademie.de\/magazin\/wp-content\/uploads\/2019\/01\/Bulimielernen-702x336-web.jpg","contentUrl":"https:\/\/www.euroakademie.de\/magazin\/wp-content\/uploads\/2019\/01\/Bulimielernen-702x336-web.jpg","width":702,"height":336,"caption":""},{"@type":"BreadcrumbList","@id":"https:\/\/www.euroakademie.de\/magazin\/bulimielernen\/#breadcrumb","itemListElement":[{"@type":"ListItem","position":1,"name":"Startseite","item":"https:\/\/www.euroakademie.de\/magazin\/"},{"@type":"ListItem","position":2,"name":"Bulimielernen \u2013 eine Gefahr f\u00fcr Ihre Zukunft"}]},{"@type":"WebSite","@id":"https:\/\/www.euroakademie.de\/magazin\/#website","url":"https:\/\/www.euroakademie.de\/magazin\/","name":"Das Euro Akademie Magazin","description":"Gut informiert durch Ausbildung und Studium","publisher":{"@id":"https:\/\/www.euroakademie.de\/magazin\/#organization"},"potentialAction":[{"@type":"SearchAction","target":{"@type":"EntryPoint","urlTemplate":"https:\/\/www.euroakademie.de\/magazin\/?s={search_term_string}"},"query-input":{"@type":"PropertyValueSpecification","valueRequired":true,"valueName":"search_term_string"}}],"inLanguage":"de"},{"@type":"Organization","@id":"https:\/\/www.euroakademie.de\/magazin\/#organization","name":"ESO Education Group","url":"https:\/\/www.euroakademie.de\/magazin\/","logo":{"@type":"ImageObject","inLanguage":"de","@id":"https:\/\/www.euroakademie.de\/magazin\/#\/schema\/logo\/image\/","url":"https:\/\/relaunch.euroakademie.de\/magazin\/wp-content\/uploads\/2024\/11\/Logo_EA_negativ_Rahmen_5cm_300dpi_RGB.jpg","contentUrl":"https:\/\/relaunch.euroakademie.de\/magazin\/wp-content\/uploads\/2024\/11\/Logo_EA_negativ_Rahmen_5cm_300dpi_RGB.jpg","width":591,"height":236,"caption":"ESO Education Group"},"image":{"@id":"https:\/\/www.euroakademie.de\/magazin\/#\/schema\/logo\/image\/"}},{"@type":"Person","@id":"https:\/\/www.euroakademie.de\/magazin\/#\/schema\/person\/bc82ae73082e3ac93c406d0d76cb0cff","name":"Katharina Boyens","description":"Katharina Boyens ist Germanistin und Anglistin mit einem Faible f\u00fcrs Schreiben. Von M\u00e4rz 2016 bis Januar 2021 bereicherte sie das Euro Akademie Magazin mit lesenswerten Beitr\u00e4gen in verschiedenen Rubriken.","url":"https:\/\/www.euroakademie.de\/magazin\/author\/pfaffk\/"}]}},"_links":{"self":[{"href":"https:\/\/www.euroakademie.de\/magazin\/wp-json\/wp\/v2\/posts\/8113","targetHints":{"allow":["GET"]}}],"collection":[{"href":"https:\/\/www.euroakademie.de\/magazin\/wp-json\/wp\/v2\/posts"}],"about":[{"href":"https:\/\/www.euroakademie.de\/magazin\/wp-json\/wp\/v2\/types\/post"}],"author":[{"embeddable":true,"href":"https:\/\/www.euroakademie.de\/magazin\/wp-json\/wp\/v2\/users\/37"}],"replies":[{"embeddable":true,"href":"https:\/\/www.euroakademie.de\/magazin\/wp-json\/wp\/v2\/comments?post=8113"}],"version-history":[{"count":1,"href":"https:\/\/www.euroakademie.de\/magazin\/wp-json\/wp\/v2\/posts\/8113\/revisions"}],"predecessor-version":[{"id":26976,"href":"https:\/\/www.euroakademie.de\/magazin\/wp-json\/wp\/v2\/posts\/8113\/revisions\/26976"}],"wp:featuredmedia":[{"embeddable":true,"href":"https:\/\/www.euroakademie.de\/magazin\/wp-json\/wp\/v2\/media\/8127"}],"wp:attachment":[{"href":"https:\/\/www.euroakademie.de\/magazin\/wp-json\/wp\/v2\/media?parent=8113"}],"wp:term":[{"taxonomy":"category","embeddable":true,"href":"https:\/\/www.euroakademie.de\/magazin\/wp-json\/wp\/v2\/categories?post=8113"},{"taxonomy":"post_tag","embeddable":true,"href":"https:\/\/www.euroakademie.de\/magazin\/wp-json\/wp\/v2\/tags?post=8113"}],"curies":[{"name":"wp","href":"https:\/\/api.w.org\/{rel}","templated":true}]}}