{"id":8322,"date":"2019-03-18T08:10:25","date_gmt":"2019-03-18T07:10:25","guid":{"rendered":"https:\/\/www.euroakademie.de\/magazin\/?p=8322"},"modified":"2024-11-18T15:30:15","modified_gmt":"2024-11-18T14:30:15","slug":"sind-sie-zu-alt-fuer-eine-ausbildung","status":"publish","type":"post","link":"https:\/\/www.euroakademie.de\/magazin\/sind-sie-zu-alt-fuer-eine-ausbildung\/","title":{"rendered":"Sind Sie zu alt f\u00fcr eine Ausbildung?"},"content":{"rendered":"<p><![CDATA[\n<\/p>\n\n\n<p><strong>Ihr Job macht Sie ungl\u00fccklich. Sie leiden schon l\u00e4nger an <a href=\"https:\/\/www.euroakademie.de\/magazin\/boreout-wenn-langeweile-im-beruf-krank-macht\/\" target=\"_blank\" rel=\"noreferrer noopener\" aria-label=\"Boreout (\u00f6ffnet in neuem Tab)\">Boreout<\/a>. Oder stirbt der Beruf, in dem Sie die letzten Jahre gearbeitet haben etwa aus? Sie sind gerade 40 geworden \u2013 da bleibt Ihnen wohl nichts weiter \u00fcbrig, als sich Ihrem Schicksal zu ergeben und bis zur Rente auszuharren. Blo\u00df das nicht! Das Leben hat viel mehr zu bieten \u2013 f\u00fcr eine Ausbildung sind Sie nie zu alt.<\/strong><br><\/p>\n\n\n\n<p>Wer heute eine Ausbildung erfolgreich abschlie\u00dft, ruht sich nicht bis zur Rente auf dieser Qualifikation aus. Entweder er entscheidet sich f\u00fcr <a href=\"https:\/\/www.euroakademie.de\/magazin\/weiterbildung-staatliche-kuerzungen\/\" target=\"_blank\" rel=\"noreferrer noopener\" aria-label=\"Weiterbildungen (\u00f6ffnet in neuem Tab)\">Weiterbildungen<\/a> in seinem Bereich oder er startet irgendwann noch einmal in einem anderen Beruf durch. Oft ver\u00e4ndern sich die Interessen im Laufe des Lebens \u2013 wer mit 18 eine Lehre zum Bankkaufmann gemacht hat, interessiert sich vielleicht mit Mitte 30 f\u00fcr den Beruf des Erziehers. Keine Angst, dass das Umsatteln einen schlechten Eindruck bei Arbeitgebern hinterlassen k\u00f6nnte \u2013 nie war lebenslanges Lernen so angesehen wie heute.<\/p>\n\n\n\n<h2 class=\"wp-block-heading\">Berufliche Umwege erw\u00fcnscht<\/h2>\n\n\n\n<p>Unternehmen w\u00fcnschen sich inzwischen oft sogar Bewerber, die einige Haken in ihrem Berufsleben geschlagen haben und es von unterschiedlichen Seiten kennenlernen durften. Auch ein <a href=\"https:\/\/www.euroakademie.de\/magazin\/gap-year-nach-dem-abi-auslandsjahr-oder-ausbildung\/\" target=\"_blank\" rel=\"noreferrer noopener\" aria-label=\"Aufenthalt  im Ausland (\u00f6ffnet in neuem Tab)\">Aufenthalt  im Ausland<\/a> l\u00e4sst einen \u00fcber den eigenen Tellerrand hinausblicken und bringt nicht nur neues Wissen, sondern auch ganz pers\u00f6nliche Erfahrungen, die den Blick auf das Leben und die bisherigen Ziele ver\u00e4ndern k\u00f6nnen. <br>Wenn Sie ungl\u00fccklich sind in Ihrem Job oder Sie in Ihrem alten Beruf keine Zukunftschancen sehen und gerne noch einmal etwas v\u00f6llig Neues wagen wollen, rennen Sie bei modernen Chefs also offene T\u00fcren ein.      <br><\/p>\n\n\n\n<h2 class=\"wp-block-heading\">Warum sp\u00e4t noch eine Ausbildung starten und wer soll das bezahlen?<\/h2>\n\n\n\n<p>Die Antwort: Warum nicht! Es gibt nur wenige Gr\u00fcnde, auf einen beruflichen Neustart zu verzichten.  Das Alter ist keiner davon. Nat\u00fcrlich sind Sie mit Mitte drei\u00dfig oder Anfang vierzig meist nicht mehr so rundum versorgt wie mit Anfang zwanzig, als Sie noch kostenlos im Hotel Mama logierten. Inzwischen zahlen Sie schon viele Jahre Miete f\u00fcr Ihre Wohnung oder den Kredit f\u00fcr Ihr Haus ab, haben ein Auto und vielleicht auch Nachwuchs. Jeder wei\u00df, dass in der Ausbildung nicht gerade hohe L\u00f6hne winken. Trotzdem lohnt es sich nach einem neuen Bet\u00e4tigungsfeld zu suchen, wenn das alte nicht mehr das richtige ist \u2013 schlie\u00dflich haben Sie immer noch viele Jahre Berufsleben vor sich und k\u00f6nnen nochmal so richtig durchstarten. <\/p>\n\n\n\n<h3 class=\"wp-block-heading\">Finanzierungsm\u00f6glichkeiten w\u00e4hrend der Ausbildung<\/h3>\n\n\n\n<ol class=\"wp-block-list\">\n<li><strong>Unterst\u00fctzung von der Agentur f\u00fcr Arbeit<\/strong>, wenn<br> \u2022    Sie noch keinen Berufsabschluss haben<br> \u2022    Sie in Ihrem fr\u00fcheren Beruf keine Chance auf einen Job haben<br> \u2022    Sie Ihren Beruf aus gesundheitlichen Gr\u00fcnden nicht mehr     aus\u00fcben k\u00f6nnen<\/li>\n\n\n\n<li>Sie haben ein <strong>dickes Sparbuch<\/strong> oder ein <strong>spendables Familienmitglied<\/strong>. <\/li>\n\n\n\n<li><strong>Sie starten eine berufsbegleitende Ausbildung<\/strong> an der Euro Akademie. Zum <a aria-label=\"Erzieher (\u00f6ffnet in neuem Tab)\" href=\"https:\/\/www.euroakademie.de\/de\/ausbildung\/paedagogik-soziales\/erzieher.html\" target=\"_blank\" rel=\"noreferrer noopener\">Erzieher<\/a>, <a aria-label=\"Physiotherapeuten (\u00f6ffnet in neuem Tab)\" href=\"https:\/\/www.euroakademie.de\/de\/ausbildung\/gesundheit-pflege\/physiotherapeut.html\" target=\"_blank\" rel=\"noreferrer noopener\">Physiotherapeuten<\/a> oder zur <a href=\"https:\/\/www.euroakademie.de\/details\/AL____RGG_Q18S_1\/Altenpflegehelferin---staatlich-anerkannt\" target=\"_blank\" rel=\"noreferrer noopener\">Altenpflegehelfer*in <\/a>k\u00f6nnen Sie sich beispielsweise in Teilzeit, also neben Ihrem Job, ausbilden lassen.<br><\/li>\n<\/ol>\n\n\n\n<p>F\u00fcr die Ausbildung zum Erzieher gibt es \u00fcbrigens sogar ein eigenes Programm f\u00fcr \u00e4ltere Auszubildende <a rel=\"noreferrer noopener\" aria-label=\"&quot;Quereinstieg \u2013 M\u00e4nner und Frauen in Kitas&quot; (\u00f6ffnet in neuem Tab)\" href=\"https:\/\/www.euroakademie.de\/de\/standorte\/berlin\/ueber-uns\/projekte\/quereinstieg-maenner-und-frauen-in-kitas.html\" target=\"_blank\">&#8222;Quereinstieg \u2013 M\u00e4nner und Frauen in Kitas&#8220;<\/a>, das auch an der Euro Akademie Berlin angeboten wird. Es richtet sich speziell an Umsteiger und kann berufsbegleitend absolviert werden. <\/p>\n\n\n\n<h2 class=\"wp-block-heading\">Hier haben Sie als Ausbildungsdino die Nase vorn<br><\/h2>\n\n\n\n<p>Wenn Sie sich mit 30+ f\u00fcr eine Ausbildung entscheiden, wissen Sie genau, was Sie wollen. Sie werden sich also mit vollem Elan in das Abenteuer st\u00fcrzen. Diese Motivation ist die beste Voraussetzung f\u00fcr erfolgreiches Lernen. Au\u00dferdem haben Sie schon so einiges erlebt \u2013 Erfahrungen aus dem echten Leben helfen Ihnen beim Neuerwerb von Wissen. Nicht umsonst sind \u00e4ltere Lehrlinge oft die besten in der Klasse.<\/p>\n\n\n\n<p> <\/p>\n\n\n\n<div class=\"wp-block-buttons is-content-justification-center is-layout-flex wp-container-core-buttons-is-layout-16018d1d wp-block-buttons-is-layout-flex\">\n<div class=\"wp-block-button has-custom-font-size has-regular-font-size\"><a class=\"wp-block-button__link wp-element-button\" href=\"https:\/\/www.euroakademie.de\/bildungsangebote?typ[]=Ausbildung&amp;typ[]=Umschulung&amp;typ[]=Fort-%20und%20Weiterbildung\" style=\"padding-top:var(--wp--preset--spacing--20);padding-right:var(--wp--preset--spacing--20);padding-bottom:var(--wp--preset--spacing--20);padding-left:var(--wp--preset--spacing--20)\">Wage den Neuanfang &#8211; mit einer Ausbildung, Umschulung oder Fort- und WEiterbildung an der Euro Akademie!<\/a><\/div>\n<\/div>\n","protected":false},"excerpt":{"rendered":"<p>\t\t\t\t<![CDATA[Ihr Job macht Sie ungl\u00fccklich. Oder stirbt der Beruf, in dem Sie die letzten Jahre gearbeitet haben etwa aus? Sie sind gerade 40 geworden \u2013 da bleibt Ihnen wohl nichts weiter \u00fcbrig, als bis zur Rente auszuharren. Blo\u00df das nicht! ]]>\t\t<\/p>\n","protected":false},"author":58,"featured_media":8323,"comment_status":"closed","ping_status":"closed","sticky":false,"template":"","format":"standard","meta":{"footnotes":""},"categories":[127],"tags":[436,892,1564,2650,2971,5077,6049,6826,8617,9427],"class_list":{"0":"post-8322","1":"post","2":"type-post","3":"status-publish","4":"format-standard","5":"has-post-thumbnail","7":"category-karriere","8":"tag-alter","9":"tag-ausbildungsunterstuetzung","10":"tag-boreout","11":"tag-eu-programm-quereinstieg-maenner-und-frauen-in-kitas","12":"tag-finanzierung","13":"tag-lebenslauf","14":"tag-neustart","15":"tag-quereinsteiger","16":"tag-unterstuetzung","17":"tag-ziele"},"yoast_head":"<!-- This site is optimized with the Yoast SEO plugin v23.5 - https:\/\/yoast.com\/wordpress\/plugins\/seo\/ -->\n<title>Sind Sie zu alt f\u00fcr eine Ausbildung? \/ Euro Akademie Magazin<\/title>\n<meta name=\"description\" content=\"Ihr Job macht Sie ungl\u00fccklich. Sie leiden schon l\u00e4nger an Boreout. Augen zu und durch oder nochmal eine Ausbildung oder ein Studium wagen?\" \/>\n<meta name=\"robots\" content=\"index, follow, max-snippet:-1, max-image-preview:large, max-video-preview:-1\" \/>\n<link rel=\"canonical\" href=\"https:\/\/www.euroakademie.de\/magazin\/sind-sie-zu-alt-fuer-eine-ausbildung\/\" \/>\n<meta property=\"og:locale\" content=\"de_DE\" \/>\n<meta property=\"og:type\" content=\"article\" \/>\n<meta property=\"og:title\" content=\"Sind Sie zu alt f\u00fcr eine Ausbildung? \/ Euro Akademie Magazin\" \/>\n<meta property=\"og:description\" content=\"Ihr Job macht Sie ungl\u00fccklich. Sie leiden schon l\u00e4nger an Boreout. Augen zu und durch oder nochmal eine Ausbildung oder ein Studium wagen?\" \/>\n<meta property=\"og:url\" content=\"https:\/\/www.euroakademie.de\/magazin\/sind-sie-zu-alt-fuer-eine-ausbildung\/\" \/>\n<meta property=\"og:site_name\" content=\"Das Euro Akademie Magazin\" \/>\n<meta property=\"article:published_time\" content=\"2019-03-18T07:10:25+00:00\" \/>\n<meta property=\"article:modified_time\" content=\"2024-11-18T14:30:15+00:00\" \/>\n<meta property=\"og:image\" content=\"https:\/\/www.euroakademie.de\/magazin\/wp-content\/uploads\/2019\/03\/shutterstock_97957865_702x336_web.jpg\" \/>\n\t<meta property=\"og:image:width\" content=\"702\" \/>\n\t<meta property=\"og:image:height\" content=\"337\" \/>\n\t<meta property=\"og:image:type\" content=\"image\/jpeg\" \/>\n<meta name=\"author\" content=\"Tanja H\u00f6fling\" \/>\n<meta name=\"twitter:card\" content=\"summary_large_image\" \/>\n<meta name=\"twitter:label1\" content=\"Verfasst von\" \/>\n\t<meta name=\"twitter:data1\" content=\"Tanja H\u00f6fling\" \/>\n\t<meta name=\"twitter:label2\" content=\"Gesch\u00e4tzte Lesezeit\" \/>\n\t<meta name=\"twitter:data2\" content=\"1\u00a0Minute\" \/>\n<script type=\"application\/ld+json\" class=\"yoast-schema-graph\">{\"@context\":\"https:\/\/schema.org\",\"@graph\":[{\"@type\":\"Article\",\"@id\":\"https:\/\/www.euroakademie.de\/magazin\/sind-sie-zu-alt-fuer-eine-ausbildung\/#article\",\"isPartOf\":{\"@id\":\"https:\/\/www.euroakademie.de\/magazin\/sind-sie-zu-alt-fuer-eine-ausbildung\/\"},\"author\":{\"name\":\"Tanja H\u00f6fling\",\"@id\":\"https:\/\/www.euroakademie.de\/magazin\/#\/schema\/person\/2c0d3896d19e86373c87f4ac022d4919\"},\"headline\":\"Sind Sie zu alt f\u00fcr eine Ausbildung?\",\"datePublished\":\"2019-03-18T07:10:25+00:00\",\"dateModified\":\"2024-11-18T14:30:15+00:00\",\"mainEntityOfPage\":{\"@id\":\"https:\/\/www.euroakademie.de\/magazin\/sind-sie-zu-alt-fuer-eine-ausbildung\/\"},\"wordCount\":622,\"publisher\":{\"@id\":\"https:\/\/www.euroakademie.de\/magazin\/#organization\"},\"image\":{\"@id\":\"https:\/\/www.euroakademie.de\/magazin\/sind-sie-zu-alt-fuer-eine-ausbildung\/#primaryimage\"},\"thumbnailUrl\":\"https:\/\/www.euroakademie.de\/magazin\/wp-content\/uploads\/2019\/03\/shutterstock_97957865_702x336_web.jpg\",\"keywords\":[\"Alter\",\"Ausbildungsunterst\u00fctzung\",\"Boreout\",\"EU-Programm: Quereinstieg - M\u00e4nner und Frauen in Kitas\",\"Finanzierung\",\"Lebenslauf\",\"Neustart\",\"Quereinsteiger\",\"Unterst\u00fctzung\",\"Ziele\"],\"articleSection\":[\"Karriere\"],\"inLanguage\":\"de\"},{\"@type\":\"WebPage\",\"@id\":\"https:\/\/www.euroakademie.de\/magazin\/sind-sie-zu-alt-fuer-eine-ausbildung\/\",\"url\":\"https:\/\/www.euroakademie.de\/magazin\/sind-sie-zu-alt-fuer-eine-ausbildung\/\",\"name\":\"Sind Sie zu alt f\u00fcr eine Ausbildung? \/ Euro Akademie Magazin\",\"isPartOf\":{\"@id\":\"https:\/\/www.euroakademie.de\/magazin\/#website\"},\"primaryImageOfPage\":{\"@id\":\"https:\/\/www.euroakademie.de\/magazin\/sind-sie-zu-alt-fuer-eine-ausbildung\/#primaryimage\"},\"image\":{\"@id\":\"https:\/\/www.euroakademie.de\/magazin\/sind-sie-zu-alt-fuer-eine-ausbildung\/#primaryimage\"},\"thumbnailUrl\":\"https:\/\/www.euroakademie.de\/magazin\/wp-content\/uploads\/2019\/03\/shutterstock_97957865_702x336_web.jpg\",\"datePublished\":\"2019-03-18T07:10:25+00:00\",\"dateModified\":\"2024-11-18T14:30:15+00:00\",\"description\":\"Ihr Job macht Sie ungl\u00fccklich. Sie leiden schon l\u00e4nger an Boreout. Augen zu und durch oder nochmal eine Ausbildung oder ein Studium wagen?\",\"breadcrumb\":{\"@id\":\"https:\/\/www.euroakademie.de\/magazin\/sind-sie-zu-alt-fuer-eine-ausbildung\/#breadcrumb\"},\"inLanguage\":\"de\",\"potentialAction\":[{\"@type\":\"ReadAction\",\"target\":[\"https:\/\/www.euroakademie.de\/magazin\/sind-sie-zu-alt-fuer-eine-ausbildung\/\"]}]},{\"@type\":\"ImageObject\",\"inLanguage\":\"de\",\"@id\":\"https:\/\/www.euroakademie.de\/magazin\/sind-sie-zu-alt-fuer-eine-ausbildung\/#primaryimage\",\"url\":\"https:\/\/www.euroakademie.de\/magazin\/wp-content\/uploads\/2019\/03\/shutterstock_97957865_702x336_web.jpg\",\"contentUrl\":\"https:\/\/www.euroakademie.de\/magazin\/wp-content\/uploads\/2019\/03\/shutterstock_97957865_702x336_web.jpg\",\"width\":702,\"height\":337,\"caption\":\"\"},{\"@type\":\"BreadcrumbList\",\"@id\":\"https:\/\/www.euroakademie.de\/magazin\/sind-sie-zu-alt-fuer-eine-ausbildung\/#breadcrumb\",\"itemListElement\":[{\"@type\":\"ListItem\",\"position\":1,\"name\":\"Startseite\",\"item\":\"https:\/\/www.euroakademie.de\/magazin\/\"},{\"@type\":\"ListItem\",\"position\":2,\"name\":\"Sind Sie zu alt f\u00fcr eine Ausbildung?\"}]},{\"@type\":\"WebSite\",\"@id\":\"https:\/\/www.euroakademie.de\/magazin\/#website\",\"url\":\"https:\/\/www.euroakademie.de\/magazin\/\",\"name\":\"Das Euro Akademie Magazin\",\"description\":\"Gut informiert durch Ausbildung und Studium\",\"publisher\":{\"@id\":\"https:\/\/www.euroakademie.de\/magazin\/#organization\"},\"potentialAction\":[{\"@type\":\"SearchAction\",\"target\":{\"@type\":\"EntryPoint\",\"urlTemplate\":\"https:\/\/www.euroakademie.de\/magazin\/?s={search_term_string}\"},\"query-input\":{\"@type\":\"PropertyValueSpecification\",\"valueRequired\":true,\"valueName\":\"search_term_string\"}}],\"inLanguage\":\"de\"},{\"@type\":\"Organization\",\"@id\":\"https:\/\/www.euroakademie.de\/magazin\/#organization\",\"name\":\"ESO Education Group\",\"url\":\"https:\/\/www.euroakademie.de\/magazin\/\",\"logo\":{\"@type\":\"ImageObject\",\"inLanguage\":\"de\",\"@id\":\"https:\/\/www.euroakademie.de\/magazin\/#\/schema\/logo\/image\/\",\"url\":\"https:\/\/relaunch.euroakademie.de\/magazin\/wp-content\/uploads\/2024\/11\/Logo_EA_negativ_Rahmen_5cm_300dpi_RGB.jpg\",\"contentUrl\":\"https:\/\/relaunch.euroakademie.de\/magazin\/wp-content\/uploads\/2024\/11\/Logo_EA_negativ_Rahmen_5cm_300dpi_RGB.jpg\",\"width\":591,\"height\":236,\"caption\":\"ESO Education Group\"},\"image\":{\"@id\":\"https:\/\/www.euroakademie.de\/magazin\/#\/schema\/logo\/image\/\"}},{\"@type\":\"Person\",\"@id\":\"https:\/\/www.euroakademie.de\/magazin\/#\/schema\/person\/2c0d3896d19e86373c87f4ac022d4919\",\"name\":\"Tanja H\u00f6fling\",\"description\":\"Von Juli 2017 bis Juli 2022 informierte die ehemalige Online-Redakteurin des Euro Akademie Magazins regelm\u00e4\u00dfig \u00fcber Aktuelles und Wissenswertes zu den Themen Ausbildung, Studium und Beruf.\",\"url\":\"https:\/\/www.euroakademie.de\/magazin\/author\/hoeflingt\/\"}]}<\/script>\n<!-- \/ Yoast SEO plugin. -->","yoast_head_json":{"title":"Sind Sie zu alt f\u00fcr eine Ausbildung? \/ Euro Akademie Magazin","description":"Ihr Job macht Sie ungl\u00fccklich. Sie leiden schon l\u00e4nger an Boreout. Augen zu und durch oder nochmal eine Ausbildung oder ein Studium wagen?","robots":{"index":"index","follow":"follow","max-snippet":"max-snippet:-1","max-image-preview":"max-image-preview:large","max-video-preview":"max-video-preview:-1"},"canonical":"https:\/\/www.euroakademie.de\/magazin\/sind-sie-zu-alt-fuer-eine-ausbildung\/","og_locale":"de_DE","og_type":"article","og_title":"Sind Sie zu alt f\u00fcr eine Ausbildung? \/ Euro Akademie Magazin","og_description":"Ihr Job macht Sie ungl\u00fccklich. Sie leiden schon l\u00e4nger an Boreout. Augen zu und durch oder nochmal eine Ausbildung oder ein Studium wagen?","og_url":"https:\/\/www.euroakademie.de\/magazin\/sind-sie-zu-alt-fuer-eine-ausbildung\/","og_site_name":"Das Euro Akademie Magazin","article_published_time":"2019-03-18T07:10:25+00:00","article_modified_time":"2024-11-18T14:30:15+00:00","og_image":[{"width":702,"height":337,"url":"https:\/\/www.euroakademie.de\/magazin\/wp-content\/uploads\/2019\/03\/shutterstock_97957865_702x336_web.jpg","type":"image\/jpeg"}],"author":"Tanja H\u00f6fling","twitter_card":"summary_large_image","twitter_misc":{"Verfasst von":"Tanja H\u00f6fling","Gesch\u00e4tzte Lesezeit":"1\u00a0Minute"},"schema":{"@context":"https:\/\/schema.org","@graph":[{"@type":"Article","@id":"https:\/\/www.euroakademie.de\/magazin\/sind-sie-zu-alt-fuer-eine-ausbildung\/#article","isPartOf":{"@id":"https:\/\/www.euroakademie.de\/magazin\/sind-sie-zu-alt-fuer-eine-ausbildung\/"},"author":{"name":"Tanja H\u00f6fling","@id":"https:\/\/www.euroakademie.de\/magazin\/#\/schema\/person\/2c0d3896d19e86373c87f4ac022d4919"},"headline":"Sind Sie zu alt f\u00fcr eine Ausbildung?","datePublished":"2019-03-18T07:10:25+00:00","dateModified":"2024-11-18T14:30:15+00:00","mainEntityOfPage":{"@id":"https:\/\/www.euroakademie.de\/magazin\/sind-sie-zu-alt-fuer-eine-ausbildung\/"},"wordCount":622,"publisher":{"@id":"https:\/\/www.euroakademie.de\/magazin\/#organization"},"image":{"@id":"https:\/\/www.euroakademie.de\/magazin\/sind-sie-zu-alt-fuer-eine-ausbildung\/#primaryimage"},"thumbnailUrl":"https:\/\/www.euroakademie.de\/magazin\/wp-content\/uploads\/2019\/03\/shutterstock_97957865_702x336_web.jpg","keywords":["Alter","Ausbildungsunterst\u00fctzung","Boreout","EU-Programm: Quereinstieg - M\u00e4nner und Frauen in Kitas","Finanzierung","Lebenslauf","Neustart","Quereinsteiger","Unterst\u00fctzung","Ziele"],"articleSection":["Karriere"],"inLanguage":"de"},{"@type":"WebPage","@id":"https:\/\/www.euroakademie.de\/magazin\/sind-sie-zu-alt-fuer-eine-ausbildung\/","url":"https:\/\/www.euroakademie.de\/magazin\/sind-sie-zu-alt-fuer-eine-ausbildung\/","name":"Sind Sie zu alt f\u00fcr eine Ausbildung? \/ Euro Akademie Magazin","isPartOf":{"@id":"https:\/\/www.euroakademie.de\/magazin\/#website"},"primaryImageOfPage":{"@id":"https:\/\/www.euroakademie.de\/magazin\/sind-sie-zu-alt-fuer-eine-ausbildung\/#primaryimage"},"image":{"@id":"https:\/\/www.euroakademie.de\/magazin\/sind-sie-zu-alt-fuer-eine-ausbildung\/#primaryimage"},"thumbnailUrl":"https:\/\/www.euroakademie.de\/magazin\/wp-content\/uploads\/2019\/03\/shutterstock_97957865_702x336_web.jpg","datePublished":"2019-03-18T07:10:25+00:00","dateModified":"2024-11-18T14:30:15+00:00","description":"Ihr Job macht Sie ungl\u00fccklich. Sie leiden schon l\u00e4nger an Boreout. Augen zu und durch oder nochmal eine Ausbildung oder ein Studium wagen?","breadcrumb":{"@id":"https:\/\/www.euroakademie.de\/magazin\/sind-sie-zu-alt-fuer-eine-ausbildung\/#breadcrumb"},"inLanguage":"de","potentialAction":[{"@type":"ReadAction","target":["https:\/\/www.euroakademie.de\/magazin\/sind-sie-zu-alt-fuer-eine-ausbildung\/"]}]},{"@type":"ImageObject","inLanguage":"de","@id":"https:\/\/www.euroakademie.de\/magazin\/sind-sie-zu-alt-fuer-eine-ausbildung\/#primaryimage","url":"https:\/\/www.euroakademie.de\/magazin\/wp-content\/uploads\/2019\/03\/shutterstock_97957865_702x336_web.jpg","contentUrl":"https:\/\/www.euroakademie.de\/magazin\/wp-content\/uploads\/2019\/03\/shutterstock_97957865_702x336_web.jpg","width":702,"height":337,"caption":""},{"@type":"BreadcrumbList","@id":"https:\/\/www.euroakademie.de\/magazin\/sind-sie-zu-alt-fuer-eine-ausbildung\/#breadcrumb","itemListElement":[{"@type":"ListItem","position":1,"name":"Startseite","item":"https:\/\/www.euroakademie.de\/magazin\/"},{"@type":"ListItem","position":2,"name":"Sind Sie zu alt f\u00fcr eine Ausbildung?"}]},{"@type":"WebSite","@id":"https:\/\/www.euroakademie.de\/magazin\/#website","url":"https:\/\/www.euroakademie.de\/magazin\/","name":"Das Euro Akademie Magazin","description":"Gut informiert durch Ausbildung und Studium","publisher":{"@id":"https:\/\/www.euroakademie.de\/magazin\/#organization"},"potentialAction":[{"@type":"SearchAction","target":{"@type":"EntryPoint","urlTemplate":"https:\/\/www.euroakademie.de\/magazin\/?s={search_term_string}"},"query-input":{"@type":"PropertyValueSpecification","valueRequired":true,"valueName":"search_term_string"}}],"inLanguage":"de"},{"@type":"Organization","@id":"https:\/\/www.euroakademie.de\/magazin\/#organization","name":"ESO Education Group","url":"https:\/\/www.euroakademie.de\/magazin\/","logo":{"@type":"ImageObject","inLanguage":"de","@id":"https:\/\/www.euroakademie.de\/magazin\/#\/schema\/logo\/image\/","url":"https:\/\/relaunch.euroakademie.de\/magazin\/wp-content\/uploads\/2024\/11\/Logo_EA_negativ_Rahmen_5cm_300dpi_RGB.jpg","contentUrl":"https:\/\/relaunch.euroakademie.de\/magazin\/wp-content\/uploads\/2024\/11\/Logo_EA_negativ_Rahmen_5cm_300dpi_RGB.jpg","width":591,"height":236,"caption":"ESO Education Group"},"image":{"@id":"https:\/\/www.euroakademie.de\/magazin\/#\/schema\/logo\/image\/"}},{"@type":"Person","@id":"https:\/\/www.euroakademie.de\/magazin\/#\/schema\/person\/2c0d3896d19e86373c87f4ac022d4919","name":"Tanja H\u00f6fling","description":"Von Juli 2017 bis Juli 2022 informierte die ehemalige Online-Redakteurin des Euro Akademie Magazins regelm\u00e4\u00dfig \u00fcber Aktuelles und Wissenswertes zu den Themen Ausbildung, Studium und Beruf.","url":"https:\/\/www.euroakademie.de\/magazin\/author\/hoeflingt\/"}]}},"_links":{"self":[{"href":"https:\/\/www.euroakademie.de\/magazin\/wp-json\/wp\/v2\/posts\/8322","targetHints":{"allow":["GET"]}}],"collection":[{"href":"https:\/\/www.euroakademie.de\/magazin\/wp-json\/wp\/v2\/posts"}],"about":[{"href":"https:\/\/www.euroakademie.de\/magazin\/wp-json\/wp\/v2\/types\/post"}],"author":[{"embeddable":true,"href":"https:\/\/www.euroakademie.de\/magazin\/wp-json\/wp\/v2\/users\/58"}],"replies":[{"embeddable":true,"href":"https:\/\/www.euroakademie.de\/magazin\/wp-json\/wp\/v2\/comments?post=8322"}],"version-history":[{"count":3,"href":"https:\/\/www.euroakademie.de\/magazin\/wp-json\/wp\/v2\/posts\/8322\/revisions"}],"predecessor-version":[{"id":22857,"href":"https:\/\/www.euroakademie.de\/magazin\/wp-json\/wp\/v2\/posts\/8322\/revisions\/22857"}],"wp:featuredmedia":[{"embeddable":true,"href":"https:\/\/www.euroakademie.de\/magazin\/wp-json\/wp\/v2\/media\/8323"}],"wp:attachment":[{"href":"https:\/\/www.euroakademie.de\/magazin\/wp-json\/wp\/v2\/media?parent=8322"}],"wp:term":[{"taxonomy":"category","embeddable":true,"href":"https:\/\/www.euroakademie.de\/magazin\/wp-json\/wp\/v2\/categories?post=8322"},{"taxonomy":"post_tag","embeddable":true,"href":"https:\/\/www.euroakademie.de\/magazin\/wp-json\/wp\/v2\/tags?post=8322"}],"curies":[{"name":"wp","href":"https:\/\/api.w.org\/{rel}","templated":true}]}}