{"id":8369,"date":"2019-03-21T10:11:03","date_gmt":"2019-03-21T09:11:03","guid":{"rendered":"https:\/\/www.euroakademie.de\/magazin\/?p=8369"},"modified":"2025-12-23T14:51:47","modified_gmt":"2025-12-23T13:51:47","slug":"familienministerium-startet-programm-prokindertagespflege","status":"publish","type":"post","link":"https:\/\/www.euroakademie.de\/magazin\/familienministerium-startet-programm-prokindertagespflege\/","title":{"rendered":"Familienministerium startet Programm \u201eProKindertagespflege\u201c"},"content":{"rendered":"<p><![CDATA[\n<\/p>\n\n\n<p><strong>Sie sind gar nicht mehr wegzudenken aus der Betreuungslandschaft: Tagesm\u00fctter und Tagesv\u00e4ter. \u00dcber 40.000 von ihnen betreuen heute rund 167.500 Kinder in ganz Deutschland. F\u00fcr viele Familien sind sie die Rettung, wenn es um den Wiedereinstieg in den Beruf nach der Babypause geht. Mit dem Bundesprogramm \u201eProKindertagespflege \u2013 Wo Bildung f\u00fcr die Kleinsten beginnt\u201d sollen die Kommunen und Landkreise Unterst\u00fctzung dabei bekommen, die privaten Betreuungsanbieter zu qualifizieren und ihre Arbeitsbedingungen zu verbessern.<\/strong><\/p>\n\n\n\n<p>Auf der Suche nach einem Krippenplatz ist Miriam W. auf eine Tagesmutter ganz in der N\u00e4he ihres Wohnortes aufmerksam geworden. Vier Wochen nach einem Gespr\u00e4ch mit der ausgebildeten <a aria-label=\"Kinderpflegerin (\u00f6ffnet in neuem Tab)\" href=\"https:\/\/www.euroakademie.de\/de\/ausbildung\/paedagogik-soziales\/kinderpfleger.html\" target=\"_blank\" rel=\"noreferrer noopener\">Kinderpflegerin<\/a> fand die Eingew\u00f6hnung in der famili\u00e4ren Betreuungsgruppe in einem kindgerecht gestalteten Raum bei der Tagesmutter statt. Gl\u00fcck gehabt! Die Pl\u00e4tze bei den privaten Betreuungskr\u00e4ften sind genauso begehrt wie die in der Krippe. In vielen St\u00e4dten und Gemeinden sind die p\u00e4dagogischen Einrichtungen f\u00fcr unter Dreij\u00e4hrige \u00fcberf\u00fcllt. Trotz gesetzlichen Anspruchs auf einen Krippenplatz laufen sich Eltern die F\u00fc\u00dfe wund, um ihren Nachwuchs w\u00e4hrend der Arbeit in gute und qualifizierte H\u00e4nde zu geben. Tagesm\u00fctter und Tagesv\u00e4ter, die keine p\u00e4dagogische Vorbildung haben, m\u00fcssen eine sogenannte Grundqualifizierung absolvieren. Wer sich auf die gestiegenen Anforderungen in der Bildung und Betreuung der Kleinsten vorbereiten will, entscheidet sich zus\u00e4tzlich praxisbegleitend f\u00fcr eine Qualifizierung nach dem <a href=\"https:\/\/www.dji.de\/ueber-uns\/projekte\/projekte\/kompetenzorientiertes-qualifizierungshandbuch-kindertagespflege.html\" target=\"_blank\" rel=\"noreferrer noopener\">&#8222;Kompetenzorientierten Qualifizierungshandbuch&#8220; des deutschen Jugendinstituts (DJI)<\/a>.<\/p>\n\n\n\n<h2 class=\"wp-block-heading\">F\u00f6rdermittel in H\u00f6he von 22,5 Millionen \u2013 sieben Themenfelder<\/h2>\n\n\n\n<p>In der Kinderkrippe arbeiten <a rel=\"noreferrer noopener\" aria-label=\"Erzieher (\u00f6ffnet in neuem Tab)\" href=\"https:\/\/www.euroakademie.de\/de\/ausbildung\/paedagogik-soziales\/erzieher.html\" target=\"_blank\">Erzieher<\/a>, Kinderpfleger und <a href=\"https:\/\/www.euroakademie.de\/de\/ausbildung\/paedagogik-soziales\/sozialassistent.html\">Sozialassistenten<\/a>. Sie alle haben eine mehrj\u00e4hrige Ausbildung hinter sich. Nun sollen auch Tagesm\u00fctter und -v\u00e4ter besser qualifiziert werden und mehr Geld verdienen. Daf\u00fcr stellt der Bund bis Ende 2021 F\u00f6rdermittel in H\u00f6he von 22,5 Millionen Euro zur Verf\u00fcgung. <\/p>\n\n\n\n<p>Im <a href=\"https:\/\/www.bmbfsfj.bund.de\/resource\/blob\/133462\/d21810ae4407d6609b3d21c5bc92da58\/informationen-bundesprogramm-prokindertagespflege-data.pdf\" target=\"_blank\" rel=\"noreferrer noopener\" label=\"Infopapier des Bundesministeriums Familien, Senioren, Frauen und Jugend (\u00f6ffnet in neuem Tab)\">Infopapier des Bundesministeriums Familien, Senioren, Frauen und Jugend<\/a> sind sieben Themenfelder festgelegt, die f\u00fcr eine Verbesserung der Tagespflege bei Kindern, Eltern und Betreuern sorgen sollen:<\/p>\n\n\n\n<ol class=\"wp-block-list\">\n<li>Fachkr\u00e4ftegewinnung und -bindung<\/li>\n\n\n\n<li>Fachberatung<\/li>\n\n\n\n<li>Vertretung bei Urlaub oder Krankheit<\/li>\n\n\n\n<li>Inklusion<\/li>\n\n\n\n<li>Zusammenwirken mit Familien<\/li>\n\n\n\n<li>Merkmale Kindertagespflege definieren<\/li>\n\n\n\n<li>Verg\u00fctung in der Kindertagespflege<br><\/li>\n<\/ol>\n\n\n\n<p>Auf <a href=\"https:\/\/www.fruehe-chancen.de\/\" target=\"_blank\" rel=\"noreferrer noopener\">fr\u00fche-chancen.de<\/a> bekommen Sie alle m\u00f6glichen Fragen zu dieser T\u00e4tigkeit beantwortet: Wie werde ich Tagesmutter oder Tagesvater? Welche rechtlichen Dinge muss ich beachten? Wie komme ich an die Pflegeerlaubnis?<\/p>\n\n\n\n<h2 class=\"wp-block-heading\">Mehr Qualifikation? Werden Sie Erzieher, Sozialassistent oder Kinderpfleger<br><\/h2>\n\n\n\n<p>Wenn Ihnen die Betreuung von Kindern am Herzen liegt, ist eine <a href=\"https:\/\/www.euroakademie.de\/bildungsangebote?fachbereich[]=P%C3%A4dagogik%20%26%20Soziales&amp;typ[]=Ausbildung\">Ausbildung zum Erzieher<\/a> oder zum Kinderpfleger eine super Sache. Hier bekommen Sie umfassendes p\u00e4dagogisches Wissen vermittelt und schnuppern w\u00e4hrend der Praktika in verschiedene Betreuungseinrichtungen rein. Mit einer Ausbildung im Bereich der fr\u00fchkindlichen Bildung stehen Ihnen alle T\u00fcren offen \u2013 Erzieher und Co. sind hei\u00df begehrt. Au\u00dferdem k\u00f6nnen Sie sich mit <a aria-label=\"Weiterbildungen (\u00f6ffnet in neuem Tab)\" href=\"https:\/\/www.euroakademie.de\/de\/weiterbildung\/\" target=\"_blank\" rel=\"noreferrer noopener\">Weiterbildungen<\/a> in Themenfeldern spezialisieren, die Sie besonders interessieren \u2013 zum Beispiel im Bereich <a href=\"https:\/\/www.euroakademie.de\/details\/B4____L5824_8S_1\/Heilpaedagogische-Zusatzqualifikation-HPZ\">Heilp\u00e4dagogik<\/a> oder der<a href=\"https:\/\/www.euroakademie.de\/details\/IXR72__682Q18S_1\/Facherzieherin-fuer-Integration---Zusatzqualifizierung\"> Integration von Kindern mit Behinderung.<\/a><\/p>\n\n\n\n<p>F\u00fcr Quereinsteiger, die bereits im Berufsleben stehen, bietet die Euro Akademie auch <a href=\"https:\/\/www.euroakademie.de\/bildungsangebote?fachbereich[]=P%C3%A4dagogik%20%26%20Soziales&amp;bildungsform[]=berufsbegleitend&amp;typ[]=Ausbildung\">berufsbegleitende Ausbildungsg\u00e4nge<\/a> an verschiedenen Standorten an. So k\u00f6nnen Sie sich ohne finanzielle Bauchschmerzen f\u00fcr eine Zweitausbildung entscheiden oder auch als Mama oder Papa noch die Weichen in Richtung p\u00e4dagogische Karriere stellen.<\/p>\n\n\n\n<div class=\"wp-block-buttons is-content-justification-center is-layout-flex wp-container-core-buttons-is-layout-16018d1d wp-block-buttons-is-layout-flex\">\n<div class=\"wp-block-button has-custom-font-size has-regular-font-size\"><a class=\"wp-block-button__link has-background wp-element-button\" href=\"https:\/\/www.euroakademie.de\/bildungsangebote\/paedagogik-soziales\" style=\"background-color:#f39200;padding-top:var(--wp--preset--spacing--20);padding-right:var(--wp--preset--spacing--20);padding-bottom:var(--wp--preset--spacing--20);padding-left:var(--wp--preset--spacing--20)\">Kinder liegen dir am Herzen? Dann mache eine Ausbildung im Bereich P\u00e4dagogik &amp; Soziales an der Euro Akademie!<\/a><\/div>\n<\/div>\n\n\n\n<p><\/p>\n","protected":false},"excerpt":{"rendered":"<p>\t\t\t\t<![CDATA[Tagesm\u00fctter und Tagesv\u00e4ter sind gar nicht mehr wegzudenken aus der Betreuungslandschaft. F\u00fcr viele Familien sind sie die Rettung, wenn es um den Wiedereinstieg in den Beruf nach der Babypause geht.]]>\t\t<\/p>\n","protected":false},"author":58,"featured_media":8373,"comment_status":"closed","ping_status":"closed","sticky":false,"template":"","format":"standard","meta":{"footnotes":""},"categories":[82,19],"tags":[1681,2587,2848,3265,6217,6673,6811,8095,9091],"class_list":{"0":"post-8369","1":"post","2":"type-post","3":"status-publish","4":"format-standard","5":"has-post-thumbnail","7":"category-branchennews","8":"category-paedagogik-soziales","9":"tag-bundesprogramm","10":"tag-erzieher","11":"tag-familienministerium","12":"tag-fruehpaedagogik","13":"tag-paedagogik","14":"tag-pro-kindertagespflege","15":"tag-qualifizierung","16":"tag-tagespflege","17":"tag-weiterbildung"},"yoast_head":"<!-- This site is optimized with the Yoast SEO plugin v23.5 - https:\/\/yoast.com\/wordpress\/plugins\/seo\/ -->\n<title>Familienministerium startet das Programm &quot;ProKindertagespflege&quot;<\/title>\n<meta name=\"description\" content=\"Mit dem Bundesprogramm \u201eProKindertagespflege \u2013 Wo Bildung f\u00fcr die Kleinsten beginnt\u201d sollen Tagesm\u00fctter und -v\u00e4ter besser qualifiziert und bezahlt werden.\" \/>\n<meta name=\"robots\" content=\"index, follow, max-snippet:-1, max-image-preview:large, max-video-preview:-1\" \/>\n<link rel=\"canonical\" href=\"https:\/\/www.euroakademie.de\/magazin\/familienministerium-startet-programm-prokindertagespflege\/\" \/>\n<meta property=\"og:locale\" content=\"de_DE\" \/>\n<meta property=\"og:type\" content=\"article\" \/>\n<meta property=\"og:title\" content=\"Familienministerium startet das Programm &quot;ProKindertagespflege&quot;\" \/>\n<meta property=\"og:description\" content=\"Mit dem Bundesprogramm \u201eProKindertagespflege \u2013 Wo Bildung f\u00fcr die Kleinsten beginnt\u201d sollen Tagesm\u00fctter und -v\u00e4ter besser qualifiziert und bezahlt werden.\" \/>\n<meta property=\"og:url\" content=\"https:\/\/www.euroakademie.de\/magazin\/familienministerium-startet-programm-prokindertagespflege\/\" \/>\n<meta property=\"og:site_name\" content=\"Das Euro Akademie Magazin\" \/>\n<meta property=\"article:published_time\" content=\"2019-03-21T09:11:03+00:00\" \/>\n<meta property=\"article:modified_time\" content=\"2025-12-23T13:51:47+00:00\" \/>\n<meta property=\"og:image\" content=\"https:\/\/www.euroakademie.de\/magazin\/wp-content\/uploads\/2019\/03\/shutterstock_245351359_702x336_web.jpg\" \/>\n\t<meta property=\"og:image:width\" content=\"702\" \/>\n\t<meta property=\"og:image:height\" content=\"336\" \/>\n\t<meta property=\"og:image:type\" content=\"image\/jpeg\" \/>\n<meta name=\"author\" content=\"Tanja H\u00f6fling\" \/>\n<meta name=\"twitter:card\" content=\"summary_large_image\" \/>\n<meta name=\"twitter:label1\" content=\"Verfasst von\" \/>\n\t<meta name=\"twitter:data1\" content=\"Tanja H\u00f6fling\" \/>\n\t<meta name=\"twitter:label2\" content=\"Gesch\u00e4tzte Lesezeit\" \/>\n\t<meta name=\"twitter:data2\" content=\"1\u00a0Minute\" \/>\n<script type=\"application\/ld+json\" class=\"yoast-schema-graph\">{\"@context\":\"https:\/\/schema.org\",\"@graph\":[{\"@type\":\"Article\",\"@id\":\"https:\/\/www.euroakademie.de\/magazin\/familienministerium-startet-programm-prokindertagespflege\/#article\",\"isPartOf\":{\"@id\":\"https:\/\/www.euroakademie.de\/magazin\/familienministerium-startet-programm-prokindertagespflege\/\"},\"author\":{\"name\":\"Tanja H\u00f6fling\",\"@id\":\"https:\/\/www.euroakademie.de\/magazin\/#\/schema\/person\/2c0d3896d19e86373c87f4ac022d4919\"},\"headline\":\"Familienministerium startet Programm \u201eProKindertagespflege\u201c\",\"datePublished\":\"2019-03-21T09:11:03+00:00\",\"dateModified\":\"2025-12-23T13:51:47+00:00\",\"mainEntityOfPage\":{\"@id\":\"https:\/\/www.euroakademie.de\/magazin\/familienministerium-startet-programm-prokindertagespflege\/\"},\"wordCount\":544,\"publisher\":{\"@id\":\"https:\/\/www.euroakademie.de\/magazin\/#organization\"},\"image\":{\"@id\":\"https:\/\/www.euroakademie.de\/magazin\/familienministerium-startet-programm-prokindertagespflege\/#primaryimage\"},\"thumbnailUrl\":\"https:\/\/www.euroakademie.de\/magazin\/wp-content\/uploads\/2019\/03\/shutterstock_245351359_702x336_web.jpg\",\"keywords\":[\"Bundesprogramm\",\"Erzieher\",\"Familienministerium\",\"Fr\u00fchp\u00e4dagogik\",\"P\u00e4dagogik\",\"Pro Kindertagespflege\",\"Qualifizierung\",\"Tagespflege\",\"Weiterbildung\"],\"articleSection\":[\"Branchennews\",\"P\u00e4dagogik &amp; Soziales\"],\"inLanguage\":\"de\"},{\"@type\":\"WebPage\",\"@id\":\"https:\/\/www.euroakademie.de\/magazin\/familienministerium-startet-programm-prokindertagespflege\/\",\"url\":\"https:\/\/www.euroakademie.de\/magazin\/familienministerium-startet-programm-prokindertagespflege\/\",\"name\":\"Familienministerium startet das Programm \\\"ProKindertagespflege\\\"\",\"isPartOf\":{\"@id\":\"https:\/\/www.euroakademie.de\/magazin\/#website\"},\"primaryImageOfPage\":{\"@id\":\"https:\/\/www.euroakademie.de\/magazin\/familienministerium-startet-programm-prokindertagespflege\/#primaryimage\"},\"image\":{\"@id\":\"https:\/\/www.euroakademie.de\/magazin\/familienministerium-startet-programm-prokindertagespflege\/#primaryimage\"},\"thumbnailUrl\":\"https:\/\/www.euroakademie.de\/magazin\/wp-content\/uploads\/2019\/03\/shutterstock_245351359_702x336_web.jpg\",\"datePublished\":\"2019-03-21T09:11:03+00:00\",\"dateModified\":\"2025-12-23T13:51:47+00:00\",\"description\":\"Mit dem Bundesprogramm \u201eProKindertagespflege \u2013 Wo Bildung f\u00fcr die Kleinsten beginnt\u201d sollen Tagesm\u00fctter und -v\u00e4ter besser qualifiziert und bezahlt werden.\",\"breadcrumb\":{\"@id\":\"https:\/\/www.euroakademie.de\/magazin\/familienministerium-startet-programm-prokindertagespflege\/#breadcrumb\"},\"inLanguage\":\"de\",\"potentialAction\":[{\"@type\":\"ReadAction\",\"target\":[\"https:\/\/www.euroakademie.de\/magazin\/familienministerium-startet-programm-prokindertagespflege\/\"]}]},{\"@type\":\"ImageObject\",\"inLanguage\":\"de\",\"@id\":\"https:\/\/www.euroakademie.de\/magazin\/familienministerium-startet-programm-prokindertagespflege\/#primaryimage\",\"url\":\"https:\/\/www.euroakademie.de\/magazin\/wp-content\/uploads\/2019\/03\/shutterstock_245351359_702x336_web.jpg\",\"contentUrl\":\"https:\/\/www.euroakademie.de\/magazin\/wp-content\/uploads\/2019\/03\/shutterstock_245351359_702x336_web.jpg\",\"width\":702,\"height\":336,\"caption\":\"\"},{\"@type\":\"BreadcrumbList\",\"@id\":\"https:\/\/www.euroakademie.de\/magazin\/familienministerium-startet-programm-prokindertagespflege\/#breadcrumb\",\"itemListElement\":[{\"@type\":\"ListItem\",\"position\":1,\"name\":\"Startseite\",\"item\":\"https:\/\/www.euroakademie.de\/magazin\/\"},{\"@type\":\"ListItem\",\"position\":2,\"name\":\"Familienministerium startet Programm \u201eProKindertagespflege\u201c\"}]},{\"@type\":\"WebSite\",\"@id\":\"https:\/\/www.euroakademie.de\/magazin\/#website\",\"url\":\"https:\/\/www.euroakademie.de\/magazin\/\",\"name\":\"Das Euro Akademie Magazin\",\"description\":\"Gut informiert durch Ausbildung und Studium\",\"publisher\":{\"@id\":\"https:\/\/www.euroakademie.de\/magazin\/#organization\"},\"potentialAction\":[{\"@type\":\"SearchAction\",\"target\":{\"@type\":\"EntryPoint\",\"urlTemplate\":\"https:\/\/www.euroakademie.de\/magazin\/?s={search_term_string}\"},\"query-input\":{\"@type\":\"PropertyValueSpecification\",\"valueRequired\":true,\"valueName\":\"search_term_string\"}}],\"inLanguage\":\"de\"},{\"@type\":\"Organization\",\"@id\":\"https:\/\/www.euroakademie.de\/magazin\/#organization\",\"name\":\"ESO Education Group\",\"url\":\"https:\/\/www.euroakademie.de\/magazin\/\",\"logo\":{\"@type\":\"ImageObject\",\"inLanguage\":\"de\",\"@id\":\"https:\/\/www.euroakademie.de\/magazin\/#\/schema\/logo\/image\/\",\"url\":\"https:\/\/relaunch.euroakademie.de\/magazin\/wp-content\/uploads\/2024\/11\/Logo_EA_negativ_Rahmen_5cm_300dpi_RGB.jpg\",\"contentUrl\":\"https:\/\/relaunch.euroakademie.de\/magazin\/wp-content\/uploads\/2024\/11\/Logo_EA_negativ_Rahmen_5cm_300dpi_RGB.jpg\",\"width\":591,\"height\":236,\"caption\":\"ESO Education Group\"},\"image\":{\"@id\":\"https:\/\/www.euroakademie.de\/magazin\/#\/schema\/logo\/image\/\"}},{\"@type\":\"Person\",\"@id\":\"https:\/\/www.euroakademie.de\/magazin\/#\/schema\/person\/2c0d3896d19e86373c87f4ac022d4919\",\"name\":\"Tanja H\u00f6fling\",\"description\":\"Von Juli 2017 bis Juli 2022 informierte die ehemalige Online-Redakteurin des Euro Akademie Magazins regelm\u00e4\u00dfig \u00fcber Aktuelles und Wissenswertes zu den Themen Ausbildung, Studium und Beruf.\",\"url\":\"https:\/\/www.euroakademie.de\/magazin\/author\/hoeflingt\/\"}]}<\/script>\n<!-- \/ Yoast SEO plugin. -->","yoast_head_json":{"title":"Familienministerium startet das Programm \"ProKindertagespflege\"","description":"Mit dem Bundesprogramm \u201eProKindertagespflege \u2013 Wo Bildung f\u00fcr die Kleinsten beginnt\u201d sollen Tagesm\u00fctter und -v\u00e4ter besser qualifiziert und bezahlt werden.","robots":{"index":"index","follow":"follow","max-snippet":"max-snippet:-1","max-image-preview":"max-image-preview:large","max-video-preview":"max-video-preview:-1"},"canonical":"https:\/\/www.euroakademie.de\/magazin\/familienministerium-startet-programm-prokindertagespflege\/","og_locale":"de_DE","og_type":"article","og_title":"Familienministerium startet das Programm \"ProKindertagespflege\"","og_description":"Mit dem Bundesprogramm \u201eProKindertagespflege \u2013 Wo Bildung f\u00fcr die Kleinsten beginnt\u201d sollen Tagesm\u00fctter und -v\u00e4ter besser qualifiziert und bezahlt werden.","og_url":"https:\/\/www.euroakademie.de\/magazin\/familienministerium-startet-programm-prokindertagespflege\/","og_site_name":"Das Euro Akademie Magazin","article_published_time":"2019-03-21T09:11:03+00:00","article_modified_time":"2025-12-23T13:51:47+00:00","og_image":[{"width":702,"height":336,"url":"https:\/\/www.euroakademie.de\/magazin\/wp-content\/uploads\/2019\/03\/shutterstock_245351359_702x336_web.jpg","type":"image\/jpeg"}],"author":"Tanja H\u00f6fling","twitter_card":"summary_large_image","twitter_misc":{"Verfasst von":"Tanja H\u00f6fling","Gesch\u00e4tzte Lesezeit":"1\u00a0Minute"},"schema":{"@context":"https:\/\/schema.org","@graph":[{"@type":"Article","@id":"https:\/\/www.euroakademie.de\/magazin\/familienministerium-startet-programm-prokindertagespflege\/#article","isPartOf":{"@id":"https:\/\/www.euroakademie.de\/magazin\/familienministerium-startet-programm-prokindertagespflege\/"},"author":{"name":"Tanja H\u00f6fling","@id":"https:\/\/www.euroakademie.de\/magazin\/#\/schema\/person\/2c0d3896d19e86373c87f4ac022d4919"},"headline":"Familienministerium startet Programm \u201eProKindertagespflege\u201c","datePublished":"2019-03-21T09:11:03+00:00","dateModified":"2025-12-23T13:51:47+00:00","mainEntityOfPage":{"@id":"https:\/\/www.euroakademie.de\/magazin\/familienministerium-startet-programm-prokindertagespflege\/"},"wordCount":544,"publisher":{"@id":"https:\/\/www.euroakademie.de\/magazin\/#organization"},"image":{"@id":"https:\/\/www.euroakademie.de\/magazin\/familienministerium-startet-programm-prokindertagespflege\/#primaryimage"},"thumbnailUrl":"https:\/\/www.euroakademie.de\/magazin\/wp-content\/uploads\/2019\/03\/shutterstock_245351359_702x336_web.jpg","keywords":["Bundesprogramm","Erzieher","Familienministerium","Fr\u00fchp\u00e4dagogik","P\u00e4dagogik","Pro Kindertagespflege","Qualifizierung","Tagespflege","Weiterbildung"],"articleSection":["Branchennews","P\u00e4dagogik &amp; Soziales"],"inLanguage":"de"},{"@type":"WebPage","@id":"https:\/\/www.euroakademie.de\/magazin\/familienministerium-startet-programm-prokindertagespflege\/","url":"https:\/\/www.euroakademie.de\/magazin\/familienministerium-startet-programm-prokindertagespflege\/","name":"Familienministerium startet das Programm \"ProKindertagespflege\"","isPartOf":{"@id":"https:\/\/www.euroakademie.de\/magazin\/#website"},"primaryImageOfPage":{"@id":"https:\/\/www.euroakademie.de\/magazin\/familienministerium-startet-programm-prokindertagespflege\/#primaryimage"},"image":{"@id":"https:\/\/www.euroakademie.de\/magazin\/familienministerium-startet-programm-prokindertagespflege\/#primaryimage"},"thumbnailUrl":"https:\/\/www.euroakademie.de\/magazin\/wp-content\/uploads\/2019\/03\/shutterstock_245351359_702x336_web.jpg","datePublished":"2019-03-21T09:11:03+00:00","dateModified":"2025-12-23T13:51:47+00:00","description":"Mit dem Bundesprogramm \u201eProKindertagespflege \u2013 Wo Bildung f\u00fcr die Kleinsten beginnt\u201d sollen Tagesm\u00fctter und -v\u00e4ter besser qualifiziert und bezahlt werden.","breadcrumb":{"@id":"https:\/\/www.euroakademie.de\/magazin\/familienministerium-startet-programm-prokindertagespflege\/#breadcrumb"},"inLanguage":"de","potentialAction":[{"@type":"ReadAction","target":["https:\/\/www.euroakademie.de\/magazin\/familienministerium-startet-programm-prokindertagespflege\/"]}]},{"@type":"ImageObject","inLanguage":"de","@id":"https:\/\/www.euroakademie.de\/magazin\/familienministerium-startet-programm-prokindertagespflege\/#primaryimage","url":"https:\/\/www.euroakademie.de\/magazin\/wp-content\/uploads\/2019\/03\/shutterstock_245351359_702x336_web.jpg","contentUrl":"https:\/\/www.euroakademie.de\/magazin\/wp-content\/uploads\/2019\/03\/shutterstock_245351359_702x336_web.jpg","width":702,"height":336,"caption":""},{"@type":"BreadcrumbList","@id":"https:\/\/www.euroakademie.de\/magazin\/familienministerium-startet-programm-prokindertagespflege\/#breadcrumb","itemListElement":[{"@type":"ListItem","position":1,"name":"Startseite","item":"https:\/\/www.euroakademie.de\/magazin\/"},{"@type":"ListItem","position":2,"name":"Familienministerium startet Programm \u201eProKindertagespflege\u201c"}]},{"@type":"WebSite","@id":"https:\/\/www.euroakademie.de\/magazin\/#website","url":"https:\/\/www.euroakademie.de\/magazin\/","name":"Das Euro Akademie Magazin","description":"Gut informiert durch Ausbildung und Studium","publisher":{"@id":"https:\/\/www.euroakademie.de\/magazin\/#organization"},"potentialAction":[{"@type":"SearchAction","target":{"@type":"EntryPoint","urlTemplate":"https:\/\/www.euroakademie.de\/magazin\/?s={search_term_string}"},"query-input":{"@type":"PropertyValueSpecification","valueRequired":true,"valueName":"search_term_string"}}],"inLanguage":"de"},{"@type":"Organization","@id":"https:\/\/www.euroakademie.de\/magazin\/#organization","name":"ESO Education Group","url":"https:\/\/www.euroakademie.de\/magazin\/","logo":{"@type":"ImageObject","inLanguage":"de","@id":"https:\/\/www.euroakademie.de\/magazin\/#\/schema\/logo\/image\/","url":"https:\/\/relaunch.euroakademie.de\/magazin\/wp-content\/uploads\/2024\/11\/Logo_EA_negativ_Rahmen_5cm_300dpi_RGB.jpg","contentUrl":"https:\/\/relaunch.euroakademie.de\/magazin\/wp-content\/uploads\/2024\/11\/Logo_EA_negativ_Rahmen_5cm_300dpi_RGB.jpg","width":591,"height":236,"caption":"ESO Education Group"},"image":{"@id":"https:\/\/www.euroakademie.de\/magazin\/#\/schema\/logo\/image\/"}},{"@type":"Person","@id":"https:\/\/www.euroakademie.de\/magazin\/#\/schema\/person\/2c0d3896d19e86373c87f4ac022d4919","name":"Tanja H\u00f6fling","description":"Von Juli 2017 bis Juli 2022 informierte die ehemalige Online-Redakteurin des Euro Akademie Magazins regelm\u00e4\u00dfig \u00fcber Aktuelles und Wissenswertes zu den Themen Ausbildung, Studium und Beruf.","url":"https:\/\/www.euroakademie.de\/magazin\/author\/hoeflingt\/"}]}},"_links":{"self":[{"href":"https:\/\/www.euroakademie.de\/magazin\/wp-json\/wp\/v2\/posts\/8369","targetHints":{"allow":["GET"]}}],"collection":[{"href":"https:\/\/www.euroakademie.de\/magazin\/wp-json\/wp\/v2\/posts"}],"about":[{"href":"https:\/\/www.euroakademie.de\/magazin\/wp-json\/wp\/v2\/types\/post"}],"author":[{"embeddable":true,"href":"https:\/\/www.euroakademie.de\/magazin\/wp-json\/wp\/v2\/users\/58"}],"replies":[{"embeddable":true,"href":"https:\/\/www.euroakademie.de\/magazin\/wp-json\/wp\/v2\/comments?post=8369"}],"version-history":[{"count":3,"href":"https:\/\/www.euroakademie.de\/magazin\/wp-json\/wp\/v2\/posts\/8369\/revisions"}],"predecessor-version":[{"id":29157,"href":"https:\/\/www.euroakademie.de\/magazin\/wp-json\/wp\/v2\/posts\/8369\/revisions\/29157"}],"wp:featuredmedia":[{"embeddable":true,"href":"https:\/\/www.euroakademie.de\/magazin\/wp-json\/wp\/v2\/media\/8373"}],"wp:attachment":[{"href":"https:\/\/www.euroakademie.de\/magazin\/wp-json\/wp\/v2\/media?parent=8369"}],"wp:term":[{"taxonomy":"category","embeddable":true,"href":"https:\/\/www.euroakademie.de\/magazin\/wp-json\/wp\/v2\/categories?post=8369"},{"taxonomy":"post_tag","embeddable":true,"href":"https:\/\/www.euroakademie.de\/magazin\/wp-json\/wp\/v2\/tags?post=8369"}],"curies":[{"name":"wp","href":"https:\/\/api.w.org\/{rel}","templated":true}]}}