{"id":8535,"date":"2019-04-26T08:15:05","date_gmt":"2019-04-26T06:15:05","guid":{"rendered":"https:\/\/www.euroakademie.de\/magazin\/?p=8535"},"modified":"2024-10-30T11:53:43","modified_gmt":"2024-10-30T10:53:43","slug":"klimaschutz-im-alltag","status":"publish","type":"post","link":"https:\/\/www.euroakademie.de\/magazin\/klimaschutz-im-alltag\/","title":{"rendered":"Nur noch kurz die Welt retten: Klimaschutz im Alltag"},"content":{"rendered":"<p><![CDATA[\n<\/p>\n\n\n<p><strong>Sp\u00e4testens seit den <a href=\"https:\/\/www.euroakademie.de\/magazin\/fridays-for-future-was-sie-wissen-muessen\/\" target=\"_blank\" rel=\"noreferrer noopener\" aria-label=\" (\u00f6ffnet in neuem Tab)\">\u201eFridays for Future\u201c<\/a>-Demonstrationen wissen Sch\u00fcler, Auszubildende und Studenten: Wir alle k\u00f6nnen f\u00fcr die Zukunft unseres Planeten k\u00e4mpfen. Jeder von uns kann etwas tun, um den Klimawandel noch aufzuhalten. Und das f\u00e4ngt schon im Kleinen an. Wer nachhaltig lebt und auf seinen Energieverbrauch achtet, kann mit einfachen Methoden das Klima sch\u00fctzen. <\/strong><\/p>\n\n\n\n<h2 class=\"wp-block-heading\">Versteckte Stromschlucker<\/h2>\n\n\n\n<p>Vom Computer \u00fcber die Waschmaschine bis hin zum K\u00fchlschrank \u2013 der Haushalt ist voll von Ger\u00e4ten, die Strom verbrauchen. Wer noch in der Ausbildung steckt, hat meistens nicht das <a href=\"https:\/\/www.euroakademie.de\/magazin\/setzen-sie-ihre-ausbildungskosten-und-studienkosten-ab\/\" target=\"_blank\" rel=\"noreferrer noopener\" aria-label=\" (\u00f6ffnet in neuem Tab)\">Geld<\/a>, um alte Stromfresser durch neue, energieeffiziente Ger\u00e4te zu ersetzen. Aber es gibt auch simplere Sparmethoden. Die einfachste ist: Unbenutzte Ger\u00e4te immer ausstecken! Auch das Handy-Ladeger\u00e4t, das die meiste Zeit sinnlos an der Steckdose h\u00e4ngt, verbraucht Energie. Und Fernseher und Stereo-Anlage, die einfach in den Standby-Modus schalten? Etwa 100 \u20ac Stromkosten bezahlen Sie jedes Jahr nur, weil die Ger\u00e4te nicht komplett ausgeschaltet sind. <\/p>\n\n\n\n<p>Doch es gibt noch mehr Stroms\u00fcnder im Haushalt. Die gute alte Gl\u00fchbirne wird inzwischen durch LED-Leuchten und Energiesparlampen ersetzt \u2013 und das ist richtig so! Mit einer LED-Lampe ist der Stromverbrauch n\u00e4mlich bis zu 90 Prozent geringer. Aber wussten Sie, dass Sie beim Kochen ein Drittel der Energie sparen k\u00f6nnen, wenn Sie einfach einen Deckel auf den Topf legen? Auch ein Wasserkocher ist der Freund aller Klimasch\u00fctzer: 90 Kilogramm weniger CO2 produzieren Sie j\u00e4hrlich, wenn Sie das Wasser nicht auf der Herdplatte erhitzen. <\/p>\n\n\n\n<h2 class=\"wp-block-heading\">Nachhaltig einkaufen: regional und saisonal<\/h2>\n\n\n\n<p>Wenn die Avocado in Ihrem Obstkorb ankommt, hat sie schon einen langen Weg hinter sich. Tausende Kilometer mit dem Schiff und auf LKWs, dann ein Aufenthalt in einer Reifekammer und schlie\u00dflich der Transport in den Supermarkt \u2013 klar, dass die Energiebilanz von importierten Fr\u00fcchten ziemlich schlecht ist. Wer Obst und Gem\u00fcse regional kauft, sch\u00fctzt das Klima und unterst\u00fctzt gleichzeitig die Bauern in der Region. <\/p>\n\n\n\n<p>Den gr\u00f6\u00dften Einfluss auf unseren \u00f6kologischen Fu\u00dfabdruck hat aber der Konsum tierischer Produkte. Drei Viertel aller Agrarfl\u00e4chen k\u00f6nnten wir einsparen, wenn wir keine Tierprodukte mehr essen w\u00fcrden. Wer nicht auf sein Steak verzichten m\u00f6chte, sollte zumindest versuchen, seinen Fleischkonsum zu reduzieren. Und dann kommt am besten nur gutes Biofleisch auf den Tisch. Das ist nicht nur f\u00fcr die Tiere besser, die in Massentierhaltung oft nicht einmal das Tageslicht sehen. Die Deutsche Gesellschaft f\u00fcr Ern\u00e4hrung empfiehlt maximal 600 Gramm Fleisch pro Woche \u2013 Sie tun also auch Ihrer Gesundheit etwas Gutes. <\/p>\n\n\n\n<h2 class=\"wp-block-heading\">Dem Klimawandel davonradeln<\/h2>\n\n\n\n<p>Kurz in den Supermarkt, zum B\u00e4cker oder um die Ecke zu Oma? Oft nehmen wir selbst f\u00fcr die k\u00fcrzesten Strecken das Auto. Das mag bequem sein, die Abgase sind aber Gift f\u00fcr die Umwelt. Also: Lieber mal das Auto stehen lassen und aufs <a href=\"https:\/\/www.euroakademie.de\/magazin\/fahrradklima-test\/\" target=\"_blank\" rel=\"noreferrer noopener\" aria-label=\" (\u00f6ffnet in neuem Tab)\">Fahrrad<\/a> umsteigen. Damit sparen Sie sich die nervige Parkplatzsuche und helfen dem Klima. <br>Bei schlechtem Wetter bringen Sie die \u00f6ffentlichen Verkehrsmittel ans Ziel. Vielleicht finden Sie aber auch Mitsch\u00fcler und Kollegen, die mit Ihnen eine Fahrgemeinschaft gr\u00fcnden wollen?  <\/p>\n\n\n\n<h2 class=\"wp-block-heading\">Mit gutem Beispiel voran<\/h2>\n\n\n\n<p>Klimaschutz funktioniert nur, wenn wir alle mitmachen. Unterhalten Sie sich mit Freunden, Mitsch\u00fclern, Kollegen und Verwandten. Sie m\u00fcssen nicht den Moralapostel spielen, aber das Thema Umwelt geht jeden etwas an. Engagieren Sie sich in Umweltschutzvereinen oder protestieren Sie bei den \u201eFridays for Future\u201c-Demonstrationen. Damit wir gemeinsam die Welt retten k\u00f6nnen. <\/p>\n\n\n\n<p>Im Jahr 2017 produzierte ein Deutscher durchschnittlich neun Tonnen CO2. Wie viel produzieren Sie? Auf der<a aria-label=\" Seite des Umweltbundesamtes (\u00f6ffnet in neuem Tab)\" href=\"http:\/\/www.uba.co2-rechner.de\/de_DE\/\" target=\"_blank\" rel=\"noreferrer noopener\"> Seite des Umweltbundesamtes<\/a> k\u00f6nnen Sie Ihre CO2-Bilanz berechnen.<\/p>\n\n\n\n<div class=\"wp-block-buttons is-content-justification-center is-layout-flex wp-container-core-buttons-is-layout-16018d1d wp-block-buttons-is-layout-flex\">\n<div class=\"wp-block-button has-custom-font-size is-style-fill has-regular-font-size\"><a class=\"wp-block-button__link has-background wp-element-button\" href=\"https:\/\/www.euroakademie.de\/bildungsangebote\/gesundheit-pflege\" style=\"background-color:#95c11f;padding-top:var(--wp--preset--spacing--20);padding-right:var(--wp--preset--spacing--30);padding-bottom:var(--wp--preset--spacing--20);padding-left:var(--wp--preset--spacing--30)\">Nachhaltig f\u00fcr dich und deine Mitmenschen: eine Ausbildung im Bereich Gesundheit &amp; Pflege. Informiere dich hier!<\/a><\/div>\n<\/div>\n\n\n\n<p><\/p>\n","protected":false},"excerpt":{"rendered":"<p>\t\t\t\t<![CDATA[Wir alle k\u00f6nnen f\u00fcr die Zukunft unseres Planeten k\u00e4mpfen. Jeder von uns kann etwas tun, um den Klimawandel noch aufzuhalten. Und das f\u00e4ngt schon im Kleinen an. Im Alltag kann man mit einfachen Methoden das Klima sch\u00fctzen. \ufeff]]>\t\t<\/p>\n","protected":false},"author":76,"featured_media":8542,"comment_status":"closed","ping_status":"closed","sticky":false,"template":"","format":"standard","meta":{"footnotes":""},"categories":[118],"tags":[3223,4630,4633,4636,8527],"class_list":{"0":"post-8535","1":"post","2":"type-post","3":"status-publish","4":"format-standard","5":"has-post-thumbnail","7":"category-im-fokus","8":"tag-fridays-for-future","9":"tag-klima","10":"tag-klimaschutz","11":"tag-klimawandel","12":"tag-umwelt"},"yoast_head":"<!-- This site is optimized with the Yoast SEO plugin v23.5 - https:\/\/yoast.com\/wordpress\/plugins\/seo\/ -->\n<title>Nur noch kurz die Welt retten: Klimaschutz im Alltag<\/title>\n<meta name=\"description\" content=\"Wir alle k\u00f6nnen f\u00fcr die Zukunft unseres Planeten k\u00e4mpfen. Schon mit einfachen Methoden kann man das Klima und die Umwelt sch\u00fctzen.\" \/>\n<meta name=\"robots\" content=\"index, follow, max-snippet:-1, max-image-preview:large, max-video-preview:-1\" \/>\n<link rel=\"canonical\" href=\"https:\/\/www.euroakademie.de\/magazin\/klimaschutz-im-alltag\/\" \/>\n<meta property=\"og:locale\" content=\"de_DE\" \/>\n<meta property=\"og:type\" content=\"article\" \/>\n<meta property=\"og:title\" content=\"Nur noch kurz die Welt retten: Klimaschutz im Alltag\" \/>\n<meta property=\"og:description\" content=\"Wir alle k\u00f6nnen f\u00fcr die Zukunft unseres Planeten k\u00e4mpfen. Schon mit einfachen Methoden kann man das Klima und die Umwelt sch\u00fctzen.\" \/>\n<meta property=\"og:url\" content=\"https:\/\/www.euroakademie.de\/magazin\/klimaschutz-im-alltag\/\" \/>\n<meta property=\"og:site_name\" content=\"Das Euro Akademie Magazin\" \/>\n<meta property=\"article:published_time\" content=\"2019-04-26T06:15:05+00:00\" \/>\n<meta property=\"article:modified_time\" content=\"2024-10-30T10:53:43+00:00\" \/>\n<meta property=\"og:image\" content=\"https:\/\/www.euroakademie.de\/magazin\/wp-content\/uploads\/2019\/04\/klimaschutz-web.png\" \/>\n\t<meta property=\"og:image:width\" content=\"702\" \/>\n\t<meta property=\"og:image:height\" content=\"336\" \/>\n\t<meta property=\"og:image:type\" content=\"image\/png\" \/>\n<meta name=\"author\" content=\"Anna R\u00fcppel\" \/>\n<meta name=\"twitter:card\" content=\"summary_large_image\" \/>\n<meta name=\"twitter:label1\" content=\"Verfasst von\" \/>\n\t<meta name=\"twitter:data1\" content=\"Anna R\u00fcppel\" \/>\n\t<meta name=\"twitter:label2\" content=\"Gesch\u00e4tzte Lesezeit\" \/>\n\t<meta name=\"twitter:data2\" content=\"1\u00a0Minute\" \/>\n<script type=\"application\/ld+json\" class=\"yoast-schema-graph\">{\"@context\":\"https:\/\/schema.org\",\"@graph\":[{\"@type\":\"Article\",\"@id\":\"https:\/\/www.euroakademie.de\/magazin\/klimaschutz-im-alltag\/#article\",\"isPartOf\":{\"@id\":\"https:\/\/www.euroakademie.de\/magazin\/klimaschutz-im-alltag\/\"},\"author\":{\"name\":\"Anna R\u00fcppel\",\"@id\":\"https:\/\/www.euroakademie.de\/magazin\/#\/schema\/person\/60fedb6ea7279f88d9086938e970d05e\"},\"headline\":\"Nur noch kurz die Welt retten: Klimaschutz im Alltag\",\"datePublished\":\"2019-04-26T06:15:05+00:00\",\"dateModified\":\"2024-10-30T10:53:43+00:00\",\"mainEntityOfPage\":{\"@id\":\"https:\/\/www.euroakademie.de\/magazin\/klimaschutz-im-alltag\/\"},\"wordCount\":614,\"publisher\":{\"@id\":\"https:\/\/www.euroakademie.de\/magazin\/#organization\"},\"image\":{\"@id\":\"https:\/\/www.euroakademie.de\/magazin\/klimaschutz-im-alltag\/#primaryimage\"},\"thumbnailUrl\":\"https:\/\/www.euroakademie.de\/magazin\/wp-content\/uploads\/2019\/04\/klimaschutz-web.png\",\"keywords\":[\"Fridays for Future\",\"Klima\",\"Klimaschutz\",\"Klimawandel\",\"Umwelt\"],\"articleSection\":[\"Im Fokus\"],\"inLanguage\":\"de\"},{\"@type\":\"WebPage\",\"@id\":\"https:\/\/www.euroakademie.de\/magazin\/klimaschutz-im-alltag\/\",\"url\":\"https:\/\/www.euroakademie.de\/magazin\/klimaschutz-im-alltag\/\",\"name\":\"Nur noch kurz die Welt retten: Klimaschutz im Alltag\",\"isPartOf\":{\"@id\":\"https:\/\/www.euroakademie.de\/magazin\/#website\"},\"primaryImageOfPage\":{\"@id\":\"https:\/\/www.euroakademie.de\/magazin\/klimaschutz-im-alltag\/#primaryimage\"},\"image\":{\"@id\":\"https:\/\/www.euroakademie.de\/magazin\/klimaschutz-im-alltag\/#primaryimage\"},\"thumbnailUrl\":\"https:\/\/www.euroakademie.de\/magazin\/wp-content\/uploads\/2019\/04\/klimaschutz-web.png\",\"datePublished\":\"2019-04-26T06:15:05+00:00\",\"dateModified\":\"2024-10-30T10:53:43+00:00\",\"description\":\"Wir alle k\u00f6nnen f\u00fcr die Zukunft unseres Planeten k\u00e4mpfen. Schon mit einfachen Methoden kann man das Klima und die Umwelt sch\u00fctzen.\",\"breadcrumb\":{\"@id\":\"https:\/\/www.euroakademie.de\/magazin\/klimaschutz-im-alltag\/#breadcrumb\"},\"inLanguage\":\"de\",\"potentialAction\":[{\"@type\":\"ReadAction\",\"target\":[\"https:\/\/www.euroakademie.de\/magazin\/klimaschutz-im-alltag\/\"]}]},{\"@type\":\"ImageObject\",\"inLanguage\":\"de\",\"@id\":\"https:\/\/www.euroakademie.de\/magazin\/klimaschutz-im-alltag\/#primaryimage\",\"url\":\"https:\/\/www.euroakademie.de\/magazin\/wp-content\/uploads\/2019\/04\/klimaschutz-web.png\",\"contentUrl\":\"https:\/\/www.euroakademie.de\/magazin\/wp-content\/uploads\/2019\/04\/klimaschutz-web.png\",\"width\":702,\"height\":336,\"caption\":\"\"},{\"@type\":\"BreadcrumbList\",\"@id\":\"https:\/\/www.euroakademie.de\/magazin\/klimaschutz-im-alltag\/#breadcrumb\",\"itemListElement\":[{\"@type\":\"ListItem\",\"position\":1,\"name\":\"Startseite\",\"item\":\"https:\/\/www.euroakademie.de\/magazin\/\"},{\"@type\":\"ListItem\",\"position\":2,\"name\":\"Nur noch kurz die Welt retten: Klimaschutz im Alltag\"}]},{\"@type\":\"WebSite\",\"@id\":\"https:\/\/www.euroakademie.de\/magazin\/#website\",\"url\":\"https:\/\/www.euroakademie.de\/magazin\/\",\"name\":\"Das Euro Akademie Magazin\",\"description\":\"Gut informiert durch Ausbildung und Studium\",\"publisher\":{\"@id\":\"https:\/\/www.euroakademie.de\/magazin\/#organization\"},\"potentialAction\":[{\"@type\":\"SearchAction\",\"target\":{\"@type\":\"EntryPoint\",\"urlTemplate\":\"https:\/\/www.euroakademie.de\/magazin\/?s={search_term_string}\"},\"query-input\":{\"@type\":\"PropertyValueSpecification\",\"valueRequired\":true,\"valueName\":\"search_term_string\"}}],\"inLanguage\":\"de\"},{\"@type\":\"Organization\",\"@id\":\"https:\/\/www.euroakademie.de\/magazin\/#organization\",\"name\":\"ESO Education Group\",\"url\":\"https:\/\/www.euroakademie.de\/magazin\/\",\"logo\":{\"@type\":\"ImageObject\",\"inLanguage\":\"de\",\"@id\":\"https:\/\/www.euroakademie.de\/magazin\/#\/schema\/logo\/image\/\",\"url\":\"https:\/\/relaunch.euroakademie.de\/magazin\/wp-content\/uploads\/2024\/11\/Logo_EA_negativ_Rahmen_5cm_300dpi_RGB.jpg\",\"contentUrl\":\"https:\/\/relaunch.euroakademie.de\/magazin\/wp-content\/uploads\/2024\/11\/Logo_EA_negativ_Rahmen_5cm_300dpi_RGB.jpg\",\"width\":591,\"height\":236,\"caption\":\"ESO Education Group\"},\"image\":{\"@id\":\"https:\/\/www.euroakademie.de\/magazin\/#\/schema\/logo\/image\/\"}},{\"@type\":\"Person\",\"@id\":\"https:\/\/www.euroakademie.de\/magazin\/#\/schema\/person\/60fedb6ea7279f88d9086938e970d05e\",\"name\":\"Anna R\u00fcppel\",\"description\":\"Anna R\u00fcppel ist mit 1,78 m die Gr\u00f6\u00dfte, wenn es um Ausbildung und Beruf geht. Als Kind war sie kleiner. Von April 2019 bis November 2022 schrieb sie kleinere und gr\u00f6\u00dfere Artikel f\u00fcr das Euro Akademie Magazin.\",\"url\":\"https:\/\/www.euroakademie.de\/magazin\/author\/rueppela\/\"}]}<\/script>\n<!-- \/ Yoast SEO plugin. -->","yoast_head_json":{"title":"Nur noch kurz die Welt retten: Klimaschutz im Alltag","description":"Wir alle k\u00f6nnen f\u00fcr die Zukunft unseres Planeten k\u00e4mpfen. Schon mit einfachen Methoden kann man das Klima und die Umwelt sch\u00fctzen.","robots":{"index":"index","follow":"follow","max-snippet":"max-snippet:-1","max-image-preview":"max-image-preview:large","max-video-preview":"max-video-preview:-1"},"canonical":"https:\/\/www.euroakademie.de\/magazin\/klimaschutz-im-alltag\/","og_locale":"de_DE","og_type":"article","og_title":"Nur noch kurz die Welt retten: Klimaschutz im Alltag","og_description":"Wir alle k\u00f6nnen f\u00fcr die Zukunft unseres Planeten k\u00e4mpfen. Schon mit einfachen Methoden kann man das Klima und die Umwelt sch\u00fctzen.","og_url":"https:\/\/www.euroakademie.de\/magazin\/klimaschutz-im-alltag\/","og_site_name":"Das Euro Akademie Magazin","article_published_time":"2019-04-26T06:15:05+00:00","article_modified_time":"2024-10-30T10:53:43+00:00","og_image":[{"width":702,"height":336,"url":"https:\/\/www.euroakademie.de\/magazin\/wp-content\/uploads\/2019\/04\/klimaschutz-web.png","type":"image\/png"}],"author":"Anna R\u00fcppel","twitter_card":"summary_large_image","twitter_misc":{"Verfasst von":"Anna R\u00fcppel","Gesch\u00e4tzte Lesezeit":"1\u00a0Minute"},"schema":{"@context":"https:\/\/schema.org","@graph":[{"@type":"Article","@id":"https:\/\/www.euroakademie.de\/magazin\/klimaschutz-im-alltag\/#article","isPartOf":{"@id":"https:\/\/www.euroakademie.de\/magazin\/klimaschutz-im-alltag\/"},"author":{"name":"Anna R\u00fcppel","@id":"https:\/\/www.euroakademie.de\/magazin\/#\/schema\/person\/60fedb6ea7279f88d9086938e970d05e"},"headline":"Nur noch kurz die Welt retten: Klimaschutz im Alltag","datePublished":"2019-04-26T06:15:05+00:00","dateModified":"2024-10-30T10:53:43+00:00","mainEntityOfPage":{"@id":"https:\/\/www.euroakademie.de\/magazin\/klimaschutz-im-alltag\/"},"wordCount":614,"publisher":{"@id":"https:\/\/www.euroakademie.de\/magazin\/#organization"},"image":{"@id":"https:\/\/www.euroakademie.de\/magazin\/klimaschutz-im-alltag\/#primaryimage"},"thumbnailUrl":"https:\/\/www.euroakademie.de\/magazin\/wp-content\/uploads\/2019\/04\/klimaschutz-web.png","keywords":["Fridays for Future","Klima","Klimaschutz","Klimawandel","Umwelt"],"articleSection":["Im Fokus"],"inLanguage":"de"},{"@type":"WebPage","@id":"https:\/\/www.euroakademie.de\/magazin\/klimaschutz-im-alltag\/","url":"https:\/\/www.euroakademie.de\/magazin\/klimaschutz-im-alltag\/","name":"Nur noch kurz die Welt retten: Klimaschutz im Alltag","isPartOf":{"@id":"https:\/\/www.euroakademie.de\/magazin\/#website"},"primaryImageOfPage":{"@id":"https:\/\/www.euroakademie.de\/magazin\/klimaschutz-im-alltag\/#primaryimage"},"image":{"@id":"https:\/\/www.euroakademie.de\/magazin\/klimaschutz-im-alltag\/#primaryimage"},"thumbnailUrl":"https:\/\/www.euroakademie.de\/magazin\/wp-content\/uploads\/2019\/04\/klimaschutz-web.png","datePublished":"2019-04-26T06:15:05+00:00","dateModified":"2024-10-30T10:53:43+00:00","description":"Wir alle k\u00f6nnen f\u00fcr die Zukunft unseres Planeten k\u00e4mpfen. Schon mit einfachen Methoden kann man das Klima und die Umwelt sch\u00fctzen.","breadcrumb":{"@id":"https:\/\/www.euroakademie.de\/magazin\/klimaschutz-im-alltag\/#breadcrumb"},"inLanguage":"de","potentialAction":[{"@type":"ReadAction","target":["https:\/\/www.euroakademie.de\/magazin\/klimaschutz-im-alltag\/"]}]},{"@type":"ImageObject","inLanguage":"de","@id":"https:\/\/www.euroakademie.de\/magazin\/klimaschutz-im-alltag\/#primaryimage","url":"https:\/\/www.euroakademie.de\/magazin\/wp-content\/uploads\/2019\/04\/klimaschutz-web.png","contentUrl":"https:\/\/www.euroakademie.de\/magazin\/wp-content\/uploads\/2019\/04\/klimaschutz-web.png","width":702,"height":336,"caption":""},{"@type":"BreadcrumbList","@id":"https:\/\/www.euroakademie.de\/magazin\/klimaschutz-im-alltag\/#breadcrumb","itemListElement":[{"@type":"ListItem","position":1,"name":"Startseite","item":"https:\/\/www.euroakademie.de\/magazin\/"},{"@type":"ListItem","position":2,"name":"Nur noch kurz die Welt retten: Klimaschutz im Alltag"}]},{"@type":"WebSite","@id":"https:\/\/www.euroakademie.de\/magazin\/#website","url":"https:\/\/www.euroakademie.de\/magazin\/","name":"Das Euro Akademie Magazin","description":"Gut informiert durch Ausbildung und Studium","publisher":{"@id":"https:\/\/www.euroakademie.de\/magazin\/#organization"},"potentialAction":[{"@type":"SearchAction","target":{"@type":"EntryPoint","urlTemplate":"https:\/\/www.euroakademie.de\/magazin\/?s={search_term_string}"},"query-input":{"@type":"PropertyValueSpecification","valueRequired":true,"valueName":"search_term_string"}}],"inLanguage":"de"},{"@type":"Organization","@id":"https:\/\/www.euroakademie.de\/magazin\/#organization","name":"ESO Education Group","url":"https:\/\/www.euroakademie.de\/magazin\/","logo":{"@type":"ImageObject","inLanguage":"de","@id":"https:\/\/www.euroakademie.de\/magazin\/#\/schema\/logo\/image\/","url":"https:\/\/relaunch.euroakademie.de\/magazin\/wp-content\/uploads\/2024\/11\/Logo_EA_negativ_Rahmen_5cm_300dpi_RGB.jpg","contentUrl":"https:\/\/relaunch.euroakademie.de\/magazin\/wp-content\/uploads\/2024\/11\/Logo_EA_negativ_Rahmen_5cm_300dpi_RGB.jpg","width":591,"height":236,"caption":"ESO Education Group"},"image":{"@id":"https:\/\/www.euroakademie.de\/magazin\/#\/schema\/logo\/image\/"}},{"@type":"Person","@id":"https:\/\/www.euroakademie.de\/magazin\/#\/schema\/person\/60fedb6ea7279f88d9086938e970d05e","name":"Anna R\u00fcppel","description":"Anna R\u00fcppel ist mit 1,78 m die Gr\u00f6\u00dfte, wenn es um Ausbildung und Beruf geht. Als Kind war sie kleiner. Von April 2019 bis November 2022 schrieb sie kleinere und gr\u00f6\u00dfere Artikel f\u00fcr das Euro Akademie Magazin.","url":"https:\/\/www.euroakademie.de\/magazin\/author\/rueppela\/"}]}},"_links":{"self":[{"href":"https:\/\/www.euroakademie.de\/magazin\/wp-json\/wp\/v2\/posts\/8535","targetHints":{"allow":["GET"]}}],"collection":[{"href":"https:\/\/www.euroakademie.de\/magazin\/wp-json\/wp\/v2\/posts"}],"about":[{"href":"https:\/\/www.euroakademie.de\/magazin\/wp-json\/wp\/v2\/types\/post"}],"author":[{"embeddable":true,"href":"https:\/\/www.euroakademie.de\/magazin\/wp-json\/wp\/v2\/users\/76"}],"replies":[{"embeddable":true,"href":"https:\/\/www.euroakademie.de\/magazin\/wp-json\/wp\/v2\/comments?post=8535"}],"version-history":[{"count":4,"href":"https:\/\/www.euroakademie.de\/magazin\/wp-json\/wp\/v2\/posts\/8535\/revisions"}],"predecessor-version":[{"id":21336,"href":"https:\/\/www.euroakademie.de\/magazin\/wp-json\/wp\/v2\/posts\/8535\/revisions\/21336"}],"wp:featuredmedia":[{"embeddable":true,"href":"https:\/\/www.euroakademie.de\/magazin\/wp-json\/wp\/v2\/media\/8542"}],"wp:attachment":[{"href":"https:\/\/www.euroakademie.de\/magazin\/wp-json\/wp\/v2\/media?parent=8535"}],"wp:term":[{"taxonomy":"category","embeddable":true,"href":"https:\/\/www.euroakademie.de\/magazin\/wp-json\/wp\/v2\/categories?post=8535"},{"taxonomy":"post_tag","embeddable":true,"href":"https:\/\/www.euroakademie.de\/magazin\/wp-json\/wp\/v2\/tags?post=8535"}],"curies":[{"name":"wp","href":"https:\/\/api.w.org\/{rel}","templated":true}]}}