{"id":8608,"date":"2019-05-06T08:15:41","date_gmt":"2019-05-06T06:15:41","guid":{"rendered":"https:\/\/www.euroakademie.de\/magazin\/?p=8608"},"modified":"2024-11-19T15:33:16","modified_gmt":"2024-11-19T14:33:16","slug":"demenzpraevention-gehirntraining-mit-alexa","status":"publish","type":"post","link":"https:\/\/www.euroakademie.de\/magazin\/demenzpraevention-gehirntraining-mit-alexa\/","title":{"rendered":"Demenzpr\u00e4vention: Gehirntraining mit Alexa"},"content":{"rendered":"\n\t\t\t\t<![CDATA[\n<p><strong>Zur Vorbeugung von Demenz ist Gehirntraining nicht verkehrt. Die Krankenkasse DAK hat dazu ein Skill f\u00fcr Alexa entwickelt. So soll der Kopf jederzeit, problemlos und ohne fremde Hilfe geschult werden k\u00f6nnen.<\/strong><\/p>\n\n\n\n<p>Die Volkskrankheit Demenz schwebt wie ein Damoklesschwert \u00fcber den K\u00f6pfen von Senioren. Ab einem gewissen Alter beginnt man sich Sorgen zu machen, sobald man \u00f6fters mal etwas vergisst. Selbst wenn kein Grund besteht, sofort das Schlimmste zu bef\u00fcrchten, sind diese Gedanken bereits im Kopf ges\u00e4t \u2013 durch Werbung, Nachrichten, Filme und Betroffene im Bekanntenkreis.<\/p>\n\n\n\n<p>Dass tats\u00e4chlich wahnsinnig viele Menschen demenzkrank sind k\u00f6nnen <a rel=\"noreferrer noopener\" label=\"Altenpfleger (\u00f6ffnet in neuem Tab)\" href=\"https:\/\/www.euroakademie.de\/details\/AL____RGG_Q18S_1\/Altenpflegehelferin---staatlich-anerkannt\" target=\"_blank\">Altenpfleger<\/a> und <a href=\"https:\/\/www.euroakademie.de\/de\/ausbildung\/gesundheit-pflege\/altenpflegehelfer.html\" target=\"_blank\" rel=\"noreferrer noopener\" aria-label=\"Altenpflegehelfer (\u00f6ffnet in neuem Tab)\">Altenpflegehelfer<\/a> sicherlich best\u00e4tigen. Zahlreiche Personen m\u00fcssen betreut werden, weil sie alleine daheim vergessen w\u00fcrden, dass der Herd an ist oder das B\u00fcgeleisen noch ausgeschaltet werden muss.<\/p>\n\n\n\n<h2 class=\"wp-block-heading\">Gehirntraining als Pr\u00e4ventivma\u00dfnahme<\/h2>\n\n\n\n<p>Zur Behandlung der Krankheit gibt es viele Strategien und Theorien: Vom t\u00e4glichen <a rel=\"noreferrer noopener\" aria-label=\"Genuss von gr\u00fcnem Tee (\u00f6ffnet in neuem Tab)\" href=\"https:\/\/www.euroakademie.de\/magazin\/gruener-tee-gegen-alzheimer\/\" target=\"_blank\">Genuss von gr\u00fcnem Tee<\/a> \u00fcber Computerspiele und Stoffpuppen bis hin zu regelm\u00e4\u00dfigem <a rel=\"noreferrer noopener\" aria-label=\"Ged\u00e4chtnistraining (\u00f6ffnet in neuem Tab)\" href=\"https:\/\/www.euroakademie.de\/magazin\/gedaechtnistraining-vom-denk-pfad-bis-zur-bildergeschichte\/\" target=\"_blank\">Ged\u00e4chtnistraining<\/a> haben \u00c4rzte und Pfleger alle m\u00f6glichen Tipps auf Lager. Das Gehirn st\u00e4ndig zu fordern und damit auf Trab zu halten, ist sicherlich keine schlechte Idee. Schlie\u00dflich kann man es trainieren, wie einen Muskel, der in Bewegung bleiben muss.<\/p>\n\n\n\n<p>Am besten ist es,  schon vor einer Erkrankung oder wenn diese noch schwach ausgepr\u00e4gt ist, mit dem Gehirntraining beginnen. Das ist sinnvoll zur Pr\u00e4vention, um die Krankheit m\u00f6glichst lange in Schach zu halten. <\/p>\n\n\n\n<h2 class=\"wp-block-heading\">Alexa als Erinnerungs-Coach<\/h2>\n\n\n\n<p>Um den Kopf fit zu halten, helfen oft Betreuer mit Geschichten, \u00dcbungen und kleinen Aufgaben im Alltag. Wenn die <a rel=\"noreferrer noopener\" aria-label=\"Demenz (\u00f6ffnet in neuem Tab)\" href=\"https:\/\/www.euroakademie.de\/magazin\/welt-alzheimertag-2017\/\" target=\"_blank\">Demenz<\/a> aber noch ganz am Anfang steht und eigentlich noch kein zus\u00e4tzliches Personal notwendig ist, sollten auch Trainingseinheiten selbst gestartet und beendet werden. Die DAK hat daher einen Skill f\u00fcr den Sprachassistenten Alexa von Amazon entwickelt. Mit dem Befehl \u201e Alexa, starte Erinnerungs-Coach\u201c geht es los. Drei Arten von \u00dcbungen kann man beim digitalen Hirnsport absolvieren: das DemVervollst\u00e4ndigen von Sprichw\u00f6rtern, das Erraten von M\u00e4rchen und das Erkennen von Ger\u00e4uschen. Mit den Zauberworten \u201eAlexa, beenden\u201c schlie\u00dft sich die Anwendung.<\/p>\n\n\n\n<h2 class=\"wp-block-heading\">Nur zu Beginn hilfreich<\/h2>\n\n\n\n<p>Um Alexa zu bedienen oder den Skill zum Gehirntraining zu verwenden, darf der Benutzer nicht schwer demenzkrank sein. Doch f\u00fcr beginnendes Chaos im Kopf oder einfach als nette \u00dcbung zur Vorbeugung ist der Erinnerungs-Coach gut geeignet. Vor allem k\u00f6nnen Betroffene das Denkorgan ohne fremde Hilfe fordern und schulen. [su_spacer]<\/p>\n]]>\t\t","protected":false},"excerpt":{"rendered":"<p>\t\t\t\t<![CDATA[Zur Vorbeugung von Demenz ist Gehirntraining nicht verkehrt. Die DAK hat dazu ein Skill f\u00fcr Alexa entwickelt. So soll der Kopf jederzeit, problemlos und ohne fremde Hilfe geschult werden k\u00f6nnen.]]>\t\t<\/p>\n","protected":false},"author":37,"featured_media":8612,"comment_status":"closed","ping_status":"closed","sticky":false,"template":"","format":"standard","meta":{"footnotes":""},"categories":[16,118],"tags":[361,430,454,1963,1966,2518,6631,8929],"class_list":{"0":"post-8608","1":"post","2":"type-post","3":"status-publish","4":"format-standard","5":"has-post-thumbnail","7":"category-gesundheit-pflege","8":"category-im-fokus","9":"tag-alexa","10":"tag-altenpfleger","11":"tag-alzheimer","12":"tag-demenz","13":"tag-demenzerkrankung","14":"tag-erinnerungs-coach","15":"tag-praevention","16":"tag-vorbeugung"},"yoast_head":"<!-- This site is optimized with the Yoast SEO plugin v23.5 - https:\/\/yoast.com\/wordpress\/plugins\/seo\/ -->\n<title>Demenzpr\u00e4vention: Gehirntraining mit Alexa \/ Euro Akademie Magazin<\/title>\n<meta name=\"description\" content=\"Zur Vorbeugung von Demenz ist Gehirntraining gut. Die DAK hat ein Skill f\u00fcr Alexa entwickelt. So soll der Kopf jederzeit, ohne fremde Hilfe geschult werden.\" \/>\n<meta name=\"robots\" content=\"index, follow, max-snippet:-1, max-image-preview:large, max-video-preview:-1\" \/>\n<link rel=\"canonical\" href=\"https:\/\/www.euroakademie.de\/magazin\/demenzpraevention-gehirntraining-mit-alexa\/\" \/>\n<meta property=\"og:locale\" content=\"de_DE\" \/>\n<meta property=\"og:type\" content=\"article\" \/>\n<meta property=\"og:title\" content=\"Demenzpr\u00e4vention: Gehirntraining mit Alexa \/ Euro Akademie Magazin\" \/>\n<meta property=\"og:description\" content=\"Zur Vorbeugung von Demenz ist Gehirntraining gut. Die DAK hat ein Skill f\u00fcr Alexa entwickelt. So soll der Kopf jederzeit, ohne fremde Hilfe geschult werden.\" \/>\n<meta property=\"og:url\" content=\"https:\/\/www.euroakademie.de\/magazin\/demenzpraevention-gehirntraining-mit-alexa\/\" \/>\n<meta property=\"og:site_name\" content=\"Das Euro Akademie Magazin\" \/>\n<meta property=\"article:published_time\" content=\"2019-05-06T06:15:41+00:00\" \/>\n<meta property=\"article:modified_time\" content=\"2024-11-19T14:33:16+00:00\" \/>\n<meta property=\"og:image\" content=\"https:\/\/www.euroakademie.de\/magazin\/wp-content\/uploads\/2019\/05\/shutterstock_1019700625_702x336_web.jpg\" \/>\n\t<meta property=\"og:image:width\" content=\"702\" \/>\n\t<meta property=\"og:image:height\" content=\"337\" \/>\n\t<meta property=\"og:image:type\" content=\"image\/jpeg\" \/>\n<meta name=\"author\" content=\"Katharina Boyens\" \/>\n<meta name=\"twitter:card\" content=\"summary_large_image\" \/>\n<meta name=\"twitter:label1\" content=\"Verfasst von\" \/>\n\t<meta name=\"twitter:data1\" content=\"Katharina Boyens\" \/>\n\t<meta name=\"twitter:label2\" content=\"Gesch\u00e4tzte Lesezeit\" \/>\n\t<meta name=\"twitter:data2\" content=\"2\u00a0Minuten\" \/>\n<script type=\"application\/ld+json\" class=\"yoast-schema-graph\">{\"@context\":\"https:\/\/schema.org\",\"@graph\":[{\"@type\":\"Article\",\"@id\":\"https:\/\/www.euroakademie.de\/magazin\/demenzpraevention-gehirntraining-mit-alexa\/#article\",\"isPartOf\":{\"@id\":\"https:\/\/www.euroakademie.de\/magazin\/demenzpraevention-gehirntraining-mit-alexa\/\"},\"author\":{\"name\":\"Katharina Boyens\",\"@id\":\"https:\/\/www.euroakademie.de\/magazin\/#\/schema\/person\/bc82ae73082e3ac93c406d0d76cb0cff\"},\"headline\":\"Demenzpr\u00e4vention: Gehirntraining mit Alexa\",\"datePublished\":\"2019-05-06T06:15:41+00:00\",\"dateModified\":\"2024-11-19T14:33:16+00:00\",\"mainEntityOfPage\":{\"@id\":\"https:\/\/www.euroakademie.de\/magazin\/demenzpraevention-gehirntraining-mit-alexa\/\"},\"wordCount\":409,\"publisher\":{\"@id\":\"https:\/\/www.euroakademie.de\/magazin\/#organization\"},\"image\":{\"@id\":\"https:\/\/www.euroakademie.de\/magazin\/demenzpraevention-gehirntraining-mit-alexa\/#primaryimage\"},\"thumbnailUrl\":\"https:\/\/www.euroakademie.de\/magazin\/wp-content\/uploads\/2019\/05\/shutterstock_1019700625_702x336_web.jpg\",\"keywords\":[\"Alexa\",\"Altenpfleger\",\"Alzheimer\",\"Demenz\",\"Demenzerkrankung\",\"Erinnerungs-Coach\",\"Pr\u00e4vention\",\"Vorbeugung\"],\"articleSection\":[\"Gesundheit &amp; Pflege\",\"Im Fokus\"],\"inLanguage\":\"de\"},{\"@type\":\"WebPage\",\"@id\":\"https:\/\/www.euroakademie.de\/magazin\/demenzpraevention-gehirntraining-mit-alexa\/\",\"url\":\"https:\/\/www.euroakademie.de\/magazin\/demenzpraevention-gehirntraining-mit-alexa\/\",\"name\":\"Demenzpr\u00e4vention: Gehirntraining mit Alexa \/ Euro Akademie Magazin\",\"isPartOf\":{\"@id\":\"https:\/\/www.euroakademie.de\/magazin\/#website\"},\"primaryImageOfPage\":{\"@id\":\"https:\/\/www.euroakademie.de\/magazin\/demenzpraevention-gehirntraining-mit-alexa\/#primaryimage\"},\"image\":{\"@id\":\"https:\/\/www.euroakademie.de\/magazin\/demenzpraevention-gehirntraining-mit-alexa\/#primaryimage\"},\"thumbnailUrl\":\"https:\/\/www.euroakademie.de\/magazin\/wp-content\/uploads\/2019\/05\/shutterstock_1019700625_702x336_web.jpg\",\"datePublished\":\"2019-05-06T06:15:41+00:00\",\"dateModified\":\"2024-11-19T14:33:16+00:00\",\"description\":\"Zur Vorbeugung von Demenz ist Gehirntraining gut. Die DAK hat ein Skill f\u00fcr Alexa entwickelt. So soll der Kopf jederzeit, ohne fremde Hilfe geschult werden.\",\"breadcrumb\":{\"@id\":\"https:\/\/www.euroakademie.de\/magazin\/demenzpraevention-gehirntraining-mit-alexa\/#breadcrumb\"},\"inLanguage\":\"de\",\"potentialAction\":[{\"@type\":\"ReadAction\",\"target\":[\"https:\/\/www.euroakademie.de\/magazin\/demenzpraevention-gehirntraining-mit-alexa\/\"]}]},{\"@type\":\"ImageObject\",\"inLanguage\":\"de\",\"@id\":\"https:\/\/www.euroakademie.de\/magazin\/demenzpraevention-gehirntraining-mit-alexa\/#primaryimage\",\"url\":\"https:\/\/www.euroakademie.de\/magazin\/wp-content\/uploads\/2019\/05\/shutterstock_1019700625_702x336_web.jpg\",\"contentUrl\":\"https:\/\/www.euroakademie.de\/magazin\/wp-content\/uploads\/2019\/05\/shutterstock_1019700625_702x336_web.jpg\",\"width\":702,\"height\":337,\"caption\":\"\"},{\"@type\":\"BreadcrumbList\",\"@id\":\"https:\/\/www.euroakademie.de\/magazin\/demenzpraevention-gehirntraining-mit-alexa\/#breadcrumb\",\"itemListElement\":[{\"@type\":\"ListItem\",\"position\":1,\"name\":\"Startseite\",\"item\":\"https:\/\/www.euroakademie.de\/magazin\/\"},{\"@type\":\"ListItem\",\"position\":2,\"name\":\"Demenzpr\u00e4vention: Gehirntraining mit Alexa\"}]},{\"@type\":\"WebSite\",\"@id\":\"https:\/\/www.euroakademie.de\/magazin\/#website\",\"url\":\"https:\/\/www.euroakademie.de\/magazin\/\",\"name\":\"Das Euro Akademie Magazin\",\"description\":\"Gut informiert durch Ausbildung und Studium\",\"publisher\":{\"@id\":\"https:\/\/www.euroakademie.de\/magazin\/#organization\"},\"potentialAction\":[{\"@type\":\"SearchAction\",\"target\":{\"@type\":\"EntryPoint\",\"urlTemplate\":\"https:\/\/www.euroakademie.de\/magazin\/?s={search_term_string}\"},\"query-input\":{\"@type\":\"PropertyValueSpecification\",\"valueRequired\":true,\"valueName\":\"search_term_string\"}}],\"inLanguage\":\"de\"},{\"@type\":\"Organization\",\"@id\":\"https:\/\/www.euroakademie.de\/magazin\/#organization\",\"name\":\"ESO Education Group\",\"url\":\"https:\/\/www.euroakademie.de\/magazin\/\",\"logo\":{\"@type\":\"ImageObject\",\"inLanguage\":\"de\",\"@id\":\"https:\/\/www.euroakademie.de\/magazin\/#\/schema\/logo\/image\/\",\"url\":\"https:\/\/relaunch.euroakademie.de\/magazin\/wp-content\/uploads\/2024\/11\/Logo_EA_negativ_Rahmen_5cm_300dpi_RGB.jpg\",\"contentUrl\":\"https:\/\/relaunch.euroakademie.de\/magazin\/wp-content\/uploads\/2024\/11\/Logo_EA_negativ_Rahmen_5cm_300dpi_RGB.jpg\",\"width\":591,\"height\":236,\"caption\":\"ESO Education Group\"},\"image\":{\"@id\":\"https:\/\/www.euroakademie.de\/magazin\/#\/schema\/logo\/image\/\"}},{\"@type\":\"Person\",\"@id\":\"https:\/\/www.euroakademie.de\/magazin\/#\/schema\/person\/bc82ae73082e3ac93c406d0d76cb0cff\",\"name\":\"Katharina Boyens\",\"description\":\"Katharina Boyens ist Germanistin und Anglistin mit einem Faible f\u00fcrs Schreiben. Von M\u00e4rz 2016 bis Januar 2021 bereicherte sie das Euro Akademie Magazin mit lesenswerten Beitr\u00e4gen in verschiedenen Rubriken.\",\"url\":\"https:\/\/www.euroakademie.de\/magazin\/author\/pfaffk\/\"}]}<\/script>\n<!-- \/ Yoast SEO plugin. -->","yoast_head_json":{"title":"Demenzpr\u00e4vention: Gehirntraining mit Alexa \/ Euro Akademie Magazin","description":"Zur Vorbeugung von Demenz ist Gehirntraining gut. Die DAK hat ein Skill f\u00fcr Alexa entwickelt. So soll der Kopf jederzeit, ohne fremde Hilfe geschult werden.","robots":{"index":"index","follow":"follow","max-snippet":"max-snippet:-1","max-image-preview":"max-image-preview:large","max-video-preview":"max-video-preview:-1"},"canonical":"https:\/\/www.euroakademie.de\/magazin\/demenzpraevention-gehirntraining-mit-alexa\/","og_locale":"de_DE","og_type":"article","og_title":"Demenzpr\u00e4vention: Gehirntraining mit Alexa \/ Euro Akademie Magazin","og_description":"Zur Vorbeugung von Demenz ist Gehirntraining gut. Die DAK hat ein Skill f\u00fcr Alexa entwickelt. So soll der Kopf jederzeit, ohne fremde Hilfe geschult werden.","og_url":"https:\/\/www.euroakademie.de\/magazin\/demenzpraevention-gehirntraining-mit-alexa\/","og_site_name":"Das Euro Akademie Magazin","article_published_time":"2019-05-06T06:15:41+00:00","article_modified_time":"2024-11-19T14:33:16+00:00","og_image":[{"width":702,"height":337,"url":"https:\/\/www.euroakademie.de\/magazin\/wp-content\/uploads\/2019\/05\/shutterstock_1019700625_702x336_web.jpg","type":"image\/jpeg"}],"author":"Katharina Boyens","twitter_card":"summary_large_image","twitter_misc":{"Verfasst von":"Katharina Boyens","Gesch\u00e4tzte Lesezeit":"2\u00a0Minuten"},"schema":{"@context":"https:\/\/schema.org","@graph":[{"@type":"Article","@id":"https:\/\/www.euroakademie.de\/magazin\/demenzpraevention-gehirntraining-mit-alexa\/#article","isPartOf":{"@id":"https:\/\/www.euroakademie.de\/magazin\/demenzpraevention-gehirntraining-mit-alexa\/"},"author":{"name":"Katharina Boyens","@id":"https:\/\/www.euroakademie.de\/magazin\/#\/schema\/person\/bc82ae73082e3ac93c406d0d76cb0cff"},"headline":"Demenzpr\u00e4vention: Gehirntraining mit Alexa","datePublished":"2019-05-06T06:15:41+00:00","dateModified":"2024-11-19T14:33:16+00:00","mainEntityOfPage":{"@id":"https:\/\/www.euroakademie.de\/magazin\/demenzpraevention-gehirntraining-mit-alexa\/"},"wordCount":409,"publisher":{"@id":"https:\/\/www.euroakademie.de\/magazin\/#organization"},"image":{"@id":"https:\/\/www.euroakademie.de\/magazin\/demenzpraevention-gehirntraining-mit-alexa\/#primaryimage"},"thumbnailUrl":"https:\/\/www.euroakademie.de\/magazin\/wp-content\/uploads\/2019\/05\/shutterstock_1019700625_702x336_web.jpg","keywords":["Alexa","Altenpfleger","Alzheimer","Demenz","Demenzerkrankung","Erinnerungs-Coach","Pr\u00e4vention","Vorbeugung"],"articleSection":["Gesundheit &amp; Pflege","Im Fokus"],"inLanguage":"de"},{"@type":"WebPage","@id":"https:\/\/www.euroakademie.de\/magazin\/demenzpraevention-gehirntraining-mit-alexa\/","url":"https:\/\/www.euroakademie.de\/magazin\/demenzpraevention-gehirntraining-mit-alexa\/","name":"Demenzpr\u00e4vention: Gehirntraining mit Alexa \/ Euro Akademie Magazin","isPartOf":{"@id":"https:\/\/www.euroakademie.de\/magazin\/#website"},"primaryImageOfPage":{"@id":"https:\/\/www.euroakademie.de\/magazin\/demenzpraevention-gehirntraining-mit-alexa\/#primaryimage"},"image":{"@id":"https:\/\/www.euroakademie.de\/magazin\/demenzpraevention-gehirntraining-mit-alexa\/#primaryimage"},"thumbnailUrl":"https:\/\/www.euroakademie.de\/magazin\/wp-content\/uploads\/2019\/05\/shutterstock_1019700625_702x336_web.jpg","datePublished":"2019-05-06T06:15:41+00:00","dateModified":"2024-11-19T14:33:16+00:00","description":"Zur Vorbeugung von Demenz ist Gehirntraining gut. Die DAK hat ein Skill f\u00fcr Alexa entwickelt. So soll der Kopf jederzeit, ohne fremde Hilfe geschult werden.","breadcrumb":{"@id":"https:\/\/www.euroakademie.de\/magazin\/demenzpraevention-gehirntraining-mit-alexa\/#breadcrumb"},"inLanguage":"de","potentialAction":[{"@type":"ReadAction","target":["https:\/\/www.euroakademie.de\/magazin\/demenzpraevention-gehirntraining-mit-alexa\/"]}]},{"@type":"ImageObject","inLanguage":"de","@id":"https:\/\/www.euroakademie.de\/magazin\/demenzpraevention-gehirntraining-mit-alexa\/#primaryimage","url":"https:\/\/www.euroakademie.de\/magazin\/wp-content\/uploads\/2019\/05\/shutterstock_1019700625_702x336_web.jpg","contentUrl":"https:\/\/www.euroakademie.de\/magazin\/wp-content\/uploads\/2019\/05\/shutterstock_1019700625_702x336_web.jpg","width":702,"height":337,"caption":""},{"@type":"BreadcrumbList","@id":"https:\/\/www.euroakademie.de\/magazin\/demenzpraevention-gehirntraining-mit-alexa\/#breadcrumb","itemListElement":[{"@type":"ListItem","position":1,"name":"Startseite","item":"https:\/\/www.euroakademie.de\/magazin\/"},{"@type":"ListItem","position":2,"name":"Demenzpr\u00e4vention: Gehirntraining mit Alexa"}]},{"@type":"WebSite","@id":"https:\/\/www.euroakademie.de\/magazin\/#website","url":"https:\/\/www.euroakademie.de\/magazin\/","name":"Das Euro Akademie Magazin","description":"Gut informiert durch Ausbildung und Studium","publisher":{"@id":"https:\/\/www.euroakademie.de\/magazin\/#organization"},"potentialAction":[{"@type":"SearchAction","target":{"@type":"EntryPoint","urlTemplate":"https:\/\/www.euroakademie.de\/magazin\/?s={search_term_string}"},"query-input":{"@type":"PropertyValueSpecification","valueRequired":true,"valueName":"search_term_string"}}],"inLanguage":"de"},{"@type":"Organization","@id":"https:\/\/www.euroakademie.de\/magazin\/#organization","name":"ESO Education Group","url":"https:\/\/www.euroakademie.de\/magazin\/","logo":{"@type":"ImageObject","inLanguage":"de","@id":"https:\/\/www.euroakademie.de\/magazin\/#\/schema\/logo\/image\/","url":"https:\/\/relaunch.euroakademie.de\/magazin\/wp-content\/uploads\/2024\/11\/Logo_EA_negativ_Rahmen_5cm_300dpi_RGB.jpg","contentUrl":"https:\/\/relaunch.euroakademie.de\/magazin\/wp-content\/uploads\/2024\/11\/Logo_EA_negativ_Rahmen_5cm_300dpi_RGB.jpg","width":591,"height":236,"caption":"ESO Education Group"},"image":{"@id":"https:\/\/www.euroakademie.de\/magazin\/#\/schema\/logo\/image\/"}},{"@type":"Person","@id":"https:\/\/www.euroakademie.de\/magazin\/#\/schema\/person\/bc82ae73082e3ac93c406d0d76cb0cff","name":"Katharina Boyens","description":"Katharina Boyens ist Germanistin und Anglistin mit einem Faible f\u00fcrs Schreiben. Von M\u00e4rz 2016 bis Januar 2021 bereicherte sie das Euro Akademie Magazin mit lesenswerten Beitr\u00e4gen in verschiedenen Rubriken.","url":"https:\/\/www.euroakademie.de\/magazin\/author\/pfaffk\/"}]}},"_links":{"self":[{"href":"https:\/\/www.euroakademie.de\/magazin\/wp-json\/wp\/v2\/posts\/8608","targetHints":{"allow":["GET"]}}],"collection":[{"href":"https:\/\/www.euroakademie.de\/magazin\/wp-json\/wp\/v2\/posts"}],"about":[{"href":"https:\/\/www.euroakademie.de\/magazin\/wp-json\/wp\/v2\/types\/post"}],"author":[{"embeddable":true,"href":"https:\/\/www.euroakademie.de\/magazin\/wp-json\/wp\/v2\/users\/37"}],"replies":[{"embeddable":true,"href":"https:\/\/www.euroakademie.de\/magazin\/wp-json\/wp\/v2\/comments?post=8608"}],"version-history":[{"count":1,"href":"https:\/\/www.euroakademie.de\/magazin\/wp-json\/wp\/v2\/posts\/8608\/revisions"}],"predecessor-version":[{"id":23727,"href":"https:\/\/www.euroakademie.de\/magazin\/wp-json\/wp\/v2\/posts\/8608\/revisions\/23727"}],"wp:featuredmedia":[{"embeddable":true,"href":"https:\/\/www.euroakademie.de\/magazin\/wp-json\/wp\/v2\/media\/8612"}],"wp:attachment":[{"href":"https:\/\/www.euroakademie.de\/magazin\/wp-json\/wp\/v2\/media?parent=8608"}],"wp:term":[{"taxonomy":"category","embeddable":true,"href":"https:\/\/www.euroakademie.de\/magazin\/wp-json\/wp\/v2\/categories?post=8608"},{"taxonomy":"post_tag","embeddable":true,"href":"https:\/\/www.euroakademie.de\/magazin\/wp-json\/wp\/v2\/tags?post=8608"}],"curies":[{"name":"wp","href":"https:\/\/api.w.org\/{rel}","templated":true}]}}