{"id":8747,"date":"2019-05-13T08:16:49","date_gmt":"2019-05-13T06:16:49","guid":{"rendered":"https:\/\/www.euroakademie.de\/magazin\/?p=8747"},"modified":"2024-11-19T12:24:35","modified_gmt":"2024-11-19T11:24:35","slug":"abenteuer-mensch-sozialassistenten-auf-der-reise-zum-eigenen-ich","status":"publish","type":"post","link":"https:\/\/www.euroakademie.de\/magazin\/abenteuer-mensch-sozialassistenten-auf-der-reise-zum-eigenen-ich\/","title":{"rendered":"\u201eAbenteuer Mensch\u201c \u2013 Sozialassistenten auf der Reise zum eigenen Ich"},"content":{"rendered":"\n\t\t\t\t<![CDATA[\n<p><strong>Am 17. April 2019 reisten zwei Klassen mit angehenden Sozialassistenten der Euro Akademie G\u00f6rlitz in die Landeshauptstadt, um das Deutsche Hygienemuseum Dresden zu besuchen. Die Exkursion stand ganz im Fokus des Lernfelds 2 \u201eBeobachtung als Grundlage sozialen Handelns nutzen\u201c. <\/strong><\/p>\n\n\n\n<p>In Vorbereitung auf die anstehenden Pr\u00fcfungen er\u00f6ffnete das Museum die M\u00f6glichkeit einer umfassenden Zusammenfassung der vermittelten Inhalte zu den Sinnessystemen. Nicht zuletzt bot uns das Museum aber auch den Rahmen zur Durchf\u00fchrung von Beobachtungs\u00fcbungen. Wo sonst kann man schlie\u00dflich Menschen in der Interaktion mit so vielen verschiedenen Materialien genau unter die Lupe nehmen?<\/p>\n\n\n\n<h2 class=\"wp-block-heading\">Im Museum sich selbst entdecken<\/h2>\n\n\n\n<p>Die<a rel=\"noreferrer noopener\" aria-label=\" angehenden Sozialassistenten  (\u00f6ffnet in neuem Tab)\" href=\"https:\/\/www.euroakademie.de\/de\/ausbildung\/paedagogik-soziales\/sozialassistent.html?gclid=EAIaIQobChMIx52ZnOiN4gIVh8x3Ch1-gwSZEAAYAyAAEgLMN_D_BwE\" target=\"_blank\"> angehenden Sozialassistenten <\/a>konnten an diesem Tag gleich mehrere Ausstellungen besuchen: die Dauerausstellung \u201eAbenteuer Mensch\u201c, das Kinder-Museum \u201eWelt der Sinne\u201c und die Sonderausstellung \u201eShine on me \u2013 Wir und die Sonne\u201c.<\/p>\n\n\n\n<p>Als erstes ging es f\u00fcr die Sch\u00fcler in die Dauerausstellung &#8222;Abenteuer Mensch&#8220;. Diese steht auch unter dem Motto \u201eStaunen &#8211; Lernen &#8211; Ausprobieren\u201c. Sie ist dem Menschen gewidmet &#8211; ein Thema, das so naheliegend wie anspruchsvoll ist. In sieben Themenr\u00e4ume werden Aspekte des menschlichen Lebens angesprochen, die in unseren Alltagserfahrungen verankert sind. So wurde das Abenteuer Mensch zu einer Erlebnisreise zum eigenen K\u00f6rper und zum eigenen Ich. An den interaktiven Stationen der Ausstellung probierten unsere Sch\u00fcler aus, wie sehr eine Beeintr\u00e4chtigung des Sehens oder H\u00f6rens den Menschen einschr\u00e4nkt und <a rel=\"noreferrer noopener\" aria-label=\"wie es sich anf\u00fchlt, wenn man bereits das 80. Lebensjahr erreicht hat (\u00f6ffnet in neuem Tab)\" href=\"https:\/\/www.euroakademie.de\/magazin\/erlebnis-alter-der-alterssimulationsanzug-asa-im-einsatz\/\" target=\"_blank\">wie es sich anf\u00fchlt, wenn man bereits das 80. Lebensjahr erreicht hat<\/a>.<\/p>\n\n\n\n<h2 class=\"wp-block-heading\">Kann man verkehrt herum h\u00f6ren?<\/h2>\n\n\n\n<p>Im darauffolgenden Kinder-Museum entdeckten unsere Azubis zum Sozialassistenten die f\u00fcnf Sinne und ihre Funktionsweise noch einmal v\u00f6llig neu. Denn neben gro\u00dfen Modellen und kurzen Filmen, in denen ein ungew\u00f6hnlicher Blick ins Innere von Auge, Ohr und Nase, auf die Zunge oder unter die Haut geworfen werden kann, warteten zahlreiche neu entwickelte Experimentierstationen und Spiele auf die Besucher. Die Angebote sind speziell auf Kinder im Alter von 5 bis 12 Jahren zugeschnitten. Sie machten nicht nur Spa\u00df, sondern erzeugten auch jede Menge Aha-Effekte. Kann man verkehrt herum h\u00f6ren? Wie sieht ein Schatten in Farbe aus? <\/p>\n\n\n\n<h2 class=\"wp-block-heading\">Geheimnisvolle Sonne<\/h2>\n\n\n\n<p>In der Sonderausstellung \u201e Shine on me\u201c konnten die Sch\u00fcler mehr \u00fcber die kulturelle Bedeutung der Sonne erfahren. Auch wissenschaftliche Erkenntnisse und ungel\u00f6ste R\u00e4tsel rund um den Stern, um den sich auf Erden alles dreht, waren Thema. Die Ausstellung antwortet dabei auch auf Fragen wie: Wie dachten die alten Kulturen aller Kontinente \u00fcber die Sonne? Was kann die Solarwissenschaft heute gesichert \u00fcber ihre Zusammensetzung sagen? Und welchen Einfluss hat sie auf unsere Gegenwart, unser Wohlbefinden und unser Alltagsleben?<\/p>\n\n\n\n<p>Sicherlich sind die verschiedenen Erkenntnisse, die die Sch\u00fcler im Museum gewonnen haben, eine Bereicherung.  Auch im Hinblick auf die Zeit nach dem Abschluss als staatlich gepr\u00fcfter Sozialassistent, zum Beispiel in der Anschlussausbildung zum <a rel=\"noreferrer noopener\" aria-label=\"Erzieher (\u00f6ffnet in neuem Tab)\" href=\"https:\/\/www.euroakademie.de\/de\/ausbildung\/paedagogik-soziales\/erzieher.html\" target=\"_blank\">Erzieher<\/a>, <a rel=\"noreferrer noopener\" aria-label=\"Heilerziehungspfleger (\u00f6ffnet in neuem Tab)\" href=\"https:\/\/www.euroakademie.de\/de\/ausbildung\/paedagogik-soziales\/heilerziehungspfleger.html\" target=\"_blank\">Heilerziehungspfleger<\/a> oder <a rel=\"noreferrer noopener\" label=\"Altenpfleger (\u00f6ffnet in neuem Tab)\" href=\"https:\/\/www.euroakademie.de\/bildungsangebote\/gesundheit-pflege\" target=\"_blank\">Altenpfleger<\/a>.<\/p>\n\n\n\n<p><em>Text: Katrin Kopp<\/em>[su_spacer]<\/p>\n]]>\t\t","protected":false},"excerpt":{"rendered":"<p>\t\t\t\t<![CDATA[Zwei Klassen der Euro Akademie G\u00f6rlitz reisten in die Landeshauptstadt, um das Deutsche Hygienemuseum Dresden zu besuchen. Und mehr \u00fcber sich selbst zu erfahren.]]>\t\t<\/p>\n","protected":false},"author":16,"featured_media":8749,"comment_status":"closed","ping_status":"closed","sticky":false,"template":"","format":"standard","meta":{"footnotes":""},"categories":[103,19],"tags":[430,958,2185,3895,4045,7594],"class_list":{"0":"post-8747","1":"post","2":"type-post","3":"status-publish","4":"format-standard","5":"has-post-thumbnail","7":"category-goerlitz","8":"category-paedagogik-soziales","9":"tag-altenpfleger","10":"tag-ausstelllung","11":"tag-dresden","12":"tag-heilerziehungspfleger","13":"tag-hygienemuseum","14":"tag-sonne"},"yoast_head":"<!-- This site is optimized with the Yoast SEO plugin v23.5 - https:\/\/yoast.com\/wordpress\/plugins\/seo\/ -->\n<title>Sozialassistenten auf Reise zum eigenen Ich \/ Euro Akademie Magazin<\/title>\n<meta name=\"description\" content=\"Zwei Klassen der angehenden Sozialassistenten der Euro Akademie G\u00f6rlitz reisten in die Landeshauptstadt, um das Deutsche Hygienemuseum Dresden zu besuchen.\" \/>\n<meta name=\"robots\" content=\"index, follow, max-snippet:-1, max-image-preview:large, max-video-preview:-1\" \/>\n<link rel=\"canonical\" href=\"https:\/\/www.euroakademie.de\/magazin\/abenteuer-mensch-sozialassistenten-auf-der-reise-zum-eigenen-ich\/\" \/>\n<meta property=\"og:locale\" content=\"de_DE\" \/>\n<meta property=\"og:type\" content=\"article\" \/>\n<meta property=\"og:title\" content=\"Sozialassistenten auf Reise zum eigenen Ich \/ Euro Akademie Magazin\" \/>\n<meta property=\"og:description\" content=\"Zwei Klassen der angehenden Sozialassistenten der Euro Akademie G\u00f6rlitz reisten in die Landeshauptstadt, um das Deutsche Hygienemuseum Dresden zu besuchen.\" \/>\n<meta property=\"og:url\" content=\"https:\/\/www.euroakademie.de\/magazin\/abenteuer-mensch-sozialassistenten-auf-der-reise-zum-eigenen-ich\/\" \/>\n<meta property=\"og:site_name\" content=\"Das Euro Akademie Magazin\" \/>\n<meta property=\"article:published_time\" content=\"2019-05-13T06:16:49+00:00\" \/>\n<meta property=\"article:modified_time\" content=\"2024-11-19T11:24:35+00:00\" \/>\n<meta property=\"og:image\" content=\"https:\/\/www.euroakademie.de\/magazin\/wp-content\/uploads\/2019\/05\/JPEG-Bild-2019-05-05-14_26_30_702x336_web.jpeg\" \/>\n\t<meta property=\"og:image:width\" content=\"702\" \/>\n\t<meta property=\"og:image:height\" content=\"337\" \/>\n\t<meta property=\"og:image:type\" content=\"image\/jpeg\" \/>\n<meta name=\"author\" content=\"Gastautor\" \/>\n<meta name=\"twitter:card\" content=\"summary_large_image\" \/>\n<meta name=\"twitter:label1\" content=\"Verfasst von\" \/>\n\t<meta name=\"twitter:data1\" content=\"Gastautor\" \/>\n\t<meta name=\"twitter:label2\" content=\"Gesch\u00e4tzte Lesezeit\" \/>\n\t<meta name=\"twitter:data2\" content=\"2\u00a0Minuten\" \/>\n<script type=\"application\/ld+json\" class=\"yoast-schema-graph\">{\"@context\":\"https:\/\/schema.org\",\"@graph\":[{\"@type\":\"Article\",\"@id\":\"https:\/\/www.euroakademie.de\/magazin\/abenteuer-mensch-sozialassistenten-auf-der-reise-zum-eigenen-ich\/#article\",\"isPartOf\":{\"@id\":\"https:\/\/www.euroakademie.de\/magazin\/abenteuer-mensch-sozialassistenten-auf-der-reise-zum-eigenen-ich\/\"},\"author\":{\"name\":\"Gastautor\",\"@id\":\"https:\/\/www.euroakademie.de\/magazin\/#\/schema\/person\/29e379ae109b856cf2109112ce9db2f0\"},\"headline\":\"\u201eAbenteuer Mensch\u201c \u2013 Sozialassistenten auf der Reise zum eigenen Ich\",\"datePublished\":\"2019-05-13T06:16:49+00:00\",\"dateModified\":\"2024-11-19T11:24:35+00:00\",\"mainEntityOfPage\":{\"@id\":\"https:\/\/www.euroakademie.de\/magazin\/abenteuer-mensch-sozialassistenten-auf-der-reise-zum-eigenen-ich\/\"},\"wordCount\":478,\"publisher\":{\"@id\":\"https:\/\/www.euroakademie.de\/magazin\/#organization\"},\"image\":{\"@id\":\"https:\/\/www.euroakademie.de\/magazin\/abenteuer-mensch-sozialassistenten-auf-der-reise-zum-eigenen-ich\/#primaryimage\"},\"thumbnailUrl\":\"https:\/\/www.euroakademie.de\/magazin\/wp-content\/uploads\/2019\/05\/JPEG-Bild-2019-05-05-14_26_30_702x336_web.jpeg\",\"keywords\":[\"Altenpfleger\",\"Ausstelllung\",\"Dresden\",\"Heilerziehungspfleger\",\"Hygienemuseum\",\"Sonne\"],\"articleSection\":[\"G\u00f6rlitz\",\"P\u00e4dagogik &amp; Soziales\"],\"inLanguage\":\"de\"},{\"@type\":\"WebPage\",\"@id\":\"https:\/\/www.euroakademie.de\/magazin\/abenteuer-mensch-sozialassistenten-auf-der-reise-zum-eigenen-ich\/\",\"url\":\"https:\/\/www.euroakademie.de\/magazin\/abenteuer-mensch-sozialassistenten-auf-der-reise-zum-eigenen-ich\/\",\"name\":\"Sozialassistenten auf Reise zum eigenen Ich \/ Euro Akademie Magazin\",\"isPartOf\":{\"@id\":\"https:\/\/www.euroakademie.de\/magazin\/#website\"},\"primaryImageOfPage\":{\"@id\":\"https:\/\/www.euroakademie.de\/magazin\/abenteuer-mensch-sozialassistenten-auf-der-reise-zum-eigenen-ich\/#primaryimage\"},\"image\":{\"@id\":\"https:\/\/www.euroakademie.de\/magazin\/abenteuer-mensch-sozialassistenten-auf-der-reise-zum-eigenen-ich\/#primaryimage\"},\"thumbnailUrl\":\"https:\/\/www.euroakademie.de\/magazin\/wp-content\/uploads\/2019\/05\/JPEG-Bild-2019-05-05-14_26_30_702x336_web.jpeg\",\"datePublished\":\"2019-05-13T06:16:49+00:00\",\"dateModified\":\"2024-11-19T11:24:35+00:00\",\"description\":\"Zwei Klassen der angehenden Sozialassistenten der Euro Akademie G\u00f6rlitz reisten in die Landeshauptstadt, um das Deutsche Hygienemuseum Dresden zu besuchen.\",\"breadcrumb\":{\"@id\":\"https:\/\/www.euroakademie.de\/magazin\/abenteuer-mensch-sozialassistenten-auf-der-reise-zum-eigenen-ich\/#breadcrumb\"},\"inLanguage\":\"de\",\"potentialAction\":[{\"@type\":\"ReadAction\",\"target\":[\"https:\/\/www.euroakademie.de\/magazin\/abenteuer-mensch-sozialassistenten-auf-der-reise-zum-eigenen-ich\/\"]}]},{\"@type\":\"ImageObject\",\"inLanguage\":\"de\",\"@id\":\"https:\/\/www.euroakademie.de\/magazin\/abenteuer-mensch-sozialassistenten-auf-der-reise-zum-eigenen-ich\/#primaryimage\",\"url\":\"https:\/\/www.euroakademie.de\/magazin\/wp-content\/uploads\/2019\/05\/JPEG-Bild-2019-05-05-14_26_30_702x336_web.jpeg\",\"contentUrl\":\"https:\/\/www.euroakademie.de\/magazin\/wp-content\/uploads\/2019\/05\/JPEG-Bild-2019-05-05-14_26_30_702x336_web.jpeg\",\"width\":702,\"height\":337,\"caption\":\"\"},{\"@type\":\"BreadcrumbList\",\"@id\":\"https:\/\/www.euroakademie.de\/magazin\/abenteuer-mensch-sozialassistenten-auf-der-reise-zum-eigenen-ich\/#breadcrumb\",\"itemListElement\":[{\"@type\":\"ListItem\",\"position\":1,\"name\":\"Startseite\",\"item\":\"https:\/\/www.euroakademie.de\/magazin\/\"},{\"@type\":\"ListItem\",\"position\":2,\"name\":\"\u201eAbenteuer Mensch\u201c \u2013 Sozialassistenten auf der Reise zum eigenen Ich\"}]},{\"@type\":\"WebSite\",\"@id\":\"https:\/\/www.euroakademie.de\/magazin\/#website\",\"url\":\"https:\/\/www.euroakademie.de\/magazin\/\",\"name\":\"Das Euro Akademie Magazin\",\"description\":\"Gut informiert durch Ausbildung und Studium\",\"publisher\":{\"@id\":\"https:\/\/www.euroakademie.de\/magazin\/#organization\"},\"potentialAction\":[{\"@type\":\"SearchAction\",\"target\":{\"@type\":\"EntryPoint\",\"urlTemplate\":\"https:\/\/www.euroakademie.de\/magazin\/?s={search_term_string}\"},\"query-input\":{\"@type\":\"PropertyValueSpecification\",\"valueRequired\":true,\"valueName\":\"search_term_string\"}}],\"inLanguage\":\"de\"},{\"@type\":\"Organization\",\"@id\":\"https:\/\/www.euroakademie.de\/magazin\/#organization\",\"name\":\"ESO Education Group\",\"url\":\"https:\/\/www.euroakademie.de\/magazin\/\",\"logo\":{\"@type\":\"ImageObject\",\"inLanguage\":\"de\",\"@id\":\"https:\/\/www.euroakademie.de\/magazin\/#\/schema\/logo\/image\/\",\"url\":\"https:\/\/relaunch.euroakademie.de\/magazin\/wp-content\/uploads\/2024\/11\/Logo_EA_negativ_Rahmen_5cm_300dpi_RGB.jpg\",\"contentUrl\":\"https:\/\/relaunch.euroakademie.de\/magazin\/wp-content\/uploads\/2024\/11\/Logo_EA_negativ_Rahmen_5cm_300dpi_RGB.jpg\",\"width\":591,\"height\":236,\"caption\":\"ESO Education Group\"},\"image\":{\"@id\":\"https:\/\/www.euroakademie.de\/magazin\/#\/schema\/logo\/image\/\"}},{\"@type\":\"Person\",\"@id\":\"https:\/\/www.euroakademie.de\/magazin\/#\/schema\/person\/29e379ae109b856cf2109112ce9db2f0\",\"name\":\"Gastautor\",\"description\":\"P\u00e4dagoge, Bewerbungscoachin, Dozent oder \u00dcbersetzerin \u2013 hier schreibt ein Fachmann oder eine Fachfrau \u00fcber ein Spezialthema. Unsere Gastautor*innen bereichern uns regelm\u00e4\u00dfig mit Expertenwissen und Insider-Infos.\",\"url\":\"https:\/\/www.euroakademie.de\/magazin\/author\/gastautor\/\"}]}<\/script>\n<!-- \/ Yoast SEO plugin. -->","yoast_head_json":{"title":"Sozialassistenten auf Reise zum eigenen Ich \/ Euro Akademie Magazin","description":"Zwei Klassen der angehenden Sozialassistenten der Euro Akademie G\u00f6rlitz reisten in die Landeshauptstadt, um das Deutsche Hygienemuseum Dresden zu besuchen.","robots":{"index":"index","follow":"follow","max-snippet":"max-snippet:-1","max-image-preview":"max-image-preview:large","max-video-preview":"max-video-preview:-1"},"canonical":"https:\/\/www.euroakademie.de\/magazin\/abenteuer-mensch-sozialassistenten-auf-der-reise-zum-eigenen-ich\/","og_locale":"de_DE","og_type":"article","og_title":"Sozialassistenten auf Reise zum eigenen Ich \/ Euro Akademie Magazin","og_description":"Zwei Klassen der angehenden Sozialassistenten der Euro Akademie G\u00f6rlitz reisten in die Landeshauptstadt, um das Deutsche Hygienemuseum Dresden zu besuchen.","og_url":"https:\/\/www.euroakademie.de\/magazin\/abenteuer-mensch-sozialassistenten-auf-der-reise-zum-eigenen-ich\/","og_site_name":"Das Euro Akademie Magazin","article_published_time":"2019-05-13T06:16:49+00:00","article_modified_time":"2024-11-19T11:24:35+00:00","og_image":[{"width":702,"height":337,"url":"https:\/\/www.euroakademie.de\/magazin\/wp-content\/uploads\/2019\/05\/JPEG-Bild-2019-05-05-14_26_30_702x336_web.jpeg","type":"image\/jpeg"}],"author":"Gastautor","twitter_card":"summary_large_image","twitter_misc":{"Verfasst von":"Gastautor","Gesch\u00e4tzte Lesezeit":"2\u00a0Minuten"},"schema":{"@context":"https:\/\/schema.org","@graph":[{"@type":"Article","@id":"https:\/\/www.euroakademie.de\/magazin\/abenteuer-mensch-sozialassistenten-auf-der-reise-zum-eigenen-ich\/#article","isPartOf":{"@id":"https:\/\/www.euroakademie.de\/magazin\/abenteuer-mensch-sozialassistenten-auf-der-reise-zum-eigenen-ich\/"},"author":{"name":"Gastautor","@id":"https:\/\/www.euroakademie.de\/magazin\/#\/schema\/person\/29e379ae109b856cf2109112ce9db2f0"},"headline":"\u201eAbenteuer Mensch\u201c \u2013 Sozialassistenten auf der Reise zum eigenen Ich","datePublished":"2019-05-13T06:16:49+00:00","dateModified":"2024-11-19T11:24:35+00:00","mainEntityOfPage":{"@id":"https:\/\/www.euroakademie.de\/magazin\/abenteuer-mensch-sozialassistenten-auf-der-reise-zum-eigenen-ich\/"},"wordCount":478,"publisher":{"@id":"https:\/\/www.euroakademie.de\/magazin\/#organization"},"image":{"@id":"https:\/\/www.euroakademie.de\/magazin\/abenteuer-mensch-sozialassistenten-auf-der-reise-zum-eigenen-ich\/#primaryimage"},"thumbnailUrl":"https:\/\/www.euroakademie.de\/magazin\/wp-content\/uploads\/2019\/05\/JPEG-Bild-2019-05-05-14_26_30_702x336_web.jpeg","keywords":["Altenpfleger","Ausstelllung","Dresden","Heilerziehungspfleger","Hygienemuseum","Sonne"],"articleSection":["G\u00f6rlitz","P\u00e4dagogik &amp; Soziales"],"inLanguage":"de"},{"@type":"WebPage","@id":"https:\/\/www.euroakademie.de\/magazin\/abenteuer-mensch-sozialassistenten-auf-der-reise-zum-eigenen-ich\/","url":"https:\/\/www.euroakademie.de\/magazin\/abenteuer-mensch-sozialassistenten-auf-der-reise-zum-eigenen-ich\/","name":"Sozialassistenten auf Reise zum eigenen Ich \/ Euro Akademie Magazin","isPartOf":{"@id":"https:\/\/www.euroakademie.de\/magazin\/#website"},"primaryImageOfPage":{"@id":"https:\/\/www.euroakademie.de\/magazin\/abenteuer-mensch-sozialassistenten-auf-der-reise-zum-eigenen-ich\/#primaryimage"},"image":{"@id":"https:\/\/www.euroakademie.de\/magazin\/abenteuer-mensch-sozialassistenten-auf-der-reise-zum-eigenen-ich\/#primaryimage"},"thumbnailUrl":"https:\/\/www.euroakademie.de\/magazin\/wp-content\/uploads\/2019\/05\/JPEG-Bild-2019-05-05-14_26_30_702x336_web.jpeg","datePublished":"2019-05-13T06:16:49+00:00","dateModified":"2024-11-19T11:24:35+00:00","description":"Zwei Klassen der angehenden Sozialassistenten der Euro Akademie G\u00f6rlitz reisten in die Landeshauptstadt, um das Deutsche Hygienemuseum Dresden zu besuchen.","breadcrumb":{"@id":"https:\/\/www.euroakademie.de\/magazin\/abenteuer-mensch-sozialassistenten-auf-der-reise-zum-eigenen-ich\/#breadcrumb"},"inLanguage":"de","potentialAction":[{"@type":"ReadAction","target":["https:\/\/www.euroakademie.de\/magazin\/abenteuer-mensch-sozialassistenten-auf-der-reise-zum-eigenen-ich\/"]}]},{"@type":"ImageObject","inLanguage":"de","@id":"https:\/\/www.euroakademie.de\/magazin\/abenteuer-mensch-sozialassistenten-auf-der-reise-zum-eigenen-ich\/#primaryimage","url":"https:\/\/www.euroakademie.de\/magazin\/wp-content\/uploads\/2019\/05\/JPEG-Bild-2019-05-05-14_26_30_702x336_web.jpeg","contentUrl":"https:\/\/www.euroakademie.de\/magazin\/wp-content\/uploads\/2019\/05\/JPEG-Bild-2019-05-05-14_26_30_702x336_web.jpeg","width":702,"height":337,"caption":""},{"@type":"BreadcrumbList","@id":"https:\/\/www.euroakademie.de\/magazin\/abenteuer-mensch-sozialassistenten-auf-der-reise-zum-eigenen-ich\/#breadcrumb","itemListElement":[{"@type":"ListItem","position":1,"name":"Startseite","item":"https:\/\/www.euroakademie.de\/magazin\/"},{"@type":"ListItem","position":2,"name":"\u201eAbenteuer Mensch\u201c \u2013 Sozialassistenten auf der Reise zum eigenen Ich"}]},{"@type":"WebSite","@id":"https:\/\/www.euroakademie.de\/magazin\/#website","url":"https:\/\/www.euroakademie.de\/magazin\/","name":"Das Euro Akademie Magazin","description":"Gut informiert durch Ausbildung und Studium","publisher":{"@id":"https:\/\/www.euroakademie.de\/magazin\/#organization"},"potentialAction":[{"@type":"SearchAction","target":{"@type":"EntryPoint","urlTemplate":"https:\/\/www.euroakademie.de\/magazin\/?s={search_term_string}"},"query-input":{"@type":"PropertyValueSpecification","valueRequired":true,"valueName":"search_term_string"}}],"inLanguage":"de"},{"@type":"Organization","@id":"https:\/\/www.euroakademie.de\/magazin\/#organization","name":"ESO Education Group","url":"https:\/\/www.euroakademie.de\/magazin\/","logo":{"@type":"ImageObject","inLanguage":"de","@id":"https:\/\/www.euroakademie.de\/magazin\/#\/schema\/logo\/image\/","url":"https:\/\/relaunch.euroakademie.de\/magazin\/wp-content\/uploads\/2024\/11\/Logo_EA_negativ_Rahmen_5cm_300dpi_RGB.jpg","contentUrl":"https:\/\/relaunch.euroakademie.de\/magazin\/wp-content\/uploads\/2024\/11\/Logo_EA_negativ_Rahmen_5cm_300dpi_RGB.jpg","width":591,"height":236,"caption":"ESO Education Group"},"image":{"@id":"https:\/\/www.euroakademie.de\/magazin\/#\/schema\/logo\/image\/"}},{"@type":"Person","@id":"https:\/\/www.euroakademie.de\/magazin\/#\/schema\/person\/29e379ae109b856cf2109112ce9db2f0","name":"Gastautor","description":"P\u00e4dagoge, Bewerbungscoachin, Dozent oder \u00dcbersetzerin \u2013 hier schreibt ein Fachmann oder eine Fachfrau \u00fcber ein Spezialthema. Unsere Gastautor*innen bereichern uns regelm\u00e4\u00dfig mit Expertenwissen und Insider-Infos.","url":"https:\/\/www.euroakademie.de\/magazin\/author\/gastautor\/"}]}},"_links":{"self":[{"href":"https:\/\/www.euroakademie.de\/magazin\/wp-json\/wp\/v2\/posts\/8747","targetHints":{"allow":["GET"]}}],"collection":[{"href":"https:\/\/www.euroakademie.de\/magazin\/wp-json\/wp\/v2\/posts"}],"about":[{"href":"https:\/\/www.euroakademie.de\/magazin\/wp-json\/wp\/v2\/types\/post"}],"author":[{"embeddable":true,"href":"https:\/\/www.euroakademie.de\/magazin\/wp-json\/wp\/v2\/users\/16"}],"replies":[{"embeddable":true,"href":"https:\/\/www.euroakademie.de\/magazin\/wp-json\/wp\/v2\/comments?post=8747"}],"version-history":[{"count":1,"href":"https:\/\/www.euroakademie.de\/magazin\/wp-json\/wp\/v2\/posts\/8747\/revisions"}],"predecessor-version":[{"id":23400,"href":"https:\/\/www.euroakademie.de\/magazin\/wp-json\/wp\/v2\/posts\/8747\/revisions\/23400"}],"wp:featuredmedia":[{"embeddable":true,"href":"https:\/\/www.euroakademie.de\/magazin\/wp-json\/wp\/v2\/media\/8749"}],"wp:attachment":[{"href":"https:\/\/www.euroakademie.de\/magazin\/wp-json\/wp\/v2\/media?parent=8747"}],"wp:term":[{"taxonomy":"category","embeddable":true,"href":"https:\/\/www.euroakademie.de\/magazin\/wp-json\/wp\/v2\/categories?post=8747"},{"taxonomy":"post_tag","embeddable":true,"href":"https:\/\/www.euroakademie.de\/magazin\/wp-json\/wp\/v2\/tags?post=8747"}],"curies":[{"name":"wp","href":"https:\/\/api.w.org\/{rel}","templated":true}]}}