{"id":8930,"date":"2019-05-24T16:31:28","date_gmt":"2019-05-24T14:31:28","guid":{"rendered":"https:\/\/www.euroakademie.de\/magazin\/?p=8930"},"modified":"2024-11-18T15:58:41","modified_gmt":"2024-11-18T14:58:41","slug":"70-jahre-grundgesetz-70-jahre-privatschulfreiheit","status":"publish","type":"post","link":"https:\/\/www.euroakademie.de\/magazin\/70-jahre-grundgesetz-70-jahre-privatschulfreiheit\/","title":{"rendered":"70 Jahre Grundgesetz \u2013 70 Jahre Privatschulfreiheit"},"content":{"rendered":"\n\t\t\t\t<![CDATA[\n<p><strong>Unser Grundgesetz feiert Geburtstag: Am 23. Mai 1949 trat es in Kraft. Und damit wurde auch die Privatschulfreiheit garantiert. In Artikel 7, Absatz 4 ist ein zweigliedriges Schulsystem aus staatlichen Schulen und Privatschulen festgehalten:<\/strong><\/p>\n\n\n\n<p><strong> <\/strong>\u201eDas Recht zur Errichtung von privaten Schulen wird gew\u00e4hrleistet. Private Schulen als Ersatz f\u00fcr \u00f6ffentliche Schulen bed\u00fcrfen der Genehmigung des Staates und unterstehen den Landesgesetzen.&#8220;\u00a0<\/p>\n\n\n\n<p>Der Staat muss die Privatschulen also sch\u00fctzen und f\u00f6rdern. Das ist auch gut so, denn sie erf\u00fcllen, genau wie staatliche Schulen, den \u00f6ffentlichen Bildungsauftrag. Gerade zur NS-Zeit wurde das staatliche Schulmonopol ausgenutzt, um  Kindern und Jugendlichen die Ideologie des Regimes einzuimpfen. Die Privatschulfreiheit verhindert das.  <\/p>\n\n\n\n<p>In Deutschland darf jeder eine Privatschule gr\u00fcnden und sein eigenes p\u00e4dagogisches Konzept umsetzen. Das garantiert eine Vielfalt von Erziehung und Bildung. Au\u00dferdem darf jeder eine Privatschule besuchen. Oft haben sie besondere p\u00e4dagogische Konzepte und individuelle F\u00f6rdermodelle, die speziell auf die Begabung der Sch\u00fcler eingehen. So bereichern sie das Bildungsangebot und passen sich schnell an gesellschaftlichen Wandel, zum Beispiel an die <a rel=\"noreferrer noopener\" aria-label=\"Digitalisierung (\u00f6ffnet in neuem Tab)\" href=\"https:\/\/www.euroakademie.de\/magazin\/was-digitalisierung-mit-uns-macht\/\" target=\"_blank\">Digitalisierung<\/a>, an.<\/p>\n\n\n\n<div class=\"wp-block-image\"><figure class=\"aligncenter\"><img fetchpriority=\"high\" decoding=\"async\" width=\"500\" height=\"436\" src=\"https:\/\/relaunch.euroakademie.de\/magazin\/wp-content\/uploads\/2019\/05\/LOGO_70Jahre_Privatschulfreiheit_final_rgb_EMail.png\" alt=\"\" class=\"wp-image-8935\" srcset=\"https:\/\/www.euroakademie.de\/magazin\/wp-content\/uploads\/2019\/05\/LOGO_70Jahre_Privatschulfreiheit_final_rgb_EMail.png 500w, https:\/\/www.euroakademie.de\/magazin\/wp-content\/uploads\/2019\/05\/LOGO_70Jahre_Privatschulfreiheit_final_rgb_EMail-300x262.png 300w, https:\/\/www.euroakademie.de\/magazin\/wp-content\/uploads\/2019\/05\/LOGO_70Jahre_Privatschulfreiheit_final_rgb_EMail-150x131.png 150w, https:\/\/www.euroakademie.de\/magazin\/wp-content\/uploads\/2019\/05\/LOGO_70Jahre_Privatschulfreiheit_final_rgb_EMail-450x392.png 450w\" sizes=\"(max-width: 500px) 100vw, 500px\" \/><\/figure><\/div>\n\n\n\n<p><em>Mehr \u00fcber die Privatschulfreiheit erfahren Sie unter <\/em><a rel=\"noreferrer noopener\" label=\" (\u00f6ffnet in neuem Tab)\" href=\"http:\/\/privatschulfreiheit.de\/\" target=\"_blank\">www.privatschulfreiheit.de<\/a> \u00a0[su_spacer]<\/p>\n]]>\t\t","protected":false},"excerpt":{"rendered":"<p>\t\t\t\t<![CDATA[Unser Grundgesetz feiert Geburtstag: Am 23. Mai 1949 trat es in Kraft. Es garantiert auch die Privatschulfreiheit: Jeder in Deutschland hat das Recht, eine Privatschule zu gr\u00fcnden und zu besuchen. ]]>\t\t<\/p>\n","protected":false},"author":7,"featured_media":8937,"comment_status":"closed","ping_status":"closed","sticky":false,"template":"","format":"standard","meta":{"footnotes":""},"categories":[118],"tags":[3139,6664,6667],"class_list":{"0":"post-8930","1":"post","2":"type-post","3":"status-publish","4":"format-standard","5":"has-post-thumbnail","7":"category-im-fokus","8":"tag-freiheit","9":"tag-privatschule","10":"tag-privatschulfreiheit"},"yoast_head":"<!-- This site is optimized with the Yoast SEO plugin v23.5 - https:\/\/yoast.com\/wordpress\/plugins\/seo\/ -->\n<title>70 Jahre Grundgesetz \u2013 70 Jahre Privatschulfreiheit<\/title>\n<meta name=\"description\" content=\"Das Grundgesetz wird 70 Jahre alt. Es garantiert die Privatschulfreiheit: Jeder in Deutschland hat das Recht, eine Privatschule zu gr\u00fcnden und zu besuchen.\" \/>\n<meta name=\"robots\" content=\"index, follow, max-snippet:-1, max-image-preview:large, max-video-preview:-1\" \/>\n<link rel=\"canonical\" href=\"https:\/\/www.euroakademie.de\/magazin\/70-jahre-grundgesetz-70-jahre-privatschulfreiheit\/\" \/>\n<meta property=\"og:locale\" content=\"de_DE\" \/>\n<meta property=\"og:type\" content=\"article\" \/>\n<meta property=\"og:title\" content=\"70 Jahre Grundgesetz \u2013 70 Jahre Privatschulfreiheit\" \/>\n<meta property=\"og:description\" content=\"Das Grundgesetz wird 70 Jahre alt. Es garantiert die Privatschulfreiheit: Jeder in Deutschland hat das Recht, eine Privatschule zu gr\u00fcnden und zu besuchen.\" \/>\n<meta property=\"og:url\" content=\"https:\/\/www.euroakademie.de\/magazin\/70-jahre-grundgesetz-70-jahre-privatschulfreiheit\/\" \/>\n<meta property=\"og:site_name\" content=\"Das Euro Akademie Magazin\" \/>\n<meta property=\"article:published_time\" content=\"2019-05-24T14:31:28+00:00\" \/>\n<meta property=\"article:modified_time\" content=\"2024-11-18T14:58:41+00:00\" \/>\n<meta property=\"og:image\" content=\"https:\/\/www.euroakademie.de\/magazin\/wp-content\/uploads\/2019\/05\/privatschule.jpg\" \/>\n\t<meta property=\"og:image:width\" content=\"702\" \/>\n\t<meta property=\"og:image:height\" content=\"336\" \/>\n\t<meta property=\"og:image:type\" content=\"image\/jpeg\" \/>\n<meta name=\"author\" content=\"Redaktion\" \/>\n<meta name=\"twitter:card\" content=\"summary_large_image\" \/>\n<meta name=\"twitter:label1\" content=\"Verfasst von\" \/>\n\t<meta name=\"twitter:data1\" content=\"Redaktion\" \/>\n\t<meta name=\"twitter:label2\" content=\"Gesch\u00e4tzte Lesezeit\" \/>\n\t<meta name=\"twitter:data2\" content=\"1\u00a0Minute\" \/>\n<script type=\"application\/ld+json\" class=\"yoast-schema-graph\">{\"@context\":\"https:\/\/schema.org\",\"@graph\":[{\"@type\":\"Article\",\"@id\":\"https:\/\/www.euroakademie.de\/magazin\/70-jahre-grundgesetz-70-jahre-privatschulfreiheit\/#article\",\"isPartOf\":{\"@id\":\"https:\/\/www.euroakademie.de\/magazin\/70-jahre-grundgesetz-70-jahre-privatschulfreiheit\/\"},\"author\":{\"name\":\"Redaktion\",\"@id\":\"https:\/\/www.euroakademie.de\/magazin\/#\/schema\/person\/6c9b7b6db765ee31640d80c936be3686\"},\"headline\":\"70 Jahre Grundgesetz \u2013 70 Jahre Privatschulfreiheit\",\"datePublished\":\"2019-05-24T14:31:28+00:00\",\"dateModified\":\"2024-11-18T14:58:41+00:00\",\"mainEntityOfPage\":{\"@id\":\"https:\/\/www.euroakademie.de\/magazin\/70-jahre-grundgesetz-70-jahre-privatschulfreiheit\/\"},\"wordCount\":190,\"publisher\":{\"@id\":\"https:\/\/www.euroakademie.de\/magazin\/#organization\"},\"image\":{\"@id\":\"https:\/\/www.euroakademie.de\/magazin\/70-jahre-grundgesetz-70-jahre-privatschulfreiheit\/#primaryimage\"},\"thumbnailUrl\":\"https:\/\/www.euroakademie.de\/magazin\/wp-content\/uploads\/2019\/05\/privatschule.jpg\",\"keywords\":[\"Freiheit\",\"Privatschule\",\"Privatschulfreiheit\"],\"articleSection\":[\"Im Fokus\"],\"inLanguage\":\"de\"},{\"@type\":\"WebPage\",\"@id\":\"https:\/\/www.euroakademie.de\/magazin\/70-jahre-grundgesetz-70-jahre-privatschulfreiheit\/\",\"url\":\"https:\/\/www.euroakademie.de\/magazin\/70-jahre-grundgesetz-70-jahre-privatschulfreiheit\/\",\"name\":\"70 Jahre Grundgesetz \u2013 70 Jahre Privatschulfreiheit\",\"isPartOf\":{\"@id\":\"https:\/\/www.euroakademie.de\/magazin\/#website\"},\"primaryImageOfPage\":{\"@id\":\"https:\/\/www.euroakademie.de\/magazin\/70-jahre-grundgesetz-70-jahre-privatschulfreiheit\/#primaryimage\"},\"image\":{\"@id\":\"https:\/\/www.euroakademie.de\/magazin\/70-jahre-grundgesetz-70-jahre-privatschulfreiheit\/#primaryimage\"},\"thumbnailUrl\":\"https:\/\/www.euroakademie.de\/magazin\/wp-content\/uploads\/2019\/05\/privatschule.jpg\",\"datePublished\":\"2019-05-24T14:31:28+00:00\",\"dateModified\":\"2024-11-18T14:58:41+00:00\",\"description\":\"Das Grundgesetz wird 70 Jahre alt. Es garantiert die Privatschulfreiheit: Jeder in Deutschland hat das Recht, eine Privatschule zu gr\u00fcnden und zu besuchen.\",\"breadcrumb\":{\"@id\":\"https:\/\/www.euroakademie.de\/magazin\/70-jahre-grundgesetz-70-jahre-privatschulfreiheit\/#breadcrumb\"},\"inLanguage\":\"de\",\"potentialAction\":[{\"@type\":\"ReadAction\",\"target\":[\"https:\/\/www.euroakademie.de\/magazin\/70-jahre-grundgesetz-70-jahre-privatschulfreiheit\/\"]}]},{\"@type\":\"ImageObject\",\"inLanguage\":\"de\",\"@id\":\"https:\/\/www.euroakademie.de\/magazin\/70-jahre-grundgesetz-70-jahre-privatschulfreiheit\/#primaryimage\",\"url\":\"https:\/\/www.euroakademie.de\/magazin\/wp-content\/uploads\/2019\/05\/privatschule.jpg\",\"contentUrl\":\"https:\/\/www.euroakademie.de\/magazin\/wp-content\/uploads\/2019\/05\/privatschule.jpg\",\"width\":702,\"height\":336,\"caption\":\"\"},{\"@type\":\"BreadcrumbList\",\"@id\":\"https:\/\/www.euroakademie.de\/magazin\/70-jahre-grundgesetz-70-jahre-privatschulfreiheit\/#breadcrumb\",\"itemListElement\":[{\"@type\":\"ListItem\",\"position\":1,\"name\":\"Startseite\",\"item\":\"https:\/\/www.euroakademie.de\/magazin\/\"},{\"@type\":\"ListItem\",\"position\":2,\"name\":\"70 Jahre Grundgesetz \u2013 70 Jahre Privatschulfreiheit\"}]},{\"@type\":\"WebSite\",\"@id\":\"https:\/\/www.euroakademie.de\/magazin\/#website\",\"url\":\"https:\/\/www.euroakademie.de\/magazin\/\",\"name\":\"Das Euro Akademie Magazin\",\"description\":\"Gut informiert durch Ausbildung und Studium\",\"publisher\":{\"@id\":\"https:\/\/www.euroakademie.de\/magazin\/#organization\"},\"potentialAction\":[{\"@type\":\"SearchAction\",\"target\":{\"@type\":\"EntryPoint\",\"urlTemplate\":\"https:\/\/www.euroakademie.de\/magazin\/?s={search_term_string}\"},\"query-input\":{\"@type\":\"PropertyValueSpecification\",\"valueRequired\":true,\"valueName\":\"search_term_string\"}}],\"inLanguage\":\"de\"},{\"@type\":\"Organization\",\"@id\":\"https:\/\/www.euroakademie.de\/magazin\/#organization\",\"name\":\"ESO Education Group\",\"url\":\"https:\/\/www.euroakademie.de\/magazin\/\",\"logo\":{\"@type\":\"ImageObject\",\"inLanguage\":\"de\",\"@id\":\"https:\/\/www.euroakademie.de\/magazin\/#\/schema\/logo\/image\/\",\"url\":\"https:\/\/relaunch.euroakademie.de\/magazin\/wp-content\/uploads\/2024\/11\/Logo_EA_negativ_Rahmen_5cm_300dpi_RGB.jpg\",\"contentUrl\":\"https:\/\/relaunch.euroakademie.de\/magazin\/wp-content\/uploads\/2024\/11\/Logo_EA_negativ_Rahmen_5cm_300dpi_RGB.jpg\",\"width\":591,\"height\":236,\"caption\":\"ESO Education Group\"},\"image\":{\"@id\":\"https:\/\/www.euroakademie.de\/magazin\/#\/schema\/logo\/image\/\"}},{\"@type\":\"Person\",\"@id\":\"https:\/\/www.euroakademie.de\/magazin\/#\/schema\/person\/6c9b7b6db765ee31640d80c936be3686\",\"name\":\"Redaktion\",\"description\":\"Die Redaktion des Euro Akademie Magazins h\u00e4lt Sie regelm\u00e4\u00dfig mit hintergr\u00fcndigen Artikeln auf dem Laufenden. Auf Basis einer fundierten Recherche und mit Spa\u00df am Schreiben erstellen die Redakteur*innen informative und unterhaltsame Inhalte f\u00fcr Sie.\",\"url\":\"https:\/\/www.euroakademie.de\/magazin\/author\/redaktion\/\"}]}<\/script>\n<!-- \/ Yoast SEO plugin. -->","yoast_head_json":{"title":"70 Jahre Grundgesetz \u2013 70 Jahre Privatschulfreiheit","description":"Das Grundgesetz wird 70 Jahre alt. Es garantiert die Privatschulfreiheit: Jeder in Deutschland hat das Recht, eine Privatschule zu gr\u00fcnden und zu besuchen.","robots":{"index":"index","follow":"follow","max-snippet":"max-snippet:-1","max-image-preview":"max-image-preview:large","max-video-preview":"max-video-preview:-1"},"canonical":"https:\/\/www.euroakademie.de\/magazin\/70-jahre-grundgesetz-70-jahre-privatschulfreiheit\/","og_locale":"de_DE","og_type":"article","og_title":"70 Jahre Grundgesetz \u2013 70 Jahre Privatschulfreiheit","og_description":"Das Grundgesetz wird 70 Jahre alt. Es garantiert die Privatschulfreiheit: Jeder in Deutschland hat das Recht, eine Privatschule zu gr\u00fcnden und zu besuchen.","og_url":"https:\/\/www.euroakademie.de\/magazin\/70-jahre-grundgesetz-70-jahre-privatschulfreiheit\/","og_site_name":"Das Euro Akademie Magazin","article_published_time":"2019-05-24T14:31:28+00:00","article_modified_time":"2024-11-18T14:58:41+00:00","og_image":[{"width":702,"height":336,"url":"https:\/\/www.euroakademie.de\/magazin\/wp-content\/uploads\/2019\/05\/privatschule.jpg","type":"image\/jpeg"}],"author":"Redaktion","twitter_card":"summary_large_image","twitter_misc":{"Verfasst von":"Redaktion","Gesch\u00e4tzte Lesezeit":"1\u00a0Minute"},"schema":{"@context":"https:\/\/schema.org","@graph":[{"@type":"Article","@id":"https:\/\/www.euroakademie.de\/magazin\/70-jahre-grundgesetz-70-jahre-privatschulfreiheit\/#article","isPartOf":{"@id":"https:\/\/www.euroakademie.de\/magazin\/70-jahre-grundgesetz-70-jahre-privatschulfreiheit\/"},"author":{"name":"Redaktion","@id":"https:\/\/www.euroakademie.de\/magazin\/#\/schema\/person\/6c9b7b6db765ee31640d80c936be3686"},"headline":"70 Jahre Grundgesetz \u2013 70 Jahre Privatschulfreiheit","datePublished":"2019-05-24T14:31:28+00:00","dateModified":"2024-11-18T14:58:41+00:00","mainEntityOfPage":{"@id":"https:\/\/www.euroakademie.de\/magazin\/70-jahre-grundgesetz-70-jahre-privatschulfreiheit\/"},"wordCount":190,"publisher":{"@id":"https:\/\/www.euroakademie.de\/magazin\/#organization"},"image":{"@id":"https:\/\/www.euroakademie.de\/magazin\/70-jahre-grundgesetz-70-jahre-privatschulfreiheit\/#primaryimage"},"thumbnailUrl":"https:\/\/www.euroakademie.de\/magazin\/wp-content\/uploads\/2019\/05\/privatschule.jpg","keywords":["Freiheit","Privatschule","Privatschulfreiheit"],"articleSection":["Im Fokus"],"inLanguage":"de"},{"@type":"WebPage","@id":"https:\/\/www.euroakademie.de\/magazin\/70-jahre-grundgesetz-70-jahre-privatschulfreiheit\/","url":"https:\/\/www.euroakademie.de\/magazin\/70-jahre-grundgesetz-70-jahre-privatschulfreiheit\/","name":"70 Jahre Grundgesetz \u2013 70 Jahre Privatschulfreiheit","isPartOf":{"@id":"https:\/\/www.euroakademie.de\/magazin\/#website"},"primaryImageOfPage":{"@id":"https:\/\/www.euroakademie.de\/magazin\/70-jahre-grundgesetz-70-jahre-privatschulfreiheit\/#primaryimage"},"image":{"@id":"https:\/\/www.euroakademie.de\/magazin\/70-jahre-grundgesetz-70-jahre-privatschulfreiheit\/#primaryimage"},"thumbnailUrl":"https:\/\/www.euroakademie.de\/magazin\/wp-content\/uploads\/2019\/05\/privatschule.jpg","datePublished":"2019-05-24T14:31:28+00:00","dateModified":"2024-11-18T14:58:41+00:00","description":"Das Grundgesetz wird 70 Jahre alt. Es garantiert die Privatschulfreiheit: Jeder in Deutschland hat das Recht, eine Privatschule zu gr\u00fcnden und zu besuchen.","breadcrumb":{"@id":"https:\/\/www.euroakademie.de\/magazin\/70-jahre-grundgesetz-70-jahre-privatschulfreiheit\/#breadcrumb"},"inLanguage":"de","potentialAction":[{"@type":"ReadAction","target":["https:\/\/www.euroakademie.de\/magazin\/70-jahre-grundgesetz-70-jahre-privatschulfreiheit\/"]}]},{"@type":"ImageObject","inLanguage":"de","@id":"https:\/\/www.euroakademie.de\/magazin\/70-jahre-grundgesetz-70-jahre-privatschulfreiheit\/#primaryimage","url":"https:\/\/www.euroakademie.de\/magazin\/wp-content\/uploads\/2019\/05\/privatschule.jpg","contentUrl":"https:\/\/www.euroakademie.de\/magazin\/wp-content\/uploads\/2019\/05\/privatschule.jpg","width":702,"height":336,"caption":""},{"@type":"BreadcrumbList","@id":"https:\/\/www.euroakademie.de\/magazin\/70-jahre-grundgesetz-70-jahre-privatschulfreiheit\/#breadcrumb","itemListElement":[{"@type":"ListItem","position":1,"name":"Startseite","item":"https:\/\/www.euroakademie.de\/magazin\/"},{"@type":"ListItem","position":2,"name":"70 Jahre Grundgesetz \u2013 70 Jahre Privatschulfreiheit"}]},{"@type":"WebSite","@id":"https:\/\/www.euroakademie.de\/magazin\/#website","url":"https:\/\/www.euroakademie.de\/magazin\/","name":"Das Euro Akademie Magazin","description":"Gut informiert durch Ausbildung und Studium","publisher":{"@id":"https:\/\/www.euroakademie.de\/magazin\/#organization"},"potentialAction":[{"@type":"SearchAction","target":{"@type":"EntryPoint","urlTemplate":"https:\/\/www.euroakademie.de\/magazin\/?s={search_term_string}"},"query-input":{"@type":"PropertyValueSpecification","valueRequired":true,"valueName":"search_term_string"}}],"inLanguage":"de"},{"@type":"Organization","@id":"https:\/\/www.euroakademie.de\/magazin\/#organization","name":"ESO Education Group","url":"https:\/\/www.euroakademie.de\/magazin\/","logo":{"@type":"ImageObject","inLanguage":"de","@id":"https:\/\/www.euroakademie.de\/magazin\/#\/schema\/logo\/image\/","url":"https:\/\/relaunch.euroakademie.de\/magazin\/wp-content\/uploads\/2024\/11\/Logo_EA_negativ_Rahmen_5cm_300dpi_RGB.jpg","contentUrl":"https:\/\/relaunch.euroakademie.de\/magazin\/wp-content\/uploads\/2024\/11\/Logo_EA_negativ_Rahmen_5cm_300dpi_RGB.jpg","width":591,"height":236,"caption":"ESO Education Group"},"image":{"@id":"https:\/\/www.euroakademie.de\/magazin\/#\/schema\/logo\/image\/"}},{"@type":"Person","@id":"https:\/\/www.euroakademie.de\/magazin\/#\/schema\/person\/6c9b7b6db765ee31640d80c936be3686","name":"Redaktion","description":"Die Redaktion des Euro Akademie Magazins h\u00e4lt Sie regelm\u00e4\u00dfig mit hintergr\u00fcndigen Artikeln auf dem Laufenden. Auf Basis einer fundierten Recherche und mit Spa\u00df am Schreiben erstellen die Redakteur*innen informative und unterhaltsame Inhalte f\u00fcr Sie.","url":"https:\/\/www.euroakademie.de\/magazin\/author\/redaktion\/"}]}},"_links":{"self":[{"href":"https:\/\/www.euroakademie.de\/magazin\/wp-json\/wp\/v2\/posts\/8930","targetHints":{"allow":["GET"]}}],"collection":[{"href":"https:\/\/www.euroakademie.de\/magazin\/wp-json\/wp\/v2\/posts"}],"about":[{"href":"https:\/\/www.euroakademie.de\/magazin\/wp-json\/wp\/v2\/types\/post"}],"author":[{"embeddable":true,"href":"https:\/\/www.euroakademie.de\/magazin\/wp-json\/wp\/v2\/users\/7"}],"replies":[{"embeddable":true,"href":"https:\/\/www.euroakademie.de\/magazin\/wp-json\/wp\/v2\/comments?post=8930"}],"version-history":[{"count":1,"href":"https:\/\/www.euroakademie.de\/magazin\/wp-json\/wp\/v2\/posts\/8930\/revisions"}],"predecessor-version":[{"id":22959,"href":"https:\/\/www.euroakademie.de\/magazin\/wp-json\/wp\/v2\/posts\/8930\/revisions\/22959"}],"wp:featuredmedia":[{"embeddable":true,"href":"https:\/\/www.euroakademie.de\/magazin\/wp-json\/wp\/v2\/media\/8937"}],"wp:attachment":[{"href":"https:\/\/www.euroakademie.de\/magazin\/wp-json\/wp\/v2\/media?parent=8930"}],"wp:term":[{"taxonomy":"category","embeddable":true,"href":"https:\/\/www.euroakademie.de\/magazin\/wp-json\/wp\/v2\/categories?post=8930"},{"taxonomy":"post_tag","embeddable":true,"href":"https:\/\/www.euroakademie.de\/magazin\/wp-json\/wp\/v2\/tags?post=8930"}],"curies":[{"name":"wp","href":"https:\/\/api.w.org\/{rel}","templated":true}]}}